{"id":18897,"date":"2023-10-09T18:39:21","date_gmt":"2023-10-09T18:39:21","guid":{"rendered":"https:\/\/www.africa-press.net\/djibouti\/politique\/ied-ceremonie-douverture-dun-seminaire-sur-lintegration-regionale"},"modified":"2023-10-09T19:03:18","modified_gmt":"2023-10-09T19:03:18","slug":"ied-ceremonie-douverture-dun-seminaire-sur-lintegration-regionale","status":"publish","type":"post","link":"https:\/\/www.africa-press.net\/djibouti\/politique\/ied-ceremonie-douverture-dun-seminaire-sur-lintegration-regionale","title":{"rendered":"IED : C\u00e9r\u00e9monie d\u2019ouverture d\u2019un s\u00e9minaire sur l\u2019int\u00e9gration r\u00e9gionale"},"content":{"rendered":"<p><span style=\"color: #ff6600\"><strong>Africa-Press &#8211; Djibouti. <\/strong><\/span>L\u2019Institut des Etudes Diplomatiques a lance\u0301 hier un se\u0301minaire de cinq jours, en partenariat avec l\u2019Union Europe\u0301enne et sous le haut patronage du ministre des affaires e\u0301trange\u0300res et de la coope\u0301ration internationale, Mahmoud Ali Youssouf.<\/p>\n<p>L\u2019e\u0301ve\u0300nement a regroupe\u0301 sur place le ministre des affaires e\u0301trange\u0300res et de la coope\u0301ration internationale, Mahmoud Ali Youssouf,l\u2019ambassadrice de l\u2019Union europe\u0301enne a\u0300 Djibouti, Sylvie Tabesse, le directeur ge\u0301ne\u0301ral de l\u2019Institut des Etudes Diplomatiques, Mohamed Abdoulkader Moussa, des hauts cadres de diffe\u0301rents de\u0301partements ministe\u0301riels et un parterre d\u2019invite\u0301s.<\/p>\n<p>La formation intitule\u0301e \u00ab Inte\u0301gration re\u0301gionale \u00bb s\u2019inse\u0300re dans le cadre d\u2019un cycle de se\u0301minaires et confe\u0301rences de hauts niveaux a\u0300 l\u2019attention des cadres djiboutiens qui abordent les diffe\u0301rents degre\u0301s d\u2019application de la diplomatie internationale.<\/p>\n<p>Ce se\u0301minaire sera co-anime\u0301 par deux experts d\u2019exception de la the\u0301matique, Dr Marco Ricceri et Dr Abdoulkader Houssein Mohamed.<\/p>\n<p>Ce se\u0301minaire de formation fournira les e\u0301le\u0301ments cognitifs utiles pour comprendre la nouveaute\u0301 et l\u2019ampleur des processus de changement, lequel s\u2019ope\u0300rent dans les e\u0301quilibres multilate\u0301rauxinternationaux, avec l\u2019affirmation de nouvelles coordinations re\u0301gionales, continentales et sous continentales, promues par les Etats et par les principaux acteurs de de\u0301veloppement.<\/p>\n<p>Les principales coordinations formelles et informelles, mises en place et fonctionnant sur le continent africain seront illustre\u0301es, commente\u0301es et e\u0301value\u0301es plus spe\u0301cifiquement, ainsi que leur projection sur d\u2019autres continents tels que l\u2019Ame\u0301rique latine,l\u2019Asie ou l\u2019Europe.<\/p>\n<p>Dans son mot de bienvenue, le directeur ge\u0301ne\u0301ral de l\u2019Institut des Etudes Diplomatiques, Mohamed Abdoulkader Moussa, a exprime\u0301 son souhait de mutualiser les efforts et de proposer re\u0301gulie\u0300rement ce type d\u2019e\u0301ve\u0301nement.<\/p>\n<p>Il a affirme\u0301 que le processus de formation des hauts cadres djiboutiens est un levier important pour doter le pays de cadres ayant de solides savoir-faire et des capacite\u0301s d\u2019analyse e\u0301conomique et politique, lesquels seront susceptibles d\u2019avoir un impact positif re\u0301el sur les ne\u0301gociations futures.<\/p>\n<p>L\u2019IED joue un ro\u0302le pre\u0301ponde\u0301rant dans ces formations, dans la transmission de savoirs pertinents et de qualite\u0301. Je l\u2019encourage donc a\u0300 perse\u0301ve\u0301rer dans ses missions et a\u0300 continuer dans cette voie pour consolider les acquis de nos cadres en leur permettant de participer a\u0300 de tels e\u0301ve\u0301nements en ade\u0301quation avec leur travail quotidien.<\/p>\n<p>L\u2019ambassadrice de l\u2019Union europe\u0301enne a\u0300 Djibouti, Sylvie Tabesse, a indique\u0301 que \u00ab l\u2019Union europe\u0301enne reste l\u2019une des organisations internationales les plus performantes qui a re\u0301ussi a\u0300 inte\u0301grer le continent europe\u0301en dans une mesure jamais vue auparavant. C\u2019est e\u0301galement un excellent exemple de l\u2019importance re\u0301elle du multilate\u0301ralisme et de sa capacite\u0301 a\u0300 apporter de grands changements, non seulement aux niveaux supe\u0301rieurs de l\u2019administration, mais aussi dans la vie quotidienne de chacun. C\u2019est pourquoi je note avec satisfaction que cette formation a comme focus la nouveaute\u0301 et l\u2019ampleur des processus de changement qui s\u2019ope\u0300rent dans les e\u0301quilibres multilate\u0301raux internationaux avec l\u2019affirmation de nouvelles coordinations re\u0301gionales et continentales, promues par les E\u0301tats et par les principaux acteurs du de\u0301veloppement. \u00bb<\/p>\n<p>De son co\u0302te\u0301, le ministre des affaires e\u0301trange\u0300res et de la coope\u0301ration internationale, Mahmoud Ali Youssouf, a souligne\u0301 que \u00ab l\u2019inte\u0301gration re\u0301gionale reste un enjeu prioritaire aussi bien au niveau des pays de l\u2019IGAD qui ont adopte\u0301 un nouveau traite\u0301 en juin 2023 a\u0300 Djibouti que sur le plan continental avec le lancement de la zone de libre-e\u0301change continental Africaine plus connue sous l\u2019acronyme de la ZLECAF\u00bb.<\/p>\n<p>\u00ab Les Etats membre de deux espaces s\u2019efforcent par ailleurs d\u2019harmoniser leur politique national d\u2019inte\u0301gration avec les instruments et les me\u0301canismes pre\u0301cite\u0301s. Au regard des grands de\u0301fis qui secouent la sous-re\u0301gion, le continent et le monde ; guerre et instabilite\u0301, pande\u0301mie et changement climatique, inflation et cho\u0302mage.<\/p>\n<p>Il est crucial de de\u0301velopper des politiques d\u2019adaptation, de re\u0301silience et d\u2019inte\u0301gration car uni, ou plus re\u0301silient, et mieux inte\u0301gre\u0301 le seront nos pays avec une cohe\u0301rence dans les actions et une cohe\u0301sion dans la planification \u00bb.<\/p>\n<p><b>Mohamed Chakib<\/b><\/p>\n\r\n                <style type=\"text\/css\">\r\n                    \r\n                    #td_uid_1_69f355ab00a07  .td-doubleSlider-2 .td-item1 {\r\n                        background: url(https:\/\/static.africa-press.net\/djibouti\/sites\/52\/2023\/10\/sm_1696865468.524862-80x60.jpg) 0 0 no-repeat;\r\n                    }\r\n                    #td_uid_1_69f355ab00a07  .td-doubleSlider-2 .td-item2 {\r\n                        background: url(https:\/\/static.africa-press.net\/djibouti\/sites\/52\/2023\/10\/sm_1696865491.886958-80x60.jpg) 0 0 no-repeat;\r\n                    }\r\n                    #td_uid_1_69f355ab00a07  .td-doubleSlider-2 .td-item3 {\r\n                        background: url(https:\/\/static.africa-press.net\/djibouti\/sites\/52\/2023\/10\/sm_1696865511.137726-80x60.jpg) 0 0 no-repeat;\r\n                    }\r\n                    #td_uid_1_69f355ab00a07  .td-doubleSlider-2 .td-item4 {\r\n                        background: url(https:\/\/static.africa-press.net\/djibouti\/sites\/52\/2023\/10\/sm_1696865530.747967-80x60.jpg) 0 0 no-repeat;\r\n                    }\r\n                <\/style>\r\n\r\n                <div id=\"td_uid_1_69f355ab00a07\" class=\"td-gallery td-slide-on-2-columns\">\r\n                    <div class=\"post_td_gallery\">\r\n                        <div class=\"td-gallery-slide-top\">\r\n                           <div class=\"td-gallery-title\"><\/div>\r\n\r\n                            <div class=\"td-gallery-controls-wrapper\">\r\n                                <div class=\"td-gallery-slide-count\"><span class=\"td-gallery-slide-item-focus\">1<\/span> de 4<\/div>\r\n                                <div class=\"td-gallery-slide-prev-next-but\">\r\n                                    <i class = \"td-icon-left doubleSliderPrevButton\"><\/i>\r\n                                    <i class = \"td-icon-right doubleSliderNextButton\"><\/i>\r\n                                <\/div>\r\n                            <\/div>\r\n                        <\/div>\r\n\r\n                        <div class = \"td-doubleSlider-1 \">\r\n                            <div class = \"td-slider\">\r\n                                \r\n                    <div class = \"td-slide-item td-item1\">\r\n                        <figure class=\"td-slide-galery-figure td-slide-popup-gallery\">\r\n                            <a class=\"slide-gallery-image-link\" href=\"https:\/\/static.africa-press.net\/djibouti\/sites\/52\/2023\/10\/sm_1696865468.524862.jpg\" title=\"sm_1696865468.524862\"  data-caption=\"\"  data-description=\"\">\r\n                                <img decoding=\"async\" src=\"https:\/\/static.africa-press.net\/djibouti\/sites\/52\/2023\/10\/sm_1696865468.524862.jpg\" srcset=\"https:\/\/static.africa-press.net\/djibouti\/sites\/52\/2023\/10\/sm_1696865468.524862.jpg 1024w, https:\/\/static.africa-press.net\/djibouti\/sites\/52\/2023\/10\/sm_1696865468.524862-300x200.jpg 300w, https:\/\/static.africa-press.net\/djibouti\/sites\/52\/2023\/10\/sm_1696865468.524862-768x512.jpg 768w\" sizes=\"(max-width: 1024px) 100vw, 1024px\" alt=\"\">\r\n                            <\/a>\r\n                            \r\n                        <\/figure>\r\n                    <\/div>\r\n                    <div class = \"td-slide-item td-item2\">\r\n                        <figure class=\"td-slide-galery-figure td-slide-popup-gallery\">\r\n                            <a class=\"slide-gallery-image-link\" href=\"https:\/\/static.africa-press.net\/djibouti\/sites\/52\/2023\/10\/sm_1696865491.886958.jpg\" title=\"sm_1696865491.886958\"  data-caption=\"\"  data-description=\"\">\r\n                                <img decoding=\"async\" src=\"https:\/\/static.africa-press.net\/djibouti\/sites\/52\/2023\/10\/sm_1696865491.886958.jpg\" srcset=\"https:\/\/static.africa-press.net\/djibouti\/sites\/52\/2023\/10\/sm_1696865491.886958.jpg 1024w, https:\/\/static.africa-press.net\/djibouti\/sites\/52\/2023\/10\/sm_1696865491.886958-300x200.jpg 300w, https:\/\/static.africa-press.net\/djibouti\/sites\/52\/2023\/10\/sm_1696865491.886958-768x512.jpg 768w\" sizes=\"(max-width: 1024px) 100vw, 1024px\" alt=\"\">\r\n                            <\/a>\r\n                            \r\n                        <\/figure>\r\n                    <\/div>\r\n                    <div class = \"td-slide-item td-item3\">\r\n                        <figure class=\"td-slide-galery-figure td-slide-popup-gallery\">\r\n                            <a class=\"slide-gallery-image-link\" href=\"https:\/\/static.africa-press.net\/djibouti\/sites\/52\/2023\/10\/sm_1696865511.137726.jpg\" title=\"sm_1696865511.137726\"  data-caption=\"\"  data-description=\"\">\r\n                                <img decoding=\"async\" src=\"https:\/\/static.africa-press.net\/djibouti\/sites\/52\/2023\/10\/sm_1696865511.137726.jpg\" srcset=\"https:\/\/static.africa-press.net\/djibouti\/sites\/52\/2023\/10\/sm_1696865511.137726.jpg 1024w, https:\/\/static.africa-press.net\/djibouti\/sites\/52\/2023\/10\/sm_1696865511.137726-300x200.jpg 300w, https:\/\/static.africa-press.net\/djibouti\/sites\/52\/2023\/10\/sm_1696865511.137726-768x512.jpg 768w\" sizes=\"(max-width: 1024px) 100vw, 1024px\" alt=\"\">\r\n                            <\/a>\r\n                            \r\n                        <\/figure>\r\n                    <\/div>\r\n                    <div class = \"td-slide-item td-item4\">\r\n                        <figure class=\"td-slide-galery-figure td-slide-popup-gallery\">\r\n                            <a class=\"slide-gallery-image-link\" href=\"https:\/\/static.africa-press.net\/djibouti\/sites\/52\/2023\/10\/sm_1696865530.747967.jpg\" title=\"sm_1696865530.747967\"  data-caption=\"\"  data-description=\"\">\r\n                                <img decoding=\"async\" src=\"https:\/\/static.africa-press.net\/djibouti\/sites\/52\/2023\/10\/sm_1696865530.747967.jpg\" srcset=\"https:\/\/static.africa-press.net\/djibouti\/sites\/52\/2023\/10\/sm_1696865530.747967.jpg 1024w, https:\/\/static.africa-press.net\/djibouti\/sites\/52\/2023\/10\/sm_1696865530.747967-300x200.jpg 300w, https:\/\/static.africa-press.net\/djibouti\/sites\/52\/2023\/10\/sm_1696865530.747967-768x512.jpg 768w\" sizes=\"(max-width: 1024px) 100vw, 1024px\" alt=\"\">\r\n                            <\/a>\r\n                            \r\n                        <\/figure>\r\n                    <\/div>\r\n                            <\/div>\r\n                        <\/div>\r\n\r\n                        <div class = \"td-doubleSlider-2\">\r\n                            <div class = \"td-slider\">\r\n                                \r\n                    <div class = \"td-button td-item1\">\r\n                        <div class = \"td-border\"><\/div>\r\n                    <\/div>\r\n                    <div class = \"td-button td-item2\">\r\n                        <div class = \"td-border\"><\/div>\r\n                    <\/div>\r\n                    <div class = \"td-button td-item3\">\r\n                        <div class = \"td-border\"><\/div>\r\n                    <\/div>\r\n                    <div class = \"td-button td-item4\">\r\n                        <div class = \"td-border\"><\/div>\r\n                    <\/div>\r\n                            <\/div>\r\n                        <\/div>\r\n\r\n                    <\/div>\r\n\r\n                <\/div>\r\n                \n<p><strong>Pour plus d&rsquo;informations et d&rsquo;analyses sur la <a href=\"https:\/\/www.africa-press.net\/djibouti\">Djibouti<\/a>, suivez <a href=\"https:\/\/www.africa-press.net\/\">Africa-Press<\/a><\/strong><\/p>\n","protected":false},"excerpt":{"rendered":"<p>Africa-Press &#8211; Djibouti. L\u2019Institut des Etudes Diplomatiques a lance\u0301 hier un se\u0301minaire de cinq jours, en partenariat avec l\u2019Union Europe\u0301enne et sous le haut patronage du ministre des affaires e\u0301trange\u0300res et de la coope\u0301ration internationale, Mahmoud Ali Youssouf. L\u2019e\u0301ve\u0300nement a regroupe\u0301 sur place le ministre des affaires e\u0301trange\u0300res et de la coope\u0301ration internationale, Mahmoud Ali [&hellip;]<\/p>\n","protected":false},"author":82,"featured_media":18896,"comment_status":"open","ping_status":"closed","sticky":false,"template":"","format":"standard","meta":{"footnotes":""},"categories":[8,2,10],"tags":[36,49,50],"class_list":["post-18897","post","type-post","status-publish","format-standard","has-post-thumbnail","hentry","category-photo","category-politique","category-toutes-les-actualites","tag-africa-press","tag-africa-press-djibouti","tag-djibouti"],"yoast_head":"<!-- This site is optimized with the Yoast SEO Premium plugin v26.1 (Yoast SEO v27.0) - https:\/\/yoast.com\/product\/yoast-seo-premium-wordpress\/ -->\n<title>IED : C\u00e9r\u00e9monie d\u2019ouverture d\u2019un s\u00e9minaire sur l\u2019int\u00e9gration r\u00e9gionale - Djibouti<\/title>\n<meta name=\"description\" content=\"L\u2019Institut des Etudes Diplomatiques a lance\u0301 hier un se\u0301minaire de cinq jours, en partenariat avec l\u2019Union Europe\u0301enne e ...\" \/>\n<meta name=\"robots\" content=\"index, follow, max-snippet:-1, max-image-preview:large, max-video-preview:-1\" \/>\n<link rel=\"canonical\" href=\"https:\/\/www.africa-press.net\/djibouti\/politique\/ied-ceremonie-douverture-dun-seminaire-sur-lintegration-regionale\" \/>\n<meta property=\"og:locale\" content=\"fr_FR\" \/>\n<meta property=\"og:type\" content=\"article\" \/>\n<meta property=\"og:title\" content=\"IED : C\u00e9r\u00e9monie d\u2019ouverture d\u2019un s\u00e9minaire sur l\u2019int\u00e9gration r\u00e9gionale\" \/>\n<meta property=\"og:description\" content=\"L\u2019Institut des Etudes Diplomatiques a lance\u0301 hier un se\u0301minaire de cinq jours, en partenariat avec l\u2019Union Europe\u0301enne e ...\" \/>\n<meta property=\"og:url\" content=\"https:\/\/www.africa-press.net\/djibouti\/politique\/ied-ceremonie-douverture-dun-seminaire-sur-lintegration-regionale\" \/>\n<meta property=\"og:site_name\" content=\"Djibouti\" \/>\n<meta property=\"article:published_time\" content=\"2023-10-09T18:39:21+00:00\" \/>\n<meta property=\"article:modified_time\" content=\"2023-10-09T19:03:18+00:00\" \/>\n<meta property=\"og:image\" content=\"https:\/\/static.africa-press.net\/djibouti\/sites\/52\/2023\/10\/sm_1696865557.970761.jpg\" \/>\n\t<meta property=\"og:image:width\" content=\"720\" \/>\n\t<meta property=\"og:image:height\" content=\"480\" \/>\n\t<meta property=\"og:image:type\" content=\"image\/jpeg\" \/>\n<meta name=\"author\" content=\"cfeditorfr\" \/>\n<meta name=\"twitter:card\" content=\"summary_large_image\" \/>\n<meta name=\"twitter:label1\" content=\"\u00c9crit par\" \/>\n\t<meta name=\"twitter:data1\" content=\"cfeditorfr\" \/>\n\t<meta name=\"twitter:label2\" content=\"Dur\u00e9e de lecture estim\u00e9e\" \/>\n\t<meta name=\"twitter:data2\" content=\"4 minutes\" \/>\n<script type=\"application\/ld+json\" class=\"yoast-schema-graph\">{\"@context\":\"https:\/\/schema.org\",\"@graph\":[{\"@type\":\"Article\",\"@id\":\"https:\/\/www.africa-press.net\/djibouti\/politique\/ied-ceremonie-douverture-dun-seminaire-sur-lintegration-regionale#article\",\"isPartOf\":{\"@id\":\"https:\/\/www.africa-press.net\/djibouti\/politique\/ied-ceremonie-douverture-dun-seminaire-sur-lintegration-regionale\"},\"author\":{\"name\":\"cfeditorfr\",\"@id\":\"https:\/\/www.africa-press.net\/djibouti\/#\/schema\/person\/2b1cf3cd81a31e3cd26889ca66d677f1\"},\"headline\":\"IED : C\u00e9r\u00e9monie d\u2019ouverture d\u2019un s\u00e9minaire sur l\u2019int\u00e9gration r\u00e9gionale\",\"datePublished\":\"2023-10-09T18:39:21+00:00\",\"dateModified\":\"2023-10-09T19:03:18+00:00\",\"mainEntityOfPage\":{\"@id\":\"https:\/\/www.africa-press.net\/djibouti\/politique\/ied-ceremonie-douverture-dun-seminaire-sur-lintegration-regionale\"},\"wordCount\":790,\"commentCount\":0,\"image\":{\"@id\":\"https:\/\/www.africa-press.net\/djibouti\/politique\/ied-ceremonie-douverture-dun-seminaire-sur-lintegration-regionale#primaryimage\"},\"thumbnailUrl\":\"https:\/\/static.africa-press.net\/djibouti\/sites\/52\/2023\/10\/sm_1696865557.970761.jpg\",\"keywords\":[\"Africa Press\",\"Africa Press-Djibouti\",\"Djibouti\"],\"articleSection\":[\"Photo\",\"Politique\",\"Toutes les actualit\u00e9s\"],\"inLanguage\":\"fr-FR\",\"potentialAction\":[{\"@type\":\"CommentAction\",\"name\":\"Comment\",\"target\":[\"https:\/\/www.africa-press.net\/djibouti\/politique\/ied-ceremonie-douverture-dun-seminaire-sur-lintegration-regionale#respond\"]}]},{\"@type\":\"WebPage\",\"@id\":\"https:\/\/www.africa-press.net\/djibouti\/politique\/ied-ceremonie-douverture-dun-seminaire-sur-lintegration-regionale\",\"url\":\"https:\/\/www.africa-press.net\/djibouti\/politique\/ied-ceremonie-douverture-dun-seminaire-sur-lintegration-regionale\",\"name\":\"IED : C\u00e9r\u00e9monie d\u2019ouverture d\u2019un s\u00e9minaire sur l\u2019int\u00e9gration r\u00e9gionale - Djibouti\",\"isPartOf\":{\"@id\":\"https:\/\/www.africa-press.net\/djibouti\/#website\"},\"primaryImageOfPage\":{\"@id\":\"https:\/\/www.africa-press.net\/djibouti\/politique\/ied-ceremonie-douverture-dun-seminaire-sur-lintegration-regionale#primaryimage\"},\"image\":{\"@id\":\"https:\/\/www.africa-press.net\/djibouti\/politique\/ied-ceremonie-douverture-dun-seminaire-sur-lintegration-regionale#primaryimage\"},\"thumbnailUrl\":\"https:\/\/static.africa-press.net\/djibouti\/sites\/52\/2023\/10\/sm_1696865557.970761.jpg\",\"datePublished\":\"2023-10-09T18:39:21+00:00\",\"dateModified\":\"2023-10-09T19:03:18+00:00\",\"author\":{\"@id\":\"https:\/\/www.africa-press.net\/djibouti\/#\/schema\/person\/2b1cf3cd81a31e3cd26889ca66d677f1\"},\"description\":\"L\u2019Institut des Etudes Diplomatiques a lance\u0301 hier un se\u0301minaire de cinq jours, en partenariat avec l\u2019Union Europe\u0301enne e ...\",\"breadcrumb\":{\"@id\":\"https:\/\/www.africa-press.net\/djibouti\/politique\/ied-ceremonie-douverture-dun-seminaire-sur-lintegration-regionale#breadcrumb\"},\"inLanguage\":\"fr-FR\",\"potentialAction\":[{\"@type\":\"ReadAction\",\"target\":[\"https:\/\/www.africa-press.net\/djibouti\/politique\/ied-ceremonie-douverture-dun-seminaire-sur-lintegration-regionale\"]}]},{\"@type\":\"ImageObject\",\"inLanguage\":\"fr-FR\",\"@id\":\"https:\/\/www.africa-press.net\/djibouti\/politique\/ied-ceremonie-douverture-dun-seminaire-sur-lintegration-regionale#primaryimage\",\"url\":\"https:\/\/static.africa-press.net\/djibouti\/sites\/52\/2023\/10\/sm_1696865557.970761.jpg\",\"contentUrl\":\"https:\/\/static.africa-press.net\/djibouti\/sites\/52\/2023\/10\/sm_1696865557.970761.jpg\",\"width\":720,\"height\":480,\"caption\":\"IED : C\u00e9r\u00e9monie d\u2019ouverture d\u2019un s\u00e9minaire sur l\u2019int\u00e9gration r\u00e9gionale\"},{\"@type\":\"BreadcrumbList\",\"@id\":\"https:\/\/www.africa-press.net\/djibouti\/politique\/ied-ceremonie-douverture-dun-seminaire-sur-lintegration-regionale#breadcrumb\",\"itemListElement\":[{\"@type\":\"ListItem\",\"position\":1,\"name\":\"Accueil\",\"item\":\"https:\/\/www.africa-press.net\/djibouti\/\"},{\"@type\":\"ListItem\",\"position\":2,\"name\":\"IED : C\u00e9r\u00e9monie d\u2019ouverture d\u2019un s\u00e9minaire sur l\u2019int\u00e9gration r\u00e9gionale\"}]},{\"@type\":\"WebSite\",\"@id\":\"https:\/\/www.africa-press.net\/djibouti\/#website\",\"url\":\"https:\/\/www.africa-press.net\/djibouti\/\",\"name\":\"Djibouti\",\"description\":\"Just another Africa News Agency Sites site\",\"potentialAction\":[{\"@type\":\"SearchAction\",\"target\":{\"@type\":\"EntryPoint\",\"urlTemplate\":\"https:\/\/www.africa-press.net\/djibouti\/?s={search_term_string}\"},\"query-input\":{\"@type\":\"PropertyValueSpecification\",\"valueRequired\":true,\"valueName\":\"search_term_string\"}}],\"inLanguage\":\"fr-FR\"},{\"@type\":\"Person\",\"@id\":\"https:\/\/www.africa-press.net\/djibouti\/#\/schema\/person\/2b1cf3cd81a31e3cd26889ca66d677f1\",\"name\":\"cfeditorfr\"}]}<\/script>\n<!-- \/ Yoast SEO Premium plugin. -->","yoast_head_json":{"title":"IED : C\u00e9r\u00e9monie d\u2019ouverture d\u2019un s\u00e9minaire sur l\u2019int\u00e9gration r\u00e9gionale - Djibouti","description":"L\u2019Institut des Etudes Diplomatiques a lance\u0301 hier un se\u0301minaire de cinq jours, en partenariat avec l\u2019Union Europe\u0301enne e ...","robots":{"index":"index","follow":"follow","max-snippet":"max-snippet:-1","max-image-preview":"max-image-preview:large","max-video-preview":"max-video-preview:-1"},"canonical":"https:\/\/www.africa-press.net\/djibouti\/politique\/ied-ceremonie-douverture-dun-seminaire-sur-lintegration-regionale","og_locale":"fr_FR","og_type":"article","og_title":"IED : C\u00e9r\u00e9monie d\u2019ouverture d\u2019un s\u00e9minaire sur l\u2019int\u00e9gration r\u00e9gionale","og_description":"L\u2019Institut des Etudes Diplomatiques a lance\u0301 hier un se\u0301minaire de cinq jours, en partenariat avec l\u2019Union Europe\u0301enne e ...","og_url":"https:\/\/www.africa-press.net\/djibouti\/politique\/ied-ceremonie-douverture-dun-seminaire-sur-lintegration-regionale","og_site_name":"Djibouti","article_published_time":"2023-10-09T18:39:21+00:00","article_modified_time":"2023-10-09T19:03:18+00:00","og_image":[{"width":720,"height":480,"url":"https:\/\/static.africa-press.net\/djibouti\/sites\/52\/2023\/10\/sm_1696865557.970761.jpg","type":"image\/jpeg"}],"author":"cfeditorfr","twitter_card":"summary_large_image","twitter_misc":{"\u00c9crit par":"cfeditorfr","Dur\u00e9e de lecture estim\u00e9e":"4 minutes"},"schema":{"@context":"https:\/\/schema.org","@graph":[{"@type":"Article","@id":"https:\/\/www.africa-press.net\/djibouti\/politique\/ied-ceremonie-douverture-dun-seminaire-sur-lintegration-regionale#article","isPartOf":{"@id":"https:\/\/www.africa-press.net\/djibouti\/politique\/ied-ceremonie-douverture-dun-seminaire-sur-lintegration-regionale"},"author":{"name":"cfeditorfr","@id":"https:\/\/www.africa-press.net\/djibouti\/#\/schema\/person\/2b1cf3cd81a31e3cd26889ca66d677f1"},"headline":"IED : C\u00e9r\u00e9monie d\u2019ouverture d\u2019un s\u00e9minaire sur l\u2019int\u00e9gration r\u00e9gionale","datePublished":"2023-10-09T18:39:21+00:00","dateModified":"2023-10-09T19:03:18+00:00","mainEntityOfPage":{"@id":"https:\/\/www.africa-press.net\/djibouti\/politique\/ied-ceremonie-douverture-dun-seminaire-sur-lintegration-regionale"},"wordCount":790,"commentCount":0,"image":{"@id":"https:\/\/www.africa-press.net\/djibouti\/politique\/ied-ceremonie-douverture-dun-seminaire-sur-lintegration-regionale#primaryimage"},"thumbnailUrl":"https:\/\/static.africa-press.net\/djibouti\/sites\/52\/2023\/10\/sm_1696865557.970761.jpg","keywords":["Africa Press","Africa Press-Djibouti","Djibouti"],"articleSection":["Photo","Politique","Toutes les actualit\u00e9s"],"inLanguage":"fr-FR","potentialAction":[{"@type":"CommentAction","name":"Comment","target":["https:\/\/www.africa-press.net\/djibouti\/politique\/ied-ceremonie-douverture-dun-seminaire-sur-lintegration-regionale#respond"]}]},{"@type":"WebPage","@id":"https:\/\/www.africa-press.net\/djibouti\/politique\/ied-ceremonie-douverture-dun-seminaire-sur-lintegration-regionale","url":"https:\/\/www.africa-press.net\/djibouti\/politique\/ied-ceremonie-douverture-dun-seminaire-sur-lintegration-regionale","name":"IED : C\u00e9r\u00e9monie d\u2019ouverture d\u2019un s\u00e9minaire sur l\u2019int\u00e9gration r\u00e9gionale - Djibouti","isPartOf":{"@id":"https:\/\/www.africa-press.net\/djibouti\/#website"},"primaryImageOfPage":{"@id":"https:\/\/www.africa-press.net\/djibouti\/politique\/ied-ceremonie-douverture-dun-seminaire-sur-lintegration-regionale#primaryimage"},"image":{"@id":"https:\/\/www.africa-press.net\/djibouti\/politique\/ied-ceremonie-douverture-dun-seminaire-sur-lintegration-regionale#primaryimage"},"thumbnailUrl":"https:\/\/static.africa-press.net\/djibouti\/sites\/52\/2023\/10\/sm_1696865557.970761.jpg","datePublished":"2023-10-09T18:39:21+00:00","dateModified":"2023-10-09T19:03:18+00:00","author":{"@id":"https:\/\/www.africa-press.net\/djibouti\/#\/schema\/person\/2b1cf3cd81a31e3cd26889ca66d677f1"},"description":"L\u2019Institut des Etudes Diplomatiques a lance\u0301 hier un se\u0301minaire de cinq jours, en partenariat avec l\u2019Union Europe\u0301enne e ...","breadcrumb":{"@id":"https:\/\/www.africa-press.net\/djibouti\/politique\/ied-ceremonie-douverture-dun-seminaire-sur-lintegration-regionale#breadcrumb"},"inLanguage":"fr-FR","potentialAction":[{"@type":"ReadAction","target":["https:\/\/www.africa-press.net\/djibouti\/politique\/ied-ceremonie-douverture-dun-seminaire-sur-lintegration-regionale"]}]},{"@type":"ImageObject","inLanguage":"fr-FR","@id":"https:\/\/www.africa-press.net\/djibouti\/politique\/ied-ceremonie-douverture-dun-seminaire-sur-lintegration-regionale#primaryimage","url":"https:\/\/static.africa-press.net\/djibouti\/sites\/52\/2023\/10\/sm_1696865557.970761.jpg","contentUrl":"https:\/\/static.africa-press.net\/djibouti\/sites\/52\/2023\/10\/sm_1696865557.970761.jpg","width":720,"height":480,"caption":"IED : C\u00e9r\u00e9monie d\u2019ouverture d\u2019un s\u00e9minaire sur l\u2019int\u00e9gration r\u00e9gionale"},{"@type":"BreadcrumbList","@id":"https:\/\/www.africa-press.net\/djibouti\/politique\/ied-ceremonie-douverture-dun-seminaire-sur-lintegration-regionale#breadcrumb","itemListElement":[{"@type":"ListItem","position":1,"name":"Accueil","item":"https:\/\/www.africa-press.net\/djibouti\/"},{"@type":"ListItem","position":2,"name":"IED : C\u00e9r\u00e9monie d\u2019ouverture d\u2019un s\u00e9minaire sur l\u2019int\u00e9gration r\u00e9gionale"}]},{"@type":"WebSite","@id":"https:\/\/www.africa-press.net\/djibouti\/#website","url":"https:\/\/www.africa-press.net\/djibouti\/","name":"Djibouti","description":"Just another Africa News Agency Sites site","potentialAction":[{"@type":"SearchAction","target":{"@type":"EntryPoint","urlTemplate":"https:\/\/www.africa-press.net\/djibouti\/?s={search_term_string}"},"query-input":{"@type":"PropertyValueSpecification","valueRequired":true,"valueName":"search_term_string"}}],"inLanguage":"fr-FR"},{"@type":"Person","@id":"https:\/\/www.africa-press.net\/djibouti\/#\/schema\/person\/2b1cf3cd81a31e3cd26889ca66d677f1","name":"cfeditorfr"}]}},"_links":{"self":[{"href":"https:\/\/www.africa-press.net\/djibouti\/wp-json\/wp\/v2\/posts\/18897","targetHints":{"allow":["GET"]}}],"collection":[{"href":"https:\/\/www.africa-press.net\/djibouti\/wp-json\/wp\/v2\/posts"}],"about":[{"href":"https:\/\/www.africa-press.net\/djibouti\/wp-json\/wp\/v2\/types\/post"}],"author":[{"embeddable":true,"href":"https:\/\/www.africa-press.net\/djibouti\/wp-json\/wp\/v2\/users\/82"}],"replies":[{"embeddable":true,"href":"https:\/\/www.africa-press.net\/djibouti\/wp-json\/wp\/v2\/comments?post=18897"}],"version-history":[{"count":0,"href":"https:\/\/www.africa-press.net\/djibouti\/wp-json\/wp\/v2\/posts\/18897\/revisions"}],"wp:featuredmedia":[{"embeddable":true,"href":"https:\/\/www.africa-press.net\/djibouti\/wp-json\/wp\/v2\/media\/18896"}],"wp:attachment":[{"href":"https:\/\/www.africa-press.net\/djibouti\/wp-json\/wp\/v2\/media?parent=18897"}],"wp:term":[{"taxonomy":"category","embeddable":true,"href":"https:\/\/www.africa-press.net\/djibouti\/wp-json\/wp\/v2\/categories?post=18897"},{"taxonomy":"post_tag","embeddable":true,"href":"https:\/\/www.africa-press.net\/djibouti\/wp-json\/wp\/v2\/tags?post=18897"}],"curies":[{"name":"wp","href":"https:\/\/api.w.org\/{rel}","templated":true}]}}