{"id":18905,"date":"2023-10-10T05:38:30","date_gmt":"2023-10-10T05:38:30","guid":{"rendered":"https:\/\/www.africa-press.net\/djibouti\/politique\/dans-la-peau-dun-journaliste-africain-par-francois-soudan"},"modified":"2023-10-10T05:57:26","modified_gmt":"2023-10-10T05:57:26","slug":"dans-la-peau-dun-journaliste-africain-par-francois-soudan","status":"publish","type":"post","link":"https:\/\/www.africa-press.net\/djibouti\/dossiers\/dans-la-peau-dun-journaliste-africain-par-francois-soudan","title":{"rendered":"Dans la peau d\u2019un journaliste africain, par Fran\u00e7ois Soudan"},"content":{"rendered":"<p><b> Fran\u00e7ois Soudan<\/b><\/p>\n<p><span style=\"color: #ff6600\"><strong>Africa-Press &#8211; Djibouti. <\/strong><\/span>Comment, en Afrique, les pe\u0301riodes de crise et de tension \u2013 a\u0300 plus forte raison apre\u0300s un putsch \u2013 sont redevenues, trente ans apre\u0300s, synonymes de politiques liberticides a\u0300 l\u2019e\u0301gard des me\u0301dias.<\/p>\n<p>Cet e\u0301ditorial est une synthe\u0300se actualise\u0301e de la confe\u0301rence donne\u0301e par l\u2019auteur en ouverture de l\u2019universite\u0301 d\u2019e\u0301te\u0301 organise\u0301e par Jeune Afrique Media Group (JAMG) et la fondation Odon Vallet a\u0300 Cotonou, le 7 aou\u0302t 2023).<\/p>\n<p><b>E\u0301DITORIAL \u2013 <\/b>Une liberte\u0301 sans expression. Et si c\u2019e\u0301tait a\u0300 cela que se re\u0301sumait, en Afrique francophone, un paysage me\u0301diatique comme frappe\u0301 de bipolarite\u0301 ? Les le\u0301gislations e\u0301voluent, de plus en plus libe\u0301rales, les hautes autorite\u0301s de la communication fleurissent un peu partout, le droit du public a\u0300 l\u2019information est garanti dans les Constitutions, mais pour la quasi-totalite\u0301 des pouvoirs en place, la liberte\u0301 d\u2019expression se limite toujours aux faits et aux ide\u0301es qui leur conviennent, et ils se refusent a\u0300 comprendre que parler de liberte\u0301 n\u2019a de sens qu\u2019a\u0300 condition que ce soit celle de leur dire ce qu\u2019ils n\u2019ont pas envie de lire ou d\u2019entendre.<\/p>\n<p>Tout change pour que rien ne bouge en quelque sorte et, parfois, comme en cette anne\u0301e 2023, pour que tout semble re\u0301gresser, au point que l\u2019on assiste dans certains pays a\u0300 un ve\u0301ritable \u00ab remake \u00bb des anne\u0301es post-inde\u0301pendances, quand le contro\u0302le absolu de l\u2019information e\u0301tait perc\u0327u comme une ne\u0301cessite\u0301 politique nationale.<\/p>\n<p><b>Des fonctionnaires au service de l\u2019E\u0301tat<\/b><\/p>\n<p>Les priorite\u0301s qui animaient les leaders de cette pe\u0301riode e\u0301taient claires : stabilite\u0301, unite\u0301, de\u0301veloppement. Nous sommes a\u0300 l\u2019e\u0301poque des partis uniques, les me\u0301dias sont la proprie\u0301te\u0301 de l\u2019E\u0301tat et le quotidien national, tout comme la radio et la te\u0301le\u0301vision, sont conc\u0327us et rec\u0327us comme la voix du pays et du re\u0301gime avec un objectif unique : mettre en valeur et en perspective l\u2019action de l\u2019E\u0301tat et de son chef, mobiliser les e\u0301nergies vers l\u2019unite\u0301 nationale, combattre les particularismes re\u0301gionaux et communautaires, traquer et de\u0301noncer la moindre de\u0301viance politique.<\/p>\n<p>Soldats du de\u0301veloppement ou promoteurs du militantisme re\u0301volutionnaire suivant le camp \u2013 \u00ab mode\u0301re\u0301 \u00bb ou \u00ab progressiste \u00bb \u2013 dont se re\u0301clame le gouvernement, les journalistes sont alors des fonctionnaires au service de l\u2019E\u0301tat. De Houphoue\u0308t a\u0300 Se\u0301kou Toure\u0301, de Bongo a\u0300 Sankara, d\u2019Ahidjo a\u0300 Ke\u0301re\u0301kou, re\u0301volutionnaires et franc\u0327africains appliquent la me\u0302me re\u0300gle de plomb : toute critique du re\u0301gime est assimile\u0301e a\u0300 un acte de subversion et doit e\u0302tre punie comme tel.<\/p>\n<p>C\u2019est ce mantra, sur fond de propagande et de culte de la personnalite\u0301, qui a domine\u0301 le paysage me\u0301diatique africain jusqu\u2019aux anne\u0301es 1990. Et c\u2019est au retour de ce passe\u0301 que l\u2019on croyait re\u0301volu que l\u2019on assiste, trente ans plus tard, dans toute une partie de l\u2019Afrique francophone \u2013 celle ou\u0300 des re\u0301gimes militaires sont au pouvoir, comme au Mali, au Burkina Faso, en Guine\u0301e ou au Niger.<\/p>\n<p>Quand le colonel Goi\u0308ta exhorte les organisations de la presse malienne a\u0300 \u00ab pre\u0302cher les bonnes paroles pour ne pas de\u0301moraliser les populations et les forces arme\u0301es \u00bb, ou quand le capitaine Traore\u0301 de\u0301clare que, en contexte de guerre, quand on veut parler dans les me\u0301dias, il faut se poser d\u2019abord la question \u00ab est-ce que c\u2019est bien pour la patrie ou est-ce que c\u2019est mal ? \u00bb, l\u2019injonction a\u0300 pratiquer l\u2019autocensure est limpide.<\/p>\n<p>D\u2019autant que ce que les dirigeants de Bamako appellent \u00ab le traitement patriotique de l\u2019information \u00bb \u2013 un traitement de\u0301fini non pas par les journalistes mais par le pouvoir en place en fonction de ses propres inte\u0301re\u0302ts \u2013 s\u2019accompagne syste\u0301matiquement d\u2019intimidations et de menaces a\u0300 l\u2019encontre des re\u0301fractaires. Une re\u0301gression qui n\u2019est d\u2019ailleurs pas le monopole des militaires : au Se\u0301ne\u0301gal, lors des troubles de juin dernier, au Cameroun, avec l\u2019assassinat de Martinez Zogo, en RD Congo, avec l\u2019interpellation et la de\u0301tention de notre correspondant Stanis Bujakera, les pe\u0301riodes de crise et de tension sont de nouveau synonymes de politiques liberticides a\u0300 l\u2019e\u0301gard des journalistes.<\/p>\n<p><b>Sources mutiques<\/b><\/p>\n<p>Le premier de\u0301fi auquel sont confronte\u0301s aujourd\u2019hui les professionnels des me\u0301dias est donc celui de leur propre liberte\u0301. Le droit a\u0300 une information libre est on le sait inscrit sous une forme ou sous une autre dans toutes les Constitutions, mais on sait qu\u2019il est rarement respecte\u0301, tant les coercitions visant les me\u0301dias sont nombreuses, articulant le formel et l\u2019informel. Pressions via la hie\u0301rarchie pour retirer des articles, renvoi de pre\u0301sentateurs te\u0301le\u0301 ou radio dont le ministre de la Communication a demande\u0301 la te\u0302te, suppression de marche\u0301s publicitaires publics, harce\u0300lement fiscal, proce\u0300s, coups de fil menac\u0327ants, confiscation de mate\u0301riel, perquisitions dans les locaux des me\u0301dias, passages a\u0300 tabac pendant les manifestations&#8230;.<\/p>\n<p>Cette panoplie quasi quotidienne d\u2019atteintes aux droits des journalistes fait dire a\u0300 Reporters sans frontie\u0300res (RSF) que l\u2019exercice de leur me\u0301tier peut-e\u0302tre conside\u0301re\u0301 comme dangereux dans au moins 40 % des pays africains. Intitule\u0301 \u00ab Dans la peau d\u2019un journaliste au Sahel \u00bb, le dernier rapport de RSF, paru en juin, montre a\u0300 quel point nos cons\u0153urs et confre\u0300res qui ope\u0300rent dans cette re\u0301gion sont pris entre le marteau des groupes jihadistes et l\u2019enclume des juntes militaires au pouvoir.<\/p>\n<p>Il est impossible de se rendre dans les zones de conflit, impossible d\u2019enque\u0302ter au Mali (tout comme en Centrafrique) sur la milice Wagner et tre\u0300s risque\u0301 de se hasarder a\u0300 mettre au jour les rapports de force au sein des juntes militaires. Les sources se rare\u0301fient ou deviennent mutiques, la pe\u0301nalisation carce\u0301rale des pseudo-\u00ab de\u0301lits de presse \u00bb au nom du moral des troupes et de la nation devient une quasi-re\u0300gle, le temps du journalisme aux ordres est de retour.<\/p>\n<p>Le second de\u0301fi est celui des conditions mate\u0301rielles de travail. La plupart des me\u0301dias en Afrique francophone n\u2019ont pas de mode\u0300les de financement stables, le concept d\u2019entreprise de presse dans un univers ou\u0300 le marche\u0301 publicitaire est restreint n\u2019e\u0301tant pas encore ancre\u0301 dans le paysage e\u0301conomique. Sites d\u2019information compris, le Mali compte pas moins de 700 me\u0301dias, le Se\u0301ne\u0301gal et la Co\u0302te d\u2019Ivoire plus de 500, le Burkina 430, le Niger 350, le Be\u0301nin 220, le Tchad 144. Combien d\u2019entre eux sont-ils financie\u0300rement a\u0300 l\u2019e\u0301quilibre ? Une infime minorite\u0301. On estime qu\u2019environ 20 000 personnes vivent de cet e\u0301cosyste\u0300me me\u0301diatique en Afrique de l\u2019Ouest francophone. Combien d\u2019entre elles sont suffisamment re\u0301mune\u0301re\u0301es pour exercer leur me\u0301tier de fac\u0327on professionnelle et en toute inde\u0301pendance ? Un millier sans doute.<\/p>\n<p>Tre\u0300s rares sont les pays ou\u0300 une convention collective des journalistes existe, et lorsque c\u2019est le cas, comme en Co\u0302te d\u2019Ivoire, on peut compter le nombre de salarie\u0301s re\u0301ellement paye\u0301s selon cette convention. L\u2019objectif doit donc e\u0302tre de favoriser l\u2019e\u0301mergence de groupes multime\u0301dias solides, avec a\u0300 leur te\u0302te des dirigeants soucieux de respecter la cre\u0301dibilite\u0301 et la de\u0301ontologie de leurs employe\u0301s autant que de de\u0301gager des profits. Sans investissements prive\u0301s conse\u0301quents ni accompagnement des pouvoirs publics, il sera difficile a\u0300 atteindre.<\/p>\n<p><b>Le de\u0301fi de l\u2019image<\/b><\/p>\n<p>Liberte\u0301 d\u2019expression, inde\u0301pendance financie\u0300re, les deux e\u0301tant e\u0301troitement lie\u0301es : c\u2019est a\u0300 ce prix que les journalistes africains rele\u0300veront le troisie\u0300me de\u0301fi, celui de leur propre image. Avec le de\u0301veloppement des nouvelles technologies, sur le continent comme ailleurs, la re\u0301putation du journaliste s\u2019est de\u0301grade\u0301e parce que la qualite\u0301 de l\u2019information s\u2019est de\u0301grade\u0301e. La rumeur et les fake news ont envahi le quotidien des re\u0301dactions, et bien souvent les me\u0301dias traditionnels sont incapables de suivre le rythme de l\u2019information en ligne et d\u2019en identifier les sources.<\/p>\n<p>De\u0301sormais prive\u0301 du monopole de la \u00ab nouvelle \u00bb brute, le journaliste se doit d\u2019occuper la fonction qui est la sienne et que ses lecteurs et auditeurs ont de\u0301sespe\u0301re\u0301ment besoin qu\u2019il remplisse : celle de l\u2019expertise et de la pertinence, garantes de la fiabilite\u0301 de l\u2019information, a\u0300 distance prophylactique de la tentation de toujours courir apre\u0300s l\u2019audience au de\u0301triment de la qualite\u0301. Certes, l\u2019e\u0301quilibre, la mesure, la ve\u0301rification, la recherche et le respect de points de vue contradictoires, tout cela ne\u0301cessite du temps et de l\u2019argent. Or l\u2019obsession du buzz fait que l\u2019on se soumet a\u0300 la dictature de l\u2019imme\u0301diatete\u0301, et l\u2019argent est ce qui manque le plus.<\/p>\n<p>Sauf a\u0300 en e\u0302tre re\u0301duit, pour survivre, a\u0300 cette alternative impossible entre le griot servile et le de\u0301tracteur ste\u0301rile, le chien de compagnie et le chien d\u2019attaque, les journalistes africains n\u2019ont pourtant pas d\u2019autre choix que d\u2019emprunter la voie e\u0301troite et seme\u0301e d\u2019embu\u0302ches de l\u2019inde\u0301pendance. Quand des re\u0301gions entie\u0300res, comme le Sahel ou les Grands Lacs, tendent a\u0300 devenir des zones de non-information, ce choix est a\u0300 haut risque. Celles et ceux qui l\u2019assument me\u0301ritent notre soutien et notre respect.<\/p>\n<p><b>Source: JeuneAfrique<\/b><\/p>\n<p><strong>Pour plus d&rsquo;informations et d&rsquo;analyses sur la <a href=\"https:\/\/www.africa-press.net\/djibouti\">Djibouti<\/a>, suivez <a href=\"https:\/\/www.africa-press.net\/\">Africa-Press<\/a><\/strong><\/p>\n","protected":false},"excerpt":{"rendered":"<p>Fran\u00e7ois Soudan Africa-Press &#8211; Djibouti. Comment, en Afrique, les pe\u0301riodes de crise et de tension \u2013 a\u0300 plus forte raison apre\u0300s un putsch \u2013 sont redevenues, trente ans apre\u0300s, synonymes de politiques liberticides a\u0300 l\u2019e\u0301gard des me\u0301dias. Cet e\u0301ditorial est une synthe\u0300se actualise\u0301e de la confe\u0301rence donne\u0301e par l\u2019auteur en ouverture de l\u2019universite\u0301 d\u2019e\u0301te\u0301 organise\u0301e [&hellip;]<\/p>\n","protected":false},"author":82,"featured_media":18904,"comment_status":"open","ping_status":"closed","sticky":false,"template":"","format":"standard","meta":{"footnotes":""},"categories":[7,10],"tags":[36,49,50],"class_list":["post-18905","post","type-post","status-publish","format-standard","has-post-thumbnail","hentry","category-dossiers","category-toutes-les-actualites","tag-africa-press","tag-africa-press-djibouti","tag-djibouti"],"yoast_head":"<!-- This site is optimized with the Yoast SEO Premium plugin v26.1 (Yoast SEO v27.0) - https:\/\/yoast.com\/product\/yoast-seo-premium-wordpress\/ -->\n<title>Dans la peau d\u2019un journaliste africain, par Fran\u00e7ois Soudan - Djibouti<\/title>\n<meta name=\"description\" content=\"Comment, en Afrique, les pe\u0301riodes de crise et de tension \u2013 a\u0300 plus forte raison apre\u0300s un putsch \u2013 sont redevenues, tre ...\" \/>\n<meta name=\"robots\" content=\"index, follow, max-snippet:-1, max-image-preview:large, max-video-preview:-1\" \/>\n<link rel=\"canonical\" href=\"https:\/\/www.africa-press.net\/djibouti\/dossiers\/dans-la-peau-dun-journaliste-africain-par-francois-soudan\" \/>\n<meta property=\"og:locale\" content=\"fr_FR\" \/>\n<meta property=\"og:type\" content=\"article\" \/>\n<meta property=\"og:title\" content=\"Dans la peau d\u2019un journaliste africain, par Fran\u00e7ois Soudan\" \/>\n<meta property=\"og:description\" content=\"Comment, en Afrique, les pe\u0301riodes de crise et de tension \u2013 a\u0300 plus forte raison apre\u0300s un putsch \u2013 sont redevenues, tre ...\" \/>\n<meta property=\"og:url\" content=\"https:\/\/www.africa-press.net\/djibouti\/dossiers\/dans-la-peau-dun-journaliste-africain-par-francois-soudan\" \/>\n<meta property=\"og:site_name\" content=\"Djibouti\" \/>\n<meta property=\"article:published_time\" content=\"2023-10-10T05:38:30+00:00\" \/>\n<meta property=\"article:modified_time\" content=\"2023-10-10T05:57:26+00:00\" \/>\n<meta property=\"og:image\" content=\"https:\/\/static.africa-press.net\/djibouti\/sites\/52\/2023\/10\/sm_1696904657.385843.jpg\" \/>\n\t<meta property=\"og:image:width\" content=\"1256\" \/>\n\t<meta property=\"og:image:height\" content=\"628\" \/>\n\t<meta property=\"og:image:type\" content=\"image\/jpeg\" \/>\n<meta name=\"author\" content=\"cfeditorfr\" \/>\n<meta name=\"twitter:card\" content=\"summary_large_image\" \/>\n<meta name=\"twitter:label1\" content=\"\u00c9crit par\" \/>\n\t<meta name=\"twitter:data1\" content=\"cfeditorfr\" \/>\n\t<meta name=\"twitter:label2\" content=\"Dur\u00e9e de lecture estim\u00e9e\" \/>\n\t<meta name=\"twitter:data2\" content=\"8 minutes\" \/>\n<script type=\"application\/ld+json\" class=\"yoast-schema-graph\">{\"@context\":\"https:\/\/schema.org\",\"@graph\":[{\"@type\":\"Article\",\"@id\":\"https:\/\/www.africa-press.net\/djibouti\/dossiers\/dans-la-peau-dun-journaliste-africain-par-francois-soudan#article\",\"isPartOf\":{\"@id\":\"https:\/\/www.africa-press.net\/djibouti\/dossiers\/dans-la-peau-dun-journaliste-africain-par-francois-soudan\"},\"author\":{\"name\":\"cfeditorfr\",\"@id\":\"https:\/\/www.africa-press.net\/djibouti\/#\/schema\/person\/2b1cf3cd81a31e3cd26889ca66d677f1\"},\"headline\":\"Dans la peau d\u2019un journaliste africain, par Fran\u00e7ois Soudan\",\"datePublished\":\"2023-10-10T05:38:30+00:00\",\"dateModified\":\"2023-10-10T05:57:26+00:00\",\"mainEntityOfPage\":{\"@id\":\"https:\/\/www.africa-press.net\/djibouti\/dossiers\/dans-la-peau-dun-journaliste-africain-par-francois-soudan\"},\"wordCount\":1664,\"commentCount\":0,\"image\":{\"@id\":\"https:\/\/www.africa-press.net\/djibouti\/dossiers\/dans-la-peau-dun-journaliste-africain-par-francois-soudan#primaryimage\"},\"thumbnailUrl\":\"https:\/\/static.africa-press.net\/djibouti\/sites\/52\/2023\/10\/sm_1696904657.385843.jpg\",\"keywords\":[\"Africa Press\",\"Africa Press-Djibouti\",\"Djibouti\"],\"articleSection\":[\"Dossiers\",\"Toutes les actualit\u00e9s\"],\"inLanguage\":\"fr-FR\",\"potentialAction\":[{\"@type\":\"CommentAction\",\"name\":\"Comment\",\"target\":[\"https:\/\/www.africa-press.net\/djibouti\/dossiers\/dans-la-peau-dun-journaliste-africain-par-francois-soudan#respond\"]}]},{\"@type\":\"WebPage\",\"@id\":\"https:\/\/www.africa-press.net\/djibouti\/dossiers\/dans-la-peau-dun-journaliste-africain-par-francois-soudan\",\"url\":\"https:\/\/www.africa-press.net\/djibouti\/dossiers\/dans-la-peau-dun-journaliste-africain-par-francois-soudan\",\"name\":\"Dans la peau d\u2019un journaliste africain, par Fran\u00e7ois Soudan - Djibouti\",\"isPartOf\":{\"@id\":\"https:\/\/www.africa-press.net\/djibouti\/#website\"},\"primaryImageOfPage\":{\"@id\":\"https:\/\/www.africa-press.net\/djibouti\/dossiers\/dans-la-peau-dun-journaliste-africain-par-francois-soudan#primaryimage\"},\"image\":{\"@id\":\"https:\/\/www.africa-press.net\/djibouti\/dossiers\/dans-la-peau-dun-journaliste-africain-par-francois-soudan#primaryimage\"},\"thumbnailUrl\":\"https:\/\/static.africa-press.net\/djibouti\/sites\/52\/2023\/10\/sm_1696904657.385843.jpg\",\"datePublished\":\"2023-10-10T05:38:30+00:00\",\"dateModified\":\"2023-10-10T05:57:26+00:00\",\"author\":{\"@id\":\"https:\/\/www.africa-press.net\/djibouti\/#\/schema\/person\/2b1cf3cd81a31e3cd26889ca66d677f1\"},\"description\":\"Comment, en Afrique, les pe\u0301riodes de crise et de tension \u2013 a\u0300 plus forte raison apre\u0300s un putsch \u2013 sont redevenues, tre ...\",\"breadcrumb\":{\"@id\":\"https:\/\/www.africa-press.net\/djibouti\/dossiers\/dans-la-peau-dun-journaliste-africain-par-francois-soudan#breadcrumb\"},\"inLanguage\":\"fr-FR\",\"potentialAction\":[{\"@type\":\"ReadAction\",\"target\":[\"https:\/\/www.africa-press.net\/djibouti\/dossiers\/dans-la-peau-dun-journaliste-africain-par-francois-soudan\"]}]},{\"@type\":\"ImageObject\",\"inLanguage\":\"fr-FR\",\"@id\":\"https:\/\/www.africa-press.net\/djibouti\/dossiers\/dans-la-peau-dun-journaliste-africain-par-francois-soudan#primaryimage\",\"url\":\"https:\/\/static.africa-press.net\/djibouti\/sites\/52\/2023\/10\/sm_1696904657.385843.jpg\",\"contentUrl\":\"https:\/\/static.africa-press.net\/djibouti\/sites\/52\/2023\/10\/sm_1696904657.385843.jpg\",\"width\":1256,\"height\":628,\"caption\":\"Dans la peau d\u2019un journaliste africain, par Fran\u00e7ois Soudan\"},{\"@type\":\"BreadcrumbList\",\"@id\":\"https:\/\/www.africa-press.net\/djibouti\/dossiers\/dans-la-peau-dun-journaliste-africain-par-francois-soudan#breadcrumb\",\"itemListElement\":[{\"@type\":\"ListItem\",\"position\":1,\"name\":\"Accueil\",\"item\":\"https:\/\/www.africa-press.net\/djibouti\/\"},{\"@type\":\"ListItem\",\"position\":2,\"name\":\"Dans la peau d\u2019un journaliste africain, par Fran\u00e7ois Soudan\"}]},{\"@type\":\"WebSite\",\"@id\":\"https:\/\/www.africa-press.net\/djibouti\/#website\",\"url\":\"https:\/\/www.africa-press.net\/djibouti\/\",\"name\":\"Djibouti\",\"description\":\"Just another Africa News Agency Sites site\",\"potentialAction\":[{\"@type\":\"SearchAction\",\"target\":{\"@type\":\"EntryPoint\",\"urlTemplate\":\"https:\/\/www.africa-press.net\/djibouti\/?s={search_term_string}\"},\"query-input\":{\"@type\":\"PropertyValueSpecification\",\"valueRequired\":true,\"valueName\":\"search_term_string\"}}],\"inLanguage\":\"fr-FR\"},{\"@type\":\"Person\",\"@id\":\"https:\/\/www.africa-press.net\/djibouti\/#\/schema\/person\/2b1cf3cd81a31e3cd26889ca66d677f1\",\"name\":\"cfeditorfr\"}]}<\/script>\n<!-- \/ Yoast SEO Premium plugin. -->","yoast_head_json":{"title":"Dans la peau d\u2019un journaliste africain, par Fran\u00e7ois Soudan - Djibouti","description":"Comment, en Afrique, les pe\u0301riodes de crise et de tension \u2013 a\u0300 plus forte raison apre\u0300s un putsch \u2013 sont redevenues, tre ...","robots":{"index":"index","follow":"follow","max-snippet":"max-snippet:-1","max-image-preview":"max-image-preview:large","max-video-preview":"max-video-preview:-1"},"canonical":"https:\/\/www.africa-press.net\/djibouti\/dossiers\/dans-la-peau-dun-journaliste-africain-par-francois-soudan","og_locale":"fr_FR","og_type":"article","og_title":"Dans la peau d\u2019un journaliste africain, par Fran\u00e7ois Soudan","og_description":"Comment, en Afrique, les pe\u0301riodes de crise et de tension \u2013 a\u0300 plus forte raison apre\u0300s un putsch \u2013 sont redevenues, tre ...","og_url":"https:\/\/www.africa-press.net\/djibouti\/dossiers\/dans-la-peau-dun-journaliste-africain-par-francois-soudan","og_site_name":"Djibouti","article_published_time":"2023-10-10T05:38:30+00:00","article_modified_time":"2023-10-10T05:57:26+00:00","og_image":[{"width":1256,"height":628,"url":"https:\/\/static.africa-press.net\/djibouti\/sites\/52\/2023\/10\/sm_1696904657.385843.jpg","type":"image\/jpeg"}],"author":"cfeditorfr","twitter_card":"summary_large_image","twitter_misc":{"\u00c9crit par":"cfeditorfr","Dur\u00e9e de lecture estim\u00e9e":"8 minutes"},"schema":{"@context":"https:\/\/schema.org","@graph":[{"@type":"Article","@id":"https:\/\/www.africa-press.net\/djibouti\/dossiers\/dans-la-peau-dun-journaliste-africain-par-francois-soudan#article","isPartOf":{"@id":"https:\/\/www.africa-press.net\/djibouti\/dossiers\/dans-la-peau-dun-journaliste-africain-par-francois-soudan"},"author":{"name":"cfeditorfr","@id":"https:\/\/www.africa-press.net\/djibouti\/#\/schema\/person\/2b1cf3cd81a31e3cd26889ca66d677f1"},"headline":"Dans la peau d\u2019un journaliste africain, par Fran\u00e7ois Soudan","datePublished":"2023-10-10T05:38:30+00:00","dateModified":"2023-10-10T05:57:26+00:00","mainEntityOfPage":{"@id":"https:\/\/www.africa-press.net\/djibouti\/dossiers\/dans-la-peau-dun-journaliste-africain-par-francois-soudan"},"wordCount":1664,"commentCount":0,"image":{"@id":"https:\/\/www.africa-press.net\/djibouti\/dossiers\/dans-la-peau-dun-journaliste-africain-par-francois-soudan#primaryimage"},"thumbnailUrl":"https:\/\/static.africa-press.net\/djibouti\/sites\/52\/2023\/10\/sm_1696904657.385843.jpg","keywords":["Africa Press","Africa Press-Djibouti","Djibouti"],"articleSection":["Dossiers","Toutes les actualit\u00e9s"],"inLanguage":"fr-FR","potentialAction":[{"@type":"CommentAction","name":"Comment","target":["https:\/\/www.africa-press.net\/djibouti\/dossiers\/dans-la-peau-dun-journaliste-africain-par-francois-soudan#respond"]}]},{"@type":"WebPage","@id":"https:\/\/www.africa-press.net\/djibouti\/dossiers\/dans-la-peau-dun-journaliste-africain-par-francois-soudan","url":"https:\/\/www.africa-press.net\/djibouti\/dossiers\/dans-la-peau-dun-journaliste-africain-par-francois-soudan","name":"Dans la peau d\u2019un journaliste africain, par Fran\u00e7ois Soudan - Djibouti","isPartOf":{"@id":"https:\/\/www.africa-press.net\/djibouti\/#website"},"primaryImageOfPage":{"@id":"https:\/\/www.africa-press.net\/djibouti\/dossiers\/dans-la-peau-dun-journaliste-africain-par-francois-soudan#primaryimage"},"image":{"@id":"https:\/\/www.africa-press.net\/djibouti\/dossiers\/dans-la-peau-dun-journaliste-africain-par-francois-soudan#primaryimage"},"thumbnailUrl":"https:\/\/static.africa-press.net\/djibouti\/sites\/52\/2023\/10\/sm_1696904657.385843.jpg","datePublished":"2023-10-10T05:38:30+00:00","dateModified":"2023-10-10T05:57:26+00:00","author":{"@id":"https:\/\/www.africa-press.net\/djibouti\/#\/schema\/person\/2b1cf3cd81a31e3cd26889ca66d677f1"},"description":"Comment, en Afrique, les pe\u0301riodes de crise et de tension \u2013 a\u0300 plus forte raison apre\u0300s un putsch \u2013 sont redevenues, tre ...","breadcrumb":{"@id":"https:\/\/www.africa-press.net\/djibouti\/dossiers\/dans-la-peau-dun-journaliste-africain-par-francois-soudan#breadcrumb"},"inLanguage":"fr-FR","potentialAction":[{"@type":"ReadAction","target":["https:\/\/www.africa-press.net\/djibouti\/dossiers\/dans-la-peau-dun-journaliste-africain-par-francois-soudan"]}]},{"@type":"ImageObject","inLanguage":"fr-FR","@id":"https:\/\/www.africa-press.net\/djibouti\/dossiers\/dans-la-peau-dun-journaliste-africain-par-francois-soudan#primaryimage","url":"https:\/\/static.africa-press.net\/djibouti\/sites\/52\/2023\/10\/sm_1696904657.385843.jpg","contentUrl":"https:\/\/static.africa-press.net\/djibouti\/sites\/52\/2023\/10\/sm_1696904657.385843.jpg","width":1256,"height":628,"caption":"Dans la peau d\u2019un journaliste africain, par Fran\u00e7ois Soudan"},{"@type":"BreadcrumbList","@id":"https:\/\/www.africa-press.net\/djibouti\/dossiers\/dans-la-peau-dun-journaliste-africain-par-francois-soudan#breadcrumb","itemListElement":[{"@type":"ListItem","position":1,"name":"Accueil","item":"https:\/\/www.africa-press.net\/djibouti\/"},{"@type":"ListItem","position":2,"name":"Dans la peau d\u2019un journaliste africain, par Fran\u00e7ois Soudan"}]},{"@type":"WebSite","@id":"https:\/\/www.africa-press.net\/djibouti\/#website","url":"https:\/\/www.africa-press.net\/djibouti\/","name":"Djibouti","description":"Just another Africa News Agency Sites site","potentialAction":[{"@type":"SearchAction","target":{"@type":"EntryPoint","urlTemplate":"https:\/\/www.africa-press.net\/djibouti\/?s={search_term_string}"},"query-input":{"@type":"PropertyValueSpecification","valueRequired":true,"valueName":"search_term_string"}}],"inLanguage":"fr-FR"},{"@type":"Person","@id":"https:\/\/www.africa-press.net\/djibouti\/#\/schema\/person\/2b1cf3cd81a31e3cd26889ca66d677f1","name":"cfeditorfr"}]}},"_links":{"self":[{"href":"https:\/\/www.africa-press.net\/djibouti\/wp-json\/wp\/v2\/posts\/18905","targetHints":{"allow":["GET"]}}],"collection":[{"href":"https:\/\/www.africa-press.net\/djibouti\/wp-json\/wp\/v2\/posts"}],"about":[{"href":"https:\/\/www.africa-press.net\/djibouti\/wp-json\/wp\/v2\/types\/post"}],"author":[{"embeddable":true,"href":"https:\/\/www.africa-press.net\/djibouti\/wp-json\/wp\/v2\/users\/82"}],"replies":[{"embeddable":true,"href":"https:\/\/www.africa-press.net\/djibouti\/wp-json\/wp\/v2\/comments?post=18905"}],"version-history":[{"count":0,"href":"https:\/\/www.africa-press.net\/djibouti\/wp-json\/wp\/v2\/posts\/18905\/revisions"}],"wp:featuredmedia":[{"embeddable":true,"href":"https:\/\/www.africa-press.net\/djibouti\/wp-json\/wp\/v2\/media\/18904"}],"wp:attachment":[{"href":"https:\/\/www.africa-press.net\/djibouti\/wp-json\/wp\/v2\/media?parent=18905"}],"wp:term":[{"taxonomy":"category","embeddable":true,"href":"https:\/\/www.africa-press.net\/djibouti\/wp-json\/wp\/v2\/categories?post=18905"},{"taxonomy":"post_tag","embeddable":true,"href":"https:\/\/www.africa-press.net\/djibouti\/wp-json\/wp\/v2\/tags?post=18905"}],"curies":[{"name":"wp","href":"https:\/\/api.w.org\/{rel}","templated":true}]}}