{"id":18931,"date":"2023-10-10T14:46:05","date_gmt":"2023-10-10T14:46:05","guid":{"rendered":"https:\/\/www.africa-press.net\/djibouti\/politique\/ali-sabieh-lancement-de-deux-projets-visant-la-participation-de-la-societe-civile-a-la-gouvernance-et-au-developpement-local"},"modified":"2023-10-10T15:42:47","modified_gmt":"2023-10-10T15:42:47","slug":"ali-sabieh-lancement-de-deux-projets-visant-la-participation-de-la-societe-civile-a-la-gouvernance-et-au-developpement-local","status":"publish","type":"post","link":"https:\/\/www.africa-press.net\/djibouti\/politique\/ali-sabieh-lancement-de-deux-projets-visant-la-participation-de-la-societe-civile-a-la-gouvernance-et-au-developpement-local","title":{"rendered":"Ali-Sabieh : Lancement de deux projets visant la participation de la soci\u00e9t\u00e9 civile \u00e0 la gouvernance et au d\u00e9veloppement local"},"content":{"rendered":"<p><span style=\"color: #ff6600\"><strong>Africa-Press &#8211; Djibouti. <\/strong><\/span>Le sie\u0300ge du conseil re\u0301gional a abrite\u0301 une ce\u0301re\u0301monie de lancement de deux projets attribue\u0301s a\u0300 deux associations re\u0301gionales. Le premier projet consiste au \u00ab Renforcement des infrastructures de bases pour l\u2019e\u0301cole communautaire du village de Gor-Gaaloh dans le but d\u2019ame\u0301liorer la scolarisation des enfants nomades, particulie\u0300rement celle des filles \u00bb, \u0153uvre de l\u2019Association de Lutte contre la Pauvrete\u0301 et l\u2019Illettrisme a\u0300 Dasbyo.<\/p>\n<p>Pour le second projet qui pro\u0302ne \u00ab l\u2019Ame\u0301lioration de la re\u0301silience de la population rurale au changement climatique par l\u2019appui et le renforcement des capacite\u0301s productives des pe\u0301rime\u0300tres agricoles du Groupement des paysans agricoles Assamo, Godawo et de Guestir \u00abGPAAG \u00bb est de l\u2019initiative de l\u2019Association Groupement des Paysans Agricoles ASSAMO, GODAWO et GUESTIR.<\/p>\n<p>Dans la grande salle des re\u0301unions des lieux, ces projets ont e\u0301te\u0301 lance\u0301s officiellement par le pre\u0301sident du conseil re\u0301gional d\u2019Ali-Sabieh et pre\u0301sident du comite\u0301 du pilotage monsieur Charmake Hassan Allaleha\u0300 la salle de confe\u0301rence du conseil re\u0301gional d\u2019Ali-Sabieh.<\/p>\n<p>Cette ce\u0301re\u0301monie a vu la pre\u0301sence de l\u2019Assistant technique international de l\u2019Association Internationale des Maires Francophone (AIMF), Flavien Sasse\u0301 d\u2019un repre\u0301sentant du Ministe\u0300re de\u0301le\u0301gue\u0301 charge\u0301 de la de\u0301centralisation, Fahmi Ahmed Abdillahi, des responsables des services techniques de\u0301concentre\u0301s, les associations locales et les membres des comite\u0301s dirigeants des deux associations locales be\u0301ne\u0301ficiaire.<\/p>\n<p>A cette occasion, le chef de l\u2019instance re\u0301gionale de la de\u0301centralisation s\u2019est dit ravi de prendre la parole de lancement des neufs projets subventionne\u0301s a\u0300 l\u2019e\u0301tape de la re\u0301gion d\u2019Ali-Sabieh, en ma qualite\u0301 de pre\u0301sident du conseil re\u0301gional et pre\u0301sident du comite\u0301 de pilotage pour appre\u0301cier de fac\u0327on globale le niveau d\u2019avancement des activite\u0301s de la composante 3 du projet participation de la socie\u0301te\u0301 civile a\u0300 la gouvernance et au de\u0301veloppement local a\u0300 Djibouti.<\/p>\n<p>En ajoutant, il me plai\u0302t de rappeler que le projet participation de la socie\u0301te\u0301 civile a\u0300 la gouvernance et au de\u0301veloppement local a\u0300 Djibouti vise le renforcement des capacite\u0301s des organisations de la socie\u0301te\u0301 civile en vue de les pre\u0301parer a\u0300 participer activement aux processus locaux de prise de de\u0301cision et a\u0300 valoriser leur ro\u0302le dans la vie locale. Pour sa part, le repre\u0301sentant de l\u2019AIMF a fait savoir l\u2019importance l\u2019importance de cette initiative pour la re\u0301gion d\u2019Ali-Sabieh. Cette initiative s\u2019inscrit dans le cadre du projet \u00ab Participation de la socie\u0301te\u0301 civile a\u0300 la gouvernance et au de\u0301veloppement local a\u0300 Djibouti \u00bb mise en \u0153uvre par l\u2019Association Internationale des Maires Francophones avec le financement de l\u2019Union europe\u0301enne.<\/p>\n<p>Le premier projet vise a\u0300 faire de l\u2019e\u0301cole communautaire de Gor-Gaaloh un centre de vie de la communaute\u0301 en comple\u0301tant les infrastructures manquantes et renforcer ainsi l\u2019acce\u0300s a\u0300 l\u2019e\u0301ducation des enfants nomades, surtout les filles afin de promouvoir l\u2019e\u0301galite\u0301 des genres.<\/p>\n<p>Le deuxie\u0300me projet a pour objectif d\u2019ame\u0301liorer la capacite\u0301 d\u2019adaptation et de re\u0301silience des agriculteurs membre du groupement du \u00ab GPAAG \u00bb afin de re\u0301duire les impacts ne\u0301gatifs des effets du changement climatique sur la production agricole en les e\u0301quipant et les formant aux techniques d\u2019adaptation et de bonnes pratiques agricoles. Une re\u0301union de suivi entre l\u2019e\u0301quipe de gestion du projet et les responsables de l\u2019\u00ab Association de Lutte contre la Pauvrete\u0301 et l\u2019Illettrisme \u00bb a\u0300 Dasbyo et de l\u2019Association de \u00ab Groupement des Paysans Agricoles ASSAMO, GODAWO et GUESTIR\u00bb a permis d\u2019appre\u0301cier le niveau d\u2019avancement des activite\u0301s de de\u0301marrage.<\/p>\n<p><b>Ali Ladieh<\/b><\/p>\n\r\n                <style type=\"text\/css\">\r\n                    \r\n                    #td_uid_1_69f354db2cc9d  .td-doubleSlider-2 .td-item1 {\r\n                        background: url(https:\/\/static.africa-press.net\/djibouti\/sites\/52\/2023\/10\/sm_1696939854.466247-80x60.jpg) 0 0 no-repeat;\r\n                    }\r\n                    #td_uid_1_69f354db2cc9d  .td-doubleSlider-2 .td-item2 {\r\n                        background: url(https:\/\/static.africa-press.net\/djibouti\/sites\/52\/2023\/10\/sm_1696939875.120528-80x60.jpg) 0 0 no-repeat;\r\n                    }\r\n                <\/style>\r\n\r\n                <div id=\"td_uid_1_69f354db2cc9d\" class=\"td-gallery td-slide-on-2-columns\">\r\n                    <div class=\"post_td_gallery\">\r\n                        <div class=\"td-gallery-slide-top\">\r\n                           <div class=\"td-gallery-title\"><\/div>\r\n\r\n                            <div class=\"td-gallery-controls-wrapper\">\r\n                                <div class=\"td-gallery-slide-count\"><span class=\"td-gallery-slide-item-focus\">1<\/span> de 2<\/div>\r\n                                <div class=\"td-gallery-slide-prev-next-but\">\r\n                                    <i class = \"td-icon-left doubleSliderPrevButton\"><\/i>\r\n                                    <i class = \"td-icon-right doubleSliderNextButton\"><\/i>\r\n                                <\/div>\r\n                            <\/div>\r\n                        <\/div>\r\n\r\n                        <div class = \"td-doubleSlider-1 \">\r\n                            <div class = \"td-slider\">\r\n                                \r\n                    <div class = \"td-slide-item td-item1\">\r\n                        <figure class=\"td-slide-galery-figure td-slide-popup-gallery\">\r\n                            <a class=\"slide-gallery-image-link\" href=\"https:\/\/static.africa-press.net\/djibouti\/sites\/52\/2023\/10\/sm_1696939854.466247.jpg\" title=\"sm_1696939854.466247\"  data-caption=\"\"  data-description=\"\">\r\n                                <img decoding=\"async\" src=\"https:\/\/static.africa-press.net\/djibouti\/sites\/52\/2023\/10\/sm_1696939854.466247.jpg\" srcset=\"https:\/\/static.africa-press.net\/djibouti\/sites\/52\/2023\/10\/sm_1696939854.466247.jpg 1024w, https:\/\/static.africa-press.net\/djibouti\/sites\/52\/2023\/10\/sm_1696939854.466247-300x225.jpg 300w, https:\/\/static.africa-press.net\/djibouti\/sites\/52\/2023\/10\/sm_1696939854.466247-768x576.jpg 768w, https:\/\/static.africa-press.net\/djibouti\/sites\/52\/2023\/10\/sm_1696939854.466247-80x60.jpg 80w\" sizes=\"(max-width: 1024px) 100vw, 1024px\" alt=\"\">\r\n                            <\/a>\r\n                            \r\n                        <\/figure>\r\n                    <\/div>\r\n                    <div class = \"td-slide-item td-item2\">\r\n                        <figure class=\"td-slide-galery-figure td-slide-popup-gallery\">\r\n                            <a class=\"slide-gallery-image-link\" href=\"https:\/\/static.africa-press.net\/djibouti\/sites\/52\/2023\/10\/sm_1696939875.120528.jpg\" title=\"sm_1696939875.120528\"  data-caption=\"\"  data-description=\"\">\r\n                                <img decoding=\"async\" src=\"https:\/\/static.africa-press.net\/djibouti\/sites\/52\/2023\/10\/sm_1696939875.120528.jpg\" srcset=\"https:\/\/static.africa-press.net\/djibouti\/sites\/52\/2023\/10\/sm_1696939875.120528.jpg 696w, https:\/\/static.africa-press.net\/djibouti\/sites\/52\/2023\/10\/sm_1696939875.120528-300x225.jpg 300w, https:\/\/static.africa-press.net\/djibouti\/sites\/52\/2023\/10\/sm_1696939875.120528-80x60.jpg 80w\" sizes=\"(max-width: 696px) 100vw, 696px\" alt=\"\">\r\n                            <\/a>\r\n                            \r\n                        <\/figure>\r\n                    <\/div>\r\n                            <\/div>\r\n                        <\/div>\r\n\r\n                        <div class = \"td-doubleSlider-2\">\r\n                            <div class = \"td-slider\">\r\n                                \r\n                    <div class = \"td-button td-item1\">\r\n                        <div class = \"td-border\"><\/div>\r\n                    <\/div>\r\n                    <div class = \"td-button td-item2\">\r\n                        <div class = \"td-border\"><\/div>\r\n                    <\/div>\r\n                            <\/div>\r\n                        <\/div>\r\n\r\n                    <\/div>\r\n\r\n                <\/div>\r\n                \n<p><strong>Pour plus d&rsquo;informations et d&rsquo;analyses sur la <a href=\"https:\/\/www.africa-press.net\/djibouti\">Djibouti<\/a>, suivez <a href=\"https:\/\/www.africa-press.net\/\">Africa-Press<\/a><\/strong><\/p>\n","protected":false},"excerpt":{"rendered":"<p>Africa-Press &#8211; Djibouti. Le sie\u0300ge du conseil re\u0301gional a abrite\u0301 une ce\u0301re\u0301monie de lancement de deux projets attribue\u0301s a\u0300 deux associations re\u0301gionales. Le premier projet consiste au \u00ab Renforcement des infrastructures de bases pour l\u2019e\u0301cole communautaire du village de Gor-Gaaloh dans le but d\u2019ame\u0301liorer la scolarisation des enfants nomades, particulie\u0300rement celle des filles \u00bb, \u0153uvre [&hellip;]<\/p>\n","protected":false},"author":82,"featured_media":18930,"comment_status":"open","ping_status":"closed","sticky":false,"template":"","format":"standard","meta":{"footnotes":""},"categories":[8,2,10],"tags":[36,49,50],"class_list":["post-18931","post","type-post","status-publish","format-standard","has-post-thumbnail","hentry","category-photo","category-politique","category-toutes-les-actualites","tag-africa-press","tag-africa-press-djibouti","tag-djibouti"],"yoast_head":"<!-- This site is optimized with the Yoast SEO Premium plugin v26.1 (Yoast SEO v27.0) - https:\/\/yoast.com\/product\/yoast-seo-premium-wordpress\/ -->\n<title>Ali-Sabieh : Lancement de deux projets visant la participation de la soci\u00e9t\u00e9 civile \u00e0 la gouvernance et au d\u00e9veloppement local - Djibouti<\/title>\n<meta name=\"description\" content=\"Le sie\u0300ge du conseil re\u0301gional a abrite\u0301 une ce\u0301re\u0301monie de lancement de deux projets attribue\u0301s a\u0300 deux associations re ...\" \/>\n<meta name=\"robots\" content=\"index, follow, max-snippet:-1, max-image-preview:large, max-video-preview:-1\" \/>\n<link rel=\"canonical\" href=\"https:\/\/www.africa-press.net\/djibouti\/politique\/ali-sabieh-lancement-de-deux-projets-visant-la-participation-de-la-societe-civile-a-la-gouvernance-et-au-developpement-local\" \/>\n<meta property=\"og:locale\" content=\"fr_FR\" \/>\n<meta property=\"og:type\" content=\"article\" \/>\n<meta property=\"og:title\" content=\"Ali-Sabieh : Lancement de deux projets visant la participation de la soci\u00e9t\u00e9 civile \u00e0 la gouvernance et au d\u00e9veloppement local\" \/>\n<meta property=\"og:description\" content=\"Le sie\u0300ge du conseil re\u0301gional a abrite\u0301 une ce\u0301re\u0301monie de lancement de deux projets attribue\u0301s a\u0300 deux associations re ...\" \/>\n<meta property=\"og:url\" content=\"https:\/\/www.africa-press.net\/djibouti\/politique\/ali-sabieh-lancement-de-deux-projets-visant-la-participation-de-la-societe-civile-a-la-gouvernance-et-au-developpement-local\" \/>\n<meta property=\"og:site_name\" content=\"Djibouti\" \/>\n<meta property=\"article:published_time\" content=\"2023-10-10T14:46:05+00:00\" \/>\n<meta property=\"article:modified_time\" content=\"2023-10-10T15:42:47+00:00\" \/>\n<meta property=\"og:image\" content=\"https:\/\/static.africa-press.net\/djibouti\/sites\/52\/2023\/10\/sm_1696939887.701668.jpg\" \/>\n\t<meta property=\"og:image:width\" content=\"720\" \/>\n\t<meta property=\"og:image:height\" content=\"540\" \/>\n\t<meta property=\"og:image:type\" content=\"image\/jpeg\" \/>\n<meta name=\"author\" content=\"cfeditorfr\" \/>\n<meta name=\"twitter:card\" content=\"summary_large_image\" \/>\n<meta name=\"twitter:label1\" content=\"\u00c9crit par\" \/>\n\t<meta name=\"twitter:data1\" content=\"cfeditorfr\" \/>\n\t<meta name=\"twitter:label2\" content=\"Dur\u00e9e de lecture estim\u00e9e\" \/>\n\t<meta name=\"twitter:data2\" content=\"3 minutes\" \/>\n<script type=\"application\/ld+json\" class=\"yoast-schema-graph\">{\"@context\":\"https:\/\/schema.org\",\"@graph\":[{\"@type\":\"Article\",\"@id\":\"https:\/\/www.africa-press.net\/djibouti\/politique\/ali-sabieh-lancement-de-deux-projets-visant-la-participation-de-la-societe-civile-a-la-gouvernance-et-au-developpement-local#article\",\"isPartOf\":{\"@id\":\"https:\/\/www.africa-press.net\/djibouti\/politique\/ali-sabieh-lancement-de-deux-projets-visant-la-participation-de-la-societe-civile-a-la-gouvernance-et-au-developpement-local\"},\"author\":{\"name\":\"cfeditorfr\",\"@id\":\"https:\/\/www.africa-press.net\/djibouti\/#\/schema\/person\/2b1cf3cd81a31e3cd26889ca66d677f1\"},\"headline\":\"Ali-Sabieh : Lancement de deux projets visant la participation de la soci\u00e9t\u00e9 civile \u00e0 la gouvernance et au d\u00e9veloppement local\",\"datePublished\":\"2023-10-10T14:46:05+00:00\",\"dateModified\":\"2023-10-10T15:42:47+00:00\",\"mainEntityOfPage\":{\"@id\":\"https:\/\/www.africa-press.net\/djibouti\/politique\/ali-sabieh-lancement-de-deux-projets-visant-la-participation-de-la-societe-civile-a-la-gouvernance-et-au-developpement-local\"},\"wordCount\":690,\"commentCount\":0,\"image\":{\"@id\":\"https:\/\/www.africa-press.net\/djibouti\/politique\/ali-sabieh-lancement-de-deux-projets-visant-la-participation-de-la-societe-civile-a-la-gouvernance-et-au-developpement-local#primaryimage\"},\"thumbnailUrl\":\"https:\/\/static.africa-press.net\/djibouti\/sites\/52\/2023\/10\/sm_1696939887.701668.jpg\",\"keywords\":[\"Africa Press\",\"Africa Press-Djibouti\",\"Djibouti\"],\"articleSection\":[\"Photo\",\"Politique\",\"Toutes les actualit\u00e9s\"],\"inLanguage\":\"fr-FR\",\"potentialAction\":[{\"@type\":\"CommentAction\",\"name\":\"Comment\",\"target\":[\"https:\/\/www.africa-press.net\/djibouti\/politique\/ali-sabieh-lancement-de-deux-projets-visant-la-participation-de-la-societe-civile-a-la-gouvernance-et-au-developpement-local#respond\"]}]},{\"@type\":\"WebPage\",\"@id\":\"https:\/\/www.africa-press.net\/djibouti\/politique\/ali-sabieh-lancement-de-deux-projets-visant-la-participation-de-la-societe-civile-a-la-gouvernance-et-au-developpement-local\",\"url\":\"https:\/\/www.africa-press.net\/djibouti\/politique\/ali-sabieh-lancement-de-deux-projets-visant-la-participation-de-la-societe-civile-a-la-gouvernance-et-au-developpement-local\",\"name\":\"Ali-Sabieh : Lancement de deux projets visant la participation de la soci\u00e9t\u00e9 civile \u00e0 la gouvernance et au d\u00e9veloppement local - Djibouti\",\"isPartOf\":{\"@id\":\"https:\/\/www.africa-press.net\/djibouti\/#website\"},\"primaryImageOfPage\":{\"@id\":\"https:\/\/www.africa-press.net\/djibouti\/politique\/ali-sabieh-lancement-de-deux-projets-visant-la-participation-de-la-societe-civile-a-la-gouvernance-et-au-developpement-local#primaryimage\"},\"image\":{\"@id\":\"https:\/\/www.africa-press.net\/djibouti\/politique\/ali-sabieh-lancement-de-deux-projets-visant-la-participation-de-la-societe-civile-a-la-gouvernance-et-au-developpement-local#primaryimage\"},\"thumbnailUrl\":\"https:\/\/static.africa-press.net\/djibouti\/sites\/52\/2023\/10\/sm_1696939887.701668.jpg\",\"datePublished\":\"2023-10-10T14:46:05+00:00\",\"dateModified\":\"2023-10-10T15:42:47+00:00\",\"author\":{\"@id\":\"https:\/\/www.africa-press.net\/djibouti\/#\/schema\/person\/2b1cf3cd81a31e3cd26889ca66d677f1\"},\"description\":\"Le sie\u0300ge du conseil re\u0301gional a abrite\u0301 une ce\u0301re\u0301monie de lancement de deux projets attribue\u0301s a\u0300 deux associations re ...\",\"breadcrumb\":{\"@id\":\"https:\/\/www.africa-press.net\/djibouti\/politique\/ali-sabieh-lancement-de-deux-projets-visant-la-participation-de-la-societe-civile-a-la-gouvernance-et-au-developpement-local#breadcrumb\"},\"inLanguage\":\"fr-FR\",\"potentialAction\":[{\"@type\":\"ReadAction\",\"target\":[\"https:\/\/www.africa-press.net\/djibouti\/politique\/ali-sabieh-lancement-de-deux-projets-visant-la-participation-de-la-societe-civile-a-la-gouvernance-et-au-developpement-local\"]}]},{\"@type\":\"ImageObject\",\"inLanguage\":\"fr-FR\",\"@id\":\"https:\/\/www.africa-press.net\/djibouti\/politique\/ali-sabieh-lancement-de-deux-projets-visant-la-participation-de-la-societe-civile-a-la-gouvernance-et-au-developpement-local#primaryimage\",\"url\":\"https:\/\/static.africa-press.net\/djibouti\/sites\/52\/2023\/10\/sm_1696939887.701668.jpg\",\"contentUrl\":\"https:\/\/static.africa-press.net\/djibouti\/sites\/52\/2023\/10\/sm_1696939887.701668.jpg\",\"width\":720,\"height\":540,\"caption\":\"Ali-Sabieh : Lancement de deux projets visant la participation de la soci\u00e9t\u00e9 civile \u00e0 la gouvernance et au d\u00e9veloppement local\"},{\"@type\":\"BreadcrumbList\",\"@id\":\"https:\/\/www.africa-press.net\/djibouti\/politique\/ali-sabieh-lancement-de-deux-projets-visant-la-participation-de-la-societe-civile-a-la-gouvernance-et-au-developpement-local#breadcrumb\",\"itemListElement\":[{\"@type\":\"ListItem\",\"position\":1,\"name\":\"Accueil\",\"item\":\"https:\/\/www.africa-press.net\/djibouti\/\"},{\"@type\":\"ListItem\",\"position\":2,\"name\":\"Ali-Sabieh : Lancement de deux projets visant la participation de la soci\u00e9t\u00e9 civile \u00e0 la gouvernance et au d\u00e9veloppement local\"}]},{\"@type\":\"WebSite\",\"@id\":\"https:\/\/www.africa-press.net\/djibouti\/#website\",\"url\":\"https:\/\/www.africa-press.net\/djibouti\/\",\"name\":\"Djibouti\",\"description\":\"Just another Africa News Agency Sites site\",\"potentialAction\":[{\"@type\":\"SearchAction\",\"target\":{\"@type\":\"EntryPoint\",\"urlTemplate\":\"https:\/\/www.africa-press.net\/djibouti\/?s={search_term_string}\"},\"query-input\":{\"@type\":\"PropertyValueSpecification\",\"valueRequired\":true,\"valueName\":\"search_term_string\"}}],\"inLanguage\":\"fr-FR\"},{\"@type\":\"Person\",\"@id\":\"https:\/\/www.africa-press.net\/djibouti\/#\/schema\/person\/2b1cf3cd81a31e3cd26889ca66d677f1\",\"name\":\"cfeditorfr\"}]}<\/script>\n<!-- \/ Yoast SEO Premium plugin. -->","yoast_head_json":{"title":"Ali-Sabieh : Lancement de deux projets visant la participation de la soci\u00e9t\u00e9 civile \u00e0 la gouvernance et au d\u00e9veloppement local - Djibouti","description":"Le sie\u0300ge du conseil re\u0301gional a abrite\u0301 une ce\u0301re\u0301monie de lancement de deux projets attribue\u0301s a\u0300 deux associations re ...","robots":{"index":"index","follow":"follow","max-snippet":"max-snippet:-1","max-image-preview":"max-image-preview:large","max-video-preview":"max-video-preview:-1"},"canonical":"https:\/\/www.africa-press.net\/djibouti\/politique\/ali-sabieh-lancement-de-deux-projets-visant-la-participation-de-la-societe-civile-a-la-gouvernance-et-au-developpement-local","og_locale":"fr_FR","og_type":"article","og_title":"Ali-Sabieh : Lancement de deux projets visant la participation de la soci\u00e9t\u00e9 civile \u00e0 la gouvernance et au d\u00e9veloppement local","og_description":"Le sie\u0300ge du conseil re\u0301gional a abrite\u0301 une ce\u0301re\u0301monie de lancement de deux projets attribue\u0301s a\u0300 deux associations re ...","og_url":"https:\/\/www.africa-press.net\/djibouti\/politique\/ali-sabieh-lancement-de-deux-projets-visant-la-participation-de-la-societe-civile-a-la-gouvernance-et-au-developpement-local","og_site_name":"Djibouti","article_published_time":"2023-10-10T14:46:05+00:00","article_modified_time":"2023-10-10T15:42:47+00:00","og_image":[{"width":720,"height":540,"url":"https:\/\/static.africa-press.net\/djibouti\/sites\/52\/2023\/10\/sm_1696939887.701668.jpg","type":"image\/jpeg"}],"author":"cfeditorfr","twitter_card":"summary_large_image","twitter_misc":{"\u00c9crit par":"cfeditorfr","Dur\u00e9e de lecture estim\u00e9e":"3 minutes"},"schema":{"@context":"https:\/\/schema.org","@graph":[{"@type":"Article","@id":"https:\/\/www.africa-press.net\/djibouti\/politique\/ali-sabieh-lancement-de-deux-projets-visant-la-participation-de-la-societe-civile-a-la-gouvernance-et-au-developpement-local#article","isPartOf":{"@id":"https:\/\/www.africa-press.net\/djibouti\/politique\/ali-sabieh-lancement-de-deux-projets-visant-la-participation-de-la-societe-civile-a-la-gouvernance-et-au-developpement-local"},"author":{"name":"cfeditorfr","@id":"https:\/\/www.africa-press.net\/djibouti\/#\/schema\/person\/2b1cf3cd81a31e3cd26889ca66d677f1"},"headline":"Ali-Sabieh : Lancement de deux projets visant la participation de la soci\u00e9t\u00e9 civile \u00e0 la gouvernance et au d\u00e9veloppement local","datePublished":"2023-10-10T14:46:05+00:00","dateModified":"2023-10-10T15:42:47+00:00","mainEntityOfPage":{"@id":"https:\/\/www.africa-press.net\/djibouti\/politique\/ali-sabieh-lancement-de-deux-projets-visant-la-participation-de-la-societe-civile-a-la-gouvernance-et-au-developpement-local"},"wordCount":690,"commentCount":0,"image":{"@id":"https:\/\/www.africa-press.net\/djibouti\/politique\/ali-sabieh-lancement-de-deux-projets-visant-la-participation-de-la-societe-civile-a-la-gouvernance-et-au-developpement-local#primaryimage"},"thumbnailUrl":"https:\/\/static.africa-press.net\/djibouti\/sites\/52\/2023\/10\/sm_1696939887.701668.jpg","keywords":["Africa Press","Africa Press-Djibouti","Djibouti"],"articleSection":["Photo","Politique","Toutes les actualit\u00e9s"],"inLanguage":"fr-FR","potentialAction":[{"@type":"CommentAction","name":"Comment","target":["https:\/\/www.africa-press.net\/djibouti\/politique\/ali-sabieh-lancement-de-deux-projets-visant-la-participation-de-la-societe-civile-a-la-gouvernance-et-au-developpement-local#respond"]}]},{"@type":"WebPage","@id":"https:\/\/www.africa-press.net\/djibouti\/politique\/ali-sabieh-lancement-de-deux-projets-visant-la-participation-de-la-societe-civile-a-la-gouvernance-et-au-developpement-local","url":"https:\/\/www.africa-press.net\/djibouti\/politique\/ali-sabieh-lancement-de-deux-projets-visant-la-participation-de-la-societe-civile-a-la-gouvernance-et-au-developpement-local","name":"Ali-Sabieh : Lancement de deux projets visant la participation de la soci\u00e9t\u00e9 civile \u00e0 la gouvernance et au d\u00e9veloppement local - Djibouti","isPartOf":{"@id":"https:\/\/www.africa-press.net\/djibouti\/#website"},"primaryImageOfPage":{"@id":"https:\/\/www.africa-press.net\/djibouti\/politique\/ali-sabieh-lancement-de-deux-projets-visant-la-participation-de-la-societe-civile-a-la-gouvernance-et-au-developpement-local#primaryimage"},"image":{"@id":"https:\/\/www.africa-press.net\/djibouti\/politique\/ali-sabieh-lancement-de-deux-projets-visant-la-participation-de-la-societe-civile-a-la-gouvernance-et-au-developpement-local#primaryimage"},"thumbnailUrl":"https:\/\/static.africa-press.net\/djibouti\/sites\/52\/2023\/10\/sm_1696939887.701668.jpg","datePublished":"2023-10-10T14:46:05+00:00","dateModified":"2023-10-10T15:42:47+00:00","author":{"@id":"https:\/\/www.africa-press.net\/djibouti\/#\/schema\/person\/2b1cf3cd81a31e3cd26889ca66d677f1"},"description":"Le sie\u0300ge du conseil re\u0301gional a abrite\u0301 une ce\u0301re\u0301monie de lancement de deux projets attribue\u0301s a\u0300 deux associations re ...","breadcrumb":{"@id":"https:\/\/www.africa-press.net\/djibouti\/politique\/ali-sabieh-lancement-de-deux-projets-visant-la-participation-de-la-societe-civile-a-la-gouvernance-et-au-developpement-local#breadcrumb"},"inLanguage":"fr-FR","potentialAction":[{"@type":"ReadAction","target":["https:\/\/www.africa-press.net\/djibouti\/politique\/ali-sabieh-lancement-de-deux-projets-visant-la-participation-de-la-societe-civile-a-la-gouvernance-et-au-developpement-local"]}]},{"@type":"ImageObject","inLanguage":"fr-FR","@id":"https:\/\/www.africa-press.net\/djibouti\/politique\/ali-sabieh-lancement-de-deux-projets-visant-la-participation-de-la-societe-civile-a-la-gouvernance-et-au-developpement-local#primaryimage","url":"https:\/\/static.africa-press.net\/djibouti\/sites\/52\/2023\/10\/sm_1696939887.701668.jpg","contentUrl":"https:\/\/static.africa-press.net\/djibouti\/sites\/52\/2023\/10\/sm_1696939887.701668.jpg","width":720,"height":540,"caption":"Ali-Sabieh : Lancement de deux projets visant la participation de la soci\u00e9t\u00e9 civile \u00e0 la gouvernance et au d\u00e9veloppement local"},{"@type":"BreadcrumbList","@id":"https:\/\/www.africa-press.net\/djibouti\/politique\/ali-sabieh-lancement-de-deux-projets-visant-la-participation-de-la-societe-civile-a-la-gouvernance-et-au-developpement-local#breadcrumb","itemListElement":[{"@type":"ListItem","position":1,"name":"Accueil","item":"https:\/\/www.africa-press.net\/djibouti\/"},{"@type":"ListItem","position":2,"name":"Ali-Sabieh : Lancement de deux projets visant la participation de la soci\u00e9t\u00e9 civile \u00e0 la gouvernance et au d\u00e9veloppement local"}]},{"@type":"WebSite","@id":"https:\/\/www.africa-press.net\/djibouti\/#website","url":"https:\/\/www.africa-press.net\/djibouti\/","name":"Djibouti","description":"Just another Africa News Agency Sites site","potentialAction":[{"@type":"SearchAction","target":{"@type":"EntryPoint","urlTemplate":"https:\/\/www.africa-press.net\/djibouti\/?s={search_term_string}"},"query-input":{"@type":"PropertyValueSpecification","valueRequired":true,"valueName":"search_term_string"}}],"inLanguage":"fr-FR"},{"@type":"Person","@id":"https:\/\/www.africa-press.net\/djibouti\/#\/schema\/person\/2b1cf3cd81a31e3cd26889ca66d677f1","name":"cfeditorfr"}]}},"_links":{"self":[{"href":"https:\/\/www.africa-press.net\/djibouti\/wp-json\/wp\/v2\/posts\/18931","targetHints":{"allow":["GET"]}}],"collection":[{"href":"https:\/\/www.africa-press.net\/djibouti\/wp-json\/wp\/v2\/posts"}],"about":[{"href":"https:\/\/www.africa-press.net\/djibouti\/wp-json\/wp\/v2\/types\/post"}],"author":[{"embeddable":true,"href":"https:\/\/www.africa-press.net\/djibouti\/wp-json\/wp\/v2\/users\/82"}],"replies":[{"embeddable":true,"href":"https:\/\/www.africa-press.net\/djibouti\/wp-json\/wp\/v2\/comments?post=18931"}],"version-history":[{"count":0,"href":"https:\/\/www.africa-press.net\/djibouti\/wp-json\/wp\/v2\/posts\/18931\/revisions"}],"wp:featuredmedia":[{"embeddable":true,"href":"https:\/\/www.africa-press.net\/djibouti\/wp-json\/wp\/v2\/media\/18930"}],"wp:attachment":[{"href":"https:\/\/www.africa-press.net\/djibouti\/wp-json\/wp\/v2\/media?parent=18931"}],"wp:term":[{"taxonomy":"category","embeddable":true,"href":"https:\/\/www.africa-press.net\/djibouti\/wp-json\/wp\/v2\/categories?post=18931"},{"taxonomy":"post_tag","embeddable":true,"href":"https:\/\/www.africa-press.net\/djibouti\/wp-json\/wp\/v2\/tags?post=18931"}],"curies":[{"name":"wp","href":"https:\/\/api.w.org\/{rel}","templated":true}]}}