{"id":18941,"date":"2023-10-10T14:47:45","date_gmt":"2023-10-10T14:47:45","guid":{"rendered":"https:\/\/www.africa-press.net\/djibouti\/politique\/inspection-generale-des-forces-de-defense-et-de-securite"},"modified":"2023-10-10T15:44:22","modified_gmt":"2023-10-10T15:44:22","slug":"inspection-generale-des-forces-de-defense-et-de-securite","status":"publish","type":"post","link":"https:\/\/www.africa-press.net\/djibouti\/politique\/inspection-generale-des-forces-de-defense-et-de-securite","title":{"rendered":"Inspection g\u00e9n\u00e9rale des forces de d\u00e9fense et de s\u00e9curit\u00e9"},"content":{"rendered":"<p><span style=\"color: #ff6600\"><strong>Africa-Press &#8211; Djibouti. <\/strong><\/span>Le Chef d\u2019E\u0301tat-major Ge\u0301ne\u0301ral des Arme\u0301es, le Ge\u0301ne\u0301ral de Corps d\u2019Arme\u0301e Zakaria Cheick Ibrahim, a effectue\u0301 hier une inspection ge\u0301ne\u0301rale sur la piste de de\u0301file\u0301 de Cheick Osman. L\u2019objectif principal e\u0301tait de contro\u0302ler les effectifs et les e\u0301quipements de toutes les branches des forces de de\u0301fense et de se\u0301curite\u0301 de la Re\u0301publique de Djibouti, y compris les corps et formations de l\u2019arme\u0301e Djiboutienne, les forces de la gendarmerie nationale, de la police nationale et de la garde-co\u0302te. Cet exercice visait a\u0300 e\u0301valuer la re\u0301activite\u0301 et la disponibilite\u0301 des forces en cas de crise.<\/p>\n<p>Sous le regard attentif du Chef d\u2019E\u0301tat-major et de hauts grade\u0301s militaires, les troupes et les e\u0301quipements ont e\u0301te\u0301 passe\u0301s en revue minutieusement. L\u2019inspection a e\u0301galement mis en e\u0301vidence la coordination efficace entre les diffe\u0301rentes branches des forces de de\u0301fense et de se\u0301curite\u0301, essentielle pour une re\u0301ponse rapide en cas de situation d\u2019urgence.<\/p>\n<p>Cet e\u0301ve\u0301nement a souligne\u0301 l\u2019importance cruciale de la coordination entre les diffe\u0301rentes branches des forces de de\u0301fense et de se\u0301curite\u0301. La communication efficace et la capacite\u0301 a\u0300 agir de manie\u0300re unifie\u0301e ont e\u0301te\u0301 mises en avant, montrant ainsi la de\u0301termination du pays a\u0300 maintenir un niveau e\u0301leve\u0301 de pre\u0301paration en cas de menace.<\/p>\n\r\n                <style type=\"text\/css\">\r\n                    \r\n                    #td_uid_1_69f3538dbdfe5  .td-doubleSlider-2 .td-item1 {\r\n                        background: url(https:\/\/static.africa-press.net\/djibouti\/sites\/52\/2023\/10\/sm_1696939981.411433-80x60.jpg) 0 0 no-repeat;\r\n                    }\r\n                    #td_uid_1_69f3538dbdfe5  .td-doubleSlider-2 .td-item2 {\r\n                        background: url(https:\/\/static.africa-press.net\/djibouti\/sites\/52\/2023\/10\/sm_1696939997.698451-80x60.jpg) 0 0 no-repeat;\r\n                    }\r\n                <\/style>\r\n\r\n                <div id=\"td_uid_1_69f3538dbdfe5\" class=\"td-gallery td-slide-on-2-columns\">\r\n                    <div class=\"post_td_gallery\">\r\n                        <div class=\"td-gallery-slide-top\">\r\n                           <div class=\"td-gallery-title\"><\/div>\r\n\r\n                            <div class=\"td-gallery-controls-wrapper\">\r\n                                <div class=\"td-gallery-slide-count\"><span class=\"td-gallery-slide-item-focus\">1<\/span> de 2<\/div>\r\n                                <div class=\"td-gallery-slide-prev-next-but\">\r\n                                    <i class = \"td-icon-left doubleSliderPrevButton\"><\/i>\r\n                                    <i class = \"td-icon-right doubleSliderNextButton\"><\/i>\r\n                                <\/div>\r\n                            <\/div>\r\n                        <\/div>\r\n\r\n                        <div class = \"td-doubleSlider-1 \">\r\n                            <div class = \"td-slider\">\r\n                                \r\n                    <div class = \"td-slide-item td-item1\">\r\n                        <figure class=\"td-slide-galery-figure td-slide-popup-gallery\">\r\n                            <a class=\"slide-gallery-image-link\" href=\"https:\/\/static.africa-press.net\/djibouti\/sites\/52\/2023\/10\/sm_1696939981.411433.jpg\" title=\"sm_1696939981.411433\"  data-caption=\"\"  data-description=\"\">\r\n                                <img decoding=\"async\" src=\"https:\/\/static.africa-press.net\/djibouti\/sites\/52\/2023\/10\/sm_1696939981.411433.jpg\" srcset=\"https:\/\/static.africa-press.net\/djibouti\/sites\/52\/2023\/10\/sm_1696939981.411433.jpg 1024w, https:\/\/static.africa-press.net\/djibouti\/sites\/52\/2023\/10\/sm_1696939981.411433-300x200.jpg 300w, https:\/\/static.africa-press.net\/djibouti\/sites\/52\/2023\/10\/sm_1696939981.411433-768x512.jpg 768w\" sizes=\"(max-width: 1024px) 100vw, 1024px\" alt=\"\">\r\n                            <\/a>\r\n                            \r\n                        <\/figure>\r\n                    <\/div>\r\n                    <div class = \"td-slide-item td-item2\">\r\n                        <figure class=\"td-slide-galery-figure td-slide-popup-gallery\">\r\n                            <a class=\"slide-gallery-image-link\" href=\"https:\/\/static.africa-press.net\/djibouti\/sites\/52\/2023\/10\/sm_1696939997.698451.jpg\" title=\"sm_1696939997.698451\"  data-caption=\"\"  data-description=\"\">\r\n                                <img decoding=\"async\" src=\"https:\/\/static.africa-press.net\/djibouti\/sites\/52\/2023\/10\/sm_1696939997.698451.jpg\" srcset=\"https:\/\/static.africa-press.net\/djibouti\/sites\/52\/2023\/10\/sm_1696939997.698451.jpg 1024w, https:\/\/static.africa-press.net\/djibouti\/sites\/52\/2023\/10\/sm_1696939997.698451-300x200.jpg 300w, https:\/\/static.africa-press.net\/djibouti\/sites\/52\/2023\/10\/sm_1696939997.698451-768x512.jpg 768w\" sizes=\"(max-width: 1024px) 100vw, 1024px\" alt=\"\">\r\n                            <\/a>\r\n                            \r\n                        <\/figure>\r\n                    <\/div>\r\n                            <\/div>\r\n                        <\/div>\r\n\r\n                        <div class = \"td-doubleSlider-2\">\r\n                            <div class = \"td-slider\">\r\n                                \r\n                    <div class = \"td-button td-item1\">\r\n                        <div class = \"td-border\"><\/div>\r\n                    <\/div>\r\n                    <div class = \"td-button td-item2\">\r\n                        <div class = \"td-border\"><\/div>\r\n                    <\/div>\r\n                            <\/div>\r\n                        <\/div>\r\n\r\n                    <\/div>\r\n\r\n                <\/div>\r\n                \n<p><strong>Pour plus d&rsquo;informations et d&rsquo;analyses sur la <a href=\"https:\/\/www.africa-press.net\/djibouti\">Djibouti<\/a>, suivez <a href=\"https:\/\/www.africa-press.net\/\">Africa-Press<\/a><\/strong><\/p>\n","protected":false},"excerpt":{"rendered":"<p>Africa-Press &#8211; Djibouti. Le Chef d\u2019E\u0301tat-major Ge\u0301ne\u0301ral des Arme\u0301es, le Ge\u0301ne\u0301ral de Corps d\u2019Arme\u0301e Zakaria Cheick Ibrahim, a effectue\u0301 hier une inspection ge\u0301ne\u0301rale sur la piste de de\u0301file\u0301 de Cheick Osman. L\u2019objectif principal e\u0301tait de contro\u0302ler les effectifs et les e\u0301quipements de toutes les branches des forces de de\u0301fense et de se\u0301curite\u0301 de la Re\u0301publique [&hellip;]<\/p>\n","protected":false},"author":82,"featured_media":18940,"comment_status":"open","ping_status":"closed","sticky":false,"template":"","format":"standard","meta":{"footnotes":""},"categories":[8,2,10],"tags":[36,49,50],"class_list":["post-18941","post","type-post","status-publish","format-standard","has-post-thumbnail","hentry","category-photo","category-politique","category-toutes-les-actualites","tag-africa-press","tag-africa-press-djibouti","tag-djibouti"],"yoast_head":"<!-- This site is optimized with the Yoast SEO Premium plugin v26.1 (Yoast SEO v27.0) - https:\/\/yoast.com\/product\/yoast-seo-premium-wordpress\/ -->\n<title>Inspection g\u00e9n\u00e9rale des forces de d\u00e9fense et de s\u00e9curit\u00e9 - Djibouti<\/title>\n<meta name=\"description\" content=\"Le Chef d\u2019E\u0301tat-major Ge\u0301ne\u0301ral des Arme\u0301es, le Ge\u0301ne\u0301ral de Corps d\u2019Arme\u0301e Zakaria Cheick Ibrahim, a effectue\u0301 hier une ...\" \/>\n<meta name=\"robots\" content=\"index, follow, max-snippet:-1, max-image-preview:large, max-video-preview:-1\" \/>\n<link rel=\"canonical\" href=\"https:\/\/www.africa-press.net\/djibouti\/politique\/inspection-generale-des-forces-de-defense-et-de-securite\" \/>\n<meta property=\"og:locale\" content=\"fr_FR\" \/>\n<meta property=\"og:type\" content=\"article\" \/>\n<meta property=\"og:title\" content=\"Inspection g\u00e9n\u00e9rale des forces de d\u00e9fense et de s\u00e9curit\u00e9\" \/>\n<meta property=\"og:description\" content=\"Le Chef d\u2019E\u0301tat-major Ge\u0301ne\u0301ral des Arme\u0301es, le Ge\u0301ne\u0301ral de Corps d\u2019Arme\u0301e Zakaria Cheick Ibrahim, a effectue\u0301 hier une ...\" \/>\n<meta property=\"og:url\" content=\"https:\/\/www.africa-press.net\/djibouti\/politique\/inspection-generale-des-forces-de-defense-et-de-securite\" \/>\n<meta property=\"og:site_name\" content=\"Djibouti\" \/>\n<meta property=\"article:published_time\" content=\"2023-10-10T14:47:45+00:00\" \/>\n<meta property=\"article:modified_time\" content=\"2023-10-10T15:44:22+00:00\" \/>\n<meta property=\"og:image\" content=\"https:\/\/static.africa-press.net\/djibouti\/sites\/52\/2023\/10\/sm_1696940024.871677.jpg\" \/>\n\t<meta property=\"og:image:width\" content=\"720\" \/>\n\t<meta property=\"og:image:height\" content=\"480\" \/>\n\t<meta property=\"og:image:type\" content=\"image\/jpeg\" \/>\n<meta name=\"author\" content=\"cfeditorfr\" \/>\n<meta name=\"twitter:card\" content=\"summary_large_image\" \/>\n<meta name=\"twitter:label1\" content=\"\u00c9crit par\" \/>\n\t<meta name=\"twitter:data1\" content=\"cfeditorfr\" \/>\n\t<meta name=\"twitter:label2\" content=\"Dur\u00e9e de lecture estim\u00e9e\" \/>\n\t<meta name=\"twitter:data2\" content=\"2 minutes\" \/>\n<script type=\"application\/ld+json\" class=\"yoast-schema-graph\">{\"@context\":\"https:\/\/schema.org\",\"@graph\":[{\"@type\":\"Article\",\"@id\":\"https:\/\/www.africa-press.net\/djibouti\/politique\/inspection-generale-des-forces-de-defense-et-de-securite#article\",\"isPartOf\":{\"@id\":\"https:\/\/www.africa-press.net\/djibouti\/politique\/inspection-generale-des-forces-de-defense-et-de-securite\"},\"author\":{\"name\":\"cfeditorfr\",\"@id\":\"https:\/\/www.africa-press.net\/djibouti\/#\/schema\/person\/2b1cf3cd81a31e3cd26889ca66d677f1\"},\"headline\":\"Inspection g\u00e9n\u00e9rale des forces de d\u00e9fense et de s\u00e9curit\u00e9\",\"datePublished\":\"2023-10-10T14:47:45+00:00\",\"dateModified\":\"2023-10-10T15:44:22+00:00\",\"mainEntityOfPage\":{\"@id\":\"https:\/\/www.africa-press.net\/djibouti\/politique\/inspection-generale-des-forces-de-defense-et-de-securite\"},\"wordCount\":287,\"commentCount\":0,\"image\":{\"@id\":\"https:\/\/www.africa-press.net\/djibouti\/politique\/inspection-generale-des-forces-de-defense-et-de-securite#primaryimage\"},\"thumbnailUrl\":\"https:\/\/static.africa-press.net\/djibouti\/sites\/52\/2023\/10\/sm_1696940024.871677.jpg\",\"keywords\":[\"Africa Press\",\"Africa Press-Djibouti\",\"Djibouti\"],\"articleSection\":[\"Photo\",\"Politique\",\"Toutes les actualit\u00e9s\"],\"inLanguage\":\"fr-FR\",\"potentialAction\":[{\"@type\":\"CommentAction\",\"name\":\"Comment\",\"target\":[\"https:\/\/www.africa-press.net\/djibouti\/politique\/inspection-generale-des-forces-de-defense-et-de-securite#respond\"]}]},{\"@type\":\"WebPage\",\"@id\":\"https:\/\/www.africa-press.net\/djibouti\/politique\/inspection-generale-des-forces-de-defense-et-de-securite\",\"url\":\"https:\/\/www.africa-press.net\/djibouti\/politique\/inspection-generale-des-forces-de-defense-et-de-securite\",\"name\":\"Inspection g\u00e9n\u00e9rale des forces de d\u00e9fense et de s\u00e9curit\u00e9 - Djibouti\",\"isPartOf\":{\"@id\":\"https:\/\/www.africa-press.net\/djibouti\/#website\"},\"primaryImageOfPage\":{\"@id\":\"https:\/\/www.africa-press.net\/djibouti\/politique\/inspection-generale-des-forces-de-defense-et-de-securite#primaryimage\"},\"image\":{\"@id\":\"https:\/\/www.africa-press.net\/djibouti\/politique\/inspection-generale-des-forces-de-defense-et-de-securite#primaryimage\"},\"thumbnailUrl\":\"https:\/\/static.africa-press.net\/djibouti\/sites\/52\/2023\/10\/sm_1696940024.871677.jpg\",\"datePublished\":\"2023-10-10T14:47:45+00:00\",\"dateModified\":\"2023-10-10T15:44:22+00:00\",\"author\":{\"@id\":\"https:\/\/www.africa-press.net\/djibouti\/#\/schema\/person\/2b1cf3cd81a31e3cd26889ca66d677f1\"},\"description\":\"Le Chef d\u2019E\u0301tat-major Ge\u0301ne\u0301ral des Arme\u0301es, le Ge\u0301ne\u0301ral de Corps d\u2019Arme\u0301e Zakaria Cheick Ibrahim, a effectue\u0301 hier une ...\",\"breadcrumb\":{\"@id\":\"https:\/\/www.africa-press.net\/djibouti\/politique\/inspection-generale-des-forces-de-defense-et-de-securite#breadcrumb\"},\"inLanguage\":\"fr-FR\",\"potentialAction\":[{\"@type\":\"ReadAction\",\"target\":[\"https:\/\/www.africa-press.net\/djibouti\/politique\/inspection-generale-des-forces-de-defense-et-de-securite\"]}]},{\"@type\":\"ImageObject\",\"inLanguage\":\"fr-FR\",\"@id\":\"https:\/\/www.africa-press.net\/djibouti\/politique\/inspection-generale-des-forces-de-defense-et-de-securite#primaryimage\",\"url\":\"https:\/\/static.africa-press.net\/djibouti\/sites\/52\/2023\/10\/sm_1696940024.871677.jpg\",\"contentUrl\":\"https:\/\/static.africa-press.net\/djibouti\/sites\/52\/2023\/10\/sm_1696940024.871677.jpg\",\"width\":720,\"height\":480,\"caption\":\"Inspection g\u00e9n\u00e9rale des forces de d\u00e9fense et de s\u00e9curit\u00e9\"},{\"@type\":\"BreadcrumbList\",\"@id\":\"https:\/\/www.africa-press.net\/djibouti\/politique\/inspection-generale-des-forces-de-defense-et-de-securite#breadcrumb\",\"itemListElement\":[{\"@type\":\"ListItem\",\"position\":1,\"name\":\"Accueil\",\"item\":\"https:\/\/www.africa-press.net\/djibouti\/\"},{\"@type\":\"ListItem\",\"position\":2,\"name\":\"Inspection g\u00e9n\u00e9rale des forces de d\u00e9fense et de s\u00e9curit\u00e9\"}]},{\"@type\":\"WebSite\",\"@id\":\"https:\/\/www.africa-press.net\/djibouti\/#website\",\"url\":\"https:\/\/www.africa-press.net\/djibouti\/\",\"name\":\"Djibouti\",\"description\":\"Just another Africa News Agency Sites site\",\"potentialAction\":[{\"@type\":\"SearchAction\",\"target\":{\"@type\":\"EntryPoint\",\"urlTemplate\":\"https:\/\/www.africa-press.net\/djibouti\/?s={search_term_string}\"},\"query-input\":{\"@type\":\"PropertyValueSpecification\",\"valueRequired\":true,\"valueName\":\"search_term_string\"}}],\"inLanguage\":\"fr-FR\"},{\"@type\":\"Person\",\"@id\":\"https:\/\/www.africa-press.net\/djibouti\/#\/schema\/person\/2b1cf3cd81a31e3cd26889ca66d677f1\",\"name\":\"cfeditorfr\"}]}<\/script>\n<!-- \/ Yoast SEO Premium plugin. -->","yoast_head_json":{"title":"Inspection g\u00e9n\u00e9rale des forces de d\u00e9fense et de s\u00e9curit\u00e9 - Djibouti","description":"Le Chef d\u2019E\u0301tat-major Ge\u0301ne\u0301ral des Arme\u0301es, le Ge\u0301ne\u0301ral de Corps d\u2019Arme\u0301e Zakaria Cheick Ibrahim, a effectue\u0301 hier une ...","robots":{"index":"index","follow":"follow","max-snippet":"max-snippet:-1","max-image-preview":"max-image-preview:large","max-video-preview":"max-video-preview:-1"},"canonical":"https:\/\/www.africa-press.net\/djibouti\/politique\/inspection-generale-des-forces-de-defense-et-de-securite","og_locale":"fr_FR","og_type":"article","og_title":"Inspection g\u00e9n\u00e9rale des forces de d\u00e9fense et de s\u00e9curit\u00e9","og_description":"Le Chef d\u2019E\u0301tat-major Ge\u0301ne\u0301ral des Arme\u0301es, le Ge\u0301ne\u0301ral de Corps d\u2019Arme\u0301e Zakaria Cheick Ibrahim, a effectue\u0301 hier une ...","og_url":"https:\/\/www.africa-press.net\/djibouti\/politique\/inspection-generale-des-forces-de-defense-et-de-securite","og_site_name":"Djibouti","article_published_time":"2023-10-10T14:47:45+00:00","article_modified_time":"2023-10-10T15:44:22+00:00","og_image":[{"width":720,"height":480,"url":"https:\/\/static.africa-press.net\/djibouti\/sites\/52\/2023\/10\/sm_1696940024.871677.jpg","type":"image\/jpeg"}],"author":"cfeditorfr","twitter_card":"summary_large_image","twitter_misc":{"\u00c9crit par":"cfeditorfr","Dur\u00e9e de lecture estim\u00e9e":"2 minutes"},"schema":{"@context":"https:\/\/schema.org","@graph":[{"@type":"Article","@id":"https:\/\/www.africa-press.net\/djibouti\/politique\/inspection-generale-des-forces-de-defense-et-de-securite#article","isPartOf":{"@id":"https:\/\/www.africa-press.net\/djibouti\/politique\/inspection-generale-des-forces-de-defense-et-de-securite"},"author":{"name":"cfeditorfr","@id":"https:\/\/www.africa-press.net\/djibouti\/#\/schema\/person\/2b1cf3cd81a31e3cd26889ca66d677f1"},"headline":"Inspection g\u00e9n\u00e9rale des forces de d\u00e9fense et de s\u00e9curit\u00e9","datePublished":"2023-10-10T14:47:45+00:00","dateModified":"2023-10-10T15:44:22+00:00","mainEntityOfPage":{"@id":"https:\/\/www.africa-press.net\/djibouti\/politique\/inspection-generale-des-forces-de-defense-et-de-securite"},"wordCount":287,"commentCount":0,"image":{"@id":"https:\/\/www.africa-press.net\/djibouti\/politique\/inspection-generale-des-forces-de-defense-et-de-securite#primaryimage"},"thumbnailUrl":"https:\/\/static.africa-press.net\/djibouti\/sites\/52\/2023\/10\/sm_1696940024.871677.jpg","keywords":["Africa Press","Africa Press-Djibouti","Djibouti"],"articleSection":["Photo","Politique","Toutes les actualit\u00e9s"],"inLanguage":"fr-FR","potentialAction":[{"@type":"CommentAction","name":"Comment","target":["https:\/\/www.africa-press.net\/djibouti\/politique\/inspection-generale-des-forces-de-defense-et-de-securite#respond"]}]},{"@type":"WebPage","@id":"https:\/\/www.africa-press.net\/djibouti\/politique\/inspection-generale-des-forces-de-defense-et-de-securite","url":"https:\/\/www.africa-press.net\/djibouti\/politique\/inspection-generale-des-forces-de-defense-et-de-securite","name":"Inspection g\u00e9n\u00e9rale des forces de d\u00e9fense et de s\u00e9curit\u00e9 - Djibouti","isPartOf":{"@id":"https:\/\/www.africa-press.net\/djibouti\/#website"},"primaryImageOfPage":{"@id":"https:\/\/www.africa-press.net\/djibouti\/politique\/inspection-generale-des-forces-de-defense-et-de-securite#primaryimage"},"image":{"@id":"https:\/\/www.africa-press.net\/djibouti\/politique\/inspection-generale-des-forces-de-defense-et-de-securite#primaryimage"},"thumbnailUrl":"https:\/\/static.africa-press.net\/djibouti\/sites\/52\/2023\/10\/sm_1696940024.871677.jpg","datePublished":"2023-10-10T14:47:45+00:00","dateModified":"2023-10-10T15:44:22+00:00","author":{"@id":"https:\/\/www.africa-press.net\/djibouti\/#\/schema\/person\/2b1cf3cd81a31e3cd26889ca66d677f1"},"description":"Le Chef d\u2019E\u0301tat-major Ge\u0301ne\u0301ral des Arme\u0301es, le Ge\u0301ne\u0301ral de Corps d\u2019Arme\u0301e Zakaria Cheick Ibrahim, a effectue\u0301 hier une ...","breadcrumb":{"@id":"https:\/\/www.africa-press.net\/djibouti\/politique\/inspection-generale-des-forces-de-defense-et-de-securite#breadcrumb"},"inLanguage":"fr-FR","potentialAction":[{"@type":"ReadAction","target":["https:\/\/www.africa-press.net\/djibouti\/politique\/inspection-generale-des-forces-de-defense-et-de-securite"]}]},{"@type":"ImageObject","inLanguage":"fr-FR","@id":"https:\/\/www.africa-press.net\/djibouti\/politique\/inspection-generale-des-forces-de-defense-et-de-securite#primaryimage","url":"https:\/\/static.africa-press.net\/djibouti\/sites\/52\/2023\/10\/sm_1696940024.871677.jpg","contentUrl":"https:\/\/static.africa-press.net\/djibouti\/sites\/52\/2023\/10\/sm_1696940024.871677.jpg","width":720,"height":480,"caption":"Inspection g\u00e9n\u00e9rale des forces de d\u00e9fense et de s\u00e9curit\u00e9"},{"@type":"BreadcrumbList","@id":"https:\/\/www.africa-press.net\/djibouti\/politique\/inspection-generale-des-forces-de-defense-et-de-securite#breadcrumb","itemListElement":[{"@type":"ListItem","position":1,"name":"Accueil","item":"https:\/\/www.africa-press.net\/djibouti\/"},{"@type":"ListItem","position":2,"name":"Inspection g\u00e9n\u00e9rale des forces de d\u00e9fense et de s\u00e9curit\u00e9"}]},{"@type":"WebSite","@id":"https:\/\/www.africa-press.net\/djibouti\/#website","url":"https:\/\/www.africa-press.net\/djibouti\/","name":"Djibouti","description":"Just another Africa News Agency Sites site","potentialAction":[{"@type":"SearchAction","target":{"@type":"EntryPoint","urlTemplate":"https:\/\/www.africa-press.net\/djibouti\/?s={search_term_string}"},"query-input":{"@type":"PropertyValueSpecification","valueRequired":true,"valueName":"search_term_string"}}],"inLanguage":"fr-FR"},{"@type":"Person","@id":"https:\/\/www.africa-press.net\/djibouti\/#\/schema\/person\/2b1cf3cd81a31e3cd26889ca66d677f1","name":"cfeditorfr"}]}},"_links":{"self":[{"href":"https:\/\/www.africa-press.net\/djibouti\/wp-json\/wp\/v2\/posts\/18941","targetHints":{"allow":["GET"]}}],"collection":[{"href":"https:\/\/www.africa-press.net\/djibouti\/wp-json\/wp\/v2\/posts"}],"about":[{"href":"https:\/\/www.africa-press.net\/djibouti\/wp-json\/wp\/v2\/types\/post"}],"author":[{"embeddable":true,"href":"https:\/\/www.africa-press.net\/djibouti\/wp-json\/wp\/v2\/users\/82"}],"replies":[{"embeddable":true,"href":"https:\/\/www.africa-press.net\/djibouti\/wp-json\/wp\/v2\/comments?post=18941"}],"version-history":[{"count":0,"href":"https:\/\/www.africa-press.net\/djibouti\/wp-json\/wp\/v2\/posts\/18941\/revisions"}],"wp:featuredmedia":[{"embeddable":true,"href":"https:\/\/www.africa-press.net\/djibouti\/wp-json\/wp\/v2\/media\/18940"}],"wp:attachment":[{"href":"https:\/\/www.africa-press.net\/djibouti\/wp-json\/wp\/v2\/media?parent=18941"}],"wp:term":[{"taxonomy":"category","embeddable":true,"href":"https:\/\/www.africa-press.net\/djibouti\/wp-json\/wp\/v2\/categories?post=18941"},{"taxonomy":"post_tag","embeddable":true,"href":"https:\/\/www.africa-press.net\/djibouti\/wp-json\/wp\/v2\/tags?post=18941"}],"curies":[{"name":"wp","href":"https:\/\/api.w.org\/{rel}","templated":true}]}}