{"id":18947,"date":"2023-10-10T14:48:31","date_gmt":"2023-10-10T14:48:31","guid":{"rendered":"https:\/\/www.africa-press.net\/djibouti\/politique\/ledile-de-la-capitale-recoit-le-commandant-de-la-base-italienne-a-djibouti"},"modified":"2023-10-10T15:45:20","modified_gmt":"2023-10-10T15:45:20","slug":"ledile-de-la-capitale-recoit-le-commandant-de-la-base-italienne-a-djibouti","status":"publish","type":"post","link":"https:\/\/www.africa-press.net\/djibouti\/politique\/ledile-de-la-capitale-recoit-le-commandant-de-la-base-italienne-a-djibouti","title":{"rendered":"L\u2019\u00e9dile de la capitale re\u00e7oit le commandant de la base Italienne \u00e0 Djibouti"},"content":{"rendered":"<p><span style=\"color: #ff6600\"><strong>Africa-Press &#8211; Djibouti. <\/strong><\/span><b>Le Maire de la capitale, M. Sai\u0308d Daoud Mohamed a rec\u0327u dans son cabinet dimanche 8 octobre le commandant de la base Italienne de soutien a\u0300 Djibouti, M. Marco Maraglino.<\/b><\/p>\n<p>La rencontre s\u2019est de\u0301roule\u0301e dans une ambiance chaleureuse entre le chef de la municipalite\u0301 de Djibouti et le commandant italien. Les relations d\u2019amitie\u0301 et les liens de coope\u0301ration e\u0301taient au centre des discussions entre les deux parties.<\/p>\n<p>Les discussions ont e\u0301galement porte\u0301 sur des initiatives conjointes qui vise a\u0300 consolider les liens entre les militaires et les civils, comme des e\u0301ve\u0301nements communautaires, des programmes e\u0301ducatifs et des projets de de\u0301veloppement local.<\/p>\n<p>Le Maire de la capitale M. Sai\u0308d Daoud Mohamed a exprime\u0301 sa gratitude envers les militaires de la base italienne pour leur engagement pour la se\u0301curite\u0301 et le bien-e\u0302tre de la communaute\u0301 locale. Il a souligne\u0301 l\u2019importance de cultiver des relations amicales et de travailler ensemble pour relever les de\u0301fis auxquels la re\u0301gion peut e\u0302tre confronte\u0301e.<\/p>\n<p>De son co\u0302te\u0301 le Commandant, M. Marco Maraglino a partage\u0301 des sentiments similaires, mettant en avant l\u2019esprit de fraternite\u0301 qui caracte\u0301rise la coope\u0301ration entre la base italienne et la municipalite\u0301 de Djibouti. Il a insiste\u0301 sur l\u2019importance de la confiance mutuelle dans la re\u0301alisation des objectifs communs, tels que la se\u0301curite\u0301, le de\u0301veloppement et le bien-e\u0302tre de la population. Ensigne de l\u2019engagement envers cette amitie\u0301 et cette coordination fructueuse, le Maire de Djibouti, M. Sai\u0308d Daoud Mohamed et le Commandant, M. Marco Maraglino ont e\u0301change\u0301 des cadeaux, scellant ainsi leur volonte\u0301 commune de travailler main dans la main pour le bien de la communaute\u0301. Cette nouvelle e\u0300re de coope\u0301ration amicale et fraternelle entre le Maire de Djibouti et le Commandant de la Base Italienne de soutien te\u0301moigne de la force des liens humains au-dela\u0300 des frontie\u0300res institutionnelles, ouvrant la voie a\u0300 un avenir prometteur pour la collaboration civile et militaire a\u0300 Djibouti.<\/p>\n<p>La rencontre a vu la participation, le chef de section de commandement, M. Miche\u0300le Urbano, le chief de la COCIM, M. Fabio Schiavone, le directeur technique, M. Osman Abdi et le secre\u0301taire ge\u0301ne\u0301rale du conseil de la ville, M.Aden Kayad.<\/p>\n<p><strong>Pour plus d&rsquo;informations et d&rsquo;analyses sur la <a href=\"https:\/\/www.africa-press.net\/djibouti\">Djibouti<\/a>, suivez <a href=\"https:\/\/www.africa-press.net\/\">Africa-Press<\/a><\/strong><\/p>\n","protected":false},"excerpt":{"rendered":"<p>Africa-Press &#8211; Djibouti. Le Maire de la capitale, M. Sai\u0308d Daoud Mohamed a rec\u0327u dans son cabinet dimanche 8 octobre le commandant de la base Italienne de soutien a\u0300 Djibouti, M. Marco Maraglino. La rencontre s\u2019est de\u0301roule\u0301e dans une ambiance chaleureuse entre le chef de la municipalite\u0301 de Djibouti et le commandant italien. Les relations [&hellip;]<\/p>\n","protected":false},"author":82,"featured_media":18945,"comment_status":"open","ping_status":"closed","sticky":false,"template":"","format":"standard","meta":{"footnotes":""},"categories":[2,10],"tags":[36,49,50],"class_list":["post-18947","post","type-post","status-publish","format-standard","has-post-thumbnail","hentry","category-politique","category-toutes-les-actualites","tag-africa-press","tag-africa-press-djibouti","tag-djibouti"],"yoast_head":"<!-- This site is optimized with the Yoast SEO Premium plugin v26.1 (Yoast SEO v27.0) - https:\/\/yoast.com\/product\/yoast-seo-premium-wordpress\/ -->\n<title>L\u2019\u00e9dile de la capitale re\u00e7oit le commandant de la base Italienne \u00e0 Djibouti - Djibouti<\/title>\n<meta name=\"description\" content=\"Le Maire de la capitale, M. Sai\u0308d Daoud Mohamed a rec\u0327u dans son cabinet dimanche 8 octobre le commandant de la base ...\" \/>\n<meta name=\"robots\" content=\"index, follow, max-snippet:-1, max-image-preview:large, max-video-preview:-1\" \/>\n<link rel=\"canonical\" href=\"https:\/\/www.africa-press.net\/djibouti\/politique\/ledile-de-la-capitale-recoit-le-commandant-de-la-base-italienne-a-djibouti\" \/>\n<meta property=\"og:locale\" content=\"fr_FR\" \/>\n<meta property=\"og:type\" content=\"article\" \/>\n<meta property=\"og:title\" content=\"L\u2019\u00e9dile de la capitale re\u00e7oit le commandant de la base Italienne \u00e0 Djibouti\" \/>\n<meta property=\"og:description\" content=\"Le Maire de la capitale, M. Sai\u0308d Daoud Mohamed a rec\u0327u dans son cabinet dimanche 8 octobre le commandant de la base ...\" \/>\n<meta property=\"og:url\" content=\"https:\/\/www.africa-press.net\/djibouti\/politique\/ledile-de-la-capitale-recoit-le-commandant-de-la-base-italienne-a-djibouti\" \/>\n<meta property=\"og:site_name\" content=\"Djibouti\" \/>\n<meta property=\"article:published_time\" content=\"2023-10-10T14:48:31+00:00\" \/>\n<meta property=\"article:modified_time\" content=\"2023-10-10T15:45:20+00:00\" \/>\n<meta property=\"og:image\" content=\"https:\/\/static.africa-press.net\/djibouti\/sites\/52\/2023\/10\/sm_1696940078.036077.jpg\" \/>\n\t<meta property=\"og:image:width\" content=\"768\" \/>\n\t<meta property=\"og:image:height\" content=\"512\" \/>\n\t<meta property=\"og:image:type\" content=\"image\/jpeg\" \/>\n<meta name=\"author\" content=\"cfeditorfr\" \/>\n<meta name=\"twitter:card\" content=\"summary_large_image\" \/>\n<meta name=\"twitter:label1\" content=\"\u00c9crit par\" \/>\n\t<meta name=\"twitter:data1\" content=\"cfeditorfr\" \/>\n\t<meta name=\"twitter:label2\" content=\"Dur\u00e9e de lecture estim\u00e9e\" \/>\n\t<meta name=\"twitter:data2\" content=\"2 minutes\" \/>\n<script type=\"application\/ld+json\" class=\"yoast-schema-graph\">{\"@context\":\"https:\/\/schema.org\",\"@graph\":[{\"@type\":\"Article\",\"@id\":\"https:\/\/www.africa-press.net\/djibouti\/politique\/ledile-de-la-capitale-recoit-le-commandant-de-la-base-italienne-a-djibouti#article\",\"isPartOf\":{\"@id\":\"https:\/\/www.africa-press.net\/djibouti\/politique\/ledile-de-la-capitale-recoit-le-commandant-de-la-base-italienne-a-djibouti\"},\"author\":{\"name\":\"cfeditorfr\",\"@id\":\"https:\/\/www.africa-press.net\/djibouti\/#\/schema\/person\/2b1cf3cd81a31e3cd26889ca66d677f1\"},\"headline\":\"L\u2019\u00e9dile de la capitale re\u00e7oit le commandant de la base Italienne \u00e0 Djibouti\",\"datePublished\":\"2023-10-10T14:48:31+00:00\",\"dateModified\":\"2023-10-10T15:45:20+00:00\",\"mainEntityOfPage\":{\"@id\":\"https:\/\/www.africa-press.net\/djibouti\/politique\/ledile-de-la-capitale-recoit-le-commandant-de-la-base-italienne-a-djibouti\"},\"wordCount\":419,\"commentCount\":0,\"image\":{\"@id\":\"https:\/\/www.africa-press.net\/djibouti\/politique\/ledile-de-la-capitale-recoit-le-commandant-de-la-base-italienne-a-djibouti#primaryimage\"},\"thumbnailUrl\":\"https:\/\/static.africa-press.net\/djibouti\/sites\/52\/2023\/10\/sm_1696940078.036077.jpg\",\"keywords\":[\"Africa Press\",\"Africa Press-Djibouti\",\"Djibouti\"],\"articleSection\":[\"Politique\",\"Toutes les actualit\u00e9s\"],\"inLanguage\":\"fr-FR\",\"potentialAction\":[{\"@type\":\"CommentAction\",\"name\":\"Comment\",\"target\":[\"https:\/\/www.africa-press.net\/djibouti\/politique\/ledile-de-la-capitale-recoit-le-commandant-de-la-base-italienne-a-djibouti#respond\"]}]},{\"@type\":\"WebPage\",\"@id\":\"https:\/\/www.africa-press.net\/djibouti\/politique\/ledile-de-la-capitale-recoit-le-commandant-de-la-base-italienne-a-djibouti\",\"url\":\"https:\/\/www.africa-press.net\/djibouti\/politique\/ledile-de-la-capitale-recoit-le-commandant-de-la-base-italienne-a-djibouti\",\"name\":\"L\u2019\u00e9dile de la capitale re\u00e7oit le commandant de la base Italienne \u00e0 Djibouti - Djibouti\",\"isPartOf\":{\"@id\":\"https:\/\/www.africa-press.net\/djibouti\/#website\"},\"primaryImageOfPage\":{\"@id\":\"https:\/\/www.africa-press.net\/djibouti\/politique\/ledile-de-la-capitale-recoit-le-commandant-de-la-base-italienne-a-djibouti#primaryimage\"},\"image\":{\"@id\":\"https:\/\/www.africa-press.net\/djibouti\/politique\/ledile-de-la-capitale-recoit-le-commandant-de-la-base-italienne-a-djibouti#primaryimage\"},\"thumbnailUrl\":\"https:\/\/static.africa-press.net\/djibouti\/sites\/52\/2023\/10\/sm_1696940078.036077.jpg\",\"datePublished\":\"2023-10-10T14:48:31+00:00\",\"dateModified\":\"2023-10-10T15:45:20+00:00\",\"author\":{\"@id\":\"https:\/\/www.africa-press.net\/djibouti\/#\/schema\/person\/2b1cf3cd81a31e3cd26889ca66d677f1\"},\"description\":\"Le Maire de la capitale, M. Sai\u0308d Daoud Mohamed a rec\u0327u dans son cabinet dimanche 8 octobre le commandant de la base ...\",\"breadcrumb\":{\"@id\":\"https:\/\/www.africa-press.net\/djibouti\/politique\/ledile-de-la-capitale-recoit-le-commandant-de-la-base-italienne-a-djibouti#breadcrumb\"},\"inLanguage\":\"fr-FR\",\"potentialAction\":[{\"@type\":\"ReadAction\",\"target\":[\"https:\/\/www.africa-press.net\/djibouti\/politique\/ledile-de-la-capitale-recoit-le-commandant-de-la-base-italienne-a-djibouti\"]}]},{\"@type\":\"ImageObject\",\"inLanguage\":\"fr-FR\",\"@id\":\"https:\/\/www.africa-press.net\/djibouti\/politique\/ledile-de-la-capitale-recoit-le-commandant-de-la-base-italienne-a-djibouti#primaryimage\",\"url\":\"https:\/\/static.africa-press.net\/djibouti\/sites\/52\/2023\/10\/sm_1696940078.036077.jpg\",\"contentUrl\":\"https:\/\/static.africa-press.net\/djibouti\/sites\/52\/2023\/10\/sm_1696940078.036077.jpg\",\"width\":768,\"height\":512,\"caption\":\"L\u2019\u00e9dile de la capitale re\u00e7oit le commandant de la base Italienne \u00e0 Djibouti\"},{\"@type\":\"BreadcrumbList\",\"@id\":\"https:\/\/www.africa-press.net\/djibouti\/politique\/ledile-de-la-capitale-recoit-le-commandant-de-la-base-italienne-a-djibouti#breadcrumb\",\"itemListElement\":[{\"@type\":\"ListItem\",\"position\":1,\"name\":\"Accueil\",\"item\":\"https:\/\/www.africa-press.net\/djibouti\/\"},{\"@type\":\"ListItem\",\"position\":2,\"name\":\"L\u2019\u00e9dile de la capitale re\u00e7oit le commandant de la base Italienne \u00e0 Djibouti\"}]},{\"@type\":\"WebSite\",\"@id\":\"https:\/\/www.africa-press.net\/djibouti\/#website\",\"url\":\"https:\/\/www.africa-press.net\/djibouti\/\",\"name\":\"Djibouti\",\"description\":\"Just another Africa News Agency Sites site\",\"potentialAction\":[{\"@type\":\"SearchAction\",\"target\":{\"@type\":\"EntryPoint\",\"urlTemplate\":\"https:\/\/www.africa-press.net\/djibouti\/?s={search_term_string}\"},\"query-input\":{\"@type\":\"PropertyValueSpecification\",\"valueRequired\":true,\"valueName\":\"search_term_string\"}}],\"inLanguage\":\"fr-FR\"},{\"@type\":\"Person\",\"@id\":\"https:\/\/www.africa-press.net\/djibouti\/#\/schema\/person\/2b1cf3cd81a31e3cd26889ca66d677f1\",\"name\":\"cfeditorfr\"}]}<\/script>\n<!-- \/ Yoast SEO Premium plugin. -->","yoast_head_json":{"title":"L\u2019\u00e9dile de la capitale re\u00e7oit le commandant de la base Italienne \u00e0 Djibouti - Djibouti","description":"Le Maire de la capitale, M. Sai\u0308d Daoud Mohamed a rec\u0327u dans son cabinet dimanche 8 octobre le commandant de la base ...","robots":{"index":"index","follow":"follow","max-snippet":"max-snippet:-1","max-image-preview":"max-image-preview:large","max-video-preview":"max-video-preview:-1"},"canonical":"https:\/\/www.africa-press.net\/djibouti\/politique\/ledile-de-la-capitale-recoit-le-commandant-de-la-base-italienne-a-djibouti","og_locale":"fr_FR","og_type":"article","og_title":"L\u2019\u00e9dile de la capitale re\u00e7oit le commandant de la base Italienne \u00e0 Djibouti","og_description":"Le Maire de la capitale, M. Sai\u0308d Daoud Mohamed a rec\u0327u dans son cabinet dimanche 8 octobre le commandant de la base ...","og_url":"https:\/\/www.africa-press.net\/djibouti\/politique\/ledile-de-la-capitale-recoit-le-commandant-de-la-base-italienne-a-djibouti","og_site_name":"Djibouti","article_published_time":"2023-10-10T14:48:31+00:00","article_modified_time":"2023-10-10T15:45:20+00:00","og_image":[{"width":768,"height":512,"url":"https:\/\/static.africa-press.net\/djibouti\/sites\/52\/2023\/10\/sm_1696940078.036077.jpg","type":"image\/jpeg"}],"author":"cfeditorfr","twitter_card":"summary_large_image","twitter_misc":{"\u00c9crit par":"cfeditorfr","Dur\u00e9e de lecture estim\u00e9e":"2 minutes"},"schema":{"@context":"https:\/\/schema.org","@graph":[{"@type":"Article","@id":"https:\/\/www.africa-press.net\/djibouti\/politique\/ledile-de-la-capitale-recoit-le-commandant-de-la-base-italienne-a-djibouti#article","isPartOf":{"@id":"https:\/\/www.africa-press.net\/djibouti\/politique\/ledile-de-la-capitale-recoit-le-commandant-de-la-base-italienne-a-djibouti"},"author":{"name":"cfeditorfr","@id":"https:\/\/www.africa-press.net\/djibouti\/#\/schema\/person\/2b1cf3cd81a31e3cd26889ca66d677f1"},"headline":"L\u2019\u00e9dile de la capitale re\u00e7oit le commandant de la base Italienne \u00e0 Djibouti","datePublished":"2023-10-10T14:48:31+00:00","dateModified":"2023-10-10T15:45:20+00:00","mainEntityOfPage":{"@id":"https:\/\/www.africa-press.net\/djibouti\/politique\/ledile-de-la-capitale-recoit-le-commandant-de-la-base-italienne-a-djibouti"},"wordCount":419,"commentCount":0,"image":{"@id":"https:\/\/www.africa-press.net\/djibouti\/politique\/ledile-de-la-capitale-recoit-le-commandant-de-la-base-italienne-a-djibouti#primaryimage"},"thumbnailUrl":"https:\/\/static.africa-press.net\/djibouti\/sites\/52\/2023\/10\/sm_1696940078.036077.jpg","keywords":["Africa Press","Africa Press-Djibouti","Djibouti"],"articleSection":["Politique","Toutes les actualit\u00e9s"],"inLanguage":"fr-FR","potentialAction":[{"@type":"CommentAction","name":"Comment","target":["https:\/\/www.africa-press.net\/djibouti\/politique\/ledile-de-la-capitale-recoit-le-commandant-de-la-base-italienne-a-djibouti#respond"]}]},{"@type":"WebPage","@id":"https:\/\/www.africa-press.net\/djibouti\/politique\/ledile-de-la-capitale-recoit-le-commandant-de-la-base-italienne-a-djibouti","url":"https:\/\/www.africa-press.net\/djibouti\/politique\/ledile-de-la-capitale-recoit-le-commandant-de-la-base-italienne-a-djibouti","name":"L\u2019\u00e9dile de la capitale re\u00e7oit le commandant de la base Italienne \u00e0 Djibouti - Djibouti","isPartOf":{"@id":"https:\/\/www.africa-press.net\/djibouti\/#website"},"primaryImageOfPage":{"@id":"https:\/\/www.africa-press.net\/djibouti\/politique\/ledile-de-la-capitale-recoit-le-commandant-de-la-base-italienne-a-djibouti#primaryimage"},"image":{"@id":"https:\/\/www.africa-press.net\/djibouti\/politique\/ledile-de-la-capitale-recoit-le-commandant-de-la-base-italienne-a-djibouti#primaryimage"},"thumbnailUrl":"https:\/\/static.africa-press.net\/djibouti\/sites\/52\/2023\/10\/sm_1696940078.036077.jpg","datePublished":"2023-10-10T14:48:31+00:00","dateModified":"2023-10-10T15:45:20+00:00","author":{"@id":"https:\/\/www.africa-press.net\/djibouti\/#\/schema\/person\/2b1cf3cd81a31e3cd26889ca66d677f1"},"description":"Le Maire de la capitale, M. Sai\u0308d Daoud Mohamed a rec\u0327u dans son cabinet dimanche 8 octobre le commandant de la base ...","breadcrumb":{"@id":"https:\/\/www.africa-press.net\/djibouti\/politique\/ledile-de-la-capitale-recoit-le-commandant-de-la-base-italienne-a-djibouti#breadcrumb"},"inLanguage":"fr-FR","potentialAction":[{"@type":"ReadAction","target":["https:\/\/www.africa-press.net\/djibouti\/politique\/ledile-de-la-capitale-recoit-le-commandant-de-la-base-italienne-a-djibouti"]}]},{"@type":"ImageObject","inLanguage":"fr-FR","@id":"https:\/\/www.africa-press.net\/djibouti\/politique\/ledile-de-la-capitale-recoit-le-commandant-de-la-base-italienne-a-djibouti#primaryimage","url":"https:\/\/static.africa-press.net\/djibouti\/sites\/52\/2023\/10\/sm_1696940078.036077.jpg","contentUrl":"https:\/\/static.africa-press.net\/djibouti\/sites\/52\/2023\/10\/sm_1696940078.036077.jpg","width":768,"height":512,"caption":"L\u2019\u00e9dile de la capitale re\u00e7oit le commandant de la base Italienne \u00e0 Djibouti"},{"@type":"BreadcrumbList","@id":"https:\/\/www.africa-press.net\/djibouti\/politique\/ledile-de-la-capitale-recoit-le-commandant-de-la-base-italienne-a-djibouti#breadcrumb","itemListElement":[{"@type":"ListItem","position":1,"name":"Accueil","item":"https:\/\/www.africa-press.net\/djibouti\/"},{"@type":"ListItem","position":2,"name":"L\u2019\u00e9dile de la capitale re\u00e7oit le commandant de la base Italienne \u00e0 Djibouti"}]},{"@type":"WebSite","@id":"https:\/\/www.africa-press.net\/djibouti\/#website","url":"https:\/\/www.africa-press.net\/djibouti\/","name":"Djibouti","description":"Just another Africa News Agency Sites site","potentialAction":[{"@type":"SearchAction","target":{"@type":"EntryPoint","urlTemplate":"https:\/\/www.africa-press.net\/djibouti\/?s={search_term_string}"},"query-input":{"@type":"PropertyValueSpecification","valueRequired":true,"valueName":"search_term_string"}}],"inLanguage":"fr-FR"},{"@type":"Person","@id":"https:\/\/www.africa-press.net\/djibouti\/#\/schema\/person\/2b1cf3cd81a31e3cd26889ca66d677f1","name":"cfeditorfr"}]}},"_links":{"self":[{"href":"https:\/\/www.africa-press.net\/djibouti\/wp-json\/wp\/v2\/posts\/18947","targetHints":{"allow":["GET"]}}],"collection":[{"href":"https:\/\/www.africa-press.net\/djibouti\/wp-json\/wp\/v2\/posts"}],"about":[{"href":"https:\/\/www.africa-press.net\/djibouti\/wp-json\/wp\/v2\/types\/post"}],"author":[{"embeddable":true,"href":"https:\/\/www.africa-press.net\/djibouti\/wp-json\/wp\/v2\/users\/82"}],"replies":[{"embeddable":true,"href":"https:\/\/www.africa-press.net\/djibouti\/wp-json\/wp\/v2\/comments?post=18947"}],"version-history":[{"count":0,"href":"https:\/\/www.africa-press.net\/djibouti\/wp-json\/wp\/v2\/posts\/18947\/revisions"}],"wp:featuredmedia":[{"embeddable":true,"href":"https:\/\/www.africa-press.net\/djibouti\/wp-json\/wp\/v2\/media\/18945"}],"wp:attachment":[{"href":"https:\/\/www.africa-press.net\/djibouti\/wp-json\/wp\/v2\/media?parent=18947"}],"wp:term":[{"taxonomy":"category","embeddable":true,"href":"https:\/\/www.africa-press.net\/djibouti\/wp-json\/wp\/v2\/categories?post=18947"},{"taxonomy":"post_tag","embeddable":true,"href":"https:\/\/www.africa-press.net\/djibouti\/wp-json\/wp\/v2\/tags?post=18947"}],"curies":[{"name":"wp","href":"https:\/\/api.w.org\/{rel}","templated":true}]}}