{"id":18955,"date":"2023-10-10T14:50:16","date_gmt":"2023-10-10T14:50:16","guid":{"rendered":"https:\/\/www.africa-press.net\/djibouti\/politique\/cloture-de-latelier-de-redynamisation-du-comite-technique-multisectoriel-pour-le-developpement-de-la-petite-enfance"},"modified":"2023-10-10T15:47:02","modified_gmt":"2023-10-10T15:47:02","slug":"cloture-de-latelier-de-redynamisation-du-comite-technique-multisectoriel-pour-le-developpement-de-la-petite-enfance","status":"publish","type":"post","link":"https:\/\/www.africa-press.net\/djibouti\/toutes-les-actualites\/cloture-de-latelier-de-redynamisation-du-comite-technique-multisectoriel-pour-le-developpement-de-la-petite-enfance","title":{"rendered":"Cl\u00f4ture de l\u2019atelier de redynamisation du comit\u00e9 technique multisectoriel pour le d\u00e9veloppement de la petite enfance"},"content":{"rendered":"<p><span style=\"color: #ff6600\"><strong>Africa-Press &#8211; Djibouti. <\/strong><\/span>La ministre de la Femme et de la Famille, Mouna Osman Aden, et la repre\u0301sentante de l\u2019USAID a\u0300 Djibouti, Nancy Ostrowski, ont conjointement clo\u0302ture\u0301 jeudi dernier un atelier de redynamisation du comite\u0301 technique multisectoriel pour le de\u0301veloppement de la petite enfance, appuye\u0301 par le projet \u00abJouer pour apprendre \u2013 Play To Learn \u00bb de l\u2019USAID.<\/p>\n<p>Cet atelier a re\u0301uni toutes les parties prenantes travaillant dans le de\u0301veloppement et l\u2019e\u0301ducation de la petite enfance afin de discuter des moyens d\u2019ame\u0301liorer la collaboration entre tous les partenaires.<\/p>\n<p>Rappelons par ailleurs, que ces me\u0302mes membres avaient auparavant participe\u0301 a\u0300 l\u2019e\u0301laboration, la validation et a\u0300 la mise en \u0153uvre du plan strate\u0301gique national pour l\u2019enfance a\u0300 Djibouti, PSNED (2022 \u2013 2026), valide\u0301 en septembre 2021.<\/p>\n<p>Dans son discours, la ministre de la Femme et de la Famille a souligne\u0301 l\u2019importance du de\u0301veloppement de la petite enfance en de\u0301clarant qu\u2019 \u00ab il faut que tous les enfants naissent et vivent prote\u0301ge\u0301s contre les maladies et toutes les formes de violences et discriminations, afin qu\u2019ils puissent de\u0301velopper leur potentiel pour une pleine participation dans la vie de leur pays\u00bb. La ministre a exhorte\u0301 aussi les membres du comite\u0301 a\u0300 mettre tous leurs efforts en pratique pour atteindre l\u2019objectif commun qui est de faire du jeune enfant djiboutien un futur acteur social et e\u0301conomique de la nation.<\/p>\n<p><strong>Pour plus d&rsquo;informations et d&rsquo;analyses sur la <a href=\"https:\/\/www.africa-press.net\/djibouti\">Djibouti<\/a>, suivez <a href=\"https:\/\/www.africa-press.net\/\">Africa-Press<\/a><\/strong><\/p>\n","protected":false},"excerpt":{"rendered":"<p>Africa-Press &#8211; Djibouti. La ministre de la Femme et de la Famille, Mouna Osman Aden, et la repre\u0301sentante de l\u2019USAID a\u0300 Djibouti, Nancy Ostrowski, ont conjointement clo\u0302ture\u0301 jeudi dernier un atelier de redynamisation du comite\u0301 technique multisectoriel pour le de\u0301veloppement de la petite enfance, appuye\u0301 par le projet \u00abJouer pour apprendre \u2013 Play To Learn [&hellip;]<\/p>\n","protected":false},"author":82,"featured_media":18953,"comment_status":"open","ping_status":"closed","sticky":false,"template":"","format":"standard","meta":{"footnotes":""},"categories":[21,10],"tags":[36,49,50],"class_list":["post-18955","post","type-post","status-publish","format-standard","has-post-thumbnail","hentry","category-communaute","category-toutes-les-actualites","tag-africa-press","tag-africa-press-djibouti","tag-djibouti"],"yoast_head":"<!-- This site is optimized with the Yoast SEO Premium plugin v26.1 (Yoast SEO v27.0) - https:\/\/yoast.com\/product\/yoast-seo-premium-wordpress\/ -->\n<title>Cl\u00f4ture de l\u2019atelier de redynamisation du comit\u00e9 technique multisectoriel pour le d\u00e9veloppement de la petite enfance - Djibouti<\/title>\n<meta name=\"description\" content=\"La ministre de la Femme et de la Famille, Mouna Osman Aden, et la repre\u0301sentante de l\u2019USAID a\u0300 Djibouti, Nancy Ostrowski ...\" \/>\n<meta name=\"robots\" content=\"index, follow, max-snippet:-1, max-image-preview:large, max-video-preview:-1\" \/>\n<link rel=\"canonical\" href=\"https:\/\/www.africa-press.net\/djibouti\/toutes-les-actualites\/cloture-de-latelier-de-redynamisation-du-comite-technique-multisectoriel-pour-le-developpement-de-la-petite-enfance\" \/>\n<meta property=\"og:locale\" content=\"fr_FR\" \/>\n<meta property=\"og:type\" content=\"article\" \/>\n<meta property=\"og:title\" content=\"Cl\u00f4ture de l\u2019atelier de redynamisation du comit\u00e9 technique multisectoriel pour le d\u00e9veloppement de la petite enfance\" \/>\n<meta property=\"og:description\" content=\"La ministre de la Femme et de la Famille, Mouna Osman Aden, et la repre\u0301sentante de l\u2019USAID a\u0300 Djibouti, Nancy Ostrowski ...\" \/>\n<meta property=\"og:url\" content=\"https:\/\/www.africa-press.net\/djibouti\/toutes-les-actualites\/cloture-de-latelier-de-redynamisation-du-comite-technique-multisectoriel-pour-le-developpement-de-la-petite-enfance\" \/>\n<meta property=\"og:site_name\" content=\"Djibouti\" \/>\n<meta property=\"article:published_time\" content=\"2023-10-10T14:50:16+00:00\" \/>\n<meta property=\"article:modified_time\" content=\"2023-10-10T15:47:02+00:00\" \/>\n<meta property=\"og:image\" content=\"https:\/\/static.africa-press.net\/djibouti\/sites\/52\/2023\/10\/sm_1696940168.870218.jpg\" \/>\n\t<meta property=\"og:image:width\" content=\"768\" \/>\n\t<meta property=\"og:image:height\" content=\"351\" \/>\n\t<meta property=\"og:image:type\" content=\"image\/jpeg\" \/>\n<meta name=\"author\" content=\"cfeditorfr\" \/>\n<meta name=\"twitter:card\" content=\"summary_large_image\" \/>\n<meta name=\"twitter:label1\" content=\"\u00c9crit par\" \/>\n\t<meta name=\"twitter:data1\" content=\"cfeditorfr\" \/>\n\t<meta name=\"twitter:label2\" content=\"Dur\u00e9e de lecture estim\u00e9e\" \/>\n\t<meta name=\"twitter:data2\" content=\"1 minute\" \/>\n<script type=\"application\/ld+json\" class=\"yoast-schema-graph\">{\"@context\":\"https:\/\/schema.org\",\"@graph\":[{\"@type\":\"Article\",\"@id\":\"https:\/\/www.africa-press.net\/djibouti\/toutes-les-actualites\/cloture-de-latelier-de-redynamisation-du-comite-technique-multisectoriel-pour-le-developpement-de-la-petite-enfance#article\",\"isPartOf\":{\"@id\":\"https:\/\/www.africa-press.net\/djibouti\/toutes-les-actualites\/cloture-de-latelier-de-redynamisation-du-comite-technique-multisectoriel-pour-le-developpement-de-la-petite-enfance\"},\"author\":{\"name\":\"cfeditorfr\",\"@id\":\"https:\/\/www.africa-press.net\/djibouti\/#\/schema\/person\/2b1cf3cd81a31e3cd26889ca66d677f1\"},\"headline\":\"Cl\u00f4ture de l\u2019atelier de redynamisation du comit\u00e9 technique multisectoriel pour le d\u00e9veloppement de la petite enfance\",\"datePublished\":\"2023-10-10T14:50:16+00:00\",\"dateModified\":\"2023-10-10T15:47:02+00:00\",\"mainEntityOfPage\":{\"@id\":\"https:\/\/www.africa-press.net\/djibouti\/toutes-les-actualites\/cloture-de-latelier-de-redynamisation-du-comite-technique-multisectoriel-pour-le-developpement-de-la-petite-enfance\"},\"wordCount\":272,\"commentCount\":0,\"image\":{\"@id\":\"https:\/\/www.africa-press.net\/djibouti\/toutes-les-actualites\/cloture-de-latelier-de-redynamisation-du-comite-technique-multisectoriel-pour-le-developpement-de-la-petite-enfance#primaryimage\"},\"thumbnailUrl\":\"https:\/\/static.africa-press.net\/djibouti\/sites\/52\/2023\/10\/sm_1696940168.870218.jpg\",\"keywords\":[\"Africa Press\",\"Africa Press-Djibouti\",\"Djibouti\"],\"articleSection\":[\"Communaut\u00e9\",\"Toutes les actualit\u00e9s\"],\"inLanguage\":\"fr-FR\",\"potentialAction\":[{\"@type\":\"CommentAction\",\"name\":\"Comment\",\"target\":[\"https:\/\/www.africa-press.net\/djibouti\/toutes-les-actualites\/cloture-de-latelier-de-redynamisation-du-comite-technique-multisectoriel-pour-le-developpement-de-la-petite-enfance#respond\"]}]},{\"@type\":\"WebPage\",\"@id\":\"https:\/\/www.africa-press.net\/djibouti\/toutes-les-actualites\/cloture-de-latelier-de-redynamisation-du-comite-technique-multisectoriel-pour-le-developpement-de-la-petite-enfance\",\"url\":\"https:\/\/www.africa-press.net\/djibouti\/toutes-les-actualites\/cloture-de-latelier-de-redynamisation-du-comite-technique-multisectoriel-pour-le-developpement-de-la-petite-enfance\",\"name\":\"Cl\u00f4ture de l\u2019atelier de redynamisation du comit\u00e9 technique multisectoriel pour le d\u00e9veloppement de la petite enfance - Djibouti\",\"isPartOf\":{\"@id\":\"https:\/\/www.africa-press.net\/djibouti\/#website\"},\"primaryImageOfPage\":{\"@id\":\"https:\/\/www.africa-press.net\/djibouti\/toutes-les-actualites\/cloture-de-latelier-de-redynamisation-du-comite-technique-multisectoriel-pour-le-developpement-de-la-petite-enfance#primaryimage\"},\"image\":{\"@id\":\"https:\/\/www.africa-press.net\/djibouti\/toutes-les-actualites\/cloture-de-latelier-de-redynamisation-du-comite-technique-multisectoriel-pour-le-developpement-de-la-petite-enfance#primaryimage\"},\"thumbnailUrl\":\"https:\/\/static.africa-press.net\/djibouti\/sites\/52\/2023\/10\/sm_1696940168.870218.jpg\",\"datePublished\":\"2023-10-10T14:50:16+00:00\",\"dateModified\":\"2023-10-10T15:47:02+00:00\",\"author\":{\"@id\":\"https:\/\/www.africa-press.net\/djibouti\/#\/schema\/person\/2b1cf3cd81a31e3cd26889ca66d677f1\"},\"description\":\"La ministre de la Femme et de la Famille, Mouna Osman Aden, et la repre\u0301sentante de l\u2019USAID a\u0300 Djibouti, Nancy Ostrowski ...\",\"breadcrumb\":{\"@id\":\"https:\/\/www.africa-press.net\/djibouti\/toutes-les-actualites\/cloture-de-latelier-de-redynamisation-du-comite-technique-multisectoriel-pour-le-developpement-de-la-petite-enfance#breadcrumb\"},\"inLanguage\":\"fr-FR\",\"potentialAction\":[{\"@type\":\"ReadAction\",\"target\":[\"https:\/\/www.africa-press.net\/djibouti\/toutes-les-actualites\/cloture-de-latelier-de-redynamisation-du-comite-technique-multisectoriel-pour-le-developpement-de-la-petite-enfance\"]}]},{\"@type\":\"ImageObject\",\"inLanguage\":\"fr-FR\",\"@id\":\"https:\/\/www.africa-press.net\/djibouti\/toutes-les-actualites\/cloture-de-latelier-de-redynamisation-du-comite-technique-multisectoriel-pour-le-developpement-de-la-petite-enfance#primaryimage\",\"url\":\"https:\/\/static.africa-press.net\/djibouti\/sites\/52\/2023\/10\/sm_1696940168.870218.jpg\",\"contentUrl\":\"https:\/\/static.africa-press.net\/djibouti\/sites\/52\/2023\/10\/sm_1696940168.870218.jpg\",\"width\":768,\"height\":351,\"caption\":\"Cl\u00f4ture de l\u2019atelier de redynamisation du comit\u00e9 technique multisectoriel pour le d\u00e9veloppement de la petite enfance\"},{\"@type\":\"BreadcrumbList\",\"@id\":\"https:\/\/www.africa-press.net\/djibouti\/toutes-les-actualites\/cloture-de-latelier-de-redynamisation-du-comite-technique-multisectoriel-pour-le-developpement-de-la-petite-enfance#breadcrumb\",\"itemListElement\":[{\"@type\":\"ListItem\",\"position\":1,\"name\":\"Accueil\",\"item\":\"https:\/\/www.africa-press.net\/djibouti\/\"},{\"@type\":\"ListItem\",\"position\":2,\"name\":\"Cl\u00f4ture de l\u2019atelier de redynamisation du comit\u00e9 technique multisectoriel pour le d\u00e9veloppement de la petite enfance\"}]},{\"@type\":\"WebSite\",\"@id\":\"https:\/\/www.africa-press.net\/djibouti\/#website\",\"url\":\"https:\/\/www.africa-press.net\/djibouti\/\",\"name\":\"Djibouti\",\"description\":\"Just another Africa News Agency Sites site\",\"potentialAction\":[{\"@type\":\"SearchAction\",\"target\":{\"@type\":\"EntryPoint\",\"urlTemplate\":\"https:\/\/www.africa-press.net\/djibouti\/?s={search_term_string}\"},\"query-input\":{\"@type\":\"PropertyValueSpecification\",\"valueRequired\":true,\"valueName\":\"search_term_string\"}}],\"inLanguage\":\"fr-FR\"},{\"@type\":\"Person\",\"@id\":\"https:\/\/www.africa-press.net\/djibouti\/#\/schema\/person\/2b1cf3cd81a31e3cd26889ca66d677f1\",\"name\":\"cfeditorfr\"}]}<\/script>\n<!-- \/ Yoast SEO Premium plugin. -->","yoast_head_json":{"title":"Cl\u00f4ture de l\u2019atelier de redynamisation du comit\u00e9 technique multisectoriel pour le d\u00e9veloppement de la petite enfance - Djibouti","description":"La ministre de la Femme et de la Famille, Mouna Osman Aden, et la repre\u0301sentante de l\u2019USAID a\u0300 Djibouti, Nancy Ostrowski ...","robots":{"index":"index","follow":"follow","max-snippet":"max-snippet:-1","max-image-preview":"max-image-preview:large","max-video-preview":"max-video-preview:-1"},"canonical":"https:\/\/www.africa-press.net\/djibouti\/toutes-les-actualites\/cloture-de-latelier-de-redynamisation-du-comite-technique-multisectoriel-pour-le-developpement-de-la-petite-enfance","og_locale":"fr_FR","og_type":"article","og_title":"Cl\u00f4ture de l\u2019atelier de redynamisation du comit\u00e9 technique multisectoriel pour le d\u00e9veloppement de la petite enfance","og_description":"La ministre de la Femme et de la Famille, Mouna Osman Aden, et la repre\u0301sentante de l\u2019USAID a\u0300 Djibouti, Nancy Ostrowski ...","og_url":"https:\/\/www.africa-press.net\/djibouti\/toutes-les-actualites\/cloture-de-latelier-de-redynamisation-du-comite-technique-multisectoriel-pour-le-developpement-de-la-petite-enfance","og_site_name":"Djibouti","article_published_time":"2023-10-10T14:50:16+00:00","article_modified_time":"2023-10-10T15:47:02+00:00","og_image":[{"width":768,"height":351,"url":"https:\/\/static.africa-press.net\/djibouti\/sites\/52\/2023\/10\/sm_1696940168.870218.jpg","type":"image\/jpeg"}],"author":"cfeditorfr","twitter_card":"summary_large_image","twitter_misc":{"\u00c9crit par":"cfeditorfr","Dur\u00e9e de lecture estim\u00e9e":"1 minute"},"schema":{"@context":"https:\/\/schema.org","@graph":[{"@type":"Article","@id":"https:\/\/www.africa-press.net\/djibouti\/toutes-les-actualites\/cloture-de-latelier-de-redynamisation-du-comite-technique-multisectoriel-pour-le-developpement-de-la-petite-enfance#article","isPartOf":{"@id":"https:\/\/www.africa-press.net\/djibouti\/toutes-les-actualites\/cloture-de-latelier-de-redynamisation-du-comite-technique-multisectoriel-pour-le-developpement-de-la-petite-enfance"},"author":{"name":"cfeditorfr","@id":"https:\/\/www.africa-press.net\/djibouti\/#\/schema\/person\/2b1cf3cd81a31e3cd26889ca66d677f1"},"headline":"Cl\u00f4ture de l\u2019atelier de redynamisation du comit\u00e9 technique multisectoriel pour le d\u00e9veloppement de la petite enfance","datePublished":"2023-10-10T14:50:16+00:00","dateModified":"2023-10-10T15:47:02+00:00","mainEntityOfPage":{"@id":"https:\/\/www.africa-press.net\/djibouti\/toutes-les-actualites\/cloture-de-latelier-de-redynamisation-du-comite-technique-multisectoriel-pour-le-developpement-de-la-petite-enfance"},"wordCount":272,"commentCount":0,"image":{"@id":"https:\/\/www.africa-press.net\/djibouti\/toutes-les-actualites\/cloture-de-latelier-de-redynamisation-du-comite-technique-multisectoriel-pour-le-developpement-de-la-petite-enfance#primaryimage"},"thumbnailUrl":"https:\/\/static.africa-press.net\/djibouti\/sites\/52\/2023\/10\/sm_1696940168.870218.jpg","keywords":["Africa Press","Africa Press-Djibouti","Djibouti"],"articleSection":["Communaut\u00e9","Toutes les actualit\u00e9s"],"inLanguage":"fr-FR","potentialAction":[{"@type":"CommentAction","name":"Comment","target":["https:\/\/www.africa-press.net\/djibouti\/toutes-les-actualites\/cloture-de-latelier-de-redynamisation-du-comite-technique-multisectoriel-pour-le-developpement-de-la-petite-enfance#respond"]}]},{"@type":"WebPage","@id":"https:\/\/www.africa-press.net\/djibouti\/toutes-les-actualites\/cloture-de-latelier-de-redynamisation-du-comite-technique-multisectoriel-pour-le-developpement-de-la-petite-enfance","url":"https:\/\/www.africa-press.net\/djibouti\/toutes-les-actualites\/cloture-de-latelier-de-redynamisation-du-comite-technique-multisectoriel-pour-le-developpement-de-la-petite-enfance","name":"Cl\u00f4ture de l\u2019atelier de redynamisation du comit\u00e9 technique multisectoriel pour le d\u00e9veloppement de la petite enfance - Djibouti","isPartOf":{"@id":"https:\/\/www.africa-press.net\/djibouti\/#website"},"primaryImageOfPage":{"@id":"https:\/\/www.africa-press.net\/djibouti\/toutes-les-actualites\/cloture-de-latelier-de-redynamisation-du-comite-technique-multisectoriel-pour-le-developpement-de-la-petite-enfance#primaryimage"},"image":{"@id":"https:\/\/www.africa-press.net\/djibouti\/toutes-les-actualites\/cloture-de-latelier-de-redynamisation-du-comite-technique-multisectoriel-pour-le-developpement-de-la-petite-enfance#primaryimage"},"thumbnailUrl":"https:\/\/static.africa-press.net\/djibouti\/sites\/52\/2023\/10\/sm_1696940168.870218.jpg","datePublished":"2023-10-10T14:50:16+00:00","dateModified":"2023-10-10T15:47:02+00:00","author":{"@id":"https:\/\/www.africa-press.net\/djibouti\/#\/schema\/person\/2b1cf3cd81a31e3cd26889ca66d677f1"},"description":"La ministre de la Femme et de la Famille, Mouna Osman Aden, et la repre\u0301sentante de l\u2019USAID a\u0300 Djibouti, Nancy Ostrowski ...","breadcrumb":{"@id":"https:\/\/www.africa-press.net\/djibouti\/toutes-les-actualites\/cloture-de-latelier-de-redynamisation-du-comite-technique-multisectoriel-pour-le-developpement-de-la-petite-enfance#breadcrumb"},"inLanguage":"fr-FR","potentialAction":[{"@type":"ReadAction","target":["https:\/\/www.africa-press.net\/djibouti\/toutes-les-actualites\/cloture-de-latelier-de-redynamisation-du-comite-technique-multisectoriel-pour-le-developpement-de-la-petite-enfance"]}]},{"@type":"ImageObject","inLanguage":"fr-FR","@id":"https:\/\/www.africa-press.net\/djibouti\/toutes-les-actualites\/cloture-de-latelier-de-redynamisation-du-comite-technique-multisectoriel-pour-le-developpement-de-la-petite-enfance#primaryimage","url":"https:\/\/static.africa-press.net\/djibouti\/sites\/52\/2023\/10\/sm_1696940168.870218.jpg","contentUrl":"https:\/\/static.africa-press.net\/djibouti\/sites\/52\/2023\/10\/sm_1696940168.870218.jpg","width":768,"height":351,"caption":"Cl\u00f4ture de l\u2019atelier de redynamisation du comit\u00e9 technique multisectoriel pour le d\u00e9veloppement de la petite enfance"},{"@type":"BreadcrumbList","@id":"https:\/\/www.africa-press.net\/djibouti\/toutes-les-actualites\/cloture-de-latelier-de-redynamisation-du-comite-technique-multisectoriel-pour-le-developpement-de-la-petite-enfance#breadcrumb","itemListElement":[{"@type":"ListItem","position":1,"name":"Accueil","item":"https:\/\/www.africa-press.net\/djibouti\/"},{"@type":"ListItem","position":2,"name":"Cl\u00f4ture de l\u2019atelier de redynamisation du comit\u00e9 technique multisectoriel pour le d\u00e9veloppement de la petite enfance"}]},{"@type":"WebSite","@id":"https:\/\/www.africa-press.net\/djibouti\/#website","url":"https:\/\/www.africa-press.net\/djibouti\/","name":"Djibouti","description":"Just another Africa News Agency Sites site","potentialAction":[{"@type":"SearchAction","target":{"@type":"EntryPoint","urlTemplate":"https:\/\/www.africa-press.net\/djibouti\/?s={search_term_string}"},"query-input":{"@type":"PropertyValueSpecification","valueRequired":true,"valueName":"search_term_string"}}],"inLanguage":"fr-FR"},{"@type":"Person","@id":"https:\/\/www.africa-press.net\/djibouti\/#\/schema\/person\/2b1cf3cd81a31e3cd26889ca66d677f1","name":"cfeditorfr"}]}},"_links":{"self":[{"href":"https:\/\/www.africa-press.net\/djibouti\/wp-json\/wp\/v2\/posts\/18955","targetHints":{"allow":["GET"]}}],"collection":[{"href":"https:\/\/www.africa-press.net\/djibouti\/wp-json\/wp\/v2\/posts"}],"about":[{"href":"https:\/\/www.africa-press.net\/djibouti\/wp-json\/wp\/v2\/types\/post"}],"author":[{"embeddable":true,"href":"https:\/\/www.africa-press.net\/djibouti\/wp-json\/wp\/v2\/users\/82"}],"replies":[{"embeddable":true,"href":"https:\/\/www.africa-press.net\/djibouti\/wp-json\/wp\/v2\/comments?post=18955"}],"version-history":[{"count":0,"href":"https:\/\/www.africa-press.net\/djibouti\/wp-json\/wp\/v2\/posts\/18955\/revisions"}],"wp:featuredmedia":[{"embeddable":true,"href":"https:\/\/www.africa-press.net\/djibouti\/wp-json\/wp\/v2\/media\/18953"}],"wp:attachment":[{"href":"https:\/\/www.africa-press.net\/djibouti\/wp-json\/wp\/v2\/media?parent=18955"}],"wp:term":[{"taxonomy":"category","embeddable":true,"href":"https:\/\/www.africa-press.net\/djibouti\/wp-json\/wp\/v2\/categories?post=18955"},{"taxonomy":"post_tag","embeddable":true,"href":"https:\/\/www.africa-press.net\/djibouti\/wp-json\/wp\/v2\/tags?post=18955"}],"curies":[{"name":"wp","href":"https:\/\/api.w.org\/{rel}","templated":true}]}}