{"id":18958,"date":"2023-10-11T14:18:57","date_gmt":"2023-10-11T14:18:57","guid":{"rendered":"https:\/\/www.africa-press.net\/djibouti\/politique\/14eme-seance-du-conseil-des-ministres"},"modified":"2023-10-11T15:38:25","modified_gmt":"2023-10-11T15:38:25","slug":"14eme-seance-du-conseil-des-ministres","status":"publish","type":"post","link":"https:\/\/www.africa-press.net\/djibouti\/politique\/14eme-seance-du-conseil-des-ministres","title":{"rendered":"14\u00e8me s\u00e9ance du Conseil des ministres"},"content":{"rendered":"<p><span style=\"color: #ff6600\"><strong>Africa-Press &#8211; Djibouti. <\/strong><\/span><b>L\u2019exe\u0301cutif opte pour l\u2019adhe\u0301sion du pays a\u0300 l\u2019Arrangement de Lisbonne concernant la protection des appellations d\u2019origine<\/b><\/p>\n<p>Le gouvernement, sous la pre\u0301sidence de son chef, Ismai\u0308l Omar Guelleh, a tenu hier, mardi 10 octobre 2023, la 14e\u0300me se\u0301ance du Conseil des ministres. Plusieurs textes ont e\u0301te\u0301 examine\u0301s et approuve\u0301s, dont notamment le projet de Loi portant adhe\u0301sion de la Re\u0301publique de Djibouti a\u0300 l\u2019Arrangement de Lisbonne concernant la protection des appellations d\u2019origine et leur enregistrement international et sa dernie\u0300re version, l\u2019Acte de Gene\u0300ve adopte\u0301 en 2015.<\/p>\n<p>Ce projet de loi, pre\u0301sente\u0301 par le ministe\u0300re du commerce et du tourisme, porte en effet sur la ratification de l\u2019acte de Gene\u0300ve de l\u2019Arrangement de Lisbonne adopte\u0301 en mai 2015. A savoir que l\u2019Arrangement de Lisbonne est ouvert aux Etats parties a\u0300 la Convention de Paris pour la protection de la proprie\u0301te\u0301 industrielle. Cet Arrangement prote\u0300ge les appellations d\u2019origine et leur enregistrement international dont les de\u0301nominations sont enregistre\u0301es par le bureau international de l\u2019OMPI a\u0300 Gene\u0300ve.<\/p>\n<p>Cet acte, sachons-le, vise a\u0300 moderniser et a\u0300 ame\u0301liorer le syste\u0300me d\u2019enregistrement international actuel pour prote\u0301ger les noms de\u0301signant l\u2019origine ge\u0301ographique des produits. Les indications ge\u0301ographiques et les appellations d\u2019origine sont des signes officiels qui garantissent aux consommateurs que les produits respectent les conditions de production spe\u0301cifiques et qu\u2019ils entretiennent un lien fort avec leur te\u0301moin d\u2019origine.<\/p>\n<p>La ratification d\u2019acte de l\u2019Arrangement de Lisbonne et ses conventions pre\u0301sente ainsi un grand inte\u0301re\u0302t pour notre pays, qui dispose de nombreux produits agricoles et artisanaux. La ratification de l\u2019Arrangement de Lisbonne offre des avantages en matie\u0300re de protection des indications ge\u0301ographiques et des appellations d\u2019origine pour les produits locaux. Ainsi, la protection des produits locaux permet de pre\u0301server la re\u0301putation, la qualite\u0301 et l\u2019authenticite\u0301 de ces produits. Elle permet aux pays de prote\u0301ger leurs produits contre l\u2019utilisation abusive et la contrefac\u0327on. La ratification permettra au pays d\u2019utiliser un syste\u0300me d\u2019enregistrement international peu cou\u0302teux et qui offre une protection a\u0300 l\u2019e\u0301chelle mondiale. Enfin, la protection des appellations d\u2019origine permet de stimuler le de\u0301veloppement du tourisme.<\/p>\n<p><strong>Pour plus d&rsquo;informations et d&rsquo;analyses sur la <a href=\"https:\/\/www.africa-press.net\/djibouti\">Djibouti<\/a>, suivez <a href=\"https:\/\/www.africa-press.net\/\">Africa-Press<\/a><\/strong><\/p>\n","protected":false},"excerpt":{"rendered":"<p>Africa-Press &#8211; Djibouti. L\u2019exe\u0301cutif opte pour l\u2019adhe\u0301sion du pays a\u0300 l\u2019Arrangement de Lisbonne concernant la protection des appellations d\u2019origine Le gouvernement, sous la pre\u0301sidence de son chef, Ismai\u0308l Omar Guelleh, a tenu hier, mardi 10 octobre 2023, la 14e\u0300me se\u0301ance du Conseil des ministres. Plusieurs textes ont e\u0301te\u0301 examine\u0301s et approuve\u0301s, dont notamment le projet [&hellip;]<\/p>\n","protected":false},"author":82,"featured_media":18957,"comment_status":"open","ping_status":"closed","sticky":false,"template":"","format":"standard","meta":{"footnotes":""},"categories":[2,10],"tags":[36,49,50],"class_list":["post-18958","post","type-post","status-publish","format-standard","has-post-thumbnail","hentry","category-politique","category-toutes-les-actualites","tag-africa-press","tag-africa-press-djibouti","tag-djibouti"],"yoast_head":"<!-- This site is optimized with the Yoast SEO Premium plugin v26.1 (Yoast SEO v27.0) - https:\/\/yoast.com\/product\/yoast-seo-premium-wordpress\/ -->\n<title>14\u00e8me s\u00e9ance du Conseil des ministres - Djibouti<\/title>\n<meta name=\"description\" content=\"L\u2019exe\u0301cutif opte pour l\u2019adhe\u0301sion du pays a\u0300 l\u2019Arrangement de Lisbonne concernant la protection des appellations d\u2019or ...\" \/>\n<meta name=\"robots\" content=\"index, follow, max-snippet:-1, max-image-preview:large, max-video-preview:-1\" \/>\n<link rel=\"canonical\" href=\"https:\/\/www.africa-press.net\/djibouti\/politique\/14eme-seance-du-conseil-des-ministres\" \/>\n<meta property=\"og:locale\" content=\"fr_FR\" \/>\n<meta property=\"og:type\" content=\"article\" \/>\n<meta property=\"og:title\" content=\"14\u00e8me s\u00e9ance du Conseil des ministres\" \/>\n<meta property=\"og:description\" content=\"L\u2019exe\u0301cutif opte pour l\u2019adhe\u0301sion du pays a\u0300 l\u2019Arrangement de Lisbonne concernant la protection des appellations d\u2019or ...\" \/>\n<meta property=\"og:url\" content=\"https:\/\/www.africa-press.net\/djibouti\/politique\/14eme-seance-du-conseil-des-ministres\" \/>\n<meta property=\"og:site_name\" content=\"Djibouti\" \/>\n<meta property=\"article:published_time\" content=\"2023-10-11T14:18:57+00:00\" \/>\n<meta property=\"article:modified_time\" content=\"2023-10-11T15:38:25+00:00\" \/>\n<meta property=\"og:image\" content=\"https:\/\/static.africa-press.net\/djibouti\/sites\/52\/2023\/10\/sm_1697026044.280347.jpg\" \/>\n\t<meta property=\"og:image:width\" content=\"720\" \/>\n\t<meta property=\"og:image:height\" content=\"357\" \/>\n\t<meta property=\"og:image:type\" content=\"image\/jpeg\" \/>\n<meta name=\"author\" content=\"cfeditorfr\" \/>\n<meta name=\"twitter:card\" content=\"summary_large_image\" \/>\n<meta name=\"twitter:label1\" content=\"\u00c9crit par\" \/>\n\t<meta name=\"twitter:data1\" content=\"cfeditorfr\" \/>\n\t<meta name=\"twitter:label2\" content=\"Dur\u00e9e de lecture estim\u00e9e\" \/>\n\t<meta name=\"twitter:data2\" content=\"2 minutes\" \/>\n<script type=\"application\/ld+json\" class=\"yoast-schema-graph\">{\"@context\":\"https:\/\/schema.org\",\"@graph\":[{\"@type\":\"Article\",\"@id\":\"https:\/\/www.africa-press.net\/djibouti\/politique\/14eme-seance-du-conseil-des-ministres#article\",\"isPartOf\":{\"@id\":\"https:\/\/www.africa-press.net\/djibouti\/politique\/14eme-seance-du-conseil-des-ministres\"},\"author\":{\"name\":\"cfeditorfr\",\"@id\":\"https:\/\/www.africa-press.net\/djibouti\/#\/schema\/person\/2b1cf3cd81a31e3cd26889ca66d677f1\"},\"headline\":\"14\u00e8me s\u00e9ance du Conseil des ministres\",\"datePublished\":\"2023-10-11T14:18:57+00:00\",\"dateModified\":\"2023-10-11T15:38:25+00:00\",\"mainEntityOfPage\":{\"@id\":\"https:\/\/www.africa-press.net\/djibouti\/politique\/14eme-seance-du-conseil-des-ministres\"},\"wordCount\":421,\"commentCount\":0,\"image\":{\"@id\":\"https:\/\/www.africa-press.net\/djibouti\/politique\/14eme-seance-du-conseil-des-ministres#primaryimage\"},\"thumbnailUrl\":\"https:\/\/static.africa-press.net\/djibouti\/sites\/52\/2023\/10\/sm_1697026044.280347.jpg\",\"keywords\":[\"Africa Press\",\"Africa Press-Djibouti\",\"Djibouti\"],\"articleSection\":[\"Politique\",\"Toutes les actualit\u00e9s\"],\"inLanguage\":\"fr-FR\",\"potentialAction\":[{\"@type\":\"CommentAction\",\"name\":\"Comment\",\"target\":[\"https:\/\/www.africa-press.net\/djibouti\/politique\/14eme-seance-du-conseil-des-ministres#respond\"]}]},{\"@type\":\"WebPage\",\"@id\":\"https:\/\/www.africa-press.net\/djibouti\/politique\/14eme-seance-du-conseil-des-ministres\",\"url\":\"https:\/\/www.africa-press.net\/djibouti\/politique\/14eme-seance-du-conseil-des-ministres\",\"name\":\"14\u00e8me s\u00e9ance du Conseil des ministres - Djibouti\",\"isPartOf\":{\"@id\":\"https:\/\/www.africa-press.net\/djibouti\/#website\"},\"primaryImageOfPage\":{\"@id\":\"https:\/\/www.africa-press.net\/djibouti\/politique\/14eme-seance-du-conseil-des-ministres#primaryimage\"},\"image\":{\"@id\":\"https:\/\/www.africa-press.net\/djibouti\/politique\/14eme-seance-du-conseil-des-ministres#primaryimage\"},\"thumbnailUrl\":\"https:\/\/static.africa-press.net\/djibouti\/sites\/52\/2023\/10\/sm_1697026044.280347.jpg\",\"datePublished\":\"2023-10-11T14:18:57+00:00\",\"dateModified\":\"2023-10-11T15:38:25+00:00\",\"author\":{\"@id\":\"https:\/\/www.africa-press.net\/djibouti\/#\/schema\/person\/2b1cf3cd81a31e3cd26889ca66d677f1\"},\"description\":\"L\u2019exe\u0301cutif opte pour l\u2019adhe\u0301sion du pays a\u0300 l\u2019Arrangement de Lisbonne concernant la protection des appellations d\u2019or ...\",\"breadcrumb\":{\"@id\":\"https:\/\/www.africa-press.net\/djibouti\/politique\/14eme-seance-du-conseil-des-ministres#breadcrumb\"},\"inLanguage\":\"fr-FR\",\"potentialAction\":[{\"@type\":\"ReadAction\",\"target\":[\"https:\/\/www.africa-press.net\/djibouti\/politique\/14eme-seance-du-conseil-des-ministres\"]}]},{\"@type\":\"ImageObject\",\"inLanguage\":\"fr-FR\",\"@id\":\"https:\/\/www.africa-press.net\/djibouti\/politique\/14eme-seance-du-conseil-des-ministres#primaryimage\",\"url\":\"https:\/\/static.africa-press.net\/djibouti\/sites\/52\/2023\/10\/sm_1697026044.280347.jpg\",\"contentUrl\":\"https:\/\/static.africa-press.net\/djibouti\/sites\/52\/2023\/10\/sm_1697026044.280347.jpg\",\"width\":720,\"height\":357,\"caption\":\"14\u00e8me s\u00e9ance du Conseil des ministres\"},{\"@type\":\"BreadcrumbList\",\"@id\":\"https:\/\/www.africa-press.net\/djibouti\/politique\/14eme-seance-du-conseil-des-ministres#breadcrumb\",\"itemListElement\":[{\"@type\":\"ListItem\",\"position\":1,\"name\":\"Accueil\",\"item\":\"https:\/\/www.africa-press.net\/djibouti\/\"},{\"@type\":\"ListItem\",\"position\":2,\"name\":\"14\u00e8me s\u00e9ance du Conseil des ministres\"}]},{\"@type\":\"WebSite\",\"@id\":\"https:\/\/www.africa-press.net\/djibouti\/#website\",\"url\":\"https:\/\/www.africa-press.net\/djibouti\/\",\"name\":\"Djibouti\",\"description\":\"Just another Africa News Agency Sites site\",\"potentialAction\":[{\"@type\":\"SearchAction\",\"target\":{\"@type\":\"EntryPoint\",\"urlTemplate\":\"https:\/\/www.africa-press.net\/djibouti\/?s={search_term_string}\"},\"query-input\":{\"@type\":\"PropertyValueSpecification\",\"valueRequired\":true,\"valueName\":\"search_term_string\"}}],\"inLanguage\":\"fr-FR\"},{\"@type\":\"Person\",\"@id\":\"https:\/\/www.africa-press.net\/djibouti\/#\/schema\/person\/2b1cf3cd81a31e3cd26889ca66d677f1\",\"name\":\"cfeditorfr\"}]}<\/script>\n<!-- \/ Yoast SEO Premium plugin. -->","yoast_head_json":{"title":"14\u00e8me s\u00e9ance du Conseil des ministres - Djibouti","description":"L\u2019exe\u0301cutif opte pour l\u2019adhe\u0301sion du pays a\u0300 l\u2019Arrangement de Lisbonne concernant la protection des appellations d\u2019or ...","robots":{"index":"index","follow":"follow","max-snippet":"max-snippet:-1","max-image-preview":"max-image-preview:large","max-video-preview":"max-video-preview:-1"},"canonical":"https:\/\/www.africa-press.net\/djibouti\/politique\/14eme-seance-du-conseil-des-ministres","og_locale":"fr_FR","og_type":"article","og_title":"14\u00e8me s\u00e9ance du Conseil des ministres","og_description":"L\u2019exe\u0301cutif opte pour l\u2019adhe\u0301sion du pays a\u0300 l\u2019Arrangement de Lisbonne concernant la protection des appellations d\u2019or ...","og_url":"https:\/\/www.africa-press.net\/djibouti\/politique\/14eme-seance-du-conseil-des-ministres","og_site_name":"Djibouti","article_published_time":"2023-10-11T14:18:57+00:00","article_modified_time":"2023-10-11T15:38:25+00:00","og_image":[{"width":720,"height":357,"url":"https:\/\/static.africa-press.net\/djibouti\/sites\/52\/2023\/10\/sm_1697026044.280347.jpg","type":"image\/jpeg"}],"author":"cfeditorfr","twitter_card":"summary_large_image","twitter_misc":{"\u00c9crit par":"cfeditorfr","Dur\u00e9e de lecture estim\u00e9e":"2 minutes"},"schema":{"@context":"https:\/\/schema.org","@graph":[{"@type":"Article","@id":"https:\/\/www.africa-press.net\/djibouti\/politique\/14eme-seance-du-conseil-des-ministres#article","isPartOf":{"@id":"https:\/\/www.africa-press.net\/djibouti\/politique\/14eme-seance-du-conseil-des-ministres"},"author":{"name":"cfeditorfr","@id":"https:\/\/www.africa-press.net\/djibouti\/#\/schema\/person\/2b1cf3cd81a31e3cd26889ca66d677f1"},"headline":"14\u00e8me s\u00e9ance du Conseil des ministres","datePublished":"2023-10-11T14:18:57+00:00","dateModified":"2023-10-11T15:38:25+00:00","mainEntityOfPage":{"@id":"https:\/\/www.africa-press.net\/djibouti\/politique\/14eme-seance-du-conseil-des-ministres"},"wordCount":421,"commentCount":0,"image":{"@id":"https:\/\/www.africa-press.net\/djibouti\/politique\/14eme-seance-du-conseil-des-ministres#primaryimage"},"thumbnailUrl":"https:\/\/static.africa-press.net\/djibouti\/sites\/52\/2023\/10\/sm_1697026044.280347.jpg","keywords":["Africa Press","Africa Press-Djibouti","Djibouti"],"articleSection":["Politique","Toutes les actualit\u00e9s"],"inLanguage":"fr-FR","potentialAction":[{"@type":"CommentAction","name":"Comment","target":["https:\/\/www.africa-press.net\/djibouti\/politique\/14eme-seance-du-conseil-des-ministres#respond"]}]},{"@type":"WebPage","@id":"https:\/\/www.africa-press.net\/djibouti\/politique\/14eme-seance-du-conseil-des-ministres","url":"https:\/\/www.africa-press.net\/djibouti\/politique\/14eme-seance-du-conseil-des-ministres","name":"14\u00e8me s\u00e9ance du Conseil des ministres - Djibouti","isPartOf":{"@id":"https:\/\/www.africa-press.net\/djibouti\/#website"},"primaryImageOfPage":{"@id":"https:\/\/www.africa-press.net\/djibouti\/politique\/14eme-seance-du-conseil-des-ministres#primaryimage"},"image":{"@id":"https:\/\/www.africa-press.net\/djibouti\/politique\/14eme-seance-du-conseil-des-ministres#primaryimage"},"thumbnailUrl":"https:\/\/static.africa-press.net\/djibouti\/sites\/52\/2023\/10\/sm_1697026044.280347.jpg","datePublished":"2023-10-11T14:18:57+00:00","dateModified":"2023-10-11T15:38:25+00:00","author":{"@id":"https:\/\/www.africa-press.net\/djibouti\/#\/schema\/person\/2b1cf3cd81a31e3cd26889ca66d677f1"},"description":"L\u2019exe\u0301cutif opte pour l\u2019adhe\u0301sion du pays a\u0300 l\u2019Arrangement de Lisbonne concernant la protection des appellations d\u2019or ...","breadcrumb":{"@id":"https:\/\/www.africa-press.net\/djibouti\/politique\/14eme-seance-du-conseil-des-ministres#breadcrumb"},"inLanguage":"fr-FR","potentialAction":[{"@type":"ReadAction","target":["https:\/\/www.africa-press.net\/djibouti\/politique\/14eme-seance-du-conseil-des-ministres"]}]},{"@type":"ImageObject","inLanguage":"fr-FR","@id":"https:\/\/www.africa-press.net\/djibouti\/politique\/14eme-seance-du-conseil-des-ministres#primaryimage","url":"https:\/\/static.africa-press.net\/djibouti\/sites\/52\/2023\/10\/sm_1697026044.280347.jpg","contentUrl":"https:\/\/static.africa-press.net\/djibouti\/sites\/52\/2023\/10\/sm_1697026044.280347.jpg","width":720,"height":357,"caption":"14\u00e8me s\u00e9ance du Conseil des ministres"},{"@type":"BreadcrumbList","@id":"https:\/\/www.africa-press.net\/djibouti\/politique\/14eme-seance-du-conseil-des-ministres#breadcrumb","itemListElement":[{"@type":"ListItem","position":1,"name":"Accueil","item":"https:\/\/www.africa-press.net\/djibouti\/"},{"@type":"ListItem","position":2,"name":"14\u00e8me s\u00e9ance du Conseil des ministres"}]},{"@type":"WebSite","@id":"https:\/\/www.africa-press.net\/djibouti\/#website","url":"https:\/\/www.africa-press.net\/djibouti\/","name":"Djibouti","description":"Just another Africa News Agency Sites site","potentialAction":[{"@type":"SearchAction","target":{"@type":"EntryPoint","urlTemplate":"https:\/\/www.africa-press.net\/djibouti\/?s={search_term_string}"},"query-input":{"@type":"PropertyValueSpecification","valueRequired":true,"valueName":"search_term_string"}}],"inLanguage":"fr-FR"},{"@type":"Person","@id":"https:\/\/www.africa-press.net\/djibouti\/#\/schema\/person\/2b1cf3cd81a31e3cd26889ca66d677f1","name":"cfeditorfr"}]}},"_links":{"self":[{"href":"https:\/\/www.africa-press.net\/djibouti\/wp-json\/wp\/v2\/posts\/18958","targetHints":{"allow":["GET"]}}],"collection":[{"href":"https:\/\/www.africa-press.net\/djibouti\/wp-json\/wp\/v2\/posts"}],"about":[{"href":"https:\/\/www.africa-press.net\/djibouti\/wp-json\/wp\/v2\/types\/post"}],"author":[{"embeddable":true,"href":"https:\/\/www.africa-press.net\/djibouti\/wp-json\/wp\/v2\/users\/82"}],"replies":[{"embeddable":true,"href":"https:\/\/www.africa-press.net\/djibouti\/wp-json\/wp\/v2\/comments?post=18958"}],"version-history":[{"count":0,"href":"https:\/\/www.africa-press.net\/djibouti\/wp-json\/wp\/v2\/posts\/18958\/revisions"}],"wp:featuredmedia":[{"embeddable":true,"href":"https:\/\/www.africa-press.net\/djibouti\/wp-json\/wp\/v2\/media\/18957"}],"wp:attachment":[{"href":"https:\/\/www.africa-press.net\/djibouti\/wp-json\/wp\/v2\/media?parent=18958"}],"wp:term":[{"taxonomy":"category","embeddable":true,"href":"https:\/\/www.africa-press.net\/djibouti\/wp-json\/wp\/v2\/categories?post=18958"},{"taxonomy":"post_tag","embeddable":true,"href":"https:\/\/www.africa-press.net\/djibouti\/wp-json\/wp\/v2\/tags?post=18958"}],"curies":[{"name":"wp","href":"https:\/\/api.w.org\/{rel}","templated":true}]}}