{"id":18965,"date":"2023-10-11T14:33:07","date_gmt":"2023-10-11T14:33:07","guid":{"rendered":"https:\/\/www.africa-press.net\/djibouti\/politique\/217eme-session-du-conseil-executif-de-lunesco-vibrant-plaidoyer-du-delegue-permanent-de-djibouti-sur-la-priorite-afrique-et-le-patrimoine-africain"},"modified":"2023-10-11T15:41:49","modified_gmt":"2023-10-11T15:41:49","slug":"217eme-session-du-conseil-executif-de-lunesco-vibrant-plaidoyer-du-delegue-permanent-de-djibouti-sur-la-priorite-afrique-et-le-patrimoine-africain","status":"publish","type":"post","link":"https:\/\/www.africa-press.net\/djibouti\/politique\/217eme-session-du-conseil-executif-de-lunesco-vibrant-plaidoyer-du-delegue-permanent-de-djibouti-sur-la-priorite-afrique-et-le-patrimoine-africain","title":{"rendered":"217\u00e8me session du Conseil Ex\u00e9cutif de l\u2019Unesco : Vibrant plaidoyer du d\u00e9l\u00e9gu\u00e9 permanent de Djibouti sur la priorit\u00e9 Afrique et le patrimoine africain"},"content":{"rendered":"<p><span style=\"color: #ff6600\"><strong>Africa-Press &#8211; Djibouti. <\/strong><\/span>A l\u2019occasion de la 217e\u0300me session du Conseil Exe\u0301cutif de l\u2019Unesco qui a de\u0301bute\u0301 le lundi 9 octobre 2023et qui est le premier Conseil post-retour des E\u0301tats Unis d\u2019Ame\u0301rique au sein de cet organisme onusien, l\u2019ambassadeur de la re\u0301publique de Djibouti, de\u0301le\u0301gue\u0301 permanent aupre\u0300s de l\u2019Unesco et repre\u0301sentant aupre\u0300s du Conseil Exe\u0301cutif, Ayeid Mousseid Yahya, a prononce\u0301 de\u0300s la premie\u0300re matine\u0301e un important discours sur le ro\u0302le de l\u2019Unesco, le retour des E\u0301tats Unis, la priorite\u0301 Afrique et les questions d\u2019e\u0301ducation et de patrimoine africain qui doit e\u0302tre valorise\u0301 par l\u2019Unesco. Ce vibrant plaidoyer pour l\u2019Afrique a\u0300 l\u2019UNESCO de\u0301montre que notre pays s\u2019inscrit dans une vision continentale de\u0301complexe\u0301e et qui fait entendre sa voix aux seins des organes de\u0301cisionnels du syste\u0300me des Nations Unies.<\/p>\n<p>Ce conseil se tient a\u0300 trois semaines de la 42e\u0300me Confe\u0301rence ge\u0301ne\u0301rale de l\u2019Unesco qui verra la participation d\u2019une grande de\u0301le\u0301gation du Menfop conduite par son ministre, Moustapha Mohamed Mahamoud, et qui est par ailleurs le pre\u0301sident de la Commission Nationale de l\u2019Unesco.<\/p>\n<p>Notre pays est membre du Conseil Exe\u0301cutif depuis deux ans et son mandat se terminera fin 2025, apre\u0300s l\u2019e\u0301lection du futur directeur ge\u0301ne\u0301ral de l\u2019Unesco.<\/p>\n<p><strong>Pour plus d&rsquo;informations et d&rsquo;analyses sur la <a href=\"https:\/\/www.africa-press.net\/djibouti\">Djibouti<\/a>, suivez <a href=\"https:\/\/www.africa-press.net\/\">Africa-Press<\/a><\/strong><\/p>\n","protected":false},"excerpt":{"rendered":"<p>Africa-Press &#8211; Djibouti. A l\u2019occasion de la 217e\u0300me session du Conseil Exe\u0301cutif de l\u2019Unesco qui a de\u0301bute\u0301 le lundi 9 octobre 2023et qui est le premier Conseil post-retour des E\u0301tats Unis d\u2019Ame\u0301rique au sein de cet organisme onusien, l\u2019ambassadeur de la re\u0301publique de Djibouti, de\u0301le\u0301gue\u0301 permanent aupre\u0300s de l\u2019Unesco et repre\u0301sentant aupre\u0300s du Conseil Exe\u0301cutif, [&hellip;]<\/p>\n","protected":false},"author":82,"featured_media":18964,"comment_status":"open","ping_status":"closed","sticky":false,"template":"","format":"standard","meta":{"footnotes":""},"categories":[2,10],"tags":[36,49,50],"class_list":["post-18965","post","type-post","status-publish","format-standard","has-post-thumbnail","hentry","category-politique","category-toutes-les-actualites","tag-africa-press","tag-africa-press-djibouti","tag-djibouti"],"yoast_head":"<!-- This site is optimized with the Yoast SEO Premium plugin v26.1 (Yoast SEO v27.0) - https:\/\/yoast.com\/product\/yoast-seo-premium-wordpress\/ -->\n<title>217\u00e8me session du Conseil Ex\u00e9cutif de l\u2019Unesco : Vibrant plaidoyer du d\u00e9l\u00e9gu\u00e9 permanent de Djibouti sur la priorit\u00e9 Afrique et le patrimoine africain - Djibouti<\/title>\n<meta name=\"description\" content=\"A l\u2019occasion de la 217e\u0300me session du Conseil Exe\u0301cutif de l\u2019Unesco qui a de\u0301bute\u0301 le lundi 9 octobre 2023et qui est le ...\" \/>\n<meta name=\"robots\" content=\"index, follow, max-snippet:-1, max-image-preview:large, max-video-preview:-1\" \/>\n<link rel=\"canonical\" href=\"https:\/\/www.africa-press.net\/djibouti\/politique\/217eme-session-du-conseil-executif-de-lunesco-vibrant-plaidoyer-du-delegue-permanent-de-djibouti-sur-la-priorite-afrique-et-le-patrimoine-africain\" \/>\n<meta property=\"og:locale\" content=\"fr_FR\" \/>\n<meta property=\"og:type\" content=\"article\" \/>\n<meta property=\"og:title\" content=\"217\u00e8me session du Conseil Ex\u00e9cutif de l\u2019Unesco : Vibrant plaidoyer du d\u00e9l\u00e9gu\u00e9 permanent de Djibouti sur la priorit\u00e9 Afrique et le patrimoine africain\" \/>\n<meta property=\"og:description\" content=\"A l\u2019occasion de la 217e\u0300me session du Conseil Exe\u0301cutif de l\u2019Unesco qui a de\u0301bute\u0301 le lundi 9 octobre 2023et qui est le ...\" \/>\n<meta property=\"og:url\" content=\"https:\/\/www.africa-press.net\/djibouti\/politique\/217eme-session-du-conseil-executif-de-lunesco-vibrant-plaidoyer-du-delegue-permanent-de-djibouti-sur-la-priorite-afrique-et-le-patrimoine-africain\" \/>\n<meta property=\"og:site_name\" content=\"Djibouti\" \/>\n<meta property=\"article:published_time\" content=\"2023-10-11T14:33:07+00:00\" \/>\n<meta property=\"article:modified_time\" content=\"2023-10-11T15:41:49+00:00\" \/>\n<meta property=\"og:image\" content=\"https:\/\/static.africa-press.net\/djibouti\/sites\/52\/2023\/10\/sm_1697026267.617808.jpg\" \/>\n\t<meta property=\"og:image:width\" content=\"1280\" \/>\n\t<meta property=\"og:image:height\" content=\"720\" \/>\n\t<meta property=\"og:image:type\" content=\"image\/jpeg\" \/>\n<meta name=\"author\" content=\"cfeditorfr\" \/>\n<meta name=\"twitter:card\" content=\"summary_large_image\" \/>\n<meta name=\"twitter:label1\" content=\"\u00c9crit par\" \/>\n\t<meta name=\"twitter:data1\" content=\"cfeditorfr\" \/>\n\t<meta name=\"twitter:label2\" content=\"Dur\u00e9e de lecture estim\u00e9e\" \/>\n\t<meta name=\"twitter:data2\" content=\"2 minutes\" \/>\n<script type=\"application\/ld+json\" class=\"yoast-schema-graph\">{\"@context\":\"https:\/\/schema.org\",\"@graph\":[{\"@type\":\"Article\",\"@id\":\"https:\/\/www.africa-press.net\/djibouti\/politique\/217eme-session-du-conseil-executif-de-lunesco-vibrant-plaidoyer-du-delegue-permanent-de-djibouti-sur-la-priorite-afrique-et-le-patrimoine-africain#article\",\"isPartOf\":{\"@id\":\"https:\/\/www.africa-press.net\/djibouti\/politique\/217eme-session-du-conseil-executif-de-lunesco-vibrant-plaidoyer-du-delegue-permanent-de-djibouti-sur-la-priorite-afrique-et-le-patrimoine-africain\"},\"author\":{\"name\":\"cfeditorfr\",\"@id\":\"https:\/\/www.africa-press.net\/djibouti\/#\/schema\/person\/2b1cf3cd81a31e3cd26889ca66d677f1\"},\"headline\":\"217\u00e8me session du Conseil Ex\u00e9cutif de l\u2019Unesco : Vibrant plaidoyer du d\u00e9l\u00e9gu\u00e9 permanent de Djibouti sur la priorit\u00e9 Afrique et le patrimoine africain\",\"datePublished\":\"2023-10-11T14:33:07+00:00\",\"dateModified\":\"2023-10-11T15:41:49+00:00\",\"mainEntityOfPage\":{\"@id\":\"https:\/\/www.africa-press.net\/djibouti\/politique\/217eme-session-du-conseil-executif-de-lunesco-vibrant-plaidoyer-du-delegue-permanent-de-djibouti-sur-la-priorite-afrique-et-le-patrimoine-africain\"},\"wordCount\":283,\"commentCount\":0,\"image\":{\"@id\":\"https:\/\/www.africa-press.net\/djibouti\/politique\/217eme-session-du-conseil-executif-de-lunesco-vibrant-plaidoyer-du-delegue-permanent-de-djibouti-sur-la-priorite-afrique-et-le-patrimoine-africain#primaryimage\"},\"thumbnailUrl\":\"https:\/\/static.africa-press.net\/djibouti\/sites\/52\/2023\/10\/sm_1697026267.617808.jpg\",\"keywords\":[\"Africa Press\",\"Africa Press-Djibouti\",\"Djibouti\"],\"articleSection\":[\"Politique\",\"Toutes les actualit\u00e9s\"],\"inLanguage\":\"fr-FR\",\"potentialAction\":[{\"@type\":\"CommentAction\",\"name\":\"Comment\",\"target\":[\"https:\/\/www.africa-press.net\/djibouti\/politique\/217eme-session-du-conseil-executif-de-lunesco-vibrant-plaidoyer-du-delegue-permanent-de-djibouti-sur-la-priorite-afrique-et-le-patrimoine-africain#respond\"]}]},{\"@type\":\"WebPage\",\"@id\":\"https:\/\/www.africa-press.net\/djibouti\/politique\/217eme-session-du-conseil-executif-de-lunesco-vibrant-plaidoyer-du-delegue-permanent-de-djibouti-sur-la-priorite-afrique-et-le-patrimoine-africain\",\"url\":\"https:\/\/www.africa-press.net\/djibouti\/politique\/217eme-session-du-conseil-executif-de-lunesco-vibrant-plaidoyer-du-delegue-permanent-de-djibouti-sur-la-priorite-afrique-et-le-patrimoine-africain\",\"name\":\"217\u00e8me session du Conseil Ex\u00e9cutif de l\u2019Unesco : Vibrant plaidoyer du d\u00e9l\u00e9gu\u00e9 permanent de Djibouti sur la priorit\u00e9 Afrique et le patrimoine africain - Djibouti\",\"isPartOf\":{\"@id\":\"https:\/\/www.africa-press.net\/djibouti\/#website\"},\"primaryImageOfPage\":{\"@id\":\"https:\/\/www.africa-press.net\/djibouti\/politique\/217eme-session-du-conseil-executif-de-lunesco-vibrant-plaidoyer-du-delegue-permanent-de-djibouti-sur-la-priorite-afrique-et-le-patrimoine-africain#primaryimage\"},\"image\":{\"@id\":\"https:\/\/www.africa-press.net\/djibouti\/politique\/217eme-session-du-conseil-executif-de-lunesco-vibrant-plaidoyer-du-delegue-permanent-de-djibouti-sur-la-priorite-afrique-et-le-patrimoine-africain#primaryimage\"},\"thumbnailUrl\":\"https:\/\/static.africa-press.net\/djibouti\/sites\/52\/2023\/10\/sm_1697026267.617808.jpg\",\"datePublished\":\"2023-10-11T14:33:07+00:00\",\"dateModified\":\"2023-10-11T15:41:49+00:00\",\"author\":{\"@id\":\"https:\/\/www.africa-press.net\/djibouti\/#\/schema\/person\/2b1cf3cd81a31e3cd26889ca66d677f1\"},\"description\":\"A l\u2019occasion de la 217e\u0300me session du Conseil Exe\u0301cutif de l\u2019Unesco qui a de\u0301bute\u0301 le lundi 9 octobre 2023et qui est le ...\",\"breadcrumb\":{\"@id\":\"https:\/\/www.africa-press.net\/djibouti\/politique\/217eme-session-du-conseil-executif-de-lunesco-vibrant-plaidoyer-du-delegue-permanent-de-djibouti-sur-la-priorite-afrique-et-le-patrimoine-africain#breadcrumb\"},\"inLanguage\":\"fr-FR\",\"potentialAction\":[{\"@type\":\"ReadAction\",\"target\":[\"https:\/\/www.africa-press.net\/djibouti\/politique\/217eme-session-du-conseil-executif-de-lunesco-vibrant-plaidoyer-du-delegue-permanent-de-djibouti-sur-la-priorite-afrique-et-le-patrimoine-africain\"]}]},{\"@type\":\"ImageObject\",\"inLanguage\":\"fr-FR\",\"@id\":\"https:\/\/www.africa-press.net\/djibouti\/politique\/217eme-session-du-conseil-executif-de-lunesco-vibrant-plaidoyer-du-delegue-permanent-de-djibouti-sur-la-priorite-afrique-et-le-patrimoine-africain#primaryimage\",\"url\":\"https:\/\/static.africa-press.net\/djibouti\/sites\/52\/2023\/10\/sm_1697026267.617808.jpg\",\"contentUrl\":\"https:\/\/static.africa-press.net\/djibouti\/sites\/52\/2023\/10\/sm_1697026267.617808.jpg\",\"width\":1280,\"height\":720,\"caption\":\"217\u00e8me session du Conseil Ex\u00e9cutif de l\u2019Unesco : Vibrant plaidoyer du d\u00e9l\u00e9gu\u00e9 permanent de Djibouti sur la priorit\u00e9 Afrique et le patrimoine africain\"},{\"@type\":\"BreadcrumbList\",\"@id\":\"https:\/\/www.africa-press.net\/djibouti\/politique\/217eme-session-du-conseil-executif-de-lunesco-vibrant-plaidoyer-du-delegue-permanent-de-djibouti-sur-la-priorite-afrique-et-le-patrimoine-africain#breadcrumb\",\"itemListElement\":[{\"@type\":\"ListItem\",\"position\":1,\"name\":\"Accueil\",\"item\":\"https:\/\/www.africa-press.net\/djibouti\/\"},{\"@type\":\"ListItem\",\"position\":2,\"name\":\"217\u00e8me session du Conseil Ex\u00e9cutif de l\u2019Unesco : Vibrant plaidoyer du d\u00e9l\u00e9gu\u00e9 permanent de Djibouti sur la priorit\u00e9 Afrique et le patrimoine africain\"}]},{\"@type\":\"WebSite\",\"@id\":\"https:\/\/www.africa-press.net\/djibouti\/#website\",\"url\":\"https:\/\/www.africa-press.net\/djibouti\/\",\"name\":\"Djibouti\",\"description\":\"Just another Africa News Agency Sites site\",\"potentialAction\":[{\"@type\":\"SearchAction\",\"target\":{\"@type\":\"EntryPoint\",\"urlTemplate\":\"https:\/\/www.africa-press.net\/djibouti\/?s={search_term_string}\"},\"query-input\":{\"@type\":\"PropertyValueSpecification\",\"valueRequired\":true,\"valueName\":\"search_term_string\"}}],\"inLanguage\":\"fr-FR\"},{\"@type\":\"Person\",\"@id\":\"https:\/\/www.africa-press.net\/djibouti\/#\/schema\/person\/2b1cf3cd81a31e3cd26889ca66d677f1\",\"name\":\"cfeditorfr\"}]}<\/script>\n<!-- \/ Yoast SEO Premium plugin. -->","yoast_head_json":{"title":"217\u00e8me session du Conseil Ex\u00e9cutif de l\u2019Unesco : Vibrant plaidoyer du d\u00e9l\u00e9gu\u00e9 permanent de Djibouti sur la priorit\u00e9 Afrique et le patrimoine africain - Djibouti","description":"A l\u2019occasion de la 217e\u0300me session du Conseil Exe\u0301cutif de l\u2019Unesco qui a de\u0301bute\u0301 le lundi 9 octobre 2023et qui est le ...","robots":{"index":"index","follow":"follow","max-snippet":"max-snippet:-1","max-image-preview":"max-image-preview:large","max-video-preview":"max-video-preview:-1"},"canonical":"https:\/\/www.africa-press.net\/djibouti\/politique\/217eme-session-du-conseil-executif-de-lunesco-vibrant-plaidoyer-du-delegue-permanent-de-djibouti-sur-la-priorite-afrique-et-le-patrimoine-africain","og_locale":"fr_FR","og_type":"article","og_title":"217\u00e8me session du Conseil Ex\u00e9cutif de l\u2019Unesco : Vibrant plaidoyer du d\u00e9l\u00e9gu\u00e9 permanent de Djibouti sur la priorit\u00e9 Afrique et le patrimoine africain","og_description":"A l\u2019occasion de la 217e\u0300me session du Conseil Exe\u0301cutif de l\u2019Unesco qui a de\u0301bute\u0301 le lundi 9 octobre 2023et qui est le ...","og_url":"https:\/\/www.africa-press.net\/djibouti\/politique\/217eme-session-du-conseil-executif-de-lunesco-vibrant-plaidoyer-du-delegue-permanent-de-djibouti-sur-la-priorite-afrique-et-le-patrimoine-africain","og_site_name":"Djibouti","article_published_time":"2023-10-11T14:33:07+00:00","article_modified_time":"2023-10-11T15:41:49+00:00","og_image":[{"width":1280,"height":720,"url":"https:\/\/static.africa-press.net\/djibouti\/sites\/52\/2023\/10\/sm_1697026267.617808.jpg","type":"image\/jpeg"}],"author":"cfeditorfr","twitter_card":"summary_large_image","twitter_misc":{"\u00c9crit par":"cfeditorfr","Dur\u00e9e de lecture estim\u00e9e":"2 minutes"},"schema":{"@context":"https:\/\/schema.org","@graph":[{"@type":"Article","@id":"https:\/\/www.africa-press.net\/djibouti\/politique\/217eme-session-du-conseil-executif-de-lunesco-vibrant-plaidoyer-du-delegue-permanent-de-djibouti-sur-la-priorite-afrique-et-le-patrimoine-africain#article","isPartOf":{"@id":"https:\/\/www.africa-press.net\/djibouti\/politique\/217eme-session-du-conseil-executif-de-lunesco-vibrant-plaidoyer-du-delegue-permanent-de-djibouti-sur-la-priorite-afrique-et-le-patrimoine-africain"},"author":{"name":"cfeditorfr","@id":"https:\/\/www.africa-press.net\/djibouti\/#\/schema\/person\/2b1cf3cd81a31e3cd26889ca66d677f1"},"headline":"217\u00e8me session du Conseil Ex\u00e9cutif de l\u2019Unesco : Vibrant plaidoyer du d\u00e9l\u00e9gu\u00e9 permanent de Djibouti sur la priorit\u00e9 Afrique et le patrimoine africain","datePublished":"2023-10-11T14:33:07+00:00","dateModified":"2023-10-11T15:41:49+00:00","mainEntityOfPage":{"@id":"https:\/\/www.africa-press.net\/djibouti\/politique\/217eme-session-du-conseil-executif-de-lunesco-vibrant-plaidoyer-du-delegue-permanent-de-djibouti-sur-la-priorite-afrique-et-le-patrimoine-africain"},"wordCount":283,"commentCount":0,"image":{"@id":"https:\/\/www.africa-press.net\/djibouti\/politique\/217eme-session-du-conseil-executif-de-lunesco-vibrant-plaidoyer-du-delegue-permanent-de-djibouti-sur-la-priorite-afrique-et-le-patrimoine-africain#primaryimage"},"thumbnailUrl":"https:\/\/static.africa-press.net\/djibouti\/sites\/52\/2023\/10\/sm_1697026267.617808.jpg","keywords":["Africa Press","Africa Press-Djibouti","Djibouti"],"articleSection":["Politique","Toutes les actualit\u00e9s"],"inLanguage":"fr-FR","potentialAction":[{"@type":"CommentAction","name":"Comment","target":["https:\/\/www.africa-press.net\/djibouti\/politique\/217eme-session-du-conseil-executif-de-lunesco-vibrant-plaidoyer-du-delegue-permanent-de-djibouti-sur-la-priorite-afrique-et-le-patrimoine-africain#respond"]}]},{"@type":"WebPage","@id":"https:\/\/www.africa-press.net\/djibouti\/politique\/217eme-session-du-conseil-executif-de-lunesco-vibrant-plaidoyer-du-delegue-permanent-de-djibouti-sur-la-priorite-afrique-et-le-patrimoine-africain","url":"https:\/\/www.africa-press.net\/djibouti\/politique\/217eme-session-du-conseil-executif-de-lunesco-vibrant-plaidoyer-du-delegue-permanent-de-djibouti-sur-la-priorite-afrique-et-le-patrimoine-africain","name":"217\u00e8me session du Conseil Ex\u00e9cutif de l\u2019Unesco : Vibrant plaidoyer du d\u00e9l\u00e9gu\u00e9 permanent de Djibouti sur la priorit\u00e9 Afrique et le patrimoine africain - Djibouti","isPartOf":{"@id":"https:\/\/www.africa-press.net\/djibouti\/#website"},"primaryImageOfPage":{"@id":"https:\/\/www.africa-press.net\/djibouti\/politique\/217eme-session-du-conseil-executif-de-lunesco-vibrant-plaidoyer-du-delegue-permanent-de-djibouti-sur-la-priorite-afrique-et-le-patrimoine-africain#primaryimage"},"image":{"@id":"https:\/\/www.africa-press.net\/djibouti\/politique\/217eme-session-du-conseil-executif-de-lunesco-vibrant-plaidoyer-du-delegue-permanent-de-djibouti-sur-la-priorite-afrique-et-le-patrimoine-africain#primaryimage"},"thumbnailUrl":"https:\/\/static.africa-press.net\/djibouti\/sites\/52\/2023\/10\/sm_1697026267.617808.jpg","datePublished":"2023-10-11T14:33:07+00:00","dateModified":"2023-10-11T15:41:49+00:00","author":{"@id":"https:\/\/www.africa-press.net\/djibouti\/#\/schema\/person\/2b1cf3cd81a31e3cd26889ca66d677f1"},"description":"A l\u2019occasion de la 217e\u0300me session du Conseil Exe\u0301cutif de l\u2019Unesco qui a de\u0301bute\u0301 le lundi 9 octobre 2023et qui est le ...","breadcrumb":{"@id":"https:\/\/www.africa-press.net\/djibouti\/politique\/217eme-session-du-conseil-executif-de-lunesco-vibrant-plaidoyer-du-delegue-permanent-de-djibouti-sur-la-priorite-afrique-et-le-patrimoine-africain#breadcrumb"},"inLanguage":"fr-FR","potentialAction":[{"@type":"ReadAction","target":["https:\/\/www.africa-press.net\/djibouti\/politique\/217eme-session-du-conseil-executif-de-lunesco-vibrant-plaidoyer-du-delegue-permanent-de-djibouti-sur-la-priorite-afrique-et-le-patrimoine-africain"]}]},{"@type":"ImageObject","inLanguage":"fr-FR","@id":"https:\/\/www.africa-press.net\/djibouti\/politique\/217eme-session-du-conseil-executif-de-lunesco-vibrant-plaidoyer-du-delegue-permanent-de-djibouti-sur-la-priorite-afrique-et-le-patrimoine-africain#primaryimage","url":"https:\/\/static.africa-press.net\/djibouti\/sites\/52\/2023\/10\/sm_1697026267.617808.jpg","contentUrl":"https:\/\/static.africa-press.net\/djibouti\/sites\/52\/2023\/10\/sm_1697026267.617808.jpg","width":1280,"height":720,"caption":"217\u00e8me session du Conseil Ex\u00e9cutif de l\u2019Unesco : Vibrant plaidoyer du d\u00e9l\u00e9gu\u00e9 permanent de Djibouti sur la priorit\u00e9 Afrique et le patrimoine africain"},{"@type":"BreadcrumbList","@id":"https:\/\/www.africa-press.net\/djibouti\/politique\/217eme-session-du-conseil-executif-de-lunesco-vibrant-plaidoyer-du-delegue-permanent-de-djibouti-sur-la-priorite-afrique-et-le-patrimoine-africain#breadcrumb","itemListElement":[{"@type":"ListItem","position":1,"name":"Accueil","item":"https:\/\/www.africa-press.net\/djibouti\/"},{"@type":"ListItem","position":2,"name":"217\u00e8me session du Conseil Ex\u00e9cutif de l\u2019Unesco : Vibrant plaidoyer du d\u00e9l\u00e9gu\u00e9 permanent de Djibouti sur la priorit\u00e9 Afrique et le patrimoine africain"}]},{"@type":"WebSite","@id":"https:\/\/www.africa-press.net\/djibouti\/#website","url":"https:\/\/www.africa-press.net\/djibouti\/","name":"Djibouti","description":"Just another Africa News Agency Sites site","potentialAction":[{"@type":"SearchAction","target":{"@type":"EntryPoint","urlTemplate":"https:\/\/www.africa-press.net\/djibouti\/?s={search_term_string}"},"query-input":{"@type":"PropertyValueSpecification","valueRequired":true,"valueName":"search_term_string"}}],"inLanguage":"fr-FR"},{"@type":"Person","@id":"https:\/\/www.africa-press.net\/djibouti\/#\/schema\/person\/2b1cf3cd81a31e3cd26889ca66d677f1","name":"cfeditorfr"}]}},"_links":{"self":[{"href":"https:\/\/www.africa-press.net\/djibouti\/wp-json\/wp\/v2\/posts\/18965","targetHints":{"allow":["GET"]}}],"collection":[{"href":"https:\/\/www.africa-press.net\/djibouti\/wp-json\/wp\/v2\/posts"}],"about":[{"href":"https:\/\/www.africa-press.net\/djibouti\/wp-json\/wp\/v2\/types\/post"}],"author":[{"embeddable":true,"href":"https:\/\/www.africa-press.net\/djibouti\/wp-json\/wp\/v2\/users\/82"}],"replies":[{"embeddable":true,"href":"https:\/\/www.africa-press.net\/djibouti\/wp-json\/wp\/v2\/comments?post=18965"}],"version-history":[{"count":0,"href":"https:\/\/www.africa-press.net\/djibouti\/wp-json\/wp\/v2\/posts\/18965\/revisions"}],"wp:featuredmedia":[{"embeddable":true,"href":"https:\/\/www.africa-press.net\/djibouti\/wp-json\/wp\/v2\/media\/18964"}],"wp:attachment":[{"href":"https:\/\/www.africa-press.net\/djibouti\/wp-json\/wp\/v2\/media?parent=18965"}],"wp:term":[{"taxonomy":"category","embeddable":true,"href":"https:\/\/www.africa-press.net\/djibouti\/wp-json\/wp\/v2\/categories?post=18965"},{"taxonomy":"post_tag","embeddable":true,"href":"https:\/\/www.africa-press.net\/djibouti\/wp-json\/wp\/v2\/tags?post=18965"}],"curies":[{"name":"wp","href":"https:\/\/api.w.org\/{rel}","templated":true}]}}