{"id":18971,"date":"2023-10-11T14:33:58","date_gmt":"2023-10-11T14:33:58","guid":{"rendered":"https:\/\/www.africa-press.net\/djibouti\/politique\/region-du-nord-sensibilisation-sur-les-acquis-et-les-perspectives-de-la-reforme-de-ladministration"},"modified":"2023-10-11T15:42:32","modified_gmt":"2023-10-11T15:42:32","slug":"region-du-nord-sensibilisation-sur-les-acquis-et-les-perspectives-de-la-reforme-de-ladministration","status":"publish","type":"post","link":"https:\/\/www.africa-press.net\/djibouti\/politique\/region-du-nord-sensibilisation-sur-les-acquis-et-les-perspectives-de-la-reforme-de-ladministration","title":{"rendered":"R\u00e9gion du Nord : Sensibilisation sur les acquis et les perspectives de la r\u00e9forme de l\u2019administration"},"content":{"rendered":"<p><span style=\"color: #ff6600\"><strong>Africa-Press &#8211; Djibouti. <\/strong><\/span>Apre\u0300s les re\u0301gions du Sud, la mission du ministe\u0300re du Travail, charge\u0301 de la Formalisation et de la Protection Sociale, conduite par le secre\u0301taire exe\u0301cutif charge\u0301 de la re\u0301forme de l\u2019administration, Mohamed Awaleh Dirieh s\u2019est rendue successivement lundi et mardi derniers a\u0300 Obock puis a\u0300 Tadjourah , dans le but d\u2019organiser un atelier de sensibilisation sur les acquis et perspectives de la re\u0301forme administrative.<\/p>\n<p>A l\u2019instar des premiers ateliers, la ce\u0301re\u0301monie de lancement de ceux du Nord a vu la participation notamment du pre\u0301fet de chaque re\u0301gion, des pre\u0301sidents du conseil re\u0301gional et des participants concerne\u0301s. Les autorite\u0301s re\u0301gionales ont accueilli tre\u0300s favorablement l\u2019initiative de concertation et de consultation afin d\u2019ame\u0301liorer les prestations de services des administrations re\u0301gionales. Le secre\u0301taire ge\u0301ne\u0301ral du Ministe\u0300re de\u0301le\u0301gue\u0301 charge\u0301 de la de\u0301centralisation, Mohamed Issa Faraj fait partie des membres de celle-ci. A Obock comme a\u0300 Tadjourah, celui-ci a rappele\u0301 l\u2019importance et la ne\u0301cessite\u0301 de moderniser l\u2019administration pour un rendement plus efficace a\u0300 ses usagers.<\/p>\n<p>Pour sa part, le secre\u0301taire exe\u0301cutif charge\u0301 de la re\u0301forme de l\u2019administration, Mohamed Awaleh Dirieh a rappele\u0301 la ne\u0301cessite\u0301 de faire le point sur les re\u0301alisations passe\u0301es, d\u2019identifier les de\u0301fis actuels et futurs.<\/p>\n<p>La reforme de l\u2019administration fait partie des priorite\u0301s du gouvernement car elle refle\u0300te la manie\u0300re dans notre pays fonctionne au quotidien, a-t-il souligne\u0301 dans son allocution.<\/p>\n<p>Le bon fonctionnement de l\u2019administration a un impact direct sur la vie de chaque citoyen, qu\u2019il s\u2019agit de la prestation des services publics, de la gestion des ressources publiques, de la lutte contre la corruption ou de la promotion de la transparence et de la responsabilite\u0301. En ajoutant, en tant que nation en de\u0301veloppement, il est impe\u0301ratif que nous tirions parti de l\u2019efficacite\u0301 de notre administration pour atteindre nos objectifs de de\u0301veloppement socio-e\u0301conomique.<\/p>\n<p>A Obock comme a\u0300 Tadjourah, apre\u0300s une pre\u0301sentation du bilan et des perspectives de la re\u0301forme les participants ont formule\u0301 des dole\u0301ances aux profits de leur re\u0301gion. En re\u0301ponse aux questions, quelle est votre vision de l\u2019administration de votre re\u0301gion et Comment l\u2019administration doit e\u0301voluer afin d\u2019ame\u0301liorer les services publics ? Les e\u0301changes et de\u0301bats des participants ont e\u0301te\u0301 fructueux. Les membres de cette de\u0301le\u0301gation avaient organise\u0301 une caravane d\u2019information, de sensibilisation et de consultation dans les cinq re\u0301gions du pays. La mission du ministe\u0300re du travail, charge\u0301 de la Formalisation et de la Protection Sociale a clo\u0302ture\u0301 les travaux des ateliers de sensibilisation, sur les acquis et perspectives de la re\u0301forme de l\u2019administration au chef-lieu de la re\u0301gion de Tadjourah dans les locaux de la pre\u0301fecture.<\/p>\n<p><b>Ali Ladieh<\/b><\/p>\n<p><strong>Pour plus d&rsquo;informations et d&rsquo;analyses sur la <a href=\"https:\/\/www.africa-press.net\/djibouti\">Djibouti<\/a>, suivez <a href=\"https:\/\/www.africa-press.net\/\">Africa-Press<\/a><\/strong><\/p>\n","protected":false},"excerpt":{"rendered":"<p>Africa-Press &#8211; Djibouti. Apre\u0300s les re\u0301gions du Sud, la mission du ministe\u0300re du Travail, charge\u0301 de la Formalisation et de la Protection Sociale, conduite par le secre\u0301taire exe\u0301cutif charge\u0301 de la re\u0301forme de l\u2019administration, Mohamed Awaleh Dirieh s\u2019est rendue successivement lundi et mardi derniers a\u0300 Obock puis a\u0300 Tadjourah , dans le but d\u2019organiser un [&hellip;]<\/p>\n","protected":false},"author":82,"featured_media":18969,"comment_status":"open","ping_status":"closed","sticky":false,"template":"","format":"standard","meta":{"footnotes":""},"categories":[2,20,10],"tags":[36,49,50],"class_list":["post-18971","post","type-post","status-publish","format-standard","has-post-thumbnail","hentry","category-politique","category-top-nouvelles","category-toutes-les-actualites","tag-africa-press","tag-africa-press-djibouti","tag-djibouti"],"yoast_head":"<!-- This site is optimized with the Yoast SEO Premium plugin v26.1 (Yoast SEO v27.0) - https:\/\/yoast.com\/product\/yoast-seo-premium-wordpress\/ -->\n<title>R\u00e9gion du Nord : Sensibilisation sur les acquis et les perspectives de la r\u00e9forme de l\u2019administration - Djibouti<\/title>\n<meta name=\"description\" content=\"Apre\u0300s les re\u0301gions du Sud, la mission du ministe\u0300re du Travail, charge\u0301 de la Formalisation et de la Protection Sociale ...\" \/>\n<meta name=\"robots\" content=\"index, follow, max-snippet:-1, max-image-preview:large, max-video-preview:-1\" \/>\n<link rel=\"canonical\" href=\"https:\/\/www.africa-press.net\/djibouti\/politique\/region-du-nord-sensibilisation-sur-les-acquis-et-les-perspectives-de-la-reforme-de-ladministration\" \/>\n<meta property=\"og:locale\" content=\"fr_FR\" \/>\n<meta property=\"og:type\" content=\"article\" \/>\n<meta property=\"og:title\" content=\"R\u00e9gion du Nord : Sensibilisation sur les acquis et les perspectives de la r\u00e9forme de l\u2019administration\" \/>\n<meta property=\"og:description\" content=\"Apre\u0300s les re\u0301gions du Sud, la mission du ministe\u0300re du Travail, charge\u0301 de la Formalisation et de la Protection Sociale ...\" \/>\n<meta property=\"og:url\" content=\"https:\/\/www.africa-press.net\/djibouti\/politique\/region-du-nord-sensibilisation-sur-les-acquis-et-les-perspectives-de-la-reforme-de-ladministration\" \/>\n<meta property=\"og:site_name\" content=\"Djibouti\" \/>\n<meta property=\"article:published_time\" content=\"2023-10-11T14:33:58+00:00\" \/>\n<meta property=\"article:modified_time\" content=\"2023-10-11T15:42:32+00:00\" \/>\n<meta property=\"og:image\" content=\"https:\/\/static.africa-press.net\/djibouti\/sites\/52\/2023\/10\/sm_1697026300.23964.jpg\" \/>\n\t<meta property=\"og:image:width\" content=\"720\" \/>\n\t<meta property=\"og:image:height\" content=\"480\" \/>\n\t<meta property=\"og:image:type\" content=\"image\/jpeg\" \/>\n<meta name=\"author\" content=\"cfeditorfr\" \/>\n<meta name=\"twitter:card\" content=\"summary_large_image\" \/>\n<meta name=\"twitter:label1\" content=\"\u00c9crit par\" \/>\n\t<meta name=\"twitter:data1\" content=\"cfeditorfr\" \/>\n\t<meta name=\"twitter:label2\" content=\"Dur\u00e9e de lecture estim\u00e9e\" \/>\n\t<meta name=\"twitter:data2\" content=\"3 minutes\" \/>\n<script type=\"application\/ld+json\" class=\"yoast-schema-graph\">{\"@context\":\"https:\/\/schema.org\",\"@graph\":[{\"@type\":\"Article\",\"@id\":\"https:\/\/www.africa-press.net\/djibouti\/politique\/region-du-nord-sensibilisation-sur-les-acquis-et-les-perspectives-de-la-reforme-de-ladministration#article\",\"isPartOf\":{\"@id\":\"https:\/\/www.africa-press.net\/djibouti\/politique\/region-du-nord-sensibilisation-sur-les-acquis-et-les-perspectives-de-la-reforme-de-ladministration\"},\"author\":{\"name\":\"cfeditorfr\",\"@id\":\"https:\/\/www.africa-press.net\/djibouti\/#\/schema\/person\/2b1cf3cd81a31e3cd26889ca66d677f1\"},\"headline\":\"R\u00e9gion du Nord : Sensibilisation sur les acquis et les perspectives de la r\u00e9forme de l\u2019administration\",\"datePublished\":\"2023-10-11T14:33:58+00:00\",\"dateModified\":\"2023-10-11T15:42:32+00:00\",\"mainEntityOfPage\":{\"@id\":\"https:\/\/www.africa-press.net\/djibouti\/politique\/region-du-nord-sensibilisation-sur-les-acquis-et-les-perspectives-de-la-reforme-de-ladministration\"},\"wordCount\":533,\"commentCount\":0,\"image\":{\"@id\":\"https:\/\/www.africa-press.net\/djibouti\/politique\/region-du-nord-sensibilisation-sur-les-acquis-et-les-perspectives-de-la-reforme-de-ladministration#primaryimage\"},\"thumbnailUrl\":\"https:\/\/static.africa-press.net\/djibouti\/sites\/52\/2023\/10\/sm_1697026300.23964.jpg\",\"keywords\":[\"Africa Press\",\"Africa Press-Djibouti\",\"Djibouti\"],\"articleSection\":[\"Politique\",\"Top Nouvelles\",\"Toutes les actualit\u00e9s\"],\"inLanguage\":\"fr-FR\",\"potentialAction\":[{\"@type\":\"CommentAction\",\"name\":\"Comment\",\"target\":[\"https:\/\/www.africa-press.net\/djibouti\/politique\/region-du-nord-sensibilisation-sur-les-acquis-et-les-perspectives-de-la-reforme-de-ladministration#respond\"]}]},{\"@type\":\"WebPage\",\"@id\":\"https:\/\/www.africa-press.net\/djibouti\/politique\/region-du-nord-sensibilisation-sur-les-acquis-et-les-perspectives-de-la-reforme-de-ladministration\",\"url\":\"https:\/\/www.africa-press.net\/djibouti\/politique\/region-du-nord-sensibilisation-sur-les-acquis-et-les-perspectives-de-la-reforme-de-ladministration\",\"name\":\"R\u00e9gion du Nord : Sensibilisation sur les acquis et les perspectives de la r\u00e9forme de l\u2019administration - Djibouti\",\"isPartOf\":{\"@id\":\"https:\/\/www.africa-press.net\/djibouti\/#website\"},\"primaryImageOfPage\":{\"@id\":\"https:\/\/www.africa-press.net\/djibouti\/politique\/region-du-nord-sensibilisation-sur-les-acquis-et-les-perspectives-de-la-reforme-de-ladministration#primaryimage\"},\"image\":{\"@id\":\"https:\/\/www.africa-press.net\/djibouti\/politique\/region-du-nord-sensibilisation-sur-les-acquis-et-les-perspectives-de-la-reforme-de-ladministration#primaryimage\"},\"thumbnailUrl\":\"https:\/\/static.africa-press.net\/djibouti\/sites\/52\/2023\/10\/sm_1697026300.23964.jpg\",\"datePublished\":\"2023-10-11T14:33:58+00:00\",\"dateModified\":\"2023-10-11T15:42:32+00:00\",\"author\":{\"@id\":\"https:\/\/www.africa-press.net\/djibouti\/#\/schema\/person\/2b1cf3cd81a31e3cd26889ca66d677f1\"},\"description\":\"Apre\u0300s les re\u0301gions du Sud, la mission du ministe\u0300re du Travail, charge\u0301 de la Formalisation et de la Protection Sociale ...\",\"breadcrumb\":{\"@id\":\"https:\/\/www.africa-press.net\/djibouti\/politique\/region-du-nord-sensibilisation-sur-les-acquis-et-les-perspectives-de-la-reforme-de-ladministration#breadcrumb\"},\"inLanguage\":\"fr-FR\",\"potentialAction\":[{\"@type\":\"ReadAction\",\"target\":[\"https:\/\/www.africa-press.net\/djibouti\/politique\/region-du-nord-sensibilisation-sur-les-acquis-et-les-perspectives-de-la-reforme-de-ladministration\"]}]},{\"@type\":\"ImageObject\",\"inLanguage\":\"fr-FR\",\"@id\":\"https:\/\/www.africa-press.net\/djibouti\/politique\/region-du-nord-sensibilisation-sur-les-acquis-et-les-perspectives-de-la-reforme-de-ladministration#primaryimage\",\"url\":\"https:\/\/static.africa-press.net\/djibouti\/sites\/52\/2023\/10\/sm_1697026300.23964.jpg\",\"contentUrl\":\"https:\/\/static.africa-press.net\/djibouti\/sites\/52\/2023\/10\/sm_1697026300.23964.jpg\",\"width\":720,\"height\":480,\"caption\":\"R\u00e9gion du Nord : Sensibilisation sur les acquis et les perspectives de la r\u00e9forme de l\u2019administration\"},{\"@type\":\"BreadcrumbList\",\"@id\":\"https:\/\/www.africa-press.net\/djibouti\/politique\/region-du-nord-sensibilisation-sur-les-acquis-et-les-perspectives-de-la-reforme-de-ladministration#breadcrumb\",\"itemListElement\":[{\"@type\":\"ListItem\",\"position\":1,\"name\":\"Accueil\",\"item\":\"https:\/\/www.africa-press.net\/djibouti\/\"},{\"@type\":\"ListItem\",\"position\":2,\"name\":\"R\u00e9gion du Nord : Sensibilisation sur les acquis et les perspectives de la r\u00e9forme de l\u2019administration\"}]},{\"@type\":\"WebSite\",\"@id\":\"https:\/\/www.africa-press.net\/djibouti\/#website\",\"url\":\"https:\/\/www.africa-press.net\/djibouti\/\",\"name\":\"Djibouti\",\"description\":\"Just another Africa News Agency Sites site\",\"potentialAction\":[{\"@type\":\"SearchAction\",\"target\":{\"@type\":\"EntryPoint\",\"urlTemplate\":\"https:\/\/www.africa-press.net\/djibouti\/?s={search_term_string}\"},\"query-input\":{\"@type\":\"PropertyValueSpecification\",\"valueRequired\":true,\"valueName\":\"search_term_string\"}}],\"inLanguage\":\"fr-FR\"},{\"@type\":\"Person\",\"@id\":\"https:\/\/www.africa-press.net\/djibouti\/#\/schema\/person\/2b1cf3cd81a31e3cd26889ca66d677f1\",\"name\":\"cfeditorfr\"}]}<\/script>\n<!-- \/ Yoast SEO Premium plugin. -->","yoast_head_json":{"title":"R\u00e9gion du Nord : Sensibilisation sur les acquis et les perspectives de la r\u00e9forme de l\u2019administration - Djibouti","description":"Apre\u0300s les re\u0301gions du Sud, la mission du ministe\u0300re du Travail, charge\u0301 de la Formalisation et de la Protection Sociale ...","robots":{"index":"index","follow":"follow","max-snippet":"max-snippet:-1","max-image-preview":"max-image-preview:large","max-video-preview":"max-video-preview:-1"},"canonical":"https:\/\/www.africa-press.net\/djibouti\/politique\/region-du-nord-sensibilisation-sur-les-acquis-et-les-perspectives-de-la-reforme-de-ladministration","og_locale":"fr_FR","og_type":"article","og_title":"R\u00e9gion du Nord : Sensibilisation sur les acquis et les perspectives de la r\u00e9forme de l\u2019administration","og_description":"Apre\u0300s les re\u0301gions du Sud, la mission du ministe\u0300re du Travail, charge\u0301 de la Formalisation et de la Protection Sociale ...","og_url":"https:\/\/www.africa-press.net\/djibouti\/politique\/region-du-nord-sensibilisation-sur-les-acquis-et-les-perspectives-de-la-reforme-de-ladministration","og_site_name":"Djibouti","article_published_time":"2023-10-11T14:33:58+00:00","article_modified_time":"2023-10-11T15:42:32+00:00","og_image":[{"width":720,"height":480,"url":"https:\/\/static.africa-press.net\/djibouti\/sites\/52\/2023\/10\/sm_1697026300.23964.jpg","type":"image\/jpeg"}],"author":"cfeditorfr","twitter_card":"summary_large_image","twitter_misc":{"\u00c9crit par":"cfeditorfr","Dur\u00e9e de lecture estim\u00e9e":"3 minutes"},"schema":{"@context":"https:\/\/schema.org","@graph":[{"@type":"Article","@id":"https:\/\/www.africa-press.net\/djibouti\/politique\/region-du-nord-sensibilisation-sur-les-acquis-et-les-perspectives-de-la-reforme-de-ladministration#article","isPartOf":{"@id":"https:\/\/www.africa-press.net\/djibouti\/politique\/region-du-nord-sensibilisation-sur-les-acquis-et-les-perspectives-de-la-reforme-de-ladministration"},"author":{"name":"cfeditorfr","@id":"https:\/\/www.africa-press.net\/djibouti\/#\/schema\/person\/2b1cf3cd81a31e3cd26889ca66d677f1"},"headline":"R\u00e9gion du Nord : Sensibilisation sur les acquis et les perspectives de la r\u00e9forme de l\u2019administration","datePublished":"2023-10-11T14:33:58+00:00","dateModified":"2023-10-11T15:42:32+00:00","mainEntityOfPage":{"@id":"https:\/\/www.africa-press.net\/djibouti\/politique\/region-du-nord-sensibilisation-sur-les-acquis-et-les-perspectives-de-la-reforme-de-ladministration"},"wordCount":533,"commentCount":0,"image":{"@id":"https:\/\/www.africa-press.net\/djibouti\/politique\/region-du-nord-sensibilisation-sur-les-acquis-et-les-perspectives-de-la-reforme-de-ladministration#primaryimage"},"thumbnailUrl":"https:\/\/static.africa-press.net\/djibouti\/sites\/52\/2023\/10\/sm_1697026300.23964.jpg","keywords":["Africa Press","Africa Press-Djibouti","Djibouti"],"articleSection":["Politique","Top Nouvelles","Toutes les actualit\u00e9s"],"inLanguage":"fr-FR","potentialAction":[{"@type":"CommentAction","name":"Comment","target":["https:\/\/www.africa-press.net\/djibouti\/politique\/region-du-nord-sensibilisation-sur-les-acquis-et-les-perspectives-de-la-reforme-de-ladministration#respond"]}]},{"@type":"WebPage","@id":"https:\/\/www.africa-press.net\/djibouti\/politique\/region-du-nord-sensibilisation-sur-les-acquis-et-les-perspectives-de-la-reforme-de-ladministration","url":"https:\/\/www.africa-press.net\/djibouti\/politique\/region-du-nord-sensibilisation-sur-les-acquis-et-les-perspectives-de-la-reforme-de-ladministration","name":"R\u00e9gion du Nord : Sensibilisation sur les acquis et les perspectives de la r\u00e9forme de l\u2019administration - Djibouti","isPartOf":{"@id":"https:\/\/www.africa-press.net\/djibouti\/#website"},"primaryImageOfPage":{"@id":"https:\/\/www.africa-press.net\/djibouti\/politique\/region-du-nord-sensibilisation-sur-les-acquis-et-les-perspectives-de-la-reforme-de-ladministration#primaryimage"},"image":{"@id":"https:\/\/www.africa-press.net\/djibouti\/politique\/region-du-nord-sensibilisation-sur-les-acquis-et-les-perspectives-de-la-reforme-de-ladministration#primaryimage"},"thumbnailUrl":"https:\/\/static.africa-press.net\/djibouti\/sites\/52\/2023\/10\/sm_1697026300.23964.jpg","datePublished":"2023-10-11T14:33:58+00:00","dateModified":"2023-10-11T15:42:32+00:00","author":{"@id":"https:\/\/www.africa-press.net\/djibouti\/#\/schema\/person\/2b1cf3cd81a31e3cd26889ca66d677f1"},"description":"Apre\u0300s les re\u0301gions du Sud, la mission du ministe\u0300re du Travail, charge\u0301 de la Formalisation et de la Protection Sociale ...","breadcrumb":{"@id":"https:\/\/www.africa-press.net\/djibouti\/politique\/region-du-nord-sensibilisation-sur-les-acquis-et-les-perspectives-de-la-reforme-de-ladministration#breadcrumb"},"inLanguage":"fr-FR","potentialAction":[{"@type":"ReadAction","target":["https:\/\/www.africa-press.net\/djibouti\/politique\/region-du-nord-sensibilisation-sur-les-acquis-et-les-perspectives-de-la-reforme-de-ladministration"]}]},{"@type":"ImageObject","inLanguage":"fr-FR","@id":"https:\/\/www.africa-press.net\/djibouti\/politique\/region-du-nord-sensibilisation-sur-les-acquis-et-les-perspectives-de-la-reforme-de-ladministration#primaryimage","url":"https:\/\/static.africa-press.net\/djibouti\/sites\/52\/2023\/10\/sm_1697026300.23964.jpg","contentUrl":"https:\/\/static.africa-press.net\/djibouti\/sites\/52\/2023\/10\/sm_1697026300.23964.jpg","width":720,"height":480,"caption":"R\u00e9gion du Nord : Sensibilisation sur les acquis et les perspectives de la r\u00e9forme de l\u2019administration"},{"@type":"BreadcrumbList","@id":"https:\/\/www.africa-press.net\/djibouti\/politique\/region-du-nord-sensibilisation-sur-les-acquis-et-les-perspectives-de-la-reforme-de-ladministration#breadcrumb","itemListElement":[{"@type":"ListItem","position":1,"name":"Accueil","item":"https:\/\/www.africa-press.net\/djibouti\/"},{"@type":"ListItem","position":2,"name":"R\u00e9gion du Nord : Sensibilisation sur les acquis et les perspectives de la r\u00e9forme de l\u2019administration"}]},{"@type":"WebSite","@id":"https:\/\/www.africa-press.net\/djibouti\/#website","url":"https:\/\/www.africa-press.net\/djibouti\/","name":"Djibouti","description":"Just another Africa News Agency Sites site","potentialAction":[{"@type":"SearchAction","target":{"@type":"EntryPoint","urlTemplate":"https:\/\/www.africa-press.net\/djibouti\/?s={search_term_string}"},"query-input":{"@type":"PropertyValueSpecification","valueRequired":true,"valueName":"search_term_string"}}],"inLanguage":"fr-FR"},{"@type":"Person","@id":"https:\/\/www.africa-press.net\/djibouti\/#\/schema\/person\/2b1cf3cd81a31e3cd26889ca66d677f1","name":"cfeditorfr"}]}},"_links":{"self":[{"href":"https:\/\/www.africa-press.net\/djibouti\/wp-json\/wp\/v2\/posts\/18971","targetHints":{"allow":["GET"]}}],"collection":[{"href":"https:\/\/www.africa-press.net\/djibouti\/wp-json\/wp\/v2\/posts"}],"about":[{"href":"https:\/\/www.africa-press.net\/djibouti\/wp-json\/wp\/v2\/types\/post"}],"author":[{"embeddable":true,"href":"https:\/\/www.africa-press.net\/djibouti\/wp-json\/wp\/v2\/users\/82"}],"replies":[{"embeddable":true,"href":"https:\/\/www.africa-press.net\/djibouti\/wp-json\/wp\/v2\/comments?post=18971"}],"version-history":[{"count":0,"href":"https:\/\/www.africa-press.net\/djibouti\/wp-json\/wp\/v2\/posts\/18971\/revisions"}],"wp:featuredmedia":[{"embeddable":true,"href":"https:\/\/www.africa-press.net\/djibouti\/wp-json\/wp\/v2\/media\/18969"}],"wp:attachment":[{"href":"https:\/\/www.africa-press.net\/djibouti\/wp-json\/wp\/v2\/media?parent=18971"}],"wp:term":[{"taxonomy":"category","embeddable":true,"href":"https:\/\/www.africa-press.net\/djibouti\/wp-json\/wp\/v2\/categories?post=18971"},{"taxonomy":"post_tag","embeddable":true,"href":"https:\/\/www.africa-press.net\/djibouti\/wp-json\/wp\/v2\/tags?post=18971"}],"curies":[{"name":"wp","href":"https:\/\/api.w.org\/{rel}","templated":true}]}}