{"id":18973,"date":"2023-10-11T14:34:23","date_gmt":"2023-10-11T14:34:23","guid":{"rendered":"https:\/\/www.africa-press.net\/djibouti\/politique\/compte-rendu-de-la-14eme-seance-du-conseil-des-ministres"},"modified":"2023-10-11T15:43:04","modified_gmt":"2023-10-11T15:43:04","slug":"compte-rendu-de-la-14eme-seance-du-conseil-des-ministres","status":"publish","type":"post","link":"https:\/\/www.africa-press.net\/djibouti\/politique\/compte-rendu-de-la-14eme-seance-du-conseil-des-ministres","title":{"rendered":"Compte-rendu de la 14\u00e8me s\u00e9ance du Conseil des Ministres"},"content":{"rendered":"<p><span style=\"color: #ff6600\"><strong>Africa-Press &#8211; Djibouti. <\/strong><\/span><b>Sous la Pre\u0301sidence de Son Excellence, Monsieur ISMAI\u0308L OMAR GUELLEH, Pre\u0301sident de la Re\u0301publique, Chef du Gouvernement a eu lieu ce Mardi 10 octobre 2023, la 14e\u0300me Se\u0301ance du Conseil des Ministres. Ont e\u0301te\u0301 examine\u0301s et approuve\u0301s les textes suivants :<\/b><br \/>\n<b>MINISTERE DU COMMERCE ET DU TOURISME<\/b><\/p>\n<p>1e\u0300re QUESTION : Projet de Loi portant adhe\u0301sion de la Re\u0301publique de Djibouti a\u0300 l\u2019Arrangement de Lisbonne concernant la protection des appellations d\u2019origine et leur enregistrement international et sa dernie\u0300re version, l\u2019Acte de Gene\u0300ve adopte\u0301 en 2015.<\/p>\n<p>Le projet de Loi porte sur la ratification de l\u2019acte de Gene\u0300ve de l\u2019Arrangement de Lisbonne adopte\u0301 en mai 2015. L\u2019Arrangement de Lisbonne est ouvert aux Etats parties a\u0300 la Convention de Paris pour la protection de la proprie\u0301te\u0301 industrielle. Cet Arrangement prote\u0300ge les appellations d\u2019origine et leur enregistrement international dont les de\u0301nominations sont enregistre\u0301es par le bureau international de l\u2019OMPI a\u0300 Gene\u0300ve. Cet acte vise a\u0300 moderniser et a\u0300 ame\u0301liorer le syste\u0300me d\u2019enregistrement international actuel pour prote\u0301ger les noms de\u0301signant l\u2019origine ge\u0301ographique des produits. Les indications ge\u0301ographiques et les appellations d\u2019origine sont des signes officiels qui garantissent aux consommateurs que les produits respectent les conditions de production spe\u0301cifiques et qu\u2019ils entretiennent un lien fort avec leur te\u0301moin d\u2019origine. La ratification d\u2019acte de l\u2019Arrangement de Lisbonne et ses conventions pre\u0301sente ainsi un grand inte\u0301re\u0302t pour notre pays, qui dispose de nombreux produits agricoles et artisanaux. La ratification de l\u2019Arrangement de Lisbonne offre des avantages en matie\u0300re de protection des indications ge\u0301ographiques et des appellations d\u2019origine pour les produits locaux. Ainsi, la protection des produits locaux permet de pre\u0301server la re\u0301putation, la qualite\u0301 et l\u2019authenticite\u0301 de ces produits. Elle permet aux pays de prote\u0301ger leurs produits contre l\u2019utilisation abusive et la contrefac\u0327on. La ratification permettra au pays d\u2019utiliser un syste\u0300me d\u2019enregistrement international peu cou\u0302teux et qui offre une protection a\u0300 l\u2019e\u0301chelle mondiale. Enfin, la protection des appellations d\u2019origine permet de stimuler le de\u0301veloppement du tourisme.<\/p>\n<p><b>PRESIDENCE DE LA REPUBLIQUE<\/b><\/p>\n<p>2e\u0300me QUESTION : Projet de Loi portant adoption des comptes financiers de l\u2019Agence Nationale des Personnes Handicape\u0301es (ANPH) de l\u2019anne\u0301e 2022.Les comptes financiers 2022 de l\u2019Agence Nationale des Personnes Handicape\u0301es sont arre\u0302te\u0301s en produits de 258 765 399 FDJ et en charges a\u0300258 586 059 FDJ. En 2022, les produits connaissent une le\u0301ge\u0300re diminution de plus 29,4 millions de FDJ par rapport a\u0300 l\u2019exercice 2021. Cette diminution est lie\u0301e a\u0300 la baisse du montant des dons (divers sponsorings moins de 35,3 millions de FDJ). Au cours de l\u2019exercice 2022, l\u2019ANPH a re\u0301alise\u0301 le projet d\u2019enregistrement a\u0300 domicile des personnes handicape\u0301es alite\u0301es a\u0300 Djibouti ville et dans les cinq re\u0301gions, l\u2019e\u0301tude sur l\u2019impact du COVID-19 des personnes handicape\u0301es et l\u2019extension du Centre d\u2019Appareillage Orthope\u0301dique et de Re\u0301habilitation. Ces actions ont permis de renforcer les droits des personnes a\u0300 besoins spe\u0301ciaux et de promouvoir leur participation en vue de leur inte\u0301gration effective dans la socie\u0301te\u0301.<\/p>\n<p><b>MINISTE\u0300RE DE L\u2019ENSEIGNEMENT SUPERIEUR ET DE LA RECHERCHE<\/b><\/p>\n<p>3e\u0300me QUESTION : Projets de Loi portant approbation des comptes financiers de l\u2019Institut Supe\u0301rieur des Sciences de la Sante\u0301 (ISSS) pour les exercices 2018, 2019, 2020 et 2021.Le Ministe\u0300re de l\u2019Enseignement Supe\u0301rieur et de la Recherche a apure\u0301 les comptes financiers pour l\u2019exercice 2021 et les exercices ante\u0301rieurs (2020, 2019 et 2018) de l\u2019ISSS sont arre\u0302te\u0301s en 2021 en produits de 279 071 109 FDJ et en charges a\u0300 271 682 928 FDJ. Le re\u0301sultat de l\u2019ISSS est exce\u0301dentaire apre\u0300s quatre anne\u0301es successives de perte. Les produits connaissent une le\u0301ge\u0300re augmentation de 4 millions de FDJ en 2021 par rapport a\u0300 l\u2019exercice pre\u0301ce\u0301dent de 2020 qui est due a\u0300 la hausse des revenus ge\u0301ne\u0301re\u0301s par les frais d\u2019inscriptions et des frais lie\u0301s a\u0300 la formation continue. La subvention rec\u0327ue de l\u2019Etat a diminue\u0301 de 4,6 millions de FDJ en 2021 et les charges connaissent e\u0301galement une baisse de 7,4 millions de FDJ par rapport a\u0300 l\u2019exercice 2020. Les charges de personnel repre\u0301sentent 74% du total des charges. En 2021, l\u2019ISSS a mis en \u0153uvre la re\u0301forme des professions parame\u0301dicales et sociales afin de re\u0301pondre aux normes internationales, renforcer les ressources humaines de notre syste\u0300me de sante\u0301 et proposer aux jeunes diplo\u0302me\u0301s des possibilite\u0301s de poursuite des e\u0301tudes a\u0300 travers le parcours de formation LMD. L\u2019ISSS a mis l\u2019accent sur l\u2019introduction de la simulation en sante\u0301 dans les curricula de formation et la restructuration des formations des pre\u0301parateurs en pharmacie. Durant cet exercice, 296 e\u0301tudiants e\u0301taient en formation et re\u0301partis sur 14 filie\u0300res. Au total, 120 e\u0301tudiants ont obtenu leur diplo\u0302me en 2021 dans les diffe\u0301rentes filie\u0300res (sage femmes, infirmiers, infirmiers anesthe\u0301sistes, techniciens d\u2019imagerie me\u0301dicales, pre\u0301parateurs en pharmacie et techniciens en laboratoire).<\/p>\n<p><b>MINISTERE DES INFRASTRUCTURES ET DE L\u2019EQUIPEMENT<\/b><\/p>\n<p>4e\u0300me QUESTION : Projet de Loi portant approbation des comptes financiers de l\u2019Agence Djiboutienne des Routes (ADR) pour l\u2019exercice 2022.Les comptes financiers de l\u2019exercice 2022 de l\u2019Agence Djiboutienne des Routes sont arre\u0302te\u0301s en produit de 1 857 282 043 FDJ et en charges de 1 743 147 475 FDJ. Les produits connaissent une augmentation de pre\u0300s de 30% entre 2021 et 2022. Ils passent de 1,4 milliards de FDJ en 2021 a\u0300 1,8 milliards de FDJ en 2022 gra\u0302ce a\u0300 l\u2019augmentation du chiffre d\u2019affaires (pre\u0300s de 59 %) notamment gra\u0302ce aux revenus engendre\u0301s dans le cadre des travaux des routes corridors et des travaux des voies des nouveaux lotissements. Les charges connaissent une diminution de pre\u0300s de 17% entre 2021 et 2022.Elles passent de 2 milliards de FDJ en 2021 a\u0300 1,7 milliards de FDJ en 2022. Le re\u0301sultat net passe d\u2019un montant ne\u0301gatif de moins 664 millions de FDJ en 2021 a\u0300114 millions de FDJ en 2022. Durant l\u2019exercice 2022, l\u2019ADR a re\u0301alise\u0301 des travaux dans le cadre de son programme annuel d\u2019entretien routier de la voirie urbaine afin de pre\u0301server le patrimoine routier de la capitale, d\u2019assurer la pe\u0301rennite\u0301 du trafic urbain et d\u2019assurer un niveau de service correct aux usagers de la route. Les re\u0301alisations de l\u2019ADR portent sur des travaux de re\u0301habilitation des tronc\u0327ons de\u0301grade\u0301es et des re\u0301habilitations localise\u0301es dans les trois communes de la capitale. L\u2019ADR a aussi re\u0301alise\u0301 des travaux de re\u0301habilitation pour le compte d\u2019institutions publiques tels que le DPCR sur les routes du corridor, ARULOS, SGTD et EDD.<\/p>\n<p><b>MINISTE\u0300RE DES AFFAIRES SOCIALES ET DES Solidarite\u0301s<\/b><\/p>\n<p>5e\u0300me QUESTION : Projet de De\u0301cret portant renouvellement des membres du Conseil d\u2019Administration de l\u2019Agence Djiboutienne de De\u0301veloppement Social (ADDS).Le pre\u0301sent de De\u0301cret a pour objet le renouvellement des membres du Conseil d\u2019Administration de ADDS conforme\u0301ment aux dispositions du De\u0301cret n\u00b02008-0026\/PRE, le mandat des membres du Conseil d\u2019Administration est renouvelable tous les trois ans.<\/p>\n<p>MINISTE\u0300RE DU TRAVAIL CHARGE DE LA FORMALISATION ET DE LA PROTECTION SOCIALE<\/p>\n<p>6e\u0300ME QUESTION : Projets de De\u0301cret portant nomination.<\/p>\n<p><b>Sont nomme\u0301s :<\/b><\/p>\n<p>\u2013 Mme RODA AHMED DOUALEH, Conseille\u0300re Technique du Ministre du Commerce et du Tourisme.<\/p>\n<p>\u2013 M. AOULED DJAMA AHMED, Conseiller Technique.<\/p>\n<p>Au titre du Ministe\u0300re de l\u2019Inte\u0301rieur :<\/p>\n<p>\u2013 Mme MADINA BOUH MOUSSA, Directrice des<\/p>\n<p>Affaires Financie\u0300res et des Collectivite\u0301s Locales.<\/p>\n<p>Au titre du Ministe\u0300re de l\u2019Agriculture :<\/p>\n<p>\u2013 Mme NIMA HASSAN OLOW, Directrice des Grands Travaux par inte\u0301rim.<\/p>\n<p>Au titre du Ministe\u0300re de la Jeunesse et de la Culture :<\/p>\n<p>\u2013 Mme ROUKIYA HASSAN CHEIK, Directrice de<\/p>\n<p>L\u2019Insertion Sociale des Jeunes et de Volontariat ;<\/p>\n<p>\u2013 M. MOHAMED ISMAIL GUELLEH, Directeur de la Planification, Etudes des Projets et du Suivi Evaluation des Infrastructures ;<\/p>\n<p>\u2013 M. ISMAIL OSMAN AHMED, Directeur de<\/p>\n<p>L\u2019Insertion Economique des Jeunes ;<\/p>\n<p>\u2013 M. SOULEIMAN HOUMMAD ABDI, Directeur des Re\u0301gions.<\/p>\n<p><b>COMMUNICATIONS<\/b><\/p>\n<p>* Le Ministre des Affaires Etrange\u0300res et de la Coope\u0301ration Internationale, Porte-parole du Gouvernement a fait un rapport de mission sur la participation de la de\u0301le\u0301gation conduite par Son Excellence Monsieur Ismai\u0308l Omar Guelleh, Pre\u0301sident de la Re\u0301publique, Chef du Gouvernement a\u0300 la Ce\u0301re\u0301monie d\u2019ouverture de l\u2019Expo 2023 Doha qui s\u2019est tenue le 02 octobre2023. Il a fait e\u0301galement un compte rendu sur la 78e\u0300me Assemble\u0301e Ge\u0301ne\u0301rale de l\u2019ONU sous le the\u0300me \u00ab re\u0301tablir la confiance et raviver la solidarite\u0301 \u00bb qui s\u2019est tenue du 18 au 26 septembre 2023 a\u0300 New York.<\/p>\n<p>* Le Ministre de l\u2019Energie charge\u0301 des Ressources Naturelles a fait un compte rendu sur sa visite de travail qu\u2019il a effectue\u0301 a\u0300 Pe\u0301kin du 19 au 26 septembre 2023. Plus spe\u0301cifiquement, cette visite s\u2019inscrit dans le cadre de la mise en \u0153uvre de la strate\u0301gie gouvernementale de promotion, de valorisation et de de\u0301veloppement du potentiel en ressources naturelles disponibles dans notre pays.<\/p>\n<p>* Le Ministre du Commerce et du Tourisme a fait un compte rendu sur sa participation au Forum sur le De\u0301veloppement Tourisme qui s\u2019est tenu du 27 au 28 septembre 2023 a\u0300 Riyad.<\/p>\n<p>* La Ministre de la Jeunesse et de la Culture a fait un compte rendu sur ses participations a\u0300 la 12e\u0300me Confe\u0301rence des Ministres de la Culture du Monde Islamique et a\u0300 la Confe\u0301rence Ministe\u0301rielle de haut-niveau et la re\u0301union technique sur les travaux des experts pour la mise en \u0153uvre du cadre de la politique de la jeunesse de l\u2019IGAD qui se sont tenues respectivement du 25 au 26 septembre 2023 a\u0300 Doha et du 26 au 27 septembre 2023 a\u0300 Nairobi.<\/p>\n<p><strong>Pour plus d&rsquo;informations et d&rsquo;analyses sur la <a href=\"https:\/\/www.africa-press.net\/djibouti\">Djibouti<\/a>, suivez <a href=\"https:\/\/www.africa-press.net\/\">Africa-Press<\/a><\/strong><\/p>\n","protected":false},"excerpt":{"rendered":"<p>Africa-Press &#8211; Djibouti. Sous la Pre\u0301sidence de Son Excellence, Monsieur ISMAI\u0308L OMAR GUELLEH, Pre\u0301sident de la Re\u0301publique, Chef du Gouvernement a eu lieu ce Mardi 10 octobre 2023, la 14e\u0300me Se\u0301ance du Conseil des Ministres. Ont e\u0301te\u0301 examine\u0301s et approuve\u0301s les textes suivants : MINISTERE DU COMMERCE ET DU TOURISME 1e\u0300re QUESTION : Projet de [&hellip;]<\/p>\n","protected":false},"author":82,"featured_media":18972,"comment_status":"open","ping_status":"closed","sticky":false,"template":"","format":"standard","meta":{"footnotes":""},"categories":[2,10],"tags":[36,49,50],"class_list":["post-18973","post","type-post","status-publish","format-standard","has-post-thumbnail","hentry","category-politique","category-toutes-les-actualites","tag-africa-press","tag-africa-press-djibouti","tag-djibouti"],"yoast_head":"<!-- This site is optimized with the Yoast SEO Premium plugin v26.1 (Yoast SEO v27.0) - https:\/\/yoast.com\/product\/yoast-seo-premium-wordpress\/ -->\n<title>Compte-rendu de la 14\u00e8me s\u00e9ance du Conseil des Ministres - Djibouti<\/title>\n<meta name=\"description\" content=\"Sous la Pre\u0301sidence de Son Excellence, Monsieur ISMAI\u0308L OMAR GUELLEH, Pre\u0301sident de la Re\u0301publique, Chef du Gouvernem ...\" \/>\n<meta name=\"robots\" content=\"index, follow, max-snippet:-1, max-image-preview:large, max-video-preview:-1\" \/>\n<link rel=\"canonical\" href=\"https:\/\/www.africa-press.net\/djibouti\/politique\/compte-rendu-de-la-14eme-seance-du-conseil-des-ministres\" \/>\n<meta property=\"og:locale\" content=\"fr_FR\" \/>\n<meta property=\"og:type\" content=\"article\" \/>\n<meta property=\"og:title\" content=\"Compte-rendu de la 14\u00e8me s\u00e9ance du Conseil des Ministres\" \/>\n<meta property=\"og:description\" content=\"Sous la Pre\u0301sidence de Son Excellence, Monsieur ISMAI\u0308L OMAR GUELLEH, Pre\u0301sident de la Re\u0301publique, Chef du Gouvernem ...\" \/>\n<meta property=\"og:url\" content=\"https:\/\/www.africa-press.net\/djibouti\/politique\/compte-rendu-de-la-14eme-seance-du-conseil-des-ministres\" \/>\n<meta property=\"og:site_name\" content=\"Djibouti\" \/>\n<meta property=\"article:published_time\" content=\"2023-10-11T14:34:23+00:00\" \/>\n<meta property=\"article:modified_time\" content=\"2023-10-11T15:43:04+00:00\" \/>\n<meta property=\"og:image\" content=\"https:\/\/static.africa-press.net\/djibouti\/sites\/52\/2023\/10\/sm_1697026319.999427.jpg\" \/>\n\t<meta property=\"og:image:width\" content=\"720\" \/>\n\t<meta property=\"og:image:height\" content=\"357\" \/>\n\t<meta property=\"og:image:type\" content=\"image\/jpeg\" \/>\n<meta name=\"author\" content=\"cfeditorfr\" \/>\n<meta name=\"twitter:card\" content=\"summary_large_image\" \/>\n<meta name=\"twitter:label1\" content=\"\u00c9crit par\" \/>\n\t<meta name=\"twitter:data1\" content=\"cfeditorfr\" \/>\n\t<meta name=\"twitter:label2\" content=\"Dur\u00e9e de lecture estim\u00e9e\" \/>\n\t<meta name=\"twitter:data2\" content=\"8 minutes\" \/>\n<script type=\"application\/ld+json\" class=\"yoast-schema-graph\">{\"@context\":\"https:\/\/schema.org\",\"@graph\":[{\"@type\":\"Article\",\"@id\":\"https:\/\/www.africa-press.net\/djibouti\/politique\/compte-rendu-de-la-14eme-seance-du-conseil-des-ministres#article\",\"isPartOf\":{\"@id\":\"https:\/\/www.africa-press.net\/djibouti\/politique\/compte-rendu-de-la-14eme-seance-du-conseil-des-ministres\"},\"author\":{\"name\":\"cfeditorfr\",\"@id\":\"https:\/\/www.africa-press.net\/djibouti\/#\/schema\/person\/2b1cf3cd81a31e3cd26889ca66d677f1\"},\"headline\":\"Compte-rendu de la 14\u00e8me s\u00e9ance du Conseil des Ministres\",\"datePublished\":\"2023-10-11T14:34:23+00:00\",\"dateModified\":\"2023-10-11T15:43:04+00:00\",\"mainEntityOfPage\":{\"@id\":\"https:\/\/www.africa-press.net\/djibouti\/politique\/compte-rendu-de-la-14eme-seance-du-conseil-des-ministres\"},\"wordCount\":1679,\"commentCount\":0,\"image\":{\"@id\":\"https:\/\/www.africa-press.net\/djibouti\/politique\/compte-rendu-de-la-14eme-seance-du-conseil-des-ministres#primaryimage\"},\"thumbnailUrl\":\"https:\/\/static.africa-press.net\/djibouti\/sites\/52\/2023\/10\/sm_1697026319.999427.jpg\",\"keywords\":[\"Africa Press\",\"Africa Press-Djibouti\",\"Djibouti\"],\"articleSection\":[\"Politique\",\"Toutes les actualit\u00e9s\"],\"inLanguage\":\"fr-FR\",\"potentialAction\":[{\"@type\":\"CommentAction\",\"name\":\"Comment\",\"target\":[\"https:\/\/www.africa-press.net\/djibouti\/politique\/compte-rendu-de-la-14eme-seance-du-conseil-des-ministres#respond\"]}]},{\"@type\":\"WebPage\",\"@id\":\"https:\/\/www.africa-press.net\/djibouti\/politique\/compte-rendu-de-la-14eme-seance-du-conseil-des-ministres\",\"url\":\"https:\/\/www.africa-press.net\/djibouti\/politique\/compte-rendu-de-la-14eme-seance-du-conseil-des-ministres\",\"name\":\"Compte-rendu de la 14\u00e8me s\u00e9ance du Conseil des Ministres - Djibouti\",\"isPartOf\":{\"@id\":\"https:\/\/www.africa-press.net\/djibouti\/#website\"},\"primaryImageOfPage\":{\"@id\":\"https:\/\/www.africa-press.net\/djibouti\/politique\/compte-rendu-de-la-14eme-seance-du-conseil-des-ministres#primaryimage\"},\"image\":{\"@id\":\"https:\/\/www.africa-press.net\/djibouti\/politique\/compte-rendu-de-la-14eme-seance-du-conseil-des-ministres#primaryimage\"},\"thumbnailUrl\":\"https:\/\/static.africa-press.net\/djibouti\/sites\/52\/2023\/10\/sm_1697026319.999427.jpg\",\"datePublished\":\"2023-10-11T14:34:23+00:00\",\"dateModified\":\"2023-10-11T15:43:04+00:00\",\"author\":{\"@id\":\"https:\/\/www.africa-press.net\/djibouti\/#\/schema\/person\/2b1cf3cd81a31e3cd26889ca66d677f1\"},\"description\":\"Sous la Pre\u0301sidence de Son Excellence, Monsieur ISMAI\u0308L OMAR GUELLEH, Pre\u0301sident de la Re\u0301publique, Chef du Gouvernem ...\",\"breadcrumb\":{\"@id\":\"https:\/\/www.africa-press.net\/djibouti\/politique\/compte-rendu-de-la-14eme-seance-du-conseil-des-ministres#breadcrumb\"},\"inLanguage\":\"fr-FR\",\"potentialAction\":[{\"@type\":\"ReadAction\",\"target\":[\"https:\/\/www.africa-press.net\/djibouti\/politique\/compte-rendu-de-la-14eme-seance-du-conseil-des-ministres\"]}]},{\"@type\":\"ImageObject\",\"inLanguage\":\"fr-FR\",\"@id\":\"https:\/\/www.africa-press.net\/djibouti\/politique\/compte-rendu-de-la-14eme-seance-du-conseil-des-ministres#primaryimage\",\"url\":\"https:\/\/static.africa-press.net\/djibouti\/sites\/52\/2023\/10\/sm_1697026319.999427.jpg\",\"contentUrl\":\"https:\/\/static.africa-press.net\/djibouti\/sites\/52\/2023\/10\/sm_1697026319.999427.jpg\",\"width\":720,\"height\":357,\"caption\":\"Compte-rendu de la 14\u00e8me s\u00e9ance du Conseil des Ministres\"},{\"@type\":\"BreadcrumbList\",\"@id\":\"https:\/\/www.africa-press.net\/djibouti\/politique\/compte-rendu-de-la-14eme-seance-du-conseil-des-ministres#breadcrumb\",\"itemListElement\":[{\"@type\":\"ListItem\",\"position\":1,\"name\":\"Accueil\",\"item\":\"https:\/\/www.africa-press.net\/djibouti\/\"},{\"@type\":\"ListItem\",\"position\":2,\"name\":\"Compte-rendu de la 14\u00e8me s\u00e9ance du Conseil des Ministres\"}]},{\"@type\":\"WebSite\",\"@id\":\"https:\/\/www.africa-press.net\/djibouti\/#website\",\"url\":\"https:\/\/www.africa-press.net\/djibouti\/\",\"name\":\"Djibouti\",\"description\":\"Just another Africa News Agency Sites site\",\"potentialAction\":[{\"@type\":\"SearchAction\",\"target\":{\"@type\":\"EntryPoint\",\"urlTemplate\":\"https:\/\/www.africa-press.net\/djibouti\/?s={search_term_string}\"},\"query-input\":{\"@type\":\"PropertyValueSpecification\",\"valueRequired\":true,\"valueName\":\"search_term_string\"}}],\"inLanguage\":\"fr-FR\"},{\"@type\":\"Person\",\"@id\":\"https:\/\/www.africa-press.net\/djibouti\/#\/schema\/person\/2b1cf3cd81a31e3cd26889ca66d677f1\",\"name\":\"cfeditorfr\"}]}<\/script>\n<!-- \/ Yoast SEO Premium plugin. -->","yoast_head_json":{"title":"Compte-rendu de la 14\u00e8me s\u00e9ance du Conseil des Ministres - Djibouti","description":"Sous la Pre\u0301sidence de Son Excellence, Monsieur ISMAI\u0308L OMAR GUELLEH, Pre\u0301sident de la Re\u0301publique, Chef du Gouvernem ...","robots":{"index":"index","follow":"follow","max-snippet":"max-snippet:-1","max-image-preview":"max-image-preview:large","max-video-preview":"max-video-preview:-1"},"canonical":"https:\/\/www.africa-press.net\/djibouti\/politique\/compte-rendu-de-la-14eme-seance-du-conseil-des-ministres","og_locale":"fr_FR","og_type":"article","og_title":"Compte-rendu de la 14\u00e8me s\u00e9ance du Conseil des Ministres","og_description":"Sous la Pre\u0301sidence de Son Excellence, Monsieur ISMAI\u0308L OMAR GUELLEH, Pre\u0301sident de la Re\u0301publique, Chef du Gouvernem ...","og_url":"https:\/\/www.africa-press.net\/djibouti\/politique\/compte-rendu-de-la-14eme-seance-du-conseil-des-ministres","og_site_name":"Djibouti","article_published_time":"2023-10-11T14:34:23+00:00","article_modified_time":"2023-10-11T15:43:04+00:00","og_image":[{"width":720,"height":357,"url":"https:\/\/static.africa-press.net\/djibouti\/sites\/52\/2023\/10\/sm_1697026319.999427.jpg","type":"image\/jpeg"}],"author":"cfeditorfr","twitter_card":"summary_large_image","twitter_misc":{"\u00c9crit par":"cfeditorfr","Dur\u00e9e de lecture estim\u00e9e":"8 minutes"},"schema":{"@context":"https:\/\/schema.org","@graph":[{"@type":"Article","@id":"https:\/\/www.africa-press.net\/djibouti\/politique\/compte-rendu-de-la-14eme-seance-du-conseil-des-ministres#article","isPartOf":{"@id":"https:\/\/www.africa-press.net\/djibouti\/politique\/compte-rendu-de-la-14eme-seance-du-conseil-des-ministres"},"author":{"name":"cfeditorfr","@id":"https:\/\/www.africa-press.net\/djibouti\/#\/schema\/person\/2b1cf3cd81a31e3cd26889ca66d677f1"},"headline":"Compte-rendu de la 14\u00e8me s\u00e9ance du Conseil des Ministres","datePublished":"2023-10-11T14:34:23+00:00","dateModified":"2023-10-11T15:43:04+00:00","mainEntityOfPage":{"@id":"https:\/\/www.africa-press.net\/djibouti\/politique\/compte-rendu-de-la-14eme-seance-du-conseil-des-ministres"},"wordCount":1679,"commentCount":0,"image":{"@id":"https:\/\/www.africa-press.net\/djibouti\/politique\/compte-rendu-de-la-14eme-seance-du-conseil-des-ministres#primaryimage"},"thumbnailUrl":"https:\/\/static.africa-press.net\/djibouti\/sites\/52\/2023\/10\/sm_1697026319.999427.jpg","keywords":["Africa Press","Africa Press-Djibouti","Djibouti"],"articleSection":["Politique","Toutes les actualit\u00e9s"],"inLanguage":"fr-FR","potentialAction":[{"@type":"CommentAction","name":"Comment","target":["https:\/\/www.africa-press.net\/djibouti\/politique\/compte-rendu-de-la-14eme-seance-du-conseil-des-ministres#respond"]}]},{"@type":"WebPage","@id":"https:\/\/www.africa-press.net\/djibouti\/politique\/compte-rendu-de-la-14eme-seance-du-conseil-des-ministres","url":"https:\/\/www.africa-press.net\/djibouti\/politique\/compte-rendu-de-la-14eme-seance-du-conseil-des-ministres","name":"Compte-rendu de la 14\u00e8me s\u00e9ance du Conseil des Ministres - Djibouti","isPartOf":{"@id":"https:\/\/www.africa-press.net\/djibouti\/#website"},"primaryImageOfPage":{"@id":"https:\/\/www.africa-press.net\/djibouti\/politique\/compte-rendu-de-la-14eme-seance-du-conseil-des-ministres#primaryimage"},"image":{"@id":"https:\/\/www.africa-press.net\/djibouti\/politique\/compte-rendu-de-la-14eme-seance-du-conseil-des-ministres#primaryimage"},"thumbnailUrl":"https:\/\/static.africa-press.net\/djibouti\/sites\/52\/2023\/10\/sm_1697026319.999427.jpg","datePublished":"2023-10-11T14:34:23+00:00","dateModified":"2023-10-11T15:43:04+00:00","author":{"@id":"https:\/\/www.africa-press.net\/djibouti\/#\/schema\/person\/2b1cf3cd81a31e3cd26889ca66d677f1"},"description":"Sous la Pre\u0301sidence de Son Excellence, Monsieur ISMAI\u0308L OMAR GUELLEH, Pre\u0301sident de la Re\u0301publique, Chef du Gouvernem ...","breadcrumb":{"@id":"https:\/\/www.africa-press.net\/djibouti\/politique\/compte-rendu-de-la-14eme-seance-du-conseil-des-ministres#breadcrumb"},"inLanguage":"fr-FR","potentialAction":[{"@type":"ReadAction","target":["https:\/\/www.africa-press.net\/djibouti\/politique\/compte-rendu-de-la-14eme-seance-du-conseil-des-ministres"]}]},{"@type":"ImageObject","inLanguage":"fr-FR","@id":"https:\/\/www.africa-press.net\/djibouti\/politique\/compte-rendu-de-la-14eme-seance-du-conseil-des-ministres#primaryimage","url":"https:\/\/static.africa-press.net\/djibouti\/sites\/52\/2023\/10\/sm_1697026319.999427.jpg","contentUrl":"https:\/\/static.africa-press.net\/djibouti\/sites\/52\/2023\/10\/sm_1697026319.999427.jpg","width":720,"height":357,"caption":"Compte-rendu de la 14\u00e8me s\u00e9ance du Conseil des Ministres"},{"@type":"BreadcrumbList","@id":"https:\/\/www.africa-press.net\/djibouti\/politique\/compte-rendu-de-la-14eme-seance-du-conseil-des-ministres#breadcrumb","itemListElement":[{"@type":"ListItem","position":1,"name":"Accueil","item":"https:\/\/www.africa-press.net\/djibouti\/"},{"@type":"ListItem","position":2,"name":"Compte-rendu de la 14\u00e8me s\u00e9ance du Conseil des Ministres"}]},{"@type":"WebSite","@id":"https:\/\/www.africa-press.net\/djibouti\/#website","url":"https:\/\/www.africa-press.net\/djibouti\/","name":"Djibouti","description":"Just another Africa News Agency Sites site","potentialAction":[{"@type":"SearchAction","target":{"@type":"EntryPoint","urlTemplate":"https:\/\/www.africa-press.net\/djibouti\/?s={search_term_string}"},"query-input":{"@type":"PropertyValueSpecification","valueRequired":true,"valueName":"search_term_string"}}],"inLanguage":"fr-FR"},{"@type":"Person","@id":"https:\/\/www.africa-press.net\/djibouti\/#\/schema\/person\/2b1cf3cd81a31e3cd26889ca66d677f1","name":"cfeditorfr"}]}},"_links":{"self":[{"href":"https:\/\/www.africa-press.net\/djibouti\/wp-json\/wp\/v2\/posts\/18973","targetHints":{"allow":["GET"]}}],"collection":[{"href":"https:\/\/www.africa-press.net\/djibouti\/wp-json\/wp\/v2\/posts"}],"about":[{"href":"https:\/\/www.africa-press.net\/djibouti\/wp-json\/wp\/v2\/types\/post"}],"author":[{"embeddable":true,"href":"https:\/\/www.africa-press.net\/djibouti\/wp-json\/wp\/v2\/users\/82"}],"replies":[{"embeddable":true,"href":"https:\/\/www.africa-press.net\/djibouti\/wp-json\/wp\/v2\/comments?post=18973"}],"version-history":[{"count":0,"href":"https:\/\/www.africa-press.net\/djibouti\/wp-json\/wp\/v2\/posts\/18973\/revisions"}],"wp:featuredmedia":[{"embeddable":true,"href":"https:\/\/www.africa-press.net\/djibouti\/wp-json\/wp\/v2\/media\/18972"}],"wp:attachment":[{"href":"https:\/\/www.africa-press.net\/djibouti\/wp-json\/wp\/v2\/media?parent=18973"}],"wp:term":[{"taxonomy":"category","embeddable":true,"href":"https:\/\/www.africa-press.net\/djibouti\/wp-json\/wp\/v2\/categories?post=18973"},{"taxonomy":"post_tag","embeddable":true,"href":"https:\/\/www.africa-press.net\/djibouti\/wp-json\/wp\/v2\/tags?post=18973"}],"curies":[{"name":"wp","href":"https:\/\/api.w.org\/{rel}","templated":true}]}}