{"id":18980,"date":"2023-10-11T14:40:38","date_gmt":"2023-10-11T14:40:38","guid":{"rendered":"https:\/\/www.africa-press.net\/djibouti\/politique\/une-delegation-djiboutienne-de-haut-niveau-a-marrakech-au-maroc-pour-participer-aux-assemblees-annuelles-conjointes-de-la-banque-mondiale-et-du-fmi"},"modified":"2023-10-11T15:46:05","modified_gmt":"2023-10-11T15:46:05","slug":"une-delegation-djiboutienne-de-haut-niveau-a-marrakech-au-maroc-pour-participer-aux-assemblees-annuelles-conjointes-de-la-banque-mondiale-et-du-fmi","status":"publish","type":"post","link":"https:\/\/www.africa-press.net\/djibouti\/economie\/une-delegation-djiboutienne-de-haut-niveau-a-marrakech-au-maroc-pour-participer-aux-assemblees-annuelles-conjointes-de-la-banque-mondiale-et-du-fmi","title":{"rendered":"Une d\u00e9l\u00e9gation djiboutienne de haut niveau \u00e0 Marrakech, au Maroc pour participer aux Assembl\u00e9es Annuelles conjointes de la Banque Mondiale et du FMI"},"content":{"rendered":"<p><span style=\"color: #ff6600\"><strong>Africa-Press &#8211; Djibouti. <\/strong><\/span>Les Assemble\u0301es Annuelles conjointes de la Banque Mondiale et du Fonds Mone\u0301taire International (FMI) se poursuivent depuis hier, lundi, a\u0300 Marrakech, au Maroc, rassemblant des de\u0301le\u0301gations du monde entier pour discuter des de\u0301fis e\u0301conomiques mondiaux et des moyens d&rsquo;atte\u0301nuer leurs impacts.<\/p>\n<p>Parmi les participants, une de\u0301le\u0301gation djiboutienne de haut niveau conduite par le ministre de l&rsquo;E\u0301conomie et des Finances charge\u0301 de l&rsquo;industrie, M. Ilyas Moussa Dawaleh.<\/p>\n<p>Accompagne\u0301 de son colle\u0300gue du Budget, Isman Ibrahim Robleh, du gouverneur de la Banque Centrale de Djibouti, Ahmed Osman Ali et de leurs proches collaborateurs Lors de ces rencontres annuelles, le ministre de l&rsquo;E\u0301conomie et des Finances charge\u0301 de l&rsquo;industrie, Ilyas Moussa Dawaleh, a pre\u0301sente\u0301 lors de ces rencontres annuelles une analyse de\u0301taille\u0301e de la situation e\u0301conomique, financie\u0300re et sociale de notre pays.<\/p>\n<p>Il a mis en exergue les efforts entrepris pour relever les de\u0301fis e\u0301conomiques re\u0301sultant des crises re\u0301gionales et internationales exoge\u0300nes qui ont eu un impact sur l&rsquo;e\u0301conomie du pays.<\/p>\n<p>Le Directeur du FMI a exprime\u0301 dans son discours, sa satisfaction a\u0300 l&rsquo;e\u0301gard des re\u0301formes entreprises par l&rsquo;E\u0301tat djiboutien.<\/p>\n<p>Il a particulie\u0300rement salue\u0301 les efforts louables visant a\u0300 assainir les finances publiques du pays, malgre\u0301 les turbulences e\u0301conomiques internationales et re\u0301gionales auxquelles Djibouti a e\u0301te\u0301 confronte\u0301.<\/p>\n<p>Dans une pe\u0301riode ou\u0300 de nombreux pays sont aux prises avec des de\u0301fis e\u0301conomiques conside\u0301rables, Djibouti se de\u0301marque en effet par son engagement notamment a\u0300 travers des re\u0301formes audacieuses et sa vision d&rsquo;un avenir e\u0301conomique plus prometteur.<\/p>\n<p>La pre\u0301sence de la de\u0301le\u0301gation djiboutienne aux Assemble\u0301es Annuelles du FMI et de la Banque Mondiale te\u0301moigne de la de\u0301termination du pays a\u0300 collaborer avec la communaute\u0301 internationale pour relever les de\u0301fis e\u0301conomiques mondiaux et a\u0300 re\u0301aliser sa vision de prospe\u0301rite\u0301 durable pour ses citoyens.<\/p>\n<p>Les Assemble\u0301es Annuelles conjointes de la Banque Mondiale et du Fonds Mone\u0301taire International (FMI) se poursuivent depuis hier, lundi, a\u0300 Marrakech, au Maroc, rassemblant des de\u0301le\u0301gations du monde entier pour discuter des de\u0301fis e\u0301conomiques mondiaux et des moyens d&rsquo;atte\u0301nuer leurs impacts.<\/p>\n<p>Parmi les participants, une de\u0301le\u0301gation djiboutienne de haut niveau conduite par le ministre de l&rsquo;E\u0301conomie et des Finances charge\u0301 de l&rsquo;industrie, M. Ilyas Moussa Dawaleh.<\/p>\n<p>Accompagne\u0301 de son colle\u0300gue du Budget, Isman Ibrahim Robleh, du gouverneur de la Banque Centrale de Djibouti, Ahmed Osman Ali et de leurs proches collaborateurs Lors de ces rencontres annuelles, le ministre de l&rsquo;E\u0301conomie et des Finances charge\u0301 de l&rsquo;industrie, Ilyas Moussa Dawaleh, a pre\u0301sente\u0301 lors de ces rencontres annuelles une analyse de\u0301taille\u0301e de la situation e\u0301conomique, financie\u0300re et sociale de notre pays.<\/p>\n<p>Il a mis en exergue les efforts entrepris pour relever les de\u0301fis e\u0301conomiques re\u0301sultant des crises re\u0301gionales et internationales exoge\u0300nes qui ont eu un impact sur l&rsquo;e\u0301conomie du pays.<\/p>\n<p>Le Directeur du FMI a exprime\u0301 dans son discours, sa satisfaction a\u0300 l&rsquo;e\u0301gard des re\u0301formes entreprises par l&rsquo;E\u0301tat djiboutien.<\/p>\n<p>Il a particulie\u0300rement salue\u0301 les efforts louables visant a\u0300 assainir les finances publiques du pays, malgre\u0301 les turbulences e\u0301conomiques internationales et re\u0301gionales auxquelles Djibouti a e\u0301te\u0301 confronte\u0301.<\/p>\n<p>Dans une pe\u0301riode ou\u0300 de nombreux pays sont aux prises avec des de\u0301fis e\u0301conomiques conside\u0301rables, Djibouti se de\u0301marque en effet par son engagement notamment a\u0300 travers des re\u0301formes audacieuses et sa vision d&rsquo;un avenir e\u0301conomique plus prometteur.<\/p>\n<p>La pre\u0301sence de la de\u0301le\u0301gation djiboutienne aux Assemble\u0301es Annuelles du FMI et de la Banque Mondiale te\u0301moigne de la de\u0301termination du pays a\u0300 collaborer avec la communaute\u0301 internationale pour relever les de\u0301fis e\u0301conomiques mondiaux et a\u0300 re\u0301aliser sa vision de prospe\u0301rite\u0301 durable pour ses citoyens.<\/p>\n<p><strong>Pour plus d&rsquo;informations et d&rsquo;analyses sur la <a href=\"https:\/\/www.africa-press.net\/djibouti\">Djibouti<\/a>, suivez <a href=\"https:\/\/www.africa-press.net\/\">Africa-Press<\/a><\/strong><\/p>\n","protected":false},"excerpt":{"rendered":"<p>Africa-Press &#8211; Djibouti. Les Assemble\u0301es Annuelles conjointes de la Banque Mondiale et du Fonds Mone\u0301taire International (FMI) se poursuivent depuis hier, lundi, a\u0300 Marrakech, au Maroc, rassemblant des de\u0301le\u0301gations du monde entier pour discuter des de\u0301fis e\u0301conomiques mondiaux et des moyens d&rsquo;atte\u0301nuer leurs impacts. Parmi les participants, une de\u0301le\u0301gation djiboutienne de haut niveau conduite par [&hellip;]<\/p>\n","protected":false},"author":82,"featured_media":18979,"comment_status":"open","ping_status":"closed","sticky":false,"template":"","format":"standard","meta":{"footnotes":""},"categories":[3,20,10],"tags":[36,49,50],"class_list":["post-18980","post","type-post","status-publish","format-standard","has-post-thumbnail","hentry","category-economie","category-top-nouvelles","category-toutes-les-actualites","tag-africa-press","tag-africa-press-djibouti","tag-djibouti"],"yoast_head":"<!-- This site is optimized with the Yoast SEO Premium plugin v26.1 (Yoast SEO v27.0) - https:\/\/yoast.com\/product\/yoast-seo-premium-wordpress\/ -->\n<title>Une d\u00e9l\u00e9gation djiboutienne de haut niveau \u00e0 Marrakech, au Maroc pour participer aux Assembl\u00e9es Annuelles conjointes de la Banque Mondiale et du FMI - Djibouti<\/title>\n<meta name=\"description\" content=\"Les Assemble\u0301es Annuelles conjointes de la Banque Mondiale et du Fonds Mone\u0301taire International (FMI) se poursuivent dep ...\" \/>\n<meta name=\"robots\" content=\"index, follow, max-snippet:-1, max-image-preview:large, max-video-preview:-1\" \/>\n<link rel=\"canonical\" href=\"https:\/\/www.africa-press.net\/djibouti\/economie\/une-delegation-djiboutienne-de-haut-niveau-a-marrakech-au-maroc-pour-participer-aux-assemblees-annuelles-conjointes-de-la-banque-mondiale-et-du-fmi\" \/>\n<meta property=\"og:locale\" content=\"fr_FR\" \/>\n<meta property=\"og:type\" content=\"article\" \/>\n<meta property=\"og:title\" content=\"Une d\u00e9l\u00e9gation djiboutienne de haut niveau \u00e0 Marrakech, au Maroc pour participer aux Assembl\u00e9es Annuelles conjointes de la Banque Mondiale et du FMI\" \/>\n<meta property=\"og:description\" content=\"Les Assemble\u0301es Annuelles conjointes de la Banque Mondiale et du Fonds Mone\u0301taire International (FMI) se poursuivent dep ...\" \/>\n<meta property=\"og:url\" content=\"https:\/\/www.africa-press.net\/djibouti\/economie\/une-delegation-djiboutienne-de-haut-niveau-a-marrakech-au-maroc-pour-participer-aux-assemblees-annuelles-conjointes-de-la-banque-mondiale-et-du-fmi\" \/>\n<meta property=\"og:site_name\" content=\"Djibouti\" \/>\n<meta property=\"article:published_time\" content=\"2023-10-11T14:40:38+00:00\" \/>\n<meta property=\"article:modified_time\" content=\"2023-10-11T15:46:05+00:00\" \/>\n<meta property=\"og:image\" content=\"https:\/\/static.africa-press.net\/djibouti\/sites\/52\/2023\/10\/sm_1697026472.390632.jpg\" \/>\n\t<meta property=\"og:image:width\" content=\"720\" \/>\n\t<meta property=\"og:image:height\" content=\"386\" \/>\n\t<meta property=\"og:image:type\" content=\"image\/jpeg\" \/>\n<meta name=\"author\" content=\"cfeditorfr\" \/>\n<meta name=\"twitter:card\" content=\"summary_large_image\" \/>\n<meta name=\"twitter:label1\" content=\"\u00c9crit par\" \/>\n\t<meta name=\"twitter:data1\" content=\"cfeditorfr\" \/>\n\t<meta name=\"twitter:label2\" content=\"Dur\u00e9e de lecture estim\u00e9e\" \/>\n\t<meta name=\"twitter:data2\" content=\"3 minutes\" \/>\n<script type=\"application\/ld+json\" class=\"yoast-schema-graph\">{\"@context\":\"https:\/\/schema.org\",\"@graph\":[{\"@type\":\"Article\",\"@id\":\"https:\/\/www.africa-press.net\/djibouti\/economie\/une-delegation-djiboutienne-de-haut-niveau-a-marrakech-au-maroc-pour-participer-aux-assemblees-annuelles-conjointes-de-la-banque-mondiale-et-du-fmi#article\",\"isPartOf\":{\"@id\":\"https:\/\/www.africa-press.net\/djibouti\/economie\/une-delegation-djiboutienne-de-haut-niveau-a-marrakech-au-maroc-pour-participer-aux-assemblees-annuelles-conjointes-de-la-banque-mondiale-et-du-fmi\"},\"author\":{\"name\":\"cfeditorfr\",\"@id\":\"https:\/\/www.africa-press.net\/djibouti\/#\/schema\/person\/2b1cf3cd81a31e3cd26889ca66d677f1\"},\"headline\":\"Une d\u00e9l\u00e9gation djiboutienne de haut niveau \u00e0 Marrakech, au Maroc pour participer aux Assembl\u00e9es Annuelles conjointes de la Banque Mondiale et du FMI\",\"datePublished\":\"2023-10-11T14:40:38+00:00\",\"dateModified\":\"2023-10-11T15:46:05+00:00\",\"mainEntityOfPage\":{\"@id\":\"https:\/\/www.africa-press.net\/djibouti\/economie\/une-delegation-djiboutienne-de-haut-niveau-a-marrakech-au-maroc-pour-participer-aux-assemblees-annuelles-conjointes-de-la-banque-mondiale-et-du-fmi\"},\"wordCount\":724,\"commentCount\":0,\"image\":{\"@id\":\"https:\/\/www.africa-press.net\/djibouti\/economie\/une-delegation-djiboutienne-de-haut-niveau-a-marrakech-au-maroc-pour-participer-aux-assemblees-annuelles-conjointes-de-la-banque-mondiale-et-du-fmi#primaryimage\"},\"thumbnailUrl\":\"https:\/\/static.africa-press.net\/djibouti\/sites\/52\/2023\/10\/sm_1697026472.390632.jpg\",\"keywords\":[\"Africa Press\",\"Africa Press-Djibouti\",\"Djibouti\"],\"articleSection\":[\"\u00c9conomie\",\"Top Nouvelles\",\"Toutes les actualit\u00e9s\"],\"inLanguage\":\"fr-FR\",\"potentialAction\":[{\"@type\":\"CommentAction\",\"name\":\"Comment\",\"target\":[\"https:\/\/www.africa-press.net\/djibouti\/economie\/une-delegation-djiboutienne-de-haut-niveau-a-marrakech-au-maroc-pour-participer-aux-assemblees-annuelles-conjointes-de-la-banque-mondiale-et-du-fmi#respond\"]}]},{\"@type\":\"WebPage\",\"@id\":\"https:\/\/www.africa-press.net\/djibouti\/economie\/une-delegation-djiboutienne-de-haut-niveau-a-marrakech-au-maroc-pour-participer-aux-assemblees-annuelles-conjointes-de-la-banque-mondiale-et-du-fmi\",\"url\":\"https:\/\/www.africa-press.net\/djibouti\/economie\/une-delegation-djiboutienne-de-haut-niveau-a-marrakech-au-maroc-pour-participer-aux-assemblees-annuelles-conjointes-de-la-banque-mondiale-et-du-fmi\",\"name\":\"Une d\u00e9l\u00e9gation djiboutienne de haut niveau \u00e0 Marrakech, au Maroc pour participer aux Assembl\u00e9es Annuelles conjointes de la Banque Mondiale et du FMI - Djibouti\",\"isPartOf\":{\"@id\":\"https:\/\/www.africa-press.net\/djibouti\/#website\"},\"primaryImageOfPage\":{\"@id\":\"https:\/\/www.africa-press.net\/djibouti\/economie\/une-delegation-djiboutienne-de-haut-niveau-a-marrakech-au-maroc-pour-participer-aux-assemblees-annuelles-conjointes-de-la-banque-mondiale-et-du-fmi#primaryimage\"},\"image\":{\"@id\":\"https:\/\/www.africa-press.net\/djibouti\/economie\/une-delegation-djiboutienne-de-haut-niveau-a-marrakech-au-maroc-pour-participer-aux-assemblees-annuelles-conjointes-de-la-banque-mondiale-et-du-fmi#primaryimage\"},\"thumbnailUrl\":\"https:\/\/static.africa-press.net\/djibouti\/sites\/52\/2023\/10\/sm_1697026472.390632.jpg\",\"datePublished\":\"2023-10-11T14:40:38+00:00\",\"dateModified\":\"2023-10-11T15:46:05+00:00\",\"author\":{\"@id\":\"https:\/\/www.africa-press.net\/djibouti\/#\/schema\/person\/2b1cf3cd81a31e3cd26889ca66d677f1\"},\"description\":\"Les Assemble\u0301es Annuelles conjointes de la Banque Mondiale et du Fonds Mone\u0301taire International (FMI) se poursuivent dep ...\",\"breadcrumb\":{\"@id\":\"https:\/\/www.africa-press.net\/djibouti\/economie\/une-delegation-djiboutienne-de-haut-niveau-a-marrakech-au-maroc-pour-participer-aux-assemblees-annuelles-conjointes-de-la-banque-mondiale-et-du-fmi#breadcrumb\"},\"inLanguage\":\"fr-FR\",\"potentialAction\":[{\"@type\":\"ReadAction\",\"target\":[\"https:\/\/www.africa-press.net\/djibouti\/economie\/une-delegation-djiboutienne-de-haut-niveau-a-marrakech-au-maroc-pour-participer-aux-assemblees-annuelles-conjointes-de-la-banque-mondiale-et-du-fmi\"]}]},{\"@type\":\"ImageObject\",\"inLanguage\":\"fr-FR\",\"@id\":\"https:\/\/www.africa-press.net\/djibouti\/economie\/une-delegation-djiboutienne-de-haut-niveau-a-marrakech-au-maroc-pour-participer-aux-assemblees-annuelles-conjointes-de-la-banque-mondiale-et-du-fmi#primaryimage\",\"url\":\"https:\/\/static.africa-press.net\/djibouti\/sites\/52\/2023\/10\/sm_1697026472.390632.jpg\",\"contentUrl\":\"https:\/\/static.africa-press.net\/djibouti\/sites\/52\/2023\/10\/sm_1697026472.390632.jpg\",\"width\":720,\"height\":386,\"caption\":\"Une d\u00e9l\u00e9gation djiboutienne de haut niveau \u00e0 Marrakech, au Maroc pour participer aux Assembl\u00e9es Annuelles conjointes de la Banque Mondiale et du FMI\"},{\"@type\":\"BreadcrumbList\",\"@id\":\"https:\/\/www.africa-press.net\/djibouti\/economie\/une-delegation-djiboutienne-de-haut-niveau-a-marrakech-au-maroc-pour-participer-aux-assemblees-annuelles-conjointes-de-la-banque-mondiale-et-du-fmi#breadcrumb\",\"itemListElement\":[{\"@type\":\"ListItem\",\"position\":1,\"name\":\"Accueil\",\"item\":\"https:\/\/www.africa-press.net\/djibouti\/\"},{\"@type\":\"ListItem\",\"position\":2,\"name\":\"Une d\u00e9l\u00e9gation djiboutienne de haut niveau \u00e0 Marrakech, au Maroc pour participer aux Assembl\u00e9es Annuelles conjointes de la Banque Mondiale et du FMI\"}]},{\"@type\":\"WebSite\",\"@id\":\"https:\/\/www.africa-press.net\/djibouti\/#website\",\"url\":\"https:\/\/www.africa-press.net\/djibouti\/\",\"name\":\"Djibouti\",\"description\":\"Just another Africa News Agency Sites site\",\"potentialAction\":[{\"@type\":\"SearchAction\",\"target\":{\"@type\":\"EntryPoint\",\"urlTemplate\":\"https:\/\/www.africa-press.net\/djibouti\/?s={search_term_string}\"},\"query-input\":{\"@type\":\"PropertyValueSpecification\",\"valueRequired\":true,\"valueName\":\"search_term_string\"}}],\"inLanguage\":\"fr-FR\"},{\"@type\":\"Person\",\"@id\":\"https:\/\/www.africa-press.net\/djibouti\/#\/schema\/person\/2b1cf3cd81a31e3cd26889ca66d677f1\",\"name\":\"cfeditorfr\"}]}<\/script>\n<!-- \/ Yoast SEO Premium plugin. -->","yoast_head_json":{"title":"Une d\u00e9l\u00e9gation djiboutienne de haut niveau \u00e0 Marrakech, au Maroc pour participer aux Assembl\u00e9es Annuelles conjointes de la Banque Mondiale et du FMI - Djibouti","description":"Les Assemble\u0301es Annuelles conjointes de la Banque Mondiale et du Fonds Mone\u0301taire International (FMI) se poursuivent dep ...","robots":{"index":"index","follow":"follow","max-snippet":"max-snippet:-1","max-image-preview":"max-image-preview:large","max-video-preview":"max-video-preview:-1"},"canonical":"https:\/\/www.africa-press.net\/djibouti\/economie\/une-delegation-djiboutienne-de-haut-niveau-a-marrakech-au-maroc-pour-participer-aux-assemblees-annuelles-conjointes-de-la-banque-mondiale-et-du-fmi","og_locale":"fr_FR","og_type":"article","og_title":"Une d\u00e9l\u00e9gation djiboutienne de haut niveau \u00e0 Marrakech, au Maroc pour participer aux Assembl\u00e9es Annuelles conjointes de la Banque Mondiale et du FMI","og_description":"Les Assemble\u0301es Annuelles conjointes de la Banque Mondiale et du Fonds Mone\u0301taire International (FMI) se poursuivent dep ...","og_url":"https:\/\/www.africa-press.net\/djibouti\/economie\/une-delegation-djiboutienne-de-haut-niveau-a-marrakech-au-maroc-pour-participer-aux-assemblees-annuelles-conjointes-de-la-banque-mondiale-et-du-fmi","og_site_name":"Djibouti","article_published_time":"2023-10-11T14:40:38+00:00","article_modified_time":"2023-10-11T15:46:05+00:00","og_image":[{"width":720,"height":386,"url":"https:\/\/static.africa-press.net\/djibouti\/sites\/52\/2023\/10\/sm_1697026472.390632.jpg","type":"image\/jpeg"}],"author":"cfeditorfr","twitter_card":"summary_large_image","twitter_misc":{"\u00c9crit par":"cfeditorfr","Dur\u00e9e de lecture estim\u00e9e":"3 minutes"},"schema":{"@context":"https:\/\/schema.org","@graph":[{"@type":"Article","@id":"https:\/\/www.africa-press.net\/djibouti\/economie\/une-delegation-djiboutienne-de-haut-niveau-a-marrakech-au-maroc-pour-participer-aux-assemblees-annuelles-conjointes-de-la-banque-mondiale-et-du-fmi#article","isPartOf":{"@id":"https:\/\/www.africa-press.net\/djibouti\/economie\/une-delegation-djiboutienne-de-haut-niveau-a-marrakech-au-maroc-pour-participer-aux-assemblees-annuelles-conjointes-de-la-banque-mondiale-et-du-fmi"},"author":{"name":"cfeditorfr","@id":"https:\/\/www.africa-press.net\/djibouti\/#\/schema\/person\/2b1cf3cd81a31e3cd26889ca66d677f1"},"headline":"Une d\u00e9l\u00e9gation djiboutienne de haut niveau \u00e0 Marrakech, au Maroc pour participer aux Assembl\u00e9es Annuelles conjointes de la Banque Mondiale et du FMI","datePublished":"2023-10-11T14:40:38+00:00","dateModified":"2023-10-11T15:46:05+00:00","mainEntityOfPage":{"@id":"https:\/\/www.africa-press.net\/djibouti\/economie\/une-delegation-djiboutienne-de-haut-niveau-a-marrakech-au-maroc-pour-participer-aux-assemblees-annuelles-conjointes-de-la-banque-mondiale-et-du-fmi"},"wordCount":724,"commentCount":0,"image":{"@id":"https:\/\/www.africa-press.net\/djibouti\/economie\/une-delegation-djiboutienne-de-haut-niveau-a-marrakech-au-maroc-pour-participer-aux-assemblees-annuelles-conjointes-de-la-banque-mondiale-et-du-fmi#primaryimage"},"thumbnailUrl":"https:\/\/static.africa-press.net\/djibouti\/sites\/52\/2023\/10\/sm_1697026472.390632.jpg","keywords":["Africa Press","Africa Press-Djibouti","Djibouti"],"articleSection":["\u00c9conomie","Top Nouvelles","Toutes les actualit\u00e9s"],"inLanguage":"fr-FR","potentialAction":[{"@type":"CommentAction","name":"Comment","target":["https:\/\/www.africa-press.net\/djibouti\/economie\/une-delegation-djiboutienne-de-haut-niveau-a-marrakech-au-maroc-pour-participer-aux-assemblees-annuelles-conjointes-de-la-banque-mondiale-et-du-fmi#respond"]}]},{"@type":"WebPage","@id":"https:\/\/www.africa-press.net\/djibouti\/economie\/une-delegation-djiboutienne-de-haut-niveau-a-marrakech-au-maroc-pour-participer-aux-assemblees-annuelles-conjointes-de-la-banque-mondiale-et-du-fmi","url":"https:\/\/www.africa-press.net\/djibouti\/economie\/une-delegation-djiboutienne-de-haut-niveau-a-marrakech-au-maroc-pour-participer-aux-assemblees-annuelles-conjointes-de-la-banque-mondiale-et-du-fmi","name":"Une d\u00e9l\u00e9gation djiboutienne de haut niveau \u00e0 Marrakech, au Maroc pour participer aux Assembl\u00e9es Annuelles conjointes de la Banque Mondiale et du FMI - Djibouti","isPartOf":{"@id":"https:\/\/www.africa-press.net\/djibouti\/#website"},"primaryImageOfPage":{"@id":"https:\/\/www.africa-press.net\/djibouti\/economie\/une-delegation-djiboutienne-de-haut-niveau-a-marrakech-au-maroc-pour-participer-aux-assemblees-annuelles-conjointes-de-la-banque-mondiale-et-du-fmi#primaryimage"},"image":{"@id":"https:\/\/www.africa-press.net\/djibouti\/economie\/une-delegation-djiboutienne-de-haut-niveau-a-marrakech-au-maroc-pour-participer-aux-assemblees-annuelles-conjointes-de-la-banque-mondiale-et-du-fmi#primaryimage"},"thumbnailUrl":"https:\/\/static.africa-press.net\/djibouti\/sites\/52\/2023\/10\/sm_1697026472.390632.jpg","datePublished":"2023-10-11T14:40:38+00:00","dateModified":"2023-10-11T15:46:05+00:00","author":{"@id":"https:\/\/www.africa-press.net\/djibouti\/#\/schema\/person\/2b1cf3cd81a31e3cd26889ca66d677f1"},"description":"Les Assemble\u0301es Annuelles conjointes de la Banque Mondiale et du Fonds Mone\u0301taire International (FMI) se poursuivent dep ...","breadcrumb":{"@id":"https:\/\/www.africa-press.net\/djibouti\/economie\/une-delegation-djiboutienne-de-haut-niveau-a-marrakech-au-maroc-pour-participer-aux-assemblees-annuelles-conjointes-de-la-banque-mondiale-et-du-fmi#breadcrumb"},"inLanguage":"fr-FR","potentialAction":[{"@type":"ReadAction","target":["https:\/\/www.africa-press.net\/djibouti\/economie\/une-delegation-djiboutienne-de-haut-niveau-a-marrakech-au-maroc-pour-participer-aux-assemblees-annuelles-conjointes-de-la-banque-mondiale-et-du-fmi"]}]},{"@type":"ImageObject","inLanguage":"fr-FR","@id":"https:\/\/www.africa-press.net\/djibouti\/economie\/une-delegation-djiboutienne-de-haut-niveau-a-marrakech-au-maroc-pour-participer-aux-assemblees-annuelles-conjointes-de-la-banque-mondiale-et-du-fmi#primaryimage","url":"https:\/\/static.africa-press.net\/djibouti\/sites\/52\/2023\/10\/sm_1697026472.390632.jpg","contentUrl":"https:\/\/static.africa-press.net\/djibouti\/sites\/52\/2023\/10\/sm_1697026472.390632.jpg","width":720,"height":386,"caption":"Une d\u00e9l\u00e9gation djiboutienne de haut niveau \u00e0 Marrakech, au Maroc pour participer aux Assembl\u00e9es Annuelles conjointes de la Banque Mondiale et du FMI"},{"@type":"BreadcrumbList","@id":"https:\/\/www.africa-press.net\/djibouti\/economie\/une-delegation-djiboutienne-de-haut-niveau-a-marrakech-au-maroc-pour-participer-aux-assemblees-annuelles-conjointes-de-la-banque-mondiale-et-du-fmi#breadcrumb","itemListElement":[{"@type":"ListItem","position":1,"name":"Accueil","item":"https:\/\/www.africa-press.net\/djibouti\/"},{"@type":"ListItem","position":2,"name":"Une d\u00e9l\u00e9gation djiboutienne de haut niveau \u00e0 Marrakech, au Maroc pour participer aux Assembl\u00e9es Annuelles conjointes de la Banque Mondiale et du FMI"}]},{"@type":"WebSite","@id":"https:\/\/www.africa-press.net\/djibouti\/#website","url":"https:\/\/www.africa-press.net\/djibouti\/","name":"Djibouti","description":"Just another Africa News Agency Sites site","potentialAction":[{"@type":"SearchAction","target":{"@type":"EntryPoint","urlTemplate":"https:\/\/www.africa-press.net\/djibouti\/?s={search_term_string}"},"query-input":{"@type":"PropertyValueSpecification","valueRequired":true,"valueName":"search_term_string"}}],"inLanguage":"fr-FR"},{"@type":"Person","@id":"https:\/\/www.africa-press.net\/djibouti\/#\/schema\/person\/2b1cf3cd81a31e3cd26889ca66d677f1","name":"cfeditorfr"}]}},"_links":{"self":[{"href":"https:\/\/www.africa-press.net\/djibouti\/wp-json\/wp\/v2\/posts\/18980","targetHints":{"allow":["GET"]}}],"collection":[{"href":"https:\/\/www.africa-press.net\/djibouti\/wp-json\/wp\/v2\/posts"}],"about":[{"href":"https:\/\/www.africa-press.net\/djibouti\/wp-json\/wp\/v2\/types\/post"}],"author":[{"embeddable":true,"href":"https:\/\/www.africa-press.net\/djibouti\/wp-json\/wp\/v2\/users\/82"}],"replies":[{"embeddable":true,"href":"https:\/\/www.africa-press.net\/djibouti\/wp-json\/wp\/v2\/comments?post=18980"}],"version-history":[{"count":0,"href":"https:\/\/www.africa-press.net\/djibouti\/wp-json\/wp\/v2\/posts\/18980\/revisions"}],"wp:featuredmedia":[{"embeddable":true,"href":"https:\/\/www.africa-press.net\/djibouti\/wp-json\/wp\/v2\/media\/18979"}],"wp:attachment":[{"href":"https:\/\/www.africa-press.net\/djibouti\/wp-json\/wp\/v2\/media?parent=18980"}],"wp:term":[{"taxonomy":"category","embeddable":true,"href":"https:\/\/www.africa-press.net\/djibouti\/wp-json\/wp\/v2\/categories?post=18980"},{"taxonomy":"post_tag","embeddable":true,"href":"https:\/\/www.africa-press.net\/djibouti\/wp-json\/wp\/v2\/tags?post=18980"}],"curies":[{"name":"wp","href":"https:\/\/api.w.org\/{rel}","templated":true}]}}