{"id":19005,"date":"2023-10-12T14:41:20","date_gmt":"2023-10-12T14:41:20","guid":{"rendered":"https:\/\/www.africa-press.net\/djibouti\/politique\/le-chef-de-la-diplomatie-djiboutienne-participe-a-la-reunion-durgence-des-ministres-des-affaires-etrangeres-des-pays-de-la-ligue-arabe-sur-la-palestine"},"modified":"2023-10-12T14:57:56","modified_gmt":"2023-10-12T14:57:56","slug":"le-chef-de-la-diplomatie-djiboutienne-participe-a-la-reunion-durgence-des-ministres-des-affaires-etrangeres-des-pays-de-la-ligue-arabe-sur-la-palestine","status":"publish","type":"post","link":"https:\/\/www.africa-press.net\/djibouti\/politique\/le-chef-de-la-diplomatie-djiboutienne-participe-a-la-reunion-durgence-des-ministres-des-affaires-etrangeres-des-pays-de-la-ligue-arabe-sur-la-palestine","title":{"rendered":"Le chef de la diplomatie djiboutienne particip\u00e9 \u00e0 la r\u00e9union d\u2019urgence des ministres des Affaires \u00e9trang\u00e8res des pays de la Ligue arabe sur la Palestine"},"content":{"rendered":"<p><span style=\"color: #ff6600\"><strong>Africa-Press &#8211; Djibouti. <\/strong><\/span>Le chef de la diplomatie djiboutienne, M. Mahmoud Ali Youssouf, a participe\u0301 a\u0300 la re\u0301union d\u2019urgence des ministres des Affaires e\u0301trange\u0300res des pays de la Ligue arabe sur la Palestine qui s&rsquo;est tenue aujourd\u2019hui au Caire, en E\u0301gypte.<\/p>\n<p>Cette re\u0301union a e\u0301te\u0301 organise\u0301e a\u0300 la demande de la Palestine et dirige\u0301e par le Maroc, actuel pre\u0301sident du conseil de la Ligue arabe au niveau ministe\u0301riel.<\/p>\n<p>Lors de cette re\u0301union les ministres arabes des Affaires e\u0301trange\u0300res ont discute\u0301 de l&rsquo;action politique au niveau arabe et international en vue de mettre fin a\u0300 la guerre israe\u0301lienne dans la bande de Gaza.<\/p>\n<p>Le chef de la diplomatie djiboutienne e\u0301tait accompagne\u0301 d&rsquo;une importante de\u0301le\u0301gation comprenant notamment l&rsquo;ambassadeur de Djibouti en Egypte et repre\u0301sentant permanent aupre\u0300s de la Ligue des E\u0301tats arabes, M. Ahmed Ali Barreh.<\/p>\n<p>Le chef de la diplomatie djiboutienne, M. Mahmoud Ali Youssouf, a participe\u0301 a\u0300 la re\u0301union d\u2019urgence des ministres des Affaires e\u0301trange\u0300res des pays de la Ligue arabe sur la Palestine qui s&rsquo;est tenue aujourd\u2019hui au Caire, en E\u0301gypte.<\/p>\n<p>Cette re\u0301union a e\u0301te\u0301 organise\u0301e a\u0300 la demande de la Palestine et dirige\u0301e par le Maroc, actuel pre\u0301sident du conseil de la Ligue arabe au niveau ministe\u0301riel.<\/p>\n<p>Lors de cette re\u0301union les ministres arabes des Affaires e\u0301trange\u0300res ont discute\u0301 de l&rsquo;action politique au niveau arabe et international en vue de mettre fin a\u0300 la guerre israe\u0301lienne dans la bande de Gaza.<\/p>\n<p>Le chef de la diplomatie djiboutienne e\u0301tait accompagne\u0301 d&rsquo;une importante de\u0301le\u0301gation comprenant notamment l&rsquo;ambassadeur de Djibouti en Egypte et repre\u0301sentant permanent aupre\u0300s de la Ligue des E\u0301tats arabes, M. Ahmed Ali Barreh.<\/p>\n<p><strong>Pour plus d&rsquo;informations et d&rsquo;analyses sur la <a href=\"https:\/\/www.africa-press.net\/djibouti\">Djibouti<\/a>, suivez <a href=\"https:\/\/www.africa-press.net\/\">Africa-Press<\/a><\/strong><\/p>\n","protected":false},"excerpt":{"rendered":"<p>Africa-Press &#8211; Djibouti. Le chef de la diplomatie djiboutienne, M. Mahmoud Ali Youssouf, a participe\u0301 a\u0300 la re\u0301union d\u2019urgence des ministres des Affaires e\u0301trange\u0300res des pays de la Ligue arabe sur la Palestine qui s&rsquo;est tenue aujourd\u2019hui au Caire, en E\u0301gypte. Cette re\u0301union a e\u0301te\u0301 organise\u0301e a\u0300 la demande de la Palestine et dirige\u0301e par [&hellip;]<\/p>\n","protected":false},"author":82,"featured_media":19004,"comment_status":"open","ping_status":"closed","sticky":false,"template":"","format":"standard","meta":{"footnotes":""},"categories":[2,57,20,10],"tags":[36,49,50],"class_list":["post-19005","post","type-post","status-publish","format-standard","has-post-thumbnail","hentry","category-politique","category-to-homepage","category-top-nouvelles","category-toutes-les-actualites","tag-africa-press","tag-africa-press-djibouti","tag-djibouti"],"yoast_head":"<!-- This site is optimized with the Yoast SEO Premium plugin v26.1 (Yoast SEO v27.0) - https:\/\/yoast.com\/product\/yoast-seo-premium-wordpress\/ -->\n<title>Le chef de la diplomatie djiboutienne particip\u00e9 \u00e0 la r\u00e9union d\u2019urgence des ministres des Affaires \u00e9trang\u00e8res des pays de la Ligue arabe sur la Palestine - Djibouti<\/title>\n<meta name=\"description\" content=\"Le chef de la diplomatie djiboutienne, M. Mahmoud Ali Youssouf, a participe\u0301 a\u0300 la re\u0301union d\u2019urgence des ministres des ...\" \/>\n<meta name=\"robots\" content=\"index, follow, max-snippet:-1, max-image-preview:large, max-video-preview:-1\" \/>\n<link rel=\"canonical\" href=\"https:\/\/www.africa-press.net\/djibouti\/politique\/le-chef-de-la-diplomatie-djiboutienne-participe-a-la-reunion-durgence-des-ministres-des-affaires-etrangeres-des-pays-de-la-ligue-arabe-sur-la-palestine\" \/>\n<meta property=\"og:locale\" content=\"fr_FR\" \/>\n<meta property=\"og:type\" content=\"article\" \/>\n<meta property=\"og:title\" content=\"Le chef de la diplomatie djiboutienne particip\u00e9 \u00e0 la r\u00e9union d\u2019urgence des ministres des Affaires \u00e9trang\u00e8res des pays de la Ligue arabe sur la Palestine\" \/>\n<meta property=\"og:description\" content=\"Le chef de la diplomatie djiboutienne, M. Mahmoud Ali Youssouf, a participe\u0301 a\u0300 la re\u0301union d\u2019urgence des ministres des ...\" \/>\n<meta property=\"og:url\" content=\"https:\/\/www.africa-press.net\/djibouti\/politique\/le-chef-de-la-diplomatie-djiboutienne-participe-a-la-reunion-durgence-des-ministres-des-affaires-etrangeres-des-pays-de-la-ligue-arabe-sur-la-palestine\" \/>\n<meta property=\"og:site_name\" content=\"Djibouti\" \/>\n<meta property=\"article:published_time\" content=\"2023-10-12T14:41:20+00:00\" \/>\n<meta property=\"article:modified_time\" content=\"2023-10-12T14:57:56+00:00\" \/>\n<meta property=\"og:image\" content=\"https:\/\/static.africa-press.net\/djibouti\/sites\/52\/2023\/10\/sm_1697109919.871551.jpg\" \/>\n\t<meta property=\"og:image:width\" content=\"1600\" \/>\n\t<meta property=\"og:image:height\" content=\"1066\" \/>\n\t<meta property=\"og:image:type\" content=\"image\/jpeg\" \/>\n<meta name=\"author\" content=\"cfeditorfr\" \/>\n<meta name=\"twitter:card\" content=\"summary_large_image\" \/>\n<meta name=\"twitter:label1\" content=\"\u00c9crit par\" \/>\n\t<meta name=\"twitter:data1\" content=\"cfeditorfr\" \/>\n\t<meta name=\"twitter:label2\" content=\"Dur\u00e9e de lecture estim\u00e9e\" \/>\n\t<meta name=\"twitter:data2\" content=\"2 minutes\" \/>\n<script type=\"application\/ld+json\" class=\"yoast-schema-graph\">{\"@context\":\"https:\/\/schema.org\",\"@graph\":[{\"@type\":\"Article\",\"@id\":\"https:\/\/www.africa-press.net\/djibouti\/politique\/le-chef-de-la-diplomatie-djiboutienne-participe-a-la-reunion-durgence-des-ministres-des-affaires-etrangeres-des-pays-de-la-ligue-arabe-sur-la-palestine#article\",\"isPartOf\":{\"@id\":\"https:\/\/www.africa-press.net\/djibouti\/politique\/le-chef-de-la-diplomatie-djiboutienne-participe-a-la-reunion-durgence-des-ministres-des-affaires-etrangeres-des-pays-de-la-ligue-arabe-sur-la-palestine\"},\"author\":{\"name\":\"cfeditorfr\",\"@id\":\"https:\/\/www.africa-press.net\/djibouti\/#\/schema\/person\/2b1cf3cd81a31e3cd26889ca66d677f1\"},\"headline\":\"Le chef de la diplomatie djiboutienne particip\u00e9 \u00e0 la r\u00e9union d\u2019urgence des ministres des Affaires \u00e9trang\u00e8res des pays de la Ligue arabe sur la Palestine\",\"datePublished\":\"2023-10-12T14:41:20+00:00\",\"dateModified\":\"2023-10-12T14:57:56+00:00\",\"mainEntityOfPage\":{\"@id\":\"https:\/\/www.africa-press.net\/djibouti\/politique\/le-chef-de-la-diplomatie-djiboutienne-participe-a-la-reunion-durgence-des-ministres-des-affaires-etrangeres-des-pays-de-la-ligue-arabe-sur-la-palestine\"},\"wordCount\":356,\"commentCount\":0,\"image\":{\"@id\":\"https:\/\/www.africa-press.net\/djibouti\/politique\/le-chef-de-la-diplomatie-djiboutienne-participe-a-la-reunion-durgence-des-ministres-des-affaires-etrangeres-des-pays-de-la-ligue-arabe-sur-la-palestine#primaryimage\"},\"thumbnailUrl\":\"https:\/\/static.africa-press.net\/djibouti\/sites\/52\/2023\/10\/sm_1697109919.871551.jpg\",\"keywords\":[\"Africa Press\",\"Africa Press-Djibouti\",\"Djibouti\"],\"articleSection\":[\"Politique\",\"to-homepage\",\"Top Nouvelles\",\"Toutes les actualit\u00e9s\"],\"inLanguage\":\"fr-FR\",\"potentialAction\":[{\"@type\":\"CommentAction\",\"name\":\"Comment\",\"target\":[\"https:\/\/www.africa-press.net\/djibouti\/politique\/le-chef-de-la-diplomatie-djiboutienne-participe-a-la-reunion-durgence-des-ministres-des-affaires-etrangeres-des-pays-de-la-ligue-arabe-sur-la-palestine#respond\"]}]},{\"@type\":\"WebPage\",\"@id\":\"https:\/\/www.africa-press.net\/djibouti\/politique\/le-chef-de-la-diplomatie-djiboutienne-participe-a-la-reunion-durgence-des-ministres-des-affaires-etrangeres-des-pays-de-la-ligue-arabe-sur-la-palestine\",\"url\":\"https:\/\/www.africa-press.net\/djibouti\/politique\/le-chef-de-la-diplomatie-djiboutienne-participe-a-la-reunion-durgence-des-ministres-des-affaires-etrangeres-des-pays-de-la-ligue-arabe-sur-la-palestine\",\"name\":\"Le chef de la diplomatie djiboutienne particip\u00e9 \u00e0 la r\u00e9union d\u2019urgence des ministres des Affaires \u00e9trang\u00e8res des pays de la Ligue arabe sur la Palestine - Djibouti\",\"isPartOf\":{\"@id\":\"https:\/\/www.africa-press.net\/djibouti\/#website\"},\"primaryImageOfPage\":{\"@id\":\"https:\/\/www.africa-press.net\/djibouti\/politique\/le-chef-de-la-diplomatie-djiboutienne-participe-a-la-reunion-durgence-des-ministres-des-affaires-etrangeres-des-pays-de-la-ligue-arabe-sur-la-palestine#primaryimage\"},\"image\":{\"@id\":\"https:\/\/www.africa-press.net\/djibouti\/politique\/le-chef-de-la-diplomatie-djiboutienne-participe-a-la-reunion-durgence-des-ministres-des-affaires-etrangeres-des-pays-de-la-ligue-arabe-sur-la-palestine#primaryimage\"},\"thumbnailUrl\":\"https:\/\/static.africa-press.net\/djibouti\/sites\/52\/2023\/10\/sm_1697109919.871551.jpg\",\"datePublished\":\"2023-10-12T14:41:20+00:00\",\"dateModified\":\"2023-10-12T14:57:56+00:00\",\"author\":{\"@id\":\"https:\/\/www.africa-press.net\/djibouti\/#\/schema\/person\/2b1cf3cd81a31e3cd26889ca66d677f1\"},\"description\":\"Le chef de la diplomatie djiboutienne, M. Mahmoud Ali Youssouf, a participe\u0301 a\u0300 la re\u0301union d\u2019urgence des ministres des ...\",\"breadcrumb\":{\"@id\":\"https:\/\/www.africa-press.net\/djibouti\/politique\/le-chef-de-la-diplomatie-djiboutienne-participe-a-la-reunion-durgence-des-ministres-des-affaires-etrangeres-des-pays-de-la-ligue-arabe-sur-la-palestine#breadcrumb\"},\"inLanguage\":\"fr-FR\",\"potentialAction\":[{\"@type\":\"ReadAction\",\"target\":[\"https:\/\/www.africa-press.net\/djibouti\/politique\/le-chef-de-la-diplomatie-djiboutienne-participe-a-la-reunion-durgence-des-ministres-des-affaires-etrangeres-des-pays-de-la-ligue-arabe-sur-la-palestine\"]}]},{\"@type\":\"ImageObject\",\"inLanguage\":\"fr-FR\",\"@id\":\"https:\/\/www.africa-press.net\/djibouti\/politique\/le-chef-de-la-diplomatie-djiboutienne-participe-a-la-reunion-durgence-des-ministres-des-affaires-etrangeres-des-pays-de-la-ligue-arabe-sur-la-palestine#primaryimage\",\"url\":\"https:\/\/static.africa-press.net\/djibouti\/sites\/52\/2023\/10\/sm_1697109919.871551.jpg\",\"contentUrl\":\"https:\/\/static.africa-press.net\/djibouti\/sites\/52\/2023\/10\/sm_1697109919.871551.jpg\",\"width\":1600,\"height\":1066,\"caption\":\"Le chef de la diplomatie djiboutienne particip\u00e9 \u00e0 la r\u00e9union d\u2019urgence des ministres des Affaires \u00e9trang\u00e8res des pays de la Ligue arabe sur la Palestine\"},{\"@type\":\"BreadcrumbList\",\"@id\":\"https:\/\/www.africa-press.net\/djibouti\/politique\/le-chef-de-la-diplomatie-djiboutienne-participe-a-la-reunion-durgence-des-ministres-des-affaires-etrangeres-des-pays-de-la-ligue-arabe-sur-la-palestine#breadcrumb\",\"itemListElement\":[{\"@type\":\"ListItem\",\"position\":1,\"name\":\"Accueil\",\"item\":\"https:\/\/www.africa-press.net\/djibouti\/\"},{\"@type\":\"ListItem\",\"position\":2,\"name\":\"Le chef de la diplomatie djiboutienne particip\u00e9 \u00e0 la r\u00e9union d\u2019urgence des ministres des Affaires \u00e9trang\u00e8res des pays de la Ligue arabe sur la Palestine\"}]},{\"@type\":\"WebSite\",\"@id\":\"https:\/\/www.africa-press.net\/djibouti\/#website\",\"url\":\"https:\/\/www.africa-press.net\/djibouti\/\",\"name\":\"Djibouti\",\"description\":\"Just another Africa News Agency Sites site\",\"potentialAction\":[{\"@type\":\"SearchAction\",\"target\":{\"@type\":\"EntryPoint\",\"urlTemplate\":\"https:\/\/www.africa-press.net\/djibouti\/?s={search_term_string}\"},\"query-input\":{\"@type\":\"PropertyValueSpecification\",\"valueRequired\":true,\"valueName\":\"search_term_string\"}}],\"inLanguage\":\"fr-FR\"},{\"@type\":\"Person\",\"@id\":\"https:\/\/www.africa-press.net\/djibouti\/#\/schema\/person\/2b1cf3cd81a31e3cd26889ca66d677f1\",\"name\":\"cfeditorfr\"}]}<\/script>\n<!-- \/ Yoast SEO Premium plugin. -->","yoast_head_json":{"title":"Le chef de la diplomatie djiboutienne particip\u00e9 \u00e0 la r\u00e9union d\u2019urgence des ministres des Affaires \u00e9trang\u00e8res des pays de la Ligue arabe sur la Palestine - Djibouti","description":"Le chef de la diplomatie djiboutienne, M. Mahmoud Ali Youssouf, a participe\u0301 a\u0300 la re\u0301union d\u2019urgence des ministres des ...","robots":{"index":"index","follow":"follow","max-snippet":"max-snippet:-1","max-image-preview":"max-image-preview:large","max-video-preview":"max-video-preview:-1"},"canonical":"https:\/\/www.africa-press.net\/djibouti\/politique\/le-chef-de-la-diplomatie-djiboutienne-participe-a-la-reunion-durgence-des-ministres-des-affaires-etrangeres-des-pays-de-la-ligue-arabe-sur-la-palestine","og_locale":"fr_FR","og_type":"article","og_title":"Le chef de la diplomatie djiboutienne particip\u00e9 \u00e0 la r\u00e9union d\u2019urgence des ministres des Affaires \u00e9trang\u00e8res des pays de la Ligue arabe sur la Palestine","og_description":"Le chef de la diplomatie djiboutienne, M. Mahmoud Ali Youssouf, a participe\u0301 a\u0300 la re\u0301union d\u2019urgence des ministres des ...","og_url":"https:\/\/www.africa-press.net\/djibouti\/politique\/le-chef-de-la-diplomatie-djiboutienne-participe-a-la-reunion-durgence-des-ministres-des-affaires-etrangeres-des-pays-de-la-ligue-arabe-sur-la-palestine","og_site_name":"Djibouti","article_published_time":"2023-10-12T14:41:20+00:00","article_modified_time":"2023-10-12T14:57:56+00:00","og_image":[{"width":1600,"height":1066,"url":"https:\/\/static.africa-press.net\/djibouti\/sites\/52\/2023\/10\/sm_1697109919.871551.jpg","type":"image\/jpeg"}],"author":"cfeditorfr","twitter_card":"summary_large_image","twitter_misc":{"\u00c9crit par":"cfeditorfr","Dur\u00e9e de lecture estim\u00e9e":"2 minutes"},"schema":{"@context":"https:\/\/schema.org","@graph":[{"@type":"Article","@id":"https:\/\/www.africa-press.net\/djibouti\/politique\/le-chef-de-la-diplomatie-djiboutienne-participe-a-la-reunion-durgence-des-ministres-des-affaires-etrangeres-des-pays-de-la-ligue-arabe-sur-la-palestine#article","isPartOf":{"@id":"https:\/\/www.africa-press.net\/djibouti\/politique\/le-chef-de-la-diplomatie-djiboutienne-participe-a-la-reunion-durgence-des-ministres-des-affaires-etrangeres-des-pays-de-la-ligue-arabe-sur-la-palestine"},"author":{"name":"cfeditorfr","@id":"https:\/\/www.africa-press.net\/djibouti\/#\/schema\/person\/2b1cf3cd81a31e3cd26889ca66d677f1"},"headline":"Le chef de la diplomatie djiboutienne particip\u00e9 \u00e0 la r\u00e9union d\u2019urgence des ministres des Affaires \u00e9trang\u00e8res des pays de la Ligue arabe sur la Palestine","datePublished":"2023-10-12T14:41:20+00:00","dateModified":"2023-10-12T14:57:56+00:00","mainEntityOfPage":{"@id":"https:\/\/www.africa-press.net\/djibouti\/politique\/le-chef-de-la-diplomatie-djiboutienne-participe-a-la-reunion-durgence-des-ministres-des-affaires-etrangeres-des-pays-de-la-ligue-arabe-sur-la-palestine"},"wordCount":356,"commentCount":0,"image":{"@id":"https:\/\/www.africa-press.net\/djibouti\/politique\/le-chef-de-la-diplomatie-djiboutienne-participe-a-la-reunion-durgence-des-ministres-des-affaires-etrangeres-des-pays-de-la-ligue-arabe-sur-la-palestine#primaryimage"},"thumbnailUrl":"https:\/\/static.africa-press.net\/djibouti\/sites\/52\/2023\/10\/sm_1697109919.871551.jpg","keywords":["Africa Press","Africa Press-Djibouti","Djibouti"],"articleSection":["Politique","to-homepage","Top Nouvelles","Toutes les actualit\u00e9s"],"inLanguage":"fr-FR","potentialAction":[{"@type":"CommentAction","name":"Comment","target":["https:\/\/www.africa-press.net\/djibouti\/politique\/le-chef-de-la-diplomatie-djiboutienne-participe-a-la-reunion-durgence-des-ministres-des-affaires-etrangeres-des-pays-de-la-ligue-arabe-sur-la-palestine#respond"]}]},{"@type":"WebPage","@id":"https:\/\/www.africa-press.net\/djibouti\/politique\/le-chef-de-la-diplomatie-djiboutienne-participe-a-la-reunion-durgence-des-ministres-des-affaires-etrangeres-des-pays-de-la-ligue-arabe-sur-la-palestine","url":"https:\/\/www.africa-press.net\/djibouti\/politique\/le-chef-de-la-diplomatie-djiboutienne-participe-a-la-reunion-durgence-des-ministres-des-affaires-etrangeres-des-pays-de-la-ligue-arabe-sur-la-palestine","name":"Le chef de la diplomatie djiboutienne particip\u00e9 \u00e0 la r\u00e9union d\u2019urgence des ministres des Affaires \u00e9trang\u00e8res des pays de la Ligue arabe sur la Palestine - Djibouti","isPartOf":{"@id":"https:\/\/www.africa-press.net\/djibouti\/#website"},"primaryImageOfPage":{"@id":"https:\/\/www.africa-press.net\/djibouti\/politique\/le-chef-de-la-diplomatie-djiboutienne-participe-a-la-reunion-durgence-des-ministres-des-affaires-etrangeres-des-pays-de-la-ligue-arabe-sur-la-palestine#primaryimage"},"image":{"@id":"https:\/\/www.africa-press.net\/djibouti\/politique\/le-chef-de-la-diplomatie-djiboutienne-participe-a-la-reunion-durgence-des-ministres-des-affaires-etrangeres-des-pays-de-la-ligue-arabe-sur-la-palestine#primaryimage"},"thumbnailUrl":"https:\/\/static.africa-press.net\/djibouti\/sites\/52\/2023\/10\/sm_1697109919.871551.jpg","datePublished":"2023-10-12T14:41:20+00:00","dateModified":"2023-10-12T14:57:56+00:00","author":{"@id":"https:\/\/www.africa-press.net\/djibouti\/#\/schema\/person\/2b1cf3cd81a31e3cd26889ca66d677f1"},"description":"Le chef de la diplomatie djiboutienne, M. Mahmoud Ali Youssouf, a participe\u0301 a\u0300 la re\u0301union d\u2019urgence des ministres des ...","breadcrumb":{"@id":"https:\/\/www.africa-press.net\/djibouti\/politique\/le-chef-de-la-diplomatie-djiboutienne-participe-a-la-reunion-durgence-des-ministres-des-affaires-etrangeres-des-pays-de-la-ligue-arabe-sur-la-palestine#breadcrumb"},"inLanguage":"fr-FR","potentialAction":[{"@type":"ReadAction","target":["https:\/\/www.africa-press.net\/djibouti\/politique\/le-chef-de-la-diplomatie-djiboutienne-participe-a-la-reunion-durgence-des-ministres-des-affaires-etrangeres-des-pays-de-la-ligue-arabe-sur-la-palestine"]}]},{"@type":"ImageObject","inLanguage":"fr-FR","@id":"https:\/\/www.africa-press.net\/djibouti\/politique\/le-chef-de-la-diplomatie-djiboutienne-participe-a-la-reunion-durgence-des-ministres-des-affaires-etrangeres-des-pays-de-la-ligue-arabe-sur-la-palestine#primaryimage","url":"https:\/\/static.africa-press.net\/djibouti\/sites\/52\/2023\/10\/sm_1697109919.871551.jpg","contentUrl":"https:\/\/static.africa-press.net\/djibouti\/sites\/52\/2023\/10\/sm_1697109919.871551.jpg","width":1600,"height":1066,"caption":"Le chef de la diplomatie djiboutienne particip\u00e9 \u00e0 la r\u00e9union d\u2019urgence des ministres des Affaires \u00e9trang\u00e8res des pays de la Ligue arabe sur la Palestine"},{"@type":"BreadcrumbList","@id":"https:\/\/www.africa-press.net\/djibouti\/politique\/le-chef-de-la-diplomatie-djiboutienne-participe-a-la-reunion-durgence-des-ministres-des-affaires-etrangeres-des-pays-de-la-ligue-arabe-sur-la-palestine#breadcrumb","itemListElement":[{"@type":"ListItem","position":1,"name":"Accueil","item":"https:\/\/www.africa-press.net\/djibouti\/"},{"@type":"ListItem","position":2,"name":"Le chef de la diplomatie djiboutienne particip\u00e9 \u00e0 la r\u00e9union d\u2019urgence des ministres des Affaires \u00e9trang\u00e8res des pays de la Ligue arabe sur la Palestine"}]},{"@type":"WebSite","@id":"https:\/\/www.africa-press.net\/djibouti\/#website","url":"https:\/\/www.africa-press.net\/djibouti\/","name":"Djibouti","description":"Just another Africa News Agency Sites site","potentialAction":[{"@type":"SearchAction","target":{"@type":"EntryPoint","urlTemplate":"https:\/\/www.africa-press.net\/djibouti\/?s={search_term_string}"},"query-input":{"@type":"PropertyValueSpecification","valueRequired":true,"valueName":"search_term_string"}}],"inLanguage":"fr-FR"},{"@type":"Person","@id":"https:\/\/www.africa-press.net\/djibouti\/#\/schema\/person\/2b1cf3cd81a31e3cd26889ca66d677f1","name":"cfeditorfr"}]}},"_links":{"self":[{"href":"https:\/\/www.africa-press.net\/djibouti\/wp-json\/wp\/v2\/posts\/19005","targetHints":{"allow":["GET"]}}],"collection":[{"href":"https:\/\/www.africa-press.net\/djibouti\/wp-json\/wp\/v2\/posts"}],"about":[{"href":"https:\/\/www.africa-press.net\/djibouti\/wp-json\/wp\/v2\/types\/post"}],"author":[{"embeddable":true,"href":"https:\/\/www.africa-press.net\/djibouti\/wp-json\/wp\/v2\/users\/82"}],"replies":[{"embeddable":true,"href":"https:\/\/www.africa-press.net\/djibouti\/wp-json\/wp\/v2\/comments?post=19005"}],"version-history":[{"count":0,"href":"https:\/\/www.africa-press.net\/djibouti\/wp-json\/wp\/v2\/posts\/19005\/revisions"}],"wp:featuredmedia":[{"embeddable":true,"href":"https:\/\/www.africa-press.net\/djibouti\/wp-json\/wp\/v2\/media\/19004"}],"wp:attachment":[{"href":"https:\/\/www.africa-press.net\/djibouti\/wp-json\/wp\/v2\/media?parent=19005"}],"wp:term":[{"taxonomy":"category","embeddable":true,"href":"https:\/\/www.africa-press.net\/djibouti\/wp-json\/wp\/v2\/categories?post=19005"},{"taxonomy":"post_tag","embeddable":true,"href":"https:\/\/www.africa-press.net\/djibouti\/wp-json\/wp\/v2\/tags?post=19005"}],"curies":[{"name":"wp","href":"https:\/\/api.w.org\/{rel}","templated":true}]}}