{"id":19009,"date":"2023-10-12T14:42:18","date_gmt":"2023-10-12T14:42:18","guid":{"rendered":"https:\/\/www.africa-press.net\/djibouti\/politique\/le-ministre-radwan-abdillahi-bahdon-recoit-lambassadeur-du-royaume-uni-a-djibouti"},"modified":"2023-10-12T14:58:46","modified_gmt":"2023-10-12T14:58:46","slug":"le-ministre-radwan-abdillahi-bahdon-recoit-lambassadeur-du-royaume-uni-a-djibouti","status":"publish","type":"post","link":"https:\/\/www.africa-press.net\/djibouti\/politique\/le-ministre-radwan-abdillahi-bahdon-recoit-lambassadeur-du-royaume-uni-a-djibouti","title":{"rendered":"Le ministre Radwan Abdillahi Bahdon re\u00e7oit l\u2019ambassadeur du Royaume -Uni \u00e0 Djibouti"},"content":{"rendered":"<p><span style=\"color: #ff6600\"><strong>Africa-Press &#8211; Djibouti. <\/strong><\/span>Le ministre de la Communication charge\u0301 des Postes et des Te\u0301le\u0301communications, M. Radwan Abdillahi Bahdon, a rec\u0327u ce mercredi, dans son cabinet, le nouvel ambassadeur du Royaume-Uni a\u0300 Djibouti et repre\u0301sentant britannique aupre\u0300s de l\u2019IGAD, M. Vinay Talwar.<\/p>\n<p>Au cours de cette rencontre, le ministre Bahdon et l\u2019ambassadeur Talwar ont discute\u0301 des liens d\u2019amitie\u0301 et de coope\u0301ration entre les deux pays ainsi que des voies et moyens de les raffermir davantage.<\/p>\n<p>Prenant la parole en premier, le nouvel ambassadeur du Royaume-Uni a\u0300 Djibouti et aupre\u0300s de l\u2019IGAD, M. Vinay Talwar, a remercie\u0301 le ministre de la Communication charge\u0301 des Postes et des Te\u0301le\u0301communications pour l\u2019accueil chaleureux qu\u2019il lui a re\u0301serve\u0301.<\/p>\n<p>Apre\u0300s avoir souhaite\u0301 la bienvenue et le plein succe\u0300s dans l\u2019exercice de sa mission dans notre pays, le ministre Radwan Abdillahi a quant a\u0300 lui salue\u0301 l\u2019excellence des relations d\u2019amitie\u0301 et de coope\u0301ration qu\u2019entretiennent les deux pays dans des nombreux secteurs ne\u0301vralgiques.<\/p>\n<p>Les discussions ont ensuite porte\u0301 sur le renforcement des capacite\u0301s des professionnels de la presse e\u0301crite et audiovisuelle et sur la coope\u0301ration dans le domaine des te\u0301le\u0301communications.<\/p>\n<p>Le ministre de la Communication charge\u0301 des Postes et des Te\u0301le\u0301communications, M. Radwan Abdillahi Bahdon, a rec\u0327u ce mercredi, dans son cabinet, le nouvel ambassadeur du Royaume-Uni a\u0300 Djibouti et repre\u0301sentant britannique aupre\u0300s de l\u2019IGAD, M. Vinay Talwar.<\/p>\n<p>Au cours de cette rencontre, le ministre Bahdon et l\u2019ambassadeur Talwar ont discute\u0301 des liens d\u2019amitie\u0301 et de coope\u0301ration entre les deux pays ainsi que des voies et moyens de les raffermir davantage.<\/p>\n<p>Prenant la parole en premier, le nouvel ambassadeur du Royaume-Uni a\u0300 Djibouti et aupre\u0300s de l\u2019IGAD, M. Vinay Talwar, a remercie\u0301 le ministre de la Communication charge\u0301 des Postes et des Te\u0301le\u0301communications pour l\u2019accueil chaleureux qu\u2019il lui a re\u0301serve\u0301.<\/p>\n<p>Apre\u0300s avoir souhaite\u0301 la bienvenue et le plein succe\u0300s dans l\u2019exercice de sa mission dans notre pays, le ministre Radwan Abdillahi a quant a\u0300 lui salue\u0301 l\u2019excellence des relations d\u2019amitie\u0301 et de coope\u0301ration qu\u2019entretiennent les deux pays dans des nombreux secteurs ne\u0301vralgiques.<\/p>\n<p>Les discussions ont ensuite porte\u0301 sur le renforcement des capacite\u0301s des professionnels de la presse e\u0301crite et audiovisuelle et sur la coope\u0301ration dans le domaine des te\u0301le\u0301communications.<\/p>\n<p><strong>Pour plus d&rsquo;informations et d&rsquo;analyses sur la <a href=\"https:\/\/www.africa-press.net\/djibouti\">Djibouti<\/a>, suivez <a href=\"https:\/\/www.africa-press.net\/\">Africa-Press<\/a><\/strong><\/p>\n","protected":false},"excerpt":{"rendered":"<p>Africa-Press &#8211; Djibouti. Le ministre de la Communication charge\u0301 des Postes et des Te\u0301le\u0301communications, M. Radwan Abdillahi Bahdon, a rec\u0327u ce mercredi, dans son cabinet, le nouvel ambassadeur du Royaume-Uni a\u0300 Djibouti et repre\u0301sentant britannique aupre\u0300s de l\u2019IGAD, M. Vinay Talwar. Au cours de cette rencontre, le ministre Bahdon et l\u2019ambassadeur Talwar ont discute\u0301 des [&hellip;]<\/p>\n","protected":false},"author":82,"featured_media":19008,"comment_status":"open","ping_status":"closed","sticky":false,"template":"","format":"standard","meta":{"footnotes":""},"categories":[2,20,10],"tags":[36,49,50],"class_list":["post-19009","post","type-post","status-publish","format-standard","has-post-thumbnail","hentry","category-politique","category-top-nouvelles","category-toutes-les-actualites","tag-africa-press","tag-africa-press-djibouti","tag-djibouti"],"yoast_head":"<!-- This site is optimized with the Yoast SEO Premium plugin v26.1 (Yoast SEO v27.0) - https:\/\/yoast.com\/product\/yoast-seo-premium-wordpress\/ -->\n<title>Le ministre Radwan Abdillahi Bahdon re\u00e7oit l\u2019ambassadeur du Royaume -Uni \u00e0 Djibouti - Djibouti<\/title>\n<meta name=\"description\" content=\"Le ministre de la Communication charge\u0301 des Postes et des Te\u0301le\u0301communications, M. Radwan Abdillahi Bahdon, a rec\u0327u ce m ...\" \/>\n<meta name=\"robots\" content=\"index, follow, max-snippet:-1, max-image-preview:large, max-video-preview:-1\" \/>\n<link rel=\"canonical\" href=\"https:\/\/www.africa-press.net\/djibouti\/politique\/le-ministre-radwan-abdillahi-bahdon-recoit-lambassadeur-du-royaume-uni-a-djibouti\" \/>\n<meta property=\"og:locale\" content=\"fr_FR\" \/>\n<meta property=\"og:type\" content=\"article\" \/>\n<meta property=\"og:title\" content=\"Le ministre Radwan Abdillahi Bahdon re\u00e7oit l\u2019ambassadeur du Royaume -Uni \u00e0 Djibouti\" \/>\n<meta property=\"og:description\" content=\"Le ministre de la Communication charge\u0301 des Postes et des Te\u0301le\u0301communications, M. Radwan Abdillahi Bahdon, a rec\u0327u ce m ...\" \/>\n<meta property=\"og:url\" content=\"https:\/\/www.africa-press.net\/djibouti\/politique\/le-ministre-radwan-abdillahi-bahdon-recoit-lambassadeur-du-royaume-uni-a-djibouti\" \/>\n<meta property=\"og:site_name\" content=\"Djibouti\" \/>\n<meta property=\"article:published_time\" content=\"2023-10-12T14:42:18+00:00\" \/>\n<meta property=\"article:modified_time\" content=\"2023-10-12T14:58:46+00:00\" \/>\n<meta property=\"og:image\" content=\"https:\/\/static.africa-press.net\/djibouti\/sites\/52\/2023\/10\/sm_1697109969.406525.jpg\" \/>\n\t<meta property=\"og:image:width\" content=\"900\" \/>\n\t<meta property=\"og:image:height\" content=\"600\" \/>\n\t<meta property=\"og:image:type\" content=\"image\/jpeg\" \/>\n<meta name=\"author\" content=\"cfeditorfr\" \/>\n<meta name=\"twitter:card\" content=\"summary_large_image\" \/>\n<meta name=\"twitter:label1\" content=\"\u00c9crit par\" \/>\n\t<meta name=\"twitter:data1\" content=\"cfeditorfr\" \/>\n\t<meta name=\"twitter:label2\" content=\"Dur\u00e9e de lecture estim\u00e9e\" \/>\n\t<meta name=\"twitter:data2\" content=\"2 minutes\" \/>\n<script type=\"application\/ld+json\" class=\"yoast-schema-graph\">{\"@context\":\"https:\/\/schema.org\",\"@graph\":[{\"@type\":\"Article\",\"@id\":\"https:\/\/www.africa-press.net\/djibouti\/politique\/le-ministre-radwan-abdillahi-bahdon-recoit-lambassadeur-du-royaume-uni-a-djibouti#article\",\"isPartOf\":{\"@id\":\"https:\/\/www.africa-press.net\/djibouti\/politique\/le-ministre-radwan-abdillahi-bahdon-recoit-lambassadeur-du-royaume-uni-a-djibouti\"},\"author\":{\"name\":\"cfeditorfr\",\"@id\":\"https:\/\/www.africa-press.net\/djibouti\/#\/schema\/person\/2b1cf3cd81a31e3cd26889ca66d677f1\"},\"headline\":\"Le ministre Radwan Abdillahi Bahdon re\u00e7oit l\u2019ambassadeur du Royaume -Uni \u00e0 Djibouti\",\"datePublished\":\"2023-10-12T14:42:18+00:00\",\"dateModified\":\"2023-10-12T14:58:46+00:00\",\"mainEntityOfPage\":{\"@id\":\"https:\/\/www.africa-press.net\/djibouti\/politique\/le-ministre-radwan-abdillahi-bahdon-recoit-lambassadeur-du-royaume-uni-a-djibouti\"},\"wordCount\":444,\"commentCount\":0,\"image\":{\"@id\":\"https:\/\/www.africa-press.net\/djibouti\/politique\/le-ministre-radwan-abdillahi-bahdon-recoit-lambassadeur-du-royaume-uni-a-djibouti#primaryimage\"},\"thumbnailUrl\":\"https:\/\/static.africa-press.net\/djibouti\/sites\/52\/2023\/10\/sm_1697109969.406525.jpg\",\"keywords\":[\"Africa Press\",\"Africa Press-Djibouti\",\"Djibouti\"],\"articleSection\":[\"Politique\",\"Top Nouvelles\",\"Toutes les actualit\u00e9s\"],\"inLanguage\":\"fr-FR\",\"potentialAction\":[{\"@type\":\"CommentAction\",\"name\":\"Comment\",\"target\":[\"https:\/\/www.africa-press.net\/djibouti\/politique\/le-ministre-radwan-abdillahi-bahdon-recoit-lambassadeur-du-royaume-uni-a-djibouti#respond\"]}]},{\"@type\":\"WebPage\",\"@id\":\"https:\/\/www.africa-press.net\/djibouti\/politique\/le-ministre-radwan-abdillahi-bahdon-recoit-lambassadeur-du-royaume-uni-a-djibouti\",\"url\":\"https:\/\/www.africa-press.net\/djibouti\/politique\/le-ministre-radwan-abdillahi-bahdon-recoit-lambassadeur-du-royaume-uni-a-djibouti\",\"name\":\"Le ministre Radwan Abdillahi Bahdon re\u00e7oit l\u2019ambassadeur du Royaume -Uni \u00e0 Djibouti - Djibouti\",\"isPartOf\":{\"@id\":\"https:\/\/www.africa-press.net\/djibouti\/#website\"},\"primaryImageOfPage\":{\"@id\":\"https:\/\/www.africa-press.net\/djibouti\/politique\/le-ministre-radwan-abdillahi-bahdon-recoit-lambassadeur-du-royaume-uni-a-djibouti#primaryimage\"},\"image\":{\"@id\":\"https:\/\/www.africa-press.net\/djibouti\/politique\/le-ministre-radwan-abdillahi-bahdon-recoit-lambassadeur-du-royaume-uni-a-djibouti#primaryimage\"},\"thumbnailUrl\":\"https:\/\/static.africa-press.net\/djibouti\/sites\/52\/2023\/10\/sm_1697109969.406525.jpg\",\"datePublished\":\"2023-10-12T14:42:18+00:00\",\"dateModified\":\"2023-10-12T14:58:46+00:00\",\"author\":{\"@id\":\"https:\/\/www.africa-press.net\/djibouti\/#\/schema\/person\/2b1cf3cd81a31e3cd26889ca66d677f1\"},\"description\":\"Le ministre de la Communication charge\u0301 des Postes et des Te\u0301le\u0301communications, M. Radwan Abdillahi Bahdon, a rec\u0327u ce m ...\",\"breadcrumb\":{\"@id\":\"https:\/\/www.africa-press.net\/djibouti\/politique\/le-ministre-radwan-abdillahi-bahdon-recoit-lambassadeur-du-royaume-uni-a-djibouti#breadcrumb\"},\"inLanguage\":\"fr-FR\",\"potentialAction\":[{\"@type\":\"ReadAction\",\"target\":[\"https:\/\/www.africa-press.net\/djibouti\/politique\/le-ministre-radwan-abdillahi-bahdon-recoit-lambassadeur-du-royaume-uni-a-djibouti\"]}]},{\"@type\":\"ImageObject\",\"inLanguage\":\"fr-FR\",\"@id\":\"https:\/\/www.africa-press.net\/djibouti\/politique\/le-ministre-radwan-abdillahi-bahdon-recoit-lambassadeur-du-royaume-uni-a-djibouti#primaryimage\",\"url\":\"https:\/\/static.africa-press.net\/djibouti\/sites\/52\/2023\/10\/sm_1697109969.406525.jpg\",\"contentUrl\":\"https:\/\/static.africa-press.net\/djibouti\/sites\/52\/2023\/10\/sm_1697109969.406525.jpg\",\"width\":900,\"height\":600,\"caption\":\"Le ministre Radwan Abdillahi Bahdon re\u00e7oit l\u2019ambassadeur du Royaume -Uni \u00e0 Djibouti\"},{\"@type\":\"BreadcrumbList\",\"@id\":\"https:\/\/www.africa-press.net\/djibouti\/politique\/le-ministre-radwan-abdillahi-bahdon-recoit-lambassadeur-du-royaume-uni-a-djibouti#breadcrumb\",\"itemListElement\":[{\"@type\":\"ListItem\",\"position\":1,\"name\":\"Accueil\",\"item\":\"https:\/\/www.africa-press.net\/djibouti\/\"},{\"@type\":\"ListItem\",\"position\":2,\"name\":\"Le ministre Radwan Abdillahi Bahdon re\u00e7oit l\u2019ambassadeur du Royaume -Uni \u00e0 Djibouti\"}]},{\"@type\":\"WebSite\",\"@id\":\"https:\/\/www.africa-press.net\/djibouti\/#website\",\"url\":\"https:\/\/www.africa-press.net\/djibouti\/\",\"name\":\"Djibouti\",\"description\":\"Just another Africa News Agency Sites site\",\"potentialAction\":[{\"@type\":\"SearchAction\",\"target\":{\"@type\":\"EntryPoint\",\"urlTemplate\":\"https:\/\/www.africa-press.net\/djibouti\/?s={search_term_string}\"},\"query-input\":{\"@type\":\"PropertyValueSpecification\",\"valueRequired\":true,\"valueName\":\"search_term_string\"}}],\"inLanguage\":\"fr-FR\"},{\"@type\":\"Person\",\"@id\":\"https:\/\/www.africa-press.net\/djibouti\/#\/schema\/person\/2b1cf3cd81a31e3cd26889ca66d677f1\",\"name\":\"cfeditorfr\"}]}<\/script>\n<!-- \/ Yoast SEO Premium plugin. -->","yoast_head_json":{"title":"Le ministre Radwan Abdillahi Bahdon re\u00e7oit l\u2019ambassadeur du Royaume -Uni \u00e0 Djibouti - Djibouti","description":"Le ministre de la Communication charge\u0301 des Postes et des Te\u0301le\u0301communications, M. Radwan Abdillahi Bahdon, a rec\u0327u ce m ...","robots":{"index":"index","follow":"follow","max-snippet":"max-snippet:-1","max-image-preview":"max-image-preview:large","max-video-preview":"max-video-preview:-1"},"canonical":"https:\/\/www.africa-press.net\/djibouti\/politique\/le-ministre-radwan-abdillahi-bahdon-recoit-lambassadeur-du-royaume-uni-a-djibouti","og_locale":"fr_FR","og_type":"article","og_title":"Le ministre Radwan Abdillahi Bahdon re\u00e7oit l\u2019ambassadeur du Royaume -Uni \u00e0 Djibouti","og_description":"Le ministre de la Communication charge\u0301 des Postes et des Te\u0301le\u0301communications, M. Radwan Abdillahi Bahdon, a rec\u0327u ce m ...","og_url":"https:\/\/www.africa-press.net\/djibouti\/politique\/le-ministre-radwan-abdillahi-bahdon-recoit-lambassadeur-du-royaume-uni-a-djibouti","og_site_name":"Djibouti","article_published_time":"2023-10-12T14:42:18+00:00","article_modified_time":"2023-10-12T14:58:46+00:00","og_image":[{"width":900,"height":600,"url":"https:\/\/static.africa-press.net\/djibouti\/sites\/52\/2023\/10\/sm_1697109969.406525.jpg","type":"image\/jpeg"}],"author":"cfeditorfr","twitter_card":"summary_large_image","twitter_misc":{"\u00c9crit par":"cfeditorfr","Dur\u00e9e de lecture estim\u00e9e":"2 minutes"},"schema":{"@context":"https:\/\/schema.org","@graph":[{"@type":"Article","@id":"https:\/\/www.africa-press.net\/djibouti\/politique\/le-ministre-radwan-abdillahi-bahdon-recoit-lambassadeur-du-royaume-uni-a-djibouti#article","isPartOf":{"@id":"https:\/\/www.africa-press.net\/djibouti\/politique\/le-ministre-radwan-abdillahi-bahdon-recoit-lambassadeur-du-royaume-uni-a-djibouti"},"author":{"name":"cfeditorfr","@id":"https:\/\/www.africa-press.net\/djibouti\/#\/schema\/person\/2b1cf3cd81a31e3cd26889ca66d677f1"},"headline":"Le ministre Radwan Abdillahi Bahdon re\u00e7oit l\u2019ambassadeur du Royaume -Uni \u00e0 Djibouti","datePublished":"2023-10-12T14:42:18+00:00","dateModified":"2023-10-12T14:58:46+00:00","mainEntityOfPage":{"@id":"https:\/\/www.africa-press.net\/djibouti\/politique\/le-ministre-radwan-abdillahi-bahdon-recoit-lambassadeur-du-royaume-uni-a-djibouti"},"wordCount":444,"commentCount":0,"image":{"@id":"https:\/\/www.africa-press.net\/djibouti\/politique\/le-ministre-radwan-abdillahi-bahdon-recoit-lambassadeur-du-royaume-uni-a-djibouti#primaryimage"},"thumbnailUrl":"https:\/\/static.africa-press.net\/djibouti\/sites\/52\/2023\/10\/sm_1697109969.406525.jpg","keywords":["Africa Press","Africa Press-Djibouti","Djibouti"],"articleSection":["Politique","Top Nouvelles","Toutes les actualit\u00e9s"],"inLanguage":"fr-FR","potentialAction":[{"@type":"CommentAction","name":"Comment","target":["https:\/\/www.africa-press.net\/djibouti\/politique\/le-ministre-radwan-abdillahi-bahdon-recoit-lambassadeur-du-royaume-uni-a-djibouti#respond"]}]},{"@type":"WebPage","@id":"https:\/\/www.africa-press.net\/djibouti\/politique\/le-ministre-radwan-abdillahi-bahdon-recoit-lambassadeur-du-royaume-uni-a-djibouti","url":"https:\/\/www.africa-press.net\/djibouti\/politique\/le-ministre-radwan-abdillahi-bahdon-recoit-lambassadeur-du-royaume-uni-a-djibouti","name":"Le ministre Radwan Abdillahi Bahdon re\u00e7oit l\u2019ambassadeur du Royaume -Uni \u00e0 Djibouti - Djibouti","isPartOf":{"@id":"https:\/\/www.africa-press.net\/djibouti\/#website"},"primaryImageOfPage":{"@id":"https:\/\/www.africa-press.net\/djibouti\/politique\/le-ministre-radwan-abdillahi-bahdon-recoit-lambassadeur-du-royaume-uni-a-djibouti#primaryimage"},"image":{"@id":"https:\/\/www.africa-press.net\/djibouti\/politique\/le-ministre-radwan-abdillahi-bahdon-recoit-lambassadeur-du-royaume-uni-a-djibouti#primaryimage"},"thumbnailUrl":"https:\/\/static.africa-press.net\/djibouti\/sites\/52\/2023\/10\/sm_1697109969.406525.jpg","datePublished":"2023-10-12T14:42:18+00:00","dateModified":"2023-10-12T14:58:46+00:00","author":{"@id":"https:\/\/www.africa-press.net\/djibouti\/#\/schema\/person\/2b1cf3cd81a31e3cd26889ca66d677f1"},"description":"Le ministre de la Communication charge\u0301 des Postes et des Te\u0301le\u0301communications, M. Radwan Abdillahi Bahdon, a rec\u0327u ce m ...","breadcrumb":{"@id":"https:\/\/www.africa-press.net\/djibouti\/politique\/le-ministre-radwan-abdillahi-bahdon-recoit-lambassadeur-du-royaume-uni-a-djibouti#breadcrumb"},"inLanguage":"fr-FR","potentialAction":[{"@type":"ReadAction","target":["https:\/\/www.africa-press.net\/djibouti\/politique\/le-ministre-radwan-abdillahi-bahdon-recoit-lambassadeur-du-royaume-uni-a-djibouti"]}]},{"@type":"ImageObject","inLanguage":"fr-FR","@id":"https:\/\/www.africa-press.net\/djibouti\/politique\/le-ministre-radwan-abdillahi-bahdon-recoit-lambassadeur-du-royaume-uni-a-djibouti#primaryimage","url":"https:\/\/static.africa-press.net\/djibouti\/sites\/52\/2023\/10\/sm_1697109969.406525.jpg","contentUrl":"https:\/\/static.africa-press.net\/djibouti\/sites\/52\/2023\/10\/sm_1697109969.406525.jpg","width":900,"height":600,"caption":"Le ministre Radwan Abdillahi Bahdon re\u00e7oit l\u2019ambassadeur du Royaume -Uni \u00e0 Djibouti"},{"@type":"BreadcrumbList","@id":"https:\/\/www.africa-press.net\/djibouti\/politique\/le-ministre-radwan-abdillahi-bahdon-recoit-lambassadeur-du-royaume-uni-a-djibouti#breadcrumb","itemListElement":[{"@type":"ListItem","position":1,"name":"Accueil","item":"https:\/\/www.africa-press.net\/djibouti\/"},{"@type":"ListItem","position":2,"name":"Le ministre Radwan Abdillahi Bahdon re\u00e7oit l\u2019ambassadeur du Royaume -Uni \u00e0 Djibouti"}]},{"@type":"WebSite","@id":"https:\/\/www.africa-press.net\/djibouti\/#website","url":"https:\/\/www.africa-press.net\/djibouti\/","name":"Djibouti","description":"Just another Africa News Agency Sites site","potentialAction":[{"@type":"SearchAction","target":{"@type":"EntryPoint","urlTemplate":"https:\/\/www.africa-press.net\/djibouti\/?s={search_term_string}"},"query-input":{"@type":"PropertyValueSpecification","valueRequired":true,"valueName":"search_term_string"}}],"inLanguage":"fr-FR"},{"@type":"Person","@id":"https:\/\/www.africa-press.net\/djibouti\/#\/schema\/person\/2b1cf3cd81a31e3cd26889ca66d677f1","name":"cfeditorfr"}]}},"_links":{"self":[{"href":"https:\/\/www.africa-press.net\/djibouti\/wp-json\/wp\/v2\/posts\/19009","targetHints":{"allow":["GET"]}}],"collection":[{"href":"https:\/\/www.africa-press.net\/djibouti\/wp-json\/wp\/v2\/posts"}],"about":[{"href":"https:\/\/www.africa-press.net\/djibouti\/wp-json\/wp\/v2\/types\/post"}],"author":[{"embeddable":true,"href":"https:\/\/www.africa-press.net\/djibouti\/wp-json\/wp\/v2\/users\/82"}],"replies":[{"embeddable":true,"href":"https:\/\/www.africa-press.net\/djibouti\/wp-json\/wp\/v2\/comments?post=19009"}],"version-history":[{"count":0,"href":"https:\/\/www.africa-press.net\/djibouti\/wp-json\/wp\/v2\/posts\/19009\/revisions"}],"wp:featuredmedia":[{"embeddable":true,"href":"https:\/\/www.africa-press.net\/djibouti\/wp-json\/wp\/v2\/media\/19008"}],"wp:attachment":[{"href":"https:\/\/www.africa-press.net\/djibouti\/wp-json\/wp\/v2\/media?parent=19009"}],"wp:term":[{"taxonomy":"category","embeddable":true,"href":"https:\/\/www.africa-press.net\/djibouti\/wp-json\/wp\/v2\/categories?post=19009"},{"taxonomy":"post_tag","embeddable":true,"href":"https:\/\/www.africa-press.net\/djibouti\/wp-json\/wp\/v2\/tags?post=19009"}],"curies":[{"name":"wp","href":"https:\/\/api.w.org\/{rel}","templated":true}]}}