{"id":19027,"date":"2023-10-12T15:29:08","date_gmt":"2023-10-12T15:29:08","guid":{"rendered":"https:\/\/www.africa-press.net\/djibouti\/politique\/association-de-la-sauvegarde-des-patrimoines-mise-en-place-dun-systeme-de-gestion-durable-des-dechets-solides-au-q7"},"modified":"2023-10-12T16:25:31","modified_gmt":"2023-10-12T16:25:31","slug":"association-de-la-sauvegarde-des-patrimoines-mise-en-place-dun-systeme-de-gestion-durable-des-dechets-solides-au-q7","status":"publish","type":"post","link":"https:\/\/www.africa-press.net\/djibouti\/photo\/association-de-la-sauvegarde-des-patrimoines-mise-en-place-dun-systeme-de-gestion-durable-des-dechets-solides-au-q7","title":{"rendered":"Association de la Sauvegarde des Patrimoines : Mise en place d\u2019un syst\u00e8me de gestion durable des d\u00e9chets solides au Q7"},"content":{"rendered":"<p><span style=\"color: #ff6600\"><strong>Africa-Press &#8211; Djibouti. <\/strong><\/span><b>En vue d\u2019ame\u0301liorer le cadre de vie des habitants du Quartier 7, l\u2019Association de la Sauvegarde des Patrimoines (ASP), a organise\u0301 le samedi 7 octobre passe\u0301, dans le centre de de\u0301veloppement communautaire de ce quartier de la commune de Boulaos, un atelier visant a\u0300 mettre en place un syste\u0300me de gestion durable des de\u0301chets solides. <\/b><\/p>\n<p>Des repre\u0301sentants de plusieurs associations de jeunes du Quartier 7, dans la commune de Boulaos ont pris part le samedi 7 octobre dernier a\u0300 la premie\u0300re activite\u0301 du projet intitule\u0301 \u00abAme\u0301lioration du cadre de vie de la population du quartier 7 \u00bb, qui s\u2019est tenue dans la grande salle de\u0301die\u0301e aux re\u0301unions du centre de de\u0301veloppement communautaire du Quartier 7.<\/p>\n<p>Ledit programme qui s\u2019articule autour de deux grandes composantes a\u0300 savoir : la mise en place d\u2019un syste\u0300me de gestion durable des de\u0301chets solides au quartier 7 et l\u2019embellissement de l\u2019Avenue Nasser, s\u2019inscrit dans le cadre du projet \u00abParticipation de la socie\u0301te\u0301 civile a\u0300 la gouvernance et au de\u0301veloppement local a\u0300 Djibouti \u00bb finance\u0301 par l\u2019Union Europe\u0301enne et mise en \u0153uvre par l\u2019Association Internationale des Maires Francophones (AIMF). Il s\u2019agit la\u0300 pour l\u2019Association de la Sauvegarde des Patrimoines (ASP) re\u0301alisatrice de ce programme de former d\u2019une part les membres des diffe\u0301rentes associations du quartier 7 et de certains e\u0301lus sur le<\/p>\n<p>civisme, la gestion de de\u0301chets solides et le montage de projet et de l\u2019autre part, de les sensibiliser sur l\u2019importance de leur implication dans la re\u0301alisation et la re\u0301ussite de ce projet.<\/p>\n<p>Au cours de la ce\u0301re\u0301monie inaugurale de cet atelier, les inge\u0301nieurs de l\u2019ASP ont tour a\u0300 tour mis l\u2019accent sur la ne\u0301cessite\u0301 de mettre en place un environnement propre et sain propice a\u0300 l\u2019e\u0301panouissement de ses habitants.<\/p>\n<p>Dans son allocution prononce\u0301e a\u0300 cette occasion, Mme Nouria Mohamed Salah, alors experte dans ce domaine, a souligne\u0301 l\u2019importance du civisme. \u00ab Faire preuve de civisme c\u2019est e\u0302tre dans un e\u0301tat d\u2019esprit qui vous pousse a\u0300 ne pas ge\u0302ner les autres, a\u0300 ne pas perturber le bon fonctionnement de la socie\u0301te\u0301, a\u0300 obe\u0301ir aux lois et re\u0300gles de vie communes a\u0300 tous, a\u0300 respecter le bien commun et le cas e\u0301che\u0301ant a\u0300 accepter des responsabilite\u0301s dans la socie\u0301te\u0301 \u00bb a-t-elle insiste\u0301 avant d\u2019exhorter les participants a\u0300 adopter un comportement d\u2019e\u0301co-citoyen qui fait re\u0301fe\u0301rence a\u0300 l\u2019e\u0301cologie.<\/p>\n<p>\u00ab Le citoyen a des devoirs envers la plane\u0300te sur laquelle il vit, et l\u2019environnement dans lequel il e\u0301volue \u00bb a-t-elle ajoute\u0301. Des devoirs qui selon elle, sont indispensables,<\/p>\n<p>\u00ab car ils sont le garant du maintien des ressources vitales de la terre \u00bb a-t-elle pre\u0301cise\u0301. \u00ab Il s\u2019agit donc pour chaque citoyen de se comporter quotidiennement en acteur de la pre\u0301servation de l\u2019environnement, en accomplissant des e\u0301cogestes dans sa vie de tous les jours\u00bb a-t-elle martele\u0301 avec insistance. \u00ab Avoir un comportement e\u0301co-citoyen a\u0300 l\u2019e\u0301cole, a\u0300 la maison, au marche\u0301 et dans la rue, est chose facile ! Il s\u2019agit de prendre conscience des gestes et des attitudes que l\u2019on peut ame\u0301liorer, et qui vont dans le sens du de\u0301veloppement durable \u00bb a indique\u0301 Mme Nouria Mohamed, avant de passer le micro a\u0300 son colle\u0300gue, l\u2019inge\u0301nieur Ali Barreh, lequel a proce\u0301de\u0301, a\u0300 donner aux participants, des de\u0301tails sur le syste\u0300me de gestion durable des de\u0301chets solides.<\/p>\n<p><b>Rachid Bayleh<\/b><\/p>\n\r\n                <style type=\"text\/css\">\r\n                    \r\n                    #td_uid_1_69f3b4c54512a  .td-doubleSlider-2 .td-item1 {\r\n                        background: url(https:\/\/static.africa-press.net\/djibouti\/sites\/52\/2023\/10\/sm_1697115253.325-80x60.jpg) 0 0 no-repeat;\r\n                    }\r\n                    #td_uid_1_69f3b4c54512a  .td-doubleSlider-2 .td-item2 {\r\n                        background: url(https:\/\/static.africa-press.net\/djibouti\/sites\/52\/2023\/10\/sm_1697115270.208009-80x60.jpg) 0 0 no-repeat;\r\n                    }\r\n                <\/style>\r\n\r\n                <div id=\"td_uid_1_69f3b4c54512a\" class=\"td-gallery td-slide-on-2-columns\">\r\n                    <div class=\"post_td_gallery\">\r\n                        <div class=\"td-gallery-slide-top\">\r\n                           <div class=\"td-gallery-title\"><\/div>\r\n\r\n                            <div class=\"td-gallery-controls-wrapper\">\r\n                                <div class=\"td-gallery-slide-count\"><span class=\"td-gallery-slide-item-focus\">1<\/span> de 2<\/div>\r\n                                <div class=\"td-gallery-slide-prev-next-but\">\r\n                                    <i class = \"td-icon-left doubleSliderPrevButton\"><\/i>\r\n                                    <i class = \"td-icon-right doubleSliderNextButton\"><\/i>\r\n                                <\/div>\r\n                            <\/div>\r\n                        <\/div>\r\n\r\n                        <div class = \"td-doubleSlider-1 \">\r\n                            <div class = \"td-slider\">\r\n                                \r\n                    <div class = \"td-slide-item td-item1\">\r\n                        <figure class=\"td-slide-galery-figure td-slide-popup-gallery\">\r\n                            <a class=\"slide-gallery-image-link\" href=\"https:\/\/static.africa-press.net\/djibouti\/sites\/52\/2023\/10\/sm_1697115253.325.jpg\" title=\"sm_1697115253.325\"  data-caption=\"\"  data-description=\"\">\r\n                                <img decoding=\"async\" src=\"https:\/\/static.africa-press.net\/djibouti\/sites\/52\/2023\/10\/sm_1697115253.325.jpg\" srcset=\"https:\/\/static.africa-press.net\/djibouti\/sites\/52\/2023\/10\/sm_1697115253.325.jpg 1024w, https:\/\/static.africa-press.net\/djibouti\/sites\/52\/2023\/10\/sm_1697115253.325-300x225.jpg 300w, https:\/\/static.africa-press.net\/djibouti\/sites\/52\/2023\/10\/sm_1697115253.325-768x576.jpg 768w, https:\/\/static.africa-press.net\/djibouti\/sites\/52\/2023\/10\/sm_1697115253.325-80x60.jpg 80w\" sizes=\"(max-width: 1024px) 100vw, 1024px\" alt=\"\">\r\n                            <\/a>\r\n                            \r\n                        <\/figure>\r\n                    <\/div>\r\n                    <div class = \"td-slide-item td-item2\">\r\n                        <figure class=\"td-slide-galery-figure td-slide-popup-gallery\">\r\n                            <a class=\"slide-gallery-image-link\" href=\"https:\/\/static.africa-press.net\/djibouti\/sites\/52\/2023\/10\/sm_1697115270.208009.jpg\" title=\"sm_1697115270.208009\"  data-caption=\"\"  data-description=\"\">\r\n                                <img decoding=\"async\" src=\"https:\/\/static.africa-press.net\/djibouti\/sites\/52\/2023\/10\/sm_1697115270.208009.jpg\" srcset=\"https:\/\/static.africa-press.net\/djibouti\/sites\/52\/2023\/10\/sm_1697115270.208009.jpg 1024w, https:\/\/static.africa-press.net\/djibouti\/sites\/52\/2023\/10\/sm_1697115270.208009-300x225.jpg 300w, https:\/\/static.africa-press.net\/djibouti\/sites\/52\/2023\/10\/sm_1697115270.208009-768x576.jpg 768w, https:\/\/static.africa-press.net\/djibouti\/sites\/52\/2023\/10\/sm_1697115270.208009-80x60.jpg 80w\" sizes=\"(max-width: 1024px) 100vw, 1024px\" alt=\"\">\r\n                            <\/a>\r\n                            \r\n                        <\/figure>\r\n                    <\/div>\r\n                            <\/div>\r\n                        <\/div>\r\n\r\n                        <div class = \"td-doubleSlider-2\">\r\n                            <div class = \"td-slider\">\r\n                                \r\n                    <div class = \"td-button td-item1\">\r\n                        <div class = \"td-border\"><\/div>\r\n                    <\/div>\r\n                    <div class = \"td-button td-item2\">\r\n                        <div class = \"td-border\"><\/div>\r\n                    <\/div>\r\n                            <\/div>\r\n                        <\/div>\r\n\r\n                    <\/div>\r\n\r\n                <\/div>\r\n                \n<p><strong>Pour plus d&rsquo;informations et d&rsquo;analyses sur la <a href=\"https:\/\/www.africa-press.net\/djibouti\">Djibouti<\/a>, suivez <a href=\"https:\/\/www.africa-press.net\/\">Africa-Press<\/a><\/strong><\/p>\n","protected":false},"excerpt":{"rendered":"<p>Africa-Press &#8211; Djibouti. En vue d\u2019ame\u0301liorer le cadre de vie des habitants du Quartier 7, l\u2019Association de la Sauvegarde des Patrimoines (ASP), a organise\u0301 le samedi 7 octobre passe\u0301, dans le centre de de\u0301veloppement communautaire de ce quartier de la commune de Boulaos, un atelier visant a\u0300 mettre en place un syste\u0300me de gestion durable [&hellip;]<\/p>\n","protected":false},"author":82,"featured_media":19026,"comment_status":"open","ping_status":"closed","sticky":false,"template":"","format":"standard","meta":{"footnotes":""},"categories":[21,8,10],"tags":[36,49,50],"class_list":["post-19027","post","type-post","status-publish","format-standard","has-post-thumbnail","hentry","category-communaute","category-photo","category-toutes-les-actualites","tag-africa-press","tag-africa-press-djibouti","tag-djibouti"],"yoast_head":"<!-- This site is optimized with the Yoast SEO Premium plugin v26.1 (Yoast SEO v27.0) - https:\/\/yoast.com\/product\/yoast-seo-premium-wordpress\/ -->\n<title>Association de la Sauvegarde des Patrimoines : Mise en place d\u2019un syst\u00e8me de gestion durable des d\u00e9chets solides au Q7 - Djibouti<\/title>\n<meta name=\"description\" content=\"En vue d\u2019ame\u0301liorer le cadre de vie des habitants du Quartier 7, l\u2019Association de la Sauvegarde des Patrimoines (ASP) ...\" \/>\n<meta name=\"robots\" content=\"index, follow, max-snippet:-1, max-image-preview:large, max-video-preview:-1\" \/>\n<link rel=\"canonical\" href=\"https:\/\/www.africa-press.net\/djibouti\/photo\/association-de-la-sauvegarde-des-patrimoines-mise-en-place-dun-systeme-de-gestion-durable-des-dechets-solides-au-q7\" \/>\n<meta property=\"og:locale\" content=\"fr_FR\" \/>\n<meta property=\"og:type\" content=\"article\" \/>\n<meta property=\"og:title\" content=\"Association de la Sauvegarde des Patrimoines : Mise en place d\u2019un syst\u00e8me de gestion durable des d\u00e9chets solides au Q7\" \/>\n<meta property=\"og:description\" content=\"En vue d\u2019ame\u0301liorer le cadre de vie des habitants du Quartier 7, l\u2019Association de la Sauvegarde des Patrimoines (ASP) ...\" \/>\n<meta property=\"og:url\" content=\"https:\/\/www.africa-press.net\/djibouti\/photo\/association-de-la-sauvegarde-des-patrimoines-mise-en-place-dun-systeme-de-gestion-durable-des-dechets-solides-au-q7\" \/>\n<meta property=\"og:site_name\" content=\"Djibouti\" \/>\n<meta property=\"article:published_time\" content=\"2023-10-12T15:29:08+00:00\" \/>\n<meta property=\"article:modified_time\" content=\"2023-10-12T16:25:31+00:00\" \/>\n<meta property=\"og:image\" content=\"https:\/\/static.africa-press.net\/djibouti\/sites\/52\/2023\/10\/sm_1697115286.490988.jpg\" \/>\n\t<meta property=\"og:image:width\" content=\"720\" \/>\n\t<meta property=\"og:image:height\" content=\"540\" \/>\n\t<meta property=\"og:image:type\" content=\"image\/jpeg\" \/>\n<meta name=\"author\" content=\"cfeditorfr\" \/>\n<meta name=\"twitter:card\" content=\"summary_large_image\" \/>\n<meta name=\"twitter:label1\" content=\"\u00c9crit par\" \/>\n\t<meta name=\"twitter:data1\" content=\"cfeditorfr\" \/>\n\t<meta name=\"twitter:label2\" content=\"Dur\u00e9e de lecture estim\u00e9e\" \/>\n\t<meta name=\"twitter:data2\" content=\"3 minutes\" \/>\n<script type=\"application\/ld+json\" class=\"yoast-schema-graph\">{\"@context\":\"https:\/\/schema.org\",\"@graph\":[{\"@type\":\"Article\",\"@id\":\"https:\/\/www.africa-press.net\/djibouti\/photo\/association-de-la-sauvegarde-des-patrimoines-mise-en-place-dun-systeme-de-gestion-durable-des-dechets-solides-au-q7#article\",\"isPartOf\":{\"@id\":\"https:\/\/www.africa-press.net\/djibouti\/photo\/association-de-la-sauvegarde-des-patrimoines-mise-en-place-dun-systeme-de-gestion-durable-des-dechets-solides-au-q7\"},\"author\":{\"name\":\"cfeditorfr\",\"@id\":\"https:\/\/www.africa-press.net\/djibouti\/#\/schema\/person\/2b1cf3cd81a31e3cd26889ca66d677f1\"},\"headline\":\"Association de la Sauvegarde des Patrimoines : Mise en place d\u2019un syst\u00e8me de gestion durable des d\u00e9chets solides au Q7\",\"datePublished\":\"2023-10-12T15:29:08+00:00\",\"dateModified\":\"2023-10-12T16:25:31+00:00\",\"mainEntityOfPage\":{\"@id\":\"https:\/\/www.africa-press.net\/djibouti\/photo\/association-de-la-sauvegarde-des-patrimoines-mise-en-place-dun-systeme-de-gestion-durable-des-dechets-solides-au-q7\"},\"wordCount\":653,\"commentCount\":0,\"image\":{\"@id\":\"https:\/\/www.africa-press.net\/djibouti\/photo\/association-de-la-sauvegarde-des-patrimoines-mise-en-place-dun-systeme-de-gestion-durable-des-dechets-solides-au-q7#primaryimage\"},\"thumbnailUrl\":\"https:\/\/static.africa-press.net\/djibouti\/sites\/52\/2023\/10\/sm_1697115286.490988.jpg\",\"keywords\":[\"Africa Press\",\"Africa Press-Djibouti\",\"Djibouti\"],\"articleSection\":[\"Communaut\u00e9\",\"Photo\",\"Toutes les actualit\u00e9s\"],\"inLanguage\":\"fr-FR\",\"potentialAction\":[{\"@type\":\"CommentAction\",\"name\":\"Comment\",\"target\":[\"https:\/\/www.africa-press.net\/djibouti\/photo\/association-de-la-sauvegarde-des-patrimoines-mise-en-place-dun-systeme-de-gestion-durable-des-dechets-solides-au-q7#respond\"]}]},{\"@type\":\"WebPage\",\"@id\":\"https:\/\/www.africa-press.net\/djibouti\/photo\/association-de-la-sauvegarde-des-patrimoines-mise-en-place-dun-systeme-de-gestion-durable-des-dechets-solides-au-q7\",\"url\":\"https:\/\/www.africa-press.net\/djibouti\/photo\/association-de-la-sauvegarde-des-patrimoines-mise-en-place-dun-systeme-de-gestion-durable-des-dechets-solides-au-q7\",\"name\":\"Association de la Sauvegarde des Patrimoines : Mise en place d\u2019un syst\u00e8me de gestion durable des d\u00e9chets solides au Q7 - Djibouti\",\"isPartOf\":{\"@id\":\"https:\/\/www.africa-press.net\/djibouti\/#website\"},\"primaryImageOfPage\":{\"@id\":\"https:\/\/www.africa-press.net\/djibouti\/photo\/association-de-la-sauvegarde-des-patrimoines-mise-en-place-dun-systeme-de-gestion-durable-des-dechets-solides-au-q7#primaryimage\"},\"image\":{\"@id\":\"https:\/\/www.africa-press.net\/djibouti\/photo\/association-de-la-sauvegarde-des-patrimoines-mise-en-place-dun-systeme-de-gestion-durable-des-dechets-solides-au-q7#primaryimage\"},\"thumbnailUrl\":\"https:\/\/static.africa-press.net\/djibouti\/sites\/52\/2023\/10\/sm_1697115286.490988.jpg\",\"datePublished\":\"2023-10-12T15:29:08+00:00\",\"dateModified\":\"2023-10-12T16:25:31+00:00\",\"author\":{\"@id\":\"https:\/\/www.africa-press.net\/djibouti\/#\/schema\/person\/2b1cf3cd81a31e3cd26889ca66d677f1\"},\"description\":\"En vue d\u2019ame\u0301liorer le cadre de vie des habitants du Quartier 7, l\u2019Association de la Sauvegarde des Patrimoines (ASP) ...\",\"breadcrumb\":{\"@id\":\"https:\/\/www.africa-press.net\/djibouti\/photo\/association-de-la-sauvegarde-des-patrimoines-mise-en-place-dun-systeme-de-gestion-durable-des-dechets-solides-au-q7#breadcrumb\"},\"inLanguage\":\"fr-FR\",\"potentialAction\":[{\"@type\":\"ReadAction\",\"target\":[\"https:\/\/www.africa-press.net\/djibouti\/photo\/association-de-la-sauvegarde-des-patrimoines-mise-en-place-dun-systeme-de-gestion-durable-des-dechets-solides-au-q7\"]}]},{\"@type\":\"ImageObject\",\"inLanguage\":\"fr-FR\",\"@id\":\"https:\/\/www.africa-press.net\/djibouti\/photo\/association-de-la-sauvegarde-des-patrimoines-mise-en-place-dun-systeme-de-gestion-durable-des-dechets-solides-au-q7#primaryimage\",\"url\":\"https:\/\/static.africa-press.net\/djibouti\/sites\/52\/2023\/10\/sm_1697115286.490988.jpg\",\"contentUrl\":\"https:\/\/static.africa-press.net\/djibouti\/sites\/52\/2023\/10\/sm_1697115286.490988.jpg\",\"width\":720,\"height\":540,\"caption\":\"Association de la Sauvegarde des Patrimoines : Mise en place d\u2019un syst\u00e8me de gestion durable des d\u00e9chets solides au Q7\"},{\"@type\":\"BreadcrumbList\",\"@id\":\"https:\/\/www.africa-press.net\/djibouti\/photo\/association-de-la-sauvegarde-des-patrimoines-mise-en-place-dun-systeme-de-gestion-durable-des-dechets-solides-au-q7#breadcrumb\",\"itemListElement\":[{\"@type\":\"ListItem\",\"position\":1,\"name\":\"Accueil\",\"item\":\"https:\/\/www.africa-press.net\/djibouti\/\"},{\"@type\":\"ListItem\",\"position\":2,\"name\":\"Association de la Sauvegarde des Patrimoines : Mise en place d\u2019un syst\u00e8me de gestion durable des d\u00e9chets solides au Q7\"}]},{\"@type\":\"WebSite\",\"@id\":\"https:\/\/www.africa-press.net\/djibouti\/#website\",\"url\":\"https:\/\/www.africa-press.net\/djibouti\/\",\"name\":\"Djibouti\",\"description\":\"Just another Africa News Agency Sites site\",\"potentialAction\":[{\"@type\":\"SearchAction\",\"target\":{\"@type\":\"EntryPoint\",\"urlTemplate\":\"https:\/\/www.africa-press.net\/djibouti\/?s={search_term_string}\"},\"query-input\":{\"@type\":\"PropertyValueSpecification\",\"valueRequired\":true,\"valueName\":\"search_term_string\"}}],\"inLanguage\":\"fr-FR\"},{\"@type\":\"Person\",\"@id\":\"https:\/\/www.africa-press.net\/djibouti\/#\/schema\/person\/2b1cf3cd81a31e3cd26889ca66d677f1\",\"name\":\"cfeditorfr\"}]}<\/script>\n<!-- \/ Yoast SEO Premium plugin. -->","yoast_head_json":{"title":"Association de la Sauvegarde des Patrimoines : Mise en place d\u2019un syst\u00e8me de gestion durable des d\u00e9chets solides au Q7 - Djibouti","description":"En vue d\u2019ame\u0301liorer le cadre de vie des habitants du Quartier 7, l\u2019Association de la Sauvegarde des Patrimoines (ASP) ...","robots":{"index":"index","follow":"follow","max-snippet":"max-snippet:-1","max-image-preview":"max-image-preview:large","max-video-preview":"max-video-preview:-1"},"canonical":"https:\/\/www.africa-press.net\/djibouti\/photo\/association-de-la-sauvegarde-des-patrimoines-mise-en-place-dun-systeme-de-gestion-durable-des-dechets-solides-au-q7","og_locale":"fr_FR","og_type":"article","og_title":"Association de la Sauvegarde des Patrimoines : Mise en place d\u2019un syst\u00e8me de gestion durable des d\u00e9chets solides au Q7","og_description":"En vue d\u2019ame\u0301liorer le cadre de vie des habitants du Quartier 7, l\u2019Association de la Sauvegarde des Patrimoines (ASP) ...","og_url":"https:\/\/www.africa-press.net\/djibouti\/photo\/association-de-la-sauvegarde-des-patrimoines-mise-en-place-dun-systeme-de-gestion-durable-des-dechets-solides-au-q7","og_site_name":"Djibouti","article_published_time":"2023-10-12T15:29:08+00:00","article_modified_time":"2023-10-12T16:25:31+00:00","og_image":[{"width":720,"height":540,"url":"https:\/\/static.africa-press.net\/djibouti\/sites\/52\/2023\/10\/sm_1697115286.490988.jpg","type":"image\/jpeg"}],"author":"cfeditorfr","twitter_card":"summary_large_image","twitter_misc":{"\u00c9crit par":"cfeditorfr","Dur\u00e9e de lecture estim\u00e9e":"3 minutes"},"schema":{"@context":"https:\/\/schema.org","@graph":[{"@type":"Article","@id":"https:\/\/www.africa-press.net\/djibouti\/photo\/association-de-la-sauvegarde-des-patrimoines-mise-en-place-dun-systeme-de-gestion-durable-des-dechets-solides-au-q7#article","isPartOf":{"@id":"https:\/\/www.africa-press.net\/djibouti\/photo\/association-de-la-sauvegarde-des-patrimoines-mise-en-place-dun-systeme-de-gestion-durable-des-dechets-solides-au-q7"},"author":{"name":"cfeditorfr","@id":"https:\/\/www.africa-press.net\/djibouti\/#\/schema\/person\/2b1cf3cd81a31e3cd26889ca66d677f1"},"headline":"Association de la Sauvegarde des Patrimoines : Mise en place d\u2019un syst\u00e8me de gestion durable des d\u00e9chets solides au Q7","datePublished":"2023-10-12T15:29:08+00:00","dateModified":"2023-10-12T16:25:31+00:00","mainEntityOfPage":{"@id":"https:\/\/www.africa-press.net\/djibouti\/photo\/association-de-la-sauvegarde-des-patrimoines-mise-en-place-dun-systeme-de-gestion-durable-des-dechets-solides-au-q7"},"wordCount":653,"commentCount":0,"image":{"@id":"https:\/\/www.africa-press.net\/djibouti\/photo\/association-de-la-sauvegarde-des-patrimoines-mise-en-place-dun-systeme-de-gestion-durable-des-dechets-solides-au-q7#primaryimage"},"thumbnailUrl":"https:\/\/static.africa-press.net\/djibouti\/sites\/52\/2023\/10\/sm_1697115286.490988.jpg","keywords":["Africa Press","Africa Press-Djibouti","Djibouti"],"articleSection":["Communaut\u00e9","Photo","Toutes les actualit\u00e9s"],"inLanguage":"fr-FR","potentialAction":[{"@type":"CommentAction","name":"Comment","target":["https:\/\/www.africa-press.net\/djibouti\/photo\/association-de-la-sauvegarde-des-patrimoines-mise-en-place-dun-systeme-de-gestion-durable-des-dechets-solides-au-q7#respond"]}]},{"@type":"WebPage","@id":"https:\/\/www.africa-press.net\/djibouti\/photo\/association-de-la-sauvegarde-des-patrimoines-mise-en-place-dun-systeme-de-gestion-durable-des-dechets-solides-au-q7","url":"https:\/\/www.africa-press.net\/djibouti\/photo\/association-de-la-sauvegarde-des-patrimoines-mise-en-place-dun-systeme-de-gestion-durable-des-dechets-solides-au-q7","name":"Association de la Sauvegarde des Patrimoines : Mise en place d\u2019un syst\u00e8me de gestion durable des d\u00e9chets solides au Q7 - Djibouti","isPartOf":{"@id":"https:\/\/www.africa-press.net\/djibouti\/#website"},"primaryImageOfPage":{"@id":"https:\/\/www.africa-press.net\/djibouti\/photo\/association-de-la-sauvegarde-des-patrimoines-mise-en-place-dun-systeme-de-gestion-durable-des-dechets-solides-au-q7#primaryimage"},"image":{"@id":"https:\/\/www.africa-press.net\/djibouti\/photo\/association-de-la-sauvegarde-des-patrimoines-mise-en-place-dun-systeme-de-gestion-durable-des-dechets-solides-au-q7#primaryimage"},"thumbnailUrl":"https:\/\/static.africa-press.net\/djibouti\/sites\/52\/2023\/10\/sm_1697115286.490988.jpg","datePublished":"2023-10-12T15:29:08+00:00","dateModified":"2023-10-12T16:25:31+00:00","author":{"@id":"https:\/\/www.africa-press.net\/djibouti\/#\/schema\/person\/2b1cf3cd81a31e3cd26889ca66d677f1"},"description":"En vue d\u2019ame\u0301liorer le cadre de vie des habitants du Quartier 7, l\u2019Association de la Sauvegarde des Patrimoines (ASP) ...","breadcrumb":{"@id":"https:\/\/www.africa-press.net\/djibouti\/photo\/association-de-la-sauvegarde-des-patrimoines-mise-en-place-dun-systeme-de-gestion-durable-des-dechets-solides-au-q7#breadcrumb"},"inLanguage":"fr-FR","potentialAction":[{"@type":"ReadAction","target":["https:\/\/www.africa-press.net\/djibouti\/photo\/association-de-la-sauvegarde-des-patrimoines-mise-en-place-dun-systeme-de-gestion-durable-des-dechets-solides-au-q7"]}]},{"@type":"ImageObject","inLanguage":"fr-FR","@id":"https:\/\/www.africa-press.net\/djibouti\/photo\/association-de-la-sauvegarde-des-patrimoines-mise-en-place-dun-systeme-de-gestion-durable-des-dechets-solides-au-q7#primaryimage","url":"https:\/\/static.africa-press.net\/djibouti\/sites\/52\/2023\/10\/sm_1697115286.490988.jpg","contentUrl":"https:\/\/static.africa-press.net\/djibouti\/sites\/52\/2023\/10\/sm_1697115286.490988.jpg","width":720,"height":540,"caption":"Association de la Sauvegarde des Patrimoines : Mise en place d\u2019un syst\u00e8me de gestion durable des d\u00e9chets solides au Q7"},{"@type":"BreadcrumbList","@id":"https:\/\/www.africa-press.net\/djibouti\/photo\/association-de-la-sauvegarde-des-patrimoines-mise-en-place-dun-systeme-de-gestion-durable-des-dechets-solides-au-q7#breadcrumb","itemListElement":[{"@type":"ListItem","position":1,"name":"Accueil","item":"https:\/\/www.africa-press.net\/djibouti\/"},{"@type":"ListItem","position":2,"name":"Association de la Sauvegarde des Patrimoines : Mise en place d\u2019un syst\u00e8me de gestion durable des d\u00e9chets solides au Q7"}]},{"@type":"WebSite","@id":"https:\/\/www.africa-press.net\/djibouti\/#website","url":"https:\/\/www.africa-press.net\/djibouti\/","name":"Djibouti","description":"Just another Africa News Agency Sites site","potentialAction":[{"@type":"SearchAction","target":{"@type":"EntryPoint","urlTemplate":"https:\/\/www.africa-press.net\/djibouti\/?s={search_term_string}"},"query-input":{"@type":"PropertyValueSpecification","valueRequired":true,"valueName":"search_term_string"}}],"inLanguage":"fr-FR"},{"@type":"Person","@id":"https:\/\/www.africa-press.net\/djibouti\/#\/schema\/person\/2b1cf3cd81a31e3cd26889ca66d677f1","name":"cfeditorfr"}]}},"_links":{"self":[{"href":"https:\/\/www.africa-press.net\/djibouti\/wp-json\/wp\/v2\/posts\/19027","targetHints":{"allow":["GET"]}}],"collection":[{"href":"https:\/\/www.africa-press.net\/djibouti\/wp-json\/wp\/v2\/posts"}],"about":[{"href":"https:\/\/www.africa-press.net\/djibouti\/wp-json\/wp\/v2\/types\/post"}],"author":[{"embeddable":true,"href":"https:\/\/www.africa-press.net\/djibouti\/wp-json\/wp\/v2\/users\/82"}],"replies":[{"embeddable":true,"href":"https:\/\/www.africa-press.net\/djibouti\/wp-json\/wp\/v2\/comments?post=19027"}],"version-history":[{"count":0,"href":"https:\/\/www.africa-press.net\/djibouti\/wp-json\/wp\/v2\/posts\/19027\/revisions"}],"wp:featuredmedia":[{"embeddable":true,"href":"https:\/\/www.africa-press.net\/djibouti\/wp-json\/wp\/v2\/media\/19026"}],"wp:attachment":[{"href":"https:\/\/www.africa-press.net\/djibouti\/wp-json\/wp\/v2\/media?parent=19027"}],"wp:term":[{"taxonomy":"category","embeddable":true,"href":"https:\/\/www.africa-press.net\/djibouti\/wp-json\/wp\/v2\/categories?post=19027"},{"taxonomy":"post_tag","embeddable":true,"href":"https:\/\/www.africa-press.net\/djibouti\/wp-json\/wp\/v2\/tags?post=19027"}],"curies":[{"name":"wp","href":"https:\/\/api.w.org\/{rel}","templated":true}]}}