{"id":19030,"date":"2023-10-12T15:29:32","date_gmt":"2023-10-12T15:29:32","guid":{"rendered":"https:\/\/www.africa-press.net\/djibouti\/politique\/une-delegation-djiboutienne-participe-aux-assemblees-annuelles-conjointes-de-la-banque-mondiale-et-du-fmi-au-maroc"},"modified":"2023-10-12T16:26:15","modified_gmt":"2023-10-12T16:26:15","slug":"une-delegation-djiboutienne-participe-aux-assemblees-annuelles-conjointes-de-la-banque-mondiale-et-du-fmi-au-maroc","status":"publish","type":"post","link":"https:\/\/www.africa-press.net\/djibouti\/economie\/une-delegation-djiboutienne-participe-aux-assemblees-annuelles-conjointes-de-la-banque-mondiale-et-du-fmi-au-maroc","title":{"rendered":"Une d\u00e9l\u00e9gation djiboutienne participe aux assembl\u00e9es annuelles conjointes de la Banque mondiale et du FMI au Maroc"},"content":{"rendered":"<p><span style=\"color: #ff6600\"><strong>Africa-Press &#8211; Djibouti. <\/strong><\/span>Les Assemble\u0301es Annuelles conjointes de la Banque Mondiale et du Fonds Mone\u0301taire International (FMI) se poursuivent depuis lundi a\u0300 Marrakech, rassemblant des de\u0301le\u0301gations du monde entier pour discuter des de\u0301fis e\u0301conomiques mondiaux et des moyens d\u2019atte\u0301nuer leurs impacts. Parmi les participants, une de\u0301le\u0301gation djiboutienne de haut niveau, dirige\u0301e par le ministre de l\u2019E\u0301conomie et des Finances charge\u0301 de l\u2019industrie, Ilyas Moussa Dawaleh. La de\u0301le\u0301gation Djiboutienne est compose\u0301e de personnalite\u0301s influentes, illustrant l\u2019engagement du gouvernement djiboutien envers une gestion e\u0301conomique solide.<\/p>\n<p>Lors de cette re\u0301union bilate\u0301rale, le ministre de l\u2019e\u0301conomie et des finances, Ilyas Moussa Dawaleh, le ministre du budget, le gouverneur de la Banque Centrale de Djibouti et leurs proches collaborateurs ont pre\u0301sente\u0301 une analyse de\u0301taille\u0301e de la situation e\u0301conomique, financie\u0300re et sociale de Djibouti. Ils ont mis en avant les efforts entrepris pour relever les de\u0301fis e\u0301conomiques re\u0301sultant des crises re\u0301gionales et internationales exoge\u0300nes qui ont eu un impact sur l\u2019e\u0301conomie du pays.<\/p>\n<p>Le Directeur du FMI, dans son discours, a exprime\u0301 sa satisfaction a\u0300 l\u2019e\u0301gard des re\u0301formes entreprises par l\u2019E\u0301tat djiboutien. Il a particulie\u0300rement salue\u0301 les efforts louables visant a\u0300 assainir les finances publiques du pays, malgre\u0301 les turbulences e\u0301conomiques internationales et re\u0301gionales auxquelles Djibouti a e\u0301te\u0301 confronte\u0301. Les de\u0301clarations positives du Directeur du FMI soulignent la de\u0301termination du gouvernement djiboutien a\u0300 assurer la stabilite\u0301 financie\u0300re et a\u0300 stimuler la croissance e\u0301conomique, malgre\u0301 des circonstances e\u0301conomiques mondiales impre\u0301visibles.<\/p>\n<p>Parmi les re\u0301formes notables entreprises par Djibouti, on peut citer une meilleure gestion des ressources publiques, la diversification de l\u2019e\u0301conomie, et des investissements dans les infrastructures cle\u0301s, notamment le port de Doraleh, qui renforcent la position de Djibouti en tant que plaque tournante e\u0301conomique re\u0301gionale.<\/p>\n<p>Dans une pe\u0301riode ou\u0300 de nombreux pays sont aux prises avec des de\u0301fis e\u0301conomiques conside\u0301rables, Djibouti se de\u0301marque par son engagement envers des re\u0301formes audacieuses et sa vision d\u2019un avenir e\u0301conomique plus prometteur.<\/p>\n<p>La pre\u0301sence active de la de\u0301le\u0301gation Djiboutienne a\u0300 l\u2019Assemble\u0301e Annuelle du FMI et de la Banque Mondiale te\u0301moigne de la de\u0301termination du pays a\u0300 collaborer avec la communaute\u0301 internationale pour relever les de\u0301fis e\u0301conomiques mondiaux et a\u0300 re\u0301aliser sa vision de prospe\u0301rite\u0301 durable pour ses citoyens.<\/p>\n<p><strong>Pour plus d&rsquo;informations et d&rsquo;analyses sur la <a href=\"https:\/\/www.africa-press.net\/djibouti\">Djibouti<\/a>, suivez <a href=\"https:\/\/www.africa-press.net\/\">Africa-Press<\/a><\/strong><\/p>\n","protected":false},"excerpt":{"rendered":"<p>Africa-Press &#8211; Djibouti. Les Assemble\u0301es Annuelles conjointes de la Banque Mondiale et du Fonds Mone\u0301taire International (FMI) se poursuivent depuis lundi a\u0300 Marrakech, rassemblant des de\u0301le\u0301gations du monde entier pour discuter des de\u0301fis e\u0301conomiques mondiaux et des moyens d\u2019atte\u0301nuer leurs impacts. Parmi les participants, une de\u0301le\u0301gation djiboutienne de haut niveau, dirige\u0301e par le ministre de [&hellip;]<\/p>\n","protected":false},"author":82,"featured_media":19028,"comment_status":"open","ping_status":"closed","sticky":false,"template":"","format":"standard","meta":{"footnotes":""},"categories":[3,10],"tags":[36,49,50],"class_list":["post-19030","post","type-post","status-publish","format-standard","has-post-thumbnail","hentry","category-economie","category-toutes-les-actualites","tag-africa-press","tag-africa-press-djibouti","tag-djibouti"],"yoast_head":"<!-- This site is optimized with the Yoast SEO Premium plugin v26.1 (Yoast SEO v27.0) - https:\/\/yoast.com\/product\/yoast-seo-premium-wordpress\/ -->\n<title>Une d\u00e9l\u00e9gation djiboutienne participe aux assembl\u00e9es annuelles conjointes de la Banque mondiale et du FMI au Maroc - Djibouti<\/title>\n<meta name=\"description\" content=\"Les Assemble\u0301es Annuelles conjointes de la Banque Mondiale et du Fonds Mone\u0301taire International (FMI) se poursuivent dep ...\" \/>\n<meta name=\"robots\" content=\"index, follow, max-snippet:-1, max-image-preview:large, max-video-preview:-1\" \/>\n<link rel=\"canonical\" href=\"https:\/\/www.africa-press.net\/djibouti\/economie\/une-delegation-djiboutienne-participe-aux-assemblees-annuelles-conjointes-de-la-banque-mondiale-et-du-fmi-au-maroc\" \/>\n<meta property=\"og:locale\" content=\"fr_FR\" \/>\n<meta property=\"og:type\" content=\"article\" \/>\n<meta property=\"og:title\" content=\"Une d\u00e9l\u00e9gation djiboutienne participe aux assembl\u00e9es annuelles conjointes de la Banque mondiale et du FMI au Maroc\" \/>\n<meta property=\"og:description\" content=\"Les Assemble\u0301es Annuelles conjointes de la Banque Mondiale et du Fonds Mone\u0301taire International (FMI) se poursuivent dep ...\" \/>\n<meta property=\"og:url\" content=\"https:\/\/www.africa-press.net\/djibouti\/economie\/une-delegation-djiboutienne-participe-aux-assemblees-annuelles-conjointes-de-la-banque-mondiale-et-du-fmi-au-maroc\" \/>\n<meta property=\"og:site_name\" content=\"Djibouti\" \/>\n<meta property=\"article:published_time\" content=\"2023-10-12T15:29:32+00:00\" \/>\n<meta property=\"article:modified_time\" content=\"2023-10-12T16:26:15+00:00\" \/>\n<meta property=\"og:image\" content=\"https:\/\/static.africa-press.net\/djibouti\/sites\/52\/2023\/10\/sm_1697115310.890298.jpg\" \/>\n\t<meta property=\"og:image:width\" content=\"720\" \/>\n\t<meta property=\"og:image:height\" content=\"458\" \/>\n\t<meta property=\"og:image:type\" content=\"image\/jpeg\" \/>\n<meta name=\"author\" content=\"cfeditorfr\" \/>\n<meta name=\"twitter:card\" content=\"summary_large_image\" \/>\n<meta name=\"twitter:label1\" content=\"\u00c9crit par\" \/>\n\t<meta name=\"twitter:data1\" content=\"cfeditorfr\" \/>\n\t<meta name=\"twitter:label2\" content=\"Dur\u00e9e de lecture estim\u00e9e\" \/>\n\t<meta name=\"twitter:data2\" content=\"2 minutes\" \/>\n<script type=\"application\/ld+json\" class=\"yoast-schema-graph\">{\"@context\":\"https:\/\/schema.org\",\"@graph\":[{\"@type\":\"Article\",\"@id\":\"https:\/\/www.africa-press.net\/djibouti\/economie\/une-delegation-djiboutienne-participe-aux-assemblees-annuelles-conjointes-de-la-banque-mondiale-et-du-fmi-au-maroc#article\",\"isPartOf\":{\"@id\":\"https:\/\/www.africa-press.net\/djibouti\/economie\/une-delegation-djiboutienne-participe-aux-assemblees-annuelles-conjointes-de-la-banque-mondiale-et-du-fmi-au-maroc\"},\"author\":{\"name\":\"cfeditorfr\",\"@id\":\"https:\/\/www.africa-press.net\/djibouti\/#\/schema\/person\/2b1cf3cd81a31e3cd26889ca66d677f1\"},\"headline\":\"Une d\u00e9l\u00e9gation djiboutienne participe aux assembl\u00e9es annuelles conjointes de la Banque mondiale et du FMI au Maroc\",\"datePublished\":\"2023-10-12T15:29:32+00:00\",\"dateModified\":\"2023-10-12T16:26:15+00:00\",\"mainEntityOfPage\":{\"@id\":\"https:\/\/www.africa-press.net\/djibouti\/economie\/une-delegation-djiboutienne-participe-aux-assemblees-annuelles-conjointes-de-la-banque-mondiale-et-du-fmi-au-maroc\"},\"wordCount\":465,\"commentCount\":0,\"image\":{\"@id\":\"https:\/\/www.africa-press.net\/djibouti\/economie\/une-delegation-djiboutienne-participe-aux-assemblees-annuelles-conjointes-de-la-banque-mondiale-et-du-fmi-au-maroc#primaryimage\"},\"thumbnailUrl\":\"https:\/\/static.africa-press.net\/djibouti\/sites\/52\/2023\/10\/sm_1697115310.890298.jpg\",\"keywords\":[\"Africa Press\",\"Africa Press-Djibouti\",\"Djibouti\"],\"articleSection\":[\"\u00c9conomie\",\"Toutes les actualit\u00e9s\"],\"inLanguage\":\"fr-FR\",\"potentialAction\":[{\"@type\":\"CommentAction\",\"name\":\"Comment\",\"target\":[\"https:\/\/www.africa-press.net\/djibouti\/economie\/une-delegation-djiboutienne-participe-aux-assemblees-annuelles-conjointes-de-la-banque-mondiale-et-du-fmi-au-maroc#respond\"]}]},{\"@type\":\"WebPage\",\"@id\":\"https:\/\/www.africa-press.net\/djibouti\/economie\/une-delegation-djiboutienne-participe-aux-assemblees-annuelles-conjointes-de-la-banque-mondiale-et-du-fmi-au-maroc\",\"url\":\"https:\/\/www.africa-press.net\/djibouti\/economie\/une-delegation-djiboutienne-participe-aux-assemblees-annuelles-conjointes-de-la-banque-mondiale-et-du-fmi-au-maroc\",\"name\":\"Une d\u00e9l\u00e9gation djiboutienne participe aux assembl\u00e9es annuelles conjointes de la Banque mondiale et du FMI au Maroc - Djibouti\",\"isPartOf\":{\"@id\":\"https:\/\/www.africa-press.net\/djibouti\/#website\"},\"primaryImageOfPage\":{\"@id\":\"https:\/\/www.africa-press.net\/djibouti\/economie\/une-delegation-djiboutienne-participe-aux-assemblees-annuelles-conjointes-de-la-banque-mondiale-et-du-fmi-au-maroc#primaryimage\"},\"image\":{\"@id\":\"https:\/\/www.africa-press.net\/djibouti\/economie\/une-delegation-djiboutienne-participe-aux-assemblees-annuelles-conjointes-de-la-banque-mondiale-et-du-fmi-au-maroc#primaryimage\"},\"thumbnailUrl\":\"https:\/\/static.africa-press.net\/djibouti\/sites\/52\/2023\/10\/sm_1697115310.890298.jpg\",\"datePublished\":\"2023-10-12T15:29:32+00:00\",\"dateModified\":\"2023-10-12T16:26:15+00:00\",\"author\":{\"@id\":\"https:\/\/www.africa-press.net\/djibouti\/#\/schema\/person\/2b1cf3cd81a31e3cd26889ca66d677f1\"},\"description\":\"Les Assemble\u0301es Annuelles conjointes de la Banque Mondiale et du Fonds Mone\u0301taire International (FMI) se poursuivent dep ...\",\"breadcrumb\":{\"@id\":\"https:\/\/www.africa-press.net\/djibouti\/economie\/une-delegation-djiboutienne-participe-aux-assemblees-annuelles-conjointes-de-la-banque-mondiale-et-du-fmi-au-maroc#breadcrumb\"},\"inLanguage\":\"fr-FR\",\"potentialAction\":[{\"@type\":\"ReadAction\",\"target\":[\"https:\/\/www.africa-press.net\/djibouti\/economie\/une-delegation-djiboutienne-participe-aux-assemblees-annuelles-conjointes-de-la-banque-mondiale-et-du-fmi-au-maroc\"]}]},{\"@type\":\"ImageObject\",\"inLanguage\":\"fr-FR\",\"@id\":\"https:\/\/www.africa-press.net\/djibouti\/economie\/une-delegation-djiboutienne-participe-aux-assemblees-annuelles-conjointes-de-la-banque-mondiale-et-du-fmi-au-maroc#primaryimage\",\"url\":\"https:\/\/static.africa-press.net\/djibouti\/sites\/52\/2023\/10\/sm_1697115310.890298.jpg\",\"contentUrl\":\"https:\/\/static.africa-press.net\/djibouti\/sites\/52\/2023\/10\/sm_1697115310.890298.jpg\",\"width\":720,\"height\":458,\"caption\":\"Une d\u00e9l\u00e9gation djiboutienne participe aux assembl\u00e9es annuelles conjointes de la Banque mondiale et du FMI au Maroc\"},{\"@type\":\"BreadcrumbList\",\"@id\":\"https:\/\/www.africa-press.net\/djibouti\/economie\/une-delegation-djiboutienne-participe-aux-assemblees-annuelles-conjointes-de-la-banque-mondiale-et-du-fmi-au-maroc#breadcrumb\",\"itemListElement\":[{\"@type\":\"ListItem\",\"position\":1,\"name\":\"Accueil\",\"item\":\"https:\/\/www.africa-press.net\/djibouti\/\"},{\"@type\":\"ListItem\",\"position\":2,\"name\":\"Une d\u00e9l\u00e9gation djiboutienne participe aux assembl\u00e9es annuelles conjointes de la Banque mondiale et du FMI au Maroc\"}]},{\"@type\":\"WebSite\",\"@id\":\"https:\/\/www.africa-press.net\/djibouti\/#website\",\"url\":\"https:\/\/www.africa-press.net\/djibouti\/\",\"name\":\"Djibouti\",\"description\":\"Just another Africa News Agency Sites site\",\"potentialAction\":[{\"@type\":\"SearchAction\",\"target\":{\"@type\":\"EntryPoint\",\"urlTemplate\":\"https:\/\/www.africa-press.net\/djibouti\/?s={search_term_string}\"},\"query-input\":{\"@type\":\"PropertyValueSpecification\",\"valueRequired\":true,\"valueName\":\"search_term_string\"}}],\"inLanguage\":\"fr-FR\"},{\"@type\":\"Person\",\"@id\":\"https:\/\/www.africa-press.net\/djibouti\/#\/schema\/person\/2b1cf3cd81a31e3cd26889ca66d677f1\",\"name\":\"cfeditorfr\"}]}<\/script>\n<!-- \/ Yoast SEO Premium plugin. -->","yoast_head_json":{"title":"Une d\u00e9l\u00e9gation djiboutienne participe aux assembl\u00e9es annuelles conjointes de la Banque mondiale et du FMI au Maroc - Djibouti","description":"Les Assemble\u0301es Annuelles conjointes de la Banque Mondiale et du Fonds Mone\u0301taire International (FMI) se poursuivent dep ...","robots":{"index":"index","follow":"follow","max-snippet":"max-snippet:-1","max-image-preview":"max-image-preview:large","max-video-preview":"max-video-preview:-1"},"canonical":"https:\/\/www.africa-press.net\/djibouti\/economie\/une-delegation-djiboutienne-participe-aux-assemblees-annuelles-conjointes-de-la-banque-mondiale-et-du-fmi-au-maroc","og_locale":"fr_FR","og_type":"article","og_title":"Une d\u00e9l\u00e9gation djiboutienne participe aux assembl\u00e9es annuelles conjointes de la Banque mondiale et du FMI au Maroc","og_description":"Les Assemble\u0301es Annuelles conjointes de la Banque Mondiale et du Fonds Mone\u0301taire International (FMI) se poursuivent dep ...","og_url":"https:\/\/www.africa-press.net\/djibouti\/economie\/une-delegation-djiboutienne-participe-aux-assemblees-annuelles-conjointes-de-la-banque-mondiale-et-du-fmi-au-maroc","og_site_name":"Djibouti","article_published_time":"2023-10-12T15:29:32+00:00","article_modified_time":"2023-10-12T16:26:15+00:00","og_image":[{"width":720,"height":458,"url":"https:\/\/static.africa-press.net\/djibouti\/sites\/52\/2023\/10\/sm_1697115310.890298.jpg","type":"image\/jpeg"}],"author":"cfeditorfr","twitter_card":"summary_large_image","twitter_misc":{"\u00c9crit par":"cfeditorfr","Dur\u00e9e de lecture estim\u00e9e":"2 minutes"},"schema":{"@context":"https:\/\/schema.org","@graph":[{"@type":"Article","@id":"https:\/\/www.africa-press.net\/djibouti\/economie\/une-delegation-djiboutienne-participe-aux-assemblees-annuelles-conjointes-de-la-banque-mondiale-et-du-fmi-au-maroc#article","isPartOf":{"@id":"https:\/\/www.africa-press.net\/djibouti\/economie\/une-delegation-djiboutienne-participe-aux-assemblees-annuelles-conjointes-de-la-banque-mondiale-et-du-fmi-au-maroc"},"author":{"name":"cfeditorfr","@id":"https:\/\/www.africa-press.net\/djibouti\/#\/schema\/person\/2b1cf3cd81a31e3cd26889ca66d677f1"},"headline":"Une d\u00e9l\u00e9gation djiboutienne participe aux assembl\u00e9es annuelles conjointes de la Banque mondiale et du FMI au Maroc","datePublished":"2023-10-12T15:29:32+00:00","dateModified":"2023-10-12T16:26:15+00:00","mainEntityOfPage":{"@id":"https:\/\/www.africa-press.net\/djibouti\/economie\/une-delegation-djiboutienne-participe-aux-assemblees-annuelles-conjointes-de-la-banque-mondiale-et-du-fmi-au-maroc"},"wordCount":465,"commentCount":0,"image":{"@id":"https:\/\/www.africa-press.net\/djibouti\/economie\/une-delegation-djiboutienne-participe-aux-assemblees-annuelles-conjointes-de-la-banque-mondiale-et-du-fmi-au-maroc#primaryimage"},"thumbnailUrl":"https:\/\/static.africa-press.net\/djibouti\/sites\/52\/2023\/10\/sm_1697115310.890298.jpg","keywords":["Africa Press","Africa Press-Djibouti","Djibouti"],"articleSection":["\u00c9conomie","Toutes les actualit\u00e9s"],"inLanguage":"fr-FR","potentialAction":[{"@type":"CommentAction","name":"Comment","target":["https:\/\/www.africa-press.net\/djibouti\/economie\/une-delegation-djiboutienne-participe-aux-assemblees-annuelles-conjointes-de-la-banque-mondiale-et-du-fmi-au-maroc#respond"]}]},{"@type":"WebPage","@id":"https:\/\/www.africa-press.net\/djibouti\/economie\/une-delegation-djiboutienne-participe-aux-assemblees-annuelles-conjointes-de-la-banque-mondiale-et-du-fmi-au-maroc","url":"https:\/\/www.africa-press.net\/djibouti\/economie\/une-delegation-djiboutienne-participe-aux-assemblees-annuelles-conjointes-de-la-banque-mondiale-et-du-fmi-au-maroc","name":"Une d\u00e9l\u00e9gation djiboutienne participe aux assembl\u00e9es annuelles conjointes de la Banque mondiale et du FMI au Maroc - Djibouti","isPartOf":{"@id":"https:\/\/www.africa-press.net\/djibouti\/#website"},"primaryImageOfPage":{"@id":"https:\/\/www.africa-press.net\/djibouti\/economie\/une-delegation-djiboutienne-participe-aux-assemblees-annuelles-conjointes-de-la-banque-mondiale-et-du-fmi-au-maroc#primaryimage"},"image":{"@id":"https:\/\/www.africa-press.net\/djibouti\/economie\/une-delegation-djiboutienne-participe-aux-assemblees-annuelles-conjointes-de-la-banque-mondiale-et-du-fmi-au-maroc#primaryimage"},"thumbnailUrl":"https:\/\/static.africa-press.net\/djibouti\/sites\/52\/2023\/10\/sm_1697115310.890298.jpg","datePublished":"2023-10-12T15:29:32+00:00","dateModified":"2023-10-12T16:26:15+00:00","author":{"@id":"https:\/\/www.africa-press.net\/djibouti\/#\/schema\/person\/2b1cf3cd81a31e3cd26889ca66d677f1"},"description":"Les Assemble\u0301es Annuelles conjointes de la Banque Mondiale et du Fonds Mone\u0301taire International (FMI) se poursuivent dep ...","breadcrumb":{"@id":"https:\/\/www.africa-press.net\/djibouti\/economie\/une-delegation-djiboutienne-participe-aux-assemblees-annuelles-conjointes-de-la-banque-mondiale-et-du-fmi-au-maroc#breadcrumb"},"inLanguage":"fr-FR","potentialAction":[{"@type":"ReadAction","target":["https:\/\/www.africa-press.net\/djibouti\/economie\/une-delegation-djiboutienne-participe-aux-assemblees-annuelles-conjointes-de-la-banque-mondiale-et-du-fmi-au-maroc"]}]},{"@type":"ImageObject","inLanguage":"fr-FR","@id":"https:\/\/www.africa-press.net\/djibouti\/economie\/une-delegation-djiboutienne-participe-aux-assemblees-annuelles-conjointes-de-la-banque-mondiale-et-du-fmi-au-maroc#primaryimage","url":"https:\/\/static.africa-press.net\/djibouti\/sites\/52\/2023\/10\/sm_1697115310.890298.jpg","contentUrl":"https:\/\/static.africa-press.net\/djibouti\/sites\/52\/2023\/10\/sm_1697115310.890298.jpg","width":720,"height":458,"caption":"Une d\u00e9l\u00e9gation djiboutienne participe aux assembl\u00e9es annuelles conjointes de la Banque mondiale et du FMI au Maroc"},{"@type":"BreadcrumbList","@id":"https:\/\/www.africa-press.net\/djibouti\/economie\/une-delegation-djiboutienne-participe-aux-assemblees-annuelles-conjointes-de-la-banque-mondiale-et-du-fmi-au-maroc#breadcrumb","itemListElement":[{"@type":"ListItem","position":1,"name":"Accueil","item":"https:\/\/www.africa-press.net\/djibouti\/"},{"@type":"ListItem","position":2,"name":"Une d\u00e9l\u00e9gation djiboutienne participe aux assembl\u00e9es annuelles conjointes de la Banque mondiale et du FMI au Maroc"}]},{"@type":"WebSite","@id":"https:\/\/www.africa-press.net\/djibouti\/#website","url":"https:\/\/www.africa-press.net\/djibouti\/","name":"Djibouti","description":"Just another Africa News Agency Sites site","potentialAction":[{"@type":"SearchAction","target":{"@type":"EntryPoint","urlTemplate":"https:\/\/www.africa-press.net\/djibouti\/?s={search_term_string}"},"query-input":{"@type":"PropertyValueSpecification","valueRequired":true,"valueName":"search_term_string"}}],"inLanguage":"fr-FR"},{"@type":"Person","@id":"https:\/\/www.africa-press.net\/djibouti\/#\/schema\/person\/2b1cf3cd81a31e3cd26889ca66d677f1","name":"cfeditorfr"}]}},"_links":{"self":[{"href":"https:\/\/www.africa-press.net\/djibouti\/wp-json\/wp\/v2\/posts\/19030","targetHints":{"allow":["GET"]}}],"collection":[{"href":"https:\/\/www.africa-press.net\/djibouti\/wp-json\/wp\/v2\/posts"}],"about":[{"href":"https:\/\/www.africa-press.net\/djibouti\/wp-json\/wp\/v2\/types\/post"}],"author":[{"embeddable":true,"href":"https:\/\/www.africa-press.net\/djibouti\/wp-json\/wp\/v2\/users\/82"}],"replies":[{"embeddable":true,"href":"https:\/\/www.africa-press.net\/djibouti\/wp-json\/wp\/v2\/comments?post=19030"}],"version-history":[{"count":0,"href":"https:\/\/www.africa-press.net\/djibouti\/wp-json\/wp\/v2\/posts\/19030\/revisions"}],"wp:featuredmedia":[{"embeddable":true,"href":"https:\/\/www.africa-press.net\/djibouti\/wp-json\/wp\/v2\/media\/19028"}],"wp:attachment":[{"href":"https:\/\/www.africa-press.net\/djibouti\/wp-json\/wp\/v2\/media?parent=19030"}],"wp:term":[{"taxonomy":"category","embeddable":true,"href":"https:\/\/www.africa-press.net\/djibouti\/wp-json\/wp\/v2\/categories?post=19030"},{"taxonomy":"post_tag","embeddable":true,"href":"https:\/\/www.africa-press.net\/djibouti\/wp-json\/wp\/v2\/tags?post=19030"}],"curies":[{"name":"wp","href":"https:\/\/api.w.org\/{rel}","templated":true}]}}