{"id":19043,"date":"2023-10-12T14:31:17","date_gmt":"2023-10-12T14:31:17","guid":{"rendered":"https:\/\/www.africa-press.net\/djibouti\/politique\/mass-pour-la-validation-de-la-strategie-nationale-de-protection-sociale-non-contributive-et-le-renforcement-du-capital-humain"},"modified":"2023-10-12T16:27:27","modified_gmt":"2023-10-12T16:27:27","slug":"mass-pour-la-validation-de-la-strategie-nationale-de-protection-sociale-non-contributive-et-le-renforcement-du-capital-humain","status":"publish","type":"post","link":"https:\/\/www.africa-press.net\/djibouti\/politique\/mass-pour-la-validation-de-la-strategie-nationale-de-protection-sociale-non-contributive-et-le-renforcement-du-capital-humain","title":{"rendered":"MASS : Pour la validation de la Strat\u00e9gie Nationale de Protection sociale non contributive et le renforcement du capital humain"},"content":{"rendered":"<p><span style=\"color: #ff6600\"><strong>Africa-Press &#8211; Djibouti. <\/strong><\/span>Un atelier de validation de la Strate\u0301gie Nationale de Protection sociale non contributive pour le renforcement du capital humain de la pe\u0301riode 2023-2027 a eu lieu dimanche dernier sous l\u2019e\u0301gide du ministe\u0300re des affaires sociales et des solidarite\u0301s. Cet atelier a rassemble\u0301 des membres du gouvernement, dont la ministre des affaires sociales et des solidarite\u0301s, Ouloufa Ismail Abdo, la ministre de la femme et de la famille, Mouna Osman Aden, et le ministre de la sante\u0301, Ahmed Robleh Abdilleh, ainsi que les repre\u0301sentants du PNUD et PAM, le coordinateur du syste\u0300me des Nations Unies, et les repre\u0301sentants des partenaires au de\u0301veloppement et sectoriels. L\u2019objectif de cet atelier e\u0301tait de capitaliser sur les connaissances, l\u2019expertise et les recommandations pour l\u2019e\u0301laboration d\u2019une strate\u0301gie nationale qui soit re\u0301aliste, inclusive et en phase avec les de\u0301fis actuels et les besoins e\u0301volutifs de notre socie\u0301te\u0301.<\/p>\n<p>Depuis sa cre\u0301ation en 2008, le mandat du ministe\u0300re des Affaires Sociales et des Solidarite\u0301s n\u2019a cesse\u0301 de s\u2019e\u0301largir, proportionnellement a\u0300 son champ d\u2019action, afin de faire face a\u0300 des enjeux sociaux de plus en plus complexes. Dans un contexte de pauvrete\u0301 multidimensionnelle croissante, il devient impe\u0301ratif d\u2019instaurer une protection sociale non contributive qui de\u0301passe les limites des seuls programmes de filets sociaux de se\u0301curite\u0301.<\/p>\n<p>Cette nouvelle strate\u0301gie aborde cette question a\u0300 travers quatre axes strate\u0301giques majeurs : les \u201cFilets sociaux et l\u2019acce\u0300s aux services sociaux de base\u201d, l&rsquo;\u201dautonomisation, l\u2019inclusion e\u0301conomique et financie\u0300re\u201d, les \u201cme\u0301canismes d\u2019adaptation aux chocs\u201d et le \u201crenforcement institutionnel, technique et financier\u201d.<\/p>\n<p>Ce processus traduit une approche participative dans l\u2019e\u0301laboration de la nouvelle strate\u0301gie nationale de protection sociale non contributive, visant a\u0300 garantir une mise en \u0153uvre efficace de cette strate\u0301gie.<\/p>\n\r\n                <style type=\"text\/css\">\r\n                    \r\n                    #td_uid_1_69f37420de746  .td-doubleSlider-2 .td-item1 {\r\n                        background: url(https:\/\/static.africa-press.net\/djibouti\/sites\/52\/2023\/10\/sm_1697115415.442985-80x60.jpg) 0 0 no-repeat;\r\n                    }\r\n                    #td_uid_1_69f37420de746  .td-doubleSlider-2 .td-item2 {\r\n                        background: url(https:\/\/static.africa-press.net\/djibouti\/sites\/52\/2023\/10\/sm_1697115424.59242-80x60.jpg) 0 0 no-repeat;\r\n                    }\r\n                <\/style>\r\n\r\n                <div id=\"td_uid_1_69f37420de746\" class=\"td-gallery td-slide-on-2-columns\">\r\n                    <div class=\"post_td_gallery\">\r\n                        <div class=\"td-gallery-slide-top\">\r\n                           <div class=\"td-gallery-title\"><\/div>\r\n\r\n                            <div class=\"td-gallery-controls-wrapper\">\r\n                                <div class=\"td-gallery-slide-count\"><span class=\"td-gallery-slide-item-focus\">1<\/span> de 2<\/div>\r\n                                <div class=\"td-gallery-slide-prev-next-but\">\r\n                                    <i class = \"td-icon-left doubleSliderPrevButton\"><\/i>\r\n                                    <i class = \"td-icon-right doubleSliderNextButton\"><\/i>\r\n                                <\/div>\r\n                            <\/div>\r\n                        <\/div>\r\n\r\n                        <div class = \"td-doubleSlider-1 \">\r\n                            <div class = \"td-slider\">\r\n                                \r\n                    <div class = \"td-slide-item td-item1\">\r\n                        <figure class=\"td-slide-galery-figure td-slide-popup-gallery\">\r\n                            <a class=\"slide-gallery-image-link\" href=\"https:\/\/static.africa-press.net\/djibouti\/sites\/52\/2023\/10\/sm_1697115415.442985.jpg\" title=\"sm_1697115415.442985\"  data-caption=\"\"  data-description=\"\">\r\n                                <img decoding=\"async\" src=\"https:\/\/static.africa-press.net\/djibouti\/sites\/52\/2023\/10\/sm_1697115415.442985.jpg\" srcset=\"https:\/\/static.africa-press.net\/djibouti\/sites\/52\/2023\/10\/sm_1697115415.442985.jpg 1024w, https:\/\/static.africa-press.net\/djibouti\/sites\/52\/2023\/10\/sm_1697115415.442985-300x171.jpg 300w, https:\/\/static.africa-press.net\/djibouti\/sites\/52\/2023\/10\/sm_1697115415.442985-768x439.jpg 768w\" sizes=\"(max-width: 1024px) 100vw, 1024px\" alt=\"\">\r\n                            <\/a>\r\n                            \r\n                        <\/figure>\r\n                    <\/div>\r\n                    <div class = \"td-slide-item td-item2\">\r\n                        <figure class=\"td-slide-galery-figure td-slide-popup-gallery\">\r\n                            <a class=\"slide-gallery-image-link\" href=\"https:\/\/static.africa-press.net\/djibouti\/sites\/52\/2023\/10\/sm_1697115424.59242.jpg\" title=\"sm_1697115424.59242\"  data-caption=\"\"  data-description=\"\">\r\n                                <img decoding=\"async\" src=\"https:\/\/static.africa-press.net\/djibouti\/sites\/52\/2023\/10\/sm_1697115424.59242.jpg\" srcset=\"https:\/\/static.africa-press.net\/djibouti\/sites\/52\/2023\/10\/sm_1697115424.59242.jpg 768w, https:\/\/static.africa-press.net\/djibouti\/sites\/52\/2023\/10\/sm_1697115424.59242-300x270.jpg 300w\" sizes=\"(max-width: 768px) 100vw, 768px\" alt=\"\">\r\n                            <\/a>\r\n                            \r\n                        <\/figure>\r\n                    <\/div>\r\n                            <\/div>\r\n                        <\/div>\r\n\r\n                        <div class = \"td-doubleSlider-2\">\r\n                            <div class = \"td-slider\">\r\n                                \r\n                    <div class = \"td-button td-item1\">\r\n                        <div class = \"td-border\"><\/div>\r\n                    <\/div>\r\n                    <div class = \"td-button td-item2\">\r\n                        <div class = \"td-border\"><\/div>\r\n                    <\/div>\r\n                            <\/div>\r\n                        <\/div>\r\n\r\n                    <\/div>\r\n\r\n                <\/div>\r\n                \n<p><strong>Pour plus d&rsquo;informations et d&rsquo;analyses sur la <a href=\"https:\/\/www.africa-press.net\/djibouti\">Djibouti<\/a>, suivez <a href=\"https:\/\/www.africa-press.net\/\">Africa-Press<\/a><\/strong><\/p>\n","protected":false},"excerpt":{"rendered":"<p>Africa-Press &#8211; Djibouti. Un atelier de validation de la Strate\u0301gie Nationale de Protection sociale non contributive pour le renforcement du capital humain de la pe\u0301riode 2023-2027 a eu lieu dimanche dernier sous l\u2019e\u0301gide du ministe\u0300re des affaires sociales et des solidarite\u0301s. Cet atelier a rassemble\u0301 des membres du gouvernement, dont la ministre des affaires sociales [&hellip;]<\/p>\n","protected":false},"author":82,"featured_media":19042,"comment_status":"open","ping_status":"closed","sticky":false,"template":"","format":"standard","meta":{"footnotes":""},"categories":[8,2,10],"tags":[36,49,50],"class_list":["post-19043","post","type-post","status-publish","format-standard","has-post-thumbnail","hentry","category-photo","category-politique","category-toutes-les-actualites","tag-africa-press","tag-africa-press-djibouti","tag-djibouti"],"yoast_head":"<!-- This site is optimized with the Yoast SEO Premium plugin v26.1 (Yoast SEO v27.0) - https:\/\/yoast.com\/product\/yoast-seo-premium-wordpress\/ -->\n<title>MASS : Pour la validation de la Strat\u00e9gie Nationale de Protection sociale non contributive et le renforcement du capital humain - Djibouti<\/title>\n<meta name=\"description\" content=\"Un atelier de validation de la Strate\u0301gie Nationale de Protection sociale non contributive pour le renforcement du capit ...\" \/>\n<meta name=\"robots\" content=\"index, follow, max-snippet:-1, max-image-preview:large, max-video-preview:-1\" \/>\n<link rel=\"canonical\" href=\"https:\/\/www.africa-press.net\/djibouti\/politique\/mass-pour-la-validation-de-la-strategie-nationale-de-protection-sociale-non-contributive-et-le-renforcement-du-capital-humain\" \/>\n<meta property=\"og:locale\" content=\"fr_FR\" \/>\n<meta property=\"og:type\" content=\"article\" \/>\n<meta property=\"og:title\" content=\"MASS : Pour la validation de la Strat\u00e9gie Nationale de Protection sociale non contributive et le renforcement du capital humain\" \/>\n<meta property=\"og:description\" content=\"Un atelier de validation de la Strate\u0301gie Nationale de Protection sociale non contributive pour le renforcement du capit ...\" \/>\n<meta property=\"og:url\" content=\"https:\/\/www.africa-press.net\/djibouti\/politique\/mass-pour-la-validation-de-la-strategie-nationale-de-protection-sociale-non-contributive-et-le-renforcement-du-capital-humain\" \/>\n<meta property=\"og:site_name\" content=\"Djibouti\" \/>\n<meta property=\"article:published_time\" content=\"2023-10-12T14:31:17+00:00\" \/>\n<meta property=\"article:modified_time\" content=\"2023-10-12T16:27:27+00:00\" \/>\n<meta property=\"og:image\" content=\"https:\/\/static.africa-press.net\/djibouti\/sites\/52\/2023\/10\/sm_1697115431.736414.jpg\" \/>\n\t<meta property=\"og:image:width\" content=\"1280\" \/>\n\t<meta property=\"og:image:height\" content=\"720\" \/>\n\t<meta property=\"og:image:type\" content=\"image\/jpeg\" \/>\n<meta name=\"author\" content=\"cfeditorfr\" \/>\n<meta name=\"twitter:card\" content=\"summary_large_image\" \/>\n<meta name=\"twitter:label1\" content=\"\u00c9crit par\" \/>\n\t<meta name=\"twitter:data1\" content=\"cfeditorfr\" \/>\n\t<meta name=\"twitter:label2\" content=\"Dur\u00e9e de lecture estim\u00e9e\" \/>\n\t<meta name=\"twitter:data2\" content=\"2 minutes\" \/>\n<script type=\"application\/ld+json\" class=\"yoast-schema-graph\">{\"@context\":\"https:\/\/schema.org\",\"@graph\":[{\"@type\":\"Article\",\"@id\":\"https:\/\/www.africa-press.net\/djibouti\/politique\/mass-pour-la-validation-de-la-strategie-nationale-de-protection-sociale-non-contributive-et-le-renforcement-du-capital-humain#article\",\"isPartOf\":{\"@id\":\"https:\/\/www.africa-press.net\/djibouti\/politique\/mass-pour-la-validation-de-la-strategie-nationale-de-protection-sociale-non-contributive-et-le-renforcement-du-capital-humain\"},\"author\":{\"name\":\"cfeditorfr\",\"@id\":\"https:\/\/www.africa-press.net\/djibouti\/#\/schema\/person\/2b1cf3cd81a31e3cd26889ca66d677f1\"},\"headline\":\"MASS : Pour la validation de la Strat\u00e9gie Nationale de Protection sociale non contributive et le renforcement du capital humain\",\"datePublished\":\"2023-10-12T14:31:17+00:00\",\"dateModified\":\"2023-10-12T16:27:27+00:00\",\"mainEntityOfPage\":{\"@id\":\"https:\/\/www.africa-press.net\/djibouti\/politique\/mass-pour-la-validation-de-la-strategie-nationale-de-protection-sociale-non-contributive-et-le-renforcement-du-capital-humain\"},\"wordCount\":364,\"commentCount\":0,\"image\":{\"@id\":\"https:\/\/www.africa-press.net\/djibouti\/politique\/mass-pour-la-validation-de-la-strategie-nationale-de-protection-sociale-non-contributive-et-le-renforcement-du-capital-humain#primaryimage\"},\"thumbnailUrl\":\"https:\/\/static.africa-press.net\/djibouti\/sites\/52\/2023\/10\/sm_1697115431.736414.jpg\",\"keywords\":[\"Africa Press\",\"Africa Press-Djibouti\",\"Djibouti\"],\"articleSection\":[\"Photo\",\"Politique\",\"Toutes les actualit\u00e9s\"],\"inLanguage\":\"fr-FR\",\"potentialAction\":[{\"@type\":\"CommentAction\",\"name\":\"Comment\",\"target\":[\"https:\/\/www.africa-press.net\/djibouti\/politique\/mass-pour-la-validation-de-la-strategie-nationale-de-protection-sociale-non-contributive-et-le-renforcement-du-capital-humain#respond\"]}]},{\"@type\":\"WebPage\",\"@id\":\"https:\/\/www.africa-press.net\/djibouti\/politique\/mass-pour-la-validation-de-la-strategie-nationale-de-protection-sociale-non-contributive-et-le-renforcement-du-capital-humain\",\"url\":\"https:\/\/www.africa-press.net\/djibouti\/politique\/mass-pour-la-validation-de-la-strategie-nationale-de-protection-sociale-non-contributive-et-le-renforcement-du-capital-humain\",\"name\":\"MASS : Pour la validation de la Strat\u00e9gie Nationale de Protection sociale non contributive et le renforcement du capital humain - Djibouti\",\"isPartOf\":{\"@id\":\"https:\/\/www.africa-press.net\/djibouti\/#website\"},\"primaryImageOfPage\":{\"@id\":\"https:\/\/www.africa-press.net\/djibouti\/politique\/mass-pour-la-validation-de-la-strategie-nationale-de-protection-sociale-non-contributive-et-le-renforcement-du-capital-humain#primaryimage\"},\"image\":{\"@id\":\"https:\/\/www.africa-press.net\/djibouti\/politique\/mass-pour-la-validation-de-la-strategie-nationale-de-protection-sociale-non-contributive-et-le-renforcement-du-capital-humain#primaryimage\"},\"thumbnailUrl\":\"https:\/\/static.africa-press.net\/djibouti\/sites\/52\/2023\/10\/sm_1697115431.736414.jpg\",\"datePublished\":\"2023-10-12T14:31:17+00:00\",\"dateModified\":\"2023-10-12T16:27:27+00:00\",\"author\":{\"@id\":\"https:\/\/www.africa-press.net\/djibouti\/#\/schema\/person\/2b1cf3cd81a31e3cd26889ca66d677f1\"},\"description\":\"Un atelier de validation de la Strate\u0301gie Nationale de Protection sociale non contributive pour le renforcement du capit ...\",\"breadcrumb\":{\"@id\":\"https:\/\/www.africa-press.net\/djibouti\/politique\/mass-pour-la-validation-de-la-strategie-nationale-de-protection-sociale-non-contributive-et-le-renforcement-du-capital-humain#breadcrumb\"},\"inLanguage\":\"fr-FR\",\"potentialAction\":[{\"@type\":\"ReadAction\",\"target\":[\"https:\/\/www.africa-press.net\/djibouti\/politique\/mass-pour-la-validation-de-la-strategie-nationale-de-protection-sociale-non-contributive-et-le-renforcement-du-capital-humain\"]}]},{\"@type\":\"ImageObject\",\"inLanguage\":\"fr-FR\",\"@id\":\"https:\/\/www.africa-press.net\/djibouti\/politique\/mass-pour-la-validation-de-la-strategie-nationale-de-protection-sociale-non-contributive-et-le-renforcement-du-capital-humain#primaryimage\",\"url\":\"https:\/\/static.africa-press.net\/djibouti\/sites\/52\/2023\/10\/sm_1697115431.736414.jpg\",\"contentUrl\":\"https:\/\/static.africa-press.net\/djibouti\/sites\/52\/2023\/10\/sm_1697115431.736414.jpg\",\"width\":1280,\"height\":720,\"caption\":\"MASS : Pour la validation de la Strat\u00e9gie Nationale de Protection sociale non contributive et le renforcement du capital humain\"},{\"@type\":\"BreadcrumbList\",\"@id\":\"https:\/\/www.africa-press.net\/djibouti\/politique\/mass-pour-la-validation-de-la-strategie-nationale-de-protection-sociale-non-contributive-et-le-renforcement-du-capital-humain#breadcrumb\",\"itemListElement\":[{\"@type\":\"ListItem\",\"position\":1,\"name\":\"Accueil\",\"item\":\"https:\/\/www.africa-press.net\/djibouti\/\"},{\"@type\":\"ListItem\",\"position\":2,\"name\":\"MASS : Pour la validation de la Strat\u00e9gie Nationale de Protection sociale non contributive et le renforcement du capital humain\"}]},{\"@type\":\"WebSite\",\"@id\":\"https:\/\/www.africa-press.net\/djibouti\/#website\",\"url\":\"https:\/\/www.africa-press.net\/djibouti\/\",\"name\":\"Djibouti\",\"description\":\"Just another Africa News Agency Sites site\",\"potentialAction\":[{\"@type\":\"SearchAction\",\"target\":{\"@type\":\"EntryPoint\",\"urlTemplate\":\"https:\/\/www.africa-press.net\/djibouti\/?s={search_term_string}\"},\"query-input\":{\"@type\":\"PropertyValueSpecification\",\"valueRequired\":true,\"valueName\":\"search_term_string\"}}],\"inLanguage\":\"fr-FR\"},{\"@type\":\"Person\",\"@id\":\"https:\/\/www.africa-press.net\/djibouti\/#\/schema\/person\/2b1cf3cd81a31e3cd26889ca66d677f1\",\"name\":\"cfeditorfr\"}]}<\/script>\n<!-- \/ Yoast SEO Premium plugin. -->","yoast_head_json":{"title":"MASS : Pour la validation de la Strat\u00e9gie Nationale de Protection sociale non contributive et le renforcement du capital humain - Djibouti","description":"Un atelier de validation de la Strate\u0301gie Nationale de Protection sociale non contributive pour le renforcement du capit ...","robots":{"index":"index","follow":"follow","max-snippet":"max-snippet:-1","max-image-preview":"max-image-preview:large","max-video-preview":"max-video-preview:-1"},"canonical":"https:\/\/www.africa-press.net\/djibouti\/politique\/mass-pour-la-validation-de-la-strategie-nationale-de-protection-sociale-non-contributive-et-le-renforcement-du-capital-humain","og_locale":"fr_FR","og_type":"article","og_title":"MASS : Pour la validation de la Strat\u00e9gie Nationale de Protection sociale non contributive et le renforcement du capital humain","og_description":"Un atelier de validation de la Strate\u0301gie Nationale de Protection sociale non contributive pour le renforcement du capit ...","og_url":"https:\/\/www.africa-press.net\/djibouti\/politique\/mass-pour-la-validation-de-la-strategie-nationale-de-protection-sociale-non-contributive-et-le-renforcement-du-capital-humain","og_site_name":"Djibouti","article_published_time":"2023-10-12T14:31:17+00:00","article_modified_time":"2023-10-12T16:27:27+00:00","og_image":[{"width":1280,"height":720,"url":"https:\/\/static.africa-press.net\/djibouti\/sites\/52\/2023\/10\/sm_1697115431.736414.jpg","type":"image\/jpeg"}],"author":"cfeditorfr","twitter_card":"summary_large_image","twitter_misc":{"\u00c9crit par":"cfeditorfr","Dur\u00e9e de lecture estim\u00e9e":"2 minutes"},"schema":{"@context":"https:\/\/schema.org","@graph":[{"@type":"Article","@id":"https:\/\/www.africa-press.net\/djibouti\/politique\/mass-pour-la-validation-de-la-strategie-nationale-de-protection-sociale-non-contributive-et-le-renforcement-du-capital-humain#article","isPartOf":{"@id":"https:\/\/www.africa-press.net\/djibouti\/politique\/mass-pour-la-validation-de-la-strategie-nationale-de-protection-sociale-non-contributive-et-le-renforcement-du-capital-humain"},"author":{"name":"cfeditorfr","@id":"https:\/\/www.africa-press.net\/djibouti\/#\/schema\/person\/2b1cf3cd81a31e3cd26889ca66d677f1"},"headline":"MASS : Pour la validation de la Strat\u00e9gie Nationale de Protection sociale non contributive et le renforcement du capital humain","datePublished":"2023-10-12T14:31:17+00:00","dateModified":"2023-10-12T16:27:27+00:00","mainEntityOfPage":{"@id":"https:\/\/www.africa-press.net\/djibouti\/politique\/mass-pour-la-validation-de-la-strategie-nationale-de-protection-sociale-non-contributive-et-le-renforcement-du-capital-humain"},"wordCount":364,"commentCount":0,"image":{"@id":"https:\/\/www.africa-press.net\/djibouti\/politique\/mass-pour-la-validation-de-la-strategie-nationale-de-protection-sociale-non-contributive-et-le-renforcement-du-capital-humain#primaryimage"},"thumbnailUrl":"https:\/\/static.africa-press.net\/djibouti\/sites\/52\/2023\/10\/sm_1697115431.736414.jpg","keywords":["Africa Press","Africa Press-Djibouti","Djibouti"],"articleSection":["Photo","Politique","Toutes les actualit\u00e9s"],"inLanguage":"fr-FR","potentialAction":[{"@type":"CommentAction","name":"Comment","target":["https:\/\/www.africa-press.net\/djibouti\/politique\/mass-pour-la-validation-de-la-strategie-nationale-de-protection-sociale-non-contributive-et-le-renforcement-du-capital-humain#respond"]}]},{"@type":"WebPage","@id":"https:\/\/www.africa-press.net\/djibouti\/politique\/mass-pour-la-validation-de-la-strategie-nationale-de-protection-sociale-non-contributive-et-le-renforcement-du-capital-humain","url":"https:\/\/www.africa-press.net\/djibouti\/politique\/mass-pour-la-validation-de-la-strategie-nationale-de-protection-sociale-non-contributive-et-le-renforcement-du-capital-humain","name":"MASS : Pour la validation de la Strat\u00e9gie Nationale de Protection sociale non contributive et le renforcement du capital humain - Djibouti","isPartOf":{"@id":"https:\/\/www.africa-press.net\/djibouti\/#website"},"primaryImageOfPage":{"@id":"https:\/\/www.africa-press.net\/djibouti\/politique\/mass-pour-la-validation-de-la-strategie-nationale-de-protection-sociale-non-contributive-et-le-renforcement-du-capital-humain#primaryimage"},"image":{"@id":"https:\/\/www.africa-press.net\/djibouti\/politique\/mass-pour-la-validation-de-la-strategie-nationale-de-protection-sociale-non-contributive-et-le-renforcement-du-capital-humain#primaryimage"},"thumbnailUrl":"https:\/\/static.africa-press.net\/djibouti\/sites\/52\/2023\/10\/sm_1697115431.736414.jpg","datePublished":"2023-10-12T14:31:17+00:00","dateModified":"2023-10-12T16:27:27+00:00","author":{"@id":"https:\/\/www.africa-press.net\/djibouti\/#\/schema\/person\/2b1cf3cd81a31e3cd26889ca66d677f1"},"description":"Un atelier de validation de la Strate\u0301gie Nationale de Protection sociale non contributive pour le renforcement du capit ...","breadcrumb":{"@id":"https:\/\/www.africa-press.net\/djibouti\/politique\/mass-pour-la-validation-de-la-strategie-nationale-de-protection-sociale-non-contributive-et-le-renforcement-du-capital-humain#breadcrumb"},"inLanguage":"fr-FR","potentialAction":[{"@type":"ReadAction","target":["https:\/\/www.africa-press.net\/djibouti\/politique\/mass-pour-la-validation-de-la-strategie-nationale-de-protection-sociale-non-contributive-et-le-renforcement-du-capital-humain"]}]},{"@type":"ImageObject","inLanguage":"fr-FR","@id":"https:\/\/www.africa-press.net\/djibouti\/politique\/mass-pour-la-validation-de-la-strategie-nationale-de-protection-sociale-non-contributive-et-le-renforcement-du-capital-humain#primaryimage","url":"https:\/\/static.africa-press.net\/djibouti\/sites\/52\/2023\/10\/sm_1697115431.736414.jpg","contentUrl":"https:\/\/static.africa-press.net\/djibouti\/sites\/52\/2023\/10\/sm_1697115431.736414.jpg","width":1280,"height":720,"caption":"MASS : Pour la validation de la Strat\u00e9gie Nationale de Protection sociale non contributive et le renforcement du capital humain"},{"@type":"BreadcrumbList","@id":"https:\/\/www.africa-press.net\/djibouti\/politique\/mass-pour-la-validation-de-la-strategie-nationale-de-protection-sociale-non-contributive-et-le-renforcement-du-capital-humain#breadcrumb","itemListElement":[{"@type":"ListItem","position":1,"name":"Accueil","item":"https:\/\/www.africa-press.net\/djibouti\/"},{"@type":"ListItem","position":2,"name":"MASS : Pour la validation de la Strat\u00e9gie Nationale de Protection sociale non contributive et le renforcement du capital humain"}]},{"@type":"WebSite","@id":"https:\/\/www.africa-press.net\/djibouti\/#website","url":"https:\/\/www.africa-press.net\/djibouti\/","name":"Djibouti","description":"Just another Africa News Agency Sites site","potentialAction":[{"@type":"SearchAction","target":{"@type":"EntryPoint","urlTemplate":"https:\/\/www.africa-press.net\/djibouti\/?s={search_term_string}"},"query-input":{"@type":"PropertyValueSpecification","valueRequired":true,"valueName":"search_term_string"}}],"inLanguage":"fr-FR"},{"@type":"Person","@id":"https:\/\/www.africa-press.net\/djibouti\/#\/schema\/person\/2b1cf3cd81a31e3cd26889ca66d677f1","name":"cfeditorfr"}]}},"_links":{"self":[{"href":"https:\/\/www.africa-press.net\/djibouti\/wp-json\/wp\/v2\/posts\/19043","targetHints":{"allow":["GET"]}}],"collection":[{"href":"https:\/\/www.africa-press.net\/djibouti\/wp-json\/wp\/v2\/posts"}],"about":[{"href":"https:\/\/www.africa-press.net\/djibouti\/wp-json\/wp\/v2\/types\/post"}],"author":[{"embeddable":true,"href":"https:\/\/www.africa-press.net\/djibouti\/wp-json\/wp\/v2\/users\/82"}],"replies":[{"embeddable":true,"href":"https:\/\/www.africa-press.net\/djibouti\/wp-json\/wp\/v2\/comments?post=19043"}],"version-history":[{"count":0,"href":"https:\/\/www.africa-press.net\/djibouti\/wp-json\/wp\/v2\/posts\/19043\/revisions"}],"wp:featuredmedia":[{"embeddable":true,"href":"https:\/\/www.africa-press.net\/djibouti\/wp-json\/wp\/v2\/media\/19042"}],"wp:attachment":[{"href":"https:\/\/www.africa-press.net\/djibouti\/wp-json\/wp\/v2\/media?parent=19043"}],"wp:term":[{"taxonomy":"category","embeddable":true,"href":"https:\/\/www.africa-press.net\/djibouti\/wp-json\/wp\/v2\/categories?post=19043"},{"taxonomy":"post_tag","embeddable":true,"href":"https:\/\/www.africa-press.net\/djibouti\/wp-json\/wp\/v2\/tags?post=19043"}],"curies":[{"name":"wp","href":"https:\/\/api.w.org\/{rel}","templated":true}]}}