{"id":19048,"date":"2023-10-12T15:32:04","date_gmt":"2023-10-12T15:32:04","guid":{"rendered":"https:\/\/www.africa-press.net\/djibouti\/politique\/le-ministre-de-la-communication-recoit-en-visite-de-courtoisie-le-nouvel-ambassadeur-du-royaume-uni"},"modified":"2023-10-12T16:27:54","modified_gmt":"2023-10-12T16:27:54","slug":"le-ministre-de-la-communication-recoit-en-visite-de-courtoisie-le-nouvel-ambassadeur-du-royaume-uni","status":"publish","type":"post","link":"https:\/\/www.africa-press.net\/djibouti\/politique\/le-ministre-de-la-communication-recoit-en-visite-de-courtoisie-le-nouvel-ambassadeur-du-royaume-uni","title":{"rendered":"Le ministre de la communication re\u00e7oit en visite de courtoisie le nouvel ambassadeur du Royaume-Uni"},"content":{"rendered":"<p><span style=\"color: #ff6600\"><strong>Africa-Press &#8211; Djibouti. <\/strong><\/span><b>Le ministre de la communication charge\u0301 des postes et des te\u0301le\u0301communications, Radwan Abdillahi Bahdon, a rec\u0327u dans la matine\u0301e d\u2019hier, dans son cabinet, le nouvel ambassadeur du Royaume-Uni a\u0300 Djibouti et aupre\u0300s de l\u2019IGAD, M. Vinay Talwar. Les voies et moyens de renforcer les capacite\u0301s des professionnels de la presse e\u0301crite et audiovisuelle et la coope\u0301ration dans le domaine des te\u0301le\u0301communications ont e\u0301te\u0301 e\u0301voque\u0301s a\u0300 cette occasion.<\/b><\/p>\n<p>Dans le cadre de ses prises de contact avec les membres du gouvernement djiboutien, le nouveau chef de la chancellerie britannique, Vinay Talwar, a e\u0301te\u0301 rec\u0327u hier par le ministre de la communication charge\u0301 des postes et des te\u0301le\u0301communications, Radwan Abdillahi Bahdon.<\/p>\n<p>Apre\u0300s avoir souhaite\u0301 la bienvenue et le plein succe\u0300s dans l\u2019exercice de sa mission dans notre pays, le ministre Radwan Abdillahi Bahdon a d\u2019abord salue\u0301 l\u2019excellence des relations d\u2019amitie\u0301 et de coope\u0301ration qu\u2019entretiennent les deux pays dans de nombreux secteurs. Le ministre et son ho\u0302te ont ensuite discute\u0301 des voies et moyens de raffermir davantage ces liens de coope\u0301ration existant entre les deux nations. Cette visite de courtoisie a e\u0301galement e\u0301te\u0301 l\u2019occasion pour le ministre de la communication de discuter avec le diplomate britannique du renforcement de la coope\u0301ration entre le Royaume Uni et la re\u0301publique de Djibouti dans divers domaines strate\u0301giques.<\/p>\n<p>Les discussions ont ensuite porte\u0301 sur, notamment, le renforcement des capacite\u0301s des professionnels de la presse e\u0301crite et audiovisuelle et sur la coope\u0301ration dans le domaine des te\u0301le\u0301communications.<\/p>\n<p>Avec un accent particulier sur la formation des professionnels des me\u0301dias djiboutiens.<\/p>\n<p><b>Mohamed Chakib<\/b><\/p>\n\r\n                <style type=\"text\/css\">\r\n                    \r\n                    #td_uid_1_69f5cf408b329  .td-doubleSlider-2 .td-item1 {\r\n                        background: url(https:\/\/static.africa-press.net\/djibouti\/sites\/52\/2023\/10\/sm_1697115443.733383-80x60.jpg) 0 0 no-repeat;\r\n                    }\r\n                    #td_uid_1_69f5cf408b329  .td-doubleSlider-2 .td-item2 {\r\n                        background: url(https:\/\/static.africa-press.net\/djibouti\/sites\/52\/2023\/10\/sm_1697115450.915186-80x60.jpg) 0 0 no-repeat;\r\n                    }\r\n                <\/style>\r\n\r\n                <div id=\"td_uid_1_69f5cf408b329\" class=\"td-gallery td-slide-on-2-columns\">\r\n                    <div class=\"post_td_gallery\">\r\n                        <div class=\"td-gallery-slide-top\">\r\n                           <div class=\"td-gallery-title\"><\/div>\r\n\r\n                            <div class=\"td-gallery-controls-wrapper\">\r\n                                <div class=\"td-gallery-slide-count\"><span class=\"td-gallery-slide-item-focus\">1<\/span> de 2<\/div>\r\n                                <div class=\"td-gallery-slide-prev-next-but\">\r\n                                    <i class = \"td-icon-left doubleSliderPrevButton\"><\/i>\r\n                                    <i class = \"td-icon-right doubleSliderNextButton\"><\/i>\r\n                                <\/div>\r\n                            <\/div>\r\n                        <\/div>\r\n\r\n                        <div class = \"td-doubleSlider-1 \">\r\n                            <div class = \"td-slider\">\r\n                                \r\n                    <div class = \"td-slide-item td-item1\">\r\n                        <figure class=\"td-slide-galery-figure td-slide-popup-gallery\">\r\n                            <a class=\"slide-gallery-image-link\" href=\"https:\/\/static.africa-press.net\/djibouti\/sites\/52\/2023\/10\/sm_1697115443.733383.jpg\" title=\"sm_1697115443.733383\"  data-caption=\"\"  data-description=\"\">\r\n                                <img decoding=\"async\" src=\"https:\/\/static.africa-press.net\/djibouti\/sites\/52\/2023\/10\/sm_1697115443.733383.jpg\" srcset=\"https:\/\/static.africa-press.net\/djibouti\/sites\/52\/2023\/10\/sm_1697115443.733383.jpg 1024w, https:\/\/static.africa-press.net\/djibouti\/sites\/52\/2023\/10\/sm_1697115443.733383-300x200.jpg 300w, https:\/\/static.africa-press.net\/djibouti\/sites\/52\/2023\/10\/sm_1697115443.733383-768x512.jpg 768w\" sizes=\"(max-width: 1024px) 100vw, 1024px\" alt=\"\">\r\n                            <\/a>\r\n                            \r\n                        <\/figure>\r\n                    <\/div>\r\n                    <div class = \"td-slide-item td-item2\">\r\n                        <figure class=\"td-slide-galery-figure td-slide-popup-gallery\">\r\n                            <a class=\"slide-gallery-image-link\" href=\"https:\/\/static.africa-press.net\/djibouti\/sites\/52\/2023\/10\/sm_1697115450.915186.jpg\" title=\"sm_1697115450.915186\"  data-caption=\"\"  data-description=\"\">\r\n                                <img decoding=\"async\" src=\"https:\/\/static.africa-press.net\/djibouti\/sites\/52\/2023\/10\/sm_1697115450.915186.jpg\" srcset=\"https:\/\/static.africa-press.net\/djibouti\/sites\/52\/2023\/10\/sm_1697115450.915186.jpg 768w, https:\/\/static.africa-press.net\/djibouti\/sites\/52\/2023\/10\/sm_1697115450.915186-300x200.jpg 300w\" sizes=\"(max-width: 768px) 100vw, 768px\" alt=\"\">\r\n                            <\/a>\r\n                            \r\n                        <\/figure>\r\n                    <\/div>\r\n                            <\/div>\r\n                        <\/div>\r\n\r\n                        <div class = \"td-doubleSlider-2\">\r\n                            <div class = \"td-slider\">\r\n                                \r\n                    <div class = \"td-button td-item1\">\r\n                        <div class = \"td-border\"><\/div>\r\n                    <\/div>\r\n                    <div class = \"td-button td-item2\">\r\n                        <div class = \"td-border\"><\/div>\r\n                    <\/div>\r\n                            <\/div>\r\n                        <\/div>\r\n\r\n                    <\/div>\r\n\r\n                <\/div>\r\n                \n<p><strong>Pour plus d&rsquo;informations et d&rsquo;analyses sur la <a href=\"https:\/\/www.africa-press.net\/djibouti\">Djibouti<\/a>, suivez <a href=\"https:\/\/www.africa-press.net\/\">Africa-Press<\/a><\/strong><\/p>\n","protected":false},"excerpt":{"rendered":"<p>Africa-Press &#8211; Djibouti. Le ministre de la communication charge\u0301 des postes et des te\u0301le\u0301communications, Radwan Abdillahi Bahdon, a rec\u0327u dans la matine\u0301e d\u2019hier, dans son cabinet, le nouvel ambassadeur du Royaume-Uni a\u0300 Djibouti et aupre\u0300s de l\u2019IGAD, M. Vinay Talwar. Les voies et moyens de renforcer les capacite\u0301s des professionnels de la presse e\u0301crite et [&hellip;]<\/p>\n","protected":false},"author":82,"featured_media":19047,"comment_status":"open","ping_status":"closed","sticky":false,"template":"","format":"standard","meta":{"footnotes":""},"categories":[8,2,20,10],"tags":[36,49,50],"class_list":["post-19048","post","type-post","status-publish","format-standard","has-post-thumbnail","hentry","category-photo","category-politique","category-top-nouvelles","category-toutes-les-actualites","tag-africa-press","tag-africa-press-djibouti","tag-djibouti"],"yoast_head":"<!-- This site is optimized with the Yoast SEO Premium plugin v26.1 (Yoast SEO v27.0) - https:\/\/yoast.com\/product\/yoast-seo-premium-wordpress\/ -->\n<title>Le ministre de la communication re\u00e7oit en visite de courtoisie le nouvel ambassadeur du Royaume-Uni - Djibouti<\/title>\n<meta name=\"description\" content=\"Le ministre de la communication charge\u0301 des postes et des te\u0301le\u0301communications, Radwan Abdillahi Bahdon, a rec\u0327u dans ...\" \/>\n<meta name=\"robots\" content=\"index, follow, max-snippet:-1, max-image-preview:large, max-video-preview:-1\" \/>\n<link rel=\"canonical\" href=\"https:\/\/www.africa-press.net\/djibouti\/politique\/le-ministre-de-la-communication-recoit-en-visite-de-courtoisie-le-nouvel-ambassadeur-du-royaume-uni\" \/>\n<meta property=\"og:locale\" content=\"fr_FR\" \/>\n<meta property=\"og:type\" content=\"article\" \/>\n<meta property=\"og:title\" content=\"Le ministre de la communication re\u00e7oit en visite de courtoisie le nouvel ambassadeur du Royaume-Uni\" \/>\n<meta property=\"og:description\" content=\"Le ministre de la communication charge\u0301 des postes et des te\u0301le\u0301communications, Radwan Abdillahi Bahdon, a rec\u0327u dans ...\" \/>\n<meta property=\"og:url\" content=\"https:\/\/www.africa-press.net\/djibouti\/politique\/le-ministre-de-la-communication-recoit-en-visite-de-courtoisie-le-nouvel-ambassadeur-du-royaume-uni\" \/>\n<meta property=\"og:site_name\" content=\"Djibouti\" \/>\n<meta property=\"article:published_time\" content=\"2023-10-12T15:32:04+00:00\" \/>\n<meta property=\"article:modified_time\" content=\"2023-10-12T16:27:54+00:00\" \/>\n<meta property=\"og:image\" content=\"https:\/\/static.africa-press.net\/djibouti\/sites\/52\/2023\/10\/sm_1697115459.112922.jpg\" \/>\n\t<meta property=\"og:image:width\" content=\"720\" \/>\n\t<meta property=\"og:image:height\" content=\"480\" \/>\n\t<meta property=\"og:image:type\" content=\"image\/jpeg\" \/>\n<meta name=\"author\" content=\"cfeditorfr\" \/>\n<meta name=\"twitter:card\" content=\"summary_large_image\" \/>\n<meta name=\"twitter:label1\" content=\"\u00c9crit par\" \/>\n\t<meta name=\"twitter:data1\" content=\"cfeditorfr\" \/>\n\t<meta name=\"twitter:label2\" content=\"Dur\u00e9e de lecture estim\u00e9e\" \/>\n\t<meta name=\"twitter:data2\" content=\"2 minutes\" \/>\n<script type=\"application\/ld+json\" class=\"yoast-schema-graph\">{\"@context\":\"https:\/\/schema.org\",\"@graph\":[{\"@type\":\"Article\",\"@id\":\"https:\/\/www.africa-press.net\/djibouti\/politique\/le-ministre-de-la-communication-recoit-en-visite-de-courtoisie-le-nouvel-ambassadeur-du-royaume-uni#article\",\"isPartOf\":{\"@id\":\"https:\/\/www.africa-press.net\/djibouti\/politique\/le-ministre-de-la-communication-recoit-en-visite-de-courtoisie-le-nouvel-ambassadeur-du-royaume-uni\"},\"author\":{\"name\":\"cfeditorfr\",\"@id\":\"https:\/\/www.africa-press.net\/djibouti\/#\/schema\/person\/2b1cf3cd81a31e3cd26889ca66d677f1\"},\"headline\":\"Le ministre de la communication re\u00e7oit en visite de courtoisie le nouvel ambassadeur du Royaume-Uni\",\"datePublished\":\"2023-10-12T15:32:04+00:00\",\"dateModified\":\"2023-10-12T16:27:54+00:00\",\"mainEntityOfPage\":{\"@id\":\"https:\/\/www.africa-press.net\/djibouti\/politique\/le-ministre-de-la-communication-recoit-en-visite-de-courtoisie-le-nouvel-ambassadeur-du-royaume-uni\"},\"wordCount\":335,\"commentCount\":0,\"image\":{\"@id\":\"https:\/\/www.africa-press.net\/djibouti\/politique\/le-ministre-de-la-communication-recoit-en-visite-de-courtoisie-le-nouvel-ambassadeur-du-royaume-uni#primaryimage\"},\"thumbnailUrl\":\"https:\/\/static.africa-press.net\/djibouti\/sites\/52\/2023\/10\/sm_1697115459.112922.jpg\",\"keywords\":[\"Africa Press\",\"Africa Press-Djibouti\",\"Djibouti\"],\"articleSection\":[\"Photo\",\"Politique\",\"Top Nouvelles\",\"Toutes les actualit\u00e9s\"],\"inLanguage\":\"fr-FR\",\"potentialAction\":[{\"@type\":\"CommentAction\",\"name\":\"Comment\",\"target\":[\"https:\/\/www.africa-press.net\/djibouti\/politique\/le-ministre-de-la-communication-recoit-en-visite-de-courtoisie-le-nouvel-ambassadeur-du-royaume-uni#respond\"]}]},{\"@type\":\"WebPage\",\"@id\":\"https:\/\/www.africa-press.net\/djibouti\/politique\/le-ministre-de-la-communication-recoit-en-visite-de-courtoisie-le-nouvel-ambassadeur-du-royaume-uni\",\"url\":\"https:\/\/www.africa-press.net\/djibouti\/politique\/le-ministre-de-la-communication-recoit-en-visite-de-courtoisie-le-nouvel-ambassadeur-du-royaume-uni\",\"name\":\"Le ministre de la communication re\u00e7oit en visite de courtoisie le nouvel ambassadeur du Royaume-Uni - Djibouti\",\"isPartOf\":{\"@id\":\"https:\/\/www.africa-press.net\/djibouti\/#website\"},\"primaryImageOfPage\":{\"@id\":\"https:\/\/www.africa-press.net\/djibouti\/politique\/le-ministre-de-la-communication-recoit-en-visite-de-courtoisie-le-nouvel-ambassadeur-du-royaume-uni#primaryimage\"},\"image\":{\"@id\":\"https:\/\/www.africa-press.net\/djibouti\/politique\/le-ministre-de-la-communication-recoit-en-visite-de-courtoisie-le-nouvel-ambassadeur-du-royaume-uni#primaryimage\"},\"thumbnailUrl\":\"https:\/\/static.africa-press.net\/djibouti\/sites\/52\/2023\/10\/sm_1697115459.112922.jpg\",\"datePublished\":\"2023-10-12T15:32:04+00:00\",\"dateModified\":\"2023-10-12T16:27:54+00:00\",\"author\":{\"@id\":\"https:\/\/www.africa-press.net\/djibouti\/#\/schema\/person\/2b1cf3cd81a31e3cd26889ca66d677f1\"},\"description\":\"Le ministre de la communication charge\u0301 des postes et des te\u0301le\u0301communications, Radwan Abdillahi Bahdon, a rec\u0327u dans ...\",\"breadcrumb\":{\"@id\":\"https:\/\/www.africa-press.net\/djibouti\/politique\/le-ministre-de-la-communication-recoit-en-visite-de-courtoisie-le-nouvel-ambassadeur-du-royaume-uni#breadcrumb\"},\"inLanguage\":\"fr-FR\",\"potentialAction\":[{\"@type\":\"ReadAction\",\"target\":[\"https:\/\/www.africa-press.net\/djibouti\/politique\/le-ministre-de-la-communication-recoit-en-visite-de-courtoisie-le-nouvel-ambassadeur-du-royaume-uni\"]}]},{\"@type\":\"ImageObject\",\"inLanguage\":\"fr-FR\",\"@id\":\"https:\/\/www.africa-press.net\/djibouti\/politique\/le-ministre-de-la-communication-recoit-en-visite-de-courtoisie-le-nouvel-ambassadeur-du-royaume-uni#primaryimage\",\"url\":\"https:\/\/static.africa-press.net\/djibouti\/sites\/52\/2023\/10\/sm_1697115459.112922.jpg\",\"contentUrl\":\"https:\/\/static.africa-press.net\/djibouti\/sites\/52\/2023\/10\/sm_1697115459.112922.jpg\",\"width\":720,\"height\":480,\"caption\":\"Le ministre de la communication re\u00e7oit en visite de courtoisie le nouvel ambassadeur du Royaume-Uni\"},{\"@type\":\"BreadcrumbList\",\"@id\":\"https:\/\/www.africa-press.net\/djibouti\/politique\/le-ministre-de-la-communication-recoit-en-visite-de-courtoisie-le-nouvel-ambassadeur-du-royaume-uni#breadcrumb\",\"itemListElement\":[{\"@type\":\"ListItem\",\"position\":1,\"name\":\"Accueil\",\"item\":\"https:\/\/www.africa-press.net\/djibouti\/\"},{\"@type\":\"ListItem\",\"position\":2,\"name\":\"Le ministre de la communication re\u00e7oit en visite de courtoisie le nouvel ambassadeur du Royaume-Uni\"}]},{\"@type\":\"WebSite\",\"@id\":\"https:\/\/www.africa-press.net\/djibouti\/#website\",\"url\":\"https:\/\/www.africa-press.net\/djibouti\/\",\"name\":\"Djibouti\",\"description\":\"Just another Africa News Agency Sites site\",\"potentialAction\":[{\"@type\":\"SearchAction\",\"target\":{\"@type\":\"EntryPoint\",\"urlTemplate\":\"https:\/\/www.africa-press.net\/djibouti\/?s={search_term_string}\"},\"query-input\":{\"@type\":\"PropertyValueSpecification\",\"valueRequired\":true,\"valueName\":\"search_term_string\"}}],\"inLanguage\":\"fr-FR\"},{\"@type\":\"Person\",\"@id\":\"https:\/\/www.africa-press.net\/djibouti\/#\/schema\/person\/2b1cf3cd81a31e3cd26889ca66d677f1\",\"name\":\"cfeditorfr\"}]}<\/script>\n<!-- \/ Yoast SEO Premium plugin. -->","yoast_head_json":{"title":"Le ministre de la communication re\u00e7oit en visite de courtoisie le nouvel ambassadeur du Royaume-Uni - Djibouti","description":"Le ministre de la communication charge\u0301 des postes et des te\u0301le\u0301communications, Radwan Abdillahi Bahdon, a rec\u0327u dans ...","robots":{"index":"index","follow":"follow","max-snippet":"max-snippet:-1","max-image-preview":"max-image-preview:large","max-video-preview":"max-video-preview:-1"},"canonical":"https:\/\/www.africa-press.net\/djibouti\/politique\/le-ministre-de-la-communication-recoit-en-visite-de-courtoisie-le-nouvel-ambassadeur-du-royaume-uni","og_locale":"fr_FR","og_type":"article","og_title":"Le ministre de la communication re\u00e7oit en visite de courtoisie le nouvel ambassadeur du Royaume-Uni","og_description":"Le ministre de la communication charge\u0301 des postes et des te\u0301le\u0301communications, Radwan Abdillahi Bahdon, a rec\u0327u dans ...","og_url":"https:\/\/www.africa-press.net\/djibouti\/politique\/le-ministre-de-la-communication-recoit-en-visite-de-courtoisie-le-nouvel-ambassadeur-du-royaume-uni","og_site_name":"Djibouti","article_published_time":"2023-10-12T15:32:04+00:00","article_modified_time":"2023-10-12T16:27:54+00:00","og_image":[{"width":720,"height":480,"url":"https:\/\/static.africa-press.net\/djibouti\/sites\/52\/2023\/10\/sm_1697115459.112922.jpg","type":"image\/jpeg"}],"author":"cfeditorfr","twitter_card":"summary_large_image","twitter_misc":{"\u00c9crit par":"cfeditorfr","Dur\u00e9e de lecture estim\u00e9e":"2 minutes"},"schema":{"@context":"https:\/\/schema.org","@graph":[{"@type":"Article","@id":"https:\/\/www.africa-press.net\/djibouti\/politique\/le-ministre-de-la-communication-recoit-en-visite-de-courtoisie-le-nouvel-ambassadeur-du-royaume-uni#article","isPartOf":{"@id":"https:\/\/www.africa-press.net\/djibouti\/politique\/le-ministre-de-la-communication-recoit-en-visite-de-courtoisie-le-nouvel-ambassadeur-du-royaume-uni"},"author":{"name":"cfeditorfr","@id":"https:\/\/www.africa-press.net\/djibouti\/#\/schema\/person\/2b1cf3cd81a31e3cd26889ca66d677f1"},"headline":"Le ministre de la communication re\u00e7oit en visite de courtoisie le nouvel ambassadeur du Royaume-Uni","datePublished":"2023-10-12T15:32:04+00:00","dateModified":"2023-10-12T16:27:54+00:00","mainEntityOfPage":{"@id":"https:\/\/www.africa-press.net\/djibouti\/politique\/le-ministre-de-la-communication-recoit-en-visite-de-courtoisie-le-nouvel-ambassadeur-du-royaume-uni"},"wordCount":335,"commentCount":0,"image":{"@id":"https:\/\/www.africa-press.net\/djibouti\/politique\/le-ministre-de-la-communication-recoit-en-visite-de-courtoisie-le-nouvel-ambassadeur-du-royaume-uni#primaryimage"},"thumbnailUrl":"https:\/\/static.africa-press.net\/djibouti\/sites\/52\/2023\/10\/sm_1697115459.112922.jpg","keywords":["Africa Press","Africa Press-Djibouti","Djibouti"],"articleSection":["Photo","Politique","Top Nouvelles","Toutes les actualit\u00e9s"],"inLanguage":"fr-FR","potentialAction":[{"@type":"CommentAction","name":"Comment","target":["https:\/\/www.africa-press.net\/djibouti\/politique\/le-ministre-de-la-communication-recoit-en-visite-de-courtoisie-le-nouvel-ambassadeur-du-royaume-uni#respond"]}]},{"@type":"WebPage","@id":"https:\/\/www.africa-press.net\/djibouti\/politique\/le-ministre-de-la-communication-recoit-en-visite-de-courtoisie-le-nouvel-ambassadeur-du-royaume-uni","url":"https:\/\/www.africa-press.net\/djibouti\/politique\/le-ministre-de-la-communication-recoit-en-visite-de-courtoisie-le-nouvel-ambassadeur-du-royaume-uni","name":"Le ministre de la communication re\u00e7oit en visite de courtoisie le nouvel ambassadeur du Royaume-Uni - Djibouti","isPartOf":{"@id":"https:\/\/www.africa-press.net\/djibouti\/#website"},"primaryImageOfPage":{"@id":"https:\/\/www.africa-press.net\/djibouti\/politique\/le-ministre-de-la-communication-recoit-en-visite-de-courtoisie-le-nouvel-ambassadeur-du-royaume-uni#primaryimage"},"image":{"@id":"https:\/\/www.africa-press.net\/djibouti\/politique\/le-ministre-de-la-communication-recoit-en-visite-de-courtoisie-le-nouvel-ambassadeur-du-royaume-uni#primaryimage"},"thumbnailUrl":"https:\/\/static.africa-press.net\/djibouti\/sites\/52\/2023\/10\/sm_1697115459.112922.jpg","datePublished":"2023-10-12T15:32:04+00:00","dateModified":"2023-10-12T16:27:54+00:00","author":{"@id":"https:\/\/www.africa-press.net\/djibouti\/#\/schema\/person\/2b1cf3cd81a31e3cd26889ca66d677f1"},"description":"Le ministre de la communication charge\u0301 des postes et des te\u0301le\u0301communications, Radwan Abdillahi Bahdon, a rec\u0327u dans ...","breadcrumb":{"@id":"https:\/\/www.africa-press.net\/djibouti\/politique\/le-ministre-de-la-communication-recoit-en-visite-de-courtoisie-le-nouvel-ambassadeur-du-royaume-uni#breadcrumb"},"inLanguage":"fr-FR","potentialAction":[{"@type":"ReadAction","target":["https:\/\/www.africa-press.net\/djibouti\/politique\/le-ministre-de-la-communication-recoit-en-visite-de-courtoisie-le-nouvel-ambassadeur-du-royaume-uni"]}]},{"@type":"ImageObject","inLanguage":"fr-FR","@id":"https:\/\/www.africa-press.net\/djibouti\/politique\/le-ministre-de-la-communication-recoit-en-visite-de-courtoisie-le-nouvel-ambassadeur-du-royaume-uni#primaryimage","url":"https:\/\/static.africa-press.net\/djibouti\/sites\/52\/2023\/10\/sm_1697115459.112922.jpg","contentUrl":"https:\/\/static.africa-press.net\/djibouti\/sites\/52\/2023\/10\/sm_1697115459.112922.jpg","width":720,"height":480,"caption":"Le ministre de la communication re\u00e7oit en visite de courtoisie le nouvel ambassadeur du Royaume-Uni"},{"@type":"BreadcrumbList","@id":"https:\/\/www.africa-press.net\/djibouti\/politique\/le-ministre-de-la-communication-recoit-en-visite-de-courtoisie-le-nouvel-ambassadeur-du-royaume-uni#breadcrumb","itemListElement":[{"@type":"ListItem","position":1,"name":"Accueil","item":"https:\/\/www.africa-press.net\/djibouti\/"},{"@type":"ListItem","position":2,"name":"Le ministre de la communication re\u00e7oit en visite de courtoisie le nouvel ambassadeur du Royaume-Uni"}]},{"@type":"WebSite","@id":"https:\/\/www.africa-press.net\/djibouti\/#website","url":"https:\/\/www.africa-press.net\/djibouti\/","name":"Djibouti","description":"Just another Africa News Agency Sites site","potentialAction":[{"@type":"SearchAction","target":{"@type":"EntryPoint","urlTemplate":"https:\/\/www.africa-press.net\/djibouti\/?s={search_term_string}"},"query-input":{"@type":"PropertyValueSpecification","valueRequired":true,"valueName":"search_term_string"}}],"inLanguage":"fr-FR"},{"@type":"Person","@id":"https:\/\/www.africa-press.net\/djibouti\/#\/schema\/person\/2b1cf3cd81a31e3cd26889ca66d677f1","name":"cfeditorfr"}]}},"_links":{"self":[{"href":"https:\/\/www.africa-press.net\/djibouti\/wp-json\/wp\/v2\/posts\/19048","targetHints":{"allow":["GET"]}}],"collection":[{"href":"https:\/\/www.africa-press.net\/djibouti\/wp-json\/wp\/v2\/posts"}],"about":[{"href":"https:\/\/www.africa-press.net\/djibouti\/wp-json\/wp\/v2\/types\/post"}],"author":[{"embeddable":true,"href":"https:\/\/www.africa-press.net\/djibouti\/wp-json\/wp\/v2\/users\/82"}],"replies":[{"embeddable":true,"href":"https:\/\/www.africa-press.net\/djibouti\/wp-json\/wp\/v2\/comments?post=19048"}],"version-history":[{"count":0,"href":"https:\/\/www.africa-press.net\/djibouti\/wp-json\/wp\/v2\/posts\/19048\/revisions"}],"wp:featuredmedia":[{"embeddable":true,"href":"https:\/\/www.africa-press.net\/djibouti\/wp-json\/wp\/v2\/media\/19047"}],"wp:attachment":[{"href":"https:\/\/www.africa-press.net\/djibouti\/wp-json\/wp\/v2\/media?parent=19048"}],"wp:term":[{"taxonomy":"category","embeddable":true,"href":"https:\/\/www.africa-press.net\/djibouti\/wp-json\/wp\/v2\/categories?post=19048"},{"taxonomy":"post_tag","embeddable":true,"href":"https:\/\/www.africa-press.net\/djibouti\/wp-json\/wp\/v2\/tags?post=19048"}],"curies":[{"name":"wp","href":"https:\/\/api.w.org\/{rel}","templated":true}]}}