{"id":19053,"date":"2023-10-12T15:32:33","date_gmt":"2023-10-12T15:32:33","guid":{"rendered":"https:\/\/www.africa-press.net\/djibouti\/politique\/remise-du-certificat-de-reussite-a-la-1ere-promotion-des-auditeurs-de-justice-de-lenej-promotion-abdourahman-cheick-mohamed"},"modified":"2023-10-12T16:28:22","modified_gmt":"2023-10-12T16:28:22","slug":"remise-du-certificat-de-reussite-a-la-1ere-promotion-des-auditeurs-de-justice-de-lenej-promotion-abdourahman-cheick-mohamed","status":"publish","type":"post","link":"https:\/\/www.africa-press.net\/djibouti\/politique\/remise-du-certificat-de-reussite-a-la-1ere-promotion-des-auditeurs-de-justice-de-lenej-promotion-abdourahman-cheick-mohamed","title":{"rendered":"Remise du certificat de r\u00e9ussite \u00e0 la 1\u00e8re promotion des auditeurs de justice de l\u2019ENEJ, \u00ab Promotion Abdourahman Cheick Mohamed \u00bb"},"content":{"rendered":"<p><span style=\"color: #ff6600\"><strong>Africa-Press &#8211; Djibouti. <\/strong><\/span>Le ministre de la justice et des affaires pe\u0301nitentiaires, charge\u0301 des droits de l\u2019homme, Ali Hassan Bahdon, a pre\u0301side\u0301 hier au palais du peuple la ce\u0301re\u0301monie de remise de certificats de re\u0301ussite a\u0300 la 1e\u0300re promotion des auditeurs de justice, promotion \u00ab feu Abdourahman Cheikh Mohamed \u00bb de l\u2019Ecole Nationale d\u2019Etudes Judiciaires.<\/p>\n<p>Cette ce\u0301re\u0301monie, qui a eu lieu en pre\u0301sence notamment du ministre du travail charge\u0301 de la formalisation et de la protection sociale, Omar Abdi Said a e\u0301te\u0301 marque\u0301e par des discours officiels fe\u0301licitant et encourageant les laure\u0301ats.<\/p>\n<p>Depuis son accession a\u0300 la magistrature supre\u0302me de notre pays, le Pre\u0301sident de la Re\u0301publique, Chef du Gouvernement a entrepris divers chantiers d\u2019envergure pour consolider l\u2019inde\u0301pendance du pouvoir judiciaire et renforcer notre Etat de droit.C\u2019est dans cette perspective qu\u2019a e\u0301te\u0301 cre\u0301e\u0301e l\u2019Ecole Nationale d\u2019Etudes Judiciaires qui vise a\u0300 re\u0301hausser la qualite\u0301 du service public de la justice, d\u2019ame\u0301liorer l\u2019acce\u0300s a\u0300 la magistrature et la formation des magistrats et de rapprocher la justice des justiciables.<\/p>\n<p>C\u2019est depuis la fin 2021 que l\u2019ENEJ est fonctionnelle. Ainsi l\u2019e\u0301cole fait partie du paysage judiciaire de notre pays gra\u0302ce au ministre de la justice qui a eu l\u2019ide\u0301e de sa cre\u0301ation. Elle participe aussi a\u0300 la consolidation des acquis universitaires et\/ou professionnels des magistrats, auxiliaires de justice ou toute autre profession assimile\u0301e ayant trait au domaine juridique ou judiciaire. Au cours de la ce\u0301re\u0301monie, les autorite\u0301s pre\u0301sentesont tour a\u0300 tour fe\u0301licite\u0301 et encourage\u0301 les laure\u0301ats : \u00abnous vous fe\u0301licitons pour la re\u0301ussite de votre formation et nous vous souhaitons succe\u0300s dans votre carrie\u0300re professionnelle qui sera au service des justiciables Djiboutiens, vous pouvez e\u0302tre fiers du travail accompli\u00bb.<\/p>\n<p>Rappelant que la magistrature doit e\u0302tre un corps vivant, appele\u0301e a\u0300 e\u0301voluer avec la socie\u0301te\u0301 et de re\u0301pondre pleinement a\u0300 l\u2019enjeu de la modernisation de la justice et de son adaptation aux transformations socie\u0301tales. Durant la formation a\u0300l\u2019Ecole nationale d\u2019Etudes Judiciaire (ENEJ), les laure\u0301ats ont suivi une anne\u0301e d\u2019apprentissage sur les principes fondamentaux du droit, les disciplines connexes et le perfectionnement au sein des juridictions nationales et des cabinets d\u2019avocat. Ainsi l\u2019anne\u0301e d\u2019apprentissage avait pour but d\u2019habiliter les magistrats stagiaires, de\u0300s leur nomination, a\u0300 exercer les fonctions de la magistrature dans des conditions convenables, d\u2019autant plus que les de\u0301cisions prises par le magistrat dans sa vie professionnelle ont un impact imme\u0301diat et concret, que ce soit sur les personnes ou sur l\u2019ordre social. En fin de ce\u0301re\u0301monie, les laure\u0301ats ont rec\u0327u leurs certificats de re\u0301ussite par les autorite\u0301s pre\u0301sentes.<\/p>\n\r\n                <style type=\"text\/css\">\r\n                    \r\n                    #td_uid_1_69f384326d4c6  .td-doubleSlider-2 .td-item1 {\r\n                        background: url(https:\/\/static.africa-press.net\/djibouti\/sites\/52\/2023\/10\/sm_1697115470.053795-80x60.jpg) 0 0 no-repeat;\r\n                    }\r\n                    #td_uid_1_69f384326d4c6  .td-doubleSlider-2 .td-item2 {\r\n                        background: url(https:\/\/static.africa-press.net\/djibouti\/sites\/52\/2023\/10\/sm_1697115477.018082-80x60.jpg) 0 0 no-repeat;\r\n                    }\r\n                <\/style>\r\n\r\n                <div id=\"td_uid_1_69f384326d4c6\" class=\"td-gallery td-slide-on-2-columns\">\r\n                    <div class=\"post_td_gallery\">\r\n                        <div class=\"td-gallery-slide-top\">\r\n                           <div class=\"td-gallery-title\"><\/div>\r\n\r\n                            <div class=\"td-gallery-controls-wrapper\">\r\n                                <div class=\"td-gallery-slide-count\"><span class=\"td-gallery-slide-item-focus\">1<\/span> de 2<\/div>\r\n                                <div class=\"td-gallery-slide-prev-next-but\">\r\n                                    <i class = \"td-icon-left doubleSliderPrevButton\"><\/i>\r\n                                    <i class = \"td-icon-right doubleSliderNextButton\"><\/i>\r\n                                <\/div>\r\n                            <\/div>\r\n                        <\/div>\r\n\r\n                        <div class = \"td-doubleSlider-1 \">\r\n                            <div class = \"td-slider\">\r\n                                \r\n                    <div class = \"td-slide-item td-item1\">\r\n                        <figure class=\"td-slide-galery-figure td-slide-popup-gallery\">\r\n                            <a class=\"slide-gallery-image-link\" href=\"https:\/\/static.africa-press.net\/djibouti\/sites\/52\/2023\/10\/sm_1697115470.053795.jpg\" title=\"sm_1697115470.053795\"  data-caption=\"\"  data-description=\"\">\r\n                                <img decoding=\"async\" src=\"https:\/\/static.africa-press.net\/djibouti\/sites\/52\/2023\/10\/sm_1697115470.053795.jpg\" srcset=\"https:\/\/static.africa-press.net\/djibouti\/sites\/52\/2023\/10\/sm_1697115470.053795.jpg 1024w, https:\/\/static.africa-press.net\/djibouti\/sites\/52\/2023\/10\/sm_1697115470.053795-300x200.jpg 300w, https:\/\/static.africa-press.net\/djibouti\/sites\/52\/2023\/10\/sm_1697115470.053795-768x512.jpg 768w\" sizes=\"(max-width: 1024px) 100vw, 1024px\" alt=\"\">\r\n                            <\/a>\r\n                            \r\n                        <\/figure>\r\n                    <\/div>\r\n                    <div class = \"td-slide-item td-item2\">\r\n                        <figure class=\"td-slide-galery-figure td-slide-popup-gallery\">\r\n                            <a class=\"slide-gallery-image-link\" href=\"https:\/\/static.africa-press.net\/djibouti\/sites\/52\/2023\/10\/sm_1697115477.018082.jpg\" title=\"sm_1697115477.018082\"  data-caption=\"\"  data-description=\"\">\r\n                                <img decoding=\"async\" src=\"https:\/\/static.africa-press.net\/djibouti\/sites\/52\/2023\/10\/sm_1697115477.018082.jpg\" srcset=\"https:\/\/static.africa-press.net\/djibouti\/sites\/52\/2023\/10\/sm_1697115477.018082.jpg 768w, https:\/\/static.africa-press.net\/djibouti\/sites\/52\/2023\/10\/sm_1697115477.018082-300x200.jpg 300w\" sizes=\"(max-width: 768px) 100vw, 768px\" alt=\"\">\r\n                            <\/a>\r\n                            \r\n                        <\/figure>\r\n                    <\/div>\r\n                            <\/div>\r\n                        <\/div>\r\n\r\n                        <div class = \"td-doubleSlider-2\">\r\n                            <div class = \"td-slider\">\r\n                                \r\n                    <div class = \"td-button td-item1\">\r\n                        <div class = \"td-border\"><\/div>\r\n                    <\/div>\r\n                    <div class = \"td-button td-item2\">\r\n                        <div class = \"td-border\"><\/div>\r\n                    <\/div>\r\n                            <\/div>\r\n                        <\/div>\r\n\r\n                    <\/div>\r\n\r\n                <\/div>\r\n                \n<p><strong>Pour plus d&rsquo;informations et d&rsquo;analyses sur la <a href=\"https:\/\/www.africa-press.net\/djibouti\">Djibouti<\/a>, suivez <a href=\"https:\/\/www.africa-press.net\/\">Africa-Press<\/a><\/strong><\/p>\n","protected":false},"excerpt":{"rendered":"<p>Africa-Press &#8211; Djibouti. Le ministre de la justice et des affaires pe\u0301nitentiaires, charge\u0301 des droits de l\u2019homme, Ali Hassan Bahdon, a pre\u0301side\u0301 hier au palais du peuple la ce\u0301re\u0301monie de remise de certificats de re\u0301ussite a\u0300 la 1e\u0300re promotion des auditeurs de justice, promotion \u00ab feu Abdourahman Cheikh Mohamed \u00bb de l\u2019Ecole Nationale d\u2019Etudes Judiciaires. [&hellip;]<\/p>\n","protected":false},"author":82,"featured_media":19052,"comment_status":"open","ping_status":"closed","sticky":false,"template":"","format":"standard","meta":{"footnotes":""},"categories":[8,2,10],"tags":[36,49,50],"class_list":["post-19053","post","type-post","status-publish","format-standard","has-post-thumbnail","hentry","category-photo","category-politique","category-toutes-les-actualites","tag-africa-press","tag-africa-press-djibouti","tag-djibouti"],"yoast_head":"<!-- This site is optimized with the Yoast SEO Premium plugin v26.1 (Yoast SEO v27.0) - https:\/\/yoast.com\/product\/yoast-seo-premium-wordpress\/ -->\n<title>Remise du certificat de r\u00e9ussite \u00e0 la 1\u00e8re promotion des auditeurs de justice de l\u2019ENEJ, \u00ab Promotion Abdourahman Cheick Mohamed \u00bb - Djibouti<\/title>\n<meta name=\"description\" content=\"Le ministre de la justice et des affaires pe\u0301nitentiaires, charge\u0301 des droits de l\u2019homme, Ali Hassan Bahdon, a pre\u0301side\u0301 ...\" \/>\n<meta name=\"robots\" content=\"index, follow, max-snippet:-1, max-image-preview:large, max-video-preview:-1\" \/>\n<link rel=\"canonical\" href=\"https:\/\/www.africa-press.net\/djibouti\/politique\/remise-du-certificat-de-reussite-a-la-1ere-promotion-des-auditeurs-de-justice-de-lenej-promotion-abdourahman-cheick-mohamed\" \/>\n<meta property=\"og:locale\" content=\"fr_FR\" \/>\n<meta property=\"og:type\" content=\"article\" \/>\n<meta property=\"og:title\" content=\"Remise du certificat de r\u00e9ussite \u00e0 la 1\u00e8re promotion des auditeurs de justice de l\u2019ENEJ, \u00ab Promotion Abdourahman Cheick Mohamed \u00bb\" \/>\n<meta property=\"og:description\" content=\"Le ministre de la justice et des affaires pe\u0301nitentiaires, charge\u0301 des droits de l\u2019homme, Ali Hassan Bahdon, a pre\u0301side\u0301 ...\" \/>\n<meta property=\"og:url\" content=\"https:\/\/www.africa-press.net\/djibouti\/politique\/remise-du-certificat-de-reussite-a-la-1ere-promotion-des-auditeurs-de-justice-de-lenej-promotion-abdourahman-cheick-mohamed\" \/>\n<meta property=\"og:site_name\" content=\"Djibouti\" \/>\n<meta property=\"article:published_time\" content=\"2023-10-12T15:32:33+00:00\" \/>\n<meta property=\"article:modified_time\" content=\"2023-10-12T16:28:22+00:00\" \/>\n<meta property=\"og:image\" content=\"https:\/\/static.africa-press.net\/djibouti\/sites\/52\/2023\/10\/sm_1697115484.815945.jpg\" \/>\n\t<meta property=\"og:image:width\" content=\"720\" \/>\n\t<meta property=\"og:image:height\" content=\"480\" \/>\n\t<meta property=\"og:image:type\" content=\"image\/jpeg\" \/>\n<meta name=\"author\" content=\"cfeditorfr\" \/>\n<meta name=\"twitter:card\" content=\"summary_large_image\" \/>\n<meta name=\"twitter:label1\" content=\"\u00c9crit par\" \/>\n\t<meta name=\"twitter:data1\" content=\"cfeditorfr\" \/>\n\t<meta name=\"twitter:label2\" content=\"Dur\u00e9e de lecture estim\u00e9e\" \/>\n\t<meta name=\"twitter:data2\" content=\"3 minutes\" \/>\n<script type=\"application\/ld+json\" class=\"yoast-schema-graph\">{\"@context\":\"https:\/\/schema.org\",\"@graph\":[{\"@type\":\"Article\",\"@id\":\"https:\/\/www.africa-press.net\/djibouti\/politique\/remise-du-certificat-de-reussite-a-la-1ere-promotion-des-auditeurs-de-justice-de-lenej-promotion-abdourahman-cheick-mohamed#article\",\"isPartOf\":{\"@id\":\"https:\/\/www.africa-press.net\/djibouti\/politique\/remise-du-certificat-de-reussite-a-la-1ere-promotion-des-auditeurs-de-justice-de-lenej-promotion-abdourahman-cheick-mohamed\"},\"author\":{\"name\":\"cfeditorfr\",\"@id\":\"https:\/\/www.africa-press.net\/djibouti\/#\/schema\/person\/2b1cf3cd81a31e3cd26889ca66d677f1\"},\"headline\":\"Remise du certificat de r\u00e9ussite \u00e0 la 1\u00e8re promotion des auditeurs de justice de l\u2019ENEJ, \u00ab Promotion Abdourahman Cheick Mohamed \u00bb\",\"datePublished\":\"2023-10-12T15:32:33+00:00\",\"dateModified\":\"2023-10-12T16:28:22+00:00\",\"mainEntityOfPage\":{\"@id\":\"https:\/\/www.africa-press.net\/djibouti\/politique\/remise-du-certificat-de-reussite-a-la-1ere-promotion-des-auditeurs-de-justice-de-lenej-promotion-abdourahman-cheick-mohamed\"},\"wordCount\":538,\"commentCount\":0,\"image\":{\"@id\":\"https:\/\/www.africa-press.net\/djibouti\/politique\/remise-du-certificat-de-reussite-a-la-1ere-promotion-des-auditeurs-de-justice-de-lenej-promotion-abdourahman-cheick-mohamed#primaryimage\"},\"thumbnailUrl\":\"https:\/\/static.africa-press.net\/djibouti\/sites\/52\/2023\/10\/sm_1697115484.815945.jpg\",\"keywords\":[\"Africa Press\",\"Africa Press-Djibouti\",\"Djibouti\"],\"articleSection\":[\"Photo\",\"Politique\",\"Toutes les actualit\u00e9s\"],\"inLanguage\":\"fr-FR\",\"potentialAction\":[{\"@type\":\"CommentAction\",\"name\":\"Comment\",\"target\":[\"https:\/\/www.africa-press.net\/djibouti\/politique\/remise-du-certificat-de-reussite-a-la-1ere-promotion-des-auditeurs-de-justice-de-lenej-promotion-abdourahman-cheick-mohamed#respond\"]}]},{\"@type\":\"WebPage\",\"@id\":\"https:\/\/www.africa-press.net\/djibouti\/politique\/remise-du-certificat-de-reussite-a-la-1ere-promotion-des-auditeurs-de-justice-de-lenej-promotion-abdourahman-cheick-mohamed\",\"url\":\"https:\/\/www.africa-press.net\/djibouti\/politique\/remise-du-certificat-de-reussite-a-la-1ere-promotion-des-auditeurs-de-justice-de-lenej-promotion-abdourahman-cheick-mohamed\",\"name\":\"Remise du certificat de r\u00e9ussite \u00e0 la 1\u00e8re promotion des auditeurs de justice de l\u2019ENEJ, \u00ab Promotion Abdourahman Cheick Mohamed \u00bb - Djibouti\",\"isPartOf\":{\"@id\":\"https:\/\/www.africa-press.net\/djibouti\/#website\"},\"primaryImageOfPage\":{\"@id\":\"https:\/\/www.africa-press.net\/djibouti\/politique\/remise-du-certificat-de-reussite-a-la-1ere-promotion-des-auditeurs-de-justice-de-lenej-promotion-abdourahman-cheick-mohamed#primaryimage\"},\"image\":{\"@id\":\"https:\/\/www.africa-press.net\/djibouti\/politique\/remise-du-certificat-de-reussite-a-la-1ere-promotion-des-auditeurs-de-justice-de-lenej-promotion-abdourahman-cheick-mohamed#primaryimage\"},\"thumbnailUrl\":\"https:\/\/static.africa-press.net\/djibouti\/sites\/52\/2023\/10\/sm_1697115484.815945.jpg\",\"datePublished\":\"2023-10-12T15:32:33+00:00\",\"dateModified\":\"2023-10-12T16:28:22+00:00\",\"author\":{\"@id\":\"https:\/\/www.africa-press.net\/djibouti\/#\/schema\/person\/2b1cf3cd81a31e3cd26889ca66d677f1\"},\"description\":\"Le ministre de la justice et des affaires pe\u0301nitentiaires, charge\u0301 des droits de l\u2019homme, Ali Hassan Bahdon, a pre\u0301side\u0301 ...\",\"breadcrumb\":{\"@id\":\"https:\/\/www.africa-press.net\/djibouti\/politique\/remise-du-certificat-de-reussite-a-la-1ere-promotion-des-auditeurs-de-justice-de-lenej-promotion-abdourahman-cheick-mohamed#breadcrumb\"},\"inLanguage\":\"fr-FR\",\"potentialAction\":[{\"@type\":\"ReadAction\",\"target\":[\"https:\/\/www.africa-press.net\/djibouti\/politique\/remise-du-certificat-de-reussite-a-la-1ere-promotion-des-auditeurs-de-justice-de-lenej-promotion-abdourahman-cheick-mohamed\"]}]},{\"@type\":\"ImageObject\",\"inLanguage\":\"fr-FR\",\"@id\":\"https:\/\/www.africa-press.net\/djibouti\/politique\/remise-du-certificat-de-reussite-a-la-1ere-promotion-des-auditeurs-de-justice-de-lenej-promotion-abdourahman-cheick-mohamed#primaryimage\",\"url\":\"https:\/\/static.africa-press.net\/djibouti\/sites\/52\/2023\/10\/sm_1697115484.815945.jpg\",\"contentUrl\":\"https:\/\/static.africa-press.net\/djibouti\/sites\/52\/2023\/10\/sm_1697115484.815945.jpg\",\"width\":720,\"height\":480,\"caption\":\"Remise du certificat de r\u00e9ussite \u00e0 la 1\u00e8re promotion des auditeurs de justice de l\u2019ENEJ, \u00ab Promotion Abdourahman Cheick Mohamed \u00bb\"},{\"@type\":\"BreadcrumbList\",\"@id\":\"https:\/\/www.africa-press.net\/djibouti\/politique\/remise-du-certificat-de-reussite-a-la-1ere-promotion-des-auditeurs-de-justice-de-lenej-promotion-abdourahman-cheick-mohamed#breadcrumb\",\"itemListElement\":[{\"@type\":\"ListItem\",\"position\":1,\"name\":\"Accueil\",\"item\":\"https:\/\/www.africa-press.net\/djibouti\/\"},{\"@type\":\"ListItem\",\"position\":2,\"name\":\"Remise du certificat de r\u00e9ussite \u00e0 la 1\u00e8re promotion des auditeurs de justice de l\u2019ENEJ, \u00ab Promotion Abdourahman Cheick Mohamed \u00bb\"}]},{\"@type\":\"WebSite\",\"@id\":\"https:\/\/www.africa-press.net\/djibouti\/#website\",\"url\":\"https:\/\/www.africa-press.net\/djibouti\/\",\"name\":\"Djibouti\",\"description\":\"Just another Africa News Agency Sites site\",\"potentialAction\":[{\"@type\":\"SearchAction\",\"target\":{\"@type\":\"EntryPoint\",\"urlTemplate\":\"https:\/\/www.africa-press.net\/djibouti\/?s={search_term_string}\"},\"query-input\":{\"@type\":\"PropertyValueSpecification\",\"valueRequired\":true,\"valueName\":\"search_term_string\"}}],\"inLanguage\":\"fr-FR\"},{\"@type\":\"Person\",\"@id\":\"https:\/\/www.africa-press.net\/djibouti\/#\/schema\/person\/2b1cf3cd81a31e3cd26889ca66d677f1\",\"name\":\"cfeditorfr\"}]}<\/script>\n<!-- \/ Yoast SEO Premium plugin. -->","yoast_head_json":{"title":"Remise du certificat de r\u00e9ussite \u00e0 la 1\u00e8re promotion des auditeurs de justice de l\u2019ENEJ, \u00ab Promotion Abdourahman Cheick Mohamed \u00bb - Djibouti","description":"Le ministre de la justice et des affaires pe\u0301nitentiaires, charge\u0301 des droits de l\u2019homme, Ali Hassan Bahdon, a pre\u0301side\u0301 ...","robots":{"index":"index","follow":"follow","max-snippet":"max-snippet:-1","max-image-preview":"max-image-preview:large","max-video-preview":"max-video-preview:-1"},"canonical":"https:\/\/www.africa-press.net\/djibouti\/politique\/remise-du-certificat-de-reussite-a-la-1ere-promotion-des-auditeurs-de-justice-de-lenej-promotion-abdourahman-cheick-mohamed","og_locale":"fr_FR","og_type":"article","og_title":"Remise du certificat de r\u00e9ussite \u00e0 la 1\u00e8re promotion des auditeurs de justice de l\u2019ENEJ, \u00ab Promotion Abdourahman Cheick Mohamed \u00bb","og_description":"Le ministre de la justice et des affaires pe\u0301nitentiaires, charge\u0301 des droits de l\u2019homme, Ali Hassan Bahdon, a pre\u0301side\u0301 ...","og_url":"https:\/\/www.africa-press.net\/djibouti\/politique\/remise-du-certificat-de-reussite-a-la-1ere-promotion-des-auditeurs-de-justice-de-lenej-promotion-abdourahman-cheick-mohamed","og_site_name":"Djibouti","article_published_time":"2023-10-12T15:32:33+00:00","article_modified_time":"2023-10-12T16:28:22+00:00","og_image":[{"width":720,"height":480,"url":"https:\/\/static.africa-press.net\/djibouti\/sites\/52\/2023\/10\/sm_1697115484.815945.jpg","type":"image\/jpeg"}],"author":"cfeditorfr","twitter_card":"summary_large_image","twitter_misc":{"\u00c9crit par":"cfeditorfr","Dur\u00e9e de lecture estim\u00e9e":"3 minutes"},"schema":{"@context":"https:\/\/schema.org","@graph":[{"@type":"Article","@id":"https:\/\/www.africa-press.net\/djibouti\/politique\/remise-du-certificat-de-reussite-a-la-1ere-promotion-des-auditeurs-de-justice-de-lenej-promotion-abdourahman-cheick-mohamed#article","isPartOf":{"@id":"https:\/\/www.africa-press.net\/djibouti\/politique\/remise-du-certificat-de-reussite-a-la-1ere-promotion-des-auditeurs-de-justice-de-lenej-promotion-abdourahman-cheick-mohamed"},"author":{"name":"cfeditorfr","@id":"https:\/\/www.africa-press.net\/djibouti\/#\/schema\/person\/2b1cf3cd81a31e3cd26889ca66d677f1"},"headline":"Remise du certificat de r\u00e9ussite \u00e0 la 1\u00e8re promotion des auditeurs de justice de l\u2019ENEJ, \u00ab Promotion Abdourahman Cheick Mohamed \u00bb","datePublished":"2023-10-12T15:32:33+00:00","dateModified":"2023-10-12T16:28:22+00:00","mainEntityOfPage":{"@id":"https:\/\/www.africa-press.net\/djibouti\/politique\/remise-du-certificat-de-reussite-a-la-1ere-promotion-des-auditeurs-de-justice-de-lenej-promotion-abdourahman-cheick-mohamed"},"wordCount":538,"commentCount":0,"image":{"@id":"https:\/\/www.africa-press.net\/djibouti\/politique\/remise-du-certificat-de-reussite-a-la-1ere-promotion-des-auditeurs-de-justice-de-lenej-promotion-abdourahman-cheick-mohamed#primaryimage"},"thumbnailUrl":"https:\/\/static.africa-press.net\/djibouti\/sites\/52\/2023\/10\/sm_1697115484.815945.jpg","keywords":["Africa Press","Africa Press-Djibouti","Djibouti"],"articleSection":["Photo","Politique","Toutes les actualit\u00e9s"],"inLanguage":"fr-FR","potentialAction":[{"@type":"CommentAction","name":"Comment","target":["https:\/\/www.africa-press.net\/djibouti\/politique\/remise-du-certificat-de-reussite-a-la-1ere-promotion-des-auditeurs-de-justice-de-lenej-promotion-abdourahman-cheick-mohamed#respond"]}]},{"@type":"WebPage","@id":"https:\/\/www.africa-press.net\/djibouti\/politique\/remise-du-certificat-de-reussite-a-la-1ere-promotion-des-auditeurs-de-justice-de-lenej-promotion-abdourahman-cheick-mohamed","url":"https:\/\/www.africa-press.net\/djibouti\/politique\/remise-du-certificat-de-reussite-a-la-1ere-promotion-des-auditeurs-de-justice-de-lenej-promotion-abdourahman-cheick-mohamed","name":"Remise du certificat de r\u00e9ussite \u00e0 la 1\u00e8re promotion des auditeurs de justice de l\u2019ENEJ, \u00ab Promotion Abdourahman Cheick Mohamed \u00bb - Djibouti","isPartOf":{"@id":"https:\/\/www.africa-press.net\/djibouti\/#website"},"primaryImageOfPage":{"@id":"https:\/\/www.africa-press.net\/djibouti\/politique\/remise-du-certificat-de-reussite-a-la-1ere-promotion-des-auditeurs-de-justice-de-lenej-promotion-abdourahman-cheick-mohamed#primaryimage"},"image":{"@id":"https:\/\/www.africa-press.net\/djibouti\/politique\/remise-du-certificat-de-reussite-a-la-1ere-promotion-des-auditeurs-de-justice-de-lenej-promotion-abdourahman-cheick-mohamed#primaryimage"},"thumbnailUrl":"https:\/\/static.africa-press.net\/djibouti\/sites\/52\/2023\/10\/sm_1697115484.815945.jpg","datePublished":"2023-10-12T15:32:33+00:00","dateModified":"2023-10-12T16:28:22+00:00","author":{"@id":"https:\/\/www.africa-press.net\/djibouti\/#\/schema\/person\/2b1cf3cd81a31e3cd26889ca66d677f1"},"description":"Le ministre de la justice et des affaires pe\u0301nitentiaires, charge\u0301 des droits de l\u2019homme, Ali Hassan Bahdon, a pre\u0301side\u0301 ...","breadcrumb":{"@id":"https:\/\/www.africa-press.net\/djibouti\/politique\/remise-du-certificat-de-reussite-a-la-1ere-promotion-des-auditeurs-de-justice-de-lenej-promotion-abdourahman-cheick-mohamed#breadcrumb"},"inLanguage":"fr-FR","potentialAction":[{"@type":"ReadAction","target":["https:\/\/www.africa-press.net\/djibouti\/politique\/remise-du-certificat-de-reussite-a-la-1ere-promotion-des-auditeurs-de-justice-de-lenej-promotion-abdourahman-cheick-mohamed"]}]},{"@type":"ImageObject","inLanguage":"fr-FR","@id":"https:\/\/www.africa-press.net\/djibouti\/politique\/remise-du-certificat-de-reussite-a-la-1ere-promotion-des-auditeurs-de-justice-de-lenej-promotion-abdourahman-cheick-mohamed#primaryimage","url":"https:\/\/static.africa-press.net\/djibouti\/sites\/52\/2023\/10\/sm_1697115484.815945.jpg","contentUrl":"https:\/\/static.africa-press.net\/djibouti\/sites\/52\/2023\/10\/sm_1697115484.815945.jpg","width":720,"height":480,"caption":"Remise du certificat de r\u00e9ussite \u00e0 la 1\u00e8re promotion des auditeurs de justice de l\u2019ENEJ, \u00ab Promotion Abdourahman Cheick Mohamed \u00bb"},{"@type":"BreadcrumbList","@id":"https:\/\/www.africa-press.net\/djibouti\/politique\/remise-du-certificat-de-reussite-a-la-1ere-promotion-des-auditeurs-de-justice-de-lenej-promotion-abdourahman-cheick-mohamed#breadcrumb","itemListElement":[{"@type":"ListItem","position":1,"name":"Accueil","item":"https:\/\/www.africa-press.net\/djibouti\/"},{"@type":"ListItem","position":2,"name":"Remise du certificat de r\u00e9ussite \u00e0 la 1\u00e8re promotion des auditeurs de justice de l\u2019ENEJ, \u00ab Promotion Abdourahman Cheick Mohamed \u00bb"}]},{"@type":"WebSite","@id":"https:\/\/www.africa-press.net\/djibouti\/#website","url":"https:\/\/www.africa-press.net\/djibouti\/","name":"Djibouti","description":"Just another Africa News Agency Sites site","potentialAction":[{"@type":"SearchAction","target":{"@type":"EntryPoint","urlTemplate":"https:\/\/www.africa-press.net\/djibouti\/?s={search_term_string}"},"query-input":{"@type":"PropertyValueSpecification","valueRequired":true,"valueName":"search_term_string"}}],"inLanguage":"fr-FR"},{"@type":"Person","@id":"https:\/\/www.africa-press.net\/djibouti\/#\/schema\/person\/2b1cf3cd81a31e3cd26889ca66d677f1","name":"cfeditorfr"}]}},"_links":{"self":[{"href":"https:\/\/www.africa-press.net\/djibouti\/wp-json\/wp\/v2\/posts\/19053","targetHints":{"allow":["GET"]}}],"collection":[{"href":"https:\/\/www.africa-press.net\/djibouti\/wp-json\/wp\/v2\/posts"}],"about":[{"href":"https:\/\/www.africa-press.net\/djibouti\/wp-json\/wp\/v2\/types\/post"}],"author":[{"embeddable":true,"href":"https:\/\/www.africa-press.net\/djibouti\/wp-json\/wp\/v2\/users\/82"}],"replies":[{"embeddable":true,"href":"https:\/\/www.africa-press.net\/djibouti\/wp-json\/wp\/v2\/comments?post=19053"}],"version-history":[{"count":0,"href":"https:\/\/www.africa-press.net\/djibouti\/wp-json\/wp\/v2\/posts\/19053\/revisions"}],"wp:featuredmedia":[{"embeddable":true,"href":"https:\/\/www.africa-press.net\/djibouti\/wp-json\/wp\/v2\/media\/19052"}],"wp:attachment":[{"href":"https:\/\/www.africa-press.net\/djibouti\/wp-json\/wp\/v2\/media?parent=19053"}],"wp:term":[{"taxonomy":"category","embeddable":true,"href":"https:\/\/www.africa-press.net\/djibouti\/wp-json\/wp\/v2\/categories?post=19053"},{"taxonomy":"post_tag","embeddable":true,"href":"https:\/\/www.africa-press.net\/djibouti\/wp-json\/wp\/v2\/tags?post=19053"}],"curies":[{"name":"wp","href":"https:\/\/api.w.org\/{rel}","templated":true}]}}