{"id":19106,"date":"2023-10-14T15:37:03","date_gmt":"2023-10-14T15:37:03","guid":{"rendered":"https:\/\/www.africa-press.net\/djibouti\/politique\/a-marrakesh-maroc-la-delegation-djiboutienne-de-haut-niveau-sentretient-avec-le-president-du-conseil-dadministration-et-directeur-general-du-fades"},"modified":"2023-10-14T15:45:29","modified_gmt":"2023-10-14T15:45:29","slug":"a-marrakesh-maroc-la-delegation-djiboutienne-de-haut-niveau-sentretient-avec-le-president-du-conseil-dadministration-et-directeur-general-du-fades","status":"publish","type":"post","link":"https:\/\/www.africa-press.net\/djibouti\/politique\/a-marrakesh-maroc-la-delegation-djiboutienne-de-haut-niveau-sentretient-avec-le-president-du-conseil-dadministration-et-directeur-general-du-fades","title":{"rendered":"A Marrakesh (Maroc), la d\u00e9l\u00e9gation djiboutienne de haut niveau s&rsquo;entretient avec le pr\u00e9sident du conseil d&rsquo;administration et directeur g\u00e9n\u00e9ral du FADES"},"content":{"rendered":"<p><span style=\"color: #ff6600\"><strong>Africa-Press &#8211; Djibouti. <\/strong><\/span>En marge des Assemble\u0301es annuelles de la Banque mondiale et du FMI, la de\u0301le\u0301gation djiboutienne, conduite par le, ministre de l&rsquo;E\u0301conomie et des Finances, M. Ilyas Moussa Dawaleh, accompagne\u0301 de son colle\u0300gue du Budget, M. Isman Ibrahim Robleh, a rencontre\u0301 la de\u0301le\u0301gation du Fonds Arabe pour le De\u0301veloppement E\u0301conomique et Social (FADES), dirige\u0301e par M. Badr Alsaad, pre\u0301sident du conseil d&rsquo;administration et directeur ge\u0301ne\u0301ral du Fonds.<\/p>\n<p>Cette re\u0301union avait pour objectif de renforcer et de consolider les relations de partenariat entre la Re\u0301publique de Djibouti et le FADES.<\/p>\n<p>Il convient de rappeler que le FADES est, depuis septembre 2020, un partenaire strate\u0301gique majeur dans le de\u0301veloppement de Djibouti, apportant un soutien significatif aux efforts du gouvernement dans la mise en \u0153uvre de sa politique de de\u0301veloppement, en se concentrant sur des domaines cle\u0301s tels que l&rsquo;e\u0301nergie, l&rsquo;urbanisme et l&rsquo;e\u0301ducation.<\/p>\n<p>Ce partenariat a permis de stimuler la croissance e\u0301conomique et d&rsquo;ame\u0301liorer les infrastructures essentielles dans le pays.<\/p>\n<p>Le ministre de l&rsquo;E\u0301conomie et des Finances, M. Ilyas Moussa Dawaleh, a mis en avant les opportunite\u0301s futures de coope\u0301ration, en mettant l&rsquo;accent sur l&rsquo;importance de l&rsquo;investissement dans des secteurs cle\u0301s pour le de\u0301veloppement durable du pays.<\/p>\n<p>Le FADES, a re\u0301affirme\u0301 son engagement a\u0300 continuer de soutenir Djibouti dans sa que\u0302te de prospe\u0301rite\u0301 e\u0301conomique et de bien-e\u0302tre pour sa population.<\/p>\n<p>En marge des Assemble\u0301es annuelles de la Banque mondiale et du FMI, la de\u0301le\u0301gation djiboutienne, conduite par le, ministre de l&rsquo;E\u0301conomie et des Finances, M. Ilyas Moussa Dawaleh, accompagne\u0301 de son colle\u0300gue du Budget, M. Isman Ibrahim Robleh, a rencontre\u0301 la de\u0301le\u0301gation du Fonds Arabe pour le De\u0301veloppement E\u0301conomique et Social (FADES), dirige\u0301e par M. Badr Alsaad, pre\u0301sident du conseil d&rsquo;administration et directeur ge\u0301ne\u0301ral du Fonds.<\/p>\n<p>Cette re\u0301union avait pour objectif de renforcer et de consolider les relations de partenariat entre la Re\u0301publique de Djibouti et le FADES.<\/p>\n<p>Il convient de rappeler que le FADES est, depuis septembre 2020, un partenaire strate\u0301gique majeur dans le de\u0301veloppement de Djibouti, apportant un soutien significatif aux efforts du gouvernement dans la mise en \u0153uvre de sa politique de de\u0301veloppement, en se concentrant sur des domaines cle\u0301s tels que l&rsquo;e\u0301nergie, l&rsquo;urbanisme et l&rsquo;e\u0301ducation.<\/p>\n<p>Ce partenariat a permis de stimuler la croissance e\u0301conomique et d&rsquo;ame\u0301liorer les infrastructures essentielles dans le pays.<\/p>\n<p>Le ministre de l&rsquo;E\u0301conomie et des Finances, M. Ilyas Moussa Dawaleh, a mis en avant les opportunite\u0301s futures de coope\u0301ration, en mettant l&rsquo;accent sur l&rsquo;importance de l&rsquo;investissement dans des secteurs cle\u0301s pour le de\u0301veloppement durable du pays.<\/p>\n<p>Le FADES, a re\u0301affirme\u0301 son engagement a\u0300 continuer de soutenir Djibouti dans sa que\u0302te de prospe\u0301rite\u0301 e\u0301conomique et de bien-e\u0302tre pour sa population.<\/p>\n<p><strong>Pour plus d&rsquo;informations et d&rsquo;analyses sur la <a href=\"https:\/\/www.africa-press.net\/djibouti\">Djibouti<\/a>, suivez <a href=\"https:\/\/www.africa-press.net\/\">Africa-Press<\/a><\/strong><\/p>\n","protected":false},"excerpt":{"rendered":"<p>Africa-Press &#8211; Djibouti. En marge des Assemble\u0301es annuelles de la Banque mondiale et du FMI, la de\u0301le\u0301gation djiboutienne, conduite par le, ministre de l&rsquo;E\u0301conomie et des Finances, M. Ilyas Moussa Dawaleh, accompagne\u0301 de son colle\u0300gue du Budget, M. Isman Ibrahim Robleh, a rencontre\u0301 la de\u0301le\u0301gation du Fonds Arabe pour le De\u0301veloppement E\u0301conomique et Social (FADES), [&hellip;]<\/p>\n","protected":false},"author":82,"featured_media":19105,"comment_status":"open","ping_status":"closed","sticky":false,"template":"","format":"standard","meta":{"footnotes":""},"categories":[2,20,10],"tags":[36,49,50],"class_list":["post-19106","post","type-post","status-publish","format-standard","has-post-thumbnail","hentry","category-politique","category-top-nouvelles","category-toutes-les-actualites","tag-africa-press","tag-africa-press-djibouti","tag-djibouti"],"yoast_head":"<!-- This site is optimized with the Yoast SEO Premium plugin v26.1 (Yoast SEO v27.0) - https:\/\/yoast.com\/product\/yoast-seo-premium-wordpress\/ -->\n<title>A Marrakesh (Maroc), la d\u00e9l\u00e9gation djiboutienne de haut niveau s&#039;entretient avec le pr\u00e9sident du conseil d&#039;administration et directeur g\u00e9n\u00e9ral du FADES - Djibouti<\/title>\n<meta name=\"description\" content=\"En marge des Assemble\u0301es annuelles de la Banque mondiale et du FMI, la de\u0301le\u0301gation djiboutienne, conduite par le, minis ...\" \/>\n<meta name=\"robots\" content=\"index, follow, max-snippet:-1, max-image-preview:large, max-video-preview:-1\" \/>\n<link rel=\"canonical\" href=\"https:\/\/www.africa-press.net\/djibouti\/politique\/a-marrakesh-maroc-la-delegation-djiboutienne-de-haut-niveau-sentretient-avec-le-president-du-conseil-dadministration-et-directeur-general-du-fades\" \/>\n<meta property=\"og:locale\" content=\"fr_FR\" \/>\n<meta property=\"og:type\" content=\"article\" \/>\n<meta property=\"og:title\" content=\"A Marrakesh (Maroc), la d\u00e9l\u00e9gation djiboutienne de haut niveau s&#039;entretient avec le pr\u00e9sident du conseil d&#039;administration et directeur g\u00e9n\u00e9ral du FADES\" \/>\n<meta property=\"og:description\" content=\"En marge des Assemble\u0301es annuelles de la Banque mondiale et du FMI, la de\u0301le\u0301gation djiboutienne, conduite par le, minis ...\" \/>\n<meta property=\"og:url\" content=\"https:\/\/www.africa-press.net\/djibouti\/politique\/a-marrakesh-maroc-la-delegation-djiboutienne-de-haut-niveau-sentretient-avec-le-president-du-conseil-dadministration-et-directeur-general-du-fades\" \/>\n<meta property=\"og:site_name\" content=\"Djibouti\" \/>\n<meta property=\"article:published_time\" content=\"2023-10-14T15:37:03+00:00\" \/>\n<meta property=\"article:modified_time\" content=\"2023-10-14T15:45:29+00:00\" \/>\n<meta property=\"og:image\" content=\"https:\/\/static.africa-press.net\/djibouti\/sites\/52\/2023\/10\/sm_1697285673.684058.jpg\" \/>\n\t<meta property=\"og:image:width\" content=\"900\" \/>\n\t<meta property=\"og:image:height\" content=\"675\" \/>\n\t<meta property=\"og:image:type\" content=\"image\/jpeg\" \/>\n<meta name=\"author\" content=\"cfeditorfr\" \/>\n<meta name=\"twitter:card\" content=\"summary_large_image\" \/>\n<meta name=\"twitter:label1\" content=\"\u00c9crit par\" \/>\n\t<meta name=\"twitter:data1\" content=\"cfeditorfr\" \/>\n\t<meta name=\"twitter:label2\" content=\"Dur\u00e9e de lecture estim\u00e9e\" \/>\n\t<meta name=\"twitter:data2\" content=\"3 minutes\" \/>\n<script type=\"application\/ld+json\" class=\"yoast-schema-graph\">{\"@context\":\"https:\/\/schema.org\",\"@graph\":[{\"@type\":\"Article\",\"@id\":\"https:\/\/www.africa-press.net\/djibouti\/politique\/a-marrakesh-maroc-la-delegation-djiboutienne-de-haut-niveau-sentretient-avec-le-president-du-conseil-dadministration-et-directeur-general-du-fades#article\",\"isPartOf\":{\"@id\":\"https:\/\/www.africa-press.net\/djibouti\/politique\/a-marrakesh-maroc-la-delegation-djiboutienne-de-haut-niveau-sentretient-avec-le-president-du-conseil-dadministration-et-directeur-general-du-fades\"},\"author\":{\"name\":\"cfeditorfr\",\"@id\":\"https:\/\/www.africa-press.net\/djibouti\/#\/schema\/person\/2b1cf3cd81a31e3cd26889ca66d677f1\"},\"headline\":\"A Marrakesh (Maroc), la d\u00e9l\u00e9gation djiboutienne de haut niveau s&rsquo;entretient avec le pr\u00e9sident du conseil d&rsquo;administration et directeur g\u00e9n\u00e9ral du FADES\",\"datePublished\":\"2023-10-14T15:37:03+00:00\",\"dateModified\":\"2023-10-14T15:45:29+00:00\",\"mainEntityOfPage\":{\"@id\":\"https:\/\/www.africa-press.net\/djibouti\/politique\/a-marrakesh-maroc-la-delegation-djiboutienne-de-haut-niveau-sentretient-avec-le-president-du-conseil-dadministration-et-directeur-general-du-fades\"},\"wordCount\":559,\"commentCount\":0,\"image\":{\"@id\":\"https:\/\/www.africa-press.net\/djibouti\/politique\/a-marrakesh-maroc-la-delegation-djiboutienne-de-haut-niveau-sentretient-avec-le-president-du-conseil-dadministration-et-directeur-general-du-fades#primaryimage\"},\"thumbnailUrl\":\"https:\/\/static.africa-press.net\/djibouti\/sites\/52\/2023\/10\/sm_1697285673.684058.jpg\",\"keywords\":[\"Africa Press\",\"Africa Press-Djibouti\",\"Djibouti\"],\"articleSection\":[\"Politique\",\"Top Nouvelles\",\"Toutes les actualit\u00e9s\"],\"inLanguage\":\"fr-FR\",\"potentialAction\":[{\"@type\":\"CommentAction\",\"name\":\"Comment\",\"target\":[\"https:\/\/www.africa-press.net\/djibouti\/politique\/a-marrakesh-maroc-la-delegation-djiboutienne-de-haut-niveau-sentretient-avec-le-president-du-conseil-dadministration-et-directeur-general-du-fades#respond\"]}]},{\"@type\":\"WebPage\",\"@id\":\"https:\/\/www.africa-press.net\/djibouti\/politique\/a-marrakesh-maroc-la-delegation-djiboutienne-de-haut-niveau-sentretient-avec-le-president-du-conseil-dadministration-et-directeur-general-du-fades\",\"url\":\"https:\/\/www.africa-press.net\/djibouti\/politique\/a-marrakesh-maroc-la-delegation-djiboutienne-de-haut-niveau-sentretient-avec-le-president-du-conseil-dadministration-et-directeur-general-du-fades\",\"name\":\"A Marrakesh (Maroc), la d\u00e9l\u00e9gation djiboutienne de haut niveau s'entretient avec le pr\u00e9sident du conseil d'administration et directeur g\u00e9n\u00e9ral du FADES - Djibouti\",\"isPartOf\":{\"@id\":\"https:\/\/www.africa-press.net\/djibouti\/#website\"},\"primaryImageOfPage\":{\"@id\":\"https:\/\/www.africa-press.net\/djibouti\/politique\/a-marrakesh-maroc-la-delegation-djiboutienne-de-haut-niveau-sentretient-avec-le-president-du-conseil-dadministration-et-directeur-general-du-fades#primaryimage\"},\"image\":{\"@id\":\"https:\/\/www.africa-press.net\/djibouti\/politique\/a-marrakesh-maroc-la-delegation-djiboutienne-de-haut-niveau-sentretient-avec-le-president-du-conseil-dadministration-et-directeur-general-du-fades#primaryimage\"},\"thumbnailUrl\":\"https:\/\/static.africa-press.net\/djibouti\/sites\/52\/2023\/10\/sm_1697285673.684058.jpg\",\"datePublished\":\"2023-10-14T15:37:03+00:00\",\"dateModified\":\"2023-10-14T15:45:29+00:00\",\"author\":{\"@id\":\"https:\/\/www.africa-press.net\/djibouti\/#\/schema\/person\/2b1cf3cd81a31e3cd26889ca66d677f1\"},\"description\":\"En marge des Assemble\u0301es annuelles de la Banque mondiale et du FMI, la de\u0301le\u0301gation djiboutienne, conduite par le, minis ...\",\"breadcrumb\":{\"@id\":\"https:\/\/www.africa-press.net\/djibouti\/politique\/a-marrakesh-maroc-la-delegation-djiboutienne-de-haut-niveau-sentretient-avec-le-president-du-conseil-dadministration-et-directeur-general-du-fades#breadcrumb\"},\"inLanguage\":\"fr-FR\",\"potentialAction\":[{\"@type\":\"ReadAction\",\"target\":[\"https:\/\/www.africa-press.net\/djibouti\/politique\/a-marrakesh-maroc-la-delegation-djiboutienne-de-haut-niveau-sentretient-avec-le-president-du-conseil-dadministration-et-directeur-general-du-fades\"]}]},{\"@type\":\"ImageObject\",\"inLanguage\":\"fr-FR\",\"@id\":\"https:\/\/www.africa-press.net\/djibouti\/politique\/a-marrakesh-maroc-la-delegation-djiboutienne-de-haut-niveau-sentretient-avec-le-president-du-conseil-dadministration-et-directeur-general-du-fades#primaryimage\",\"url\":\"https:\/\/static.africa-press.net\/djibouti\/sites\/52\/2023\/10\/sm_1697285673.684058.jpg\",\"contentUrl\":\"https:\/\/static.africa-press.net\/djibouti\/sites\/52\/2023\/10\/sm_1697285673.684058.jpg\",\"width\":900,\"height\":675,\"caption\":\"A Marrakesh (Maroc), la d\u00e9l\u00e9gation djiboutienne de haut niveau s'entretient avec le pr\u00e9sident du conseil d'administration et directeur g\u00e9n\u00e9ral du FADES\"},{\"@type\":\"BreadcrumbList\",\"@id\":\"https:\/\/www.africa-press.net\/djibouti\/politique\/a-marrakesh-maroc-la-delegation-djiboutienne-de-haut-niveau-sentretient-avec-le-president-du-conseil-dadministration-et-directeur-general-du-fades#breadcrumb\",\"itemListElement\":[{\"@type\":\"ListItem\",\"position\":1,\"name\":\"Accueil\",\"item\":\"https:\/\/www.africa-press.net\/djibouti\/\"},{\"@type\":\"ListItem\",\"position\":2,\"name\":\"A Marrakesh (Maroc), la d\u00e9l\u00e9gation djiboutienne de haut niveau s&#8217;entretient avec le pr\u00e9sident du conseil d&#8217;administration et directeur g\u00e9n\u00e9ral du FADES\"}]},{\"@type\":\"WebSite\",\"@id\":\"https:\/\/www.africa-press.net\/djibouti\/#website\",\"url\":\"https:\/\/www.africa-press.net\/djibouti\/\",\"name\":\"Djibouti\",\"description\":\"Just another Africa News Agency Sites site\",\"potentialAction\":[{\"@type\":\"SearchAction\",\"target\":{\"@type\":\"EntryPoint\",\"urlTemplate\":\"https:\/\/www.africa-press.net\/djibouti\/?s={search_term_string}\"},\"query-input\":{\"@type\":\"PropertyValueSpecification\",\"valueRequired\":true,\"valueName\":\"search_term_string\"}}],\"inLanguage\":\"fr-FR\"},{\"@type\":\"Person\",\"@id\":\"https:\/\/www.africa-press.net\/djibouti\/#\/schema\/person\/2b1cf3cd81a31e3cd26889ca66d677f1\",\"name\":\"cfeditorfr\"}]}<\/script>\n<!-- \/ Yoast SEO Premium plugin. -->","yoast_head_json":{"title":"A Marrakesh (Maroc), la d\u00e9l\u00e9gation djiboutienne de haut niveau s'entretient avec le pr\u00e9sident du conseil d'administration et directeur g\u00e9n\u00e9ral du FADES - Djibouti","description":"En marge des Assemble\u0301es annuelles de la Banque mondiale et du FMI, la de\u0301le\u0301gation djiboutienne, conduite par le, minis ...","robots":{"index":"index","follow":"follow","max-snippet":"max-snippet:-1","max-image-preview":"max-image-preview:large","max-video-preview":"max-video-preview:-1"},"canonical":"https:\/\/www.africa-press.net\/djibouti\/politique\/a-marrakesh-maroc-la-delegation-djiboutienne-de-haut-niveau-sentretient-avec-le-president-du-conseil-dadministration-et-directeur-general-du-fades","og_locale":"fr_FR","og_type":"article","og_title":"A Marrakesh (Maroc), la d\u00e9l\u00e9gation djiboutienne de haut niveau s'entretient avec le pr\u00e9sident du conseil d'administration et directeur g\u00e9n\u00e9ral du FADES","og_description":"En marge des Assemble\u0301es annuelles de la Banque mondiale et du FMI, la de\u0301le\u0301gation djiboutienne, conduite par le, minis ...","og_url":"https:\/\/www.africa-press.net\/djibouti\/politique\/a-marrakesh-maroc-la-delegation-djiboutienne-de-haut-niveau-sentretient-avec-le-president-du-conseil-dadministration-et-directeur-general-du-fades","og_site_name":"Djibouti","article_published_time":"2023-10-14T15:37:03+00:00","article_modified_time":"2023-10-14T15:45:29+00:00","og_image":[{"width":900,"height":675,"url":"https:\/\/static.africa-press.net\/djibouti\/sites\/52\/2023\/10\/sm_1697285673.684058.jpg","type":"image\/jpeg"}],"author":"cfeditorfr","twitter_card":"summary_large_image","twitter_misc":{"\u00c9crit par":"cfeditorfr","Dur\u00e9e de lecture estim\u00e9e":"3 minutes"},"schema":{"@context":"https:\/\/schema.org","@graph":[{"@type":"Article","@id":"https:\/\/www.africa-press.net\/djibouti\/politique\/a-marrakesh-maroc-la-delegation-djiboutienne-de-haut-niveau-sentretient-avec-le-president-du-conseil-dadministration-et-directeur-general-du-fades#article","isPartOf":{"@id":"https:\/\/www.africa-press.net\/djibouti\/politique\/a-marrakesh-maroc-la-delegation-djiboutienne-de-haut-niveau-sentretient-avec-le-president-du-conseil-dadministration-et-directeur-general-du-fades"},"author":{"name":"cfeditorfr","@id":"https:\/\/www.africa-press.net\/djibouti\/#\/schema\/person\/2b1cf3cd81a31e3cd26889ca66d677f1"},"headline":"A Marrakesh (Maroc), la d\u00e9l\u00e9gation djiboutienne de haut niveau s&rsquo;entretient avec le pr\u00e9sident du conseil d&rsquo;administration et directeur g\u00e9n\u00e9ral du FADES","datePublished":"2023-10-14T15:37:03+00:00","dateModified":"2023-10-14T15:45:29+00:00","mainEntityOfPage":{"@id":"https:\/\/www.africa-press.net\/djibouti\/politique\/a-marrakesh-maroc-la-delegation-djiboutienne-de-haut-niveau-sentretient-avec-le-president-du-conseil-dadministration-et-directeur-general-du-fades"},"wordCount":559,"commentCount":0,"image":{"@id":"https:\/\/www.africa-press.net\/djibouti\/politique\/a-marrakesh-maroc-la-delegation-djiboutienne-de-haut-niveau-sentretient-avec-le-president-du-conseil-dadministration-et-directeur-general-du-fades#primaryimage"},"thumbnailUrl":"https:\/\/static.africa-press.net\/djibouti\/sites\/52\/2023\/10\/sm_1697285673.684058.jpg","keywords":["Africa Press","Africa Press-Djibouti","Djibouti"],"articleSection":["Politique","Top Nouvelles","Toutes les actualit\u00e9s"],"inLanguage":"fr-FR","potentialAction":[{"@type":"CommentAction","name":"Comment","target":["https:\/\/www.africa-press.net\/djibouti\/politique\/a-marrakesh-maroc-la-delegation-djiboutienne-de-haut-niveau-sentretient-avec-le-president-du-conseil-dadministration-et-directeur-general-du-fades#respond"]}]},{"@type":"WebPage","@id":"https:\/\/www.africa-press.net\/djibouti\/politique\/a-marrakesh-maroc-la-delegation-djiboutienne-de-haut-niveau-sentretient-avec-le-president-du-conseil-dadministration-et-directeur-general-du-fades","url":"https:\/\/www.africa-press.net\/djibouti\/politique\/a-marrakesh-maroc-la-delegation-djiboutienne-de-haut-niveau-sentretient-avec-le-president-du-conseil-dadministration-et-directeur-general-du-fades","name":"A Marrakesh (Maroc), la d\u00e9l\u00e9gation djiboutienne de haut niveau s'entretient avec le pr\u00e9sident du conseil d'administration et directeur g\u00e9n\u00e9ral du FADES - Djibouti","isPartOf":{"@id":"https:\/\/www.africa-press.net\/djibouti\/#website"},"primaryImageOfPage":{"@id":"https:\/\/www.africa-press.net\/djibouti\/politique\/a-marrakesh-maroc-la-delegation-djiboutienne-de-haut-niveau-sentretient-avec-le-president-du-conseil-dadministration-et-directeur-general-du-fades#primaryimage"},"image":{"@id":"https:\/\/www.africa-press.net\/djibouti\/politique\/a-marrakesh-maroc-la-delegation-djiboutienne-de-haut-niveau-sentretient-avec-le-president-du-conseil-dadministration-et-directeur-general-du-fades#primaryimage"},"thumbnailUrl":"https:\/\/static.africa-press.net\/djibouti\/sites\/52\/2023\/10\/sm_1697285673.684058.jpg","datePublished":"2023-10-14T15:37:03+00:00","dateModified":"2023-10-14T15:45:29+00:00","author":{"@id":"https:\/\/www.africa-press.net\/djibouti\/#\/schema\/person\/2b1cf3cd81a31e3cd26889ca66d677f1"},"description":"En marge des Assemble\u0301es annuelles de la Banque mondiale et du FMI, la de\u0301le\u0301gation djiboutienne, conduite par le, minis ...","breadcrumb":{"@id":"https:\/\/www.africa-press.net\/djibouti\/politique\/a-marrakesh-maroc-la-delegation-djiboutienne-de-haut-niveau-sentretient-avec-le-president-du-conseil-dadministration-et-directeur-general-du-fades#breadcrumb"},"inLanguage":"fr-FR","potentialAction":[{"@type":"ReadAction","target":["https:\/\/www.africa-press.net\/djibouti\/politique\/a-marrakesh-maroc-la-delegation-djiboutienne-de-haut-niveau-sentretient-avec-le-president-du-conseil-dadministration-et-directeur-general-du-fades"]}]},{"@type":"ImageObject","inLanguage":"fr-FR","@id":"https:\/\/www.africa-press.net\/djibouti\/politique\/a-marrakesh-maroc-la-delegation-djiboutienne-de-haut-niveau-sentretient-avec-le-president-du-conseil-dadministration-et-directeur-general-du-fades#primaryimage","url":"https:\/\/static.africa-press.net\/djibouti\/sites\/52\/2023\/10\/sm_1697285673.684058.jpg","contentUrl":"https:\/\/static.africa-press.net\/djibouti\/sites\/52\/2023\/10\/sm_1697285673.684058.jpg","width":900,"height":675,"caption":"A Marrakesh (Maroc), la d\u00e9l\u00e9gation djiboutienne de haut niveau s'entretient avec le pr\u00e9sident du conseil d'administration et directeur g\u00e9n\u00e9ral du FADES"},{"@type":"BreadcrumbList","@id":"https:\/\/www.africa-press.net\/djibouti\/politique\/a-marrakesh-maroc-la-delegation-djiboutienne-de-haut-niveau-sentretient-avec-le-president-du-conseil-dadministration-et-directeur-general-du-fades#breadcrumb","itemListElement":[{"@type":"ListItem","position":1,"name":"Accueil","item":"https:\/\/www.africa-press.net\/djibouti\/"},{"@type":"ListItem","position":2,"name":"A Marrakesh (Maroc), la d\u00e9l\u00e9gation djiboutienne de haut niveau s&#8217;entretient avec le pr\u00e9sident du conseil d&#8217;administration et directeur g\u00e9n\u00e9ral du FADES"}]},{"@type":"WebSite","@id":"https:\/\/www.africa-press.net\/djibouti\/#website","url":"https:\/\/www.africa-press.net\/djibouti\/","name":"Djibouti","description":"Just another Africa News Agency Sites site","potentialAction":[{"@type":"SearchAction","target":{"@type":"EntryPoint","urlTemplate":"https:\/\/www.africa-press.net\/djibouti\/?s={search_term_string}"},"query-input":{"@type":"PropertyValueSpecification","valueRequired":true,"valueName":"search_term_string"}}],"inLanguage":"fr-FR"},{"@type":"Person","@id":"https:\/\/www.africa-press.net\/djibouti\/#\/schema\/person\/2b1cf3cd81a31e3cd26889ca66d677f1","name":"cfeditorfr"}]}},"_links":{"self":[{"href":"https:\/\/www.africa-press.net\/djibouti\/wp-json\/wp\/v2\/posts\/19106","targetHints":{"allow":["GET"]}}],"collection":[{"href":"https:\/\/www.africa-press.net\/djibouti\/wp-json\/wp\/v2\/posts"}],"about":[{"href":"https:\/\/www.africa-press.net\/djibouti\/wp-json\/wp\/v2\/types\/post"}],"author":[{"embeddable":true,"href":"https:\/\/www.africa-press.net\/djibouti\/wp-json\/wp\/v2\/users\/82"}],"replies":[{"embeddable":true,"href":"https:\/\/www.africa-press.net\/djibouti\/wp-json\/wp\/v2\/comments?post=19106"}],"version-history":[{"count":0,"href":"https:\/\/www.africa-press.net\/djibouti\/wp-json\/wp\/v2\/posts\/19106\/revisions"}],"wp:featuredmedia":[{"embeddable":true,"href":"https:\/\/www.africa-press.net\/djibouti\/wp-json\/wp\/v2\/media\/19105"}],"wp:attachment":[{"href":"https:\/\/www.africa-press.net\/djibouti\/wp-json\/wp\/v2\/media?parent=19106"}],"wp:term":[{"taxonomy":"category","embeddable":true,"href":"https:\/\/www.africa-press.net\/djibouti\/wp-json\/wp\/v2\/categories?post=19106"},{"taxonomy":"post_tag","embeddable":true,"href":"https:\/\/www.africa-press.net\/djibouti\/wp-json\/wp\/v2\/tags?post=19106"}],"curies":[{"name":"wp","href":"https:\/\/api.w.org\/{rel}","templated":true}]}}