{"id":19108,"date":"2023-10-14T15:37:41","date_gmt":"2023-10-14T15:37:41","guid":{"rendered":"https:\/\/www.africa-press.net\/djibouti\/politique\/ligad-organise-un-atelier-devaluation-sur-la-mise-en-oeuvre-de-la-declaration-de-djibouti-sur-leducation-des-enfants-refugies"},"modified":"2023-10-14T15:45:48","modified_gmt":"2023-10-14T15:45:48","slug":"ligad-organise-un-atelier-devaluation-sur-la-mise-en-oeuvre-de-la-declaration-de-djibouti-sur-leducation-des-enfants-refugies","status":"publish","type":"post","link":"https:\/\/www.africa-press.net\/djibouti\/culture-et-art\/ligad-organise-un-atelier-devaluation-sur-la-mise-en-oeuvre-de-la-declaration-de-djibouti-sur-leducation-des-enfants-refugies","title":{"rendered":"L&rsquo;IGAD organise un atelier d\u2019\u00e9valuation sur la mise en \u0153uvre de la d\u00e9claration de Djibouti sur l\u2019\u00e9ducation des enfants r\u00e9fugi\u00e9s"},"content":{"rendered":"<p><span style=\"color: #ff6600\"><strong>Africa-Press &#8211; Djibouti. <\/strong><\/span>L&rsquo;Autorite\u0301 Intergouvernementale sur le de\u0301veloppement (IGAD) a organise\u0301 un atelier d\u2019e\u0301valuation sur la mise en \u0153uvre de la de\u0301claration de Djibouti sur l\u2019e\u0301ducation des enfants re\u0301fugie\u0301s.<\/p>\n<p>Cette consultation nationale qui s\u2019est de\u0301roule\u0301e a\u0300 Arta a vu la participation des membres du gouvernement et des repre\u0301sentants des agences partenaires.<\/p>\n<p>L&rsquo;atelier de consultation nationale a permis de re\u0301unir des informations et des connaissances importantes sur l&rsquo;e\u0301tat de mise en \u0153uvre de la De\u0301claration de Djibouti.<\/p>\n<p>Ce fut l\u2019occasion d\u2019identifier les lacunes et les recommandations pour remplir les cadres de qualification de l\u2019IGAD, et de tirer des lec\u0327ons de la mise en \u0153uvre du Plan national chiffre\u0301 de Djibouti en formulant au passage des recommandations sur la voie a\u0300 suivre.<\/p>\n<p>Les E\u0301tats membres de l\u2019IGAD ont e\u0301te\u0301 appele\u0301s a\u0300 e\u0301tablir des comite\u0301s nationaux de coordination pour diriger les efforts de coordination nationale visant a\u0300 soutenir le de\u0301veloppement des CNC ainsi que le re\u0301fe\u0301rencement des certifications nationales.<\/p>\n<p>Au nom du secre\u0301taire exe\u0301cutif de l\u2019IGAD, Mme Fathia Alwan, directrice de la Division de la Sante\u0301 et du De\u0301veloppement social, qui a ouvert les travaux de cette session, a rappele\u0301 que, depuis son adoption, la De\u0301claration de Djibouti a connu un succe\u0300s retentissant qui refle\u0300te en grande partie le soutien inde\u0301fectible que nous continuons de recevoir de nos pre\u0301cieux partenaires.<\/p>\n<p>L&rsquo;Autorite\u0301 Intergouvernementale sur le de\u0301veloppement (IGAD) a organise\u0301 un atelier d\u2019e\u0301valuation sur la mise en \u0153uvre de la de\u0301claration de Djibouti sur l\u2019e\u0301ducation des enfants re\u0301fugie\u0301s.<\/p>\n<p>Cette consultation nationale qui s\u2019est de\u0301roule\u0301e a\u0300 Arta a vu la participation des membres du gouvernement et des repre\u0301sentants des agences partenaires.<\/p>\n<p>L&rsquo;atelier de consultation nationale a permis de re\u0301unir des informations et des connaissances importantes sur l&rsquo;e\u0301tat de mise en \u0153uvre de la De\u0301claration de Djibouti.<\/p>\n<p>Ce fut l\u2019occasion d\u2019identifier les lacunes et les recommandations pour remplir les cadres de qualification de l\u2019IGAD, et de tirer des lec\u0327ons de la mise en \u0153uvre du Plan national chiffre\u0301 de Djibouti en formulant au passage des recommandations sur la voie a\u0300 suivre.<\/p>\n<p>Les E\u0301tats membres de l\u2019IGAD ont e\u0301te\u0301 appele\u0301s a\u0300 e\u0301tablir des comite\u0301s nationaux de coordination pour diriger les efforts de coordination nationale visant a\u0300 soutenir le de\u0301veloppement des CNC ainsi que le re\u0301fe\u0301rencement des certifications nationales.<\/p>\n<p>Au nom du secre\u0301taire exe\u0301cutif de l\u2019IGAD, Mme Fathia Alwan, directrice de la Division de la Sante\u0301 et du De\u0301veloppement social, qui a ouvert les travaux de cette session, a rappele\u0301 que, depuis son adoption, la De\u0301claration de Djibouti a connu un succe\u0300s retentissant qui refle\u0300te en grande partie le soutien inde\u0301fectible que nous continuons de recevoir de nos pre\u0301cieux partenaires.<\/p>\n<p><strong>Pour plus d&rsquo;informations et d&rsquo;analyses sur la <a href=\"https:\/\/www.africa-press.net\/djibouti\">Djibouti<\/a>, suivez <a href=\"https:\/\/www.africa-press.net\/\">Africa-Press<\/a><\/strong><\/p>\n","protected":false},"excerpt":{"rendered":"<p>Africa-Press &#8211; Djibouti. L&rsquo;Autorite\u0301 Intergouvernementale sur le de\u0301veloppement (IGAD) a organise\u0301 un atelier d\u2019e\u0301valuation sur la mise en \u0153uvre de la de\u0301claration de Djibouti sur l\u2019e\u0301ducation des enfants re\u0301fugie\u0301s. Cette consultation nationale qui s\u2019est de\u0301roule\u0301e a\u0300 Arta a vu la participation des membres du gouvernement et des repre\u0301sentants des agences partenaires. L&rsquo;atelier de consultation nationale [&hellip;]<\/p>\n","protected":false},"author":82,"featured_media":19107,"comment_status":"open","ping_status":"closed","sticky":false,"template":"","format":"standard","meta":{"footnotes":""},"categories":[5,10],"tags":[36,49,50],"class_list":["post-19108","post","type-post","status-publish","format-standard","has-post-thumbnail","hentry","category-culture-et-art","category-toutes-les-actualites","tag-africa-press","tag-africa-press-djibouti","tag-djibouti"],"yoast_head":"<!-- This site is optimized with the Yoast SEO Premium plugin v26.1 (Yoast SEO v27.0) - https:\/\/yoast.com\/product\/yoast-seo-premium-wordpress\/ -->\n<title>L&#039;IGAD organise un atelier d\u2019\u00e9valuation sur la mise en \u0153uvre de la d\u00e9claration de Djibouti sur l\u2019\u00e9ducation des enfants r\u00e9fugi\u00e9s - Djibouti<\/title>\n<meta name=\"description\" content=\"L&#039;Autorite\u0301 Intergouvernementale sur le de\u0301veloppement (IGAD) a organise\u0301 un atelier d\u2019e\u0301valuation sur la mise en \u0153uvre ...\" \/>\n<meta name=\"robots\" content=\"index, follow, max-snippet:-1, max-image-preview:large, max-video-preview:-1\" \/>\n<link rel=\"canonical\" href=\"https:\/\/www.africa-press.net\/djibouti\/culture-et-art\/ligad-organise-un-atelier-devaluation-sur-la-mise-en-oeuvre-de-la-declaration-de-djibouti-sur-leducation-des-enfants-refugies\" \/>\n<meta property=\"og:locale\" content=\"fr_FR\" \/>\n<meta property=\"og:type\" content=\"article\" \/>\n<meta property=\"og:title\" content=\"L&#039;IGAD organise un atelier d\u2019\u00e9valuation sur la mise en \u0153uvre de la d\u00e9claration de Djibouti sur l\u2019\u00e9ducation des enfants r\u00e9fugi\u00e9s\" \/>\n<meta property=\"og:description\" content=\"L&#039;Autorite\u0301 Intergouvernementale sur le de\u0301veloppement (IGAD) a organise\u0301 un atelier d\u2019e\u0301valuation sur la mise en \u0153uvre ...\" \/>\n<meta property=\"og:url\" content=\"https:\/\/www.africa-press.net\/djibouti\/culture-et-art\/ligad-organise-un-atelier-devaluation-sur-la-mise-en-oeuvre-de-la-declaration-de-djibouti-sur-leducation-des-enfants-refugies\" \/>\n<meta property=\"og:site_name\" content=\"Djibouti\" \/>\n<meta property=\"article:published_time\" content=\"2023-10-14T15:37:41+00:00\" \/>\n<meta property=\"article:modified_time\" content=\"2023-10-14T15:45:48+00:00\" \/>\n<meta property=\"og:image\" content=\"https:\/\/static.africa-press.net\/djibouti\/sites\/52\/2023\/10\/sm_1697285693.582421.jpg\" \/>\n\t<meta property=\"og:image:width\" content=\"900\" \/>\n\t<meta property=\"og:image:height\" content=\"340\" \/>\n\t<meta property=\"og:image:type\" content=\"image\/jpeg\" \/>\n<meta name=\"author\" content=\"cfeditorfr\" \/>\n<meta name=\"twitter:card\" content=\"summary_large_image\" \/>\n<meta name=\"twitter:label1\" content=\"\u00c9crit par\" \/>\n\t<meta name=\"twitter:data1\" content=\"cfeditorfr\" \/>\n\t<meta name=\"twitter:label2\" content=\"Dur\u00e9e de lecture estim\u00e9e\" \/>\n\t<meta name=\"twitter:data2\" content=\"3 minutes\" \/>\n<script type=\"application\/ld+json\" class=\"yoast-schema-graph\">{\"@context\":\"https:\/\/schema.org\",\"@graph\":[{\"@type\":\"Article\",\"@id\":\"https:\/\/www.africa-press.net\/djibouti\/culture-et-art\/ligad-organise-un-atelier-devaluation-sur-la-mise-en-oeuvre-de-la-declaration-de-djibouti-sur-leducation-des-enfants-refugies#article\",\"isPartOf\":{\"@id\":\"https:\/\/www.africa-press.net\/djibouti\/culture-et-art\/ligad-organise-un-atelier-devaluation-sur-la-mise-en-oeuvre-de-la-declaration-de-djibouti-sur-leducation-des-enfants-refugies\"},\"author\":{\"name\":\"cfeditorfr\",\"@id\":\"https:\/\/www.africa-press.net\/djibouti\/#\/schema\/person\/2b1cf3cd81a31e3cd26889ca66d677f1\"},\"headline\":\"L&rsquo;IGAD organise un atelier d\u2019\u00e9valuation sur la mise en \u0153uvre de la d\u00e9claration de Djibouti sur l\u2019\u00e9ducation des enfants r\u00e9fugi\u00e9s\",\"datePublished\":\"2023-10-14T15:37:41+00:00\",\"dateModified\":\"2023-10-14T15:45:48+00:00\",\"mainEntityOfPage\":{\"@id\":\"https:\/\/www.africa-press.net\/djibouti\/culture-et-art\/ligad-organise-un-atelier-devaluation-sur-la-mise-en-oeuvre-de-la-declaration-de-djibouti-sur-leducation-des-enfants-refugies\"},\"wordCount\":549,\"commentCount\":0,\"image\":{\"@id\":\"https:\/\/www.africa-press.net\/djibouti\/culture-et-art\/ligad-organise-un-atelier-devaluation-sur-la-mise-en-oeuvre-de-la-declaration-de-djibouti-sur-leducation-des-enfants-refugies#primaryimage\"},\"thumbnailUrl\":\"https:\/\/static.africa-press.net\/djibouti\/sites\/52\/2023\/10\/sm_1697285693.582421.jpg\",\"keywords\":[\"Africa Press\",\"Africa Press-Djibouti\",\"Djibouti\"],\"articleSection\":[\"Culture et Art\",\"Toutes les actualit\u00e9s\"],\"inLanguage\":\"fr-FR\",\"potentialAction\":[{\"@type\":\"CommentAction\",\"name\":\"Comment\",\"target\":[\"https:\/\/www.africa-press.net\/djibouti\/culture-et-art\/ligad-organise-un-atelier-devaluation-sur-la-mise-en-oeuvre-de-la-declaration-de-djibouti-sur-leducation-des-enfants-refugies#respond\"]}]},{\"@type\":\"WebPage\",\"@id\":\"https:\/\/www.africa-press.net\/djibouti\/culture-et-art\/ligad-organise-un-atelier-devaluation-sur-la-mise-en-oeuvre-de-la-declaration-de-djibouti-sur-leducation-des-enfants-refugies\",\"url\":\"https:\/\/www.africa-press.net\/djibouti\/culture-et-art\/ligad-organise-un-atelier-devaluation-sur-la-mise-en-oeuvre-de-la-declaration-de-djibouti-sur-leducation-des-enfants-refugies\",\"name\":\"L'IGAD organise un atelier d\u2019\u00e9valuation sur la mise en \u0153uvre de la d\u00e9claration de Djibouti sur l\u2019\u00e9ducation des enfants r\u00e9fugi\u00e9s - Djibouti\",\"isPartOf\":{\"@id\":\"https:\/\/www.africa-press.net\/djibouti\/#website\"},\"primaryImageOfPage\":{\"@id\":\"https:\/\/www.africa-press.net\/djibouti\/culture-et-art\/ligad-organise-un-atelier-devaluation-sur-la-mise-en-oeuvre-de-la-declaration-de-djibouti-sur-leducation-des-enfants-refugies#primaryimage\"},\"image\":{\"@id\":\"https:\/\/www.africa-press.net\/djibouti\/culture-et-art\/ligad-organise-un-atelier-devaluation-sur-la-mise-en-oeuvre-de-la-declaration-de-djibouti-sur-leducation-des-enfants-refugies#primaryimage\"},\"thumbnailUrl\":\"https:\/\/static.africa-press.net\/djibouti\/sites\/52\/2023\/10\/sm_1697285693.582421.jpg\",\"datePublished\":\"2023-10-14T15:37:41+00:00\",\"dateModified\":\"2023-10-14T15:45:48+00:00\",\"author\":{\"@id\":\"https:\/\/www.africa-press.net\/djibouti\/#\/schema\/person\/2b1cf3cd81a31e3cd26889ca66d677f1\"},\"description\":\"L'Autorite\u0301 Intergouvernementale sur le de\u0301veloppement (IGAD) a organise\u0301 un atelier d\u2019e\u0301valuation sur la mise en \u0153uvre ...\",\"breadcrumb\":{\"@id\":\"https:\/\/www.africa-press.net\/djibouti\/culture-et-art\/ligad-organise-un-atelier-devaluation-sur-la-mise-en-oeuvre-de-la-declaration-de-djibouti-sur-leducation-des-enfants-refugies#breadcrumb\"},\"inLanguage\":\"fr-FR\",\"potentialAction\":[{\"@type\":\"ReadAction\",\"target\":[\"https:\/\/www.africa-press.net\/djibouti\/culture-et-art\/ligad-organise-un-atelier-devaluation-sur-la-mise-en-oeuvre-de-la-declaration-de-djibouti-sur-leducation-des-enfants-refugies\"]}]},{\"@type\":\"ImageObject\",\"inLanguage\":\"fr-FR\",\"@id\":\"https:\/\/www.africa-press.net\/djibouti\/culture-et-art\/ligad-organise-un-atelier-devaluation-sur-la-mise-en-oeuvre-de-la-declaration-de-djibouti-sur-leducation-des-enfants-refugies#primaryimage\",\"url\":\"https:\/\/static.africa-press.net\/djibouti\/sites\/52\/2023\/10\/sm_1697285693.582421.jpg\",\"contentUrl\":\"https:\/\/static.africa-press.net\/djibouti\/sites\/52\/2023\/10\/sm_1697285693.582421.jpg\",\"width\":900,\"height\":340,\"caption\":\"L'IGAD organise un atelier d\u2019\u00e9valuation sur la mise en \u0153uvre de la d\u00e9claration de Djibouti sur l\u2019\u00e9ducation des enfants r\u00e9fugi\u00e9s\"},{\"@type\":\"BreadcrumbList\",\"@id\":\"https:\/\/www.africa-press.net\/djibouti\/culture-et-art\/ligad-organise-un-atelier-devaluation-sur-la-mise-en-oeuvre-de-la-declaration-de-djibouti-sur-leducation-des-enfants-refugies#breadcrumb\",\"itemListElement\":[{\"@type\":\"ListItem\",\"position\":1,\"name\":\"Accueil\",\"item\":\"https:\/\/www.africa-press.net\/djibouti\/\"},{\"@type\":\"ListItem\",\"position\":2,\"name\":\"L&#8217;IGAD organise un atelier d\u2019\u00e9valuation sur la mise en \u0153uvre de la d\u00e9claration de Djibouti sur l\u2019\u00e9ducation des enfants r\u00e9fugi\u00e9s\"}]},{\"@type\":\"WebSite\",\"@id\":\"https:\/\/www.africa-press.net\/djibouti\/#website\",\"url\":\"https:\/\/www.africa-press.net\/djibouti\/\",\"name\":\"Djibouti\",\"description\":\"Just another Africa News Agency Sites site\",\"potentialAction\":[{\"@type\":\"SearchAction\",\"target\":{\"@type\":\"EntryPoint\",\"urlTemplate\":\"https:\/\/www.africa-press.net\/djibouti\/?s={search_term_string}\"},\"query-input\":{\"@type\":\"PropertyValueSpecification\",\"valueRequired\":true,\"valueName\":\"search_term_string\"}}],\"inLanguage\":\"fr-FR\"},{\"@type\":\"Person\",\"@id\":\"https:\/\/www.africa-press.net\/djibouti\/#\/schema\/person\/2b1cf3cd81a31e3cd26889ca66d677f1\",\"name\":\"cfeditorfr\"}]}<\/script>\n<!-- \/ Yoast SEO Premium plugin. -->","yoast_head_json":{"title":"L'IGAD organise un atelier d\u2019\u00e9valuation sur la mise en \u0153uvre de la d\u00e9claration de Djibouti sur l\u2019\u00e9ducation des enfants r\u00e9fugi\u00e9s - Djibouti","description":"L'Autorite\u0301 Intergouvernementale sur le de\u0301veloppement (IGAD) a organise\u0301 un atelier d\u2019e\u0301valuation sur la mise en \u0153uvre ...","robots":{"index":"index","follow":"follow","max-snippet":"max-snippet:-1","max-image-preview":"max-image-preview:large","max-video-preview":"max-video-preview:-1"},"canonical":"https:\/\/www.africa-press.net\/djibouti\/culture-et-art\/ligad-organise-un-atelier-devaluation-sur-la-mise-en-oeuvre-de-la-declaration-de-djibouti-sur-leducation-des-enfants-refugies","og_locale":"fr_FR","og_type":"article","og_title":"L'IGAD organise un atelier d\u2019\u00e9valuation sur la mise en \u0153uvre de la d\u00e9claration de Djibouti sur l\u2019\u00e9ducation des enfants r\u00e9fugi\u00e9s","og_description":"L'Autorite\u0301 Intergouvernementale sur le de\u0301veloppement (IGAD) a organise\u0301 un atelier d\u2019e\u0301valuation sur la mise en \u0153uvre ...","og_url":"https:\/\/www.africa-press.net\/djibouti\/culture-et-art\/ligad-organise-un-atelier-devaluation-sur-la-mise-en-oeuvre-de-la-declaration-de-djibouti-sur-leducation-des-enfants-refugies","og_site_name":"Djibouti","article_published_time":"2023-10-14T15:37:41+00:00","article_modified_time":"2023-10-14T15:45:48+00:00","og_image":[{"width":900,"height":340,"url":"https:\/\/static.africa-press.net\/djibouti\/sites\/52\/2023\/10\/sm_1697285693.582421.jpg","type":"image\/jpeg"}],"author":"cfeditorfr","twitter_card":"summary_large_image","twitter_misc":{"\u00c9crit par":"cfeditorfr","Dur\u00e9e de lecture estim\u00e9e":"3 minutes"},"schema":{"@context":"https:\/\/schema.org","@graph":[{"@type":"Article","@id":"https:\/\/www.africa-press.net\/djibouti\/culture-et-art\/ligad-organise-un-atelier-devaluation-sur-la-mise-en-oeuvre-de-la-declaration-de-djibouti-sur-leducation-des-enfants-refugies#article","isPartOf":{"@id":"https:\/\/www.africa-press.net\/djibouti\/culture-et-art\/ligad-organise-un-atelier-devaluation-sur-la-mise-en-oeuvre-de-la-declaration-de-djibouti-sur-leducation-des-enfants-refugies"},"author":{"name":"cfeditorfr","@id":"https:\/\/www.africa-press.net\/djibouti\/#\/schema\/person\/2b1cf3cd81a31e3cd26889ca66d677f1"},"headline":"L&rsquo;IGAD organise un atelier d\u2019\u00e9valuation sur la mise en \u0153uvre de la d\u00e9claration de Djibouti sur l\u2019\u00e9ducation des enfants r\u00e9fugi\u00e9s","datePublished":"2023-10-14T15:37:41+00:00","dateModified":"2023-10-14T15:45:48+00:00","mainEntityOfPage":{"@id":"https:\/\/www.africa-press.net\/djibouti\/culture-et-art\/ligad-organise-un-atelier-devaluation-sur-la-mise-en-oeuvre-de-la-declaration-de-djibouti-sur-leducation-des-enfants-refugies"},"wordCount":549,"commentCount":0,"image":{"@id":"https:\/\/www.africa-press.net\/djibouti\/culture-et-art\/ligad-organise-un-atelier-devaluation-sur-la-mise-en-oeuvre-de-la-declaration-de-djibouti-sur-leducation-des-enfants-refugies#primaryimage"},"thumbnailUrl":"https:\/\/static.africa-press.net\/djibouti\/sites\/52\/2023\/10\/sm_1697285693.582421.jpg","keywords":["Africa Press","Africa Press-Djibouti","Djibouti"],"articleSection":["Culture et Art","Toutes les actualit\u00e9s"],"inLanguage":"fr-FR","potentialAction":[{"@type":"CommentAction","name":"Comment","target":["https:\/\/www.africa-press.net\/djibouti\/culture-et-art\/ligad-organise-un-atelier-devaluation-sur-la-mise-en-oeuvre-de-la-declaration-de-djibouti-sur-leducation-des-enfants-refugies#respond"]}]},{"@type":"WebPage","@id":"https:\/\/www.africa-press.net\/djibouti\/culture-et-art\/ligad-organise-un-atelier-devaluation-sur-la-mise-en-oeuvre-de-la-declaration-de-djibouti-sur-leducation-des-enfants-refugies","url":"https:\/\/www.africa-press.net\/djibouti\/culture-et-art\/ligad-organise-un-atelier-devaluation-sur-la-mise-en-oeuvre-de-la-declaration-de-djibouti-sur-leducation-des-enfants-refugies","name":"L'IGAD organise un atelier d\u2019\u00e9valuation sur la mise en \u0153uvre de la d\u00e9claration de Djibouti sur l\u2019\u00e9ducation des enfants r\u00e9fugi\u00e9s - Djibouti","isPartOf":{"@id":"https:\/\/www.africa-press.net\/djibouti\/#website"},"primaryImageOfPage":{"@id":"https:\/\/www.africa-press.net\/djibouti\/culture-et-art\/ligad-organise-un-atelier-devaluation-sur-la-mise-en-oeuvre-de-la-declaration-de-djibouti-sur-leducation-des-enfants-refugies#primaryimage"},"image":{"@id":"https:\/\/www.africa-press.net\/djibouti\/culture-et-art\/ligad-organise-un-atelier-devaluation-sur-la-mise-en-oeuvre-de-la-declaration-de-djibouti-sur-leducation-des-enfants-refugies#primaryimage"},"thumbnailUrl":"https:\/\/static.africa-press.net\/djibouti\/sites\/52\/2023\/10\/sm_1697285693.582421.jpg","datePublished":"2023-10-14T15:37:41+00:00","dateModified":"2023-10-14T15:45:48+00:00","author":{"@id":"https:\/\/www.africa-press.net\/djibouti\/#\/schema\/person\/2b1cf3cd81a31e3cd26889ca66d677f1"},"description":"L'Autorite\u0301 Intergouvernementale sur le de\u0301veloppement (IGAD) a organise\u0301 un atelier d\u2019e\u0301valuation sur la mise en \u0153uvre ...","breadcrumb":{"@id":"https:\/\/www.africa-press.net\/djibouti\/culture-et-art\/ligad-organise-un-atelier-devaluation-sur-la-mise-en-oeuvre-de-la-declaration-de-djibouti-sur-leducation-des-enfants-refugies#breadcrumb"},"inLanguage":"fr-FR","potentialAction":[{"@type":"ReadAction","target":["https:\/\/www.africa-press.net\/djibouti\/culture-et-art\/ligad-organise-un-atelier-devaluation-sur-la-mise-en-oeuvre-de-la-declaration-de-djibouti-sur-leducation-des-enfants-refugies"]}]},{"@type":"ImageObject","inLanguage":"fr-FR","@id":"https:\/\/www.africa-press.net\/djibouti\/culture-et-art\/ligad-organise-un-atelier-devaluation-sur-la-mise-en-oeuvre-de-la-declaration-de-djibouti-sur-leducation-des-enfants-refugies#primaryimage","url":"https:\/\/static.africa-press.net\/djibouti\/sites\/52\/2023\/10\/sm_1697285693.582421.jpg","contentUrl":"https:\/\/static.africa-press.net\/djibouti\/sites\/52\/2023\/10\/sm_1697285693.582421.jpg","width":900,"height":340,"caption":"L'IGAD organise un atelier d\u2019\u00e9valuation sur la mise en \u0153uvre de la d\u00e9claration de Djibouti sur l\u2019\u00e9ducation des enfants r\u00e9fugi\u00e9s"},{"@type":"BreadcrumbList","@id":"https:\/\/www.africa-press.net\/djibouti\/culture-et-art\/ligad-organise-un-atelier-devaluation-sur-la-mise-en-oeuvre-de-la-declaration-de-djibouti-sur-leducation-des-enfants-refugies#breadcrumb","itemListElement":[{"@type":"ListItem","position":1,"name":"Accueil","item":"https:\/\/www.africa-press.net\/djibouti\/"},{"@type":"ListItem","position":2,"name":"L&#8217;IGAD organise un atelier d\u2019\u00e9valuation sur la mise en \u0153uvre de la d\u00e9claration de Djibouti sur l\u2019\u00e9ducation des enfants r\u00e9fugi\u00e9s"}]},{"@type":"WebSite","@id":"https:\/\/www.africa-press.net\/djibouti\/#website","url":"https:\/\/www.africa-press.net\/djibouti\/","name":"Djibouti","description":"Just another Africa News Agency Sites site","potentialAction":[{"@type":"SearchAction","target":{"@type":"EntryPoint","urlTemplate":"https:\/\/www.africa-press.net\/djibouti\/?s={search_term_string}"},"query-input":{"@type":"PropertyValueSpecification","valueRequired":true,"valueName":"search_term_string"}}],"inLanguage":"fr-FR"},{"@type":"Person","@id":"https:\/\/www.africa-press.net\/djibouti\/#\/schema\/person\/2b1cf3cd81a31e3cd26889ca66d677f1","name":"cfeditorfr"}]}},"_links":{"self":[{"href":"https:\/\/www.africa-press.net\/djibouti\/wp-json\/wp\/v2\/posts\/19108","targetHints":{"allow":["GET"]}}],"collection":[{"href":"https:\/\/www.africa-press.net\/djibouti\/wp-json\/wp\/v2\/posts"}],"about":[{"href":"https:\/\/www.africa-press.net\/djibouti\/wp-json\/wp\/v2\/types\/post"}],"author":[{"embeddable":true,"href":"https:\/\/www.africa-press.net\/djibouti\/wp-json\/wp\/v2\/users\/82"}],"replies":[{"embeddable":true,"href":"https:\/\/www.africa-press.net\/djibouti\/wp-json\/wp\/v2\/comments?post=19108"}],"version-history":[{"count":0,"href":"https:\/\/www.africa-press.net\/djibouti\/wp-json\/wp\/v2\/posts\/19108\/revisions"}],"wp:featuredmedia":[{"embeddable":true,"href":"https:\/\/www.africa-press.net\/djibouti\/wp-json\/wp\/v2\/media\/19107"}],"wp:attachment":[{"href":"https:\/\/www.africa-press.net\/djibouti\/wp-json\/wp\/v2\/media?parent=19108"}],"wp:term":[{"taxonomy":"category","embeddable":true,"href":"https:\/\/www.africa-press.net\/djibouti\/wp-json\/wp\/v2\/categories?post=19108"},{"taxonomy":"post_tag","embeddable":true,"href":"https:\/\/www.africa-press.net\/djibouti\/wp-json\/wp\/v2\/tags?post=19108"}],"curies":[{"name":"wp","href":"https:\/\/api.w.org\/{rel}","templated":true}]}}