{"id":19159,"date":"2023-10-15T16:40:34","date_gmt":"2023-10-15T16:40:34","guid":{"rendered":"https:\/\/www.africa-press.net\/djibouti\/politique\/ouverture-a-doha-dune-conference-des-facultes-de-journalisme-dans-le-monde-arabe"},"modified":"2023-10-15T17:06:35","modified_gmt":"2023-10-15T17:06:35","slug":"ouverture-a-doha-dune-conference-des-facultes-de-journalisme-dans-le-monde-arabe","status":"publish","type":"post","link":"https:\/\/www.africa-press.net\/djibouti\/politique\/ouverture-a-doha-dune-conference-des-facultes-de-journalisme-dans-le-monde-arabe","title":{"rendered":"Ouverture \u00e0 Doha d\u2019une conf\u00e9rence des facult\u00e9s de journalisme dans le monde arabe"},"content":{"rendered":"<p><span style=\"color: #ff6600\"><strong>Africa-Press &#8211; Djibouti. <\/strong><\/span>Hier matin a\u0300 Doha, a eu lieu le lancement de la confe\u0301rence des faculte\u0301s de journalisme du monde arabe organise\u0301e par Aljazeera Media Institute. Durant trois jours, il sera question de l\u2019enseignement du journalisme a\u0300 l\u2019heure des Nouvelles Technologies de l\u2019Information et de la communication et de l\u2019intelligence artificielle. Les tendances modernes du journalisme. Ou\u0300 vont les nouveaux me\u0301dias? Dans quelle mesure les e\u0301coles de journalisme suivent-elles ces tendances? Les compe\u0301tences des professionnels des nouveaux me\u0301dias correspondent-elles aux besoins du marche\u0301? Autant de the\u0300mes qui seront aborde\u0301s pour mieux re\u0301pondre aux de\u0301fis qui s\u2019imposent a\u0300 la pratique du journalisme dans le monde arabe.<\/p>\n<p>Le Pre\u0301sident de l\u2019Union de la Presse Francophone de Djibouti et Directeur de re\u0301daction du quotidien La Nation M.Kenedid Ibrahim Houssein et Mme Zahra Ahmed Omar, professeur a l\u2019universite\u0301 de Djibouti dans la filie\u0300re Science Technique de l\u2019information et de la Communication (Stic) participent a\u0300 cette confe\u0301rence aux co\u0302te\u0301s de plusieurs centaines de dirigeants d\u2019organisations de journalistes et d\u2019acade\u0301miciens issus des filie\u0300res d\u2019enseignement du journalisme dans le monde arabe. Cette confe\u0301rence vient a\u0300 point nomme\u0301 car de nos jours ou\u0300 l\u2019information est devenue un outil important dans la diffusion des messages et d\u2019orientation politique.<\/p>\n<p>Sera aborde\u0301 aussi comment les e\u0301coles de journalisme se pre\u0301parent-elles et pre\u0301parent-elles leurs e\u0301tudiants a\u0300 l\u2019avenir ?<\/p>\n<p>Aussi, les participants a\u0300 cette confe\u0301rence se pencheront sur l\u2019importance de l\u2019emploi des sciences sociales dans le journalisme (angle de traitement, replacer les e\u0301ve\u0301nements dans leur contexte politique, social, e\u0301conomique et culturel, utiliser les techniques des sciences sociales sur le terrain, etc.). en s\u2019appuyant sur des mode\u0300les d\u2019application et exemples d\u2019utilisation des sciences sociales dans le journalisme.<\/p>\n\r\n                <style type=\"text\/css\">\r\n                    \r\n                    #td_uid_1_69f5dd2c34a35  .td-doubleSlider-2 .td-item1 {\r\n                        background: url(https:\/\/static.africa-press.net\/djibouti\/sites\/52\/2023\/10\/sm_1697376867.801645-80x60.jpg) 0 0 no-repeat;\r\n                    }\r\n                    #td_uid_1_69f5dd2c34a35  .td-doubleSlider-2 .td-item2 {\r\n                        background: url(https:\/\/static.africa-press.net\/djibouti\/sites\/52\/2023\/10\/sm_1697376889.015329-80x60.jpg) 0 0 no-repeat;\r\n                    }\r\n                <\/style>\r\n\r\n                <div id=\"td_uid_1_69f5dd2c34a35\" class=\"td-gallery td-slide-on-2-columns\">\r\n                    <div class=\"post_td_gallery\">\r\n                        <div class=\"td-gallery-slide-top\">\r\n                           <div class=\"td-gallery-title\"><\/div>\r\n\r\n                            <div class=\"td-gallery-controls-wrapper\">\r\n                                <div class=\"td-gallery-slide-count\"><span class=\"td-gallery-slide-item-focus\">1<\/span> de 2<\/div>\r\n                                <div class=\"td-gallery-slide-prev-next-but\">\r\n                                    <i class = \"td-icon-left doubleSliderPrevButton\"><\/i>\r\n                                    <i class = \"td-icon-right doubleSliderNextButton\"><\/i>\r\n                                <\/div>\r\n                            <\/div>\r\n                        <\/div>\r\n\r\n                        <div class = \"td-doubleSlider-1 \">\r\n                            <div class = \"td-slider\">\r\n                                \r\n                    <div class = \"td-slide-item td-item1\">\r\n                        <figure class=\"td-slide-galery-figure td-slide-popup-gallery\">\r\n                            <a class=\"slide-gallery-image-link\" href=\"https:\/\/static.africa-press.net\/djibouti\/sites\/52\/2023\/10\/sm_1697376867.801645.jpg\" title=\"sm_1697376867.801645\"  data-caption=\"\"  data-description=\"\">\r\n                                <img decoding=\"async\" src=\"https:\/\/static.africa-press.net\/djibouti\/sites\/52\/2023\/10\/sm_1697376867.801645.jpg\" srcset=\"https:\/\/static.africa-press.net\/djibouti\/sites\/52\/2023\/10\/sm_1697376867.801645.jpg 884w, https:\/\/static.africa-press.net\/djibouti\/sites\/52\/2023\/10\/sm_1697376867.801645-259x300.jpg 259w, https:\/\/static.africa-press.net\/djibouti\/sites\/52\/2023\/10\/sm_1697376867.801645-768x890.jpg 768w\" sizes=\"(max-width: 884px) 100vw, 884px\" alt=\"\">\r\n                            <\/a>\r\n                            \r\n                        <\/figure>\r\n                    <\/div>\r\n                    <div class = \"td-slide-item td-item2\">\r\n                        <figure class=\"td-slide-galery-figure td-slide-popup-gallery\">\r\n                            <a class=\"slide-gallery-image-link\" href=\"https:\/\/static.africa-press.net\/djibouti\/sites\/52\/2023\/10\/sm_1697376889.015329.jpg\" title=\"sm_1697376889.015329\"  data-caption=\"\"  data-description=\"\">\r\n                                <img decoding=\"async\" src=\"https:\/\/static.africa-press.net\/djibouti\/sites\/52\/2023\/10\/sm_1697376889.015329.jpg\" srcset=\"https:\/\/static.africa-press.net\/djibouti\/sites\/52\/2023\/10\/sm_1697376889.015329.jpg 696w, https:\/\/static.africa-press.net\/djibouti\/sites\/52\/2023\/10\/sm_1697376889.015329-225x300.jpg 225w\" sizes=\"(max-width: 696px) 100vw, 696px\" alt=\"\">\r\n                            <\/a>\r\n                            \r\n                        <\/figure>\r\n                    <\/div>\r\n                            <\/div>\r\n                        <\/div>\r\n\r\n                        <div class = \"td-doubleSlider-2\">\r\n                            <div class = \"td-slider\">\r\n                                \r\n                    <div class = \"td-button td-item1\">\r\n                        <div class = \"td-border\"><\/div>\r\n                    <\/div>\r\n                    <div class = \"td-button td-item2\">\r\n                        <div class = \"td-border\"><\/div>\r\n                    <\/div>\r\n                            <\/div>\r\n                        <\/div>\r\n\r\n                    <\/div>\r\n\r\n                <\/div>\r\n                \n<p><strong>Pour plus d&rsquo;informations et d&rsquo;analyses sur la <a href=\"https:\/\/www.africa-press.net\/djibouti\">Djibouti<\/a>, suivez <a href=\"https:\/\/www.africa-press.net\/\">Africa-Press<\/a><\/strong><\/p>\n","protected":false},"excerpt":{"rendered":"<p>Africa-Press &#8211; Djibouti. Hier matin a\u0300 Doha, a eu lieu le lancement de la confe\u0301rence des faculte\u0301s de journalisme du monde arabe organise\u0301e par Aljazeera Media Institute. Durant trois jours, il sera question de l\u2019enseignement du journalisme a\u0300 l\u2019heure des Nouvelles Technologies de l\u2019Information et de la communication et de l\u2019intelligence artificielle. Les tendances modernes [&hellip;]<\/p>\n","protected":false},"author":82,"featured_media":19158,"comment_status":"open","ping_status":"closed","sticky":false,"template":"","format":"standard","meta":{"footnotes":""},"categories":[8,2,10],"tags":[36,49,50],"class_list":["post-19159","post","type-post","status-publish","format-standard","has-post-thumbnail","hentry","category-photo","category-politique","category-toutes-les-actualites","tag-africa-press","tag-africa-press-djibouti","tag-djibouti"],"yoast_head":"<!-- This site is optimized with the Yoast SEO Premium plugin v26.1 (Yoast SEO v27.0) - https:\/\/yoast.com\/product\/yoast-seo-premium-wordpress\/ -->\n<title>Ouverture \u00e0 Doha d\u2019une conf\u00e9rence des facult\u00e9s de journalisme dans le monde arabe - Djibouti<\/title>\n<meta name=\"description\" content=\"Hier matin a\u0300 Doha, a eu lieu le lancement de la confe\u0301rence des faculte\u0301s de journalisme du monde arabe organise\u0301e par ...\" \/>\n<meta name=\"robots\" content=\"index, follow, max-snippet:-1, max-image-preview:large, max-video-preview:-1\" \/>\n<link rel=\"canonical\" href=\"https:\/\/www.africa-press.net\/djibouti\/politique\/ouverture-a-doha-dune-conference-des-facultes-de-journalisme-dans-le-monde-arabe\" \/>\n<meta property=\"og:locale\" content=\"fr_FR\" \/>\n<meta property=\"og:type\" content=\"article\" \/>\n<meta property=\"og:title\" content=\"Ouverture \u00e0 Doha d\u2019une conf\u00e9rence des facult\u00e9s de journalisme dans le monde arabe\" \/>\n<meta property=\"og:description\" content=\"Hier matin a\u0300 Doha, a eu lieu le lancement de la confe\u0301rence des faculte\u0301s de journalisme du monde arabe organise\u0301e par ...\" \/>\n<meta property=\"og:url\" content=\"https:\/\/www.africa-press.net\/djibouti\/politique\/ouverture-a-doha-dune-conference-des-facultes-de-journalisme-dans-le-monde-arabe\" \/>\n<meta property=\"og:site_name\" content=\"Djibouti\" \/>\n<meta property=\"article:published_time\" content=\"2023-10-15T16:40:34+00:00\" \/>\n<meta property=\"article:modified_time\" content=\"2023-10-15T17:06:35+00:00\" \/>\n<meta property=\"og:image\" content=\"https:\/\/static.africa-press.net\/djibouti\/sites\/52\/2023\/10\/sm_1697376913.974683.jpg\" \/>\n\t<meta property=\"og:image:width\" content=\"1280\" \/>\n\t<meta property=\"og:image:height\" content=\"720\" \/>\n\t<meta property=\"og:image:type\" content=\"image\/jpeg\" \/>\n<meta name=\"author\" content=\"cfeditorfr\" \/>\n<meta name=\"twitter:card\" content=\"summary_large_image\" \/>\n<meta name=\"twitter:label1\" content=\"\u00c9crit par\" \/>\n\t<meta name=\"twitter:data1\" content=\"cfeditorfr\" \/>\n\t<meta name=\"twitter:label2\" content=\"Dur\u00e9e de lecture estim\u00e9e\" \/>\n\t<meta name=\"twitter:data2\" content=\"2 minutes\" \/>\n<script type=\"application\/ld+json\" class=\"yoast-schema-graph\">{\"@context\":\"https:\/\/schema.org\",\"@graph\":[{\"@type\":\"Article\",\"@id\":\"https:\/\/www.africa-press.net\/djibouti\/politique\/ouverture-a-doha-dune-conference-des-facultes-de-journalisme-dans-le-monde-arabe#article\",\"isPartOf\":{\"@id\":\"https:\/\/www.africa-press.net\/djibouti\/politique\/ouverture-a-doha-dune-conference-des-facultes-de-journalisme-dans-le-monde-arabe\"},\"author\":{\"name\":\"cfeditorfr\",\"@id\":\"https:\/\/www.africa-press.net\/djibouti\/#\/schema\/person\/2b1cf3cd81a31e3cd26889ca66d677f1\"},\"headline\":\"Ouverture \u00e0 Doha d\u2019une conf\u00e9rence des facult\u00e9s de journalisme dans le monde arabe\",\"datePublished\":\"2023-10-15T16:40:34+00:00\",\"dateModified\":\"2023-10-15T17:06:35+00:00\",\"mainEntityOfPage\":{\"@id\":\"https:\/\/www.africa-press.net\/djibouti\/politique\/ouverture-a-doha-dune-conference-des-facultes-de-journalisme-dans-le-monde-arabe\"},\"wordCount\":359,\"commentCount\":0,\"image\":{\"@id\":\"https:\/\/www.africa-press.net\/djibouti\/politique\/ouverture-a-doha-dune-conference-des-facultes-de-journalisme-dans-le-monde-arabe#primaryimage\"},\"thumbnailUrl\":\"https:\/\/static.africa-press.net\/djibouti\/sites\/52\/2023\/10\/sm_1697376913.974683.jpg\",\"keywords\":[\"Africa Press\",\"Africa Press-Djibouti\",\"Djibouti\"],\"articleSection\":[\"Photo\",\"Politique\",\"Toutes les actualit\u00e9s\"],\"inLanguage\":\"fr-FR\",\"potentialAction\":[{\"@type\":\"CommentAction\",\"name\":\"Comment\",\"target\":[\"https:\/\/www.africa-press.net\/djibouti\/politique\/ouverture-a-doha-dune-conference-des-facultes-de-journalisme-dans-le-monde-arabe#respond\"]}]},{\"@type\":\"WebPage\",\"@id\":\"https:\/\/www.africa-press.net\/djibouti\/politique\/ouverture-a-doha-dune-conference-des-facultes-de-journalisme-dans-le-monde-arabe\",\"url\":\"https:\/\/www.africa-press.net\/djibouti\/politique\/ouverture-a-doha-dune-conference-des-facultes-de-journalisme-dans-le-monde-arabe\",\"name\":\"Ouverture \u00e0 Doha d\u2019une conf\u00e9rence des facult\u00e9s de journalisme dans le monde arabe - Djibouti\",\"isPartOf\":{\"@id\":\"https:\/\/www.africa-press.net\/djibouti\/#website\"},\"primaryImageOfPage\":{\"@id\":\"https:\/\/www.africa-press.net\/djibouti\/politique\/ouverture-a-doha-dune-conference-des-facultes-de-journalisme-dans-le-monde-arabe#primaryimage\"},\"image\":{\"@id\":\"https:\/\/www.africa-press.net\/djibouti\/politique\/ouverture-a-doha-dune-conference-des-facultes-de-journalisme-dans-le-monde-arabe#primaryimage\"},\"thumbnailUrl\":\"https:\/\/static.africa-press.net\/djibouti\/sites\/52\/2023\/10\/sm_1697376913.974683.jpg\",\"datePublished\":\"2023-10-15T16:40:34+00:00\",\"dateModified\":\"2023-10-15T17:06:35+00:00\",\"author\":{\"@id\":\"https:\/\/www.africa-press.net\/djibouti\/#\/schema\/person\/2b1cf3cd81a31e3cd26889ca66d677f1\"},\"description\":\"Hier matin a\u0300 Doha, a eu lieu le lancement de la confe\u0301rence des faculte\u0301s de journalisme du monde arabe organise\u0301e par ...\",\"breadcrumb\":{\"@id\":\"https:\/\/www.africa-press.net\/djibouti\/politique\/ouverture-a-doha-dune-conference-des-facultes-de-journalisme-dans-le-monde-arabe#breadcrumb\"},\"inLanguage\":\"fr-FR\",\"potentialAction\":[{\"@type\":\"ReadAction\",\"target\":[\"https:\/\/www.africa-press.net\/djibouti\/politique\/ouverture-a-doha-dune-conference-des-facultes-de-journalisme-dans-le-monde-arabe\"]}]},{\"@type\":\"ImageObject\",\"inLanguage\":\"fr-FR\",\"@id\":\"https:\/\/www.africa-press.net\/djibouti\/politique\/ouverture-a-doha-dune-conference-des-facultes-de-journalisme-dans-le-monde-arabe#primaryimage\",\"url\":\"https:\/\/static.africa-press.net\/djibouti\/sites\/52\/2023\/10\/sm_1697376913.974683.jpg\",\"contentUrl\":\"https:\/\/static.africa-press.net\/djibouti\/sites\/52\/2023\/10\/sm_1697376913.974683.jpg\",\"width\":1280,\"height\":720,\"caption\":\"Ouverture \u00e0 Doha d\u2019une conf\u00e9rence des facult\u00e9s de journalisme dans le monde arabe\"},{\"@type\":\"BreadcrumbList\",\"@id\":\"https:\/\/www.africa-press.net\/djibouti\/politique\/ouverture-a-doha-dune-conference-des-facultes-de-journalisme-dans-le-monde-arabe#breadcrumb\",\"itemListElement\":[{\"@type\":\"ListItem\",\"position\":1,\"name\":\"Accueil\",\"item\":\"https:\/\/www.africa-press.net\/djibouti\/\"},{\"@type\":\"ListItem\",\"position\":2,\"name\":\"Ouverture \u00e0 Doha d\u2019une conf\u00e9rence des facult\u00e9s de journalisme dans le monde arabe\"}]},{\"@type\":\"WebSite\",\"@id\":\"https:\/\/www.africa-press.net\/djibouti\/#website\",\"url\":\"https:\/\/www.africa-press.net\/djibouti\/\",\"name\":\"Djibouti\",\"description\":\"Just another Africa News Agency Sites site\",\"potentialAction\":[{\"@type\":\"SearchAction\",\"target\":{\"@type\":\"EntryPoint\",\"urlTemplate\":\"https:\/\/www.africa-press.net\/djibouti\/?s={search_term_string}\"},\"query-input\":{\"@type\":\"PropertyValueSpecification\",\"valueRequired\":true,\"valueName\":\"search_term_string\"}}],\"inLanguage\":\"fr-FR\"},{\"@type\":\"Person\",\"@id\":\"https:\/\/www.africa-press.net\/djibouti\/#\/schema\/person\/2b1cf3cd81a31e3cd26889ca66d677f1\",\"name\":\"cfeditorfr\"}]}<\/script>\n<!-- \/ Yoast SEO Premium plugin. -->","yoast_head_json":{"title":"Ouverture \u00e0 Doha d\u2019une conf\u00e9rence des facult\u00e9s de journalisme dans le monde arabe - Djibouti","description":"Hier matin a\u0300 Doha, a eu lieu le lancement de la confe\u0301rence des faculte\u0301s de journalisme du monde arabe organise\u0301e par ...","robots":{"index":"index","follow":"follow","max-snippet":"max-snippet:-1","max-image-preview":"max-image-preview:large","max-video-preview":"max-video-preview:-1"},"canonical":"https:\/\/www.africa-press.net\/djibouti\/politique\/ouverture-a-doha-dune-conference-des-facultes-de-journalisme-dans-le-monde-arabe","og_locale":"fr_FR","og_type":"article","og_title":"Ouverture \u00e0 Doha d\u2019une conf\u00e9rence des facult\u00e9s de journalisme dans le monde arabe","og_description":"Hier matin a\u0300 Doha, a eu lieu le lancement de la confe\u0301rence des faculte\u0301s de journalisme du monde arabe organise\u0301e par ...","og_url":"https:\/\/www.africa-press.net\/djibouti\/politique\/ouverture-a-doha-dune-conference-des-facultes-de-journalisme-dans-le-monde-arabe","og_site_name":"Djibouti","article_published_time":"2023-10-15T16:40:34+00:00","article_modified_time":"2023-10-15T17:06:35+00:00","og_image":[{"width":1280,"height":720,"url":"https:\/\/static.africa-press.net\/djibouti\/sites\/52\/2023\/10\/sm_1697376913.974683.jpg","type":"image\/jpeg"}],"author":"cfeditorfr","twitter_card":"summary_large_image","twitter_misc":{"\u00c9crit par":"cfeditorfr","Dur\u00e9e de lecture estim\u00e9e":"2 minutes"},"schema":{"@context":"https:\/\/schema.org","@graph":[{"@type":"Article","@id":"https:\/\/www.africa-press.net\/djibouti\/politique\/ouverture-a-doha-dune-conference-des-facultes-de-journalisme-dans-le-monde-arabe#article","isPartOf":{"@id":"https:\/\/www.africa-press.net\/djibouti\/politique\/ouverture-a-doha-dune-conference-des-facultes-de-journalisme-dans-le-monde-arabe"},"author":{"name":"cfeditorfr","@id":"https:\/\/www.africa-press.net\/djibouti\/#\/schema\/person\/2b1cf3cd81a31e3cd26889ca66d677f1"},"headline":"Ouverture \u00e0 Doha d\u2019une conf\u00e9rence des facult\u00e9s de journalisme dans le monde arabe","datePublished":"2023-10-15T16:40:34+00:00","dateModified":"2023-10-15T17:06:35+00:00","mainEntityOfPage":{"@id":"https:\/\/www.africa-press.net\/djibouti\/politique\/ouverture-a-doha-dune-conference-des-facultes-de-journalisme-dans-le-monde-arabe"},"wordCount":359,"commentCount":0,"image":{"@id":"https:\/\/www.africa-press.net\/djibouti\/politique\/ouverture-a-doha-dune-conference-des-facultes-de-journalisme-dans-le-monde-arabe#primaryimage"},"thumbnailUrl":"https:\/\/static.africa-press.net\/djibouti\/sites\/52\/2023\/10\/sm_1697376913.974683.jpg","keywords":["Africa Press","Africa Press-Djibouti","Djibouti"],"articleSection":["Photo","Politique","Toutes les actualit\u00e9s"],"inLanguage":"fr-FR","potentialAction":[{"@type":"CommentAction","name":"Comment","target":["https:\/\/www.africa-press.net\/djibouti\/politique\/ouverture-a-doha-dune-conference-des-facultes-de-journalisme-dans-le-monde-arabe#respond"]}]},{"@type":"WebPage","@id":"https:\/\/www.africa-press.net\/djibouti\/politique\/ouverture-a-doha-dune-conference-des-facultes-de-journalisme-dans-le-monde-arabe","url":"https:\/\/www.africa-press.net\/djibouti\/politique\/ouverture-a-doha-dune-conference-des-facultes-de-journalisme-dans-le-monde-arabe","name":"Ouverture \u00e0 Doha d\u2019une conf\u00e9rence des facult\u00e9s de journalisme dans le monde arabe - Djibouti","isPartOf":{"@id":"https:\/\/www.africa-press.net\/djibouti\/#website"},"primaryImageOfPage":{"@id":"https:\/\/www.africa-press.net\/djibouti\/politique\/ouverture-a-doha-dune-conference-des-facultes-de-journalisme-dans-le-monde-arabe#primaryimage"},"image":{"@id":"https:\/\/www.africa-press.net\/djibouti\/politique\/ouverture-a-doha-dune-conference-des-facultes-de-journalisme-dans-le-monde-arabe#primaryimage"},"thumbnailUrl":"https:\/\/static.africa-press.net\/djibouti\/sites\/52\/2023\/10\/sm_1697376913.974683.jpg","datePublished":"2023-10-15T16:40:34+00:00","dateModified":"2023-10-15T17:06:35+00:00","author":{"@id":"https:\/\/www.africa-press.net\/djibouti\/#\/schema\/person\/2b1cf3cd81a31e3cd26889ca66d677f1"},"description":"Hier matin a\u0300 Doha, a eu lieu le lancement de la confe\u0301rence des faculte\u0301s de journalisme du monde arabe organise\u0301e par ...","breadcrumb":{"@id":"https:\/\/www.africa-press.net\/djibouti\/politique\/ouverture-a-doha-dune-conference-des-facultes-de-journalisme-dans-le-monde-arabe#breadcrumb"},"inLanguage":"fr-FR","potentialAction":[{"@type":"ReadAction","target":["https:\/\/www.africa-press.net\/djibouti\/politique\/ouverture-a-doha-dune-conference-des-facultes-de-journalisme-dans-le-monde-arabe"]}]},{"@type":"ImageObject","inLanguage":"fr-FR","@id":"https:\/\/www.africa-press.net\/djibouti\/politique\/ouverture-a-doha-dune-conference-des-facultes-de-journalisme-dans-le-monde-arabe#primaryimage","url":"https:\/\/static.africa-press.net\/djibouti\/sites\/52\/2023\/10\/sm_1697376913.974683.jpg","contentUrl":"https:\/\/static.africa-press.net\/djibouti\/sites\/52\/2023\/10\/sm_1697376913.974683.jpg","width":1280,"height":720,"caption":"Ouverture \u00e0 Doha d\u2019une conf\u00e9rence des facult\u00e9s de journalisme dans le monde arabe"},{"@type":"BreadcrumbList","@id":"https:\/\/www.africa-press.net\/djibouti\/politique\/ouverture-a-doha-dune-conference-des-facultes-de-journalisme-dans-le-monde-arabe#breadcrumb","itemListElement":[{"@type":"ListItem","position":1,"name":"Accueil","item":"https:\/\/www.africa-press.net\/djibouti\/"},{"@type":"ListItem","position":2,"name":"Ouverture \u00e0 Doha d\u2019une conf\u00e9rence des facult\u00e9s de journalisme dans le monde arabe"}]},{"@type":"WebSite","@id":"https:\/\/www.africa-press.net\/djibouti\/#website","url":"https:\/\/www.africa-press.net\/djibouti\/","name":"Djibouti","description":"Just another Africa News Agency Sites site","potentialAction":[{"@type":"SearchAction","target":{"@type":"EntryPoint","urlTemplate":"https:\/\/www.africa-press.net\/djibouti\/?s={search_term_string}"},"query-input":{"@type":"PropertyValueSpecification","valueRequired":true,"valueName":"search_term_string"}}],"inLanguage":"fr-FR"},{"@type":"Person","@id":"https:\/\/www.africa-press.net\/djibouti\/#\/schema\/person\/2b1cf3cd81a31e3cd26889ca66d677f1","name":"cfeditorfr"}]}},"_links":{"self":[{"href":"https:\/\/www.africa-press.net\/djibouti\/wp-json\/wp\/v2\/posts\/19159","targetHints":{"allow":["GET"]}}],"collection":[{"href":"https:\/\/www.africa-press.net\/djibouti\/wp-json\/wp\/v2\/posts"}],"about":[{"href":"https:\/\/www.africa-press.net\/djibouti\/wp-json\/wp\/v2\/types\/post"}],"author":[{"embeddable":true,"href":"https:\/\/www.africa-press.net\/djibouti\/wp-json\/wp\/v2\/users\/82"}],"replies":[{"embeddable":true,"href":"https:\/\/www.africa-press.net\/djibouti\/wp-json\/wp\/v2\/comments?post=19159"}],"version-history":[{"count":0,"href":"https:\/\/www.africa-press.net\/djibouti\/wp-json\/wp\/v2\/posts\/19159\/revisions"}],"wp:featuredmedia":[{"embeddable":true,"href":"https:\/\/www.africa-press.net\/djibouti\/wp-json\/wp\/v2\/media\/19158"}],"wp:attachment":[{"href":"https:\/\/www.africa-press.net\/djibouti\/wp-json\/wp\/v2\/media?parent=19159"}],"wp:term":[{"taxonomy":"category","embeddable":true,"href":"https:\/\/www.africa-press.net\/djibouti\/wp-json\/wp\/v2\/categories?post=19159"},{"taxonomy":"post_tag","embeddable":true,"href":"https:\/\/www.africa-press.net\/djibouti\/wp-json\/wp\/v2\/tags?post=19159"}],"curies":[{"name":"wp","href":"https:\/\/api.w.org\/{rel}","templated":true}]}}