{"id":19164,"date":"2023-10-15T16:41:08","date_gmt":"2023-10-15T16:41:08","guid":{"rendered":"https:\/\/www.africa-press.net\/djibouti\/politique\/lancement-de-la-2eme-caravane-ophtalmologique-de-la-cataracte-a-djibouti"},"modified":"2023-10-15T17:08:10","modified_gmt":"2023-10-15T17:08:10","slug":"lancement-de-la-2eme-caravane-ophtalmologique-de-la-cataracte-a-djibouti","status":"publish","type":"post","link":"https:\/\/www.africa-press.net\/djibouti\/photo\/lancement-de-la-2eme-caravane-ophtalmologique-de-la-cataracte-a-djibouti","title":{"rendered":"Lancement de la 2\u00e8me caravane ophtalmologique de la cataracte \u00e0 Djibouti"},"content":{"rendered":"<p><span style=\"color: #ff6600\"><strong>Africa-Press &#8211; Djibouti. <\/strong><\/span>Le ministe\u0300re de la Sante\u0301, en collaboration avec la Fondation GX, a inaugure\u0301 la deuxie\u0300me caravane ophtalmologique de la cataracte en re\u0301publique de Djibouti. La ce\u0301re\u0301monie de lancement s\u2019est tenue a\u0300 l\u2019ho\u0302pital ge\u0301ne\u0301ral Peltier et a e\u0301te\u0301 pre\u0301side\u0301e par le Directeur Ge\u0301ne\u0301ral du CHU de Djibouti, le Dr Omar Ismail Mahmoud. Cette caravane vise a\u0300 consulter, ope\u0301rer et soigner gratuitement des centaines de personnes touche\u0301es par la cataracte dans notre pays.<\/p>\n<p>Il est a\u0300 rappeler qu\u2019en fe\u0301vrier 2023, le Premier Ministre Abdoulkader Kamil Mohamed avait pre\u0301side\u0301 la ce\u0301re\u0301monie de renouvellement du me\u0301morandum d\u2019entente entre le ministe\u0300re de la Sante\u0301 et la Fondation GX, qui avait pour objectif d\u2019organiser des caravanes me\u0301dicales mobiles en vue d\u2019ope\u0301rer et de soigner toutes les personnes souffrant de la cataracte dans notre pays.<\/p>\n<p>La Fondation GX et le ministe\u0300re de la Sante\u0301 ont de\u0301ja\u0300 ope\u0301re\u0301 plus de 500 personnes en fe\u0301vrier dernier et, a\u0300 travers cette deuxie\u0300me caravane, ils se sont fixe\u0301s pour objectif d\u2019ope\u0301rer plus de 1000 personnes touche\u0301es par la cataracte en Re\u0301publique de Djibouti. Cette ope\u0301ration s\u2019e\u0301tale sur une pe\u0301riode de 6 semaines et se de\u0301roulera a\u0300 l\u2019ho\u0302pital ge\u0301ne\u0301ral Peltier.<\/p>\n<p>Il est important de noter que toutes les personnes souffrant de la cataracte ont exprime\u0301 leur gratitude envers la Fondation GX pour sa politique de bienfaisance. Le Directeur Ge\u0301ne\u0301ral du CHU de Djibouti, le Dr Omar Ismail Mahmoud, a souligne\u0301 lors de son intervention que la cataracte est une maladie tre\u0300s re\u0301pandue dans notre pays, cause\u0301e par divers facteurs, entrai\u0302nant une baisse de la vision. Il a lance\u0301 un appel a\u0300 toutes les personnes souffrant de cette pathologie pour se faire consulter et ope\u0301rer lors de cette caravane.<\/p>\n<p>Le directeur ge\u0301ne\u0301ral a e\u0301galement souligne\u0301 que cette initiative de la Fondation chinoise, lors de son deuxie\u0300me passage dans le pays, constitue un soulagement important pour les patients et me\u0301rite d\u2019e\u0302tre encourage\u0301e.<\/p>\n\r\n                <style type=\"text\/css\">\r\n                    \r\n                    #td_uid_1_69f5dd2b680d7  .td-doubleSlider-2 .td-item1 {\r\n                        background: url(https:\/\/static.africa-press.net\/djibouti\/sites\/52\/2023\/10\/sm_1697376974.065316-80x60.jpg) 0 0 no-repeat;\r\n                    }\r\n                    #td_uid_1_69f5dd2b680d7  .td-doubleSlider-2 .td-item2 {\r\n                        background: url(https:\/\/static.africa-press.net\/djibouti\/sites\/52\/2023\/10\/sm_1697376997.14889-80x60.jpg) 0 0 no-repeat;\r\n                    }\r\n                <\/style>\r\n\r\n                <div id=\"td_uid_1_69f5dd2b680d7\" class=\"td-gallery td-slide-on-2-columns\">\r\n                    <div class=\"post_td_gallery\">\r\n                        <div class=\"td-gallery-slide-top\">\r\n                           <div class=\"td-gallery-title\"><\/div>\r\n\r\n                            <div class=\"td-gallery-controls-wrapper\">\r\n                                <div class=\"td-gallery-slide-count\"><span class=\"td-gallery-slide-item-focus\">1<\/span> de 2<\/div>\r\n                                <div class=\"td-gallery-slide-prev-next-but\">\r\n                                    <i class = \"td-icon-left doubleSliderPrevButton\"><\/i>\r\n                                    <i class = \"td-icon-right doubleSliderNextButton\"><\/i>\r\n                                <\/div>\r\n                            <\/div>\r\n                        <\/div>\r\n\r\n                        <div class = \"td-doubleSlider-1 \">\r\n                            <div class = \"td-slider\">\r\n                                \r\n                    <div class = \"td-slide-item td-item1\">\r\n                        <figure class=\"td-slide-galery-figure td-slide-popup-gallery\">\r\n                            <a class=\"slide-gallery-image-link\" href=\"https:\/\/static.africa-press.net\/djibouti\/sites\/52\/2023\/10\/sm_1697376974.065316.jpg\" title=\"sm_1697376974.065316\"  data-caption=\"\"  data-description=\"\">\r\n                                <img decoding=\"async\" src=\"https:\/\/static.africa-press.net\/djibouti\/sites\/52\/2023\/10\/sm_1697376974.065316.jpg\" srcset=\"https:\/\/static.africa-press.net\/djibouti\/sites\/52\/2023\/10\/sm_1697376974.065316.jpg 1024w, https:\/\/static.africa-press.net\/djibouti\/sites\/52\/2023\/10\/sm_1697376974.065316-300x169.jpg 300w, https:\/\/static.africa-press.net\/djibouti\/sites\/52\/2023\/10\/sm_1697376974.065316-768x432.jpg 768w\" sizes=\"(max-width: 1024px) 100vw, 1024px\" alt=\"\">\r\n                            <\/a>\r\n                            \r\n                        <\/figure>\r\n                    <\/div>\r\n                    <div class = \"td-slide-item td-item2\">\r\n                        <figure class=\"td-slide-galery-figure td-slide-popup-gallery\">\r\n                            <a class=\"slide-gallery-image-link\" href=\"https:\/\/static.africa-press.net\/djibouti\/sites\/52\/2023\/10\/sm_1697376997.14889.jpg\" title=\"sm_1697376997.14889\"  data-caption=\"\"  data-description=\"\">\r\n                                <img decoding=\"async\" src=\"https:\/\/static.africa-press.net\/djibouti\/sites\/52\/2023\/10\/sm_1697376997.14889.jpg\" srcset=\"https:\/\/static.africa-press.net\/djibouti\/sites\/52\/2023\/10\/sm_1697376997.14889.jpg 1024w, https:\/\/static.africa-press.net\/djibouti\/sites\/52\/2023\/10\/sm_1697376997.14889-300x169.jpg 300w, https:\/\/static.africa-press.net\/djibouti\/sites\/52\/2023\/10\/sm_1697376997.14889-768x432.jpg 768w\" sizes=\"(max-width: 1024px) 100vw, 1024px\" alt=\"\">\r\n                            <\/a>\r\n                            \r\n                        <\/figure>\r\n                    <\/div>\r\n                            <\/div>\r\n                        <\/div>\r\n\r\n                        <div class = \"td-doubleSlider-2\">\r\n                            <div class = \"td-slider\">\r\n                                \r\n                    <div class = \"td-button td-item1\">\r\n                        <div class = \"td-border\"><\/div>\r\n                    <\/div>\r\n                    <div class = \"td-button td-item2\">\r\n                        <div class = \"td-border\"><\/div>\r\n                    <\/div>\r\n                            <\/div>\r\n                        <\/div>\r\n\r\n                    <\/div>\r\n\r\n                <\/div>\r\n                \n<p><strong>Pour plus d&rsquo;informations et d&rsquo;analyses sur la <a href=\"https:\/\/www.africa-press.net\/djibouti\">Djibouti<\/a>, suivez <a href=\"https:\/\/www.africa-press.net\/\">Africa-Press<\/a><\/strong><\/p>\n","protected":false},"excerpt":{"rendered":"<p>Africa-Press &#8211; Djibouti. Le ministe\u0300re de la Sante\u0301, en collaboration avec la Fondation GX, a inaugure\u0301 la deuxie\u0300me caravane ophtalmologique de la cataracte en re\u0301publique de Djibouti. La ce\u0301re\u0301monie de lancement s\u2019est tenue a\u0300 l\u2019ho\u0302pital ge\u0301ne\u0301ral Peltier et a e\u0301te\u0301 pre\u0301side\u0301e par le Directeur Ge\u0301ne\u0301ral du CHU de Djibouti, le Dr Omar Ismail Mahmoud. Cette [&hellip;]<\/p>\n","protected":false},"author":82,"featured_media":19163,"comment_status":"open","ping_status":"closed","sticky":false,"template":"","format":"standard","meta":{"footnotes":""},"categories":[21,8,57,10],"tags":[36,49,50],"class_list":["post-19164","post","type-post","status-publish","format-standard","has-post-thumbnail","hentry","category-communaute","category-photo","category-to-homepage","category-toutes-les-actualites","tag-africa-press","tag-africa-press-djibouti","tag-djibouti"],"yoast_head":"<!-- This site is optimized with the Yoast SEO Premium plugin v26.1 (Yoast SEO v27.0) - https:\/\/yoast.com\/product\/yoast-seo-premium-wordpress\/ -->\n<title>Lancement de la 2\u00e8me caravane ophtalmologique de la cataracte \u00e0 Djibouti - Djibouti<\/title>\n<meta name=\"description\" content=\"Le ministe\u0300re de la Sante\u0301, en collaboration avec la Fondation GX, a inaugure\u0301 la deuxie\u0300me caravane ophtalmologique de ...\" \/>\n<meta name=\"robots\" content=\"index, follow, max-snippet:-1, max-image-preview:large, max-video-preview:-1\" \/>\n<link rel=\"canonical\" href=\"https:\/\/www.africa-press.net\/djibouti\/photo\/lancement-de-la-2eme-caravane-ophtalmologique-de-la-cataracte-a-djibouti\" \/>\n<meta property=\"og:locale\" content=\"fr_FR\" \/>\n<meta property=\"og:type\" content=\"article\" \/>\n<meta property=\"og:title\" content=\"Lancement de la 2\u00e8me caravane ophtalmologique de la cataracte \u00e0 Djibouti\" \/>\n<meta property=\"og:description\" content=\"Le ministe\u0300re de la Sante\u0301, en collaboration avec la Fondation GX, a inaugure\u0301 la deuxie\u0300me caravane ophtalmologique de ...\" \/>\n<meta property=\"og:url\" content=\"https:\/\/www.africa-press.net\/djibouti\/photo\/lancement-de-la-2eme-caravane-ophtalmologique-de-la-cataracte-a-djibouti\" \/>\n<meta property=\"og:site_name\" content=\"Djibouti\" \/>\n<meta property=\"article:published_time\" content=\"2023-10-15T16:41:08+00:00\" \/>\n<meta property=\"article:modified_time\" content=\"2023-10-15T17:08:10+00:00\" \/>\n<meta property=\"og:image\" content=\"https:\/\/static.africa-press.net\/djibouti\/sites\/52\/2023\/10\/sm_1697377014.066438.jpg\" \/>\n\t<meta property=\"og:image:width\" content=\"720\" \/>\n\t<meta property=\"og:image:height\" content=\"405\" \/>\n\t<meta property=\"og:image:type\" content=\"image\/jpeg\" \/>\n<meta name=\"author\" content=\"cfeditorfr\" \/>\n<meta name=\"twitter:card\" content=\"summary_large_image\" \/>\n<meta name=\"twitter:label1\" content=\"\u00c9crit par\" \/>\n\t<meta name=\"twitter:data1\" content=\"cfeditorfr\" \/>\n\t<meta name=\"twitter:label2\" content=\"Dur\u00e9e de lecture estim\u00e9e\" \/>\n\t<meta name=\"twitter:data2\" content=\"2 minutes\" \/>\n<script type=\"application\/ld+json\" class=\"yoast-schema-graph\">{\"@context\":\"https:\/\/schema.org\",\"@graph\":[{\"@type\":\"Article\",\"@id\":\"https:\/\/www.africa-press.net\/djibouti\/photo\/lancement-de-la-2eme-caravane-ophtalmologique-de-la-cataracte-a-djibouti#article\",\"isPartOf\":{\"@id\":\"https:\/\/www.africa-press.net\/djibouti\/photo\/lancement-de-la-2eme-caravane-ophtalmologique-de-la-cataracte-a-djibouti\"},\"author\":{\"name\":\"cfeditorfr\",\"@id\":\"https:\/\/www.africa-press.net\/djibouti\/#\/schema\/person\/2b1cf3cd81a31e3cd26889ca66d677f1\"},\"headline\":\"Lancement de la 2\u00e8me caravane ophtalmologique de la cataracte \u00e0 Djibouti\",\"datePublished\":\"2023-10-15T16:41:08+00:00\",\"dateModified\":\"2023-10-15T17:08:10+00:00\",\"mainEntityOfPage\":{\"@id\":\"https:\/\/www.africa-press.net\/djibouti\/photo\/lancement-de-la-2eme-caravane-ophtalmologique-de-la-cataracte-a-djibouti\"},\"wordCount\":402,\"commentCount\":0,\"image\":{\"@id\":\"https:\/\/www.africa-press.net\/djibouti\/photo\/lancement-de-la-2eme-caravane-ophtalmologique-de-la-cataracte-a-djibouti#primaryimage\"},\"thumbnailUrl\":\"https:\/\/static.africa-press.net\/djibouti\/sites\/52\/2023\/10\/sm_1697377014.066438.jpg\",\"keywords\":[\"Africa Press\",\"Africa Press-Djibouti\",\"Djibouti\"],\"articleSection\":[\"Communaut\u00e9\",\"Photo\",\"to-homepage\",\"Toutes les actualit\u00e9s\"],\"inLanguage\":\"fr-FR\",\"potentialAction\":[{\"@type\":\"CommentAction\",\"name\":\"Comment\",\"target\":[\"https:\/\/www.africa-press.net\/djibouti\/photo\/lancement-de-la-2eme-caravane-ophtalmologique-de-la-cataracte-a-djibouti#respond\"]}]},{\"@type\":\"WebPage\",\"@id\":\"https:\/\/www.africa-press.net\/djibouti\/photo\/lancement-de-la-2eme-caravane-ophtalmologique-de-la-cataracte-a-djibouti\",\"url\":\"https:\/\/www.africa-press.net\/djibouti\/photo\/lancement-de-la-2eme-caravane-ophtalmologique-de-la-cataracte-a-djibouti\",\"name\":\"Lancement de la 2\u00e8me caravane ophtalmologique de la cataracte \u00e0 Djibouti - Djibouti\",\"isPartOf\":{\"@id\":\"https:\/\/www.africa-press.net\/djibouti\/#website\"},\"primaryImageOfPage\":{\"@id\":\"https:\/\/www.africa-press.net\/djibouti\/photo\/lancement-de-la-2eme-caravane-ophtalmologique-de-la-cataracte-a-djibouti#primaryimage\"},\"image\":{\"@id\":\"https:\/\/www.africa-press.net\/djibouti\/photo\/lancement-de-la-2eme-caravane-ophtalmologique-de-la-cataracte-a-djibouti#primaryimage\"},\"thumbnailUrl\":\"https:\/\/static.africa-press.net\/djibouti\/sites\/52\/2023\/10\/sm_1697377014.066438.jpg\",\"datePublished\":\"2023-10-15T16:41:08+00:00\",\"dateModified\":\"2023-10-15T17:08:10+00:00\",\"author\":{\"@id\":\"https:\/\/www.africa-press.net\/djibouti\/#\/schema\/person\/2b1cf3cd81a31e3cd26889ca66d677f1\"},\"description\":\"Le ministe\u0300re de la Sante\u0301, en collaboration avec la Fondation GX, a inaugure\u0301 la deuxie\u0300me caravane ophtalmologique de ...\",\"breadcrumb\":{\"@id\":\"https:\/\/www.africa-press.net\/djibouti\/photo\/lancement-de-la-2eme-caravane-ophtalmologique-de-la-cataracte-a-djibouti#breadcrumb\"},\"inLanguage\":\"fr-FR\",\"potentialAction\":[{\"@type\":\"ReadAction\",\"target\":[\"https:\/\/www.africa-press.net\/djibouti\/photo\/lancement-de-la-2eme-caravane-ophtalmologique-de-la-cataracte-a-djibouti\"]}]},{\"@type\":\"ImageObject\",\"inLanguage\":\"fr-FR\",\"@id\":\"https:\/\/www.africa-press.net\/djibouti\/photo\/lancement-de-la-2eme-caravane-ophtalmologique-de-la-cataracte-a-djibouti#primaryimage\",\"url\":\"https:\/\/static.africa-press.net\/djibouti\/sites\/52\/2023\/10\/sm_1697377014.066438.jpg\",\"contentUrl\":\"https:\/\/static.africa-press.net\/djibouti\/sites\/52\/2023\/10\/sm_1697377014.066438.jpg\",\"width\":720,\"height\":405,\"caption\":\"Lancement de la 2\u00e8me caravane ophtalmologique de la cataracte \u00e0 Djibouti\"},{\"@type\":\"BreadcrumbList\",\"@id\":\"https:\/\/www.africa-press.net\/djibouti\/photo\/lancement-de-la-2eme-caravane-ophtalmologique-de-la-cataracte-a-djibouti#breadcrumb\",\"itemListElement\":[{\"@type\":\"ListItem\",\"position\":1,\"name\":\"Accueil\",\"item\":\"https:\/\/www.africa-press.net\/djibouti\/\"},{\"@type\":\"ListItem\",\"position\":2,\"name\":\"Lancement de la 2\u00e8me caravane ophtalmologique de la cataracte \u00e0 Djibouti\"}]},{\"@type\":\"WebSite\",\"@id\":\"https:\/\/www.africa-press.net\/djibouti\/#website\",\"url\":\"https:\/\/www.africa-press.net\/djibouti\/\",\"name\":\"Djibouti\",\"description\":\"Just another Africa News Agency Sites site\",\"potentialAction\":[{\"@type\":\"SearchAction\",\"target\":{\"@type\":\"EntryPoint\",\"urlTemplate\":\"https:\/\/www.africa-press.net\/djibouti\/?s={search_term_string}\"},\"query-input\":{\"@type\":\"PropertyValueSpecification\",\"valueRequired\":true,\"valueName\":\"search_term_string\"}}],\"inLanguage\":\"fr-FR\"},{\"@type\":\"Person\",\"@id\":\"https:\/\/www.africa-press.net\/djibouti\/#\/schema\/person\/2b1cf3cd81a31e3cd26889ca66d677f1\",\"name\":\"cfeditorfr\"}]}<\/script>\n<!-- \/ Yoast SEO Premium plugin. -->","yoast_head_json":{"title":"Lancement de la 2\u00e8me caravane ophtalmologique de la cataracte \u00e0 Djibouti - Djibouti","description":"Le ministe\u0300re de la Sante\u0301, en collaboration avec la Fondation GX, a inaugure\u0301 la deuxie\u0300me caravane ophtalmologique de ...","robots":{"index":"index","follow":"follow","max-snippet":"max-snippet:-1","max-image-preview":"max-image-preview:large","max-video-preview":"max-video-preview:-1"},"canonical":"https:\/\/www.africa-press.net\/djibouti\/photo\/lancement-de-la-2eme-caravane-ophtalmologique-de-la-cataracte-a-djibouti","og_locale":"fr_FR","og_type":"article","og_title":"Lancement de la 2\u00e8me caravane ophtalmologique de la cataracte \u00e0 Djibouti","og_description":"Le ministe\u0300re de la Sante\u0301, en collaboration avec la Fondation GX, a inaugure\u0301 la deuxie\u0300me caravane ophtalmologique de ...","og_url":"https:\/\/www.africa-press.net\/djibouti\/photo\/lancement-de-la-2eme-caravane-ophtalmologique-de-la-cataracte-a-djibouti","og_site_name":"Djibouti","article_published_time":"2023-10-15T16:41:08+00:00","article_modified_time":"2023-10-15T17:08:10+00:00","og_image":[{"width":720,"height":405,"url":"https:\/\/static.africa-press.net\/djibouti\/sites\/52\/2023\/10\/sm_1697377014.066438.jpg","type":"image\/jpeg"}],"author":"cfeditorfr","twitter_card":"summary_large_image","twitter_misc":{"\u00c9crit par":"cfeditorfr","Dur\u00e9e de lecture estim\u00e9e":"2 minutes"},"schema":{"@context":"https:\/\/schema.org","@graph":[{"@type":"Article","@id":"https:\/\/www.africa-press.net\/djibouti\/photo\/lancement-de-la-2eme-caravane-ophtalmologique-de-la-cataracte-a-djibouti#article","isPartOf":{"@id":"https:\/\/www.africa-press.net\/djibouti\/photo\/lancement-de-la-2eme-caravane-ophtalmologique-de-la-cataracte-a-djibouti"},"author":{"name":"cfeditorfr","@id":"https:\/\/www.africa-press.net\/djibouti\/#\/schema\/person\/2b1cf3cd81a31e3cd26889ca66d677f1"},"headline":"Lancement de la 2\u00e8me caravane ophtalmologique de la cataracte \u00e0 Djibouti","datePublished":"2023-10-15T16:41:08+00:00","dateModified":"2023-10-15T17:08:10+00:00","mainEntityOfPage":{"@id":"https:\/\/www.africa-press.net\/djibouti\/photo\/lancement-de-la-2eme-caravane-ophtalmologique-de-la-cataracte-a-djibouti"},"wordCount":402,"commentCount":0,"image":{"@id":"https:\/\/www.africa-press.net\/djibouti\/photo\/lancement-de-la-2eme-caravane-ophtalmologique-de-la-cataracte-a-djibouti#primaryimage"},"thumbnailUrl":"https:\/\/static.africa-press.net\/djibouti\/sites\/52\/2023\/10\/sm_1697377014.066438.jpg","keywords":["Africa Press","Africa Press-Djibouti","Djibouti"],"articleSection":["Communaut\u00e9","Photo","to-homepage","Toutes les actualit\u00e9s"],"inLanguage":"fr-FR","potentialAction":[{"@type":"CommentAction","name":"Comment","target":["https:\/\/www.africa-press.net\/djibouti\/photo\/lancement-de-la-2eme-caravane-ophtalmologique-de-la-cataracte-a-djibouti#respond"]}]},{"@type":"WebPage","@id":"https:\/\/www.africa-press.net\/djibouti\/photo\/lancement-de-la-2eme-caravane-ophtalmologique-de-la-cataracte-a-djibouti","url":"https:\/\/www.africa-press.net\/djibouti\/photo\/lancement-de-la-2eme-caravane-ophtalmologique-de-la-cataracte-a-djibouti","name":"Lancement de la 2\u00e8me caravane ophtalmologique de la cataracte \u00e0 Djibouti - Djibouti","isPartOf":{"@id":"https:\/\/www.africa-press.net\/djibouti\/#website"},"primaryImageOfPage":{"@id":"https:\/\/www.africa-press.net\/djibouti\/photo\/lancement-de-la-2eme-caravane-ophtalmologique-de-la-cataracte-a-djibouti#primaryimage"},"image":{"@id":"https:\/\/www.africa-press.net\/djibouti\/photo\/lancement-de-la-2eme-caravane-ophtalmologique-de-la-cataracte-a-djibouti#primaryimage"},"thumbnailUrl":"https:\/\/static.africa-press.net\/djibouti\/sites\/52\/2023\/10\/sm_1697377014.066438.jpg","datePublished":"2023-10-15T16:41:08+00:00","dateModified":"2023-10-15T17:08:10+00:00","author":{"@id":"https:\/\/www.africa-press.net\/djibouti\/#\/schema\/person\/2b1cf3cd81a31e3cd26889ca66d677f1"},"description":"Le ministe\u0300re de la Sante\u0301, en collaboration avec la Fondation GX, a inaugure\u0301 la deuxie\u0300me caravane ophtalmologique de ...","breadcrumb":{"@id":"https:\/\/www.africa-press.net\/djibouti\/photo\/lancement-de-la-2eme-caravane-ophtalmologique-de-la-cataracte-a-djibouti#breadcrumb"},"inLanguage":"fr-FR","potentialAction":[{"@type":"ReadAction","target":["https:\/\/www.africa-press.net\/djibouti\/photo\/lancement-de-la-2eme-caravane-ophtalmologique-de-la-cataracte-a-djibouti"]}]},{"@type":"ImageObject","inLanguage":"fr-FR","@id":"https:\/\/www.africa-press.net\/djibouti\/photo\/lancement-de-la-2eme-caravane-ophtalmologique-de-la-cataracte-a-djibouti#primaryimage","url":"https:\/\/static.africa-press.net\/djibouti\/sites\/52\/2023\/10\/sm_1697377014.066438.jpg","contentUrl":"https:\/\/static.africa-press.net\/djibouti\/sites\/52\/2023\/10\/sm_1697377014.066438.jpg","width":720,"height":405,"caption":"Lancement de la 2\u00e8me caravane ophtalmologique de la cataracte \u00e0 Djibouti"},{"@type":"BreadcrumbList","@id":"https:\/\/www.africa-press.net\/djibouti\/photo\/lancement-de-la-2eme-caravane-ophtalmologique-de-la-cataracte-a-djibouti#breadcrumb","itemListElement":[{"@type":"ListItem","position":1,"name":"Accueil","item":"https:\/\/www.africa-press.net\/djibouti\/"},{"@type":"ListItem","position":2,"name":"Lancement de la 2\u00e8me caravane ophtalmologique de la cataracte \u00e0 Djibouti"}]},{"@type":"WebSite","@id":"https:\/\/www.africa-press.net\/djibouti\/#website","url":"https:\/\/www.africa-press.net\/djibouti\/","name":"Djibouti","description":"Just another Africa News Agency Sites site","potentialAction":[{"@type":"SearchAction","target":{"@type":"EntryPoint","urlTemplate":"https:\/\/www.africa-press.net\/djibouti\/?s={search_term_string}"},"query-input":{"@type":"PropertyValueSpecification","valueRequired":true,"valueName":"search_term_string"}}],"inLanguage":"fr-FR"},{"@type":"Person","@id":"https:\/\/www.africa-press.net\/djibouti\/#\/schema\/person\/2b1cf3cd81a31e3cd26889ca66d677f1","name":"cfeditorfr"}]}},"_links":{"self":[{"href":"https:\/\/www.africa-press.net\/djibouti\/wp-json\/wp\/v2\/posts\/19164","targetHints":{"allow":["GET"]}}],"collection":[{"href":"https:\/\/www.africa-press.net\/djibouti\/wp-json\/wp\/v2\/posts"}],"about":[{"href":"https:\/\/www.africa-press.net\/djibouti\/wp-json\/wp\/v2\/types\/post"}],"author":[{"embeddable":true,"href":"https:\/\/www.africa-press.net\/djibouti\/wp-json\/wp\/v2\/users\/82"}],"replies":[{"embeddable":true,"href":"https:\/\/www.africa-press.net\/djibouti\/wp-json\/wp\/v2\/comments?post=19164"}],"version-history":[{"count":0,"href":"https:\/\/www.africa-press.net\/djibouti\/wp-json\/wp\/v2\/posts\/19164\/revisions"}],"wp:featuredmedia":[{"embeddable":true,"href":"https:\/\/www.africa-press.net\/djibouti\/wp-json\/wp\/v2\/media\/19163"}],"wp:attachment":[{"href":"https:\/\/www.africa-press.net\/djibouti\/wp-json\/wp\/v2\/media?parent=19164"}],"wp:term":[{"taxonomy":"category","embeddable":true,"href":"https:\/\/www.africa-press.net\/djibouti\/wp-json\/wp\/v2\/categories?post=19164"},{"taxonomy":"post_tag","embeddable":true,"href":"https:\/\/www.africa-press.net\/djibouti\/wp-json\/wp\/v2\/tags?post=19164"}],"curies":[{"name":"wp","href":"https:\/\/api.w.org\/{rel}","templated":true}]}}