{"id":25805,"date":"2024-03-02T18:48:44","date_gmt":"2024-03-02T18:48:44","guid":{"rendered":"https:\/\/www.africa-press.net\/djibouti\/politique\/rencontre-et-entretien-bilateral-entre-le-president-guelleh-et-son-homologue-turc"},"modified":"2024-03-02T20:12:33","modified_gmt":"2024-03-02T20:12:33","slug":"rencontre-et-entretien-bilateral-entre-le-president-guelleh-et-son-homologue-turc","status":"publish","type":"post","link":"https:\/\/www.africa-press.net\/djibouti\/politique\/rencontre-et-entretien-bilateral-entre-le-president-guelleh-et-son-homologue-turc","title":{"rendered":"Rencontre et entretien bilat\u00e9ral entre le Pr\u00e9sident Guelleh et son homologue turc"},"content":{"rendered":"<p><span style=\"color: #ff6600\"><strong>Africa-Press &#8211; Djibouti. <\/strong><\/span>Le Pre\u0301sident de la Re\u0301publique, M. Ismail Omar Guelleh, a, en marge de sa participation au 3e\u0300me Forum diplomatique d\u2019Antalya, en Turquie, eu ce vendredi une re\u0301union bilate\u0301rale avec son homologue Recep Tayyip Ergogan.<\/p>\n<p>Les relations d\u2019amitie\u0301 et de coope\u0301ration entre les deux pays et les deux peuples fre\u0300res et amis, aux liens anciens tisse\u0301s par le fil de l\u2019Histoire et par une communaute\u0301 importante de valeurs et de culture, ont e\u0301te\u0301 e\u0301voque\u0301es au cours de cette rencontre.<\/p>\n<p>L\u2019audience servit ensuite de cadre d\u2019appre\u0301ciation du niveau d\u2019e\u0301changes et de collaboration sans cesse croissant entre les deux nations qui, entretiennent des partenariats fructueux et d\u2019inte\u0301re\u0302ts partage\u0301s dans tous les secteurs du de\u0301veloppement.<\/p>\n<p>Le commerce, les investissements, l\u2019e\u0301ducation, la sante\u0301, la se\u0301curite\u0301 alimentaire, la construction d\u2019e\u0301difices et d\u2019ouvrages publics&#8230;, sont, entre autres, des domaines e\u0301tablis de coope\u0301ration entre la Re\u0301publique de Djibouti et la Re\u0301publique de Turkiye.<\/p>\n<p>Signe de leur volonte\u0301 commune d\u2019intensifier l\u2019\u0153uvre de leurs e\u0301changes et collaboration, les deux nations poursuivent le processus d\u2019accroissement de leur comple\u0301mentarite\u0301 a\u0300 travers le principe d\u2019une Commission Mixte de Coope\u0301ration dont, les derniers travaux ont lieu le mois dernier, en fe\u0301vrier, a\u0300 Djibouti.<\/p>\n<p>L\u2019entre\u0301e en fonction de\u0301finitive de la zone e\u0301conomique exclusive turque au sein de la zone Franche de Djibouti et le lancement d\u2019une collaboration entre les deux parties autour du nouvel Ae\u0301roport de Djibouti sont appele\u0301s a\u0300 marquer rapidement le processus d\u2019intensification des partenariats entre Djibouti et la Turkiye.<\/p>\n<p>Riverains tous deux de voies strate\u0301giques de navigation du commerce mondial, en l\u2019occurrence la mer Rouge et la Me\u0301diterrane\u0301e, les deux nations projettent e\u0301galement ente\u0301riner ensemble un processus d\u2019e\u0301change de compe\u0301tences et d\u2019expertises en matie\u0300re de se\u0301curite\u0301 maritime.<\/p>\n<p>A noter que le Pre\u0301sident Erdogan mit a\u0300 profit cette audience avec le Pre\u0301sident Guelleh pour lui exprimer ses vifs remerciements, pour l\u2019e\u0301mission a\u0300 Djibouti, d\u2019un timbre postal a\u0300 l\u2019occasion du 100e\u0300me Anniversaire de la Re\u0301publique de Turkiye.<\/p>\n<p>A son tour, le Pre\u0301sident djiboutien Ismail Omar Guelleh, a saisi l\u2019occasion de cette rencontre pour se re\u0301jouir de l\u2019e\u0301tat excellent des relations de fraternite\u0301, de solidarite\u0301 et d\u2019e\u0301changes entre les deux nations et, a re\u0301ite\u0301re\u0301 la de\u0301termination de son Gouvernement et de son peuple a\u0300 \u0153uvrer toujours au raffermissement de ces liens privile\u0301gie\u0301s.<\/p>\n<p>Le Pre\u0301sident de la Re\u0301publique, M. Ismail Omar Guelleh, a, en marge de sa participation au 3e\u0300me Forum diplomatique d\u2019Antalya, en Turquie, eu ce vendredi une re\u0301union bilate\u0301rale avec son homologue Recep Tayyip Ergogan.<\/p>\n<p>Les relations d\u2019amitie\u0301 et de coope\u0301ration entre les deux pays et les deux peuples fre\u0300res et amis, aux liens anciens tisse\u0301s par le fil de l\u2019Histoire et par une communaute\u0301 importante de valeurs et de culture, ont e\u0301te\u0301 e\u0301voque\u0301es au cours de cette rencontre.<\/p>\n<p>L\u2019audience servit ensuite de cadre d\u2019appre\u0301ciation du niveau d\u2019e\u0301changes et de collaboration sans cesse croissant entre les deux nations qui, entretiennent des partenariats fructueux et d\u2019inte\u0301re\u0302ts partage\u0301s dans tous les secteurs du de\u0301veloppement.<\/p>\n<p>Le commerce, les investissements, l\u2019e\u0301ducation, la sante\u0301, la se\u0301curite\u0301 alimentaire, la construction d\u2019e\u0301difices et d\u2019ouvrages publics&#8230;, sont, entre autres, des domaines e\u0301tablis de coope\u0301ration entre la Re\u0301publique de Djibouti et la Re\u0301publique de Turkiye.<\/p>\n<p>Signe de leur volonte\u0301 commune d\u2019intensifier l\u2019\u0153uvre de leurs e\u0301changes et collaboration, les deux nations poursuivent le processus d\u2019accroissement de leur comple\u0301mentarite\u0301 a\u0300 travers le principe d\u2019une Commission Mixte de Coope\u0301ration dont, les derniers travaux ont lieu le mois dernier, en fe\u0301vrier, a\u0300 Djibouti.<\/p>\n<p>L\u2019entre\u0301e en fonction de\u0301finitive de la zone e\u0301conomique exclusive turque au sein de la zone Franche de Djibouti et le lancement d\u2019une collaboration entre les deux parties autour du nouvel Ae\u0301roport de Djibouti sont appele\u0301s a\u0300 marquer rapidement le processus d\u2019intensification des partenariats entre Djibouti et la Turkiye.<\/p>\n<p>Riverains tous deux de voies strate\u0301giques de navigation du commerce mondial, en l\u2019occurrence la mer Rouge et la Me\u0301diterrane\u0301e, les deux nations projettent e\u0301galement ente\u0301riner ensemble un processus d\u2019e\u0301change de compe\u0301tences et d\u2019expertises en matie\u0300re de se\u0301curite\u0301 maritime.<\/p>\n<p>A noter que le Pre\u0301sident Erdogan mit a\u0300 profit cette audience avec le Pre\u0301sident Guelleh pour lui exprimer ses vifs remerciements, pour l\u2019e\u0301mission a\u0300 Djibouti, d\u2019un timbre postal a\u0300 l\u2019occasion du 100e\u0300me Anniversaire de la Re\u0301publique de Turkiye.<\/p>\n<p>A son tour, le Pre\u0301sident djiboutien Ismail Omar Guelleh, a saisi l\u2019occasion de cette rencontre pour se re\u0301jouir de l\u2019e\u0301tat excellent des relations de fraternite\u0301, de solidarite\u0301 et d\u2019e\u0301changes entre les deux nations et, a re\u0301ite\u0301re\u0301 la de\u0301termination de son Gouvernement et de son peuple a\u0300 \u0153uvrer toujours au raffermissement de ces liens privile\u0301gie\u0301s.<\/p>\n<p><strong>Pour plus d&rsquo;informations et d&rsquo;analyses sur la <a href=\"https:\/\/www.africa-press.net\/djibouti\">Djibouti<\/a>, suivez <a href=\"https:\/\/www.africa-press.net\/\">Africa-Press<\/a><\/strong><\/p>\n","protected":false},"excerpt":{"rendered":"<p>Africa-Press &#8211; Djibouti. Le Pre\u0301sident de la Re\u0301publique, M. Ismail Omar Guelleh, a, en marge de sa participation au 3e\u0300me Forum diplomatique d\u2019Antalya, en Turquie, eu ce vendredi une re\u0301union bilate\u0301rale avec son homologue Recep Tayyip Ergogan. Les relations d\u2019amitie\u0301 et de coope\u0301ration entre les deux pays et les deux peuples fre\u0300res et amis, aux [&hellip;]<\/p>\n","protected":false},"author":82,"featured_media":25804,"comment_status":"open","ping_status":"closed","sticky":false,"template":"","format":"standard","meta":{"footnotes":""},"categories":[2,57,20,10],"tags":[36,49,50],"class_list":["post-25805","post","type-post","status-publish","format-standard","has-post-thumbnail","hentry","category-politique","category-to-homepage","category-top-nouvelles","category-toutes-les-actualites","tag-africa-press","tag-africa-press-djibouti","tag-djibouti"],"yoast_head":"<!-- This site is optimized with the Yoast SEO Premium plugin v26.1 (Yoast SEO v27.0) - https:\/\/yoast.com\/product\/yoast-seo-premium-wordpress\/ -->\n<title>Rencontre et entretien bilat\u00e9ral entre le Pr\u00e9sident Guelleh et son homologue turc - Djibouti<\/title>\n<meta name=\"description\" content=\"Le Pre\u0301sident de la Re\u0301publique, M. Ismail Omar Guelleh, a, en marge de sa participation au 3e\u0300me Forum diplomatique d\u2019A ...\" \/>\n<meta name=\"robots\" content=\"index, follow, max-snippet:-1, max-image-preview:large, max-video-preview:-1\" \/>\n<link rel=\"canonical\" href=\"https:\/\/www.africa-press.net\/djibouti\/politique\/rencontre-et-entretien-bilateral-entre-le-president-guelleh-et-son-homologue-turc\" \/>\n<meta property=\"og:locale\" content=\"fr_FR\" \/>\n<meta property=\"og:type\" content=\"article\" \/>\n<meta property=\"og:title\" content=\"Rencontre et entretien bilat\u00e9ral entre le Pr\u00e9sident Guelleh et son homologue turc\" \/>\n<meta property=\"og:description\" content=\"Le Pre\u0301sident de la Re\u0301publique, M. Ismail Omar Guelleh, a, en marge de sa participation au 3e\u0300me Forum diplomatique d\u2019A ...\" \/>\n<meta property=\"og:url\" content=\"https:\/\/www.africa-press.net\/djibouti\/politique\/rencontre-et-entretien-bilateral-entre-le-president-guelleh-et-son-homologue-turc\" \/>\n<meta property=\"og:site_name\" content=\"Djibouti\" \/>\n<meta property=\"article:published_time\" content=\"2024-03-02T18:48:44+00:00\" \/>\n<meta property=\"article:modified_time\" content=\"2024-03-02T20:12:33+00:00\" \/>\n<meta property=\"og:image\" content=\"https:\/\/static.africa-press.net\/djibouti\/sites\/52\/2024\/03\/sm_1709394395.787183.jpg\" \/>\n\t<meta property=\"og:image:width\" content=\"1371\" \/>\n\t<meta property=\"og:image:height\" content=\"793\" \/>\n\t<meta property=\"og:image:type\" content=\"image\/jpeg\" \/>\n<meta name=\"author\" content=\"cfeditorfr\" \/>\n<meta name=\"twitter:card\" content=\"summary_large_image\" \/>\n<meta name=\"twitter:label1\" content=\"\u00c9crit par\" \/>\n\t<meta name=\"twitter:data1\" content=\"cfeditorfr\" \/>\n\t<meta name=\"twitter:label2\" content=\"Dur\u00e9e de lecture estim\u00e9e\" \/>\n\t<meta name=\"twitter:data2\" content=\"5 minutes\" \/>\n<script type=\"application\/ld+json\" class=\"yoast-schema-graph\">{\"@context\":\"https:\/\/schema.org\",\"@graph\":[{\"@type\":\"Article\",\"@id\":\"https:\/\/www.africa-press.net\/djibouti\/politique\/rencontre-et-entretien-bilateral-entre-le-president-guelleh-et-son-homologue-turc#article\",\"isPartOf\":{\"@id\":\"https:\/\/www.africa-press.net\/djibouti\/politique\/rencontre-et-entretien-bilateral-entre-le-president-guelleh-et-son-homologue-turc\"},\"author\":{\"name\":\"cfeditorfr\",\"@id\":\"https:\/\/www.africa-press.net\/djibouti\/#\/schema\/person\/2b1cf3cd81a31e3cd26889ca66d677f1\"},\"headline\":\"Rencontre et entretien bilat\u00e9ral entre le Pr\u00e9sident Guelleh et son homologue turc\",\"datePublished\":\"2024-03-02T18:48:44+00:00\",\"dateModified\":\"2024-03-02T20:12:33+00:00\",\"mainEntityOfPage\":{\"@id\":\"https:\/\/www.africa-press.net\/djibouti\/politique\/rencontre-et-entretien-bilateral-entre-le-president-guelleh-et-son-homologue-turc\"},\"wordCount\":927,\"commentCount\":0,\"image\":{\"@id\":\"https:\/\/www.africa-press.net\/djibouti\/politique\/rencontre-et-entretien-bilateral-entre-le-president-guelleh-et-son-homologue-turc#primaryimage\"},\"thumbnailUrl\":\"https:\/\/static.africa-press.net\/djibouti\/sites\/52\/2024\/03\/sm_1709394395.787183.jpg\",\"keywords\":[\"Africa Press\",\"Africa Press-Djibouti\",\"Djibouti\"],\"articleSection\":[\"Politique\",\"to-homepage\",\"Top Nouvelles\",\"Toutes les actualit\u00e9s\"],\"inLanguage\":\"fr-FR\",\"potentialAction\":[{\"@type\":\"CommentAction\",\"name\":\"Comment\",\"target\":[\"https:\/\/www.africa-press.net\/djibouti\/politique\/rencontre-et-entretien-bilateral-entre-le-president-guelleh-et-son-homologue-turc#respond\"]}]},{\"@type\":\"WebPage\",\"@id\":\"https:\/\/www.africa-press.net\/djibouti\/politique\/rencontre-et-entretien-bilateral-entre-le-president-guelleh-et-son-homologue-turc\",\"url\":\"https:\/\/www.africa-press.net\/djibouti\/politique\/rencontre-et-entretien-bilateral-entre-le-president-guelleh-et-son-homologue-turc\",\"name\":\"Rencontre et entretien bilat\u00e9ral entre le Pr\u00e9sident Guelleh et son homologue turc - Djibouti\",\"isPartOf\":{\"@id\":\"https:\/\/www.africa-press.net\/djibouti\/#website\"},\"primaryImageOfPage\":{\"@id\":\"https:\/\/www.africa-press.net\/djibouti\/politique\/rencontre-et-entretien-bilateral-entre-le-president-guelleh-et-son-homologue-turc#primaryimage\"},\"image\":{\"@id\":\"https:\/\/www.africa-press.net\/djibouti\/politique\/rencontre-et-entretien-bilateral-entre-le-president-guelleh-et-son-homologue-turc#primaryimage\"},\"thumbnailUrl\":\"https:\/\/static.africa-press.net\/djibouti\/sites\/52\/2024\/03\/sm_1709394395.787183.jpg\",\"datePublished\":\"2024-03-02T18:48:44+00:00\",\"dateModified\":\"2024-03-02T20:12:33+00:00\",\"author\":{\"@id\":\"https:\/\/www.africa-press.net\/djibouti\/#\/schema\/person\/2b1cf3cd81a31e3cd26889ca66d677f1\"},\"description\":\"Le Pre\u0301sident de la Re\u0301publique, M. Ismail Omar Guelleh, a, en marge de sa participation au 3e\u0300me Forum diplomatique d\u2019A ...\",\"breadcrumb\":{\"@id\":\"https:\/\/www.africa-press.net\/djibouti\/politique\/rencontre-et-entretien-bilateral-entre-le-president-guelleh-et-son-homologue-turc#breadcrumb\"},\"inLanguage\":\"fr-FR\",\"potentialAction\":[{\"@type\":\"ReadAction\",\"target\":[\"https:\/\/www.africa-press.net\/djibouti\/politique\/rencontre-et-entretien-bilateral-entre-le-president-guelleh-et-son-homologue-turc\"]}]},{\"@type\":\"ImageObject\",\"inLanguage\":\"fr-FR\",\"@id\":\"https:\/\/www.africa-press.net\/djibouti\/politique\/rencontre-et-entretien-bilateral-entre-le-president-guelleh-et-son-homologue-turc#primaryimage\",\"url\":\"https:\/\/static.africa-press.net\/djibouti\/sites\/52\/2024\/03\/sm_1709394395.787183.jpg\",\"contentUrl\":\"https:\/\/static.africa-press.net\/djibouti\/sites\/52\/2024\/03\/sm_1709394395.787183.jpg\",\"width\":1371,\"height\":793,\"caption\":\"Rencontre et entretien bilat\u00e9ral entre le Pr\u00e9sident Guelleh et son homologue turc\"},{\"@type\":\"BreadcrumbList\",\"@id\":\"https:\/\/www.africa-press.net\/djibouti\/politique\/rencontre-et-entretien-bilateral-entre-le-president-guelleh-et-son-homologue-turc#breadcrumb\",\"itemListElement\":[{\"@type\":\"ListItem\",\"position\":1,\"name\":\"Accueil\",\"item\":\"https:\/\/www.africa-press.net\/djibouti\/\"},{\"@type\":\"ListItem\",\"position\":2,\"name\":\"Rencontre et entretien bilat\u00e9ral entre le Pr\u00e9sident Guelleh et son homologue turc\"}]},{\"@type\":\"WebSite\",\"@id\":\"https:\/\/www.africa-press.net\/djibouti\/#website\",\"url\":\"https:\/\/www.africa-press.net\/djibouti\/\",\"name\":\"Djibouti\",\"description\":\"Just another Africa News Agency Sites site\",\"potentialAction\":[{\"@type\":\"SearchAction\",\"target\":{\"@type\":\"EntryPoint\",\"urlTemplate\":\"https:\/\/www.africa-press.net\/djibouti\/?s={search_term_string}\"},\"query-input\":{\"@type\":\"PropertyValueSpecification\",\"valueRequired\":true,\"valueName\":\"search_term_string\"}}],\"inLanguage\":\"fr-FR\"},{\"@type\":\"Person\",\"@id\":\"https:\/\/www.africa-press.net\/djibouti\/#\/schema\/person\/2b1cf3cd81a31e3cd26889ca66d677f1\",\"name\":\"cfeditorfr\"}]}<\/script>\n<!-- \/ Yoast SEO Premium plugin. -->","yoast_head_json":{"title":"Rencontre et entretien bilat\u00e9ral entre le Pr\u00e9sident Guelleh et son homologue turc - Djibouti","description":"Le Pre\u0301sident de la Re\u0301publique, M. Ismail Omar Guelleh, a, en marge de sa participation au 3e\u0300me Forum diplomatique d\u2019A ...","robots":{"index":"index","follow":"follow","max-snippet":"max-snippet:-1","max-image-preview":"max-image-preview:large","max-video-preview":"max-video-preview:-1"},"canonical":"https:\/\/www.africa-press.net\/djibouti\/politique\/rencontre-et-entretien-bilateral-entre-le-president-guelleh-et-son-homologue-turc","og_locale":"fr_FR","og_type":"article","og_title":"Rencontre et entretien bilat\u00e9ral entre le Pr\u00e9sident Guelleh et son homologue turc","og_description":"Le Pre\u0301sident de la Re\u0301publique, M. Ismail Omar Guelleh, a, en marge de sa participation au 3e\u0300me Forum diplomatique d\u2019A ...","og_url":"https:\/\/www.africa-press.net\/djibouti\/politique\/rencontre-et-entretien-bilateral-entre-le-president-guelleh-et-son-homologue-turc","og_site_name":"Djibouti","article_published_time":"2024-03-02T18:48:44+00:00","article_modified_time":"2024-03-02T20:12:33+00:00","og_image":[{"width":1371,"height":793,"url":"https:\/\/static.africa-press.net\/djibouti\/sites\/52\/2024\/03\/sm_1709394395.787183.jpg","type":"image\/jpeg"}],"author":"cfeditorfr","twitter_card":"summary_large_image","twitter_misc":{"\u00c9crit par":"cfeditorfr","Dur\u00e9e de lecture estim\u00e9e":"5 minutes"},"schema":{"@context":"https:\/\/schema.org","@graph":[{"@type":"Article","@id":"https:\/\/www.africa-press.net\/djibouti\/politique\/rencontre-et-entretien-bilateral-entre-le-president-guelleh-et-son-homologue-turc#article","isPartOf":{"@id":"https:\/\/www.africa-press.net\/djibouti\/politique\/rencontre-et-entretien-bilateral-entre-le-president-guelleh-et-son-homologue-turc"},"author":{"name":"cfeditorfr","@id":"https:\/\/www.africa-press.net\/djibouti\/#\/schema\/person\/2b1cf3cd81a31e3cd26889ca66d677f1"},"headline":"Rencontre et entretien bilat\u00e9ral entre le Pr\u00e9sident Guelleh et son homologue turc","datePublished":"2024-03-02T18:48:44+00:00","dateModified":"2024-03-02T20:12:33+00:00","mainEntityOfPage":{"@id":"https:\/\/www.africa-press.net\/djibouti\/politique\/rencontre-et-entretien-bilateral-entre-le-president-guelleh-et-son-homologue-turc"},"wordCount":927,"commentCount":0,"image":{"@id":"https:\/\/www.africa-press.net\/djibouti\/politique\/rencontre-et-entretien-bilateral-entre-le-president-guelleh-et-son-homologue-turc#primaryimage"},"thumbnailUrl":"https:\/\/static.africa-press.net\/djibouti\/sites\/52\/2024\/03\/sm_1709394395.787183.jpg","keywords":["Africa Press","Africa Press-Djibouti","Djibouti"],"articleSection":["Politique","to-homepage","Top Nouvelles","Toutes les actualit\u00e9s"],"inLanguage":"fr-FR","potentialAction":[{"@type":"CommentAction","name":"Comment","target":["https:\/\/www.africa-press.net\/djibouti\/politique\/rencontre-et-entretien-bilateral-entre-le-president-guelleh-et-son-homologue-turc#respond"]}]},{"@type":"WebPage","@id":"https:\/\/www.africa-press.net\/djibouti\/politique\/rencontre-et-entretien-bilateral-entre-le-president-guelleh-et-son-homologue-turc","url":"https:\/\/www.africa-press.net\/djibouti\/politique\/rencontre-et-entretien-bilateral-entre-le-president-guelleh-et-son-homologue-turc","name":"Rencontre et entretien bilat\u00e9ral entre le Pr\u00e9sident Guelleh et son homologue turc - Djibouti","isPartOf":{"@id":"https:\/\/www.africa-press.net\/djibouti\/#website"},"primaryImageOfPage":{"@id":"https:\/\/www.africa-press.net\/djibouti\/politique\/rencontre-et-entretien-bilateral-entre-le-president-guelleh-et-son-homologue-turc#primaryimage"},"image":{"@id":"https:\/\/www.africa-press.net\/djibouti\/politique\/rencontre-et-entretien-bilateral-entre-le-president-guelleh-et-son-homologue-turc#primaryimage"},"thumbnailUrl":"https:\/\/static.africa-press.net\/djibouti\/sites\/52\/2024\/03\/sm_1709394395.787183.jpg","datePublished":"2024-03-02T18:48:44+00:00","dateModified":"2024-03-02T20:12:33+00:00","author":{"@id":"https:\/\/www.africa-press.net\/djibouti\/#\/schema\/person\/2b1cf3cd81a31e3cd26889ca66d677f1"},"description":"Le Pre\u0301sident de la Re\u0301publique, M. Ismail Omar Guelleh, a, en marge de sa participation au 3e\u0300me Forum diplomatique d\u2019A ...","breadcrumb":{"@id":"https:\/\/www.africa-press.net\/djibouti\/politique\/rencontre-et-entretien-bilateral-entre-le-president-guelleh-et-son-homologue-turc#breadcrumb"},"inLanguage":"fr-FR","potentialAction":[{"@type":"ReadAction","target":["https:\/\/www.africa-press.net\/djibouti\/politique\/rencontre-et-entretien-bilateral-entre-le-president-guelleh-et-son-homologue-turc"]}]},{"@type":"ImageObject","inLanguage":"fr-FR","@id":"https:\/\/www.africa-press.net\/djibouti\/politique\/rencontre-et-entretien-bilateral-entre-le-president-guelleh-et-son-homologue-turc#primaryimage","url":"https:\/\/static.africa-press.net\/djibouti\/sites\/52\/2024\/03\/sm_1709394395.787183.jpg","contentUrl":"https:\/\/static.africa-press.net\/djibouti\/sites\/52\/2024\/03\/sm_1709394395.787183.jpg","width":1371,"height":793,"caption":"Rencontre et entretien bilat\u00e9ral entre le Pr\u00e9sident Guelleh et son homologue turc"},{"@type":"BreadcrumbList","@id":"https:\/\/www.africa-press.net\/djibouti\/politique\/rencontre-et-entretien-bilateral-entre-le-president-guelleh-et-son-homologue-turc#breadcrumb","itemListElement":[{"@type":"ListItem","position":1,"name":"Accueil","item":"https:\/\/www.africa-press.net\/djibouti\/"},{"@type":"ListItem","position":2,"name":"Rencontre et entretien bilat\u00e9ral entre le Pr\u00e9sident Guelleh et son homologue turc"}]},{"@type":"WebSite","@id":"https:\/\/www.africa-press.net\/djibouti\/#website","url":"https:\/\/www.africa-press.net\/djibouti\/","name":"Djibouti","description":"Just another Africa News Agency Sites site","potentialAction":[{"@type":"SearchAction","target":{"@type":"EntryPoint","urlTemplate":"https:\/\/www.africa-press.net\/djibouti\/?s={search_term_string}"},"query-input":{"@type":"PropertyValueSpecification","valueRequired":true,"valueName":"search_term_string"}}],"inLanguage":"fr-FR"},{"@type":"Person","@id":"https:\/\/www.africa-press.net\/djibouti\/#\/schema\/person\/2b1cf3cd81a31e3cd26889ca66d677f1","name":"cfeditorfr"}]}},"_links":{"self":[{"href":"https:\/\/www.africa-press.net\/djibouti\/wp-json\/wp\/v2\/posts\/25805","targetHints":{"allow":["GET"]}}],"collection":[{"href":"https:\/\/www.africa-press.net\/djibouti\/wp-json\/wp\/v2\/posts"}],"about":[{"href":"https:\/\/www.africa-press.net\/djibouti\/wp-json\/wp\/v2\/types\/post"}],"author":[{"embeddable":true,"href":"https:\/\/www.africa-press.net\/djibouti\/wp-json\/wp\/v2\/users\/82"}],"replies":[{"embeddable":true,"href":"https:\/\/www.africa-press.net\/djibouti\/wp-json\/wp\/v2\/comments?post=25805"}],"version-history":[{"count":0,"href":"https:\/\/www.africa-press.net\/djibouti\/wp-json\/wp\/v2\/posts\/25805\/revisions"}],"wp:featuredmedia":[{"embeddable":true,"href":"https:\/\/www.africa-press.net\/djibouti\/wp-json\/wp\/v2\/media\/25804"}],"wp:attachment":[{"href":"https:\/\/www.africa-press.net\/djibouti\/wp-json\/wp\/v2\/media?parent=25805"}],"wp:term":[{"taxonomy":"category","embeddable":true,"href":"https:\/\/www.africa-press.net\/djibouti\/wp-json\/wp\/v2\/categories?post=25805"},{"taxonomy":"post_tag","embeddable":true,"href":"https:\/\/www.africa-press.net\/djibouti\/wp-json\/wp\/v2\/tags?post=25805"}],"curies":[{"name":"wp","href":"https:\/\/api.w.org\/{rel}","templated":true}]}}