{"id":41649,"date":"2025-02-16T14:51:11","date_gmt":"2025-02-16T14:51:11","guid":{"rendered":"https:\/\/www.africa-press.net\/djibouti\/politique\/discours-de-remerciement-du-president-de-la-republiqueson-excellence-ismail-omar-guelleha-loccasion-de-lelection-de-m-mahamoud-ali-youssouf-au-poste-de-president-de-la-commission"},"modified":"2025-03-25T18:38:30","modified_gmt":"2025-03-25T18:38:30","slug":"discours-de-remerciement-du-president-de-la-republiqueson-excellence-ismail-omar-guelleha-loccasion-de-lelection-de-m-mahamoud-ali-youssouf-au-poste-de-president-de-la-commission","status":"publish","type":"post","link":"https:\/\/www.africa-press.net\/djibouti\/politique\/discours-de-remerciement-du-president-de-la-republiqueson-excellence-ismail-omar-guelleha-loccasion-de-lelection-de-m-mahamoud-ali-youssouf-au-poste-de-president-de-la-commission","title":{"rendered":"Discours de remerciement du Pr\u00e9sident de la R\u00e9publique(Son Excellence Ismail Omar Guelleh)(A l\u2019occasion de l\u2019\u00e9lection de M. Mahamoud Ali Youssouf au poste de Pr\u00e9sident de la Commission de l\u2019UA)(15 Fev 2025)"},"content":{"rendered":"<p><span style=\"color: #ff6600\"><strong>Africa-Press &#8211; Djibouti. <\/strong><\/span><b>\u00ab Sous la pre\u0301sidence de Mahmoud Ali Youssouf, la commission de l\u2019Union Africaine s\u2019engagera avec de\u0301termination pour renforcer notre organisation, ses institutions et son fonctionnement \u00bb<\/b><br \/>\n<b>Monsieur le Pre\u0301sident en exercice de l\u2019Union Africaine, Son Excellence Joa\u0303o Lourenc\u0327o <\/b><br \/>\n<b>Pre\u0301sident de la Re\u0301publique d\u2019Angola<\/b><br \/>\n<b>Monsieur le Premier ministre de la Re\u0301publique Fe\u0301de\u0301rale et De\u0301mocratique d\u2019E\u0301thiopie, <\/b><br \/>\n<b>Mesdames et messieurs les Chefs d\u2019E\u0301tats et de gouvernement,<\/b><br \/>\n<b>Mesdames et messieurs les ministres,<\/b><br \/>\n<b>Che\u0300res s\u0153urs, chers fre\u0300res,<\/b><\/p>\n<p>Ceci est un jour historique pour Djibouti et pour les Djiboutiens. Gra\u0302ce a\u0300 votre de\u0301cision et a\u0300 votre vote, vous avez confie\u0301 a\u0300 Mahmoud Ali Youssouf, notre dore\u0301navant ancien ministre des Affaires e\u0301trange\u0300res et de la coope\u0301ration internationale, le poste exigeant de Pre\u0301sident de la Commission de l\u2019Union Africaine.<\/p>\n<p>Je tiens a\u0300 vous remercier chaleureusement pour le cre\u0301dit que vous avez te\u0301moigne\u0301 a\u0300 la candidature de notre pays. Et pour la confiance que vous avez accorde\u0301 a\u0300 Mahmoud Ali Youssouf, sa personnalite\u0301 et sa compe\u0301tence.<\/p>\n<p>Tout au long de cette campagne, nous avons voulu avant tout proposer un re\u0301el projet, une vision pour notre organisation et la coope\u0301ration entre nos E\u0301tats. Nous avons voulu agir avec humilite\u0301 dans nos interventions, sans condescendance, ni ostentation, dans le respect des autres candidats.<\/p>\n<p>Je salue ainsi tous ceux qui ont pris part a\u0300 cette e\u0301lection, et en particulier les autres candidats, notre ai\u0302ne\u0301 Raila Odinga, et notre fre\u0300re Richard Randriamandrato. La diversite\u0301 des ide\u0301es et des visions renforce notre Union. Nous tendons la main a\u0300 chacun d\u2019entre vous, a\u0300 toutes les e\u0301quipes aussi de l\u2019Union Africaine pour que nous avancions ensemble, dans l\u2019unite\u0301 et la solidarite\u0301.<\/p>\n<p>Ce sont ces me\u0302mes valeurs essentielles qui animent notre continent et c\u2019est ainsi que nous concevons les relations entre pays fre\u0300res car nous partageons le me\u0302me destin.<\/p>\n<p>Comme vous le savez tous, notre Afrique fait face a\u0300 des de\u0301fis majeurs, sur le plan e\u0301conomique, politique, climatique, de\u0301mographique. Notre e\u0301poque est tourmente\u0301e, avec une rede\u0301finition historique des re\u0300gles du jeu international. Si nous voulons exister sur la sce\u0300ne globale, si nous voulons acce\u0301le\u0301rer le processus d\u2019e\u0301mergence et de de\u0301veloppement, re\u0301pondre aux aspirations de nos populations et de notre jeunesse, nous devons agir pour la paix et l\u2019inte\u0301gration, agir pour renforcer notre cohe\u0301sion. Agir pour mettre fin aux conflits. Agir pour re\u0301former notre organisation collective, soutenir cette Union Africaine qui porte en elle les ambitions des illustres pe\u0300res fondateurs.<\/p>\n<p>Je sais que sous la pre\u0301sidence de Mahmoud Ali Youssouf, la commission de l\u2019Union Africaine s\u2019engagera avec de\u0301termination pour renforcer notre organisation, ses institutions et son fonctionnement. Pour favoriser une coope\u0301ration accrue et productive entre nos E\u0301tats. Et pour la mise en place effective de nos objectifs en termes de de\u0301veloppement, avec en particulier, la mise en place de la zone africaine de libre-e\u0301change et les exigences de l\u2019Agenda 2063.<\/p>\n<p>Ensemble, nous devons \u0153uvrer pour une Afrique de croissance, d\u2019innovation, de dialogue, de paix et de se\u0301curite\u0301. L\u2019heure est venue d\u2019agir, avec constance, audace et de\u0301termination, pour concre\u0301tiser nos aspirations. Pour tenir nos engagements vis-a\u0300-vis de nos populations et de notre jeunesse.<\/p>\n\r\n                <style type=\"text\/css\">\r\n                    \r\n                    #td_uid_1_69f72cb7243b0  .td-doubleSlider-2 .td-item1 {\r\n                        background: url(https:\/\/static.africa-press.net\/djibouti\/sites\/52\/2025\/02\/sm_1739706184.786992-80x60.jpg) 0 0 no-repeat;\r\n                    }\r\n                    #td_uid_1_69f72cb7243b0  .td-doubleSlider-2 .td-item2 {\r\n                        background: url(https:\/\/static.africa-press.net\/djibouti\/sites\/52\/2025\/02\/sm_1739706189.210412-80x60.jpg) 0 0 no-repeat;\r\n                    }\r\n                <\/style>\r\n\r\n                <div id=\"td_uid_1_69f72cb7243b0\" class=\"td-gallery td-slide-on-2-columns\">\r\n                    <div class=\"post_td_gallery\">\r\n                        <div class=\"td-gallery-slide-top\">\r\n                           <div class=\"td-gallery-title\"><\/div>\r\n\r\n                            <div class=\"td-gallery-controls-wrapper\">\r\n                                <div class=\"td-gallery-slide-count\"><span class=\"td-gallery-slide-item-focus\">1<\/span> de 2<\/div>\r\n                                <div class=\"td-gallery-slide-prev-next-but\">\r\n                                    <i class = \"td-icon-left doubleSliderPrevButton\"><\/i>\r\n                                    <i class = \"td-icon-right doubleSliderNextButton\"><\/i>\r\n                                <\/div>\r\n                            <\/div>\r\n                        <\/div>\r\n\r\n                        <div class = \"td-doubleSlider-1 \">\r\n                            <div class = \"td-slider\">\r\n                                \r\n                    <div class = \"td-slide-item td-item1\">\r\n                        <figure class=\"td-slide-galery-figure td-slide-popup-gallery\">\r\n                            <a class=\"slide-gallery-image-link\" href=\"https:\/\/static.africa-press.net\/djibouti\/sites\/52\/2025\/02\/sm_1739706184.786992.jpg\" title=\"sm_1739706184.786992\"  data-caption=\"\"  data-description=\"\">\r\n                                <img decoding=\"async\" src=\"https:\/\/static.africa-press.net\/djibouti\/sites\/52\/2025\/02\/sm_1739706184.786992.jpg\" srcset=\"https:\/\/static.africa-press.net\/djibouti\/sites\/52\/2025\/02\/sm_1739706184.786992.jpg 1024w, https:\/\/static.africa-press.net\/djibouti\/sites\/52\/2025\/02\/sm_1739706184.786992-300x200.jpg 300w, https:\/\/static.africa-press.net\/djibouti\/sites\/52\/2025\/02\/sm_1739706184.786992-768x512.jpg 768w\" sizes=\"(max-width: 1024px) 100vw, 1024px\" alt=\"\">\r\n                            <\/a>\r\n                            \r\n                        <\/figure>\r\n                    <\/div>\r\n                    <div class = \"td-slide-item td-item2\">\r\n                        <figure class=\"td-slide-galery-figure td-slide-popup-gallery\">\r\n                            <a class=\"slide-gallery-image-link\" href=\"https:\/\/static.africa-press.net\/djibouti\/sites\/52\/2025\/02\/sm_1739706189.210412.jpg\" title=\"sm_1739706189.210412\"  data-caption=\"\"  data-description=\"\">\r\n                                <img decoding=\"async\" src=\"https:\/\/static.africa-press.net\/djibouti\/sites\/52\/2025\/02\/sm_1739706189.210412.jpg\" srcset=\"https:\/\/static.africa-press.net\/djibouti\/sites\/52\/2025\/02\/sm_1739706189.210412.jpg 1024w, https:\/\/static.africa-press.net\/djibouti\/sites\/52\/2025\/02\/sm_1739706189.210412-300x200.jpg 300w, https:\/\/static.africa-press.net\/djibouti\/sites\/52\/2025\/02\/sm_1739706189.210412-768x512.jpg 768w\" sizes=\"(max-width: 1024px) 100vw, 1024px\" alt=\"\">\r\n                            <\/a>\r\n                            \r\n                        <\/figure>\r\n                    <\/div>\r\n                            <\/div>\r\n                        <\/div>\r\n\r\n                        <div class = \"td-doubleSlider-2\">\r\n                            <div class = \"td-slider\">\r\n                                \r\n                    <div class = \"td-button td-item1\">\r\n                        <div class = \"td-border\"><\/div>\r\n                    <\/div>\r\n                    <div class = \"td-button td-item2\">\r\n                        <div class = \"td-border\"><\/div>\r\n                    <\/div>\r\n                            <\/div>\r\n                        <\/div>\r\n\r\n                    <\/div>\r\n\r\n                <\/div>\r\n                \n<p><strong>Pour plus d&rsquo;informations et d&rsquo;analyses sur la <span style=\"color: #ff6600\">Djibouti<\/span>, suivez <span style=\"color: #ff6600\">Africa-Press<\/span><\/strong><\/p>\n","protected":false},"excerpt":{"rendered":"<p>Africa-Press &#8211; Djibouti. \u00ab Sous la pre\u0301sidence de Mahmoud Ali Youssouf, la commission de l\u2019Union Africaine s\u2019engagera avec de\u0301termination pour renforcer notre organisation, ses institutions et son fonctionnement \u00bb Monsieur le Pre\u0301sident en exercice de l\u2019Union Africaine, Son Excellence Joa\u0303o Lourenc\u0327o Pre\u0301sident de la Re\u0301publique d\u2019Angola Monsieur le Premier ministre de la Re\u0301publique Fe\u0301de\u0301rale et [&hellip;]<\/p>\n","protected":false},"author":82,"featured_media":41648,"comment_status":"open","ping_status":"closed","sticky":false,"template":"","format":"standard","meta":{"footnotes":""},"categories":[8,2,10],"tags":[50],"class_list":["post-41649","post","type-post","status-publish","format-standard","has-post-thumbnail","hentry","category-photo","category-politique","category-toutes-les-actualites","tag-djibouti"],"yoast_head":"<!-- This site is optimized with the Yoast SEO Premium plugin v26.1 (Yoast SEO v27.0) - https:\/\/yoast.com\/product\/yoast-seo-premium-wordpress\/ -->\n<title>Discours de remerciement du Pr\u00e9sident de la R\u00e9publique(Son Excellence Ismail Omar Guelleh)(A l\u2019occasion de l\u2019\u00e9lection de M. Mahamoud Ali Youssouf au poste de Pr\u00e9sident de la Commission de l\u2019UA)(15 Fev 2025) - Djibouti<\/title>\n<meta name=\"description\" content=\"\u00ab Sous la pre\u0301sidence de Mahmoud Ali Youssouf, la commission de l\u2019Union Africaine s\u2019engagera avec de\u0301termination pour ...\" \/>\n<meta name=\"robots\" content=\"index, follow, max-snippet:-1, max-image-preview:large, max-video-preview:-1\" \/>\n<link rel=\"canonical\" href=\"https:\/\/www.africa-press.net\/djibouti\/politique\/discours-de-remerciement-du-president-de-la-republiqueson-excellence-ismail-omar-guelleha-loccasion-de-lelection-de-m-mahamoud-ali-youssouf-au-poste-de-president-de-la-commission\" \/>\n<meta property=\"og:locale\" content=\"fr_FR\" \/>\n<meta property=\"og:type\" content=\"article\" \/>\n<meta property=\"og:title\" content=\"Discours de remerciement du Pr\u00e9sident de la R\u00e9publique(Son Excellence Ismail Omar Guelleh)(A l\u2019occasion de l\u2019\u00e9lection de M. Mahamoud Ali Youssouf au poste de Pr\u00e9sident de la Commission de l\u2019UA)(15 Fev 2025)\" \/>\n<meta property=\"og:description\" content=\"\u00ab Sous la pre\u0301sidence de Mahmoud Ali Youssouf, la commission de l\u2019Union Africaine s\u2019engagera avec de\u0301termination pour ...\" \/>\n<meta property=\"og:url\" content=\"https:\/\/www.africa-press.net\/djibouti\/politique\/discours-de-remerciement-du-president-de-la-republiqueson-excellence-ismail-omar-guelleha-loccasion-de-lelection-de-m-mahamoud-ali-youssouf-au-poste-de-president-de-la-commission\" \/>\n<meta property=\"og:site_name\" content=\"Djibouti\" \/>\n<meta property=\"article:published_time\" content=\"2025-02-16T14:51:11+00:00\" \/>\n<meta property=\"article:modified_time\" content=\"2025-03-25T18:38:30+00:00\" \/>\n<meta property=\"og:image\" content=\"https:\/\/static.africa-press.net\/djibouti\/sites\/52\/2025\/02\/sm_1739706192.655387.jpg\" \/>\n\t<meta property=\"og:image:width\" content=\"720\" \/>\n\t<meta property=\"og:image:height\" content=\"480\" \/>\n\t<meta property=\"og:image:type\" content=\"image\/jpeg\" \/>\n<meta name=\"author\" content=\"cfeditorfr\" \/>\n<meta name=\"twitter:card\" content=\"summary_large_image\" \/>\n<meta name=\"twitter:label1\" content=\"\u00c9crit par\" \/>\n\t<meta name=\"twitter:data1\" content=\"cfeditorfr\" \/>\n\t<meta name=\"twitter:label2\" content=\"Dur\u00e9e de lecture estim\u00e9e\" \/>\n\t<meta name=\"twitter:data2\" content=\"3 minutes\" \/>\n<script type=\"application\/ld+json\" class=\"yoast-schema-graph\">{\"@context\":\"https:\/\/schema.org\",\"@graph\":[{\"@type\":\"Article\",\"@id\":\"https:\/\/www.africa-press.net\/djibouti\/politique\/discours-de-remerciement-du-president-de-la-republiqueson-excellence-ismail-omar-guelleha-loccasion-de-lelection-de-m-mahamoud-ali-youssouf-au-poste-de-president-de-la-commission#article\",\"isPartOf\":{\"@id\":\"https:\/\/www.africa-press.net\/djibouti\/politique\/discours-de-remerciement-du-president-de-la-republiqueson-excellence-ismail-omar-guelleha-loccasion-de-lelection-de-m-mahamoud-ali-youssouf-au-poste-de-president-de-la-commission\"},\"author\":{\"name\":\"cfeditorfr\",\"@id\":\"https:\/\/www.africa-press.net\/djibouti\/#\/schema\/person\/2b1cf3cd81a31e3cd26889ca66d677f1\"},\"headline\":\"Discours de remerciement du Pr\u00e9sident de la R\u00e9publique(Son Excellence Ismail Omar Guelleh)(A l\u2019occasion de l\u2019\u00e9lection de M. Mahamoud Ali Youssouf au poste de Pr\u00e9sident de la Commission de l\u2019UA)(15 Fev 2025)\",\"datePublished\":\"2025-02-16T14:51:11+00:00\",\"dateModified\":\"2025-03-25T18:38:30+00:00\",\"mainEntityOfPage\":{\"@id\":\"https:\/\/www.africa-press.net\/djibouti\/politique\/discours-de-remerciement-du-president-de-la-republiqueson-excellence-ismail-omar-guelleha-loccasion-de-lelection-de-m-mahamoud-ali-youssouf-au-poste-de-president-de-la-commission\"},\"wordCount\":647,\"commentCount\":0,\"image\":{\"@id\":\"https:\/\/www.africa-press.net\/djibouti\/politique\/discours-de-remerciement-du-president-de-la-republiqueson-excellence-ismail-omar-guelleha-loccasion-de-lelection-de-m-mahamoud-ali-youssouf-au-poste-de-president-de-la-commission#primaryimage\"},\"thumbnailUrl\":\"https:\/\/static.africa-press.net\/djibouti\/sites\/52\/2025\/02\/sm_1739706192.655387.jpg\",\"keywords\":[\"Djibouti\"],\"articleSection\":[\"Photo\",\"Politique\",\"Toutes les actualit\u00e9s\"],\"inLanguage\":\"fr-FR\",\"potentialAction\":[{\"@type\":\"CommentAction\",\"name\":\"Comment\",\"target\":[\"https:\/\/www.africa-press.net\/djibouti\/politique\/discours-de-remerciement-du-president-de-la-republiqueson-excellence-ismail-omar-guelleha-loccasion-de-lelection-de-m-mahamoud-ali-youssouf-au-poste-de-president-de-la-commission#respond\"]}]},{\"@type\":\"WebPage\",\"@id\":\"https:\/\/www.africa-press.net\/djibouti\/politique\/discours-de-remerciement-du-president-de-la-republiqueson-excellence-ismail-omar-guelleha-loccasion-de-lelection-de-m-mahamoud-ali-youssouf-au-poste-de-president-de-la-commission\",\"url\":\"https:\/\/www.africa-press.net\/djibouti\/politique\/discours-de-remerciement-du-president-de-la-republiqueson-excellence-ismail-omar-guelleha-loccasion-de-lelection-de-m-mahamoud-ali-youssouf-au-poste-de-president-de-la-commission\",\"name\":\"Discours de remerciement du Pr\u00e9sident de la R\u00e9publique(Son Excellence Ismail Omar Guelleh)(A l\u2019occasion de l\u2019\u00e9lection de M. Mahamoud Ali Youssouf au poste de Pr\u00e9sident de la Commission de l\u2019UA)(15 Fev 2025) - Djibouti\",\"isPartOf\":{\"@id\":\"https:\/\/www.africa-press.net\/djibouti\/#website\"},\"primaryImageOfPage\":{\"@id\":\"https:\/\/www.africa-press.net\/djibouti\/politique\/discours-de-remerciement-du-president-de-la-republiqueson-excellence-ismail-omar-guelleha-loccasion-de-lelection-de-m-mahamoud-ali-youssouf-au-poste-de-president-de-la-commission#primaryimage\"},\"image\":{\"@id\":\"https:\/\/www.africa-press.net\/djibouti\/politique\/discours-de-remerciement-du-president-de-la-republiqueson-excellence-ismail-omar-guelleha-loccasion-de-lelection-de-m-mahamoud-ali-youssouf-au-poste-de-president-de-la-commission#primaryimage\"},\"thumbnailUrl\":\"https:\/\/static.africa-press.net\/djibouti\/sites\/52\/2025\/02\/sm_1739706192.655387.jpg\",\"datePublished\":\"2025-02-16T14:51:11+00:00\",\"dateModified\":\"2025-03-25T18:38:30+00:00\",\"author\":{\"@id\":\"https:\/\/www.africa-press.net\/djibouti\/#\/schema\/person\/2b1cf3cd81a31e3cd26889ca66d677f1\"},\"description\":\"\u00ab Sous la pre\u0301sidence de Mahmoud Ali Youssouf, la commission de l\u2019Union Africaine s\u2019engagera avec de\u0301termination pour ...\",\"breadcrumb\":{\"@id\":\"https:\/\/www.africa-press.net\/djibouti\/politique\/discours-de-remerciement-du-president-de-la-republiqueson-excellence-ismail-omar-guelleha-loccasion-de-lelection-de-m-mahamoud-ali-youssouf-au-poste-de-president-de-la-commission#breadcrumb\"},\"inLanguage\":\"fr-FR\",\"potentialAction\":[{\"@type\":\"ReadAction\",\"target\":[\"https:\/\/www.africa-press.net\/djibouti\/politique\/discours-de-remerciement-du-president-de-la-republiqueson-excellence-ismail-omar-guelleha-loccasion-de-lelection-de-m-mahamoud-ali-youssouf-au-poste-de-president-de-la-commission\"]}]},{\"@type\":\"ImageObject\",\"inLanguage\":\"fr-FR\",\"@id\":\"https:\/\/www.africa-press.net\/djibouti\/politique\/discours-de-remerciement-du-president-de-la-republiqueson-excellence-ismail-omar-guelleha-loccasion-de-lelection-de-m-mahamoud-ali-youssouf-au-poste-de-president-de-la-commission#primaryimage\",\"url\":\"https:\/\/static.africa-press.net\/djibouti\/sites\/52\/2025\/02\/sm_1739706192.655387.jpg\",\"contentUrl\":\"https:\/\/static.africa-press.net\/djibouti\/sites\/52\/2025\/02\/sm_1739706192.655387.jpg\",\"width\":720,\"height\":480,\"caption\":\"Discours de remerciement du Pr\u00e9sident de la R\u00e9publique(Son Excellence Ismail Omar Guelleh)(A l\u2019occasion de l\u2019\u00e9lection de M. Mahamoud Ali Youssouf au poste de Pr\u00e9sident de la Commission de l\u2019UA)(15 Fev 2025)\"},{\"@type\":\"BreadcrumbList\",\"@id\":\"https:\/\/www.africa-press.net\/djibouti\/politique\/discours-de-remerciement-du-president-de-la-republiqueson-excellence-ismail-omar-guelleha-loccasion-de-lelection-de-m-mahamoud-ali-youssouf-au-poste-de-president-de-la-commission#breadcrumb\",\"itemListElement\":[{\"@type\":\"ListItem\",\"position\":1,\"name\":\"Accueil\",\"item\":\"https:\/\/www.africa-press.net\/djibouti\/\"},{\"@type\":\"ListItem\",\"position\":2,\"name\":\"Discours de remerciement du Pr\u00e9sident de la R\u00e9publique(Son Excellence Ismail Omar Guelleh)(A l\u2019occasion de l\u2019\u00e9lection de M. Mahamoud Ali Youssouf au poste de Pr\u00e9sident de la Commission de l\u2019UA)(15 Fev 2025)\"}]},{\"@type\":\"WebSite\",\"@id\":\"https:\/\/www.africa-press.net\/djibouti\/#website\",\"url\":\"https:\/\/www.africa-press.net\/djibouti\/\",\"name\":\"Djibouti\",\"description\":\"Just another Africa News Agency Sites site\",\"potentialAction\":[{\"@type\":\"SearchAction\",\"target\":{\"@type\":\"EntryPoint\",\"urlTemplate\":\"https:\/\/www.africa-press.net\/djibouti\/?s={search_term_string}\"},\"query-input\":{\"@type\":\"PropertyValueSpecification\",\"valueRequired\":true,\"valueName\":\"search_term_string\"}}],\"inLanguage\":\"fr-FR\"},{\"@type\":\"Person\",\"@id\":\"https:\/\/www.africa-press.net\/djibouti\/#\/schema\/person\/2b1cf3cd81a31e3cd26889ca66d677f1\",\"name\":\"cfeditorfr\"}]}<\/script>\n<!-- \/ Yoast SEO Premium plugin. -->","yoast_head_json":{"title":"Discours de remerciement du Pr\u00e9sident de la R\u00e9publique(Son Excellence Ismail Omar Guelleh)(A l\u2019occasion de l\u2019\u00e9lection de M. Mahamoud Ali Youssouf au poste de Pr\u00e9sident de la Commission de l\u2019UA)(15 Fev 2025) - Djibouti","description":"\u00ab Sous la pre\u0301sidence de Mahmoud Ali Youssouf, la commission de l\u2019Union Africaine s\u2019engagera avec de\u0301termination pour ...","robots":{"index":"index","follow":"follow","max-snippet":"max-snippet:-1","max-image-preview":"max-image-preview:large","max-video-preview":"max-video-preview:-1"},"canonical":"https:\/\/www.africa-press.net\/djibouti\/politique\/discours-de-remerciement-du-president-de-la-republiqueson-excellence-ismail-omar-guelleha-loccasion-de-lelection-de-m-mahamoud-ali-youssouf-au-poste-de-president-de-la-commission","og_locale":"fr_FR","og_type":"article","og_title":"Discours de remerciement du Pr\u00e9sident de la R\u00e9publique(Son Excellence Ismail Omar Guelleh)(A l\u2019occasion de l\u2019\u00e9lection de M. Mahamoud Ali Youssouf au poste de Pr\u00e9sident de la Commission de l\u2019UA)(15 Fev 2025)","og_description":"\u00ab Sous la pre\u0301sidence de Mahmoud Ali Youssouf, la commission de l\u2019Union Africaine s\u2019engagera avec de\u0301termination pour ...","og_url":"https:\/\/www.africa-press.net\/djibouti\/politique\/discours-de-remerciement-du-president-de-la-republiqueson-excellence-ismail-omar-guelleha-loccasion-de-lelection-de-m-mahamoud-ali-youssouf-au-poste-de-president-de-la-commission","og_site_name":"Djibouti","article_published_time":"2025-02-16T14:51:11+00:00","article_modified_time":"2025-03-25T18:38:30+00:00","og_image":[{"width":720,"height":480,"url":"https:\/\/static.africa-press.net\/djibouti\/sites\/52\/2025\/02\/sm_1739706192.655387.jpg","type":"image\/jpeg"}],"author":"cfeditorfr","twitter_card":"summary_large_image","twitter_misc":{"\u00c9crit par":"cfeditorfr","Dur\u00e9e de lecture estim\u00e9e":"3 minutes"},"schema":{"@context":"https:\/\/schema.org","@graph":[{"@type":"Article","@id":"https:\/\/www.africa-press.net\/djibouti\/politique\/discours-de-remerciement-du-president-de-la-republiqueson-excellence-ismail-omar-guelleha-loccasion-de-lelection-de-m-mahamoud-ali-youssouf-au-poste-de-president-de-la-commission#article","isPartOf":{"@id":"https:\/\/www.africa-press.net\/djibouti\/politique\/discours-de-remerciement-du-president-de-la-republiqueson-excellence-ismail-omar-guelleha-loccasion-de-lelection-de-m-mahamoud-ali-youssouf-au-poste-de-president-de-la-commission"},"author":{"name":"cfeditorfr","@id":"https:\/\/www.africa-press.net\/djibouti\/#\/schema\/person\/2b1cf3cd81a31e3cd26889ca66d677f1"},"headline":"Discours de remerciement du Pr\u00e9sident de la R\u00e9publique(Son Excellence Ismail Omar Guelleh)(A l\u2019occasion de l\u2019\u00e9lection de M. Mahamoud Ali Youssouf au poste de Pr\u00e9sident de la Commission de l\u2019UA)(15 Fev 2025)","datePublished":"2025-02-16T14:51:11+00:00","dateModified":"2025-03-25T18:38:30+00:00","mainEntityOfPage":{"@id":"https:\/\/www.africa-press.net\/djibouti\/politique\/discours-de-remerciement-du-president-de-la-republiqueson-excellence-ismail-omar-guelleha-loccasion-de-lelection-de-m-mahamoud-ali-youssouf-au-poste-de-president-de-la-commission"},"wordCount":647,"commentCount":0,"image":{"@id":"https:\/\/www.africa-press.net\/djibouti\/politique\/discours-de-remerciement-du-president-de-la-republiqueson-excellence-ismail-omar-guelleha-loccasion-de-lelection-de-m-mahamoud-ali-youssouf-au-poste-de-president-de-la-commission#primaryimage"},"thumbnailUrl":"https:\/\/static.africa-press.net\/djibouti\/sites\/52\/2025\/02\/sm_1739706192.655387.jpg","keywords":["Djibouti"],"articleSection":["Photo","Politique","Toutes les actualit\u00e9s"],"inLanguage":"fr-FR","potentialAction":[{"@type":"CommentAction","name":"Comment","target":["https:\/\/www.africa-press.net\/djibouti\/politique\/discours-de-remerciement-du-president-de-la-republiqueson-excellence-ismail-omar-guelleha-loccasion-de-lelection-de-m-mahamoud-ali-youssouf-au-poste-de-president-de-la-commission#respond"]}]},{"@type":"WebPage","@id":"https:\/\/www.africa-press.net\/djibouti\/politique\/discours-de-remerciement-du-president-de-la-republiqueson-excellence-ismail-omar-guelleha-loccasion-de-lelection-de-m-mahamoud-ali-youssouf-au-poste-de-president-de-la-commission","url":"https:\/\/www.africa-press.net\/djibouti\/politique\/discours-de-remerciement-du-president-de-la-republiqueson-excellence-ismail-omar-guelleha-loccasion-de-lelection-de-m-mahamoud-ali-youssouf-au-poste-de-president-de-la-commission","name":"Discours de remerciement du Pr\u00e9sident de la R\u00e9publique(Son Excellence Ismail Omar Guelleh)(A l\u2019occasion de l\u2019\u00e9lection de M. Mahamoud Ali Youssouf au poste de Pr\u00e9sident de la Commission de l\u2019UA)(15 Fev 2025) - Djibouti","isPartOf":{"@id":"https:\/\/www.africa-press.net\/djibouti\/#website"},"primaryImageOfPage":{"@id":"https:\/\/www.africa-press.net\/djibouti\/politique\/discours-de-remerciement-du-president-de-la-republiqueson-excellence-ismail-omar-guelleha-loccasion-de-lelection-de-m-mahamoud-ali-youssouf-au-poste-de-president-de-la-commission#primaryimage"},"image":{"@id":"https:\/\/www.africa-press.net\/djibouti\/politique\/discours-de-remerciement-du-president-de-la-republiqueson-excellence-ismail-omar-guelleha-loccasion-de-lelection-de-m-mahamoud-ali-youssouf-au-poste-de-president-de-la-commission#primaryimage"},"thumbnailUrl":"https:\/\/static.africa-press.net\/djibouti\/sites\/52\/2025\/02\/sm_1739706192.655387.jpg","datePublished":"2025-02-16T14:51:11+00:00","dateModified":"2025-03-25T18:38:30+00:00","author":{"@id":"https:\/\/www.africa-press.net\/djibouti\/#\/schema\/person\/2b1cf3cd81a31e3cd26889ca66d677f1"},"description":"\u00ab Sous la pre\u0301sidence de Mahmoud Ali Youssouf, la commission de l\u2019Union Africaine s\u2019engagera avec de\u0301termination pour ...","breadcrumb":{"@id":"https:\/\/www.africa-press.net\/djibouti\/politique\/discours-de-remerciement-du-president-de-la-republiqueson-excellence-ismail-omar-guelleha-loccasion-de-lelection-de-m-mahamoud-ali-youssouf-au-poste-de-president-de-la-commission#breadcrumb"},"inLanguage":"fr-FR","potentialAction":[{"@type":"ReadAction","target":["https:\/\/www.africa-press.net\/djibouti\/politique\/discours-de-remerciement-du-president-de-la-republiqueson-excellence-ismail-omar-guelleha-loccasion-de-lelection-de-m-mahamoud-ali-youssouf-au-poste-de-president-de-la-commission"]}]},{"@type":"ImageObject","inLanguage":"fr-FR","@id":"https:\/\/www.africa-press.net\/djibouti\/politique\/discours-de-remerciement-du-president-de-la-republiqueson-excellence-ismail-omar-guelleha-loccasion-de-lelection-de-m-mahamoud-ali-youssouf-au-poste-de-president-de-la-commission#primaryimage","url":"https:\/\/static.africa-press.net\/djibouti\/sites\/52\/2025\/02\/sm_1739706192.655387.jpg","contentUrl":"https:\/\/static.africa-press.net\/djibouti\/sites\/52\/2025\/02\/sm_1739706192.655387.jpg","width":720,"height":480,"caption":"Discours de remerciement du Pr\u00e9sident de la R\u00e9publique(Son Excellence Ismail Omar Guelleh)(A l\u2019occasion de l\u2019\u00e9lection de M. Mahamoud Ali Youssouf au poste de Pr\u00e9sident de la Commission de l\u2019UA)(15 Fev 2025)"},{"@type":"BreadcrumbList","@id":"https:\/\/www.africa-press.net\/djibouti\/politique\/discours-de-remerciement-du-president-de-la-republiqueson-excellence-ismail-omar-guelleha-loccasion-de-lelection-de-m-mahamoud-ali-youssouf-au-poste-de-president-de-la-commission#breadcrumb","itemListElement":[{"@type":"ListItem","position":1,"name":"Accueil","item":"https:\/\/www.africa-press.net\/djibouti\/"},{"@type":"ListItem","position":2,"name":"Discours de remerciement du Pr\u00e9sident de la R\u00e9publique(Son Excellence Ismail Omar Guelleh)(A l\u2019occasion de l\u2019\u00e9lection de M. Mahamoud Ali Youssouf au poste de Pr\u00e9sident de la Commission de l\u2019UA)(15 Fev 2025)"}]},{"@type":"WebSite","@id":"https:\/\/www.africa-press.net\/djibouti\/#website","url":"https:\/\/www.africa-press.net\/djibouti\/","name":"Djibouti","description":"Just another Africa News Agency Sites site","potentialAction":[{"@type":"SearchAction","target":{"@type":"EntryPoint","urlTemplate":"https:\/\/www.africa-press.net\/djibouti\/?s={search_term_string}"},"query-input":{"@type":"PropertyValueSpecification","valueRequired":true,"valueName":"search_term_string"}}],"inLanguage":"fr-FR"},{"@type":"Person","@id":"https:\/\/www.africa-press.net\/djibouti\/#\/schema\/person\/2b1cf3cd81a31e3cd26889ca66d677f1","name":"cfeditorfr"}]}},"_links":{"self":[{"href":"https:\/\/www.africa-press.net\/djibouti\/wp-json\/wp\/v2\/posts\/41649","targetHints":{"allow":["GET"]}}],"collection":[{"href":"https:\/\/www.africa-press.net\/djibouti\/wp-json\/wp\/v2\/posts"}],"about":[{"href":"https:\/\/www.africa-press.net\/djibouti\/wp-json\/wp\/v2\/types\/post"}],"author":[{"embeddable":true,"href":"https:\/\/www.africa-press.net\/djibouti\/wp-json\/wp\/v2\/users\/82"}],"replies":[{"embeddable":true,"href":"https:\/\/www.africa-press.net\/djibouti\/wp-json\/wp\/v2\/comments?post=41649"}],"version-history":[{"count":0,"href":"https:\/\/www.africa-press.net\/djibouti\/wp-json\/wp\/v2\/posts\/41649\/revisions"}],"wp:featuredmedia":[{"embeddable":true,"href":"https:\/\/www.africa-press.net\/djibouti\/wp-json\/wp\/v2\/media\/41648"}],"wp:attachment":[{"href":"https:\/\/www.africa-press.net\/djibouti\/wp-json\/wp\/v2\/media?parent=41649"}],"wp:term":[{"taxonomy":"category","embeddable":true,"href":"https:\/\/www.africa-press.net\/djibouti\/wp-json\/wp\/v2\/categories?post=41649"},{"taxonomy":"post_tag","embeddable":true,"href":"https:\/\/www.africa-press.net\/djibouti\/wp-json\/wp\/v2\/tags?post=41649"}],"curies":[{"name":"wp","href":"https:\/\/api.w.org\/{rel}","templated":true}]}}