{"id":44527,"date":"2025-05-10T18:50:36","date_gmt":"2025-05-10T18:50:36","guid":{"rendered":"https:\/\/www.africa-press.net\/djibouti\/politique\/notre-ambassadeur-a-washington-signe-le-traite-bbnj-au-nom-de-la-republique-de-djibouti"},"modified":"2025-05-10T19:18:57","modified_gmt":"2025-05-10T19:18:57","slug":"notre-ambassadeur-a-washington-signe-le-traite-bbnj-au-nom-de-la-republique-de-djibouti","status":"publish","type":"post","link":"https:\/\/www.africa-press.net\/djibouti\/politique\/notre-ambassadeur-a-washington-signe-le-traite-bbnj-au-nom-de-la-republique-de-djibouti","title":{"rendered":"Notre ambassadeur \u00e0 Washington signe le trait\u00e9 BBNJ au nom de la R\u00e9publique de Djibouti"},"content":{"rendered":"<p><span style=\"color: #ff6600\"><strong>Africa-Press &#8211; Djibouti. <\/strong><\/span>Notre ambassadeur a\u0300 Washington (E\u0301tats-Unis) et repre\u0301sentant permanent de l&rsquo;ONU, M. Mohamed-Siad Doualeh, a proce\u0301de\u0301 aujourd&rsquo;hui a\u0300 la signature du traite\u0301 BBNJ, a\u0300 un mois de la Confe\u0301rence des Nations Unies sur les Oce\u0301ans prevue a\u0300 Nice, rn France.<\/p>\n<p>La signature de cet important traite\u0301, adopte\u0301 sous l&rsquo;e\u0301gide des Nations Unies et visant a\u0300 prote\u0301ger la biodiversite\u0301 marine dans les zones situe\u0301es au-dela\u0300 des juridictions nationales, souligne l&rsquo;engagement de la Re\u0301publique de Djibouti, d&rsquo;ailleurs maintes fois re\u0301affirme\u0301 par le pre\u0301sident de la Re\u0301publique, M. Ismai\u0308l Omar Guelleh , en faveur de la pre\u0301servation des oce\u0301ans.<\/p>\n<p>Elle renforce le ro\u0302le du pays en tant qu&rsquo;acteur re\u0301gional de premier plan en matie\u0300re de gouvernance maritime et de diplomatie environnementale.<\/p>\n<p>Le traite\u0301 promeut e\u0301galement le renforcement des capacite\u0301s et le transfert de technologies maritimes, offrant a\u0300 Djibouti l&rsquo;opportunite\u0301 de be\u0301ne\u0301ficier d&rsquo;une coope\u0301ration scientifique qui lui permettra d&rsquo;ame\u0301liorer ses capacite\u0301s de recherche oce\u0301anographique et de surveillance environnementale.<\/p>\n<p>114 pays et organisations internationales ont signe\u0301 a\u0300 ce jour le traite\u0301 BBNJ, marquant ainsi un engagement mondial fort en faveur de la protection des oce\u0301ans.<\/p>\n<p><strong>Pour plus d&rsquo;informations et d&rsquo;analyses sur la <span style=\"color: #ff6600\">Djibouti<\/span>, suivez <span style=\"color: #ff6600\">Africa-Press<\/span><\/strong><\/p>\n","protected":false},"excerpt":{"rendered":"<p>Africa-Press &#8211; Djibouti. Notre ambassadeur a\u0300 Washington (E\u0301tats-Unis) et repre\u0301sentant permanent de l&rsquo;ONU, M. Mohamed-Siad Doualeh, a proce\u0301de\u0301 aujourd&rsquo;hui a\u0300 la signature du traite\u0301 BBNJ, a\u0300 un mois de la Confe\u0301rence des Nations Unies sur les Oce\u0301ans prevue a\u0300 Nice, rn France. La signature de cet important traite\u0301, adopte\u0301 sous l&rsquo;e\u0301gide des Nations Unies et [&hellip;]<\/p>\n","protected":false},"author":82,"featured_media":44526,"comment_status":"open","ping_status":"closed","sticky":false,"template":"","format":"standard","meta":{"footnotes":""},"categories":[2,20,10],"tags":[50],"class_list":["post-44527","post","type-post","status-publish","format-standard","has-post-thumbnail","hentry","category-politique","category-top-nouvelles","category-toutes-les-actualites","tag-djibouti"],"yoast_head":"<!-- This site is optimized with the Yoast SEO Premium plugin v26.1 (Yoast SEO v27.0) - https:\/\/yoast.com\/product\/yoast-seo-premium-wordpress\/ -->\n<title>Notre ambassadeur \u00e0 Washington signe le trait\u00e9 BBNJ au nom de la R\u00e9publique de Djibouti - Djibouti<\/title>\n<meta name=\"description\" content=\"Notre ambassadeur a\u0300 Washington (E\u0301tats-Unis) et repre\u0301sentant permanent de l&#039;ONU, M. Mohamed-Siad Doualeh, a proce\u0301de\u0301 ...\" \/>\n<meta name=\"robots\" content=\"index, follow, max-snippet:-1, max-image-preview:large, max-video-preview:-1\" \/>\n<link rel=\"canonical\" href=\"https:\/\/www.africa-press.net\/djibouti\/politique\/notre-ambassadeur-a-washington-signe-le-traite-bbnj-au-nom-de-la-republique-de-djibouti\" \/>\n<meta property=\"og:locale\" content=\"fr_FR\" \/>\n<meta property=\"og:type\" content=\"article\" \/>\n<meta property=\"og:title\" content=\"Notre ambassadeur \u00e0 Washington signe le trait\u00e9 BBNJ au nom de la R\u00e9publique de Djibouti\" \/>\n<meta property=\"og:description\" content=\"Notre ambassadeur a\u0300 Washington (E\u0301tats-Unis) et repre\u0301sentant permanent de l&#039;ONU, M. Mohamed-Siad Doualeh, a proce\u0301de\u0301 ...\" \/>\n<meta property=\"og:url\" content=\"https:\/\/www.africa-press.net\/djibouti\/politique\/notre-ambassadeur-a-washington-signe-le-traite-bbnj-au-nom-de-la-republique-de-djibouti\" \/>\n<meta property=\"og:site_name\" content=\"Djibouti\" \/>\n<meta property=\"article:published_time\" content=\"2025-05-10T18:50:36+00:00\" \/>\n<meta property=\"article:modified_time\" content=\"2025-05-10T19:18:57+00:00\" \/>\n<meta property=\"og:image\" content=\"https:\/\/static.africa-press.net\/djibouti\/sites\/52\/2025\/05\/sm_1746892069.394255.jpg\" \/>\n\t<meta property=\"og:image:width\" content=\"1600\" \/>\n\t<meta property=\"og:image:height\" content=\"1200\" \/>\n\t<meta property=\"og:image:type\" content=\"image\/jpeg\" \/>\n<meta name=\"author\" content=\"cfeditorfr\" \/>\n<meta name=\"twitter:card\" content=\"summary_large_image\" \/>\n<meta name=\"twitter:label1\" content=\"\u00c9crit par\" \/>\n\t<meta name=\"twitter:data1\" content=\"cfeditorfr\" \/>\n\t<meta name=\"twitter:label2\" content=\"Dur\u00e9e de lecture estim\u00e9e\" \/>\n\t<meta name=\"twitter:data2\" content=\"2 minutes\" \/>\n<script type=\"application\/ld+json\" class=\"yoast-schema-graph\">{\"@context\":\"https:\/\/schema.org\",\"@graph\":[{\"@type\":\"Article\",\"@id\":\"https:\/\/www.africa-press.net\/djibouti\/politique\/notre-ambassadeur-a-washington-signe-le-traite-bbnj-au-nom-de-la-republique-de-djibouti#article\",\"isPartOf\":{\"@id\":\"https:\/\/www.africa-press.net\/djibouti\/politique\/notre-ambassadeur-a-washington-signe-le-traite-bbnj-au-nom-de-la-republique-de-djibouti\"},\"author\":{\"name\":\"cfeditorfr\",\"@id\":\"https:\/\/www.africa-press.net\/djibouti\/#\/schema\/person\/2b1cf3cd81a31e3cd26889ca66d677f1\"},\"headline\":\"Notre ambassadeur \u00e0 Washington signe le trait\u00e9 BBNJ au nom de la R\u00e9publique de Djibouti\",\"datePublished\":\"2025-05-10T18:50:36+00:00\",\"dateModified\":\"2025-05-10T19:18:57+00:00\",\"mainEntityOfPage\":{\"@id\":\"https:\/\/www.africa-press.net\/djibouti\/politique\/notre-ambassadeur-a-washington-signe-le-traite-bbnj-au-nom-de-la-republique-de-djibouti\"},\"wordCount\":243,\"commentCount\":0,\"image\":{\"@id\":\"https:\/\/www.africa-press.net\/djibouti\/politique\/notre-ambassadeur-a-washington-signe-le-traite-bbnj-au-nom-de-la-republique-de-djibouti#primaryimage\"},\"thumbnailUrl\":\"https:\/\/static.africa-press.net\/djibouti\/sites\/52\/2025\/05\/sm_1746892069.394255.jpg\",\"keywords\":[\"Djibouti\"],\"articleSection\":[\"Politique\",\"Top Nouvelles\",\"Toutes les actualit\u00e9s\"],\"inLanguage\":\"fr-FR\",\"potentialAction\":[{\"@type\":\"CommentAction\",\"name\":\"Comment\",\"target\":[\"https:\/\/www.africa-press.net\/djibouti\/politique\/notre-ambassadeur-a-washington-signe-le-traite-bbnj-au-nom-de-la-republique-de-djibouti#respond\"]}]},{\"@type\":\"WebPage\",\"@id\":\"https:\/\/www.africa-press.net\/djibouti\/politique\/notre-ambassadeur-a-washington-signe-le-traite-bbnj-au-nom-de-la-republique-de-djibouti\",\"url\":\"https:\/\/www.africa-press.net\/djibouti\/politique\/notre-ambassadeur-a-washington-signe-le-traite-bbnj-au-nom-de-la-republique-de-djibouti\",\"name\":\"Notre ambassadeur \u00e0 Washington signe le trait\u00e9 BBNJ au nom de la R\u00e9publique de Djibouti - Djibouti\",\"isPartOf\":{\"@id\":\"https:\/\/www.africa-press.net\/djibouti\/#website\"},\"primaryImageOfPage\":{\"@id\":\"https:\/\/www.africa-press.net\/djibouti\/politique\/notre-ambassadeur-a-washington-signe-le-traite-bbnj-au-nom-de-la-republique-de-djibouti#primaryimage\"},\"image\":{\"@id\":\"https:\/\/www.africa-press.net\/djibouti\/politique\/notre-ambassadeur-a-washington-signe-le-traite-bbnj-au-nom-de-la-republique-de-djibouti#primaryimage\"},\"thumbnailUrl\":\"https:\/\/static.africa-press.net\/djibouti\/sites\/52\/2025\/05\/sm_1746892069.394255.jpg\",\"datePublished\":\"2025-05-10T18:50:36+00:00\",\"dateModified\":\"2025-05-10T19:18:57+00:00\",\"author\":{\"@id\":\"https:\/\/www.africa-press.net\/djibouti\/#\/schema\/person\/2b1cf3cd81a31e3cd26889ca66d677f1\"},\"description\":\"Notre ambassadeur a\u0300 Washington (E\u0301tats-Unis) et repre\u0301sentant permanent de l'ONU, M. Mohamed-Siad Doualeh, a proce\u0301de\u0301 ...\",\"breadcrumb\":{\"@id\":\"https:\/\/www.africa-press.net\/djibouti\/politique\/notre-ambassadeur-a-washington-signe-le-traite-bbnj-au-nom-de-la-republique-de-djibouti#breadcrumb\"},\"inLanguage\":\"fr-FR\",\"potentialAction\":[{\"@type\":\"ReadAction\",\"target\":[\"https:\/\/www.africa-press.net\/djibouti\/politique\/notre-ambassadeur-a-washington-signe-le-traite-bbnj-au-nom-de-la-republique-de-djibouti\"]}]},{\"@type\":\"ImageObject\",\"inLanguage\":\"fr-FR\",\"@id\":\"https:\/\/www.africa-press.net\/djibouti\/politique\/notre-ambassadeur-a-washington-signe-le-traite-bbnj-au-nom-de-la-republique-de-djibouti#primaryimage\",\"url\":\"https:\/\/static.africa-press.net\/djibouti\/sites\/52\/2025\/05\/sm_1746892069.394255.jpg\",\"contentUrl\":\"https:\/\/static.africa-press.net\/djibouti\/sites\/52\/2025\/05\/sm_1746892069.394255.jpg\",\"width\":1600,\"height\":1200,\"caption\":\"Notre ambassadeur \u00e0 Washington signe le trait\u00e9 BBNJ au nom de la R\u00e9publique de Djibouti\"},{\"@type\":\"BreadcrumbList\",\"@id\":\"https:\/\/www.africa-press.net\/djibouti\/politique\/notre-ambassadeur-a-washington-signe-le-traite-bbnj-au-nom-de-la-republique-de-djibouti#breadcrumb\",\"itemListElement\":[{\"@type\":\"ListItem\",\"position\":1,\"name\":\"Accueil\",\"item\":\"https:\/\/www.africa-press.net\/djibouti\/\"},{\"@type\":\"ListItem\",\"position\":2,\"name\":\"Notre ambassadeur \u00e0 Washington signe le trait\u00e9 BBNJ au nom de la R\u00e9publique de Djibouti\"}]},{\"@type\":\"WebSite\",\"@id\":\"https:\/\/www.africa-press.net\/djibouti\/#website\",\"url\":\"https:\/\/www.africa-press.net\/djibouti\/\",\"name\":\"Djibouti\",\"description\":\"Just another Africa News Agency Sites site\",\"potentialAction\":[{\"@type\":\"SearchAction\",\"target\":{\"@type\":\"EntryPoint\",\"urlTemplate\":\"https:\/\/www.africa-press.net\/djibouti\/?s={search_term_string}\"},\"query-input\":{\"@type\":\"PropertyValueSpecification\",\"valueRequired\":true,\"valueName\":\"search_term_string\"}}],\"inLanguage\":\"fr-FR\"},{\"@type\":\"Person\",\"@id\":\"https:\/\/www.africa-press.net\/djibouti\/#\/schema\/person\/2b1cf3cd81a31e3cd26889ca66d677f1\",\"name\":\"cfeditorfr\"}]}<\/script>\n<!-- \/ Yoast SEO Premium plugin. -->","yoast_head_json":{"title":"Notre ambassadeur \u00e0 Washington signe le trait\u00e9 BBNJ au nom de la R\u00e9publique de Djibouti - Djibouti","description":"Notre ambassadeur a\u0300 Washington (E\u0301tats-Unis) et repre\u0301sentant permanent de l'ONU, M. Mohamed-Siad Doualeh, a proce\u0301de\u0301 ...","robots":{"index":"index","follow":"follow","max-snippet":"max-snippet:-1","max-image-preview":"max-image-preview:large","max-video-preview":"max-video-preview:-1"},"canonical":"https:\/\/www.africa-press.net\/djibouti\/politique\/notre-ambassadeur-a-washington-signe-le-traite-bbnj-au-nom-de-la-republique-de-djibouti","og_locale":"fr_FR","og_type":"article","og_title":"Notre ambassadeur \u00e0 Washington signe le trait\u00e9 BBNJ au nom de la R\u00e9publique de Djibouti","og_description":"Notre ambassadeur a\u0300 Washington (E\u0301tats-Unis) et repre\u0301sentant permanent de l'ONU, M. Mohamed-Siad Doualeh, a proce\u0301de\u0301 ...","og_url":"https:\/\/www.africa-press.net\/djibouti\/politique\/notre-ambassadeur-a-washington-signe-le-traite-bbnj-au-nom-de-la-republique-de-djibouti","og_site_name":"Djibouti","article_published_time":"2025-05-10T18:50:36+00:00","article_modified_time":"2025-05-10T19:18:57+00:00","og_image":[{"width":1600,"height":1200,"url":"https:\/\/static.africa-press.net\/djibouti\/sites\/52\/2025\/05\/sm_1746892069.394255.jpg","type":"image\/jpeg"}],"author":"cfeditorfr","twitter_card":"summary_large_image","twitter_misc":{"\u00c9crit par":"cfeditorfr","Dur\u00e9e de lecture estim\u00e9e":"2 minutes"},"schema":{"@context":"https:\/\/schema.org","@graph":[{"@type":"Article","@id":"https:\/\/www.africa-press.net\/djibouti\/politique\/notre-ambassadeur-a-washington-signe-le-traite-bbnj-au-nom-de-la-republique-de-djibouti#article","isPartOf":{"@id":"https:\/\/www.africa-press.net\/djibouti\/politique\/notre-ambassadeur-a-washington-signe-le-traite-bbnj-au-nom-de-la-republique-de-djibouti"},"author":{"name":"cfeditorfr","@id":"https:\/\/www.africa-press.net\/djibouti\/#\/schema\/person\/2b1cf3cd81a31e3cd26889ca66d677f1"},"headline":"Notre ambassadeur \u00e0 Washington signe le trait\u00e9 BBNJ au nom de la R\u00e9publique de Djibouti","datePublished":"2025-05-10T18:50:36+00:00","dateModified":"2025-05-10T19:18:57+00:00","mainEntityOfPage":{"@id":"https:\/\/www.africa-press.net\/djibouti\/politique\/notre-ambassadeur-a-washington-signe-le-traite-bbnj-au-nom-de-la-republique-de-djibouti"},"wordCount":243,"commentCount":0,"image":{"@id":"https:\/\/www.africa-press.net\/djibouti\/politique\/notre-ambassadeur-a-washington-signe-le-traite-bbnj-au-nom-de-la-republique-de-djibouti#primaryimage"},"thumbnailUrl":"https:\/\/static.africa-press.net\/djibouti\/sites\/52\/2025\/05\/sm_1746892069.394255.jpg","keywords":["Djibouti"],"articleSection":["Politique","Top Nouvelles","Toutes les actualit\u00e9s"],"inLanguage":"fr-FR","potentialAction":[{"@type":"CommentAction","name":"Comment","target":["https:\/\/www.africa-press.net\/djibouti\/politique\/notre-ambassadeur-a-washington-signe-le-traite-bbnj-au-nom-de-la-republique-de-djibouti#respond"]}]},{"@type":"WebPage","@id":"https:\/\/www.africa-press.net\/djibouti\/politique\/notre-ambassadeur-a-washington-signe-le-traite-bbnj-au-nom-de-la-republique-de-djibouti","url":"https:\/\/www.africa-press.net\/djibouti\/politique\/notre-ambassadeur-a-washington-signe-le-traite-bbnj-au-nom-de-la-republique-de-djibouti","name":"Notre ambassadeur \u00e0 Washington signe le trait\u00e9 BBNJ au nom de la R\u00e9publique de Djibouti - Djibouti","isPartOf":{"@id":"https:\/\/www.africa-press.net\/djibouti\/#website"},"primaryImageOfPage":{"@id":"https:\/\/www.africa-press.net\/djibouti\/politique\/notre-ambassadeur-a-washington-signe-le-traite-bbnj-au-nom-de-la-republique-de-djibouti#primaryimage"},"image":{"@id":"https:\/\/www.africa-press.net\/djibouti\/politique\/notre-ambassadeur-a-washington-signe-le-traite-bbnj-au-nom-de-la-republique-de-djibouti#primaryimage"},"thumbnailUrl":"https:\/\/static.africa-press.net\/djibouti\/sites\/52\/2025\/05\/sm_1746892069.394255.jpg","datePublished":"2025-05-10T18:50:36+00:00","dateModified":"2025-05-10T19:18:57+00:00","author":{"@id":"https:\/\/www.africa-press.net\/djibouti\/#\/schema\/person\/2b1cf3cd81a31e3cd26889ca66d677f1"},"description":"Notre ambassadeur a\u0300 Washington (E\u0301tats-Unis) et repre\u0301sentant permanent de l'ONU, M. Mohamed-Siad Doualeh, a proce\u0301de\u0301 ...","breadcrumb":{"@id":"https:\/\/www.africa-press.net\/djibouti\/politique\/notre-ambassadeur-a-washington-signe-le-traite-bbnj-au-nom-de-la-republique-de-djibouti#breadcrumb"},"inLanguage":"fr-FR","potentialAction":[{"@type":"ReadAction","target":["https:\/\/www.africa-press.net\/djibouti\/politique\/notre-ambassadeur-a-washington-signe-le-traite-bbnj-au-nom-de-la-republique-de-djibouti"]}]},{"@type":"ImageObject","inLanguage":"fr-FR","@id":"https:\/\/www.africa-press.net\/djibouti\/politique\/notre-ambassadeur-a-washington-signe-le-traite-bbnj-au-nom-de-la-republique-de-djibouti#primaryimage","url":"https:\/\/static.africa-press.net\/djibouti\/sites\/52\/2025\/05\/sm_1746892069.394255.jpg","contentUrl":"https:\/\/static.africa-press.net\/djibouti\/sites\/52\/2025\/05\/sm_1746892069.394255.jpg","width":1600,"height":1200,"caption":"Notre ambassadeur \u00e0 Washington signe le trait\u00e9 BBNJ au nom de la R\u00e9publique de Djibouti"},{"@type":"BreadcrumbList","@id":"https:\/\/www.africa-press.net\/djibouti\/politique\/notre-ambassadeur-a-washington-signe-le-traite-bbnj-au-nom-de-la-republique-de-djibouti#breadcrumb","itemListElement":[{"@type":"ListItem","position":1,"name":"Accueil","item":"https:\/\/www.africa-press.net\/djibouti\/"},{"@type":"ListItem","position":2,"name":"Notre ambassadeur \u00e0 Washington signe le trait\u00e9 BBNJ au nom de la R\u00e9publique de Djibouti"}]},{"@type":"WebSite","@id":"https:\/\/www.africa-press.net\/djibouti\/#website","url":"https:\/\/www.africa-press.net\/djibouti\/","name":"Djibouti","description":"Just another Africa News Agency Sites site","potentialAction":[{"@type":"SearchAction","target":{"@type":"EntryPoint","urlTemplate":"https:\/\/www.africa-press.net\/djibouti\/?s={search_term_string}"},"query-input":{"@type":"PropertyValueSpecification","valueRequired":true,"valueName":"search_term_string"}}],"inLanguage":"fr-FR"},{"@type":"Person","@id":"https:\/\/www.africa-press.net\/djibouti\/#\/schema\/person\/2b1cf3cd81a31e3cd26889ca66d677f1","name":"cfeditorfr"}]}},"_links":{"self":[{"href":"https:\/\/www.africa-press.net\/djibouti\/wp-json\/wp\/v2\/posts\/44527","targetHints":{"allow":["GET"]}}],"collection":[{"href":"https:\/\/www.africa-press.net\/djibouti\/wp-json\/wp\/v2\/posts"}],"about":[{"href":"https:\/\/www.africa-press.net\/djibouti\/wp-json\/wp\/v2\/types\/post"}],"author":[{"embeddable":true,"href":"https:\/\/www.africa-press.net\/djibouti\/wp-json\/wp\/v2\/users\/82"}],"replies":[{"embeddable":true,"href":"https:\/\/www.africa-press.net\/djibouti\/wp-json\/wp\/v2\/comments?post=44527"}],"version-history":[{"count":0,"href":"https:\/\/www.africa-press.net\/djibouti\/wp-json\/wp\/v2\/posts\/44527\/revisions"}],"wp:featuredmedia":[{"embeddable":true,"href":"https:\/\/www.africa-press.net\/djibouti\/wp-json\/wp\/v2\/media\/44526"}],"wp:attachment":[{"href":"https:\/\/www.africa-press.net\/djibouti\/wp-json\/wp\/v2\/media?parent=44527"}],"wp:term":[{"taxonomy":"category","embeddable":true,"href":"https:\/\/www.africa-press.net\/djibouti\/wp-json\/wp\/v2\/categories?post=44527"},{"taxonomy":"post_tag","embeddable":true,"href":"https:\/\/www.africa-press.net\/djibouti\/wp-json\/wp\/v2\/tags?post=44527"}],"curies":[{"name":"wp","href":"https:\/\/api.w.org\/{rel}","templated":true}]}}