{"id":44536,"date":"2025-05-10T18:54:34","date_gmt":"2025-05-10T18:54:34","guid":{"rendered":"https:\/\/www.africa-press.net\/djibouti\/politique\/le-ministre-de-la-communication-et-son-homologue-de-leducation-nationale-copresident-la-ceremonie-de-lancement-dune-chaine-educative-baptisee-rtdeduc"},"modified":"2025-05-10T19:19:52","modified_gmt":"2025-05-10T19:19:52","slug":"le-ministre-de-la-communication-et-son-homologue-de-leducation-nationale-copresident-la-ceremonie-de-lancement-dune-chaine-educative-baptisee-rtdeduc","status":"publish","type":"post","link":"https:\/\/www.africa-press.net\/djibouti\/culture-et-art\/le-ministre-de-la-communication-et-son-homologue-de-leducation-nationale-copresident-la-ceremonie-de-lancement-dune-chaine-educative-baptisee-rtdeduc","title":{"rendered":"Le ministre de la Communication et son homologue de l&rsquo;Education nationale copr\u00e9sident la c\u00e9r\u00e9monie de lancement d&rsquo;une cha\u00eene \u00e9ducative baptis\u00e9e RTD&rsquo;EDUC"},"content":{"rendered":"<p><span style=\"color: #ff6600\"><strong>Africa-Press &#8211; Djibouti. <\/strong><\/span>Le ministre de la Communication charge\u0301 des Postes et Te\u0301le\u0301communications, M. Radwan Abdillahi Bahdon, et son colle\u0300gue de l&rsquo;Education nationale et de la Formation professionnelle, M. Moustapha Mohamed Mahamoud, ont copre\u0301side\u0301 ce jeudi la ce\u0301re\u0301monie de lancement d&rsquo;une chai\u0302ne e\u0301ducative baptise\u0301e RTD&rsquo;EDUC. L&rsquo;e\u0301cole sort des murs et s&rsquo;invite chez vous est son slogan.<\/p>\n<p>Cette ce\u0301re\u0301monie, qui s&rsquo;est de\u0301roule\u0301e au Centre de Recherche, d&rsquo;Information et de Production de l&rsquo;Education nationale (CRIPEN), a vu la pre\u0301sence de hautes personnalite\u0301s parmi lesquelles le ministre du Budget, M. Isman Ibrahim Robleh.<\/p>\n<p>La mission de la chai\u0302ne RDT-EDUC, qui est en soi un mode\u0300le d&rsquo;innovation, re\u0301side dans sa programmation conc\u0327ue pour e\u0301duquer, informer et susciter des vocations.<\/p>\n<p>Des cours te\u0301le\u0301vise\u0301s interactifs, des e\u0301missions sur la culture, l\u2019entrepreneuriat, l\u2019environnement, la sante\u0301, la citoyennete\u0301, les valeurs islamiques, sociales et culturelles, mais aussi des de\u0301bats, des documentaires et des reportages de terrain, voila autant de contenus pense\u0301s pour e\u0301veiller la curiosite\u0301, capter l\u2019attention et offrir a\u0300 chaque e\u0301le\u0300ve, a\u0300 chaque citoyen, ou\u0300 qu\u2019il se trouve, les me\u0302mes chances d\u2019apprendre et de re\u0301ussir.<\/p>\n<p>Le ministre de la Communication, qui a fait une intervention tre\u0300s remarque\u0301e a\u0300 cette occasion, s&rsquo;est saisi de ce moment historique pour notre pays que repre\u0301sente le lancement officiel de RTD-E\u0301duc, la toute premie\u0300re chai\u0302ne e\u0301ducative nationale., saluant une initiative ambitieuse, ne\u0301e d\u2019une collaboration exemplaire entre la Radio-Te\u0301le\u0301vision de Djibouti (RTD) et le CRIPEN.<\/p>\n<p>RTD-E\u0301duc vient e\u0301largir et approfondir les missions fondamentales de notre service public de l\u2019audiovisuel: informer, e\u0301duquer, divertir. Aujourd\u2019hui, c\u2019est la dimension e\u0301ducative qui est place\u0301e au c\u0153ur de notre action. Parce que nous croyons, avec conviction, que l\u2019avenir de notre Nation se construit autant dans les salles de classe que devant les e\u0301crans \u2014 ces e\u0301crans que consultent chaque jour nos enfants, nos jeunes, nos enseignants et nos familles, a de\u0301clare\u0301 en substance M. Radwan Abdillahi Bahdon.<\/p>\n<p>Pour sa part, le ministre de l&rsquo;Education nationale et de la Formation professionnelle, M. Moustapha Mohamed Mahamoud, a indique\u0301 que la cre\u0301ation de cette chai\u0302ne est le fruit d\u2019un partenariat strate\u0301gique entre le MENFOP et le ministre de la Communication charge\u0301 des Postes et des Te\u0301le\u0301communications.<\/p>\n<p>Cette initiative traduit, selon lui, une vision partage\u0301e et te\u0301moigne de notre volonte\u0301 commune de mettre la puissance des me\u0301dias audiovisuels au service de l\u2019e\u0301ducation, de l\u2019e\u0301quite\u0301 et du de\u0301veloppement.<\/p>\n<p><strong>Pour plus d&rsquo;informations et d&rsquo;analyses sur la <span style=\"color: #ff6600\">Djibouti<\/span>, suivez <span style=\"color: #ff6600\">Africa-Press<\/span><\/strong><\/p>\n","protected":false},"excerpt":{"rendered":"<p>Africa-Press &#8211; Djibouti. Le ministre de la Communication charge\u0301 des Postes et Te\u0301le\u0301communications, M. Radwan Abdillahi Bahdon, et son colle\u0300gue de l&rsquo;Education nationale et de la Formation professionnelle, M. Moustapha Mohamed Mahamoud, ont copre\u0301side\u0301 ce jeudi la ce\u0301re\u0301monie de lancement d&rsquo;une chai\u0302ne e\u0301ducative baptise\u0301e RTD&rsquo;EDUC. L&rsquo;e\u0301cole sort des murs et s&rsquo;invite chez vous est son [&hellip;]<\/p>\n","protected":false},"author":82,"featured_media":44535,"comment_status":"open","ping_status":"closed","sticky":false,"template":"","format":"standard","meta":{"footnotes":""},"categories":[5,10],"tags":[50],"class_list":["post-44536","post","type-post","status-publish","format-standard","has-post-thumbnail","hentry","category-culture-et-art","category-toutes-les-actualites","tag-djibouti"],"yoast_head":"<!-- This site is optimized with the Yoast SEO Premium plugin v26.1 (Yoast SEO v27.0) - https:\/\/yoast.com\/product\/yoast-seo-premium-wordpress\/ -->\n<title>Le ministre de la Communication et son homologue de l&#039;Education nationale copr\u00e9sident la c\u00e9r\u00e9monie de lancement d&#039;une cha\u00eene \u00e9ducative baptis\u00e9e RTD&#039;EDUC - Djibouti<\/title>\n<meta name=\"description\" content=\"Le ministre de la Communication charge\u0301 des Postes et Te\u0301le\u0301communications, M. Radwan Abdillahi Bahdon, et son colle\u0300gue ...\" \/>\n<meta name=\"robots\" content=\"index, follow, max-snippet:-1, max-image-preview:large, max-video-preview:-1\" \/>\n<link rel=\"canonical\" href=\"https:\/\/www.africa-press.net\/djibouti\/culture-et-art\/le-ministre-de-la-communication-et-son-homologue-de-leducation-nationale-copresident-la-ceremonie-de-lancement-dune-chaine-educative-baptisee-rtdeduc\" \/>\n<meta property=\"og:locale\" content=\"fr_FR\" \/>\n<meta property=\"og:type\" content=\"article\" \/>\n<meta property=\"og:title\" content=\"Le ministre de la Communication et son homologue de l&#039;Education nationale copr\u00e9sident la c\u00e9r\u00e9monie de lancement d&#039;une cha\u00eene \u00e9ducative baptis\u00e9e RTD&#039;EDUC\" \/>\n<meta property=\"og:description\" content=\"Le ministre de la Communication charge\u0301 des Postes et Te\u0301le\u0301communications, M. Radwan Abdillahi Bahdon, et son colle\u0300gue ...\" \/>\n<meta property=\"og:url\" content=\"https:\/\/www.africa-press.net\/djibouti\/culture-et-art\/le-ministre-de-la-communication-et-son-homologue-de-leducation-nationale-copresident-la-ceremonie-de-lancement-dune-chaine-educative-baptisee-rtdeduc\" \/>\n<meta property=\"og:site_name\" content=\"Djibouti\" \/>\n<meta property=\"article:published_time\" content=\"2025-05-10T18:54:34+00:00\" \/>\n<meta property=\"article:modified_time\" content=\"2025-05-10T19:19:52+00:00\" \/>\n<meta property=\"og:image\" content=\"https:\/\/static.africa-press.net\/djibouti\/sites\/52\/2025\/05\/sm_1746892125.615973.jpg\" \/>\n\t<meta property=\"og:image:width\" content=\"960\" \/>\n\t<meta property=\"og:image:height\" content=\"640\" \/>\n\t<meta property=\"og:image:type\" content=\"image\/jpeg\" \/>\n<meta name=\"author\" content=\"cfeditorfr\" \/>\n<meta name=\"twitter:card\" content=\"summary_large_image\" \/>\n<meta name=\"twitter:label1\" content=\"\u00c9crit par\" \/>\n\t<meta name=\"twitter:data1\" content=\"cfeditorfr\" \/>\n\t<meta name=\"twitter:label2\" content=\"Dur\u00e9e de lecture estim\u00e9e\" \/>\n\t<meta name=\"twitter:data2\" content=\"3 minutes\" \/>\n<script type=\"application\/ld+json\" class=\"yoast-schema-graph\">{\"@context\":\"https:\/\/schema.org\",\"@graph\":[{\"@type\":\"Article\",\"@id\":\"https:\/\/www.africa-press.net\/djibouti\/culture-et-art\/le-ministre-de-la-communication-et-son-homologue-de-leducation-nationale-copresident-la-ceremonie-de-lancement-dune-chaine-educative-baptisee-rtdeduc#article\",\"isPartOf\":{\"@id\":\"https:\/\/www.africa-press.net\/djibouti\/culture-et-art\/le-ministre-de-la-communication-et-son-homologue-de-leducation-nationale-copresident-la-ceremonie-de-lancement-dune-chaine-educative-baptisee-rtdeduc\"},\"author\":{\"name\":\"cfeditorfr\",\"@id\":\"https:\/\/www.africa-press.net\/djibouti\/#\/schema\/person\/2b1cf3cd81a31e3cd26889ca66d677f1\"},\"headline\":\"Le ministre de la Communication et son homologue de l&rsquo;Education nationale copr\u00e9sident la c\u00e9r\u00e9monie de lancement d&rsquo;une cha\u00eene \u00e9ducative baptis\u00e9e RTD&rsquo;EDUC\",\"datePublished\":\"2025-05-10T18:54:34+00:00\",\"dateModified\":\"2025-05-10T19:19:52+00:00\",\"mainEntityOfPage\":{\"@id\":\"https:\/\/www.africa-press.net\/djibouti\/culture-et-art\/le-ministre-de-la-communication-et-son-homologue-de-leducation-nationale-copresident-la-ceremonie-de-lancement-dune-chaine-educative-baptisee-rtdeduc\"},\"wordCount\":510,\"commentCount\":0,\"image\":{\"@id\":\"https:\/\/www.africa-press.net\/djibouti\/culture-et-art\/le-ministre-de-la-communication-et-son-homologue-de-leducation-nationale-copresident-la-ceremonie-de-lancement-dune-chaine-educative-baptisee-rtdeduc#primaryimage\"},\"thumbnailUrl\":\"https:\/\/static.africa-press.net\/djibouti\/sites\/52\/2025\/05\/sm_1746892125.615973.jpg\",\"keywords\":[\"Djibouti\"],\"articleSection\":[\"Culture et Art\",\"Toutes les actualit\u00e9s\"],\"inLanguage\":\"fr-FR\",\"potentialAction\":[{\"@type\":\"CommentAction\",\"name\":\"Comment\",\"target\":[\"https:\/\/www.africa-press.net\/djibouti\/culture-et-art\/le-ministre-de-la-communication-et-son-homologue-de-leducation-nationale-copresident-la-ceremonie-de-lancement-dune-chaine-educative-baptisee-rtdeduc#respond\"]}]},{\"@type\":\"WebPage\",\"@id\":\"https:\/\/www.africa-press.net\/djibouti\/culture-et-art\/le-ministre-de-la-communication-et-son-homologue-de-leducation-nationale-copresident-la-ceremonie-de-lancement-dune-chaine-educative-baptisee-rtdeduc\",\"url\":\"https:\/\/www.africa-press.net\/djibouti\/culture-et-art\/le-ministre-de-la-communication-et-son-homologue-de-leducation-nationale-copresident-la-ceremonie-de-lancement-dune-chaine-educative-baptisee-rtdeduc\",\"name\":\"Le ministre de la Communication et son homologue de l'Education nationale copr\u00e9sident la c\u00e9r\u00e9monie de lancement d'une cha\u00eene \u00e9ducative baptis\u00e9e RTD'EDUC - Djibouti\",\"isPartOf\":{\"@id\":\"https:\/\/www.africa-press.net\/djibouti\/#website\"},\"primaryImageOfPage\":{\"@id\":\"https:\/\/www.africa-press.net\/djibouti\/culture-et-art\/le-ministre-de-la-communication-et-son-homologue-de-leducation-nationale-copresident-la-ceremonie-de-lancement-dune-chaine-educative-baptisee-rtdeduc#primaryimage\"},\"image\":{\"@id\":\"https:\/\/www.africa-press.net\/djibouti\/culture-et-art\/le-ministre-de-la-communication-et-son-homologue-de-leducation-nationale-copresident-la-ceremonie-de-lancement-dune-chaine-educative-baptisee-rtdeduc#primaryimage\"},\"thumbnailUrl\":\"https:\/\/static.africa-press.net\/djibouti\/sites\/52\/2025\/05\/sm_1746892125.615973.jpg\",\"datePublished\":\"2025-05-10T18:54:34+00:00\",\"dateModified\":\"2025-05-10T19:19:52+00:00\",\"author\":{\"@id\":\"https:\/\/www.africa-press.net\/djibouti\/#\/schema\/person\/2b1cf3cd81a31e3cd26889ca66d677f1\"},\"description\":\"Le ministre de la Communication charge\u0301 des Postes et Te\u0301le\u0301communications, M. Radwan Abdillahi Bahdon, et son colle\u0300gue ...\",\"breadcrumb\":{\"@id\":\"https:\/\/www.africa-press.net\/djibouti\/culture-et-art\/le-ministre-de-la-communication-et-son-homologue-de-leducation-nationale-copresident-la-ceremonie-de-lancement-dune-chaine-educative-baptisee-rtdeduc#breadcrumb\"},\"inLanguage\":\"fr-FR\",\"potentialAction\":[{\"@type\":\"ReadAction\",\"target\":[\"https:\/\/www.africa-press.net\/djibouti\/culture-et-art\/le-ministre-de-la-communication-et-son-homologue-de-leducation-nationale-copresident-la-ceremonie-de-lancement-dune-chaine-educative-baptisee-rtdeduc\"]}]},{\"@type\":\"ImageObject\",\"inLanguage\":\"fr-FR\",\"@id\":\"https:\/\/www.africa-press.net\/djibouti\/culture-et-art\/le-ministre-de-la-communication-et-son-homologue-de-leducation-nationale-copresident-la-ceremonie-de-lancement-dune-chaine-educative-baptisee-rtdeduc#primaryimage\",\"url\":\"https:\/\/static.africa-press.net\/djibouti\/sites\/52\/2025\/05\/sm_1746892125.615973.jpg\",\"contentUrl\":\"https:\/\/static.africa-press.net\/djibouti\/sites\/52\/2025\/05\/sm_1746892125.615973.jpg\",\"width\":960,\"height\":640,\"caption\":\"Le ministre de la Communication et son homologue de l'Education nationale copr\u00e9sident la c\u00e9r\u00e9monie de lancement d'une cha\u00eene \u00e9ducative baptis\u00e9e RTD'EDUC\"},{\"@type\":\"BreadcrumbList\",\"@id\":\"https:\/\/www.africa-press.net\/djibouti\/culture-et-art\/le-ministre-de-la-communication-et-son-homologue-de-leducation-nationale-copresident-la-ceremonie-de-lancement-dune-chaine-educative-baptisee-rtdeduc#breadcrumb\",\"itemListElement\":[{\"@type\":\"ListItem\",\"position\":1,\"name\":\"Accueil\",\"item\":\"https:\/\/www.africa-press.net\/djibouti\/\"},{\"@type\":\"ListItem\",\"position\":2,\"name\":\"Le ministre de la Communication et son homologue de l&rsquo;Education nationale copr\u00e9sident la c\u00e9r\u00e9monie de lancement d&rsquo;une cha\u00eene \u00e9ducative baptis\u00e9e RTD&rsquo;EDUC\"}]},{\"@type\":\"WebSite\",\"@id\":\"https:\/\/www.africa-press.net\/djibouti\/#website\",\"url\":\"https:\/\/www.africa-press.net\/djibouti\/\",\"name\":\"Djibouti\",\"description\":\"Just another Africa News Agency Sites site\",\"potentialAction\":[{\"@type\":\"SearchAction\",\"target\":{\"@type\":\"EntryPoint\",\"urlTemplate\":\"https:\/\/www.africa-press.net\/djibouti\/?s={search_term_string}\"},\"query-input\":{\"@type\":\"PropertyValueSpecification\",\"valueRequired\":true,\"valueName\":\"search_term_string\"}}],\"inLanguage\":\"fr-FR\"},{\"@type\":\"Person\",\"@id\":\"https:\/\/www.africa-press.net\/djibouti\/#\/schema\/person\/2b1cf3cd81a31e3cd26889ca66d677f1\",\"name\":\"cfeditorfr\"}]}<\/script>\n<!-- \/ Yoast SEO Premium plugin. -->","yoast_head_json":{"title":"Le ministre de la Communication et son homologue de l'Education nationale copr\u00e9sident la c\u00e9r\u00e9monie de lancement d'une cha\u00eene \u00e9ducative baptis\u00e9e RTD'EDUC - Djibouti","description":"Le ministre de la Communication charge\u0301 des Postes et Te\u0301le\u0301communications, M. Radwan Abdillahi Bahdon, et son colle\u0300gue ...","robots":{"index":"index","follow":"follow","max-snippet":"max-snippet:-1","max-image-preview":"max-image-preview:large","max-video-preview":"max-video-preview:-1"},"canonical":"https:\/\/www.africa-press.net\/djibouti\/culture-et-art\/le-ministre-de-la-communication-et-son-homologue-de-leducation-nationale-copresident-la-ceremonie-de-lancement-dune-chaine-educative-baptisee-rtdeduc","og_locale":"fr_FR","og_type":"article","og_title":"Le ministre de la Communication et son homologue de l'Education nationale copr\u00e9sident la c\u00e9r\u00e9monie de lancement d'une cha\u00eene \u00e9ducative baptis\u00e9e RTD'EDUC","og_description":"Le ministre de la Communication charge\u0301 des Postes et Te\u0301le\u0301communications, M. Radwan Abdillahi Bahdon, et son colle\u0300gue ...","og_url":"https:\/\/www.africa-press.net\/djibouti\/culture-et-art\/le-ministre-de-la-communication-et-son-homologue-de-leducation-nationale-copresident-la-ceremonie-de-lancement-dune-chaine-educative-baptisee-rtdeduc","og_site_name":"Djibouti","article_published_time":"2025-05-10T18:54:34+00:00","article_modified_time":"2025-05-10T19:19:52+00:00","og_image":[{"width":960,"height":640,"url":"https:\/\/static.africa-press.net\/djibouti\/sites\/52\/2025\/05\/sm_1746892125.615973.jpg","type":"image\/jpeg"}],"author":"cfeditorfr","twitter_card":"summary_large_image","twitter_misc":{"\u00c9crit par":"cfeditorfr","Dur\u00e9e de lecture estim\u00e9e":"3 minutes"},"schema":{"@context":"https:\/\/schema.org","@graph":[{"@type":"Article","@id":"https:\/\/www.africa-press.net\/djibouti\/culture-et-art\/le-ministre-de-la-communication-et-son-homologue-de-leducation-nationale-copresident-la-ceremonie-de-lancement-dune-chaine-educative-baptisee-rtdeduc#article","isPartOf":{"@id":"https:\/\/www.africa-press.net\/djibouti\/culture-et-art\/le-ministre-de-la-communication-et-son-homologue-de-leducation-nationale-copresident-la-ceremonie-de-lancement-dune-chaine-educative-baptisee-rtdeduc"},"author":{"name":"cfeditorfr","@id":"https:\/\/www.africa-press.net\/djibouti\/#\/schema\/person\/2b1cf3cd81a31e3cd26889ca66d677f1"},"headline":"Le ministre de la Communication et son homologue de l&rsquo;Education nationale copr\u00e9sident la c\u00e9r\u00e9monie de lancement d&rsquo;une cha\u00eene \u00e9ducative baptis\u00e9e RTD&rsquo;EDUC","datePublished":"2025-05-10T18:54:34+00:00","dateModified":"2025-05-10T19:19:52+00:00","mainEntityOfPage":{"@id":"https:\/\/www.africa-press.net\/djibouti\/culture-et-art\/le-ministre-de-la-communication-et-son-homologue-de-leducation-nationale-copresident-la-ceremonie-de-lancement-dune-chaine-educative-baptisee-rtdeduc"},"wordCount":510,"commentCount":0,"image":{"@id":"https:\/\/www.africa-press.net\/djibouti\/culture-et-art\/le-ministre-de-la-communication-et-son-homologue-de-leducation-nationale-copresident-la-ceremonie-de-lancement-dune-chaine-educative-baptisee-rtdeduc#primaryimage"},"thumbnailUrl":"https:\/\/static.africa-press.net\/djibouti\/sites\/52\/2025\/05\/sm_1746892125.615973.jpg","keywords":["Djibouti"],"articleSection":["Culture et Art","Toutes les actualit\u00e9s"],"inLanguage":"fr-FR","potentialAction":[{"@type":"CommentAction","name":"Comment","target":["https:\/\/www.africa-press.net\/djibouti\/culture-et-art\/le-ministre-de-la-communication-et-son-homologue-de-leducation-nationale-copresident-la-ceremonie-de-lancement-dune-chaine-educative-baptisee-rtdeduc#respond"]}]},{"@type":"WebPage","@id":"https:\/\/www.africa-press.net\/djibouti\/culture-et-art\/le-ministre-de-la-communication-et-son-homologue-de-leducation-nationale-copresident-la-ceremonie-de-lancement-dune-chaine-educative-baptisee-rtdeduc","url":"https:\/\/www.africa-press.net\/djibouti\/culture-et-art\/le-ministre-de-la-communication-et-son-homologue-de-leducation-nationale-copresident-la-ceremonie-de-lancement-dune-chaine-educative-baptisee-rtdeduc","name":"Le ministre de la Communication et son homologue de l'Education nationale copr\u00e9sident la c\u00e9r\u00e9monie de lancement d'une cha\u00eene \u00e9ducative baptis\u00e9e RTD'EDUC - Djibouti","isPartOf":{"@id":"https:\/\/www.africa-press.net\/djibouti\/#website"},"primaryImageOfPage":{"@id":"https:\/\/www.africa-press.net\/djibouti\/culture-et-art\/le-ministre-de-la-communication-et-son-homologue-de-leducation-nationale-copresident-la-ceremonie-de-lancement-dune-chaine-educative-baptisee-rtdeduc#primaryimage"},"image":{"@id":"https:\/\/www.africa-press.net\/djibouti\/culture-et-art\/le-ministre-de-la-communication-et-son-homologue-de-leducation-nationale-copresident-la-ceremonie-de-lancement-dune-chaine-educative-baptisee-rtdeduc#primaryimage"},"thumbnailUrl":"https:\/\/static.africa-press.net\/djibouti\/sites\/52\/2025\/05\/sm_1746892125.615973.jpg","datePublished":"2025-05-10T18:54:34+00:00","dateModified":"2025-05-10T19:19:52+00:00","author":{"@id":"https:\/\/www.africa-press.net\/djibouti\/#\/schema\/person\/2b1cf3cd81a31e3cd26889ca66d677f1"},"description":"Le ministre de la Communication charge\u0301 des Postes et Te\u0301le\u0301communications, M. Radwan Abdillahi Bahdon, et son colle\u0300gue ...","breadcrumb":{"@id":"https:\/\/www.africa-press.net\/djibouti\/culture-et-art\/le-ministre-de-la-communication-et-son-homologue-de-leducation-nationale-copresident-la-ceremonie-de-lancement-dune-chaine-educative-baptisee-rtdeduc#breadcrumb"},"inLanguage":"fr-FR","potentialAction":[{"@type":"ReadAction","target":["https:\/\/www.africa-press.net\/djibouti\/culture-et-art\/le-ministre-de-la-communication-et-son-homologue-de-leducation-nationale-copresident-la-ceremonie-de-lancement-dune-chaine-educative-baptisee-rtdeduc"]}]},{"@type":"ImageObject","inLanguage":"fr-FR","@id":"https:\/\/www.africa-press.net\/djibouti\/culture-et-art\/le-ministre-de-la-communication-et-son-homologue-de-leducation-nationale-copresident-la-ceremonie-de-lancement-dune-chaine-educative-baptisee-rtdeduc#primaryimage","url":"https:\/\/static.africa-press.net\/djibouti\/sites\/52\/2025\/05\/sm_1746892125.615973.jpg","contentUrl":"https:\/\/static.africa-press.net\/djibouti\/sites\/52\/2025\/05\/sm_1746892125.615973.jpg","width":960,"height":640,"caption":"Le ministre de la Communication et son homologue de l'Education nationale copr\u00e9sident la c\u00e9r\u00e9monie de lancement d'une cha\u00eene \u00e9ducative baptis\u00e9e RTD'EDUC"},{"@type":"BreadcrumbList","@id":"https:\/\/www.africa-press.net\/djibouti\/culture-et-art\/le-ministre-de-la-communication-et-son-homologue-de-leducation-nationale-copresident-la-ceremonie-de-lancement-dune-chaine-educative-baptisee-rtdeduc#breadcrumb","itemListElement":[{"@type":"ListItem","position":1,"name":"Accueil","item":"https:\/\/www.africa-press.net\/djibouti\/"},{"@type":"ListItem","position":2,"name":"Le ministre de la Communication et son homologue de l&rsquo;Education nationale copr\u00e9sident la c\u00e9r\u00e9monie de lancement d&rsquo;une cha\u00eene \u00e9ducative baptis\u00e9e RTD&rsquo;EDUC"}]},{"@type":"WebSite","@id":"https:\/\/www.africa-press.net\/djibouti\/#website","url":"https:\/\/www.africa-press.net\/djibouti\/","name":"Djibouti","description":"Just another Africa News Agency Sites site","potentialAction":[{"@type":"SearchAction","target":{"@type":"EntryPoint","urlTemplate":"https:\/\/www.africa-press.net\/djibouti\/?s={search_term_string}"},"query-input":{"@type":"PropertyValueSpecification","valueRequired":true,"valueName":"search_term_string"}}],"inLanguage":"fr-FR"},{"@type":"Person","@id":"https:\/\/www.africa-press.net\/djibouti\/#\/schema\/person\/2b1cf3cd81a31e3cd26889ca66d677f1","name":"cfeditorfr"}]}},"_links":{"self":[{"href":"https:\/\/www.africa-press.net\/djibouti\/wp-json\/wp\/v2\/posts\/44536","targetHints":{"allow":["GET"]}}],"collection":[{"href":"https:\/\/www.africa-press.net\/djibouti\/wp-json\/wp\/v2\/posts"}],"about":[{"href":"https:\/\/www.africa-press.net\/djibouti\/wp-json\/wp\/v2\/types\/post"}],"author":[{"embeddable":true,"href":"https:\/\/www.africa-press.net\/djibouti\/wp-json\/wp\/v2\/users\/82"}],"replies":[{"embeddable":true,"href":"https:\/\/www.africa-press.net\/djibouti\/wp-json\/wp\/v2\/comments?post=44536"}],"version-history":[{"count":0,"href":"https:\/\/www.africa-press.net\/djibouti\/wp-json\/wp\/v2\/posts\/44536\/revisions"}],"wp:featuredmedia":[{"embeddable":true,"href":"https:\/\/www.africa-press.net\/djibouti\/wp-json\/wp\/v2\/media\/44535"}],"wp:attachment":[{"href":"https:\/\/www.africa-press.net\/djibouti\/wp-json\/wp\/v2\/media?parent=44536"}],"wp:term":[{"taxonomy":"category","embeddable":true,"href":"https:\/\/www.africa-press.net\/djibouti\/wp-json\/wp\/v2\/categories?post=44536"},{"taxonomy":"post_tag","embeddable":true,"href":"https:\/\/www.africa-press.net\/djibouti\/wp-json\/wp\/v2\/tags?post=44536"}],"curies":[{"name":"wp","href":"https:\/\/api.w.org\/{rel}","templated":true}]}}