{"id":46675,"date":"2025-07-01T16:12:57","date_gmt":"2025-07-01T16:12:57","guid":{"rendered":"https:\/\/www.africa-press.net\/djibouti\/politique\/cap-sur-une-transition-energetique-inclusive-et-durable"},"modified":"2025-07-01T17:47:11","modified_gmt":"2025-07-01T17:47:11","slug":"cap-sur-une-transition-energetique-inclusive-et-durable","status":"publish","type":"post","link":"https:\/\/www.africa-press.net\/djibouti\/politique\/cap-sur-une-transition-energetique-inclusive-et-durable","title":{"rendered":"Cap sur une transition \u00e9nerg\u00e9tique inclusive et durable"},"content":{"rendered":"<p><span style=\"color: #ff6600\"><strong>Africa-Press &#8211; Djibouti. <\/strong><\/span><b>Dans un pays ou\u0300 le soleil brille plus de 300 jours par an, l\u2019e\u0301nergie solaire s\u2019impose naturellement comme une re\u0301ponse strate\u0301gique aux de\u0301fis d\u2019acce\u0300s a\u0300 l\u2019e\u0301lectricite\u0301, en particulier dans les zones rurales recule\u0301es. Mercredi 25 juin 2025 restera une date symbolique pour la re\u0301gion de Tadjourah, ou\u0300 deux e\u0301ve\u0301nements majeurs sont venus marquer la volonte\u0301 du gouvernement de garantir a\u0300 tous ses citoyens un acce\u0300s e\u0301quitable a\u0300 une e\u0301nergie propre et fiable.<\/b><br \/>\n<b>A\u0300 Dorra, un pas vers l\u2019autonomie e\u0301nerge\u0301tique<\/b><\/p>\n<p>Au c\u0153ur de la re\u0301gion de Tadjourah, le village de Dorra, niche\u0301 au nord-ouest du pays, a ce\u0301le\u0301bre\u0301 avec fierte\u0301 la pose de la premie\u0300re pierre de sa future centrale e\u0301lectrique solaire photovoltai\u0308que. Le Ministre de l\u2019E\u0301nergie, charge\u0301 des Ressources Naturelles, M. Yonis Ali Guedi, accompagne\u0301 d\u2019une forte de\u0301le\u0301gation gouvernementale dont le Secre\u0301taire Ge\u0301ne\u0301ral de la Primature, M. Naguib Abdallah Mohamed Kamil, a officialise\u0301 le lancement de ce projet structurant aux co\u0302te\u0301s des autorite\u0301s locales et d\u2019une population venue nombreuse, dans une ambiance festive rythme\u0301e par chants et danses traditionnels.<\/p>\n<p>Cette centrale, qui s\u2019e\u0301tendra sur une superficie de 5 000 m2, sera dote\u0301e d\u2019une capacite\u0301 installe\u0301e de plus de 150 kilowatts cre\u0302te (KWc) et d\u2019un syste\u0300me de stockage de plus de 600 kilowattheures (KWh). Fruit d\u2019une collaboration entre Proxy Groupe\/Huawei et le gouvernement djiboutien, sa mise en service est pre\u0301vue dans huit mois. Elle permettra de desservir l\u2019ensemble des me\u0301nages, commerces et institutions publiques du village, aujourd\u2019hui isole\u0301s du re\u0301seau e\u0301lectrique national. Poste de sante\u0301, e\u0301cole primaire, boutiques et habitations be\u0301ne\u0301ficieront ainsi d\u2019un acce\u0300s continu a\u0300 l\u2019e\u0301lectricite\u0301, re\u0301volutionnant le quotidien des habitants.<\/p>\n<p>Ce projet illustre la politique nationale d\u2019e\u0301lectrification rurale, porte\u0301e par le Ministe\u0300re de l\u2019E\u0301nergie sous l\u2019impulsion du Pre\u0301sident de la Re\u0301publique, Son Excellence M. Ismai\u0308l Omar Guelleh. L\u2019objectif affiche\u0301 est clair: ame\u0301liorer significativement les conditions de vie dans les zones rurales a\u0300 travers une e\u0301nergie propre, et permettre aux communaute\u0301s de s\u2019engager pleinement dans le de\u0301veloppement e\u0301conomique local. A\u0300 Dorra, cette transition promet de renforcer la scolarisation, d\u2019ame\u0301liorer la conservation des denre\u0301es alimentaires et des produits me\u0301dicaux, tout en stimulant l\u2019activite\u0301 commerciale gra\u0302ce a\u0300 un approvisionnement e\u0301lectrique fiable.<\/p>\n<p>Finance\u0301 en grande partie sur fonds propres de l\u2019E\u0301tat pour plus de 100 KWc et soutenu a\u0300 hauteur de 50 KWc par le Fonds Vert via le PNUD et le Ministe\u0300re de l\u2019Environnement, le projet symbolise aussi la diversification des partenariats pour un de\u0301veloppement e\u0301nerge\u0301tique durable.<\/p>\n<p><b>Adaillou: une renaissance solaire salue\u0301e par tous<\/b><\/p>\n<p>Le me\u0302me jour, la de\u0301le\u0301gation ministe\u0301rielle a pris la route pour Adaillou, une autre localite\u0301 de la re\u0301gion, afin d\u2019inaugurer la centrale solaire entie\u0300rement re\u0301habilite\u0301e. Mise en service une premie\u0300re fois en janvier 2016, cette infrastructure avait besoin d\u2019une remise a\u0300 niveau pour continuer a\u0300 re\u0301pondre efficacement aux besoins croissants des habitants.<\/p>\n<p>A\u0300 leur arrive\u0301e, le Ministre Yonis Ali Guedi, le Secre\u0301taire Ge\u0301ne\u0301ral de la Primature et les responsables locaux ont e\u0301te\u0301 accueillis par une foule enthousiaste. Dans une atmosphe\u0300re de fe\u0302te, ponctue\u0301e de chants et de danses, les officiels ont coupe\u0301 le ruban inaugural et visite\u0301 le site: 4 000 m2 de panneaux solaires flambant neufs, 253 modules photovoltai\u0308ques de qualite\u0301, trois cabinets de batteries de 500 KWh au total, et trois inverters de 50 KW chacun, finance\u0301s sur fonds propre gra\u0302ce au budget national.<\/p>\n<p>Cette centrale re\u0301habilite\u0301e affiche de\u0301sormais une capacite\u0301 de 165 KWc, suffisante pour alimenter tous les foyers du village, ses commerces, l\u2019e\u0301cole, le centre de sante\u0301, la mosque\u0301e et me\u0302me le centre de de\u0301veloppement communautaire (CDC). Fait notable: chaque foyer a e\u0301te\u0301 e\u0301quipe\u0301 gratuitement en lampes, ventilateurs et prises e\u0301lectriques, symbole d\u2019un service e\u0301nerge\u0301tique moderne qui garantit confort et se\u0301curite\u0301.<\/p>\n<p>Adaillou devient ainsi un exemple de modernite\u0301, puisque sa centrale solaire est la premie\u0300re du pays a\u0300 be\u0301ne\u0301ficier d\u2019un syste\u0300me de suivi a\u0300 distance depuis la capitale gra\u0302ce a\u0300 une technologie intelligente. Pour le gouvernement, il s\u2019agit d\u2019un pas supple\u0301mentaire vers une gestion optimise\u0301e et transparente de ses infrastructures e\u0301nerge\u0301tiques.<\/p>\n<p>Au-dela\u0300 des infrastructures, ces re\u0301alisations s\u2019accompagnent d\u2019un message fort: le gouvernement place la population au centre de ses priorite\u0301s. Les interventions des diffe\u0301rents responsables lors des ce\u0301re\u0301monies l\u2019ont rappele\u0301: l\u2019acce\u0300s a\u0300 l\u2019e\u0301lectricite\u0301 n\u2019est pas seulement un service technique, c\u2019est un levier pour l\u2019e\u0301ducation, la sante\u0301, la se\u0301curite\u0301 alimentaire et la cohe\u0301sion sociale.<\/p>\n<p>A\u0300 Dorra comme a\u0300 Adaillou, la parole a e\u0301te\u0301 donne\u0301e aux habitants. Chefs coutumiers, parlementaires, repre\u0301sentants des femmes et jeunes ont exprime\u0301 leur gratitude envers le Pre\u0301sident de la Re\u0301publique, la Premie\u0300re Dame et l\u2019ensemble du gouvernement. Tous ont salue\u0301 une initiative qui transforme leur quotidien et ouvre de nouvelles perspectives de de\u0301veloppement. La repre\u0301sentante des femmes d\u2019Adaillou a notamment insiste\u0301 sur l\u2019impact direct de l\u2019e\u0301lectricite\u0301 sur les conditions de vie des me\u0301nages et la place centrale qu\u2019occupent les femmes dans la gestion de ce progre\u0300s.<\/p>\n<p>Pour garantir la pe\u0301rennite\u0301 de ces projets, le Ministre Yonis Ali Guedi a appele\u0301 les habitants a\u0300 collaborer e\u0301troitement avec les inge\u0301nieurs et a\u0300 assurer l\u2019entretien des e\u0301quipements. A\u0300 Adaillou, la re\u0301activation d\u2019un comite\u0301 de gestion et le recrutement d\u2019un second inge\u0301nieur local te\u0301moignent de cette volonte\u0301 de responsabiliser les communaute\u0301s.<\/p>\n<p><b>Un mode\u0300le pour l\u2019ensemble du territoire<\/b><\/p>\n<p>Ces deux projets ne sont pas isole\u0301s. Ils s\u2019inscrivent dans un vaste programme d\u2019e\u0301lectrification rurale qui vise a\u0300 doter toutes les localite\u0301s hors re\u0301seau d\u2019infrastructures solaires modernes. Apre\u0300s Dorra et Adaillou, d\u2019autres villages be\u0301ne\u0301ficieront de centrales similaires, afin que l\u2019acce\u0300s a\u0300 l\u2019e\u0301nergie ne soit plus un privile\u0300ge, mais un droit pour chaque Djiboutien.<\/p>\n<p>Pour les autorite\u0301s, l\u2019enjeu de\u0301passe le cadre local: dans un contexte mondial ou\u0300 la transition e\u0301nerge\u0301tique est devenue impe\u0301rative, Djibouti entend montrer l\u2019exemple en investissant massivement dans les e\u0301nergies renouvelables. La strate\u0301gie repose sur une exploitation optimale de ses ressources solaires abondantes, combine\u0301e a\u0300 un soutien technique et financier durable et une gouvernance de proximite\u0301.<\/p>\n<p>En toile de fond de ces avance\u0301es, la vision du Chef de l\u2019E\u0301tat, Son Excellence Ismai\u0308l Omar Guelleh, reste la boussole de l\u2019action gouvernementale. La feuille de route e\u0301nerge\u0301tique du pays, inscrite dans la Vision 2035, vise une couverture e\u0301nerge\u0301tique nationale fonde\u0301e sur la diversification et l\u2019autonomie, tout en re\u0301duisant l\u2019empreinte carbone et en ame\u0301liorant la qualite\u0301 de vie des citoyens.<\/p>\n<p>De l\u2019e\u0301clairage domestique a\u0300 la se\u0301curisation de la chai\u0302ne du froid pour les me\u0301dicaments, en passant par l\u2019essor du commerce local, chaque kilowatt produit a un impact concret et imme\u0301diat. Gra\u0302ce a\u0300 ces centrales solaires, des villages entiers retrouvent la lumie\u0300re, la chaleur et l\u2019espoir.<\/p>\n<p>Dorra et Adaillou symbolisent donc une nouvelle e\u0301tape vers un Djibouti plus re\u0301silient et plus e\u0301quitable. Le succe\u0300s de ces projets te\u0301moigne d\u2019une de\u0301termination collective: gouvernement, techniciens, partenaires internationaux et communaute\u0301s locales avancent main dans la main pour que la lumie\u0300re du progre\u0300s atteigne chaque foyer, du village le plus recule\u0301 aux quartiers urbains.<\/p>\n<p>Dans un monde marque\u0301 par l\u2019incertitude e\u0301nerge\u0301tique, Djibouti fait le choix d\u2019une voie durable, tirant parti de ses ressources naturelles et de l\u2019inge\u0301niosite\u0301 de ses citoyens. Une promesse de lumie\u0300re pour aujourd\u2019hui, mais surtout pour demain.<\/p>\n\r\n                <style type=\"text\/css\">\r\n                    \r\n                    #td_uid_1_69f1142e9065f  .td-doubleSlider-2 .td-item1 {\r\n                        background: url(https:\/\/static.africa-press.net\/djibouti\/sites\/52\/2025\/07\/sm_1751379340.12221-80x60.jpg) 0 0 no-repeat;\r\n                    }\r\n                    #td_uid_1_69f1142e9065f  .td-doubleSlider-2 .td-item2 {\r\n                        background: url(https:\/\/static.africa-press.net\/djibouti\/sites\/52\/2025\/07\/sm_1751379343.612531-80x60.jpg) 0 0 no-repeat;\r\n                    }\r\n                    #td_uid_1_69f1142e9065f  .td-doubleSlider-2 .td-item3 {\r\n                        background: url(https:\/\/static.africa-press.net\/djibouti\/sites\/52\/2025\/07\/sm_1751379347.145813-80x60.jpg) 0 0 no-repeat;\r\n                    }\r\n                <\/style>\r\n\r\n                <div id=\"td_uid_1_69f1142e9065f\" class=\"td-gallery td-slide-on-2-columns\">\r\n                    <div class=\"post_td_gallery\">\r\n                        <div class=\"td-gallery-slide-top\">\r\n                           <div class=\"td-gallery-title\"><\/div>\r\n\r\n                            <div class=\"td-gallery-controls-wrapper\">\r\n                                <div class=\"td-gallery-slide-count\"><span class=\"td-gallery-slide-item-focus\">1<\/span> de 3<\/div>\r\n                                <div class=\"td-gallery-slide-prev-next-but\">\r\n                                    <i class = \"td-icon-left doubleSliderPrevButton\"><\/i>\r\n                                    <i class = \"td-icon-right doubleSliderNextButton\"><\/i>\r\n                                <\/div>\r\n                            <\/div>\r\n                        <\/div>\r\n\r\n                        <div class = \"td-doubleSlider-1 \">\r\n                            <div class = \"td-slider\">\r\n                                \r\n                    <div class = \"td-slide-item td-item1\">\r\n                        <figure class=\"td-slide-galery-figure td-slide-popup-gallery\">\r\n                            <a class=\"slide-gallery-image-link\" href=\"https:\/\/static.africa-press.net\/djibouti\/sites\/52\/2025\/07\/sm_1751379340.12221.jpg\" title=\"sm_1751379340.12221\"  data-caption=\"\"  data-description=\"\">\r\n                                <img decoding=\"async\" src=\"https:\/\/static.africa-press.net\/djibouti\/sites\/52\/2025\/07\/sm_1751379340.12221.jpg\" srcset=\"https:\/\/static.africa-press.net\/djibouti\/sites\/52\/2025\/07\/sm_1751379340.12221.jpg 1024w, https:\/\/static.africa-press.net\/djibouti\/sites\/52\/2025\/07\/sm_1751379340.12221-300x168.jpg 300w, https:\/\/static.africa-press.net\/djibouti\/sites\/52\/2025\/07\/sm_1751379340.12221-768x431.jpg 768w\" sizes=\"(max-width: 1024px) 100vw, 1024px\" alt=\"\">\r\n                            <\/a>\r\n                            \r\n                        <\/figure>\r\n                    <\/div>\r\n                    <div class = \"td-slide-item td-item2\">\r\n                        <figure class=\"td-slide-galery-figure td-slide-popup-gallery\">\r\n                            <a class=\"slide-gallery-image-link\" href=\"https:\/\/static.africa-press.net\/djibouti\/sites\/52\/2025\/07\/sm_1751379343.612531.jpg\" title=\"sm_1751379343.612531\"  data-caption=\"\"  data-description=\"\">\r\n                                <img decoding=\"async\" src=\"https:\/\/static.africa-press.net\/djibouti\/sites\/52\/2025\/07\/sm_1751379343.612531.jpg\" srcset=\"https:\/\/static.africa-press.net\/djibouti\/sites\/52\/2025\/07\/sm_1751379343.612531.jpg 1024w, https:\/\/static.africa-press.net\/djibouti\/sites\/52\/2025\/07\/sm_1751379343.612531-300x200.jpg 300w, https:\/\/static.africa-press.net\/djibouti\/sites\/52\/2025\/07\/sm_1751379343.612531-768x512.jpg 768w\" sizes=\"(max-width: 1024px) 100vw, 1024px\" alt=\"\">\r\n                            <\/a>\r\n                            \r\n                        <\/figure>\r\n                    <\/div>\r\n                    <div class = \"td-slide-item td-item3\">\r\n                        <figure class=\"td-slide-galery-figure td-slide-popup-gallery\">\r\n                            <a class=\"slide-gallery-image-link\" href=\"https:\/\/static.africa-press.net\/djibouti\/sites\/52\/2025\/07\/sm_1751379347.145813.jpg\" title=\"sm_1751379347.145813\"  data-caption=\"\"  data-description=\"\">\r\n                                <img decoding=\"async\" src=\"https:\/\/static.africa-press.net\/djibouti\/sites\/52\/2025\/07\/sm_1751379347.145813.jpg\" srcset=\"https:\/\/static.africa-press.net\/djibouti\/sites\/52\/2025\/07\/sm_1751379347.145813.jpg 1024w, https:\/\/static.africa-press.net\/djibouti\/sites\/52\/2025\/07\/sm_1751379347.145813-300x200.jpg 300w, https:\/\/static.africa-press.net\/djibouti\/sites\/52\/2025\/07\/sm_1751379347.145813-768x512.jpg 768w\" sizes=\"(max-width: 1024px) 100vw, 1024px\" alt=\"\">\r\n                            <\/a>\r\n                            \r\n                        <\/figure>\r\n                    <\/div>\r\n                            <\/div>\r\n                        <\/div>\r\n\r\n                        <div class = \"td-doubleSlider-2\">\r\n                            <div class = \"td-slider\">\r\n                                \r\n                    <div class = \"td-button td-item1\">\r\n                        <div class = \"td-border\"><\/div>\r\n                    <\/div>\r\n                    <div class = \"td-button td-item2\">\r\n                        <div class = \"td-border\"><\/div>\r\n                    <\/div>\r\n                    <div class = \"td-button td-item3\">\r\n                        <div class = \"td-border\"><\/div>\r\n                    <\/div>\r\n                            <\/div>\r\n                        <\/div>\r\n\r\n                    <\/div>\r\n\r\n                <\/div>\r\n                \n<p><strong>Pour plus d&rsquo;informations et d&rsquo;analyses sur la <span style=\"color: #ff6600\">Djibouti<\/span>, suivez <span style=\"color: #ff6600\">Africa-Press<\/span><\/strong><\/p>\n","protected":false},"excerpt":{"rendered":"<p>Africa-Press &#8211; Djibouti. Dans un pays ou\u0300 le soleil brille plus de 300 jours par an, l\u2019e\u0301nergie solaire s\u2019impose naturellement comme une re\u0301ponse strate\u0301gique aux de\u0301fis d\u2019acce\u0300s a\u0300 l\u2019e\u0301lectricite\u0301, en particulier dans les zones rurales recule\u0301es. Mercredi 25 juin 2025 restera une date symbolique pour la re\u0301gion de Tadjourah, ou\u0300 deux e\u0301ve\u0301nements majeurs sont venus [&hellip;]<\/p>\n","protected":false},"author":82,"featured_media":46674,"comment_status":"open","ping_status":"closed","sticky":false,"template":"","format":"standard","meta":{"footnotes":""},"categories":[3,2,20,10],"tags":[50],"class_list":["post-46675","post","type-post","status-publish","format-standard","has-post-thumbnail","hentry","category-economie","category-politique","category-top-nouvelles","category-toutes-les-actualites","tag-djibouti"],"yoast_head":"<!-- This site is optimized with the Yoast SEO Premium plugin v26.1 (Yoast SEO v27.0) - https:\/\/yoast.com\/product\/yoast-seo-premium-wordpress\/ -->\n<title>Cap sur une transition \u00e9nerg\u00e9tique inclusive et durable - Djibouti<\/title>\n<meta name=\"description\" content=\"Dans un pays ou\u0300 le soleil brille plus de 300 jours par an, l\u2019e\u0301nergie solaire s\u2019impose naturellement comme une re\u0301po ...\" \/>\n<meta name=\"robots\" content=\"index, follow, max-snippet:-1, max-image-preview:large, max-video-preview:-1\" \/>\n<link rel=\"canonical\" href=\"https:\/\/www.africa-press.net\/djibouti\/politique\/cap-sur-une-transition-energetique-inclusive-et-durable\" \/>\n<meta property=\"og:locale\" content=\"fr_FR\" \/>\n<meta property=\"og:type\" content=\"article\" \/>\n<meta property=\"og:title\" content=\"Cap sur une transition \u00e9nerg\u00e9tique inclusive et durable\" \/>\n<meta property=\"og:description\" content=\"Dans un pays ou\u0300 le soleil brille plus de 300 jours par an, l\u2019e\u0301nergie solaire s\u2019impose naturellement comme une re\u0301po ...\" \/>\n<meta property=\"og:url\" content=\"https:\/\/www.africa-press.net\/djibouti\/politique\/cap-sur-une-transition-energetique-inclusive-et-durable\" \/>\n<meta property=\"og:site_name\" content=\"Djibouti\" \/>\n<meta property=\"article:published_time\" content=\"2025-07-01T16:12:57+00:00\" \/>\n<meta property=\"article:modified_time\" content=\"2025-07-01T17:47:11+00:00\" \/>\n<meta property=\"og:image\" content=\"https:\/\/static.africa-press.net\/djibouti\/sites\/52\/2025\/07\/sm_1751379350.780272.jpg\" \/>\n\t<meta property=\"og:image:width\" content=\"720\" \/>\n\t<meta property=\"og:image:height\" content=\"480\" \/>\n\t<meta property=\"og:image:type\" content=\"image\/jpeg\" \/>\n<meta name=\"author\" content=\"cfeditorfr\" \/>\n<meta name=\"twitter:card\" content=\"summary_large_image\" \/>\n<meta name=\"twitter:label1\" content=\"\u00c9crit par\" \/>\n\t<meta name=\"twitter:data1\" content=\"cfeditorfr\" \/>\n\t<meta name=\"twitter:label2\" content=\"Dur\u00e9e de lecture estim\u00e9e\" \/>\n\t<meta name=\"twitter:data2\" content=\"7 minutes\" \/>\n<script type=\"application\/ld+json\" class=\"yoast-schema-graph\">{\"@context\":\"https:\/\/schema.org\",\"@graph\":[{\"@type\":\"Article\",\"@id\":\"https:\/\/www.africa-press.net\/djibouti\/politique\/cap-sur-une-transition-energetique-inclusive-et-durable#article\",\"isPartOf\":{\"@id\":\"https:\/\/www.africa-press.net\/djibouti\/politique\/cap-sur-une-transition-energetique-inclusive-et-durable\"},\"author\":{\"name\":\"cfeditorfr\",\"@id\":\"https:\/\/www.africa-press.net\/djibouti\/#\/schema\/person\/2b1cf3cd81a31e3cd26889ca66d677f1\"},\"headline\":\"Cap sur une transition \u00e9nerg\u00e9tique inclusive et durable\",\"datePublished\":\"2025-07-01T16:12:57+00:00\",\"dateModified\":\"2025-07-01T17:47:11+00:00\",\"mainEntityOfPage\":{\"@id\":\"https:\/\/www.africa-press.net\/djibouti\/politique\/cap-sur-une-transition-energetique-inclusive-et-durable\"},\"wordCount\":1425,\"commentCount\":0,\"image\":{\"@id\":\"https:\/\/www.africa-press.net\/djibouti\/politique\/cap-sur-une-transition-energetique-inclusive-et-durable#primaryimage\"},\"thumbnailUrl\":\"https:\/\/static.africa-press.net\/djibouti\/sites\/52\/2025\/07\/sm_1751379350.780272.jpg\",\"keywords\":[\"Djibouti\"],\"articleSection\":[\"\u00c9conomie\",\"Politique\",\"Top Nouvelles\",\"Toutes les actualit\u00e9s\"],\"inLanguage\":\"fr-FR\",\"potentialAction\":[{\"@type\":\"CommentAction\",\"name\":\"Comment\",\"target\":[\"https:\/\/www.africa-press.net\/djibouti\/politique\/cap-sur-une-transition-energetique-inclusive-et-durable#respond\"]}]},{\"@type\":\"WebPage\",\"@id\":\"https:\/\/www.africa-press.net\/djibouti\/politique\/cap-sur-une-transition-energetique-inclusive-et-durable\",\"url\":\"https:\/\/www.africa-press.net\/djibouti\/politique\/cap-sur-une-transition-energetique-inclusive-et-durable\",\"name\":\"Cap sur une transition \u00e9nerg\u00e9tique inclusive et durable - Djibouti\",\"isPartOf\":{\"@id\":\"https:\/\/www.africa-press.net\/djibouti\/#website\"},\"primaryImageOfPage\":{\"@id\":\"https:\/\/www.africa-press.net\/djibouti\/politique\/cap-sur-une-transition-energetique-inclusive-et-durable#primaryimage\"},\"image\":{\"@id\":\"https:\/\/www.africa-press.net\/djibouti\/politique\/cap-sur-une-transition-energetique-inclusive-et-durable#primaryimage\"},\"thumbnailUrl\":\"https:\/\/static.africa-press.net\/djibouti\/sites\/52\/2025\/07\/sm_1751379350.780272.jpg\",\"datePublished\":\"2025-07-01T16:12:57+00:00\",\"dateModified\":\"2025-07-01T17:47:11+00:00\",\"author\":{\"@id\":\"https:\/\/www.africa-press.net\/djibouti\/#\/schema\/person\/2b1cf3cd81a31e3cd26889ca66d677f1\"},\"description\":\"Dans un pays ou\u0300 le soleil brille plus de 300 jours par an, l\u2019e\u0301nergie solaire s\u2019impose naturellement comme une re\u0301po ...\",\"breadcrumb\":{\"@id\":\"https:\/\/www.africa-press.net\/djibouti\/politique\/cap-sur-une-transition-energetique-inclusive-et-durable#breadcrumb\"},\"inLanguage\":\"fr-FR\",\"potentialAction\":[{\"@type\":\"ReadAction\",\"target\":[\"https:\/\/www.africa-press.net\/djibouti\/politique\/cap-sur-une-transition-energetique-inclusive-et-durable\"]}]},{\"@type\":\"ImageObject\",\"inLanguage\":\"fr-FR\",\"@id\":\"https:\/\/www.africa-press.net\/djibouti\/politique\/cap-sur-une-transition-energetique-inclusive-et-durable#primaryimage\",\"url\":\"https:\/\/static.africa-press.net\/djibouti\/sites\/52\/2025\/07\/sm_1751379350.780272.jpg\",\"contentUrl\":\"https:\/\/static.africa-press.net\/djibouti\/sites\/52\/2025\/07\/sm_1751379350.780272.jpg\",\"width\":720,\"height\":480,\"caption\":\"Cap sur une transition \u00e9nerg\u00e9tique inclusive et durable\"},{\"@type\":\"BreadcrumbList\",\"@id\":\"https:\/\/www.africa-press.net\/djibouti\/politique\/cap-sur-une-transition-energetique-inclusive-et-durable#breadcrumb\",\"itemListElement\":[{\"@type\":\"ListItem\",\"position\":1,\"name\":\"Accueil\",\"item\":\"https:\/\/www.africa-press.net\/djibouti\/\"},{\"@type\":\"ListItem\",\"position\":2,\"name\":\"Cap sur une transition \u00e9nerg\u00e9tique inclusive et durable\"}]},{\"@type\":\"WebSite\",\"@id\":\"https:\/\/www.africa-press.net\/djibouti\/#website\",\"url\":\"https:\/\/www.africa-press.net\/djibouti\/\",\"name\":\"Djibouti\",\"description\":\"Just another Africa News Agency Sites site\",\"potentialAction\":[{\"@type\":\"SearchAction\",\"target\":{\"@type\":\"EntryPoint\",\"urlTemplate\":\"https:\/\/www.africa-press.net\/djibouti\/?s={search_term_string}\"},\"query-input\":{\"@type\":\"PropertyValueSpecification\",\"valueRequired\":true,\"valueName\":\"search_term_string\"}}],\"inLanguage\":\"fr-FR\"},{\"@type\":\"Person\",\"@id\":\"https:\/\/www.africa-press.net\/djibouti\/#\/schema\/person\/2b1cf3cd81a31e3cd26889ca66d677f1\",\"name\":\"cfeditorfr\"}]}<\/script>\n<!-- \/ Yoast SEO Premium plugin. -->","yoast_head_json":{"title":"Cap sur une transition \u00e9nerg\u00e9tique inclusive et durable - Djibouti","description":"Dans un pays ou\u0300 le soleil brille plus de 300 jours par an, l\u2019e\u0301nergie solaire s\u2019impose naturellement comme une re\u0301po ...","robots":{"index":"index","follow":"follow","max-snippet":"max-snippet:-1","max-image-preview":"max-image-preview:large","max-video-preview":"max-video-preview:-1"},"canonical":"https:\/\/www.africa-press.net\/djibouti\/politique\/cap-sur-une-transition-energetique-inclusive-et-durable","og_locale":"fr_FR","og_type":"article","og_title":"Cap sur une transition \u00e9nerg\u00e9tique inclusive et durable","og_description":"Dans un pays ou\u0300 le soleil brille plus de 300 jours par an, l\u2019e\u0301nergie solaire s\u2019impose naturellement comme une re\u0301po ...","og_url":"https:\/\/www.africa-press.net\/djibouti\/politique\/cap-sur-une-transition-energetique-inclusive-et-durable","og_site_name":"Djibouti","article_published_time":"2025-07-01T16:12:57+00:00","article_modified_time":"2025-07-01T17:47:11+00:00","og_image":[{"width":720,"height":480,"url":"https:\/\/static.africa-press.net\/djibouti\/sites\/52\/2025\/07\/sm_1751379350.780272.jpg","type":"image\/jpeg"}],"author":"cfeditorfr","twitter_card":"summary_large_image","twitter_misc":{"\u00c9crit par":"cfeditorfr","Dur\u00e9e de lecture estim\u00e9e":"7 minutes"},"schema":{"@context":"https:\/\/schema.org","@graph":[{"@type":"Article","@id":"https:\/\/www.africa-press.net\/djibouti\/politique\/cap-sur-une-transition-energetique-inclusive-et-durable#article","isPartOf":{"@id":"https:\/\/www.africa-press.net\/djibouti\/politique\/cap-sur-une-transition-energetique-inclusive-et-durable"},"author":{"name":"cfeditorfr","@id":"https:\/\/www.africa-press.net\/djibouti\/#\/schema\/person\/2b1cf3cd81a31e3cd26889ca66d677f1"},"headline":"Cap sur une transition \u00e9nerg\u00e9tique inclusive et durable","datePublished":"2025-07-01T16:12:57+00:00","dateModified":"2025-07-01T17:47:11+00:00","mainEntityOfPage":{"@id":"https:\/\/www.africa-press.net\/djibouti\/politique\/cap-sur-une-transition-energetique-inclusive-et-durable"},"wordCount":1425,"commentCount":0,"image":{"@id":"https:\/\/www.africa-press.net\/djibouti\/politique\/cap-sur-une-transition-energetique-inclusive-et-durable#primaryimage"},"thumbnailUrl":"https:\/\/static.africa-press.net\/djibouti\/sites\/52\/2025\/07\/sm_1751379350.780272.jpg","keywords":["Djibouti"],"articleSection":["\u00c9conomie","Politique","Top Nouvelles","Toutes les actualit\u00e9s"],"inLanguage":"fr-FR","potentialAction":[{"@type":"CommentAction","name":"Comment","target":["https:\/\/www.africa-press.net\/djibouti\/politique\/cap-sur-une-transition-energetique-inclusive-et-durable#respond"]}]},{"@type":"WebPage","@id":"https:\/\/www.africa-press.net\/djibouti\/politique\/cap-sur-une-transition-energetique-inclusive-et-durable","url":"https:\/\/www.africa-press.net\/djibouti\/politique\/cap-sur-une-transition-energetique-inclusive-et-durable","name":"Cap sur une transition \u00e9nerg\u00e9tique inclusive et durable - Djibouti","isPartOf":{"@id":"https:\/\/www.africa-press.net\/djibouti\/#website"},"primaryImageOfPage":{"@id":"https:\/\/www.africa-press.net\/djibouti\/politique\/cap-sur-une-transition-energetique-inclusive-et-durable#primaryimage"},"image":{"@id":"https:\/\/www.africa-press.net\/djibouti\/politique\/cap-sur-une-transition-energetique-inclusive-et-durable#primaryimage"},"thumbnailUrl":"https:\/\/static.africa-press.net\/djibouti\/sites\/52\/2025\/07\/sm_1751379350.780272.jpg","datePublished":"2025-07-01T16:12:57+00:00","dateModified":"2025-07-01T17:47:11+00:00","author":{"@id":"https:\/\/www.africa-press.net\/djibouti\/#\/schema\/person\/2b1cf3cd81a31e3cd26889ca66d677f1"},"description":"Dans un pays ou\u0300 le soleil brille plus de 300 jours par an, l\u2019e\u0301nergie solaire s\u2019impose naturellement comme une re\u0301po ...","breadcrumb":{"@id":"https:\/\/www.africa-press.net\/djibouti\/politique\/cap-sur-une-transition-energetique-inclusive-et-durable#breadcrumb"},"inLanguage":"fr-FR","potentialAction":[{"@type":"ReadAction","target":["https:\/\/www.africa-press.net\/djibouti\/politique\/cap-sur-une-transition-energetique-inclusive-et-durable"]}]},{"@type":"ImageObject","inLanguage":"fr-FR","@id":"https:\/\/www.africa-press.net\/djibouti\/politique\/cap-sur-une-transition-energetique-inclusive-et-durable#primaryimage","url":"https:\/\/static.africa-press.net\/djibouti\/sites\/52\/2025\/07\/sm_1751379350.780272.jpg","contentUrl":"https:\/\/static.africa-press.net\/djibouti\/sites\/52\/2025\/07\/sm_1751379350.780272.jpg","width":720,"height":480,"caption":"Cap sur une transition \u00e9nerg\u00e9tique inclusive et durable"},{"@type":"BreadcrumbList","@id":"https:\/\/www.africa-press.net\/djibouti\/politique\/cap-sur-une-transition-energetique-inclusive-et-durable#breadcrumb","itemListElement":[{"@type":"ListItem","position":1,"name":"Accueil","item":"https:\/\/www.africa-press.net\/djibouti\/"},{"@type":"ListItem","position":2,"name":"Cap sur une transition \u00e9nerg\u00e9tique inclusive et durable"}]},{"@type":"WebSite","@id":"https:\/\/www.africa-press.net\/djibouti\/#website","url":"https:\/\/www.africa-press.net\/djibouti\/","name":"Djibouti","description":"Just another Africa News Agency Sites site","potentialAction":[{"@type":"SearchAction","target":{"@type":"EntryPoint","urlTemplate":"https:\/\/www.africa-press.net\/djibouti\/?s={search_term_string}"},"query-input":{"@type":"PropertyValueSpecification","valueRequired":true,"valueName":"search_term_string"}}],"inLanguage":"fr-FR"},{"@type":"Person","@id":"https:\/\/www.africa-press.net\/djibouti\/#\/schema\/person\/2b1cf3cd81a31e3cd26889ca66d677f1","name":"cfeditorfr"}]}},"_links":{"self":[{"href":"https:\/\/www.africa-press.net\/djibouti\/wp-json\/wp\/v2\/posts\/46675","targetHints":{"allow":["GET"]}}],"collection":[{"href":"https:\/\/www.africa-press.net\/djibouti\/wp-json\/wp\/v2\/posts"}],"about":[{"href":"https:\/\/www.africa-press.net\/djibouti\/wp-json\/wp\/v2\/types\/post"}],"author":[{"embeddable":true,"href":"https:\/\/www.africa-press.net\/djibouti\/wp-json\/wp\/v2\/users\/82"}],"replies":[{"embeddable":true,"href":"https:\/\/www.africa-press.net\/djibouti\/wp-json\/wp\/v2\/comments?post=46675"}],"version-history":[{"count":0,"href":"https:\/\/www.africa-press.net\/djibouti\/wp-json\/wp\/v2\/posts\/46675\/revisions"}],"wp:featuredmedia":[{"embeddable":true,"href":"https:\/\/www.africa-press.net\/djibouti\/wp-json\/wp\/v2\/media\/46674"}],"wp:attachment":[{"href":"https:\/\/www.africa-press.net\/djibouti\/wp-json\/wp\/v2\/media?parent=46675"}],"wp:term":[{"taxonomy":"category","embeddable":true,"href":"https:\/\/www.africa-press.net\/djibouti\/wp-json\/wp\/v2\/categories?post=46675"},{"taxonomy":"post_tag","embeddable":true,"href":"https:\/\/www.africa-press.net\/djibouti\/wp-json\/wp\/v2\/tags?post=46675"}],"curies":[{"name":"wp","href":"https:\/\/api.w.org\/{rel}","templated":true}]}}