{"id":52233,"date":"2025-11-15T19:52:19","date_gmt":"2025-11-15T19:52:19","guid":{"rendered":"https:\/\/www.africa-press.net\/djibouti\/politique\/djibouti-a-la-26e-assemblee-generale-donu-tourisme-durable"},"modified":"2025-11-15T20:08:15","modified_gmt":"2025-11-15T20:08:15","slug":"djibouti-a-la-26e-assemblee-generale-donu-tourisme-durable","status":"publish","type":"post","link":"https:\/\/www.africa-press.net\/djibouti\/culture-et-art\/djibouti-a-la-26e-assemblee-generale-donu-tourisme-durable","title":{"rendered":"Djibouti \u00c0 La 26e Assembl\u00e9e G\u00e9n\u00e9rale D\u2019ONU Tourisme Durable"},"content":{"rendered":"<p><span style=\"color: #ff6600\"><strong>Africa-Press &#8211; Djibouti. <\/strong><\/span>Le Ministre du Commerce et du Tourisme, Son Excellence M. Mohamed Warsama Dirieh, a repre\u0301sente\u0301 la Re\u0301publique de Djibouti a\u0300 la 26e Session de l\u2019Assemble\u0301e ge\u0301ne\u0301rale d\u2019ONU Tourisme, tenue a\u0300 Riyad, au Royaume d\u2019Arabie Saoudite, du 9 au 12 novembre 2025. Place\u0301e sous le the\u0300me \u00ab Le tourisme propulse\u0301 par l\u2019intelligence artificielle: rede\u0301finir l\u2019avenir \u00bb, cette rencontre internationale d\u2019envergure a re\u0301uni plus de 165 pays et institutions a\u0300 l\u2019occasion du 50e anniversaire de l\u2019Organisation mondiale du tourisme.<\/p>\n<p>Le ministre e\u0301tait accompagne\u0301 d\u2019une importante de\u0301le\u0301gation compose\u0301e notamment de S.E. M. Dya Eddine Sai\u0308d Bamakhrama, ambassadeur de Djibouti aupre\u0300s du Royaume d\u2019Arabie Saoudite, de M. Ahmed Mohamed Omar, conseiller du ministre, et de M. Osman Abdi Mohamed, directeur ge\u0301ne\u0301ral de l\u2019Agence Nationale du Tourisme (ANT).<\/p>\n<p>Cette session a offert a\u0300 Djibouti une plateforme strate\u0301gique pour re\u0301affirmer son engagement en faveur d\u2019un de\u0301veloppement touristique durable, inclusif et re\u0301solument tourne\u0301 vers les innovations technologiques. Dans son intervention, le ministre Mohamed Warsama Dirieh a mis en avant la vision ambitieuse du gouvernement djiboutien, guide\u0301e par la Vision Djibouti 2035, qui fait du tourisme un levier majeur de diversification e\u0301conomique et de rayonnement international. Selon lui, l\u2019inte\u0301gration des outils nume\u0301riques et de l\u2019intelligence artificielle repre\u0301sente une opportunite\u0301 unique pour transformer le secteur, en ame\u0301liorant l\u2019expe\u0301rience des visiteurs, en renforc\u0327ant la gestion des sites naturels et culturels, et en promouvant plus efficacement les richesses du pays sur la sce\u0300ne mondiale. Il a souligne\u0301 que Djibouti, fort de ses atouts naturels exceptionnels \u2014 mer, de\u0301sert, montagnes et patrimoine ge\u0301ologique unique \u2014 aspire a\u0300 devenir un po\u0302le touristique durable en Afrique de l\u2019Est, ou\u0300 l\u2019innovation technologique se met au service du de\u0301veloppement humain et environnemental.<\/p>\n<p>En marge des travaux, le ministre a pris part a\u0300 plusieurs discussions de haut niveau sur l\u2019avenir du tourisme mondial, ainsi qu\u2019a\u0300 des rencontres bilate\u0301rales destine\u0301es a\u0300 renforcer la coope\u0301ration internationale et a\u0300 nouer des partenariats strate\u0301giques. Ces e\u0301changes visent a\u0300 soutenir la croissance du secteur a\u0300 Djibouti, a\u0300 attirer des investissements responsables et a\u0300 accompagner la monte\u0301e en compe\u0301tence des acteurs locaux du tourisme.<\/p>\n<p>La participation de Djibouti a\u0300 cette 26e Assemble\u0301e ge\u0301ne\u0301rale illustre la volonte\u0301 du pays de s\u2019inscrire dans la re\u0301volution nume\u0301rique du tourisme mondial, tout en pre\u0301servant ses valeurs d\u2019authenticite\u0301, de durabilite\u0301 et d\u2019hospitalite\u0301. A\u0300 travers cette pre\u0301sence remarque\u0301e a\u0300 Riyad, Djibouti confirme son ambition: ba\u0302tir un mode\u0300le touristique moderne, intelligent et respectueux de son patrimoine naturel et culturel.<\/p>\n<p><strong>Pour plus d&rsquo;informations et d&rsquo;analyses sur la <span style=\"color: #ff6600\">Djibouti<\/span>, suivez <span style=\"color: #ff6600\">Africa-Press<\/span><\/strong><\/p>\n","protected":false},"excerpt":{"rendered":"<p>Africa-Press &#8211; Djibouti. Le Ministre du Commerce et du Tourisme, Son Excellence M. Mohamed Warsama Dirieh, a repre\u0301sente\u0301 la Re\u0301publique de Djibouti a\u0300 la 26e Session de l\u2019Assemble\u0301e ge\u0301ne\u0301rale d\u2019ONU Tourisme, tenue a\u0300 Riyad, au Royaume d\u2019Arabie Saoudite, du 9 au 12 novembre 2025. Place\u0301e sous le the\u0300me \u00ab Le tourisme propulse\u0301 par l\u2019intelligence artificielle: [&hellip;]<\/p>\n","protected":false},"author":82,"featured_media":52232,"comment_status":"open","ping_status":"closed","sticky":false,"template":"","format":"standard","meta":{"footnotes":""},"categories":[5,10],"tags":[50],"class_list":["post-52233","post","type-post","status-publish","format-standard","has-post-thumbnail","hentry","category-culture-et-art","category-toutes-les-actualites","tag-djibouti"],"yoast_head":"<!-- This site is optimized with the Yoast SEO Premium plugin v26.1 (Yoast SEO v27.0) - https:\/\/yoast.com\/product\/yoast-seo-premium-wordpress\/ -->\n<title>Djibouti \u00c0 La 26e Assembl\u00e9e G\u00e9n\u00e9rale D\u2019ONU Tourisme Durable - Djibouti<\/title>\n<meta name=\"description\" content=\"Le Ministre du Commerce et du Tourisme, Son Excellence M. Mohamed Warsama Dirieh, a repre\u0301sente\u0301 la Re\u0301publique de Djibo ...\" \/>\n<meta name=\"robots\" content=\"index, follow, max-snippet:-1, max-image-preview:large, max-video-preview:-1\" \/>\n<link rel=\"canonical\" href=\"https:\/\/www.africa-press.net\/djibouti\/culture-et-art\/djibouti-a-la-26e-assemblee-generale-donu-tourisme-durable\" \/>\n<meta property=\"og:locale\" content=\"fr_FR\" \/>\n<meta property=\"og:type\" content=\"article\" \/>\n<meta property=\"og:title\" content=\"Djibouti \u00c0 La 26e Assembl\u00e9e G\u00e9n\u00e9rale D\u2019ONU Tourisme Durable\" \/>\n<meta property=\"og:description\" content=\"Le Ministre du Commerce et du Tourisme, Son Excellence M. Mohamed Warsama Dirieh, a repre\u0301sente\u0301 la Re\u0301publique de Djibo ...\" \/>\n<meta property=\"og:url\" content=\"https:\/\/www.africa-press.net\/djibouti\/culture-et-art\/djibouti-a-la-26e-assemblee-generale-donu-tourisme-durable\" \/>\n<meta property=\"og:site_name\" content=\"Djibouti\" \/>\n<meta property=\"article:published_time\" content=\"2025-11-15T19:52:19+00:00\" \/>\n<meta property=\"article:modified_time\" content=\"2025-11-15T20:08:15+00:00\" \/>\n<meta property=\"og:image\" content=\"https:\/\/static.africa-press.net\/djibouti\/sites\/52\/2025\/11\/sm_1763224577.001046.jpg\" \/>\n\t<meta property=\"og:image:width\" content=\"720\" \/>\n\t<meta property=\"og:image:height\" content=\"399\" \/>\n\t<meta property=\"og:image:type\" content=\"image\/jpeg\" \/>\n<meta name=\"author\" content=\"cfeditorfr\" \/>\n<meta name=\"twitter:card\" content=\"summary_large_image\" \/>\n<meta name=\"twitter:label1\" content=\"\u00c9crit par\" \/>\n\t<meta name=\"twitter:data1\" content=\"cfeditorfr\" \/>\n\t<meta name=\"twitter:label2\" content=\"Dur\u00e9e de lecture estim\u00e9e\" \/>\n\t<meta name=\"twitter:data2\" content=\"3 minutes\" \/>\n<script type=\"application\/ld+json\" class=\"yoast-schema-graph\">{\"@context\":\"https:\/\/schema.org\",\"@graph\":[{\"@type\":\"Article\",\"@id\":\"https:\/\/www.africa-press.net\/djibouti\/culture-et-art\/djibouti-a-la-26e-assemblee-generale-donu-tourisme-durable#article\",\"isPartOf\":{\"@id\":\"https:\/\/www.africa-press.net\/djibouti\/culture-et-art\/djibouti-a-la-26e-assemblee-generale-donu-tourisme-durable\"},\"author\":{\"name\":\"cfeditorfr\",\"@id\":\"https:\/\/www.africa-press.net\/djibouti\/#\/schema\/person\/2b1cf3cd81a31e3cd26889ca66d677f1\"},\"headline\":\"Djibouti \u00c0 La 26e Assembl\u00e9e G\u00e9n\u00e9rale D\u2019ONU Tourisme Durable\",\"datePublished\":\"2025-11-15T19:52:19+00:00\",\"dateModified\":\"2025-11-15T20:08:15+00:00\",\"mainEntityOfPage\":{\"@id\":\"https:\/\/www.africa-press.net\/djibouti\/culture-et-art\/djibouti-a-la-26e-assemblee-generale-donu-tourisme-durable\"},\"wordCount\":491,\"commentCount\":0,\"image\":{\"@id\":\"https:\/\/www.africa-press.net\/djibouti\/culture-et-art\/djibouti-a-la-26e-assemblee-generale-donu-tourisme-durable#primaryimage\"},\"thumbnailUrl\":\"https:\/\/static.africa-press.net\/djibouti\/sites\/52\/2025\/11\/sm_1763224577.001046.jpg\",\"keywords\":[\"Djibouti\"],\"articleSection\":[\"Culture et Art\",\"Toutes les actualit\u00e9s\"],\"inLanguage\":\"fr-FR\",\"potentialAction\":[{\"@type\":\"CommentAction\",\"name\":\"Comment\",\"target\":[\"https:\/\/www.africa-press.net\/djibouti\/culture-et-art\/djibouti-a-la-26e-assemblee-generale-donu-tourisme-durable#respond\"]}]},{\"@type\":\"WebPage\",\"@id\":\"https:\/\/www.africa-press.net\/djibouti\/culture-et-art\/djibouti-a-la-26e-assemblee-generale-donu-tourisme-durable\",\"url\":\"https:\/\/www.africa-press.net\/djibouti\/culture-et-art\/djibouti-a-la-26e-assemblee-generale-donu-tourisme-durable\",\"name\":\"Djibouti \u00c0 La 26e Assembl\u00e9e G\u00e9n\u00e9rale D\u2019ONU Tourisme Durable - Djibouti\",\"isPartOf\":{\"@id\":\"https:\/\/www.africa-press.net\/djibouti\/#website\"},\"primaryImageOfPage\":{\"@id\":\"https:\/\/www.africa-press.net\/djibouti\/culture-et-art\/djibouti-a-la-26e-assemblee-generale-donu-tourisme-durable#primaryimage\"},\"image\":{\"@id\":\"https:\/\/www.africa-press.net\/djibouti\/culture-et-art\/djibouti-a-la-26e-assemblee-generale-donu-tourisme-durable#primaryimage\"},\"thumbnailUrl\":\"https:\/\/static.africa-press.net\/djibouti\/sites\/52\/2025\/11\/sm_1763224577.001046.jpg\",\"datePublished\":\"2025-11-15T19:52:19+00:00\",\"dateModified\":\"2025-11-15T20:08:15+00:00\",\"author\":{\"@id\":\"https:\/\/www.africa-press.net\/djibouti\/#\/schema\/person\/2b1cf3cd81a31e3cd26889ca66d677f1\"},\"description\":\"Le Ministre du Commerce et du Tourisme, Son Excellence M. Mohamed Warsama Dirieh, a repre\u0301sente\u0301 la Re\u0301publique de Djibo ...\",\"breadcrumb\":{\"@id\":\"https:\/\/www.africa-press.net\/djibouti\/culture-et-art\/djibouti-a-la-26e-assemblee-generale-donu-tourisme-durable#breadcrumb\"},\"inLanguage\":\"fr-FR\",\"potentialAction\":[{\"@type\":\"ReadAction\",\"target\":[\"https:\/\/www.africa-press.net\/djibouti\/culture-et-art\/djibouti-a-la-26e-assemblee-generale-donu-tourisme-durable\"]}]},{\"@type\":\"ImageObject\",\"inLanguage\":\"fr-FR\",\"@id\":\"https:\/\/www.africa-press.net\/djibouti\/culture-et-art\/djibouti-a-la-26e-assemblee-generale-donu-tourisme-durable#primaryimage\",\"url\":\"https:\/\/static.africa-press.net\/djibouti\/sites\/52\/2025\/11\/sm_1763224577.001046.jpg\",\"contentUrl\":\"https:\/\/static.africa-press.net\/djibouti\/sites\/52\/2025\/11\/sm_1763224577.001046.jpg\",\"width\":720,\"height\":399,\"caption\":\"Djibouti \u00c0 La 26e Assembl\u00e9e G\u00e9n\u00e9rale D\u2019ONU Tourisme Durable\"},{\"@type\":\"BreadcrumbList\",\"@id\":\"https:\/\/www.africa-press.net\/djibouti\/culture-et-art\/djibouti-a-la-26e-assemblee-generale-donu-tourisme-durable#breadcrumb\",\"itemListElement\":[{\"@type\":\"ListItem\",\"position\":1,\"name\":\"Accueil\",\"item\":\"https:\/\/www.africa-press.net\/djibouti\/\"},{\"@type\":\"ListItem\",\"position\":2,\"name\":\"Djibouti \u00c0 La 26e Assembl\u00e9e G\u00e9n\u00e9rale D\u2019ONU Tourisme Durable\"}]},{\"@type\":\"WebSite\",\"@id\":\"https:\/\/www.africa-press.net\/djibouti\/#website\",\"url\":\"https:\/\/www.africa-press.net\/djibouti\/\",\"name\":\"Djibouti\",\"description\":\"Just another Africa News Agency Sites site\",\"potentialAction\":[{\"@type\":\"SearchAction\",\"target\":{\"@type\":\"EntryPoint\",\"urlTemplate\":\"https:\/\/www.africa-press.net\/djibouti\/?s={search_term_string}\"},\"query-input\":{\"@type\":\"PropertyValueSpecification\",\"valueRequired\":true,\"valueName\":\"search_term_string\"}}],\"inLanguage\":\"fr-FR\"},{\"@type\":\"Person\",\"@id\":\"https:\/\/www.africa-press.net\/djibouti\/#\/schema\/person\/2b1cf3cd81a31e3cd26889ca66d677f1\",\"name\":\"cfeditorfr\"}]}<\/script>\n<!-- \/ Yoast SEO Premium plugin. -->","yoast_head_json":{"title":"Djibouti \u00c0 La 26e Assembl\u00e9e G\u00e9n\u00e9rale D\u2019ONU Tourisme Durable - Djibouti","description":"Le Ministre du Commerce et du Tourisme, Son Excellence M. Mohamed Warsama Dirieh, a repre\u0301sente\u0301 la Re\u0301publique de Djibo ...","robots":{"index":"index","follow":"follow","max-snippet":"max-snippet:-1","max-image-preview":"max-image-preview:large","max-video-preview":"max-video-preview:-1"},"canonical":"https:\/\/www.africa-press.net\/djibouti\/culture-et-art\/djibouti-a-la-26e-assemblee-generale-donu-tourisme-durable","og_locale":"fr_FR","og_type":"article","og_title":"Djibouti \u00c0 La 26e Assembl\u00e9e G\u00e9n\u00e9rale D\u2019ONU Tourisme Durable","og_description":"Le Ministre du Commerce et du Tourisme, Son Excellence M. Mohamed Warsama Dirieh, a repre\u0301sente\u0301 la Re\u0301publique de Djibo ...","og_url":"https:\/\/www.africa-press.net\/djibouti\/culture-et-art\/djibouti-a-la-26e-assemblee-generale-donu-tourisme-durable","og_site_name":"Djibouti","article_published_time":"2025-11-15T19:52:19+00:00","article_modified_time":"2025-11-15T20:08:15+00:00","og_image":[{"width":720,"height":399,"url":"https:\/\/static.africa-press.net\/djibouti\/sites\/52\/2025\/11\/sm_1763224577.001046.jpg","type":"image\/jpeg"}],"author":"cfeditorfr","twitter_card":"summary_large_image","twitter_misc":{"\u00c9crit par":"cfeditorfr","Dur\u00e9e de lecture estim\u00e9e":"3 minutes"},"schema":{"@context":"https:\/\/schema.org","@graph":[{"@type":"Article","@id":"https:\/\/www.africa-press.net\/djibouti\/culture-et-art\/djibouti-a-la-26e-assemblee-generale-donu-tourisme-durable#article","isPartOf":{"@id":"https:\/\/www.africa-press.net\/djibouti\/culture-et-art\/djibouti-a-la-26e-assemblee-generale-donu-tourisme-durable"},"author":{"name":"cfeditorfr","@id":"https:\/\/www.africa-press.net\/djibouti\/#\/schema\/person\/2b1cf3cd81a31e3cd26889ca66d677f1"},"headline":"Djibouti \u00c0 La 26e Assembl\u00e9e G\u00e9n\u00e9rale D\u2019ONU Tourisme Durable","datePublished":"2025-11-15T19:52:19+00:00","dateModified":"2025-11-15T20:08:15+00:00","mainEntityOfPage":{"@id":"https:\/\/www.africa-press.net\/djibouti\/culture-et-art\/djibouti-a-la-26e-assemblee-generale-donu-tourisme-durable"},"wordCount":491,"commentCount":0,"image":{"@id":"https:\/\/www.africa-press.net\/djibouti\/culture-et-art\/djibouti-a-la-26e-assemblee-generale-donu-tourisme-durable#primaryimage"},"thumbnailUrl":"https:\/\/static.africa-press.net\/djibouti\/sites\/52\/2025\/11\/sm_1763224577.001046.jpg","keywords":["Djibouti"],"articleSection":["Culture et Art","Toutes les actualit\u00e9s"],"inLanguage":"fr-FR","potentialAction":[{"@type":"CommentAction","name":"Comment","target":["https:\/\/www.africa-press.net\/djibouti\/culture-et-art\/djibouti-a-la-26e-assemblee-generale-donu-tourisme-durable#respond"]}]},{"@type":"WebPage","@id":"https:\/\/www.africa-press.net\/djibouti\/culture-et-art\/djibouti-a-la-26e-assemblee-generale-donu-tourisme-durable","url":"https:\/\/www.africa-press.net\/djibouti\/culture-et-art\/djibouti-a-la-26e-assemblee-generale-donu-tourisme-durable","name":"Djibouti \u00c0 La 26e Assembl\u00e9e G\u00e9n\u00e9rale D\u2019ONU Tourisme Durable - Djibouti","isPartOf":{"@id":"https:\/\/www.africa-press.net\/djibouti\/#website"},"primaryImageOfPage":{"@id":"https:\/\/www.africa-press.net\/djibouti\/culture-et-art\/djibouti-a-la-26e-assemblee-generale-donu-tourisme-durable#primaryimage"},"image":{"@id":"https:\/\/www.africa-press.net\/djibouti\/culture-et-art\/djibouti-a-la-26e-assemblee-generale-donu-tourisme-durable#primaryimage"},"thumbnailUrl":"https:\/\/static.africa-press.net\/djibouti\/sites\/52\/2025\/11\/sm_1763224577.001046.jpg","datePublished":"2025-11-15T19:52:19+00:00","dateModified":"2025-11-15T20:08:15+00:00","author":{"@id":"https:\/\/www.africa-press.net\/djibouti\/#\/schema\/person\/2b1cf3cd81a31e3cd26889ca66d677f1"},"description":"Le Ministre du Commerce et du Tourisme, Son Excellence M. Mohamed Warsama Dirieh, a repre\u0301sente\u0301 la Re\u0301publique de Djibo ...","breadcrumb":{"@id":"https:\/\/www.africa-press.net\/djibouti\/culture-et-art\/djibouti-a-la-26e-assemblee-generale-donu-tourisme-durable#breadcrumb"},"inLanguage":"fr-FR","potentialAction":[{"@type":"ReadAction","target":["https:\/\/www.africa-press.net\/djibouti\/culture-et-art\/djibouti-a-la-26e-assemblee-generale-donu-tourisme-durable"]}]},{"@type":"ImageObject","inLanguage":"fr-FR","@id":"https:\/\/www.africa-press.net\/djibouti\/culture-et-art\/djibouti-a-la-26e-assemblee-generale-donu-tourisme-durable#primaryimage","url":"https:\/\/static.africa-press.net\/djibouti\/sites\/52\/2025\/11\/sm_1763224577.001046.jpg","contentUrl":"https:\/\/static.africa-press.net\/djibouti\/sites\/52\/2025\/11\/sm_1763224577.001046.jpg","width":720,"height":399,"caption":"Djibouti \u00c0 La 26e Assembl\u00e9e G\u00e9n\u00e9rale D\u2019ONU Tourisme Durable"},{"@type":"BreadcrumbList","@id":"https:\/\/www.africa-press.net\/djibouti\/culture-et-art\/djibouti-a-la-26e-assemblee-generale-donu-tourisme-durable#breadcrumb","itemListElement":[{"@type":"ListItem","position":1,"name":"Accueil","item":"https:\/\/www.africa-press.net\/djibouti\/"},{"@type":"ListItem","position":2,"name":"Djibouti \u00c0 La 26e Assembl\u00e9e G\u00e9n\u00e9rale D\u2019ONU Tourisme Durable"}]},{"@type":"WebSite","@id":"https:\/\/www.africa-press.net\/djibouti\/#website","url":"https:\/\/www.africa-press.net\/djibouti\/","name":"Djibouti","description":"Just another Africa News Agency Sites site","potentialAction":[{"@type":"SearchAction","target":{"@type":"EntryPoint","urlTemplate":"https:\/\/www.africa-press.net\/djibouti\/?s={search_term_string}"},"query-input":{"@type":"PropertyValueSpecification","valueRequired":true,"valueName":"search_term_string"}}],"inLanguage":"fr-FR"},{"@type":"Person","@id":"https:\/\/www.africa-press.net\/djibouti\/#\/schema\/person\/2b1cf3cd81a31e3cd26889ca66d677f1","name":"cfeditorfr"}]}},"_links":{"self":[{"href":"https:\/\/www.africa-press.net\/djibouti\/wp-json\/wp\/v2\/posts\/52233","targetHints":{"allow":["GET"]}}],"collection":[{"href":"https:\/\/www.africa-press.net\/djibouti\/wp-json\/wp\/v2\/posts"}],"about":[{"href":"https:\/\/www.africa-press.net\/djibouti\/wp-json\/wp\/v2\/types\/post"}],"author":[{"embeddable":true,"href":"https:\/\/www.africa-press.net\/djibouti\/wp-json\/wp\/v2\/users\/82"}],"replies":[{"embeddable":true,"href":"https:\/\/www.africa-press.net\/djibouti\/wp-json\/wp\/v2\/comments?post=52233"}],"version-history":[{"count":0,"href":"https:\/\/www.africa-press.net\/djibouti\/wp-json\/wp\/v2\/posts\/52233\/revisions"}],"wp:featuredmedia":[{"embeddable":true,"href":"https:\/\/www.africa-press.net\/djibouti\/wp-json\/wp\/v2\/media\/52232"}],"wp:attachment":[{"href":"https:\/\/www.africa-press.net\/djibouti\/wp-json\/wp\/v2\/media?parent=52233"}],"wp:term":[{"taxonomy":"category","embeddable":true,"href":"https:\/\/www.africa-press.net\/djibouti\/wp-json\/wp\/v2\/categories?post=52233"},{"taxonomy":"post_tag","embeddable":true,"href":"https:\/\/www.africa-press.net\/djibouti\/wp-json\/wp\/v2\/tags?post=52233"}],"curies":[{"name":"wp","href":"https:\/\/api.w.org\/{rel}","templated":true}]}}