{"id":56867,"date":"2026-04-23T13:07:57","date_gmt":"2026-04-23T13:07:57","guid":{"rendered":"https:\/\/www.africa-press.net\/djibouti\/politique\/education-strategique-pour-le-plan-2026-2030"},"modified":"2026-04-23T13:30:42","modified_gmt":"2026-04-23T13:30:42","slug":"education-strategique-pour-le-plan-2026-2030","status":"publish","type":"post","link":"https:\/\/www.africa-press.net\/djibouti\/culture-et-art\/education-strategique-pour-le-plan-2026-2030","title":{"rendered":"\u00c9ducation Strat\u00e9gique pour le Plan 2026-2030"},"content":{"rendered":"<p><span style=\"color: #ff6600\"><strong>Africa-Press &#8211; Djibouti. <\/strong><\/span><b>Le Ministe\u0300re de l\u2019E\u0301ducation nationale et de la Formation professionnelle (MENFOP), en partenariat avec UNICEF et le Groupe local des partenaires de l\u2019e\u0301ducation, a lance\u0301 hier mardi un atelier consacre\u0301 a\u0300 la revue conjointe du Plan d\u2019action de l\u2019e\u0301ducation (PAE) 2021-2025, tout en amorc\u0327ant les re\u0301flexions pour l\u2019e\u0301laboration du futur plan 2026-2030.<\/b><\/p>\n<p>Organise\u0301e au Centre de formation de l\u2019E\u0301ducation nationale (CFEN), la ce\u0301re\u0301monie d\u2019ouverture a e\u0301te\u0301 pre\u0301side\u0301e par le ministre de l\u2019E\u0301ducation nationale et de la Formation professionnelle, M.Moustapha Mohamed Mahamoud, aux co\u0302te\u0301s de la repre\u0301sentante de l\u2019UNICEF et cheffe de file du Groupe local des partenaires de l\u2019e\u0301ducation, Ramatou Toure\u0301.<\/p>\n<p>Plusieurs partenaires techniques et financiers de premier plan ont pris part a\u0300 cette rencontre, notamment la JICA, la Banque mondiale et l\u2019Agence franc\u0327aise de de\u0301veloppement. A\u0300 distance, Rennie Yotova, responsable du Partenariat mondial pour l\u2019e\u0301ducation, ainsi que d\u2019autres acteurs du secteur ont e\u0301galement suivi les travaux.<\/p>\n<p>Du 21 au 23 avril 2026, cadres du MENFOP, partenaires et repre\u0301sentants de la socie\u0301te\u0301 civile proce\u0300dent a\u0300 une e\u0301valuation globale des re\u0301alisations du PAE 2021-2025, avec pour objectif de de\u0301gager des perspectives solides pour le prochain cycle strate\u0301gique.<\/p>\n<p><b>Une e\u0301tape cle\u0301 pour renforcer la qualite\u0301 du syste\u0300me e\u0301ducatif<\/b><\/p>\n<p>Dans son intervention, Ramatou Toure\u0301 a salue\u0301 l\u2019engagement du ministe\u0300re dans la mise en \u0153uvre du plan. Elle a rappele\u0301 que l\u2019e\u0301ducation constitue un droit fondamental et un levier essentiel de de\u0301veloppement, insistant sur la ne\u0301cessite\u0301 d\u2019ame\u0301liorer la qualite\u0301 des apprentissages, de renforcer la re\u0301tention scolaire et de consolider les compe\u0301tences des e\u0301le\u0300ves. S\u2019exprimant au nom de l\u2019Organisation internationale de la Francophonie, Rennie Yotova a souligne\u0301 l\u2019importance de cette revue conjointe pour e\u0301valuer les progre\u0300s, identifier les de\u0301fis et renforcer la coordination entre partenaires. Elle a re\u0301affirme\u0301 l\u2019engagement de l\u2019OIF en faveur d\u2019une e\u0301ducation inclusive, e\u0301quitable et de qualite\u0301 a\u0300 l\u2019horizon 2030.<\/p>\n<p>Prenant la parole, le ministre Moustapha Mohamed Mahamoud a rappele\u0301 que l\u2019e\u0301ducation constitue le socle du de\u0301veloppement national. Il a mis en avant les re\u0301formes engage\u0301es, notamment en matie\u0300re d\u2019infrastructures, de formation des enseignants et de gouvernance. Malgre\u0301 un contexte international difficile, il a souligne\u0301 que des progre\u0300s significatifs ont e\u0301te\u0301 enregistre\u0301s.<\/p>\n<p>\u00ab Cette revue conjointe permettra de consolider les acquis et de mieux orienter les actions futures \u00bb, a-t-il indique\u0301.<\/p>\n<p>Au cours des trois journe\u0301es d\u2019atelier, les participants analysent les indicateurs cle\u0301s du secteur e\u0301ducatif. Les re\u0301sultats des plans de travail annuels, couvrant les diffe\u0301rents niveaux d\u2019enseignement, sont examine\u0301s en sous-groupes, puis discute\u0301s en se\u0301ance ple\u0301nie\u0300re avant validation finale.<\/p>\n<p>Les partenaires techniques ont insiste\u0301 sur l\u2019importance de cette de\u0301marche pour renforcer la coordination et ame\u0301liorer la qualite\u0301 du syste\u0300me e\u0301ducatif.<\/p>\n<p>De leur co\u0302te\u0301, les partenaires financiers ont re\u0301affirme\u0301 leur engagement a\u0300 accompagner les re\u0301formes et a\u0300 soutenir les priorite\u0301s du MENFOP.<\/p>\n<p>Enfin, l\u2019UNICEF a rappele\u0301 que l\u2019e\u0301ducation demeure un levier fondamental pour le de\u0301veloppement et l\u2019e\u0301quite\u0301 sociale, appelant a\u0300 poursuivre les efforts pour garantir un acce\u0300s e\u0301quitable et des apprentissages de qualite\u0301 pour tous.<\/p>\n\r\n                <style type=\"text\/css\">\r\n                    \r\n                    #td_uid_1_69ec7c97f2aa4  .td-doubleSlider-2 .td-item1 {\r\n                        background: url(https:\/\/static.africa-press.net\/djibouti\/sites\/52\/2026\/04\/sm_1776938411.995517-80x60.jpg) 0 0 no-repeat;\r\n                    }\r\n                    #td_uid_1_69ec7c97f2aa4  .td-doubleSlider-2 .td-item2 {\r\n                        background: url(https:\/\/static.africa-press.net\/djibouti\/sites\/52\/2026\/04\/sm_1776938418.244455-80x60.jpg) 0 0 no-repeat;\r\n                    }\r\n                <\/style>\r\n\r\n                <div id=\"td_uid_1_69ec7c97f2aa4\" class=\"td-gallery td-slide-on-2-columns\">\r\n                    <div class=\"post_td_gallery\">\r\n                        <div class=\"td-gallery-slide-top\">\r\n                           <div class=\"td-gallery-title\"><\/div>\r\n\r\n                            <div class=\"td-gallery-controls-wrapper\">\r\n                                <div class=\"td-gallery-slide-count\"><span class=\"td-gallery-slide-item-focus\">1<\/span> de 2<\/div>\r\n                                <div class=\"td-gallery-slide-prev-next-but\">\r\n                                    <i class = \"td-icon-left doubleSliderPrevButton\"><\/i>\r\n                                    <i class = \"td-icon-right doubleSliderNextButton\"><\/i>\r\n                                <\/div>\r\n                            <\/div>\r\n                        <\/div>\r\n\r\n                        <div class = \"td-doubleSlider-1 \">\r\n                            <div class = \"td-slider\">\r\n                                \r\n                    <div class = \"td-slide-item td-item1\">\r\n                        <figure class=\"td-slide-galery-figure td-slide-popup-gallery\">\r\n                            <a class=\"slide-gallery-image-link\" href=\"https:\/\/static.africa-press.net\/djibouti\/sites\/52\/2026\/04\/sm_1776938411.995517.jpg\" title=\"sm_1776938411.995517\"  data-caption=\"\"  data-description=\"\">\r\n                                <img decoding=\"async\" src=\"https:\/\/static.africa-press.net\/djibouti\/sites\/52\/2026\/04\/sm_1776938411.995517.jpg\" srcset=\"https:\/\/static.africa-press.net\/djibouti\/sites\/52\/2026\/04\/sm_1776938411.995517.jpg 1024w, https:\/\/static.africa-press.net\/djibouti\/sites\/52\/2026\/04\/sm_1776938411.995517-300x216.jpg 300w, https:\/\/static.africa-press.net\/djibouti\/sites\/52\/2026\/04\/sm_1776938411.995517-768x554.jpg 768w, https:\/\/static.africa-press.net\/djibouti\/sites\/52\/2026\/04\/sm_1776938411.995517-324x235.jpg 324w\" sizes=\"(max-width: 1024px) 100vw, 1024px\" alt=\"\">\r\n                            <\/a>\r\n                            \r\n                        <\/figure>\r\n                    <\/div>\r\n                    <div class = \"td-slide-item td-item2\">\r\n                        <figure class=\"td-slide-galery-figure td-slide-popup-gallery\">\r\n                            <a class=\"slide-gallery-image-link\" href=\"https:\/\/static.africa-press.net\/djibouti\/sites\/52\/2026\/04\/sm_1776938418.244455.jpg\" title=\"sm_1776938418.244455\"  data-caption=\"\"  data-description=\"\">\r\n                                <img decoding=\"async\" src=\"https:\/\/static.africa-press.net\/djibouti\/sites\/52\/2026\/04\/sm_1776938418.244455.jpg\" srcset=\"https:\/\/static.africa-press.net\/djibouti\/sites\/52\/2026\/04\/sm_1776938418.244455.jpg 533w, https:\/\/static.africa-press.net\/djibouti\/sites\/52\/2026\/04\/sm_1776938418.244455-300x147.jpg 300w, https:\/\/static.africa-press.net\/djibouti\/sites\/52\/2026\/04\/sm_1776938418.244455-324x160.jpg 324w\" sizes=\"(max-width: 533px) 100vw, 533px\" alt=\"\">\r\n                            <\/a>\r\n                            \r\n                        <\/figure>\r\n                    <\/div>\r\n                            <\/div>\r\n                        <\/div>\r\n\r\n                        <div class = \"td-doubleSlider-2\">\r\n                            <div class = \"td-slider\">\r\n                                \r\n                    <div class = \"td-button td-item1\">\r\n                        <div class = \"td-border\"><\/div>\r\n                    <\/div>\r\n                    <div class = \"td-button td-item2\">\r\n                        <div class = \"td-border\"><\/div>\r\n                    <\/div>\r\n                            <\/div>\r\n                        <\/div>\r\n\r\n                    <\/div>\r\n\r\n                <\/div>\r\n                \n<p><strong>Pour plus d&rsquo;informations et d&rsquo;analyses sur la <span style=\"color: #ff6600\">Djibouti<\/span>, suivez <span style=\"color: #ff6600\">Africa-Press<\/span><\/strong><\/p>\n","protected":false},"excerpt":{"rendered":"<p>Africa-Press &#8211; Djibouti. Le Ministe\u0300re de l\u2019E\u0301ducation nationale et de la Formation professionnelle (MENFOP), en partenariat avec UNICEF et le Groupe local des partenaires de l\u2019e\u0301ducation, a lance\u0301 hier mardi un atelier consacre\u0301 a\u0300 la revue conjointe du Plan d\u2019action de l\u2019e\u0301ducation (PAE) 2021-2025, tout en amorc\u0327ant les re\u0301flexions pour l\u2019e\u0301laboration du futur plan 2026-2030. [&hellip;]<\/p>\n","protected":false},"author":82,"featured_media":56866,"comment_status":"open","ping_status":"closed","sticky":false,"template":"","format":"standard","meta":{"footnotes":""},"categories":[5,8,10],"tags":[50],"class_list":["post-56867","post","type-post","status-publish","format-standard","has-post-thumbnail","hentry","category-culture-et-art","category-photo","category-toutes-les-actualites","tag-djibouti"],"yoast_head":"<!-- This site is optimized with the Yoast SEO Premium plugin v26.1 (Yoast SEO v27.0) - https:\/\/yoast.com\/product\/yoast-seo-premium-wordpress\/ -->\n<title>\u00c9ducation Strat\u00e9gique pour le Plan 2026-2030 - Djibouti<\/title>\n<meta name=\"description\" content=\"Le Ministe\u0300re de l\u2019E\u0301ducation nationale et de la Formation professionnelle (MENFOP), en partenariat avec UNICEF et le ...\" \/>\n<meta name=\"robots\" content=\"index, follow, max-snippet:-1, max-image-preview:large, max-video-preview:-1\" \/>\n<link rel=\"canonical\" href=\"https:\/\/www.africa-press.net\/djibouti\/culture-et-art\/education-strategique-pour-le-plan-2026-2030\" \/>\n<meta property=\"og:locale\" content=\"fr_FR\" \/>\n<meta property=\"og:type\" content=\"article\" \/>\n<meta property=\"og:title\" content=\"\u00c9ducation Strat\u00e9gique pour le Plan 2026-2030\" \/>\n<meta property=\"og:description\" content=\"Le Ministe\u0300re de l\u2019E\u0301ducation nationale et de la Formation professionnelle (MENFOP), en partenariat avec UNICEF et le ...\" \/>\n<meta property=\"og:url\" content=\"https:\/\/www.africa-press.net\/djibouti\/culture-et-art\/education-strategique-pour-le-plan-2026-2030\" \/>\n<meta property=\"og:site_name\" content=\"Djibouti\" \/>\n<meta property=\"article:published_time\" content=\"2026-04-23T13:07:57+00:00\" \/>\n<meta property=\"article:modified_time\" content=\"2026-04-23T13:30:42+00:00\" \/>\n<meta property=\"og:image\" content=\"https:\/\/static.africa-press.net\/djibouti\/sites\/52\/2026\/04\/sm_1776938422.485127.jpg\" \/>\n\t<meta property=\"og:image:width\" content=\"720\" \/>\n\t<meta property=\"og:image:height\" content=\"351\" \/>\n\t<meta property=\"og:image:type\" content=\"image\/jpeg\" \/>\n<meta name=\"author\" content=\"cfeditorfr\" \/>\n<meta name=\"twitter:card\" content=\"summary_large_image\" \/>\n<meta name=\"twitter:label1\" content=\"\u00c9crit par\" \/>\n\t<meta name=\"twitter:data1\" content=\"cfeditorfr\" \/>\n\t<meta name=\"twitter:label2\" content=\"Dur\u00e9e de lecture estim\u00e9e\" \/>\n\t<meta name=\"twitter:data2\" content=\"3 minutes\" \/>\n<script type=\"application\/ld+json\" class=\"yoast-schema-graph\">{\"@context\":\"https:\/\/schema.org\",\"@graph\":[{\"@type\":\"Article\",\"@id\":\"https:\/\/www.africa-press.net\/djibouti\/culture-et-art\/education-strategique-pour-le-plan-2026-2030#article\",\"isPartOf\":{\"@id\":\"https:\/\/www.africa-press.net\/djibouti\/culture-et-art\/education-strategique-pour-le-plan-2026-2030\"},\"author\":{\"name\":\"cfeditorfr\",\"@id\":\"https:\/\/www.africa-press.net\/djibouti\/#\/schema\/person\/2b1cf3cd81a31e3cd26889ca66d677f1\"},\"headline\":\"\u00c9ducation Strat\u00e9gique pour le Plan 2026-2030\",\"datePublished\":\"2026-04-23T13:07:57+00:00\",\"dateModified\":\"2026-04-23T13:30:42+00:00\",\"mainEntityOfPage\":{\"@id\":\"https:\/\/www.africa-press.net\/djibouti\/culture-et-art\/education-strategique-pour-le-plan-2026-2030\"},\"wordCount\":620,\"commentCount\":0,\"image\":{\"@id\":\"https:\/\/www.africa-press.net\/djibouti\/culture-et-art\/education-strategique-pour-le-plan-2026-2030#primaryimage\"},\"thumbnailUrl\":\"https:\/\/static.africa-press.net\/djibouti\/sites\/52\/2026\/04\/sm_1776938422.485127.jpg\",\"keywords\":[\"Djibouti\"],\"articleSection\":[\"Culture et Art\",\"Photo\",\"Toutes les actualit\u00e9s\"],\"inLanguage\":\"fr-FR\",\"potentialAction\":[{\"@type\":\"CommentAction\",\"name\":\"Comment\",\"target\":[\"https:\/\/www.africa-press.net\/djibouti\/culture-et-art\/education-strategique-pour-le-plan-2026-2030#respond\"]}]},{\"@type\":\"WebPage\",\"@id\":\"https:\/\/www.africa-press.net\/djibouti\/culture-et-art\/education-strategique-pour-le-plan-2026-2030\",\"url\":\"https:\/\/www.africa-press.net\/djibouti\/culture-et-art\/education-strategique-pour-le-plan-2026-2030\",\"name\":\"\u00c9ducation Strat\u00e9gique pour le Plan 2026-2030 - Djibouti\",\"isPartOf\":{\"@id\":\"https:\/\/www.africa-press.net\/djibouti\/#website\"},\"primaryImageOfPage\":{\"@id\":\"https:\/\/www.africa-press.net\/djibouti\/culture-et-art\/education-strategique-pour-le-plan-2026-2030#primaryimage\"},\"image\":{\"@id\":\"https:\/\/www.africa-press.net\/djibouti\/culture-et-art\/education-strategique-pour-le-plan-2026-2030#primaryimage\"},\"thumbnailUrl\":\"https:\/\/static.africa-press.net\/djibouti\/sites\/52\/2026\/04\/sm_1776938422.485127.jpg\",\"datePublished\":\"2026-04-23T13:07:57+00:00\",\"dateModified\":\"2026-04-23T13:30:42+00:00\",\"author\":{\"@id\":\"https:\/\/www.africa-press.net\/djibouti\/#\/schema\/person\/2b1cf3cd81a31e3cd26889ca66d677f1\"},\"description\":\"Le Ministe\u0300re de l\u2019E\u0301ducation nationale et de la Formation professionnelle (MENFOP), en partenariat avec UNICEF et le ...\",\"breadcrumb\":{\"@id\":\"https:\/\/www.africa-press.net\/djibouti\/culture-et-art\/education-strategique-pour-le-plan-2026-2030#breadcrumb\"},\"inLanguage\":\"fr-FR\",\"potentialAction\":[{\"@type\":\"ReadAction\",\"target\":[\"https:\/\/www.africa-press.net\/djibouti\/culture-et-art\/education-strategique-pour-le-plan-2026-2030\"]}]},{\"@type\":\"ImageObject\",\"inLanguage\":\"fr-FR\",\"@id\":\"https:\/\/www.africa-press.net\/djibouti\/culture-et-art\/education-strategique-pour-le-plan-2026-2030#primaryimage\",\"url\":\"https:\/\/static.africa-press.net\/djibouti\/sites\/52\/2026\/04\/sm_1776938422.485127.jpg\",\"contentUrl\":\"https:\/\/static.africa-press.net\/djibouti\/sites\/52\/2026\/04\/sm_1776938422.485127.jpg\",\"width\":720,\"height\":351,\"caption\":\"\u00c9ducation Strat\u00e9gique pour le Plan 2026-2030\"},{\"@type\":\"BreadcrumbList\",\"@id\":\"https:\/\/www.africa-press.net\/djibouti\/culture-et-art\/education-strategique-pour-le-plan-2026-2030#breadcrumb\",\"itemListElement\":[{\"@type\":\"ListItem\",\"position\":1,\"name\":\"Accueil\",\"item\":\"https:\/\/www.africa-press.net\/djibouti\/\"},{\"@type\":\"ListItem\",\"position\":2,\"name\":\"\u00c9ducation Strat\u00e9gique pour le Plan 2026-2030\"}]},{\"@type\":\"WebSite\",\"@id\":\"https:\/\/www.africa-press.net\/djibouti\/#website\",\"url\":\"https:\/\/www.africa-press.net\/djibouti\/\",\"name\":\"Djibouti\",\"description\":\"Just another Africa News Agency Sites site\",\"potentialAction\":[{\"@type\":\"SearchAction\",\"target\":{\"@type\":\"EntryPoint\",\"urlTemplate\":\"https:\/\/www.africa-press.net\/djibouti\/?s={search_term_string}\"},\"query-input\":{\"@type\":\"PropertyValueSpecification\",\"valueRequired\":true,\"valueName\":\"search_term_string\"}}],\"inLanguage\":\"fr-FR\"},{\"@type\":\"Person\",\"@id\":\"https:\/\/www.africa-press.net\/djibouti\/#\/schema\/person\/2b1cf3cd81a31e3cd26889ca66d677f1\",\"name\":\"cfeditorfr\"}]}<\/script>\n<!-- \/ Yoast SEO Premium plugin. -->","yoast_head_json":{"title":"\u00c9ducation Strat\u00e9gique pour le Plan 2026-2030 - Djibouti","description":"Le Ministe\u0300re de l\u2019E\u0301ducation nationale et de la Formation professionnelle (MENFOP), en partenariat avec UNICEF et le ...","robots":{"index":"index","follow":"follow","max-snippet":"max-snippet:-1","max-image-preview":"max-image-preview:large","max-video-preview":"max-video-preview:-1"},"canonical":"https:\/\/www.africa-press.net\/djibouti\/culture-et-art\/education-strategique-pour-le-plan-2026-2030","og_locale":"fr_FR","og_type":"article","og_title":"\u00c9ducation Strat\u00e9gique pour le Plan 2026-2030","og_description":"Le Ministe\u0300re de l\u2019E\u0301ducation nationale et de la Formation professionnelle (MENFOP), en partenariat avec UNICEF et le ...","og_url":"https:\/\/www.africa-press.net\/djibouti\/culture-et-art\/education-strategique-pour-le-plan-2026-2030","og_site_name":"Djibouti","article_published_time":"2026-04-23T13:07:57+00:00","article_modified_time":"2026-04-23T13:30:42+00:00","og_image":[{"width":720,"height":351,"url":"https:\/\/static.africa-press.net\/djibouti\/sites\/52\/2026\/04\/sm_1776938422.485127.jpg","type":"image\/jpeg"}],"author":"cfeditorfr","twitter_card":"summary_large_image","twitter_misc":{"\u00c9crit par":"cfeditorfr","Dur\u00e9e de lecture estim\u00e9e":"3 minutes"},"schema":{"@context":"https:\/\/schema.org","@graph":[{"@type":"Article","@id":"https:\/\/www.africa-press.net\/djibouti\/culture-et-art\/education-strategique-pour-le-plan-2026-2030#article","isPartOf":{"@id":"https:\/\/www.africa-press.net\/djibouti\/culture-et-art\/education-strategique-pour-le-plan-2026-2030"},"author":{"name":"cfeditorfr","@id":"https:\/\/www.africa-press.net\/djibouti\/#\/schema\/person\/2b1cf3cd81a31e3cd26889ca66d677f1"},"headline":"\u00c9ducation Strat\u00e9gique pour le Plan 2026-2030","datePublished":"2026-04-23T13:07:57+00:00","dateModified":"2026-04-23T13:30:42+00:00","mainEntityOfPage":{"@id":"https:\/\/www.africa-press.net\/djibouti\/culture-et-art\/education-strategique-pour-le-plan-2026-2030"},"wordCount":620,"commentCount":0,"image":{"@id":"https:\/\/www.africa-press.net\/djibouti\/culture-et-art\/education-strategique-pour-le-plan-2026-2030#primaryimage"},"thumbnailUrl":"https:\/\/static.africa-press.net\/djibouti\/sites\/52\/2026\/04\/sm_1776938422.485127.jpg","keywords":["Djibouti"],"articleSection":["Culture et Art","Photo","Toutes les actualit\u00e9s"],"inLanguage":"fr-FR","potentialAction":[{"@type":"CommentAction","name":"Comment","target":["https:\/\/www.africa-press.net\/djibouti\/culture-et-art\/education-strategique-pour-le-plan-2026-2030#respond"]}]},{"@type":"WebPage","@id":"https:\/\/www.africa-press.net\/djibouti\/culture-et-art\/education-strategique-pour-le-plan-2026-2030","url":"https:\/\/www.africa-press.net\/djibouti\/culture-et-art\/education-strategique-pour-le-plan-2026-2030","name":"\u00c9ducation Strat\u00e9gique pour le Plan 2026-2030 - Djibouti","isPartOf":{"@id":"https:\/\/www.africa-press.net\/djibouti\/#website"},"primaryImageOfPage":{"@id":"https:\/\/www.africa-press.net\/djibouti\/culture-et-art\/education-strategique-pour-le-plan-2026-2030#primaryimage"},"image":{"@id":"https:\/\/www.africa-press.net\/djibouti\/culture-et-art\/education-strategique-pour-le-plan-2026-2030#primaryimage"},"thumbnailUrl":"https:\/\/static.africa-press.net\/djibouti\/sites\/52\/2026\/04\/sm_1776938422.485127.jpg","datePublished":"2026-04-23T13:07:57+00:00","dateModified":"2026-04-23T13:30:42+00:00","author":{"@id":"https:\/\/www.africa-press.net\/djibouti\/#\/schema\/person\/2b1cf3cd81a31e3cd26889ca66d677f1"},"description":"Le Ministe\u0300re de l\u2019E\u0301ducation nationale et de la Formation professionnelle (MENFOP), en partenariat avec UNICEF et le ...","breadcrumb":{"@id":"https:\/\/www.africa-press.net\/djibouti\/culture-et-art\/education-strategique-pour-le-plan-2026-2030#breadcrumb"},"inLanguage":"fr-FR","potentialAction":[{"@type":"ReadAction","target":["https:\/\/www.africa-press.net\/djibouti\/culture-et-art\/education-strategique-pour-le-plan-2026-2030"]}]},{"@type":"ImageObject","inLanguage":"fr-FR","@id":"https:\/\/www.africa-press.net\/djibouti\/culture-et-art\/education-strategique-pour-le-plan-2026-2030#primaryimage","url":"https:\/\/static.africa-press.net\/djibouti\/sites\/52\/2026\/04\/sm_1776938422.485127.jpg","contentUrl":"https:\/\/static.africa-press.net\/djibouti\/sites\/52\/2026\/04\/sm_1776938422.485127.jpg","width":720,"height":351,"caption":"\u00c9ducation Strat\u00e9gique pour le Plan 2026-2030"},{"@type":"BreadcrumbList","@id":"https:\/\/www.africa-press.net\/djibouti\/culture-et-art\/education-strategique-pour-le-plan-2026-2030#breadcrumb","itemListElement":[{"@type":"ListItem","position":1,"name":"Accueil","item":"https:\/\/www.africa-press.net\/djibouti\/"},{"@type":"ListItem","position":2,"name":"\u00c9ducation Strat\u00e9gique pour le Plan 2026-2030"}]},{"@type":"WebSite","@id":"https:\/\/www.africa-press.net\/djibouti\/#website","url":"https:\/\/www.africa-press.net\/djibouti\/","name":"Djibouti","description":"Just another Africa News Agency Sites site","potentialAction":[{"@type":"SearchAction","target":{"@type":"EntryPoint","urlTemplate":"https:\/\/www.africa-press.net\/djibouti\/?s={search_term_string}"},"query-input":{"@type":"PropertyValueSpecification","valueRequired":true,"valueName":"search_term_string"}}],"inLanguage":"fr-FR"},{"@type":"Person","@id":"https:\/\/www.africa-press.net\/djibouti\/#\/schema\/person\/2b1cf3cd81a31e3cd26889ca66d677f1","name":"cfeditorfr"}]}},"_links":{"self":[{"href":"https:\/\/www.africa-press.net\/djibouti\/wp-json\/wp\/v2\/posts\/56867","targetHints":{"allow":["GET"]}}],"collection":[{"href":"https:\/\/www.africa-press.net\/djibouti\/wp-json\/wp\/v2\/posts"}],"about":[{"href":"https:\/\/www.africa-press.net\/djibouti\/wp-json\/wp\/v2\/types\/post"}],"author":[{"embeddable":true,"href":"https:\/\/www.africa-press.net\/djibouti\/wp-json\/wp\/v2\/users\/82"}],"replies":[{"embeddable":true,"href":"https:\/\/www.africa-press.net\/djibouti\/wp-json\/wp\/v2\/comments?post=56867"}],"version-history":[{"count":1,"href":"https:\/\/www.africa-press.net\/djibouti\/wp-json\/wp\/v2\/posts\/56867\/revisions"}],"predecessor-version":[{"id":56868,"href":"https:\/\/www.africa-press.net\/djibouti\/wp-json\/wp\/v2\/posts\/56867\/revisions\/56868"}],"wp:featuredmedia":[{"embeddable":true,"href":"https:\/\/www.africa-press.net\/djibouti\/wp-json\/wp\/v2\/media\/56866"}],"wp:attachment":[{"href":"https:\/\/www.africa-press.net\/djibouti\/wp-json\/wp\/v2\/media?parent=56867"}],"wp:term":[{"taxonomy":"category","embeddable":true,"href":"https:\/\/www.africa-press.net\/djibouti\/wp-json\/wp\/v2\/categories?post=56867"},{"taxonomy":"post_tag","embeddable":true,"href":"https:\/\/www.africa-press.net\/djibouti\/wp-json\/wp\/v2\/tags?post=56867"}],"curies":[{"name":"wp","href":"https:\/\/api.w.org\/{rel}","templated":true}]}}