{"id":56940,"date":"2026-04-26T15:49:41","date_gmt":"2026-04-26T15:49:41","guid":{"rendered":"https:\/\/www.africa-press.net\/djibouti\/politique\/cloture-dun-atelier-sur-la-couverture-mediatique-du-climat"},"modified":"2026-04-26T15:53:20","modified_gmt":"2026-04-26T15:53:20","slug":"cloture-dun-atelier-sur-la-couverture-mediatique-du-climat","status":"publish","type":"post","link":"https:\/\/www.africa-press.net\/djibouti\/economie\/cloture-dun-atelier-sur-la-couverture-mediatique-du-climat","title":{"rendered":"Cl\u00f4ture d&rsquo;un Atelier Sur la Couverture M\u00e9diatique du Climat"},"content":{"rendered":"<p><span style=\"color: #ff6600\"><strong>Africa-Press &#8211; Djibouti. <\/strong><\/span><b>A\u0300 l\u2019Ho\u0302tel Sheraton, s\u2019est acheve\u0301 jeudi dernier un atelier de formation de\u0301die\u0301 a\u0300 la couverture me\u0301diatique des changements climatiques. Organise\u0301 par l\u2019Union de la Presse Francophone de Djibouti (UPF-Djibouti), en partenariat avec le ministe\u0300re de l\u2019Environnement et du De\u0301veloppement durable et avec l\u2019appui du Programme des Nations Unies pour le De\u0301veloppement (PNUD), cet e\u0301ve\u0301nement a re\u0301uni de nombreux professionnels des me\u0301dias autour d\u2019un enjeu devenu central.<\/b><\/p>\n<p>Durant trois jours, des journalistes issus de la presse e\u0301crite, audiovisuelle et nume\u0301rique ont participe\u0301 a\u0300 des sessions intensives visant a\u0300 renforcer leurs compe\u0301tences dans le traitement de l\u2019information climatique.<\/p>\n<p>Dans un contexte marque\u0301 par la vulne\u0301rabilite\u0301 accrue du pays face aux effets du de\u0301re\u0300glement climatique, cette formation visait a\u0300 outiller les participants pour une couverture plus rigoureuse, accessible et impactante des questions environnementales.<\/p>\n<p>La ce\u0301re\u0301monie de clo\u0302ture a e\u0301te\u0301 ponctue\u0301e par plusieurs interventions. Le pre\u0301sident de l\u2019UPF-Djibouti, Kenedid Ibrahim Houssein, a souligne\u0301 le ro\u0302le de\u0301terminant des journalistes dans la diffusion d\u2019une information fiable et la lutte contre la de\u0301sinformation environnementale. Il a appele\u0301 a\u0300 un engagement accru des me\u0301dias pour sensibiliser les populations et accompagner les politiques publiques en matie\u0300re de climat.<\/p>\n<p>De son co\u0302te\u0301, Philippe Clerc, repre\u0301sentant re\u0301sident adjoint du PNUD, a mis en avant l\u2019importance de cette initiative dans un pays fortement expose\u0301 aux impacts du changement climatique. Il a encourage\u0301 les professionnels des me\u0301dias a\u0300 s\u2019approprier davantage les outils scientifiques afin de mieux informer le public et e\u0301clairer les de\u0301bats.<\/p>\n<p>Pour sa part, le secre\u0301taire ge\u0301ne\u0301ral du ministe\u0300re de l\u2019Environnement et du De\u0301veloppement durable, Dini Abdallah Omar, est revenu sur les de\u0301fis climatiques majeurs auxquels le pays est confronte\u0301. Il a insiste\u0301 sur la ne\u0301cessite\u0301 d\u2019une approche inte\u0301gre\u0301e, fonde\u0301e a\u0300 la fois sur des strate\u0301gies d\u2019adaptation et sur le respect des engagements nationaux en matie\u0300re de lutte contre le changement climatique. La ce\u0301re\u0301monie s\u2019est conclue par la remise de certificats de participation aux journalistes forme\u0301s, saluant leur engagement et leur implication tout au long de l\u2019atelier.<\/p>\n<p>Au-dela\u0300 de la formation, cet atelier aura permis de poser les bases d\u2019un re\u0301seau de journalistes engage\u0301s sur les questions environnementales. Une dynamique appele\u0301e a\u0300 se renforcer, afin de favoriser une meilleure sensibilisation du public et une diffusion plus efficace des informations lie\u0301es aux changements climatiques.<\/p>\n<p><strong>Pour plus d&rsquo;informations et d&rsquo;analyses sur la <span style=\"color: #ff6600\">Djibouti<\/span>, suivez <span style=\"color: #ff6600\">Africa-Press<\/span><\/strong><\/p>\n","protected":false},"excerpt":{"rendered":"<p>Africa-Press &#8211; Djibouti. A\u0300 l\u2019Ho\u0302tel Sheraton, s\u2019est acheve\u0301 jeudi dernier un atelier de formation de\u0301die\u0301 a\u0300 la couverture me\u0301diatique des changements climatiques. Organise\u0301 par l\u2019Union de la Presse Francophone de Djibouti (UPF-Djibouti), en partenariat avec le ministe\u0300re de l\u2019Environnement et du De\u0301veloppement durable et avec l\u2019appui du Programme des Nations Unies pour le De\u0301veloppement (PNUD), [&hellip;]<\/p>\n","protected":false},"author":82,"featured_media":56939,"comment_status":"open","ping_status":"closed","sticky":false,"template":"","format":"standard","meta":{"footnotes":""},"categories":[3,10],"tags":[50],"class_list":["post-56940","post","type-post","status-publish","format-standard","has-post-thumbnail","hentry","category-economie","category-toutes-les-actualites","tag-djibouti"],"yoast_head":"<!-- This site is optimized with the Yoast SEO Premium plugin v26.1 (Yoast SEO v27.0) - https:\/\/yoast.com\/product\/yoast-seo-premium-wordpress\/ -->\n<title>Cl\u00f4ture d&#039;un Atelier Sur la Couverture M\u00e9diatique du Climat - Djibouti<\/title>\n<meta name=\"description\" content=\"A\u0300 l\u2019Ho\u0302tel Sheraton, s\u2019est acheve\u0301 jeudi dernier un atelier de formation de\u0301die\u0301 a\u0300 la couverture me\u0301diatique des ch ...\" \/>\n<meta name=\"robots\" content=\"index, follow, max-snippet:-1, max-image-preview:large, max-video-preview:-1\" \/>\n<link rel=\"canonical\" href=\"https:\/\/www.africa-press.net\/djibouti\/economie\/cloture-dun-atelier-sur-la-couverture-mediatique-du-climat\" \/>\n<meta property=\"og:locale\" content=\"fr_FR\" \/>\n<meta property=\"og:type\" content=\"article\" \/>\n<meta property=\"og:title\" content=\"Cl\u00f4ture d&#039;un Atelier Sur la Couverture M\u00e9diatique du Climat\" \/>\n<meta property=\"og:description\" content=\"A\u0300 l\u2019Ho\u0302tel Sheraton, s\u2019est acheve\u0301 jeudi dernier un atelier de formation de\u0301die\u0301 a\u0300 la couverture me\u0301diatique des ch ...\" \/>\n<meta property=\"og:url\" content=\"https:\/\/www.africa-press.net\/djibouti\/economie\/cloture-dun-atelier-sur-la-couverture-mediatique-du-climat\" \/>\n<meta property=\"og:site_name\" content=\"Djibouti\" \/>\n<meta property=\"article:published_time\" content=\"2026-04-26T15:49:41+00:00\" \/>\n<meta property=\"article:modified_time\" content=\"2026-04-26T15:53:20+00:00\" \/>\n<meta property=\"og:image\" content=\"https:\/\/static.africa-press.net\/djibouti\/sites\/52\/2026\/04\/sm_1777206180.568274.jpg\" \/>\n\t<meta property=\"og:image:width\" content=\"720\" \/>\n\t<meta property=\"og:image:height\" content=\"481\" \/>\n\t<meta property=\"og:image:type\" content=\"image\/jpeg\" \/>\n<meta name=\"author\" content=\"cfeditorfr\" \/>\n<meta name=\"twitter:card\" content=\"summary_large_image\" \/>\n<meta name=\"twitter:label1\" content=\"\u00c9crit par\" \/>\n\t<meta name=\"twitter:data1\" content=\"cfeditorfr\" \/>\n\t<meta name=\"twitter:label2\" content=\"Dur\u00e9e de lecture estim\u00e9e\" \/>\n\t<meta name=\"twitter:data2\" content=\"3 minutes\" \/>\n<script type=\"application\/ld+json\" class=\"yoast-schema-graph\">{\"@context\":\"https:\/\/schema.org\",\"@graph\":[{\"@type\":\"Article\",\"@id\":\"https:\/\/www.africa-press.net\/djibouti\/economie\/cloture-dun-atelier-sur-la-couverture-mediatique-du-climat#article\",\"isPartOf\":{\"@id\":\"https:\/\/www.africa-press.net\/djibouti\/economie\/cloture-dun-atelier-sur-la-couverture-mediatique-du-climat\"},\"author\":{\"name\":\"cfeditorfr\",\"@id\":\"https:\/\/www.africa-press.net\/djibouti\/#\/schema\/person\/2b1cf3cd81a31e3cd26889ca66d677f1\"},\"headline\":\"Cl\u00f4ture d&rsquo;un Atelier Sur la Couverture M\u00e9diatique du Climat\",\"datePublished\":\"2026-04-26T15:49:41+00:00\",\"dateModified\":\"2026-04-26T15:53:20+00:00\",\"mainEntityOfPage\":{\"@id\":\"https:\/\/www.africa-press.net\/djibouti\/economie\/cloture-dun-atelier-sur-la-couverture-mediatique-du-climat\"},\"wordCount\":468,\"commentCount\":0,\"image\":{\"@id\":\"https:\/\/www.africa-press.net\/djibouti\/economie\/cloture-dun-atelier-sur-la-couverture-mediatique-du-climat#primaryimage\"},\"thumbnailUrl\":\"https:\/\/static.africa-press.net\/djibouti\/sites\/52\/2026\/04\/sm_1777206180.568274.jpg\",\"keywords\":[\"Djibouti\"],\"articleSection\":[\"\u00c9conomie\",\"Toutes les actualit\u00e9s\"],\"inLanguage\":\"fr-FR\",\"potentialAction\":[{\"@type\":\"CommentAction\",\"name\":\"Comment\",\"target\":[\"https:\/\/www.africa-press.net\/djibouti\/economie\/cloture-dun-atelier-sur-la-couverture-mediatique-du-climat#respond\"]}]},{\"@type\":\"WebPage\",\"@id\":\"https:\/\/www.africa-press.net\/djibouti\/economie\/cloture-dun-atelier-sur-la-couverture-mediatique-du-climat\",\"url\":\"https:\/\/www.africa-press.net\/djibouti\/economie\/cloture-dun-atelier-sur-la-couverture-mediatique-du-climat\",\"name\":\"Cl\u00f4ture d'un Atelier Sur la Couverture M\u00e9diatique du Climat - Djibouti\",\"isPartOf\":{\"@id\":\"https:\/\/www.africa-press.net\/djibouti\/#website\"},\"primaryImageOfPage\":{\"@id\":\"https:\/\/www.africa-press.net\/djibouti\/economie\/cloture-dun-atelier-sur-la-couverture-mediatique-du-climat#primaryimage\"},\"image\":{\"@id\":\"https:\/\/www.africa-press.net\/djibouti\/economie\/cloture-dun-atelier-sur-la-couverture-mediatique-du-climat#primaryimage\"},\"thumbnailUrl\":\"https:\/\/static.africa-press.net\/djibouti\/sites\/52\/2026\/04\/sm_1777206180.568274.jpg\",\"datePublished\":\"2026-04-26T15:49:41+00:00\",\"dateModified\":\"2026-04-26T15:53:20+00:00\",\"author\":{\"@id\":\"https:\/\/www.africa-press.net\/djibouti\/#\/schema\/person\/2b1cf3cd81a31e3cd26889ca66d677f1\"},\"description\":\"A\u0300 l\u2019Ho\u0302tel Sheraton, s\u2019est acheve\u0301 jeudi dernier un atelier de formation de\u0301die\u0301 a\u0300 la couverture me\u0301diatique des ch ...\",\"breadcrumb\":{\"@id\":\"https:\/\/www.africa-press.net\/djibouti\/economie\/cloture-dun-atelier-sur-la-couverture-mediatique-du-climat#breadcrumb\"},\"inLanguage\":\"fr-FR\",\"potentialAction\":[{\"@type\":\"ReadAction\",\"target\":[\"https:\/\/www.africa-press.net\/djibouti\/economie\/cloture-dun-atelier-sur-la-couverture-mediatique-du-climat\"]}]},{\"@type\":\"ImageObject\",\"inLanguage\":\"fr-FR\",\"@id\":\"https:\/\/www.africa-press.net\/djibouti\/economie\/cloture-dun-atelier-sur-la-couverture-mediatique-du-climat#primaryimage\",\"url\":\"https:\/\/static.africa-press.net\/djibouti\/sites\/52\/2026\/04\/sm_1777206180.568274.jpg\",\"contentUrl\":\"https:\/\/static.africa-press.net\/djibouti\/sites\/52\/2026\/04\/sm_1777206180.568274.jpg\",\"width\":720,\"height\":481,\"caption\":\"Cl\u00f4ture d'un Atelier Sur la Couverture M\u00e9diatique du Climat\"},{\"@type\":\"BreadcrumbList\",\"@id\":\"https:\/\/www.africa-press.net\/djibouti\/economie\/cloture-dun-atelier-sur-la-couverture-mediatique-du-climat#breadcrumb\",\"itemListElement\":[{\"@type\":\"ListItem\",\"position\":1,\"name\":\"Accueil\",\"item\":\"https:\/\/www.africa-press.net\/djibouti\/\"},{\"@type\":\"ListItem\",\"position\":2,\"name\":\"Cl\u00f4ture d&#8217;un Atelier Sur la Couverture M\u00e9diatique du Climat\"}]},{\"@type\":\"WebSite\",\"@id\":\"https:\/\/www.africa-press.net\/djibouti\/#website\",\"url\":\"https:\/\/www.africa-press.net\/djibouti\/\",\"name\":\"Djibouti\",\"description\":\"Just another Africa News Agency Sites site\",\"potentialAction\":[{\"@type\":\"SearchAction\",\"target\":{\"@type\":\"EntryPoint\",\"urlTemplate\":\"https:\/\/www.africa-press.net\/djibouti\/?s={search_term_string}\"},\"query-input\":{\"@type\":\"PropertyValueSpecification\",\"valueRequired\":true,\"valueName\":\"search_term_string\"}}],\"inLanguage\":\"fr-FR\"},{\"@type\":\"Person\",\"@id\":\"https:\/\/www.africa-press.net\/djibouti\/#\/schema\/person\/2b1cf3cd81a31e3cd26889ca66d677f1\",\"name\":\"cfeditorfr\"}]}<\/script>\n<!-- \/ Yoast SEO Premium plugin. -->","yoast_head_json":{"title":"Cl\u00f4ture d'un Atelier Sur la Couverture M\u00e9diatique du Climat - Djibouti","description":"A\u0300 l\u2019Ho\u0302tel Sheraton, s\u2019est acheve\u0301 jeudi dernier un atelier de formation de\u0301die\u0301 a\u0300 la couverture me\u0301diatique des ch ...","robots":{"index":"index","follow":"follow","max-snippet":"max-snippet:-1","max-image-preview":"max-image-preview:large","max-video-preview":"max-video-preview:-1"},"canonical":"https:\/\/www.africa-press.net\/djibouti\/economie\/cloture-dun-atelier-sur-la-couverture-mediatique-du-climat","og_locale":"fr_FR","og_type":"article","og_title":"Cl\u00f4ture d'un Atelier Sur la Couverture M\u00e9diatique du Climat","og_description":"A\u0300 l\u2019Ho\u0302tel Sheraton, s\u2019est acheve\u0301 jeudi dernier un atelier de formation de\u0301die\u0301 a\u0300 la couverture me\u0301diatique des ch ...","og_url":"https:\/\/www.africa-press.net\/djibouti\/economie\/cloture-dun-atelier-sur-la-couverture-mediatique-du-climat","og_site_name":"Djibouti","article_published_time":"2026-04-26T15:49:41+00:00","article_modified_time":"2026-04-26T15:53:20+00:00","og_image":[{"width":720,"height":481,"url":"https:\/\/static.africa-press.net\/djibouti\/sites\/52\/2026\/04\/sm_1777206180.568274.jpg","type":"image\/jpeg"}],"author":"cfeditorfr","twitter_card":"summary_large_image","twitter_misc":{"\u00c9crit par":"cfeditorfr","Dur\u00e9e de lecture estim\u00e9e":"3 minutes"},"schema":{"@context":"https:\/\/schema.org","@graph":[{"@type":"Article","@id":"https:\/\/www.africa-press.net\/djibouti\/economie\/cloture-dun-atelier-sur-la-couverture-mediatique-du-climat#article","isPartOf":{"@id":"https:\/\/www.africa-press.net\/djibouti\/economie\/cloture-dun-atelier-sur-la-couverture-mediatique-du-climat"},"author":{"name":"cfeditorfr","@id":"https:\/\/www.africa-press.net\/djibouti\/#\/schema\/person\/2b1cf3cd81a31e3cd26889ca66d677f1"},"headline":"Cl\u00f4ture d&rsquo;un Atelier Sur la Couverture M\u00e9diatique du Climat","datePublished":"2026-04-26T15:49:41+00:00","dateModified":"2026-04-26T15:53:20+00:00","mainEntityOfPage":{"@id":"https:\/\/www.africa-press.net\/djibouti\/economie\/cloture-dun-atelier-sur-la-couverture-mediatique-du-climat"},"wordCount":468,"commentCount":0,"image":{"@id":"https:\/\/www.africa-press.net\/djibouti\/economie\/cloture-dun-atelier-sur-la-couverture-mediatique-du-climat#primaryimage"},"thumbnailUrl":"https:\/\/static.africa-press.net\/djibouti\/sites\/52\/2026\/04\/sm_1777206180.568274.jpg","keywords":["Djibouti"],"articleSection":["\u00c9conomie","Toutes les actualit\u00e9s"],"inLanguage":"fr-FR","potentialAction":[{"@type":"CommentAction","name":"Comment","target":["https:\/\/www.africa-press.net\/djibouti\/economie\/cloture-dun-atelier-sur-la-couverture-mediatique-du-climat#respond"]}]},{"@type":"WebPage","@id":"https:\/\/www.africa-press.net\/djibouti\/economie\/cloture-dun-atelier-sur-la-couverture-mediatique-du-climat","url":"https:\/\/www.africa-press.net\/djibouti\/economie\/cloture-dun-atelier-sur-la-couverture-mediatique-du-climat","name":"Cl\u00f4ture d'un Atelier Sur la Couverture M\u00e9diatique du Climat - Djibouti","isPartOf":{"@id":"https:\/\/www.africa-press.net\/djibouti\/#website"},"primaryImageOfPage":{"@id":"https:\/\/www.africa-press.net\/djibouti\/economie\/cloture-dun-atelier-sur-la-couverture-mediatique-du-climat#primaryimage"},"image":{"@id":"https:\/\/www.africa-press.net\/djibouti\/economie\/cloture-dun-atelier-sur-la-couverture-mediatique-du-climat#primaryimage"},"thumbnailUrl":"https:\/\/static.africa-press.net\/djibouti\/sites\/52\/2026\/04\/sm_1777206180.568274.jpg","datePublished":"2026-04-26T15:49:41+00:00","dateModified":"2026-04-26T15:53:20+00:00","author":{"@id":"https:\/\/www.africa-press.net\/djibouti\/#\/schema\/person\/2b1cf3cd81a31e3cd26889ca66d677f1"},"description":"A\u0300 l\u2019Ho\u0302tel Sheraton, s\u2019est acheve\u0301 jeudi dernier un atelier de formation de\u0301die\u0301 a\u0300 la couverture me\u0301diatique des ch ...","breadcrumb":{"@id":"https:\/\/www.africa-press.net\/djibouti\/economie\/cloture-dun-atelier-sur-la-couverture-mediatique-du-climat#breadcrumb"},"inLanguage":"fr-FR","potentialAction":[{"@type":"ReadAction","target":["https:\/\/www.africa-press.net\/djibouti\/economie\/cloture-dun-atelier-sur-la-couverture-mediatique-du-climat"]}]},{"@type":"ImageObject","inLanguage":"fr-FR","@id":"https:\/\/www.africa-press.net\/djibouti\/economie\/cloture-dun-atelier-sur-la-couverture-mediatique-du-climat#primaryimage","url":"https:\/\/static.africa-press.net\/djibouti\/sites\/52\/2026\/04\/sm_1777206180.568274.jpg","contentUrl":"https:\/\/static.africa-press.net\/djibouti\/sites\/52\/2026\/04\/sm_1777206180.568274.jpg","width":720,"height":481,"caption":"Cl\u00f4ture d'un Atelier Sur la Couverture M\u00e9diatique du Climat"},{"@type":"BreadcrumbList","@id":"https:\/\/www.africa-press.net\/djibouti\/economie\/cloture-dun-atelier-sur-la-couverture-mediatique-du-climat#breadcrumb","itemListElement":[{"@type":"ListItem","position":1,"name":"Accueil","item":"https:\/\/www.africa-press.net\/djibouti\/"},{"@type":"ListItem","position":2,"name":"Cl\u00f4ture d&#8217;un Atelier Sur la Couverture M\u00e9diatique du Climat"}]},{"@type":"WebSite","@id":"https:\/\/www.africa-press.net\/djibouti\/#website","url":"https:\/\/www.africa-press.net\/djibouti\/","name":"Djibouti","description":"Just another Africa News Agency Sites site","potentialAction":[{"@type":"SearchAction","target":{"@type":"EntryPoint","urlTemplate":"https:\/\/www.africa-press.net\/djibouti\/?s={search_term_string}"},"query-input":{"@type":"PropertyValueSpecification","valueRequired":true,"valueName":"search_term_string"}}],"inLanguage":"fr-FR"},{"@type":"Person","@id":"https:\/\/www.africa-press.net\/djibouti\/#\/schema\/person\/2b1cf3cd81a31e3cd26889ca66d677f1","name":"cfeditorfr"}]}},"_links":{"self":[{"href":"https:\/\/www.africa-press.net\/djibouti\/wp-json\/wp\/v2\/posts\/56940","targetHints":{"allow":["GET"]}}],"collection":[{"href":"https:\/\/www.africa-press.net\/djibouti\/wp-json\/wp\/v2\/posts"}],"about":[{"href":"https:\/\/www.africa-press.net\/djibouti\/wp-json\/wp\/v2\/types\/post"}],"author":[{"embeddable":true,"href":"https:\/\/www.africa-press.net\/djibouti\/wp-json\/wp\/v2\/users\/82"}],"replies":[{"embeddable":true,"href":"https:\/\/www.africa-press.net\/djibouti\/wp-json\/wp\/v2\/comments?post=56940"}],"version-history":[{"count":1,"href":"https:\/\/www.africa-press.net\/djibouti\/wp-json\/wp\/v2\/posts\/56940\/revisions"}],"predecessor-version":[{"id":56942,"href":"https:\/\/www.africa-press.net\/djibouti\/wp-json\/wp\/v2\/posts\/56940\/revisions\/56942"}],"wp:featuredmedia":[{"embeddable":true,"href":"https:\/\/www.africa-press.net\/djibouti\/wp-json\/wp\/v2\/media\/56939"}],"wp:attachment":[{"href":"https:\/\/www.africa-press.net\/djibouti\/wp-json\/wp\/v2\/media?parent=56940"}],"wp:term":[{"taxonomy":"category","embeddable":true,"href":"https:\/\/www.africa-press.net\/djibouti\/wp-json\/wp\/v2\/categories?post=56940"},{"taxonomy":"post_tag","embeddable":true,"href":"https:\/\/www.africa-press.net\/djibouti\/wp-json\/wp\/v2\/tags?post=56940"}],"curies":[{"name":"wp","href":"https:\/\/api.w.org\/{rel}","templated":true}]}}