{"id":56944,"date":"2026-04-27T06:28:04","date_gmt":"2026-04-27T06:28:04","guid":{"rendered":"https:\/\/www.africa-press.net\/djibouti\/politique\/ecole-al-maaref-celebre-la-journee-mondiale-de-lenfant"},"modified":"2026-04-27T06:28:04","modified_gmt":"2026-04-27T06:28:04","slug":"ecole-al-maaref-celebre-la-journee-mondiale-de-lenfant","status":"publish","type":"post","link":"https:\/\/www.africa-press.net\/djibouti\/culture-et-art\/ecole-al-maaref-celebre-la-journee-mondiale-de-lenfant","title":{"rendered":"\u00c9cole Al-Maaref C\u00e9l\u00e8bre la Journ\u00e9e Mondiale de l&rsquo;Enfant"},"content":{"rendered":"<p><span style=\"color: #ff6600\"><strong>Africa-Press &#8211; Djibouti. <\/strong><\/span>L\u2019e\u0301cole Al-Maaref a organise\u0301, hier dans son enceinte, une ce\u0301re\u0301monie a\u0300 l\u2019occasion de la Journe\u0301e mondiale de l\u2019enfant, en pre\u0301sence des responsables de l\u2019e\u0301tablissement et de repre\u0301sentants des parents d\u2019e\u0301le\u0300ves.<\/p>\n<p>La manifestation a e\u0301te\u0301 marque\u0301e par une se\u0301rie d\u2019activite\u0301s ludiques et e\u0301ducatives mettant en valeur la cre\u0301ativite\u0301 et le talent des e\u0301le\u0300ves. A\u0300 travers des prestations artistiques, des animations pe\u0301dagogiques et diverses activite\u0301s interactives, les enfants ont participe\u0301 activement a\u0300 cette journe\u0301e place\u0301e sous le signe du partage et de la convivialite\u0301.<\/p>\n<p>Cette initiative s\u2019inscrit dans la volonte\u0301 de l\u2019e\u0301tablissement de ce\u0301le\u0301brer chaque anne\u0301e cette journe\u0301e internationale porteuse de valeurs e\u0301ducatives et humaines. Elle vise notamment a\u0300 promouvoir les droits de l\u2019enfant et a\u0300 transmettre aux plus jeunes des principes essentiels tels que le respect, la solidarite\u0301 et la responsabilite\u0301. Elle contribue e\u0301galement a\u0300 renforcer les liens entre l\u2019e\u0301cole et les familles, en favorisant leur implication dans la vie scolaire. La Journe\u0301e mondiale de l\u2019enfant constitue une occasion privile\u0301gie\u0301e de mettre en lumie\u0300re les droits fondamentaux des plus jeunes, notamment en matie\u0300re d\u2019e\u0301ducation, de protection et de sante\u0301. Elle rappelle l\u2019importance de garantir a\u0300 chaque enfant un environnement su\u0302r, inclusif et propice a\u0300 son e\u0301panouissement.<\/p>\n<p>Au-dela\u0300 de l\u2019aspect festif, cette ce\u0301le\u0301bration reve\u0302t une dimension de sensibilisation. Elle souligne la ne\u0301cessite\u0301 d\u2019investir dans l\u2019enfance, conside\u0301re\u0301e comme un pilier essentiel du de\u0301veloppement durable, et d\u2019encourager la mobilisation conjointe des institutions e\u0301ducatives, des familles et de l\u2019ensemble des acteurs concerne\u0301s en faveur du bien-e\u0302tre des enfants.<\/p>\n<p>&#8212;&#8212; SiteManager Gallery Section &#8212;&#8212; (dont remove this line<\/p>\n<p><strong>Pour plus d&rsquo;informations et d&rsquo;analyses sur la <span style=\"color: #ff6600\">Djibouti<\/span>, suivez <span style=\"color: #ff6600\">Africa-Press<span style=\"color: #ff6600\"><\/span><\/strong><\/p>\n","protected":false},"excerpt":{"rendered":"<p>Africa-Press &#8211; Djibouti. L\u2019e\u0301cole Al-Maaref a organise\u0301, hier dans son enceinte, une ce\u0301re\u0301monie a\u0300 l\u2019occasion de la Journe\u0301e mondiale de l\u2019enfant, en pre\u0301sence des responsables de l\u2019e\u0301tablissement et de repre\u0301sentants des parents d\u2019e\u0301le\u0300ves. La manifestation a e\u0301te\u0301 marque\u0301e par une se\u0301rie d\u2019activite\u0301s ludiques et e\u0301ducatives mettant en valeur la cre\u0301ativite\u0301 et le talent des e\u0301le\u0300ves. [&hellip;]<\/p>\n","protected":false},"author":82,"featured_media":56943,"comment_status":"open","ping_status":"closed","sticky":false,"template":"","format":"standard","meta":{"footnotes":""},"categories":[5,10],"tags":[50],"class_list":["post-56944","post","type-post","status-publish","format-standard","has-post-thumbnail","hentry","category-culture-et-art","category-toutes-les-actualites","tag-djibouti"],"yoast_head":"<!-- This site is optimized with the Yoast SEO Premium plugin v26.1 (Yoast SEO v27.0) - https:\/\/yoast.com\/product\/yoast-seo-premium-wordpress\/ -->\n<title>\u00c9cole Al-Maaref C\u00e9l\u00e8bre la Journ\u00e9e Mondiale de l&#039;Enfant - Djibouti<\/title>\n<meta name=\"robots\" content=\"index, follow, max-snippet:-1, max-image-preview:large, max-video-preview:-1\" \/>\n<link rel=\"canonical\" href=\"https:\/\/www.africa-press.net\/djibouti\/politique\/ecole-al-maaref-celebre-la-journee-mondiale-de-lenfant\" \/>\n<meta property=\"og:locale\" content=\"fr_FR\" \/>\n<meta property=\"og:type\" content=\"article\" \/>\n<meta property=\"og:title\" content=\"\u00c9cole Al-Maaref C\u00e9l\u00e8bre la Journ\u00e9e Mondiale de l&#039;Enfant\" \/>\n<meta property=\"og:description\" content=\"Africa-Press &#8211; Djibouti. L\u2019e\u0301cole Al-Maaref a organise\u0301, hier dans son enceinte, une ce\u0301re\u0301monie a\u0300 l\u2019occasion de la Journe\u0301e mondiale de l\u2019enfant, en pre\u0301sence des responsables de l\u2019e\u0301tablissement et de repre\u0301sentants des parents d\u2019e\u0301le\u0300ves. La manifestation a e\u0301te\u0301 marque\u0301e par une se\u0301rie d\u2019activite\u0301s ludiques et e\u0301ducatives mettant en valeur la cre\u0301ativite\u0301 et le talent des e\u0301le\u0300ves. [&hellip;]\" \/>\n<meta property=\"og:url\" content=\"https:\/\/www.africa-press.net\/djibouti\/politique\/ecole-al-maaref-celebre-la-journee-mondiale-de-lenfant\" \/>\n<meta property=\"og:site_name\" content=\"Djibouti\" \/>\n<meta property=\"article:published_time\" content=\"2026-04-27T06:28:04+00:00\" \/>\n<meta name=\"author\" content=\"cfeditorfr\" \/>\n<meta name=\"twitter:card\" content=\"summary_large_image\" \/>\n<meta name=\"twitter:label1\" content=\"\u00c9crit par\" \/>\n\t<meta name=\"twitter:data1\" content=\"cfeditorfr\" \/>\n\t<meta name=\"twitter:label2\" content=\"Dur\u00e9e de lecture estim\u00e9e\" \/>\n\t<meta name=\"twitter:data2\" content=\"2 minutes\" \/>\n<script type=\"application\/ld+json\" class=\"yoast-schema-graph\">{\"@context\":\"https:\/\/schema.org\",\"@graph\":[{\"@type\":\"Article\",\"@id\":\"https:\/\/www.africa-press.net\/djibouti\/politique\/ecole-al-maaref-celebre-la-journee-mondiale-de-lenfant#article\",\"isPartOf\":{\"@id\":\"https:\/\/www.africa-press.net\/djibouti\/politique\/ecole-al-maaref-celebre-la-journee-mondiale-de-lenfant\"},\"author\":{\"name\":\"cfeditorfr\",\"@id\":\"https:\/\/www.africa-press.net\/djibouti\/#\/schema\/person\/2b1cf3cd81a31e3cd26889ca66d677f1\"},\"headline\":\"\u00c9cole Al-Maaref C\u00e9l\u00e8bre la Journ\u00e9e Mondiale de l&rsquo;Enfant\",\"datePublished\":\"2026-04-27T06:28:04+00:00\",\"mainEntityOfPage\":{\"@id\":\"https:\/\/www.africa-press.net\/djibouti\/politique\/ecole-al-maaref-celebre-la-journee-mondiale-de-lenfant\"},\"wordCount\":344,\"commentCount\":0,\"image\":{\"@id\":\"https:\/\/www.africa-press.net\/djibouti\/politique\/ecole-al-maaref-celebre-la-journee-mondiale-de-lenfant#primaryimage\"},\"thumbnailUrl\":\"https:\/\/static.africa-press.net\/djibouti\/sites\/52\/2026\/04\/sm_1777258839.418877.jpg\",\"keywords\":[\"Djibouti\"],\"articleSection\":[\"Culture et Art\",\"Toutes les actualit\u00e9s\"],\"inLanguage\":\"fr-FR\",\"potentialAction\":[{\"@type\":\"CommentAction\",\"name\":\"Comment\",\"target\":[\"https:\/\/www.africa-press.net\/djibouti\/politique\/ecole-al-maaref-celebre-la-journee-mondiale-de-lenfant#respond\"]}]},{\"@type\":\"WebPage\",\"@id\":\"https:\/\/www.africa-press.net\/djibouti\/politique\/ecole-al-maaref-celebre-la-journee-mondiale-de-lenfant\",\"url\":\"https:\/\/www.africa-press.net\/djibouti\/politique\/ecole-al-maaref-celebre-la-journee-mondiale-de-lenfant\",\"name\":\"\u00c9cole Al-Maaref C\u00e9l\u00e8bre la Journ\u00e9e Mondiale de l'Enfant - Djibouti\",\"isPartOf\":{\"@id\":\"https:\/\/www.africa-press.net\/djibouti\/#website\"},\"primaryImageOfPage\":{\"@id\":\"https:\/\/www.africa-press.net\/djibouti\/politique\/ecole-al-maaref-celebre-la-journee-mondiale-de-lenfant#primaryimage\"},\"image\":{\"@id\":\"https:\/\/www.africa-press.net\/djibouti\/politique\/ecole-al-maaref-celebre-la-journee-mondiale-de-lenfant#primaryimage\"},\"thumbnailUrl\":\"https:\/\/static.africa-press.net\/djibouti\/sites\/52\/2026\/04\/sm_1777258839.418877.jpg\",\"datePublished\":\"2026-04-27T06:28:04+00:00\",\"author\":{\"@id\":\"https:\/\/www.africa-press.net\/djibouti\/#\/schema\/person\/2b1cf3cd81a31e3cd26889ca66d677f1\"},\"breadcrumb\":{\"@id\":\"https:\/\/www.africa-press.net\/djibouti\/politique\/ecole-al-maaref-celebre-la-journee-mondiale-de-lenfant#breadcrumb\"},\"inLanguage\":\"fr-FR\",\"potentialAction\":[{\"@type\":\"ReadAction\",\"target\":[\"https:\/\/www.africa-press.net\/djibouti\/politique\/ecole-al-maaref-celebre-la-journee-mondiale-de-lenfant\"]}]},{\"@type\":\"ImageObject\",\"inLanguage\":\"fr-FR\",\"@id\":\"https:\/\/www.africa-press.net\/djibouti\/politique\/ecole-al-maaref-celebre-la-journee-mondiale-de-lenfant#primaryimage\",\"url\":\"https:\/\/static.africa-press.net\/djibouti\/sites\/52\/2026\/04\/sm_1777258839.418877.jpg\",\"contentUrl\":\"https:\/\/static.africa-press.net\/djibouti\/sites\/52\/2026\/04\/sm_1777258839.418877.jpg\",\"width\":720,\"height\":275,\"caption\":\"\u00c9cole Al-Maaref C\u00e9l\u00e8bre la Journ\u00e9e Mondiale de l'Enfant\"},{\"@type\":\"BreadcrumbList\",\"@id\":\"https:\/\/www.africa-press.net\/djibouti\/politique\/ecole-al-maaref-celebre-la-journee-mondiale-de-lenfant#breadcrumb\",\"itemListElement\":[{\"@type\":\"ListItem\",\"position\":1,\"name\":\"Accueil\",\"item\":\"https:\/\/www.africa-press.net\/djibouti\/\"},{\"@type\":\"ListItem\",\"position\":2,\"name\":\"\u00c9cole Al-Maaref C\u00e9l\u00e8bre la Journ\u00e9e Mondiale de l&rsquo;Enfant\"}]},{\"@type\":\"WebSite\",\"@id\":\"https:\/\/www.africa-press.net\/djibouti\/#website\",\"url\":\"https:\/\/www.africa-press.net\/djibouti\/\",\"name\":\"Djibouti\",\"description\":\"Just another Africa News Agency Sites site\",\"potentialAction\":[{\"@type\":\"SearchAction\",\"target\":{\"@type\":\"EntryPoint\",\"urlTemplate\":\"https:\/\/www.africa-press.net\/djibouti\/?s={search_term_string}\"},\"query-input\":{\"@type\":\"PropertyValueSpecification\",\"valueRequired\":true,\"valueName\":\"search_term_string\"}}],\"inLanguage\":\"fr-FR\"},{\"@type\":\"Person\",\"@id\":\"https:\/\/www.africa-press.net\/djibouti\/#\/schema\/person\/2b1cf3cd81a31e3cd26889ca66d677f1\",\"name\":\"cfeditorfr\"}]}<\/script>\n<!-- \/ Yoast SEO Premium plugin. -->","yoast_head_json":{"title":"\u00c9cole Al-Maaref C\u00e9l\u00e8bre la Journ\u00e9e Mondiale de l'Enfant - Djibouti","robots":{"index":"index","follow":"follow","max-snippet":"max-snippet:-1","max-image-preview":"max-image-preview:large","max-video-preview":"max-video-preview:-1"},"canonical":"https:\/\/www.africa-press.net\/djibouti\/politique\/ecole-al-maaref-celebre-la-journee-mondiale-de-lenfant","og_locale":"fr_FR","og_type":"article","og_title":"\u00c9cole Al-Maaref C\u00e9l\u00e8bre la Journ\u00e9e Mondiale de l'Enfant","og_description":"Africa-Press &#8211; Djibouti. L\u2019e\u0301cole Al-Maaref a organise\u0301, hier dans son enceinte, une ce\u0301re\u0301monie a\u0300 l\u2019occasion de la Journe\u0301e mondiale de l\u2019enfant, en pre\u0301sence des responsables de l\u2019e\u0301tablissement et de repre\u0301sentants des parents d\u2019e\u0301le\u0300ves. La manifestation a e\u0301te\u0301 marque\u0301e par une se\u0301rie d\u2019activite\u0301s ludiques et e\u0301ducatives mettant en valeur la cre\u0301ativite\u0301 et le talent des e\u0301le\u0300ves. [&hellip;]","og_url":"https:\/\/www.africa-press.net\/djibouti\/politique\/ecole-al-maaref-celebre-la-journee-mondiale-de-lenfant","og_site_name":"Djibouti","article_published_time":"2026-04-27T06:28:04+00:00","author":"cfeditorfr","twitter_card":"summary_large_image","twitter_misc":{"\u00c9crit par":"cfeditorfr","Dur\u00e9e de lecture estim\u00e9e":"2 minutes"},"schema":{"@context":"https:\/\/schema.org","@graph":[{"@type":"Article","@id":"https:\/\/www.africa-press.net\/djibouti\/politique\/ecole-al-maaref-celebre-la-journee-mondiale-de-lenfant#article","isPartOf":{"@id":"https:\/\/www.africa-press.net\/djibouti\/politique\/ecole-al-maaref-celebre-la-journee-mondiale-de-lenfant"},"author":{"name":"cfeditorfr","@id":"https:\/\/www.africa-press.net\/djibouti\/#\/schema\/person\/2b1cf3cd81a31e3cd26889ca66d677f1"},"headline":"\u00c9cole Al-Maaref C\u00e9l\u00e8bre la Journ\u00e9e Mondiale de l&rsquo;Enfant","datePublished":"2026-04-27T06:28:04+00:00","mainEntityOfPage":{"@id":"https:\/\/www.africa-press.net\/djibouti\/politique\/ecole-al-maaref-celebre-la-journee-mondiale-de-lenfant"},"wordCount":344,"commentCount":0,"image":{"@id":"https:\/\/www.africa-press.net\/djibouti\/politique\/ecole-al-maaref-celebre-la-journee-mondiale-de-lenfant#primaryimage"},"thumbnailUrl":"https:\/\/static.africa-press.net\/djibouti\/sites\/52\/2026\/04\/sm_1777258839.418877.jpg","keywords":["Djibouti"],"articleSection":["Culture et Art","Toutes les actualit\u00e9s"],"inLanguage":"fr-FR","potentialAction":[{"@type":"CommentAction","name":"Comment","target":["https:\/\/www.africa-press.net\/djibouti\/politique\/ecole-al-maaref-celebre-la-journee-mondiale-de-lenfant#respond"]}]},{"@type":"WebPage","@id":"https:\/\/www.africa-press.net\/djibouti\/politique\/ecole-al-maaref-celebre-la-journee-mondiale-de-lenfant","url":"https:\/\/www.africa-press.net\/djibouti\/politique\/ecole-al-maaref-celebre-la-journee-mondiale-de-lenfant","name":"\u00c9cole Al-Maaref C\u00e9l\u00e8bre la Journ\u00e9e Mondiale de l'Enfant - Djibouti","isPartOf":{"@id":"https:\/\/www.africa-press.net\/djibouti\/#website"},"primaryImageOfPage":{"@id":"https:\/\/www.africa-press.net\/djibouti\/politique\/ecole-al-maaref-celebre-la-journee-mondiale-de-lenfant#primaryimage"},"image":{"@id":"https:\/\/www.africa-press.net\/djibouti\/politique\/ecole-al-maaref-celebre-la-journee-mondiale-de-lenfant#primaryimage"},"thumbnailUrl":"https:\/\/static.africa-press.net\/djibouti\/sites\/52\/2026\/04\/sm_1777258839.418877.jpg","datePublished":"2026-04-27T06:28:04+00:00","author":{"@id":"https:\/\/www.africa-press.net\/djibouti\/#\/schema\/person\/2b1cf3cd81a31e3cd26889ca66d677f1"},"breadcrumb":{"@id":"https:\/\/www.africa-press.net\/djibouti\/politique\/ecole-al-maaref-celebre-la-journee-mondiale-de-lenfant#breadcrumb"},"inLanguage":"fr-FR","potentialAction":[{"@type":"ReadAction","target":["https:\/\/www.africa-press.net\/djibouti\/politique\/ecole-al-maaref-celebre-la-journee-mondiale-de-lenfant"]}]},{"@type":"ImageObject","inLanguage":"fr-FR","@id":"https:\/\/www.africa-press.net\/djibouti\/politique\/ecole-al-maaref-celebre-la-journee-mondiale-de-lenfant#primaryimage","url":"https:\/\/static.africa-press.net\/djibouti\/sites\/52\/2026\/04\/sm_1777258839.418877.jpg","contentUrl":"https:\/\/static.africa-press.net\/djibouti\/sites\/52\/2026\/04\/sm_1777258839.418877.jpg","width":720,"height":275,"caption":"\u00c9cole Al-Maaref C\u00e9l\u00e8bre la Journ\u00e9e Mondiale de l'Enfant"},{"@type":"BreadcrumbList","@id":"https:\/\/www.africa-press.net\/djibouti\/politique\/ecole-al-maaref-celebre-la-journee-mondiale-de-lenfant#breadcrumb","itemListElement":[{"@type":"ListItem","position":1,"name":"Accueil","item":"https:\/\/www.africa-press.net\/djibouti\/"},{"@type":"ListItem","position":2,"name":"\u00c9cole Al-Maaref C\u00e9l\u00e8bre la Journ\u00e9e Mondiale de l&rsquo;Enfant"}]},{"@type":"WebSite","@id":"https:\/\/www.africa-press.net\/djibouti\/#website","url":"https:\/\/www.africa-press.net\/djibouti\/","name":"Djibouti","description":"Just another Africa News Agency Sites site","potentialAction":[{"@type":"SearchAction","target":{"@type":"EntryPoint","urlTemplate":"https:\/\/www.africa-press.net\/djibouti\/?s={search_term_string}"},"query-input":{"@type":"PropertyValueSpecification","valueRequired":true,"valueName":"search_term_string"}}],"inLanguage":"fr-FR"},{"@type":"Person","@id":"https:\/\/www.africa-press.net\/djibouti\/#\/schema\/person\/2b1cf3cd81a31e3cd26889ca66d677f1","name":"cfeditorfr"}]}},"_links":{"self":[{"href":"https:\/\/www.africa-press.net\/djibouti\/wp-json\/wp\/v2\/posts\/56944","targetHints":{"allow":["GET"]}}],"collection":[{"href":"https:\/\/www.africa-press.net\/djibouti\/wp-json\/wp\/v2\/posts"}],"about":[{"href":"https:\/\/www.africa-press.net\/djibouti\/wp-json\/wp\/v2\/types\/post"}],"author":[{"embeddable":true,"href":"https:\/\/www.africa-press.net\/djibouti\/wp-json\/wp\/v2\/users\/82"}],"replies":[{"embeddable":true,"href":"https:\/\/www.africa-press.net\/djibouti\/wp-json\/wp\/v2\/comments?post=56944"}],"version-history":[{"count":0,"href":"https:\/\/www.africa-press.net\/djibouti\/wp-json\/wp\/v2\/posts\/56944\/revisions"}],"wp:featuredmedia":[{"embeddable":true,"href":"https:\/\/www.africa-press.net\/djibouti\/wp-json\/wp\/v2\/media\/56943"}],"wp:attachment":[{"href":"https:\/\/www.africa-press.net\/djibouti\/wp-json\/wp\/v2\/media?parent=56944"}],"wp:term":[{"taxonomy":"category","embeddable":true,"href":"https:\/\/www.africa-press.net\/djibouti\/wp-json\/wp\/v2\/categories?post=56944"},{"taxonomy":"post_tag","embeddable":true,"href":"https:\/\/www.africa-press.net\/djibouti\/wp-json\/wp\/v2\/tags?post=56944"}],"curies":[{"name":"wp","href":"https:\/\/api.w.org\/{rel}","templated":true}]}}