{"id":56947,"date":"2026-04-27T06:27:57","date_gmt":"2026-04-27T06:27:57","guid":{"rendered":"https:\/\/www.africa-press.net\/djibouti\/politique\/atelier-a-obock-sur-migration-et-defis-climatiques"},"modified":"2026-04-27T06:27:57","modified_gmt":"2026-04-27T06:27:57","slug":"atelier-a-obock-sur-migration-et-defis-climatiques","status":"publish","type":"post","link":"https:\/\/www.africa-press.net\/djibouti\/economie\/atelier-a-obock-sur-migration-et-defis-climatiques","title":{"rendered":"Atelier \u00e0 Obock Sur Migration et D\u00e9fis Climatiques"},"content":{"rendered":"<p><span style=\"color: #ff6600\"><strong>Africa-Press &#8211; Djibouti. <\/strong><\/span>Au carrefour des routes migratoires reliant la Corne de l\u2019Afrique a\u0300 la pe\u0301ninsule Arabique, la ville d\u2019Obock a accueilli mardi dernier un atelier de sensibilisation consacre\u0301 aux enjeux croise\u0301s de la migration et du changement climatique. Organise\u0301e par l\u2019Association Djibouti Nature, cette rencontre s\u2019inscrit dans le cadre du projet re\u0301gional MECMEA.<\/p>\n<p>Finance\u0301 par l\u2019Union europe\u0301enne et mis en \u0153uvre avec le soutien de l\u2019International Centre for Migration and Policy Development, en collaboration avec le Horn of Africa Regional Environment Centre &amp; Network et plusieurs partenaires re\u0301gionaux, ce projet vise a\u0300 mieux comprendre et encadrer les mobilite\u0301s humaines dans un contexte de bouleversements environnementaux.<\/p>\n<p>Dans une re\u0301gion ou\u0300 Djibouti joue un ro\u0302le cle\u0301 de pays de transit, l\u2019atelier a rassemble\u0301 une diversite\u0301 d\u2019acteurs: jeunes, femmes, organisations de la socie\u0301te\u0301 civile, ainsi que des repre\u0301sentants des autorite\u0301s locales, notamment le Conseil re\u0301gional et la pre\u0301fecture d\u2019Obock. L\u2019objectif affiche\u0301 e\u0301tait clair: favoriser un dialogue inclusif afin d\u2019identifier des solutions durables face a\u0300 des de\u0301fis de plus en plus imbrique\u0301s.<\/p>\n<p>\u00ab Il ne s\u2019agit pas seulement de migration, mais aussi de re\u0301silience face aux changements environnementaux \u00bb, ont souligne\u0301 plusieurs intervenants au cours des e\u0301changes. En effet, la de\u0301gradation des conditions climatiques contribue a\u0300 accentuer les de\u0301placements de populations, renforc\u0327ant la pression sur des zones de\u0301ja\u0300 fragiles.<\/p>\n<p>Lors de son intervention, le directeur de l\u2019Association Djibouti Nature a salue\u0301 l\u2019engagement des partenaires techniques et financiers, tout en mettant en avant le ro\u0302le de\u0301terminant des autorite\u0301s locales dans la re\u0301ussite de cette initiative.Il a notamment remercie\u0301 l\u2019Union europe\u0301enne, principal bailleur du projet, ainsi que les organisations partenaires telles que le Mixed Migration Centre, PanAfricare et la South Sudan Nature Conservation Organisation. De leur co\u0302te\u0301, les autorite\u0301s d\u2019Obock ont re\u0301affirme\u0301 leur volonte\u0301 d\u2019accompagner les prochaines e\u0301tapes du projet. Elles ont insiste\u0301 sur la ne\u0301cessite\u0301 de maintenir un dialogue ouvert et constructif entre les diffe\u0301rents acteurs afin de ba\u0302tir des politiques migratoires plus humaines et adapte\u0301es aux re\u0301alite\u0301s locales.<\/p>\n<p>Au-dela\u0300 des discussions, cet atelier marque une e\u0301tape importante dans la mise en \u0153uvre du projet MECMEA. Il te\u0301moigne d\u2019une dynamique de coope\u0301ration renforce\u0301e entre institutions locales, socie\u0301te\u0301 civile et partenaires internationaux, avec une ambition commune: mieux anticiper et ge\u0301rer les flux migratoires dans un contexte de changement climatique croissant.<\/p>\n<p>Dans une re\u0301gion ou\u0300 les routes migratoires continuent d\u2019e\u0301voluer sous l\u2019effet des crises environnementales et e\u0301conomiques, des initiatives comme celle d\u2019Obock apparaissent de\u0301sormais essentielles pour construire une gouvernance plus inclusive et re\u0301siliente.\r\n                <style type=\"text\/css\">\r\n                    \r\n                    #td_uid_1_69ef4cd8e344a  .td-doubleSlider-2 .td-item1 {\r\n                        background: url(https:\/\/static.africa-press.net\/djibouti\/sites\/52\/2026\/04\/sm_1777258967.8882-80x60.jpg) 0 0 no-repeat;\r\n                    }\r\n                <\/style>\r\n\r\n                <div id=\"td_uid_1_69ef4cd8e344a\" class=\"td-gallery td-slide-on-2-columns\">\r\n                    <div class=\"post_td_gallery\">\r\n                        <div class=\"td-gallery-slide-top\">\r\n                           <div class=\"td-gallery-title\"><\/div>\r\n\r\n                            <div class=\"td-gallery-controls-wrapper\">\r\n                                <div class=\"td-gallery-slide-count\"><span class=\"td-gallery-slide-item-focus\">1<\/span> de 1<\/div>\r\n                                <div class=\"td-gallery-slide-prev-next-but\">\r\n                                    <i class = \"td-icon-left doubleSliderPrevButton\"><\/i>\r\n                                    <i class = \"td-icon-right doubleSliderNextButton\"><\/i>\r\n                                <\/div>\r\n                            <\/div>\r\n                        <\/div>\r\n\r\n                        <div class = \"td-doubleSlider-1 \">\r\n                            <div class = \"td-slider\">\r\n                                \r\n                    <div class = \"td-slide-item td-item1\">\r\n                        <figure class=\"td-slide-galery-figure td-slide-popup-gallery\">\r\n                            <a class=\"slide-gallery-image-link\" href=\"https:\/\/static.africa-press.net\/djibouti\/sites\/52\/2026\/04\/sm_1777258967.8882.jpg\" title=\"sm_1777258967.8882\"  data-caption=\"\"  data-description=\"\">\r\n                                <img decoding=\"async\" src=\"https:\/\/static.africa-press.net\/djibouti\/sites\/52\/2026\/04\/sm_1777258967.8882.jpg\" srcset=\"https:\/\/static.africa-press.net\/djibouti\/sites\/52\/2026\/04\/sm_1777258967.8882.jpg 1024w, https:\/\/static.africa-press.net\/djibouti\/sites\/52\/2026\/04\/sm_1777258967.8882-300x225.jpg 300w, https:\/\/static.africa-press.net\/djibouti\/sites\/52\/2026\/04\/sm_1777258967.8882-768x576.jpg 768w, https:\/\/static.africa-press.net\/djibouti\/sites\/52\/2026\/04\/sm_1777258967.8882-80x60.jpg 80w\" sizes=\"(max-width: 1024px) 100vw, 1024px\" alt=\"\">\r\n                            <\/a>\r\n                            \r\n                        <\/figure>\r\n                    <\/div>\r\n                            <\/div>\r\n                        <\/div>\r\n\r\n                        <div class = \"td-doubleSlider-2\">\r\n                            <div class = \"td-slider\">\r\n                                \r\n                    <div class = \"td-button td-item1\">\r\n                        <div class = \"td-border\"><\/div>\r\n                    <\/div>\r\n                            <\/div>\r\n                        <\/div>\r\n\r\n                    <\/div>\r\n\r\n                <\/div>\r\n                <\/p>\n<p><strong>Pour plus d&rsquo;informations et d&rsquo;analyses sur la <span style=\"color: #ff6600\">Djibouti<\/span>, suivez <span style=\"color: #ff6600\">Africa-Press<span style=\"color: #ff6600\"><\/span><\/strong><\/p>\n","protected":false},"excerpt":{"rendered":"<p>Africa-Press &#8211; Djibouti. Au carrefour des routes migratoires reliant la Corne de l\u2019Afrique a\u0300 la pe\u0301ninsule Arabique, la ville d\u2019Obock a accueilli mardi dernier un atelier de sensibilisation consacre\u0301 aux enjeux croise\u0301s de la migration et du changement climatique. Organise\u0301e par l\u2019Association Djibouti Nature, cette rencontre s\u2019inscrit dans le cadre du projet re\u0301gional MECMEA. Finance\u0301 [&hellip;]<\/p>\n","protected":false},"author":82,"featured_media":56946,"comment_status":"open","ping_status":"closed","sticky":false,"template":"","format":"standard","meta":{"footnotes":""},"categories":[3,20,10],"tags":[50],"class_list":["post-56947","post","type-post","status-publish","format-standard","has-post-thumbnail","hentry","category-economie","category-top-nouvelles","category-toutes-les-actualites","tag-djibouti"],"yoast_head":"<!-- This site is optimized with the Yoast SEO Premium plugin v26.1 (Yoast SEO v27.0) - https:\/\/yoast.com\/product\/yoast-seo-premium-wordpress\/ -->\n<title>Atelier \u00e0 Obock Sur Migration et D\u00e9fis Climatiques - Djibouti<\/title>\n<meta name=\"robots\" content=\"index, follow, max-snippet:-1, max-image-preview:large, max-video-preview:-1\" \/>\n<link rel=\"canonical\" href=\"https:\/\/www.africa-press.net\/djibouti\/politique\/atelier-a-obock-sur-migration-et-defis-climatiques\" \/>\n<meta property=\"og:locale\" content=\"fr_FR\" \/>\n<meta property=\"og:type\" content=\"article\" \/>\n<meta property=\"og:title\" content=\"Atelier \u00e0 Obock Sur Migration et D\u00e9fis Climatiques\" \/>\n<meta property=\"og:description\" content=\"Africa-Press &#8211; Djibouti. Au carrefour des routes migratoires reliant la Corne de l\u2019Afrique a\u0300 la pe\u0301ninsule Arabique, la ville d\u2019Obock a accueilli mardi dernier un atelier de sensibilisation consacre\u0301 aux enjeux croise\u0301s de la migration et du changement climatique. Organise\u0301e par l\u2019Association Djibouti Nature, cette rencontre s\u2019inscrit dans le cadre du projet re\u0301gional MECMEA. Finance\u0301 [&hellip;]\" \/>\n<meta property=\"og:url\" content=\"https:\/\/www.africa-press.net\/djibouti\/politique\/atelier-a-obock-sur-migration-et-defis-climatiques\" \/>\n<meta property=\"og:site_name\" content=\"Djibouti\" \/>\n<meta property=\"article:published_time\" content=\"2026-04-27T06:27:57+00:00\" \/>\n<meta property=\"og:image\" content=\"https:\/\/static.africa-press.net\/djibouti\/sites\/52\/2026\/04\/sm_1777258967.8882.jpg\" \/>\n<meta name=\"author\" content=\"cfeditorfr\" \/>\n<meta name=\"twitter:card\" content=\"summary_large_image\" \/>\n<meta name=\"twitter:label1\" content=\"\u00c9crit par\" \/>\n\t<meta name=\"twitter:data1\" content=\"cfeditorfr\" \/>\n\t<meta name=\"twitter:label2\" content=\"Dur\u00e9e de lecture estim\u00e9e\" \/>\n\t<meta name=\"twitter:data2\" content=\"3 minutes\" \/>\n<script type=\"application\/ld+json\" class=\"yoast-schema-graph\">{\"@context\":\"https:\/\/schema.org\",\"@graph\":[{\"@type\":\"Article\",\"@id\":\"https:\/\/www.africa-press.net\/djibouti\/politique\/atelier-a-obock-sur-migration-et-defis-climatiques#article\",\"isPartOf\":{\"@id\":\"https:\/\/www.africa-press.net\/djibouti\/politique\/atelier-a-obock-sur-migration-et-defis-climatiques\"},\"author\":{\"name\":\"cfeditorfr\",\"@id\":\"https:\/\/www.africa-press.net\/djibouti\/#\/schema\/person\/2b1cf3cd81a31e3cd26889ca66d677f1\"},\"headline\":\"Atelier \u00e0 Obock Sur Migration et D\u00e9fis Climatiques\",\"datePublished\":\"2026-04-27T06:27:57+00:00\",\"mainEntityOfPage\":{\"@id\":\"https:\/\/www.africa-press.net\/djibouti\/politique\/atelier-a-obock-sur-migration-et-defis-climatiques\"},\"wordCount\":506,\"commentCount\":0,\"image\":{\"@id\":\"https:\/\/www.africa-press.net\/djibouti\/politique\/atelier-a-obock-sur-migration-et-defis-climatiques#primaryimage\"},\"thumbnailUrl\":\"https:\/\/static.africa-press.net\/djibouti\/sites\/52\/2026\/04\/sm_1777258974.790022.jpg\",\"keywords\":[\"Djibouti\"],\"articleSection\":[\"\u00c9conomie\",\"Top Nouvelles\",\"Toutes les actualit\u00e9s\"],\"inLanguage\":\"fr-FR\",\"potentialAction\":[{\"@type\":\"CommentAction\",\"name\":\"Comment\",\"target\":[\"https:\/\/www.africa-press.net\/djibouti\/politique\/atelier-a-obock-sur-migration-et-defis-climatiques#respond\"]}]},{\"@type\":\"WebPage\",\"@id\":\"https:\/\/www.africa-press.net\/djibouti\/politique\/atelier-a-obock-sur-migration-et-defis-climatiques\",\"url\":\"https:\/\/www.africa-press.net\/djibouti\/politique\/atelier-a-obock-sur-migration-et-defis-climatiques\",\"name\":\"Atelier \u00e0 Obock Sur Migration et D\u00e9fis Climatiques - Djibouti\",\"isPartOf\":{\"@id\":\"https:\/\/www.africa-press.net\/djibouti\/#website\"},\"primaryImageOfPage\":{\"@id\":\"https:\/\/www.africa-press.net\/djibouti\/politique\/atelier-a-obock-sur-migration-et-defis-climatiques#primaryimage\"},\"image\":{\"@id\":\"https:\/\/www.africa-press.net\/djibouti\/politique\/atelier-a-obock-sur-migration-et-defis-climatiques#primaryimage\"},\"thumbnailUrl\":\"https:\/\/static.africa-press.net\/djibouti\/sites\/52\/2026\/04\/sm_1777258974.790022.jpg\",\"datePublished\":\"2026-04-27T06:27:57+00:00\",\"author\":{\"@id\":\"https:\/\/www.africa-press.net\/djibouti\/#\/schema\/person\/2b1cf3cd81a31e3cd26889ca66d677f1\"},\"breadcrumb\":{\"@id\":\"https:\/\/www.africa-press.net\/djibouti\/politique\/atelier-a-obock-sur-migration-et-defis-climatiques#breadcrumb\"},\"inLanguage\":\"fr-FR\",\"potentialAction\":[{\"@type\":\"ReadAction\",\"target\":[\"https:\/\/www.africa-press.net\/djibouti\/politique\/atelier-a-obock-sur-migration-et-defis-climatiques\"]}]},{\"@type\":\"ImageObject\",\"inLanguage\":\"fr-FR\",\"@id\":\"https:\/\/www.africa-press.net\/djibouti\/politique\/atelier-a-obock-sur-migration-et-defis-climatiques#primaryimage\",\"url\":\"https:\/\/static.africa-press.net\/djibouti\/sites\/52\/2026\/04\/sm_1777258974.790022.jpg\",\"contentUrl\":\"https:\/\/static.africa-press.net\/djibouti\/sites\/52\/2026\/04\/sm_1777258974.790022.jpg\",\"width\":720,\"height\":456,\"caption\":\"Atelier \u00e0 Obock Sur Migration et D\u00e9fis Climatiques\"},{\"@type\":\"BreadcrumbList\",\"@id\":\"https:\/\/www.africa-press.net\/djibouti\/politique\/atelier-a-obock-sur-migration-et-defis-climatiques#breadcrumb\",\"itemListElement\":[{\"@type\":\"ListItem\",\"position\":1,\"name\":\"Accueil\",\"item\":\"https:\/\/www.africa-press.net\/djibouti\/\"},{\"@type\":\"ListItem\",\"position\":2,\"name\":\"Atelier \u00e0 Obock Sur Migration et D\u00e9fis Climatiques\"}]},{\"@type\":\"WebSite\",\"@id\":\"https:\/\/www.africa-press.net\/djibouti\/#website\",\"url\":\"https:\/\/www.africa-press.net\/djibouti\/\",\"name\":\"Djibouti\",\"description\":\"Just another Africa News Agency Sites site\",\"potentialAction\":[{\"@type\":\"SearchAction\",\"target\":{\"@type\":\"EntryPoint\",\"urlTemplate\":\"https:\/\/www.africa-press.net\/djibouti\/?s={search_term_string}\"},\"query-input\":{\"@type\":\"PropertyValueSpecification\",\"valueRequired\":true,\"valueName\":\"search_term_string\"}}],\"inLanguage\":\"fr-FR\"},{\"@type\":\"Person\",\"@id\":\"https:\/\/www.africa-press.net\/djibouti\/#\/schema\/person\/2b1cf3cd81a31e3cd26889ca66d677f1\",\"name\":\"cfeditorfr\"}]}<\/script>\n<!-- \/ Yoast SEO Premium plugin. -->","yoast_head_json":{"title":"Atelier \u00e0 Obock Sur Migration et D\u00e9fis Climatiques - Djibouti","robots":{"index":"index","follow":"follow","max-snippet":"max-snippet:-1","max-image-preview":"max-image-preview:large","max-video-preview":"max-video-preview:-1"},"canonical":"https:\/\/www.africa-press.net\/djibouti\/politique\/atelier-a-obock-sur-migration-et-defis-climatiques","og_locale":"fr_FR","og_type":"article","og_title":"Atelier \u00e0 Obock Sur Migration et D\u00e9fis Climatiques","og_description":"Africa-Press &#8211; Djibouti. Au carrefour des routes migratoires reliant la Corne de l\u2019Afrique a\u0300 la pe\u0301ninsule Arabique, la ville d\u2019Obock a accueilli mardi dernier un atelier de sensibilisation consacre\u0301 aux enjeux croise\u0301s de la migration et du changement climatique. Organise\u0301e par l\u2019Association Djibouti Nature, cette rencontre s\u2019inscrit dans le cadre du projet re\u0301gional MECMEA. Finance\u0301 [&hellip;]","og_url":"https:\/\/www.africa-press.net\/djibouti\/politique\/atelier-a-obock-sur-migration-et-defis-climatiques","og_site_name":"Djibouti","article_published_time":"2026-04-27T06:27:57+00:00","og_image":[{"url":"https:\/\/static.africa-press.net\/djibouti\/sites\/52\/2026\/04\/sm_1777258967.8882.jpg","type":"","width":"","height":""}],"author":"cfeditorfr","twitter_card":"summary_large_image","twitter_misc":{"\u00c9crit par":"cfeditorfr","Dur\u00e9e de lecture estim\u00e9e":"3 minutes"},"schema":{"@context":"https:\/\/schema.org","@graph":[{"@type":"Article","@id":"https:\/\/www.africa-press.net\/djibouti\/politique\/atelier-a-obock-sur-migration-et-defis-climatiques#article","isPartOf":{"@id":"https:\/\/www.africa-press.net\/djibouti\/politique\/atelier-a-obock-sur-migration-et-defis-climatiques"},"author":{"name":"cfeditorfr","@id":"https:\/\/www.africa-press.net\/djibouti\/#\/schema\/person\/2b1cf3cd81a31e3cd26889ca66d677f1"},"headline":"Atelier \u00e0 Obock Sur Migration et D\u00e9fis Climatiques","datePublished":"2026-04-27T06:27:57+00:00","mainEntityOfPage":{"@id":"https:\/\/www.africa-press.net\/djibouti\/politique\/atelier-a-obock-sur-migration-et-defis-climatiques"},"wordCount":506,"commentCount":0,"image":{"@id":"https:\/\/www.africa-press.net\/djibouti\/politique\/atelier-a-obock-sur-migration-et-defis-climatiques#primaryimage"},"thumbnailUrl":"https:\/\/static.africa-press.net\/djibouti\/sites\/52\/2026\/04\/sm_1777258974.790022.jpg","keywords":["Djibouti"],"articleSection":["\u00c9conomie","Top Nouvelles","Toutes les actualit\u00e9s"],"inLanguage":"fr-FR","potentialAction":[{"@type":"CommentAction","name":"Comment","target":["https:\/\/www.africa-press.net\/djibouti\/politique\/atelier-a-obock-sur-migration-et-defis-climatiques#respond"]}]},{"@type":"WebPage","@id":"https:\/\/www.africa-press.net\/djibouti\/politique\/atelier-a-obock-sur-migration-et-defis-climatiques","url":"https:\/\/www.africa-press.net\/djibouti\/politique\/atelier-a-obock-sur-migration-et-defis-climatiques","name":"Atelier \u00e0 Obock Sur Migration et D\u00e9fis Climatiques - Djibouti","isPartOf":{"@id":"https:\/\/www.africa-press.net\/djibouti\/#website"},"primaryImageOfPage":{"@id":"https:\/\/www.africa-press.net\/djibouti\/politique\/atelier-a-obock-sur-migration-et-defis-climatiques#primaryimage"},"image":{"@id":"https:\/\/www.africa-press.net\/djibouti\/politique\/atelier-a-obock-sur-migration-et-defis-climatiques#primaryimage"},"thumbnailUrl":"https:\/\/static.africa-press.net\/djibouti\/sites\/52\/2026\/04\/sm_1777258974.790022.jpg","datePublished":"2026-04-27T06:27:57+00:00","author":{"@id":"https:\/\/www.africa-press.net\/djibouti\/#\/schema\/person\/2b1cf3cd81a31e3cd26889ca66d677f1"},"breadcrumb":{"@id":"https:\/\/www.africa-press.net\/djibouti\/politique\/atelier-a-obock-sur-migration-et-defis-climatiques#breadcrumb"},"inLanguage":"fr-FR","potentialAction":[{"@type":"ReadAction","target":["https:\/\/www.africa-press.net\/djibouti\/politique\/atelier-a-obock-sur-migration-et-defis-climatiques"]}]},{"@type":"ImageObject","inLanguage":"fr-FR","@id":"https:\/\/www.africa-press.net\/djibouti\/politique\/atelier-a-obock-sur-migration-et-defis-climatiques#primaryimage","url":"https:\/\/static.africa-press.net\/djibouti\/sites\/52\/2026\/04\/sm_1777258974.790022.jpg","contentUrl":"https:\/\/static.africa-press.net\/djibouti\/sites\/52\/2026\/04\/sm_1777258974.790022.jpg","width":720,"height":456,"caption":"Atelier \u00e0 Obock Sur Migration et D\u00e9fis Climatiques"},{"@type":"BreadcrumbList","@id":"https:\/\/www.africa-press.net\/djibouti\/politique\/atelier-a-obock-sur-migration-et-defis-climatiques#breadcrumb","itemListElement":[{"@type":"ListItem","position":1,"name":"Accueil","item":"https:\/\/www.africa-press.net\/djibouti\/"},{"@type":"ListItem","position":2,"name":"Atelier \u00e0 Obock Sur Migration et D\u00e9fis Climatiques"}]},{"@type":"WebSite","@id":"https:\/\/www.africa-press.net\/djibouti\/#website","url":"https:\/\/www.africa-press.net\/djibouti\/","name":"Djibouti","description":"Just another Africa News Agency Sites site","potentialAction":[{"@type":"SearchAction","target":{"@type":"EntryPoint","urlTemplate":"https:\/\/www.africa-press.net\/djibouti\/?s={search_term_string}"},"query-input":{"@type":"PropertyValueSpecification","valueRequired":true,"valueName":"search_term_string"}}],"inLanguage":"fr-FR"},{"@type":"Person","@id":"https:\/\/www.africa-press.net\/djibouti\/#\/schema\/person\/2b1cf3cd81a31e3cd26889ca66d677f1","name":"cfeditorfr"}]}},"_links":{"self":[{"href":"https:\/\/www.africa-press.net\/djibouti\/wp-json\/wp\/v2\/posts\/56947","targetHints":{"allow":["GET"]}}],"collection":[{"href":"https:\/\/www.africa-press.net\/djibouti\/wp-json\/wp\/v2\/posts"}],"about":[{"href":"https:\/\/www.africa-press.net\/djibouti\/wp-json\/wp\/v2\/types\/post"}],"author":[{"embeddable":true,"href":"https:\/\/www.africa-press.net\/djibouti\/wp-json\/wp\/v2\/users\/82"}],"replies":[{"embeddable":true,"href":"https:\/\/www.africa-press.net\/djibouti\/wp-json\/wp\/v2\/comments?post=56947"}],"version-history":[{"count":0,"href":"https:\/\/www.africa-press.net\/djibouti\/wp-json\/wp\/v2\/posts\/56947\/revisions"}],"wp:featuredmedia":[{"embeddable":true,"href":"https:\/\/www.africa-press.net\/djibouti\/wp-json\/wp\/v2\/media\/56946"}],"wp:attachment":[{"href":"https:\/\/www.africa-press.net\/djibouti\/wp-json\/wp\/v2\/media?parent=56947"}],"wp:term":[{"taxonomy":"category","embeddable":true,"href":"https:\/\/www.africa-press.net\/djibouti\/wp-json\/wp\/v2\/categories?post=56947"},{"taxonomy":"post_tag","embeddable":true,"href":"https:\/\/www.africa-press.net\/djibouti\/wp-json\/wp\/v2\/tags?post=56947"}],"curies":[{"name":"wp","href":"https:\/\/api.w.org\/{rel}","templated":true}]}}