{"id":56955,"date":"2026-04-27T06:28:01","date_gmt":"2026-04-27T06:28:01","guid":{"rendered":"https:\/\/www.africa-press.net\/djibouti\/politique\/agroecologie-et-agroforesterie-batir-la-resilience"},"modified":"2026-04-27T06:41:02","modified_gmt":"2026-04-27T06:41:02","slug":"agroecologie-et-agroforesterie-batir-la-resilience","status":"publish","type":"post","link":"https:\/\/www.africa-press.net\/djibouti\/economie\/agroecologie-et-agroforesterie-batir-la-resilience","title":{"rendered":"Agro\u00e9cologie Et Agroforesterie B\u00e2tir La R\u00e9silience"},"content":{"rendered":"<p><span style=\"color: #ff6600\"><strong>Africa-Press &#8211; Djibouti. <\/strong><\/span>Face a\u0300 l\u2019intensification des de\u0301re\u0300glements climatiques et a\u0300 la pression croissante sur ses ressources naturelles, Djibouti amorce une re\u0301flexion strate\u0301gique sur l\u2019avenir de ses territoires ruraux. Entre se\u0301cheresses re\u0301currentes, de\u0301gradation des terres et fragilisation des syste\u0300mes agro-pastoraux, le pays se trouve aujourd\u2019hui a\u0300 un tournant de\u0301cisif.<\/p>\n<p>Dans ce contexte, l\u2019agroe\u0301cologie s\u2019impose progressivement comme un pilier de transformation. Bien au-dela\u0300 d\u2019une simple approche technique, elle incarne un ve\u0301ritable choix politique, axe\u0301 sur la gestion durable des ressources, la re\u0301ge\u0301ne\u0301ration des sols et la valorisation des e\u0301quilibres naturels. Cette orientation s\u2019inscrit dans la vision porte\u0301e par le pre\u0301sident Ismai\u0308l Omar Guelleh, en cohe\u0301rence avec les engagements internationaux en matie\u0300re de climat et de de\u0301veloppement durable.<\/p>\n<p>Mais pour passer de la strate\u0301gie a\u0300 l\u2019action, un levier se distingue: l\u2019agroforesterie. En associant arbres, cultures et e\u0301levage, cette pratique permet de restaurer les terres de\u0301grade\u0301es, de se\u0301curiser les parcours pastoraux et de renforcer la re\u0301silience des communaute\u0301s rurales. A\u0300 Djibouti, cette transition est de\u0301ja\u0300 en cours, porte\u0301e notamment par des initiatives locales comme celles de l\u2019Association PARI, qui expe\u0301rimentent des solutions adapte\u0301es aux re\u0301alite\u0301s du terrain. Parmi ces solutions, le Figuier de Barbarie apparai\u0302t comme un symbole de re\u0301silience.<\/p>\n<p>Capable de re\u0301sister a\u0300 des conditions climatiques extre\u0302mes, il prote\u0300ge les sols contre l\u2019e\u0301rosion, constitue une ressource fourrage\u0300re en pe\u0301riode de se\u0301cheresse et ge\u0301ne\u0300re des revenus pour les populations locales.<\/p>\n<p>Autour de cette plante se de\u0301veloppent des syste\u0300mes agro-sylvo-pastoraux complets, favorisant la biodiversite\u0301 et la re\u0301ge\u0301ne\u0301ration des e\u0301cosyste\u0300mes.<\/p>\n<p>Dans la re\u0301gion de Tadjourah, notamment dans la valle\u0301e d\u2019Adaylou, ces approches commencent de\u0301ja\u0300 a\u0300 produire des re\u0301sultats tangibles. Des terres autrefois de\u0301grade\u0301es retrouvent progressivement leur productivite\u0301, offrant de nouvelles perspectives e\u0301conomiques et sociales aux communaute\u0301s locales. Ces territoires deviennent ainsi de ve\u0301ritables laboratoires a\u0300 ciel ouvert, illustrant la faisabilite\u0301 d\u2019un mode\u0300le de de\u0301veloppement fonde\u0301 sur le vivant.<\/p>\n<p>Pour autant, le de\u0301fi reste immense. L\u2019enjeu n\u2019est plus de de\u0301montrer la pertinence de ces pratiques, mais de les de\u0301ployer a\u0300 grande e\u0301chelle. Cela implique une inte\u0301gration renforce\u0301e dans les politiques publiques, une mobilisation accrue des financements et un accompagnement structure\u0301 des populations rurales.<\/p>\n<p>Au-dela\u0300 de l\u2019agriculture, c\u2019est un ve\u0301ritable projet de socie\u0301te\u0301 qui se dessine. Se\u0301curite\u0301 alimentaire, emploi des jeunes, lutte contre l\u2019exode rural et pre\u0301servation des identite\u0301s pastorales: l\u2019agroe\u0301cologie et l\u2019agroforesterie re\u0301pondent a\u0300 des enjeux multiples, en articulant de\u0301veloppement e\u0301conomique, e\u0301quilibre e\u0301cologique et cohe\u0301sion sociale.<\/p>\n<p>Dans un contexte re\u0301gional marque\u0301 par l\u2019incertitude climatique, le pays semble ainsi faire le pari du vivant. Un choix strate\u0301gique, qui pourrait bien rede\u0301finir durablement les bases de son de\u0301veloppement et renforcer sa souverainete\u0301 territoriale.<\/p>\n<p><strong>Pour plus d&rsquo;informations et d&rsquo;analyses sur la <span style=\"color: #ff6600\">Djibouti<\/span>, suivez <span style=\"color: #ff6600\">Africa-Press<\/span><\/strong><\/p>\n","protected":false},"excerpt":{"rendered":"<p>Africa-Press &#8211; Djibouti. Face a\u0300 l\u2019intensification des de\u0301re\u0300glements climatiques et a\u0300 la pression croissante sur ses ressources naturelles, Djibouti amorce une re\u0301flexion strate\u0301gique sur l\u2019avenir de ses territoires ruraux. Entre se\u0301cheresses re\u0301currentes, de\u0301gradation des terres et fragilisation des syste\u0300mes agro-pastoraux, le pays se trouve aujourd\u2019hui a\u0300 un tournant de\u0301cisif. Dans ce contexte, l\u2019agroe\u0301cologie s\u2019impose progressivement [&hellip;]<\/p>\n","protected":false},"author":82,"featured_media":56954,"comment_status":"open","ping_status":"closed","sticky":false,"template":"","format":"standard","meta":{"footnotes":""},"categories":[3,10],"tags":[50],"class_list":["post-56955","post","type-post","status-publish","format-standard","has-post-thumbnail","hentry","category-economie","category-toutes-les-actualites","tag-djibouti"],"yoast_head":"<!-- This site is optimized with the Yoast SEO Premium plugin v26.1 (Yoast SEO v27.0) - https:\/\/yoast.com\/product\/yoast-seo-premium-wordpress\/ -->\n<title>Agro\u00e9cologie Et Agroforesterie B\u00e2tir La R\u00e9silience - Djibouti<\/title>\n<meta name=\"description\" content=\"Face a\u0300 l\u2019intensification des de\u0301re\u0300glements climatiques et a\u0300 la pression croissante sur ses ressources naturelles, Dji ...\" \/>\n<meta name=\"robots\" content=\"index, follow, max-snippet:-1, max-image-preview:large, max-video-preview:-1\" \/>\n<link rel=\"canonical\" href=\"https:\/\/www.africa-press.net\/djibouti\/economie\/agroecologie-et-agroforesterie-batir-la-resilience\" \/>\n<meta property=\"og:locale\" content=\"fr_FR\" \/>\n<meta property=\"og:type\" content=\"article\" \/>\n<meta property=\"og:title\" content=\"Agro\u00e9cologie Et Agroforesterie B\u00e2tir La R\u00e9silience\" \/>\n<meta property=\"og:description\" content=\"Face a\u0300 l\u2019intensification des de\u0301re\u0300glements climatiques et a\u0300 la pression croissante sur ses ressources naturelles, Dji ...\" \/>\n<meta property=\"og:url\" content=\"https:\/\/www.africa-press.net\/djibouti\/economie\/agroecologie-et-agroforesterie-batir-la-resilience\" \/>\n<meta property=\"og:site_name\" content=\"Djibouti\" \/>\n<meta property=\"article:published_time\" content=\"2026-04-27T06:28:01+00:00\" \/>\n<meta property=\"article:modified_time\" content=\"2026-04-27T06:41:02+00:00\" \/>\n<meta property=\"og:image\" content=\"https:\/\/static.africa-press.net\/djibouti\/sites\/52\/2026\/04\/sm_1777259370.300239.jpg\" \/>\n\t<meta property=\"og:image:width\" content=\"720\" \/>\n\t<meta property=\"og:image:height\" content=\"362\" \/>\n\t<meta property=\"og:image:type\" content=\"image\/jpeg\" \/>\n<meta name=\"author\" content=\"cfeditorfr\" \/>\n<meta name=\"twitter:card\" content=\"summary_large_image\" \/>\n<meta name=\"twitter:label1\" content=\"\u00c9crit par\" \/>\n\t<meta name=\"twitter:data1\" content=\"cfeditorfr\" \/>\n\t<meta name=\"twitter:label2\" content=\"Dur\u00e9e de lecture estim\u00e9e\" \/>\n\t<meta name=\"twitter:data2\" content=\"3 minutes\" \/>\n<script type=\"application\/ld+json\" class=\"yoast-schema-graph\">{\"@context\":\"https:\/\/schema.org\",\"@graph\":[{\"@type\":\"Article\",\"@id\":\"https:\/\/www.africa-press.net\/djibouti\/economie\/agroecologie-et-agroforesterie-batir-la-resilience#article\",\"isPartOf\":{\"@id\":\"https:\/\/www.africa-press.net\/djibouti\/economie\/agroecologie-et-agroforesterie-batir-la-resilience\"},\"author\":{\"name\":\"cfeditorfr\",\"@id\":\"https:\/\/www.africa-press.net\/djibouti\/#\/schema\/person\/2b1cf3cd81a31e3cd26889ca66d677f1\"},\"headline\":\"Agro\u00e9cologie Et Agroforesterie B\u00e2tir La R\u00e9silience\",\"datePublished\":\"2026-04-27T06:28:01+00:00\",\"dateModified\":\"2026-04-27T06:41:02+00:00\",\"mainEntityOfPage\":{\"@id\":\"https:\/\/www.africa-press.net\/djibouti\/economie\/agroecologie-et-agroforesterie-batir-la-resilience\"},\"wordCount\":552,\"commentCount\":0,\"image\":{\"@id\":\"https:\/\/www.africa-press.net\/djibouti\/economie\/agroecologie-et-agroforesterie-batir-la-resilience#primaryimage\"},\"thumbnailUrl\":\"https:\/\/static.africa-press.net\/djibouti\/sites\/52\/2026\/04\/sm_1777259370.300239.jpg\",\"keywords\":[\"Djibouti\"],\"articleSection\":[\"\u00c9conomie\",\"Toutes les actualit\u00e9s\"],\"inLanguage\":\"fr-FR\",\"potentialAction\":[{\"@type\":\"CommentAction\",\"name\":\"Comment\",\"target\":[\"https:\/\/www.africa-press.net\/djibouti\/economie\/agroecologie-et-agroforesterie-batir-la-resilience#respond\"]}]},{\"@type\":\"WebPage\",\"@id\":\"https:\/\/www.africa-press.net\/djibouti\/economie\/agroecologie-et-agroforesterie-batir-la-resilience\",\"url\":\"https:\/\/www.africa-press.net\/djibouti\/economie\/agroecologie-et-agroforesterie-batir-la-resilience\",\"name\":\"Agro\u00e9cologie Et Agroforesterie B\u00e2tir La R\u00e9silience - Djibouti\",\"isPartOf\":{\"@id\":\"https:\/\/www.africa-press.net\/djibouti\/#website\"},\"primaryImageOfPage\":{\"@id\":\"https:\/\/www.africa-press.net\/djibouti\/economie\/agroecologie-et-agroforesterie-batir-la-resilience#primaryimage\"},\"image\":{\"@id\":\"https:\/\/www.africa-press.net\/djibouti\/economie\/agroecologie-et-agroforesterie-batir-la-resilience#primaryimage\"},\"thumbnailUrl\":\"https:\/\/static.africa-press.net\/djibouti\/sites\/52\/2026\/04\/sm_1777259370.300239.jpg\",\"datePublished\":\"2026-04-27T06:28:01+00:00\",\"dateModified\":\"2026-04-27T06:41:02+00:00\",\"author\":{\"@id\":\"https:\/\/www.africa-press.net\/djibouti\/#\/schema\/person\/2b1cf3cd81a31e3cd26889ca66d677f1\"},\"description\":\"Face a\u0300 l\u2019intensification des de\u0301re\u0300glements climatiques et a\u0300 la pression croissante sur ses ressources naturelles, Dji ...\",\"breadcrumb\":{\"@id\":\"https:\/\/www.africa-press.net\/djibouti\/economie\/agroecologie-et-agroforesterie-batir-la-resilience#breadcrumb\"},\"inLanguage\":\"fr-FR\",\"potentialAction\":[{\"@type\":\"ReadAction\",\"target\":[\"https:\/\/www.africa-press.net\/djibouti\/economie\/agroecologie-et-agroforesterie-batir-la-resilience\"]}]},{\"@type\":\"ImageObject\",\"inLanguage\":\"fr-FR\",\"@id\":\"https:\/\/www.africa-press.net\/djibouti\/economie\/agroecologie-et-agroforesterie-batir-la-resilience#primaryimage\",\"url\":\"https:\/\/static.africa-press.net\/djibouti\/sites\/52\/2026\/04\/sm_1777259370.300239.jpg\",\"contentUrl\":\"https:\/\/static.africa-press.net\/djibouti\/sites\/52\/2026\/04\/sm_1777259370.300239.jpg\",\"width\":720,\"height\":362,\"caption\":\"Agro\u00e9cologie Et Agroforesterie B\u00e2tir La R\u00e9silience\"},{\"@type\":\"BreadcrumbList\",\"@id\":\"https:\/\/www.africa-press.net\/djibouti\/economie\/agroecologie-et-agroforesterie-batir-la-resilience#breadcrumb\",\"itemListElement\":[{\"@type\":\"ListItem\",\"position\":1,\"name\":\"Accueil\",\"item\":\"https:\/\/www.africa-press.net\/djibouti\/\"},{\"@type\":\"ListItem\",\"position\":2,\"name\":\"Agro\u00e9cologie Et Agroforesterie B\u00e2tir La R\u00e9silience\"}]},{\"@type\":\"WebSite\",\"@id\":\"https:\/\/www.africa-press.net\/djibouti\/#website\",\"url\":\"https:\/\/www.africa-press.net\/djibouti\/\",\"name\":\"Djibouti\",\"description\":\"Just another Africa News Agency Sites site\",\"potentialAction\":[{\"@type\":\"SearchAction\",\"target\":{\"@type\":\"EntryPoint\",\"urlTemplate\":\"https:\/\/www.africa-press.net\/djibouti\/?s={search_term_string}\"},\"query-input\":{\"@type\":\"PropertyValueSpecification\",\"valueRequired\":true,\"valueName\":\"search_term_string\"}}],\"inLanguage\":\"fr-FR\"},{\"@type\":\"Person\",\"@id\":\"https:\/\/www.africa-press.net\/djibouti\/#\/schema\/person\/2b1cf3cd81a31e3cd26889ca66d677f1\",\"name\":\"cfeditorfr\"}]}<\/script>\n<!-- \/ Yoast SEO Premium plugin. -->","yoast_head_json":{"title":"Agro\u00e9cologie Et Agroforesterie B\u00e2tir La R\u00e9silience - Djibouti","description":"Face a\u0300 l\u2019intensification des de\u0301re\u0300glements climatiques et a\u0300 la pression croissante sur ses ressources naturelles, Dji ...","robots":{"index":"index","follow":"follow","max-snippet":"max-snippet:-1","max-image-preview":"max-image-preview:large","max-video-preview":"max-video-preview:-1"},"canonical":"https:\/\/www.africa-press.net\/djibouti\/economie\/agroecologie-et-agroforesterie-batir-la-resilience","og_locale":"fr_FR","og_type":"article","og_title":"Agro\u00e9cologie Et Agroforesterie B\u00e2tir La R\u00e9silience","og_description":"Face a\u0300 l\u2019intensification des de\u0301re\u0300glements climatiques et a\u0300 la pression croissante sur ses ressources naturelles, Dji ...","og_url":"https:\/\/www.africa-press.net\/djibouti\/economie\/agroecologie-et-agroforesterie-batir-la-resilience","og_site_name":"Djibouti","article_published_time":"2026-04-27T06:28:01+00:00","article_modified_time":"2026-04-27T06:41:02+00:00","og_image":[{"width":720,"height":362,"url":"https:\/\/static.africa-press.net\/djibouti\/sites\/52\/2026\/04\/sm_1777259370.300239.jpg","type":"image\/jpeg"}],"author":"cfeditorfr","twitter_card":"summary_large_image","twitter_misc":{"\u00c9crit par":"cfeditorfr","Dur\u00e9e de lecture estim\u00e9e":"3 minutes"},"schema":{"@context":"https:\/\/schema.org","@graph":[{"@type":"Article","@id":"https:\/\/www.africa-press.net\/djibouti\/economie\/agroecologie-et-agroforesterie-batir-la-resilience#article","isPartOf":{"@id":"https:\/\/www.africa-press.net\/djibouti\/economie\/agroecologie-et-agroforesterie-batir-la-resilience"},"author":{"name":"cfeditorfr","@id":"https:\/\/www.africa-press.net\/djibouti\/#\/schema\/person\/2b1cf3cd81a31e3cd26889ca66d677f1"},"headline":"Agro\u00e9cologie Et Agroforesterie B\u00e2tir La R\u00e9silience","datePublished":"2026-04-27T06:28:01+00:00","dateModified":"2026-04-27T06:41:02+00:00","mainEntityOfPage":{"@id":"https:\/\/www.africa-press.net\/djibouti\/economie\/agroecologie-et-agroforesterie-batir-la-resilience"},"wordCount":552,"commentCount":0,"image":{"@id":"https:\/\/www.africa-press.net\/djibouti\/economie\/agroecologie-et-agroforesterie-batir-la-resilience#primaryimage"},"thumbnailUrl":"https:\/\/static.africa-press.net\/djibouti\/sites\/52\/2026\/04\/sm_1777259370.300239.jpg","keywords":["Djibouti"],"articleSection":["\u00c9conomie","Toutes les actualit\u00e9s"],"inLanguage":"fr-FR","potentialAction":[{"@type":"CommentAction","name":"Comment","target":["https:\/\/www.africa-press.net\/djibouti\/economie\/agroecologie-et-agroforesterie-batir-la-resilience#respond"]}]},{"@type":"WebPage","@id":"https:\/\/www.africa-press.net\/djibouti\/economie\/agroecologie-et-agroforesterie-batir-la-resilience","url":"https:\/\/www.africa-press.net\/djibouti\/economie\/agroecologie-et-agroforesterie-batir-la-resilience","name":"Agro\u00e9cologie Et Agroforesterie B\u00e2tir La R\u00e9silience - Djibouti","isPartOf":{"@id":"https:\/\/www.africa-press.net\/djibouti\/#website"},"primaryImageOfPage":{"@id":"https:\/\/www.africa-press.net\/djibouti\/economie\/agroecologie-et-agroforesterie-batir-la-resilience#primaryimage"},"image":{"@id":"https:\/\/www.africa-press.net\/djibouti\/economie\/agroecologie-et-agroforesterie-batir-la-resilience#primaryimage"},"thumbnailUrl":"https:\/\/static.africa-press.net\/djibouti\/sites\/52\/2026\/04\/sm_1777259370.300239.jpg","datePublished":"2026-04-27T06:28:01+00:00","dateModified":"2026-04-27T06:41:02+00:00","author":{"@id":"https:\/\/www.africa-press.net\/djibouti\/#\/schema\/person\/2b1cf3cd81a31e3cd26889ca66d677f1"},"description":"Face a\u0300 l\u2019intensification des de\u0301re\u0300glements climatiques et a\u0300 la pression croissante sur ses ressources naturelles, Dji ...","breadcrumb":{"@id":"https:\/\/www.africa-press.net\/djibouti\/economie\/agroecologie-et-agroforesterie-batir-la-resilience#breadcrumb"},"inLanguage":"fr-FR","potentialAction":[{"@type":"ReadAction","target":["https:\/\/www.africa-press.net\/djibouti\/economie\/agroecologie-et-agroforesterie-batir-la-resilience"]}]},{"@type":"ImageObject","inLanguage":"fr-FR","@id":"https:\/\/www.africa-press.net\/djibouti\/economie\/agroecologie-et-agroforesterie-batir-la-resilience#primaryimage","url":"https:\/\/static.africa-press.net\/djibouti\/sites\/52\/2026\/04\/sm_1777259370.300239.jpg","contentUrl":"https:\/\/static.africa-press.net\/djibouti\/sites\/52\/2026\/04\/sm_1777259370.300239.jpg","width":720,"height":362,"caption":"Agro\u00e9cologie Et Agroforesterie B\u00e2tir La R\u00e9silience"},{"@type":"BreadcrumbList","@id":"https:\/\/www.africa-press.net\/djibouti\/economie\/agroecologie-et-agroforesterie-batir-la-resilience#breadcrumb","itemListElement":[{"@type":"ListItem","position":1,"name":"Accueil","item":"https:\/\/www.africa-press.net\/djibouti\/"},{"@type":"ListItem","position":2,"name":"Agro\u00e9cologie Et Agroforesterie B\u00e2tir La R\u00e9silience"}]},{"@type":"WebSite","@id":"https:\/\/www.africa-press.net\/djibouti\/#website","url":"https:\/\/www.africa-press.net\/djibouti\/","name":"Djibouti","description":"Just another Africa News Agency Sites site","potentialAction":[{"@type":"SearchAction","target":{"@type":"EntryPoint","urlTemplate":"https:\/\/www.africa-press.net\/djibouti\/?s={search_term_string}"},"query-input":{"@type":"PropertyValueSpecification","valueRequired":true,"valueName":"search_term_string"}}],"inLanguage":"fr-FR"},{"@type":"Person","@id":"https:\/\/www.africa-press.net\/djibouti\/#\/schema\/person\/2b1cf3cd81a31e3cd26889ca66d677f1","name":"cfeditorfr"}]}},"_links":{"self":[{"href":"https:\/\/www.africa-press.net\/djibouti\/wp-json\/wp\/v2\/posts\/56955","targetHints":{"allow":["GET"]}}],"collection":[{"href":"https:\/\/www.africa-press.net\/djibouti\/wp-json\/wp\/v2\/posts"}],"about":[{"href":"https:\/\/www.africa-press.net\/djibouti\/wp-json\/wp\/v2\/types\/post"}],"author":[{"embeddable":true,"href":"https:\/\/www.africa-press.net\/djibouti\/wp-json\/wp\/v2\/users\/82"}],"replies":[{"embeddable":true,"href":"https:\/\/www.africa-press.net\/djibouti\/wp-json\/wp\/v2\/comments?post=56955"}],"version-history":[{"count":1,"href":"https:\/\/www.africa-press.net\/djibouti\/wp-json\/wp\/v2\/posts\/56955\/revisions"}],"predecessor-version":[{"id":56963,"href":"https:\/\/www.africa-press.net\/djibouti\/wp-json\/wp\/v2\/posts\/56955\/revisions\/56963"}],"wp:featuredmedia":[{"embeddable":true,"href":"https:\/\/www.africa-press.net\/djibouti\/wp-json\/wp\/v2\/media\/56954"}],"wp:attachment":[{"href":"https:\/\/www.africa-press.net\/djibouti\/wp-json\/wp\/v2\/media?parent=56955"}],"wp:term":[{"taxonomy":"category","embeddable":true,"href":"https:\/\/www.africa-press.net\/djibouti\/wp-json\/wp\/v2\/categories?post=56955"},{"taxonomy":"post_tag","embeddable":true,"href":"https:\/\/www.africa-press.net\/djibouti\/wp-json\/wp\/v2\/tags?post=56955"}],"curies":[{"name":"wp","href":"https:\/\/api.w.org\/{rel}","templated":true}]}}