{"id":56959,"date":"2026-04-27T06:27:58","date_gmt":"2026-04-27T06:27:58","guid":{"rendered":"https:\/\/www.africa-press.net\/djibouti\/politique\/le-sgg-ouvre-ses-portes-a-la-jeunesse-djiboutienne"},"modified":"2026-04-27T06:41:20","modified_gmt":"2026-04-27T06:41:20","slug":"le-sgg-ouvre-ses-portes-a-la-jeunesse-djiboutienne","status":"publish","type":"post","link":"https:\/\/www.africa-press.net\/djibouti\/economie\/le-sgg-ouvre-ses-portes-a-la-jeunesse-djiboutienne","title":{"rendered":"Le SGG Ouvre Ses Portes \u00c0 La Jeunesse Djiboutienne"},"content":{"rendered":"<p><span style=\"color: #ff6600\"><strong>Africa-Press &#8211; Djibouti. <\/strong><\/span><b>Le dimanche 19 avril 2026, pour la premie\u0300re fois dans le cadre du programme \u00ab Lead or to Be Led\u00bb du DERE Institute, de\u0301die\u0301 a\u0300 la jeunesse, le Secre\u0301tariat ge\u0301ne\u0301ral du Gouvernement, l\u2019une des plus anciennes institutions de la Re\u0301publique de Djibouti et l\u2019un des organes centraux dans la production normative nationale, a ouvert ses portes a\u0300 une de\u0301le\u0301gation de jeunes Djiboutiens. Ce qui aurait pu s\u2019apparenter a\u0300 une simple visite de courtoisie s\u2019est rapidement transforme\u0301 en bien davantage, car il ne s\u2019agissait pas d\u2019une simple visite protocolaire, mais d\u2019une ve\u0301ritable invitation au dialogue, au partage d\u2019expe\u0301riences et a\u0300 la transmission. Une rencontre pense\u0301e comme une passerelle entre le passe\u0301 et l\u2019avenir, entre l\u2019expe\u0301rience institutionnelle et les attentes d\u2019une jeunesse engage\u0301e, dans un esprit d\u2019e\u0301change exigeant, lucide et re\u0301solument tourne\u0301 vers l\u2019avenir.<\/b><\/p>\n<p>Longtemps perc\u0327ue comme une institution discre\u0300te et calfeutre\u0301e au c\u0153ur de l\u2019appareil d\u2019E\u0301tat, les cadres du Secre\u0301tariat ge\u0301ne\u0301ral du Gouvernement, re\u0301pute\u0301s pour leur rigueur, leur technicite\u0301 et leur niveau d\u2019exigence, ont partage\u0301 leurs connaissances avec deux cohortes de jeunes, et sont ainsi sortis de leur re\u0301serve. A\u0300 travers ces e\u0301changes, c\u2019est un tournant et un nouveau visage qui s\u2019affirment, une nouvelle posture, avec une institution plus que centenaire de\u0301sormais plus ouverte, plus pe\u0301dagogique, consciente que la modernisation de l\u2019action publique ne peut se faire sans l\u2019implication des nouvelles ge\u0301ne\u0301rations. Comme l\u2019ont souligne\u0301 les responsables: \u00ab L\u2019administration ne parle plus seulement au public ; elle s\u2019adresse de\u0301sormais a\u0300 sa jeunesse comme a\u0300 un acteur important de sa propre transformation. \u00bb<\/p>\n<p><b>Une institution en pleine re\u0301volution nume\u0301rique<\/b><\/p>\n<p>Ce sont des e\u0301quipes du Secre\u0301tariat ge\u0301ne\u0301ral du Gouvernement (SGG), confiantes et sereines, qui se sont livre\u0301es aux jeunes participants. Confiantes, car l\u2019institution sort renforce\u0301e et grandie du Forum africain des Journaux officiels (octobre 2025), ou\u0300 elle a su affirmer ses ambitions d\u2019e\u0301change et de partage d\u2019expe\u0301rience au niveau continental en matie\u0300re de gouvernance juridique et de souverainete\u0301 documentaire.<\/p>\n<p>Lucide e\u0301galement, car le SGG sait que sa modernisation ne pourra e\u0302tre durable que si elle est pleinement approprie\u0301e par la nouvelle ge\u0301ne\u0301ration montante. Cette transformation ne se limite pas a\u0300 une e\u0301volution technique ; elle implique un changement de culture administrative, fonde\u0301 sur l\u2019innovation, la transparence et la transmission.<\/p>\n<p>Au c\u0153ur des e\u0301changes: le chantier structurant du Journal officiel e\u0301lectronique (eJO), ve\u0301ritable pivot de la modernisation de la diffusion du droit, l\u2019introduction encadre\u0301e de l\u2019intelligence artificielle dans les processus de le\u0301gistique, ainsi que la pre\u0301servation et la valorisation de 126 ans d\u2019histoire juridique, repre\u0301sentant plus de 90 000 textes nume\u0301rise\u0301s.<\/p>\n<p>Face aux jeunes, les e\u0301quipes du SGG ont expose\u0301 leurs de\u0301fis avec franchise: la question de la valeur juridique du eJO en l\u2019absence d\u2019une base le\u0301gale explicite, le risque que l\u2019intelligence artificielle produise des \u00ab hallucinations juridiques \u00bb susceptibles d\u2019alte\u0301rer la qualite\u0301 normative, ou encore les enjeux de souverainete\u0301 et de se\u0301curisation des donne\u0301es dans l\u2019utilisation d\u2019outils nume\u0301riques externes.<\/p>\n<p><b>La commande publique au c\u0153ur de la transparence de l\u2019action publique<\/b><\/p>\n<p>Dans le prolongement de ces e\u0301changes, le Secre\u0301tariat technique de la Commission nationale des marche\u0301s publics (CNMP) a e\u0301galement pre\u0301sente\u0301 aux jeunes participants du DERE Institute les e\u0301le\u0301ments de la re\u0301gulation de la commande publique, maillon essentiel du dispositif de gouvernance et de transparence de l\u2019action publique, au c\u0153ur de la gestion des ressources de l\u2019E\u0301tat.<\/p>\n<p>A\u0300 travers cette pre\u0301sentation, les participants ont pu mieux comprendre les me\u0301canismes qui encadrent les marche\u0301s publics, depuis leur passation jusqu\u2019a\u0300 leur exe\u0301cution, mais aussi mieux appre\u0301hender les exigences qui fondent un syste\u0300me cre\u0301dible, e\u0301quitable et conforme aux principes de bonne gouvernance. Cette immersion leur a permis de mesurer concre\u0300tement l\u2019importance des re\u0300gles qui garantissent la transparence des proce\u0301dures, l\u2019e\u0301galite\u0301 d\u2019acce\u0300s a\u0300 la commande publique et la trac\u0327abilite\u0301 des de\u0301cisions.<\/p>\n<p>Pour ces jeunes, cette se\u0301quence a constitue\u0301 bien plus qu\u2019un apport the\u0301orique. Elle a permis de rapprocher les principes de gouvernance publique des re\u0301alite\u0301s ope\u0301rationnelles de l\u2019E\u0301tat, en mettant en lumie\u0300re le ro\u0302le structurant de la commande publique dans le de\u0301veloppement e\u0301conomique et institutionnel du pays.<\/p>\n<p>Re\u0301pute\u0301e pour son ro\u0302le central dans la se\u0301curisation des processus et le respect des re\u0300gles de concurrence, la CNMP s\u2019impose comme un acteur de\u0301terminant dans la pre\u0301vention des risques de de\u0301rives, notamment en matie\u0300re de mauvaise gestion ou de pratiques contraires a\u0300 l\u2019e\u0301thique publique. Elle contribue, a\u0300 ce titre, au renforcement de la confiance entre l\u2019administration, les ope\u0301rateurs e\u0301conomiques et les citoyens.<\/p>\n<p>Dans la continuite\u0301 de la dynamique engage\u0301e par le Secre\u0301tariat ge\u0301ne\u0301ral du Gouvernement, la CNMP s\u2019inscrit, elle aussi, dans une logique de modernisation, marque\u0301e par la digitalisation progressive des proce\u0301dures et le de\u0301veloppement du portail e\u0301lectronique des marche\u0301s publics. Cette transformation vise a\u0300 simplifier les de\u0301marches, ame\u0301liorer l\u2019acce\u0300s a\u0300 l\u2019information et renforcer l\u2019efficacite\u0301 globale du syste\u0300me. Elle ouvre e\u0301galement la voie a\u0300 une appropriation progressive de ces outils par la nouvelle ge\u0301ne\u0301ration, en facilitant leur compre\u0301hension des me\u0301canismes de la commande publique et en les pre\u0301parant a\u0300 en devenir des acteurs a\u0300 part entie\u0300re.<\/p>\n<p>Une e\u0301volution ne\u0301cessaire, qui fait e\u0301cho aux attentes de cette nouvelle ge\u0301ne\u0301ration, de plus en plus attentive aux enjeux de transparence, de responsabilite\u0301 et de modernisation de l\u2019action publique.<\/p>\n<p><b>Les archives: la me\u0301moire vive de la nation<\/b><\/p>\n<p>Enfin, un dernier sujet, tout aussi strate\u0301gique, a captive\u0301 l\u2019attention des jeunes participants: la pre\u0301servation des archives nationales. Le Secre\u0301tariat ge\u0301ne\u0301ral du Gouvernement (SGG), en partenariat avec le ministe\u0300re de la Jeunesse et de la Culture, a mene\u0301 et continue de mener un combat contre le temps a\u0300 travers un programme d\u2019archivage d\u2019une ampleur ine\u0301dite a\u0300 Djibouti, visant a\u0300 pre\u0301server, structurer et valoriser le patrimoine documentaire national.<\/p>\n<p>Pourquoi les archives sont-elles si cruciales? Parce qu\u2019elles ne sont pas de simples documents du passe\u0301. Elles constituent la me\u0301moire vive de la nation, le socle sur lequel se construit l\u2019E\u0301tat de droit et se consolide la continuite\u0301 de l\u2019action publique. Elles garantissent la trac\u0327abilite\u0301 des de\u0301cisions, se\u0301curisent les actes juridiques et assurent la protection des droits des citoyens. Sans archives fiables, il ne peut y avoir ni continuite\u0301 juridique, ni transparence administrative, ni se\u0301curite\u0301 institutionnelle.<\/p>\n<p>A\u0300 travers cette pre\u0301sentation, les jeunes ont pris conscience du ro\u0302le fondamental des archives dans le fonctionnement de l\u2019E\u0301tat, mais aussi de leur importance dans la transmission de l\u2019histoire nationale aux ge\u0301ne\u0301rations futures. Cette se\u0301quence a permis de replacer la me\u0301moire au c\u0153ur de la modernisation administrative, en montrant que l\u2019innovation ne peut se construire sans la pre\u0301servation du passe\u0301.<\/p>\n<p>Dans cette dynamique, la nouvelle ge\u0301ne\u0301ration est appele\u0301e a\u0300 s\u2019approprier ces enjeux, a\u0300 comprendre la valeur strate\u0301gique des archives et a\u0300 contribuera\u0300 leur pre\u0301servation et a\u0300 leur valorisation, notamment a\u0300 travers les outils nume\u0301riques et les nouvelles pratiques de gestion documentaire. Les jeunes ont eu ainsi l\u2019immense privile\u0300ge d\u2019une visite prive\u0301e des archives de la Pre\u0301sidence avec la cheffe de de\u0301partement, Mme Farah Yacin.<\/p>\n<p><b>Une immersion qui ouvre la voie<\/b><\/p>\n<p>A\u0300 l\u2019issue de cette rencontre, le message du Secre\u0301tariat ge\u0301ne\u0301ral du Gouvernement a remercie\u0301 le DERE Institute pour cette initiative et a rappele\u0301 que la modernisation de l\u2019action publique passe par la transmission et l\u2019implication des nouvelles ge\u0301ne\u0301rations. Les jeunes repartent non seulement avec une meilleure compre\u0301hension des rouages de l\u2019E\u0301tat, mais aussi avec la conviction qu\u2019ils ont un ro\u0302le a\u0300 jouer dans la pre\u0301servation de la me\u0301moire nationale et l\u2019ame\u0301lioration de la qualite\u0301 normative.<\/p>\n<p>Le Secre\u0301taire Ge\u0301ne\u0301ral du gouvernement a tenu a\u0300 rappeler sa disponibilite\u0301 ainsi que celle de ses e\u0301quipes pour ces se\u0301ances d\u2019immersion au profit de la jeunesse djiboutienne et a souligne\u0301 que, d\u2019ores et de\u0301ja\u0300, les rendez-vous sont pris pour les prochaines cohortes de mai, juillet et septembre 2026. Il a enfin souhaite\u0301 bonne chance aux groupes de jeunes pour leurs premie\u0300res confrontations argumente\u0301es du 25 avril 2026, articule\u0301es autour de the\u0301matiques inspirantes telles que <b>\u00abLa culture est une valeur universelle \u00bb et \u00ab Analyser, c\u2019est s\u2019appuyer sur des faits, pas sur une opinion \u00bb. <\/b><\/p>\n\r\n                <style type=\"text\/css\">\r\n                    \r\n                    #td_uid_1_69ef4838394b9  .td-doubleSlider-2 .td-item1 {\r\n                        background: url(https:\/\/static.africa-press.net\/djibouti\/sites\/52\/2026\/04\/sm_1777259383.139829-80x60.jpg) 0 0 no-repeat;\r\n                    }\r\n                    #td_uid_1_69ef4838394b9  .td-doubleSlider-2 .td-item2 {\r\n                        background: url(https:\/\/static.africa-press.net\/djibouti\/sites\/52\/2026\/04\/sm_1777259389.034478-80x60.jpg) 0 0 no-repeat;\r\n                    }\r\n                <\/style>\r\n\r\n                <div id=\"td_uid_1_69ef4838394b9\" class=\"td-gallery td-slide-on-2-columns\">\r\n                    <div class=\"post_td_gallery\">\r\n                        <div class=\"td-gallery-slide-top\">\r\n                           <div class=\"td-gallery-title\"><\/div>\r\n\r\n                            <div class=\"td-gallery-controls-wrapper\">\r\n                                <div class=\"td-gallery-slide-count\"><span class=\"td-gallery-slide-item-focus\">1<\/span> de 2<\/div>\r\n                                <div class=\"td-gallery-slide-prev-next-but\">\r\n                                    <i class = \"td-icon-left doubleSliderPrevButton\"><\/i>\r\n                                    <i class = \"td-icon-right doubleSliderNextButton\"><\/i>\r\n                                <\/div>\r\n                            <\/div>\r\n                        <\/div>\r\n\r\n                        <div class = \"td-doubleSlider-1 \">\r\n                            <div class = \"td-slider\">\r\n                                \r\n                    <div class = \"td-slide-item td-item1\">\r\n                        <figure class=\"td-slide-galery-figure td-slide-popup-gallery\">\r\n                            <a class=\"slide-gallery-image-link\" href=\"https:\/\/static.africa-press.net\/djibouti\/sites\/52\/2026\/04\/sm_1777259383.139829.jpg\" title=\"sm_1777259383.139829\"  data-caption=\"\"  data-description=\"\">\r\n                                <img decoding=\"async\" src=\"https:\/\/static.africa-press.net\/djibouti\/sites\/52\/2026\/04\/sm_1777259383.139829.jpg\" srcset=\"https:\/\/static.africa-press.net\/djibouti\/sites\/52\/2026\/04\/sm_1777259383.139829.jpg 1024w, https:\/\/static.africa-press.net\/djibouti\/sites\/52\/2026\/04\/sm_1777259383.139829-300x160.jpg 300w, https:\/\/static.africa-press.net\/djibouti\/sites\/52\/2026\/04\/sm_1777259383.139829-768x410.jpg 768w\" sizes=\"(max-width: 1024px) 100vw, 1024px\" alt=\"\">\r\n                            <\/a>\r\n                            \r\n                        <\/figure>\r\n                    <\/div>\r\n                    <div class = \"td-slide-item td-item2\">\r\n                        <figure class=\"td-slide-galery-figure td-slide-popup-gallery\">\r\n                            <a class=\"slide-gallery-image-link\" href=\"https:\/\/static.africa-press.net\/djibouti\/sites\/52\/2026\/04\/sm_1777259389.034478.jpg\" title=\"sm_1777259389.034478\"  data-caption=\"\"  data-description=\"\">\r\n                                <img decoding=\"async\" src=\"https:\/\/static.africa-press.net\/djibouti\/sites\/52\/2026\/04\/sm_1777259389.034478.jpg\" srcset=\"https:\/\/static.africa-press.net\/djibouti\/sites\/52\/2026\/04\/sm_1777259389.034478.jpg 1024w, https:\/\/static.africa-press.net\/djibouti\/sites\/52\/2026\/04\/sm_1777259389.034478-300x160.jpg 300w, https:\/\/static.africa-press.net\/djibouti\/sites\/52\/2026\/04\/sm_1777259389.034478-768x410.jpg 768w\" sizes=\"(max-width: 1024px) 100vw, 1024px\" alt=\"\">\r\n                            <\/a>\r\n                            \r\n                        <\/figure>\r\n                    <\/div>\r\n                            <\/div>\r\n                        <\/div>\r\n\r\n                        <div class = \"td-doubleSlider-2\">\r\n                            <div class = \"td-slider\">\r\n                                \r\n                    <div class = \"td-button td-item1\">\r\n                        <div class = \"td-border\"><\/div>\r\n                    <\/div>\r\n                    <div class = \"td-button td-item2\">\r\n                        <div class = \"td-border\"><\/div>\r\n                    <\/div>\r\n                            <\/div>\r\n                        <\/div>\r\n\r\n                    <\/div>\r\n\r\n                <\/div>\r\n                \n<p><strong>Pour plus d&rsquo;informations et d&rsquo;analyses sur la <span style=\"color: #ff6600\">Djibouti<\/span>, suivez <span style=\"color: #ff6600\">Africa-Press<\/span><\/strong><\/p>\n","protected":false},"excerpt":{"rendered":"<p>Africa-Press &#8211; Djibouti. Le dimanche 19 avril 2026, pour la premie\u0300re fois dans le cadre du programme \u00ab Lead or to Be Led\u00bb du DERE Institute, de\u0301die\u0301 a\u0300 la jeunesse, le Secre\u0301tariat ge\u0301ne\u0301ral du Gouvernement, l\u2019une des plus anciennes institutions de la Re\u0301publique de Djibouti et l\u2019un des organes centraux dans la production normative nationale, [&hellip;]<\/p>\n","protected":false},"author":82,"featured_media":56958,"comment_status":"open","ping_status":"closed","sticky":false,"template":"","format":"standard","meta":{"footnotes":""},"categories":[3,8,10],"tags":[50],"class_list":["post-56959","post","type-post","status-publish","format-standard","has-post-thumbnail","hentry","category-economie","category-photo","category-toutes-les-actualites","tag-djibouti"],"yoast_head":"<!-- This site is optimized with the Yoast SEO Premium plugin v26.1 (Yoast SEO v27.0) - https:\/\/yoast.com\/product\/yoast-seo-premium-wordpress\/ -->\n<title>Le SGG Ouvre Ses Portes \u00c0 La Jeunesse Djiboutienne - Djibouti<\/title>\n<meta name=\"description\" content=\"Le dimanche 19 avril 2026, pour la premie\u0300re fois dans le cadre du programme \u00ab Lead or to Be Led\u00bb du DERE Institute, ...\" \/>\n<meta name=\"robots\" content=\"index, follow, max-snippet:-1, max-image-preview:large, max-video-preview:-1\" \/>\n<link rel=\"canonical\" href=\"https:\/\/www.africa-press.net\/djibouti\/economie\/le-sgg-ouvre-ses-portes-a-la-jeunesse-djiboutienne\" \/>\n<meta property=\"og:locale\" content=\"fr_FR\" \/>\n<meta property=\"og:type\" content=\"article\" \/>\n<meta property=\"og:title\" content=\"Le SGG Ouvre Ses Portes \u00c0 La Jeunesse Djiboutienne\" \/>\n<meta property=\"og:description\" content=\"Le dimanche 19 avril 2026, pour la premie\u0300re fois dans le cadre du programme \u00ab Lead or to Be Led\u00bb du DERE Institute, ...\" \/>\n<meta property=\"og:url\" content=\"https:\/\/www.africa-press.net\/djibouti\/economie\/le-sgg-ouvre-ses-portes-a-la-jeunesse-djiboutienne\" \/>\n<meta property=\"og:site_name\" content=\"Djibouti\" \/>\n<meta property=\"article:published_time\" content=\"2026-04-27T06:27:58+00:00\" \/>\n<meta property=\"article:modified_time\" content=\"2026-04-27T06:41:20+00:00\" \/>\n<meta property=\"og:image\" content=\"https:\/\/static.africa-press.net\/djibouti\/sites\/52\/2026\/04\/sm_1777259396.156189.jpg\" \/>\n\t<meta property=\"og:image:width\" content=\"720\" \/>\n\t<meta property=\"og:image:height\" content=\"392\" \/>\n\t<meta property=\"og:image:type\" content=\"image\/jpeg\" \/>\n<meta name=\"author\" content=\"cfeditorfr\" \/>\n<meta name=\"twitter:card\" content=\"summary_large_image\" \/>\n<meta name=\"twitter:label1\" content=\"\u00c9crit par\" \/>\n\t<meta name=\"twitter:data1\" content=\"cfeditorfr\" \/>\n\t<meta name=\"twitter:label2\" content=\"Dur\u00e9e de lecture estim\u00e9e\" \/>\n\t<meta name=\"twitter:data2\" content=\"7 minutes\" \/>\n<script type=\"application\/ld+json\" class=\"yoast-schema-graph\">{\"@context\":\"https:\/\/schema.org\",\"@graph\":[{\"@type\":\"Article\",\"@id\":\"https:\/\/www.africa-press.net\/djibouti\/economie\/le-sgg-ouvre-ses-portes-a-la-jeunesse-djiboutienne#article\",\"isPartOf\":{\"@id\":\"https:\/\/www.africa-press.net\/djibouti\/economie\/le-sgg-ouvre-ses-portes-a-la-jeunesse-djiboutienne\"},\"author\":{\"name\":\"cfeditorfr\",\"@id\":\"https:\/\/www.africa-press.net\/djibouti\/#\/schema\/person\/2b1cf3cd81a31e3cd26889ca66d677f1\"},\"headline\":\"Le SGG Ouvre Ses Portes \u00c0 La Jeunesse Djiboutienne\",\"datePublished\":\"2026-04-27T06:27:58+00:00\",\"dateModified\":\"2026-04-27T06:41:20+00:00\",\"mainEntityOfPage\":{\"@id\":\"https:\/\/www.africa-press.net\/djibouti\/economie\/le-sgg-ouvre-ses-portes-a-la-jeunesse-djiboutienne\"},\"wordCount\":1577,\"commentCount\":0,\"image\":{\"@id\":\"https:\/\/www.africa-press.net\/djibouti\/economie\/le-sgg-ouvre-ses-portes-a-la-jeunesse-djiboutienne#primaryimage\"},\"thumbnailUrl\":\"https:\/\/static.africa-press.net\/djibouti\/sites\/52\/2026\/04\/sm_1777259396.156189.jpg\",\"keywords\":[\"Djibouti\"],\"articleSection\":[\"\u00c9conomie\",\"Photo\",\"Toutes les actualit\u00e9s\"],\"inLanguage\":\"fr-FR\",\"potentialAction\":[{\"@type\":\"CommentAction\",\"name\":\"Comment\",\"target\":[\"https:\/\/www.africa-press.net\/djibouti\/economie\/le-sgg-ouvre-ses-portes-a-la-jeunesse-djiboutienne#respond\"]}]},{\"@type\":\"WebPage\",\"@id\":\"https:\/\/www.africa-press.net\/djibouti\/economie\/le-sgg-ouvre-ses-portes-a-la-jeunesse-djiboutienne\",\"url\":\"https:\/\/www.africa-press.net\/djibouti\/economie\/le-sgg-ouvre-ses-portes-a-la-jeunesse-djiboutienne\",\"name\":\"Le SGG Ouvre Ses Portes \u00c0 La Jeunesse Djiboutienne - Djibouti\",\"isPartOf\":{\"@id\":\"https:\/\/www.africa-press.net\/djibouti\/#website\"},\"primaryImageOfPage\":{\"@id\":\"https:\/\/www.africa-press.net\/djibouti\/economie\/le-sgg-ouvre-ses-portes-a-la-jeunesse-djiboutienne#primaryimage\"},\"image\":{\"@id\":\"https:\/\/www.africa-press.net\/djibouti\/economie\/le-sgg-ouvre-ses-portes-a-la-jeunesse-djiboutienne#primaryimage\"},\"thumbnailUrl\":\"https:\/\/static.africa-press.net\/djibouti\/sites\/52\/2026\/04\/sm_1777259396.156189.jpg\",\"datePublished\":\"2026-04-27T06:27:58+00:00\",\"dateModified\":\"2026-04-27T06:41:20+00:00\",\"author\":{\"@id\":\"https:\/\/www.africa-press.net\/djibouti\/#\/schema\/person\/2b1cf3cd81a31e3cd26889ca66d677f1\"},\"description\":\"Le dimanche 19 avril 2026, pour la premie\u0300re fois dans le cadre du programme \u00ab Lead or to Be Led\u00bb du DERE Institute, ...\",\"breadcrumb\":{\"@id\":\"https:\/\/www.africa-press.net\/djibouti\/economie\/le-sgg-ouvre-ses-portes-a-la-jeunesse-djiboutienne#breadcrumb\"},\"inLanguage\":\"fr-FR\",\"potentialAction\":[{\"@type\":\"ReadAction\",\"target\":[\"https:\/\/www.africa-press.net\/djibouti\/economie\/le-sgg-ouvre-ses-portes-a-la-jeunesse-djiboutienne\"]}]},{\"@type\":\"ImageObject\",\"inLanguage\":\"fr-FR\",\"@id\":\"https:\/\/www.africa-press.net\/djibouti\/economie\/le-sgg-ouvre-ses-portes-a-la-jeunesse-djiboutienne#primaryimage\",\"url\":\"https:\/\/static.africa-press.net\/djibouti\/sites\/52\/2026\/04\/sm_1777259396.156189.jpg\",\"contentUrl\":\"https:\/\/static.africa-press.net\/djibouti\/sites\/52\/2026\/04\/sm_1777259396.156189.jpg\",\"width\":720,\"height\":392,\"caption\":\"Le SGG Ouvre Ses Portes \u00c0 La Jeunesse Djiboutienne\"},{\"@type\":\"BreadcrumbList\",\"@id\":\"https:\/\/www.africa-press.net\/djibouti\/economie\/le-sgg-ouvre-ses-portes-a-la-jeunesse-djiboutienne#breadcrumb\",\"itemListElement\":[{\"@type\":\"ListItem\",\"position\":1,\"name\":\"Accueil\",\"item\":\"https:\/\/www.africa-press.net\/djibouti\/\"},{\"@type\":\"ListItem\",\"position\":2,\"name\":\"Le SGG Ouvre Ses Portes \u00c0 La Jeunesse Djiboutienne\"}]},{\"@type\":\"WebSite\",\"@id\":\"https:\/\/www.africa-press.net\/djibouti\/#website\",\"url\":\"https:\/\/www.africa-press.net\/djibouti\/\",\"name\":\"Djibouti\",\"description\":\"Just another Africa News Agency Sites site\",\"potentialAction\":[{\"@type\":\"SearchAction\",\"target\":{\"@type\":\"EntryPoint\",\"urlTemplate\":\"https:\/\/www.africa-press.net\/djibouti\/?s={search_term_string}\"},\"query-input\":{\"@type\":\"PropertyValueSpecification\",\"valueRequired\":true,\"valueName\":\"search_term_string\"}}],\"inLanguage\":\"fr-FR\"},{\"@type\":\"Person\",\"@id\":\"https:\/\/www.africa-press.net\/djibouti\/#\/schema\/person\/2b1cf3cd81a31e3cd26889ca66d677f1\",\"name\":\"cfeditorfr\"}]}<\/script>\n<!-- \/ Yoast SEO Premium plugin. -->","yoast_head_json":{"title":"Le SGG Ouvre Ses Portes \u00c0 La Jeunesse Djiboutienne - Djibouti","description":"Le dimanche 19 avril 2026, pour la premie\u0300re fois dans le cadre du programme \u00ab Lead or to Be Led\u00bb du DERE Institute, ...","robots":{"index":"index","follow":"follow","max-snippet":"max-snippet:-1","max-image-preview":"max-image-preview:large","max-video-preview":"max-video-preview:-1"},"canonical":"https:\/\/www.africa-press.net\/djibouti\/economie\/le-sgg-ouvre-ses-portes-a-la-jeunesse-djiboutienne","og_locale":"fr_FR","og_type":"article","og_title":"Le SGG Ouvre Ses Portes \u00c0 La Jeunesse Djiboutienne","og_description":"Le dimanche 19 avril 2026, pour la premie\u0300re fois dans le cadre du programme \u00ab Lead or to Be Led\u00bb du DERE Institute, ...","og_url":"https:\/\/www.africa-press.net\/djibouti\/economie\/le-sgg-ouvre-ses-portes-a-la-jeunesse-djiboutienne","og_site_name":"Djibouti","article_published_time":"2026-04-27T06:27:58+00:00","article_modified_time":"2026-04-27T06:41:20+00:00","og_image":[{"width":720,"height":392,"url":"https:\/\/static.africa-press.net\/djibouti\/sites\/52\/2026\/04\/sm_1777259396.156189.jpg","type":"image\/jpeg"}],"author":"cfeditorfr","twitter_card":"summary_large_image","twitter_misc":{"\u00c9crit par":"cfeditorfr","Dur\u00e9e de lecture estim\u00e9e":"7 minutes"},"schema":{"@context":"https:\/\/schema.org","@graph":[{"@type":"Article","@id":"https:\/\/www.africa-press.net\/djibouti\/economie\/le-sgg-ouvre-ses-portes-a-la-jeunesse-djiboutienne#article","isPartOf":{"@id":"https:\/\/www.africa-press.net\/djibouti\/economie\/le-sgg-ouvre-ses-portes-a-la-jeunesse-djiboutienne"},"author":{"name":"cfeditorfr","@id":"https:\/\/www.africa-press.net\/djibouti\/#\/schema\/person\/2b1cf3cd81a31e3cd26889ca66d677f1"},"headline":"Le SGG Ouvre Ses Portes \u00c0 La Jeunesse Djiboutienne","datePublished":"2026-04-27T06:27:58+00:00","dateModified":"2026-04-27T06:41:20+00:00","mainEntityOfPage":{"@id":"https:\/\/www.africa-press.net\/djibouti\/economie\/le-sgg-ouvre-ses-portes-a-la-jeunesse-djiboutienne"},"wordCount":1577,"commentCount":0,"image":{"@id":"https:\/\/www.africa-press.net\/djibouti\/economie\/le-sgg-ouvre-ses-portes-a-la-jeunesse-djiboutienne#primaryimage"},"thumbnailUrl":"https:\/\/static.africa-press.net\/djibouti\/sites\/52\/2026\/04\/sm_1777259396.156189.jpg","keywords":["Djibouti"],"articleSection":["\u00c9conomie","Photo","Toutes les actualit\u00e9s"],"inLanguage":"fr-FR","potentialAction":[{"@type":"CommentAction","name":"Comment","target":["https:\/\/www.africa-press.net\/djibouti\/economie\/le-sgg-ouvre-ses-portes-a-la-jeunesse-djiboutienne#respond"]}]},{"@type":"WebPage","@id":"https:\/\/www.africa-press.net\/djibouti\/economie\/le-sgg-ouvre-ses-portes-a-la-jeunesse-djiboutienne","url":"https:\/\/www.africa-press.net\/djibouti\/economie\/le-sgg-ouvre-ses-portes-a-la-jeunesse-djiboutienne","name":"Le SGG Ouvre Ses Portes \u00c0 La Jeunesse Djiboutienne - Djibouti","isPartOf":{"@id":"https:\/\/www.africa-press.net\/djibouti\/#website"},"primaryImageOfPage":{"@id":"https:\/\/www.africa-press.net\/djibouti\/economie\/le-sgg-ouvre-ses-portes-a-la-jeunesse-djiboutienne#primaryimage"},"image":{"@id":"https:\/\/www.africa-press.net\/djibouti\/economie\/le-sgg-ouvre-ses-portes-a-la-jeunesse-djiboutienne#primaryimage"},"thumbnailUrl":"https:\/\/static.africa-press.net\/djibouti\/sites\/52\/2026\/04\/sm_1777259396.156189.jpg","datePublished":"2026-04-27T06:27:58+00:00","dateModified":"2026-04-27T06:41:20+00:00","author":{"@id":"https:\/\/www.africa-press.net\/djibouti\/#\/schema\/person\/2b1cf3cd81a31e3cd26889ca66d677f1"},"description":"Le dimanche 19 avril 2026, pour la premie\u0300re fois dans le cadre du programme \u00ab Lead or to Be Led\u00bb du DERE Institute, ...","breadcrumb":{"@id":"https:\/\/www.africa-press.net\/djibouti\/economie\/le-sgg-ouvre-ses-portes-a-la-jeunesse-djiboutienne#breadcrumb"},"inLanguage":"fr-FR","potentialAction":[{"@type":"ReadAction","target":["https:\/\/www.africa-press.net\/djibouti\/economie\/le-sgg-ouvre-ses-portes-a-la-jeunesse-djiboutienne"]}]},{"@type":"ImageObject","inLanguage":"fr-FR","@id":"https:\/\/www.africa-press.net\/djibouti\/economie\/le-sgg-ouvre-ses-portes-a-la-jeunesse-djiboutienne#primaryimage","url":"https:\/\/static.africa-press.net\/djibouti\/sites\/52\/2026\/04\/sm_1777259396.156189.jpg","contentUrl":"https:\/\/static.africa-press.net\/djibouti\/sites\/52\/2026\/04\/sm_1777259396.156189.jpg","width":720,"height":392,"caption":"Le SGG Ouvre Ses Portes \u00c0 La Jeunesse Djiboutienne"},{"@type":"BreadcrumbList","@id":"https:\/\/www.africa-press.net\/djibouti\/economie\/le-sgg-ouvre-ses-portes-a-la-jeunesse-djiboutienne#breadcrumb","itemListElement":[{"@type":"ListItem","position":1,"name":"Accueil","item":"https:\/\/www.africa-press.net\/djibouti\/"},{"@type":"ListItem","position":2,"name":"Le SGG Ouvre Ses Portes \u00c0 La Jeunesse Djiboutienne"}]},{"@type":"WebSite","@id":"https:\/\/www.africa-press.net\/djibouti\/#website","url":"https:\/\/www.africa-press.net\/djibouti\/","name":"Djibouti","description":"Just another Africa News Agency Sites site","potentialAction":[{"@type":"SearchAction","target":{"@type":"EntryPoint","urlTemplate":"https:\/\/www.africa-press.net\/djibouti\/?s={search_term_string}"},"query-input":{"@type":"PropertyValueSpecification","valueRequired":true,"valueName":"search_term_string"}}],"inLanguage":"fr-FR"},{"@type":"Person","@id":"https:\/\/www.africa-press.net\/djibouti\/#\/schema\/person\/2b1cf3cd81a31e3cd26889ca66d677f1","name":"cfeditorfr"}]}},"_links":{"self":[{"href":"https:\/\/www.africa-press.net\/djibouti\/wp-json\/wp\/v2\/posts\/56959","targetHints":{"allow":["GET"]}}],"collection":[{"href":"https:\/\/www.africa-press.net\/djibouti\/wp-json\/wp\/v2\/posts"}],"about":[{"href":"https:\/\/www.africa-press.net\/djibouti\/wp-json\/wp\/v2\/types\/post"}],"author":[{"embeddable":true,"href":"https:\/\/www.africa-press.net\/djibouti\/wp-json\/wp\/v2\/users\/82"}],"replies":[{"embeddable":true,"href":"https:\/\/www.africa-press.net\/djibouti\/wp-json\/wp\/v2\/comments?post=56959"}],"version-history":[{"count":1,"href":"https:\/\/www.africa-press.net\/djibouti\/wp-json\/wp\/v2\/posts\/56959\/revisions"}],"predecessor-version":[{"id":56964,"href":"https:\/\/www.africa-press.net\/djibouti\/wp-json\/wp\/v2\/posts\/56959\/revisions\/56964"}],"wp:featuredmedia":[{"embeddable":true,"href":"https:\/\/www.africa-press.net\/djibouti\/wp-json\/wp\/v2\/media\/56958"}],"wp:attachment":[{"href":"https:\/\/www.africa-press.net\/djibouti\/wp-json\/wp\/v2\/media?parent=56959"}],"wp:term":[{"taxonomy":"category","embeddable":true,"href":"https:\/\/www.africa-press.net\/djibouti\/wp-json\/wp\/v2\/categories?post=56959"},{"taxonomy":"post_tag","embeddable":true,"href":"https:\/\/www.africa-press.net\/djibouti\/wp-json\/wp\/v2\/tags?post=56959"}],"curies":[{"name":"wp","href":"https:\/\/api.w.org\/{rel}","templated":true}]}}