{"id":56968,"date":"2026-04-27T07:04:12","date_gmt":"2026-04-27T07:04:12","guid":{"rendered":"https:\/\/www.africa-press.net\/djibouti\/politique\/cloture-de-la-24eme-promotion-de-la-police-somalienne"},"modified":"2026-04-27T07:13:20","modified_gmt":"2026-04-27T07:13:20","slug":"cloture-de-la-24eme-promotion-de-la-police-somalienne","status":"publish","type":"post","link":"https:\/\/www.africa-press.net\/djibouti\/photo\/cloture-de-la-24eme-promotion-de-la-police-somalienne","title":{"rendered":"Cl\u00f4ture de la 24\u00e8me Promotion de la Police Somalienne"},"content":{"rendered":"<p><span style=\"color: #ff6600\"><strong>Africa-Press &#8211; Djibouti. <\/strong><\/span>La ce\u0301re\u0301monie de clo\u0302ture de la formation de la 24e promotion de la police somalienne, baptise\u0301e \u00ab MIADIT 24 Somalia \u00bb, s\u2019est tenue jeudi dernier a\u0300 l\u2019Acade\u0301mie de Police Idriss Farah Abaneh a\u0300 Djibouti. Pre\u0301side\u0301e par le ministre de l\u2019Inte\u0301rieur, SaidNouh Hassan, cette session marque l\u2019aboutissement de plusieurs mois de formation intensive assure\u0301e conjointement par des instructeurs de la police djiboutienne et des carabiniers italiens.<\/p>\n<p>La ce\u0301re\u0301monie a mis en lumie\u0300re la coope\u0301ration e\u0301troite entre Djibouti, la Somalie et l\u2019Italie dans le domaine de la se\u0301curite\u0301. A\u0300 son arrive\u0301e, le ministre a e\u0301te\u0301 accueilli par le Directeur Ge\u0301ne\u0301ral de la Police Nationale, le colonel Abdourahman Ali Kahin, avant de passer en revue les troupes aux co\u0302te\u0301s de plusieurs hauts responsables, dont le commandant de la police somalienne, Assad Osman Abdullahi, et le ge\u0301ne\u0301ral italien Andrea TorrelliSalimbeni.<\/p>\n<p>Cette formation s\u2019inscrit dans le cadre de la mission italienne MIADIT, une initiative de coope\u0301ration lance\u0301e a\u0300 la suite d\u2019accords signe\u0301s entre 2013 et 2014. Elle vise a\u0300 renforcer les capacite\u0301s des forces de se\u0301curite\u0301 somaliennes et a\u0300 soutenir la stabilisation du pays. Depuis 2015, ces formations sont organise\u0301es a\u0300 un rythme semestriel a\u0300 Djibouti.<\/p>\n<p>Durant leur cursus, les stagiaires ont acquis des compe\u0301tences essentielles en matie\u0300re de maintien de l\u2019ordre, d\u2019intervention en milieu urbain, de protection des civils, ainsi que de lutte contre la criminalite\u0301 organise\u0301e et le terrorisme. Une attention particulie\u0300re a e\u0301te\u0301 accorde\u0301e au respect des droits humains, pilier fondamental de l\u2019action policie\u0300re moderne.<\/p>\n<p>La ce\u0301re\u0301monie a rassemble\u0301 de nombreuses personnalite\u0301s, dont le ministre du Travail, Omar Abdi Said, et le chef d\u2019e\u0301tat-major ge\u0301ne\u0301ral des arme\u0301es, le ge\u0301ne\u0301ral Zakaria Cheikh Ibrahim, te\u0301moignant de l\u2019importance strate\u0301gique de cette initiative.<\/p>\n<p>Dans son discours, le colonel Abdourahman Ali Kahin a insiste\u0301 sur le ro\u0302le crucial des forces de se\u0301curite\u0301 dans la reconstruction de la Somalie. Il a exhorte\u0301 les nouvelles recrues a\u0300 faire preuve d\u2019inte\u0301grite\u0301, de professionnalisme et de sens du devoir, rappelant que la le\u0301gitimite\u0301 de la police repose avant tout sur le respect et la confiance des citoyens.<\/p>\n<p>Le moment fort de la ce\u0301re\u0301monie a e\u0301te\u0301 la de\u0301monstration des compe\u0301tences acquises par les stagiaires, a\u0300 travers des exercices tactiques et des simulations d\u2019intervention, illustrant leur pre\u0301paration ope\u0301rationnelle et leur cohe\u0301sion. La remise des attestations aux nouveaux policiers, ainsi que des certificats de me\u0301rite aux carabiniers italiens, a clo\u0302ture\u0301 l\u2019e\u0301ve\u0301nement.<\/p>\n<p>A\u0300 travers cette 24e promotion, les partenaires re\u0301affirment leur engagement commun en faveur de la paix, de la stabilite\u0301 et du renforcement des institutions se\u0301curitaires en Somalie et dans l\u2019ensemble de la Corne de l\u2019Afrique.<\/p>\n\r\n                <style type=\"text\/css\">\r\n                    \r\n                    #td_uid_1_69ef3ab435e45  .td-doubleSlider-2 .td-item1 {\r\n                        background: url(https:\/\/static.africa-press.net\/djibouti\/sites\/52\/2026\/04\/sm_1777261370.56357-80x60.jpg) 0 0 no-repeat;\r\n                    }\r\n                    #td_uid_1_69ef3ab435e45  .td-doubleSlider-2 .td-item2 {\r\n                        background: url(https:\/\/static.africa-press.net\/djibouti\/sites\/52\/2026\/04\/sm_1777261376.815014-80x60.jpg) 0 0 no-repeat;\r\n                    }\r\n                <\/style>\r\n\r\n                <div id=\"td_uid_1_69ef3ab435e45\" class=\"td-gallery td-slide-on-2-columns\">\r\n                    <div class=\"post_td_gallery\">\r\n                        <div class=\"td-gallery-slide-top\">\r\n                           <div class=\"td-gallery-title\"><\/div>\r\n\r\n                            <div class=\"td-gallery-controls-wrapper\">\r\n                                <div class=\"td-gallery-slide-count\"><span class=\"td-gallery-slide-item-focus\">1<\/span> de 2<\/div>\r\n                                <div class=\"td-gallery-slide-prev-next-but\">\r\n                                    <i class = \"td-icon-left doubleSliderPrevButton\"><\/i>\r\n                                    <i class = \"td-icon-right doubleSliderNextButton\"><\/i>\r\n                                <\/div>\r\n                            <\/div>\r\n                        <\/div>\r\n\r\n                        <div class = \"td-doubleSlider-1 \">\r\n                            <div class = \"td-slider\">\r\n                                \r\n                    <div class = \"td-slide-item td-item1\">\r\n                        <figure class=\"td-slide-galery-figure td-slide-popup-gallery\">\r\n                            <a class=\"slide-gallery-image-link\" href=\"https:\/\/static.africa-press.net\/djibouti\/sites\/52\/2026\/04\/sm_1777261370.56357.jpg\" title=\"sm_1777261370.56357\"  data-caption=\"\"  data-description=\"\">\r\n                                <img decoding=\"async\" src=\"https:\/\/static.africa-press.net\/djibouti\/sites\/52\/2026\/04\/sm_1777261370.56357.jpg\" srcset=\"https:\/\/static.africa-press.net\/djibouti\/sites\/52\/2026\/04\/sm_1777261370.56357.jpg 1024w, https:\/\/static.africa-press.net\/djibouti\/sites\/52\/2026\/04\/sm_1777261370.56357-300x168.jpg 300w, https:\/\/static.africa-press.net\/djibouti\/sites\/52\/2026\/04\/sm_1777261370.56357-768x431.jpg 768w\" sizes=\"(max-width: 1024px) 100vw, 1024px\" alt=\"\">\r\n                            <\/a>\r\n                            \r\n                        <\/figure>\r\n                    <\/div>\r\n                    <div class = \"td-slide-item td-item2\">\r\n                        <figure class=\"td-slide-galery-figure td-slide-popup-gallery\">\r\n                            <a class=\"slide-gallery-image-link\" href=\"https:\/\/static.africa-press.net\/djibouti\/sites\/52\/2026\/04\/sm_1777261376.815014.jpg\" title=\"sm_1777261376.815014\"  data-caption=\"\"  data-description=\"\">\r\n                                <img decoding=\"async\" src=\"https:\/\/static.africa-press.net\/djibouti\/sites\/52\/2026\/04\/sm_1777261376.815014.jpg\" srcset=\"https:\/\/static.africa-press.net\/djibouti\/sites\/52\/2026\/04\/sm_1777261376.815014.jpg 1024w, https:\/\/static.africa-press.net\/djibouti\/sites\/52\/2026\/04\/sm_1777261376.815014-300x168.jpg 300w, https:\/\/static.africa-press.net\/djibouti\/sites\/52\/2026\/04\/sm_1777261376.815014-768x431.jpg 768w\" sizes=\"(max-width: 1024px) 100vw, 1024px\" alt=\"\">\r\n                            <\/a>\r\n                            \r\n                        <\/figure>\r\n                    <\/div>\r\n                            <\/div>\r\n                        <\/div>\r\n\r\n                        <div class = \"td-doubleSlider-2\">\r\n                            <div class = \"td-slider\">\r\n                                \r\n                    <div class = \"td-button td-item1\">\r\n                        <div class = \"td-border\"><\/div>\r\n                    <\/div>\r\n                    <div class = \"td-button td-item2\">\r\n                        <div class = \"td-border\"><\/div>\r\n                    <\/div>\r\n                            <\/div>\r\n                        <\/div>\r\n\r\n                    <\/div>\r\n\r\n                <\/div>\r\n                \n<p><strong>Pour plus d&rsquo;informations et d&rsquo;analyses sur la <span style=\"color: #ff6600\">Djibouti<\/span>, suivez <span style=\"color: #ff6600\">Africa-Press<\/span><\/strong><\/p>\n","protected":false},"excerpt":{"rendered":"<p>Africa-Press &#8211; Djibouti. La ce\u0301re\u0301monie de clo\u0302ture de la formation de la 24e promotion de la police somalienne, baptise\u0301e \u00ab MIADIT 24 Somalia \u00bb, s\u2019est tenue jeudi dernier a\u0300 l\u2019Acade\u0301mie de Police Idriss Farah Abaneh a\u0300 Djibouti. Pre\u0301side\u0301e par le ministre de l\u2019Inte\u0301rieur, SaidNouh Hassan, cette session marque l\u2019aboutissement de plusieurs mois de formation intensive [&hellip;]<\/p>\n","protected":false},"author":82,"featured_media":56967,"comment_status":"open","ping_status":"closed","sticky":false,"template":"","format":"standard","meta":{"footnotes":""},"categories":[21,8,10],"tags":[50],"class_list":["post-56968","post","type-post","status-publish","format-standard","has-post-thumbnail","hentry","category-communaute","category-photo","category-toutes-les-actualites","tag-djibouti"],"yoast_head":"<!-- This site is optimized with the Yoast SEO Premium plugin v26.1 (Yoast SEO v27.0) - https:\/\/yoast.com\/product\/yoast-seo-premium-wordpress\/ -->\n<title>Cl\u00f4ture de la 24\u00e8me Promotion de la Police Somalienne - Djibouti<\/title>\n<meta name=\"description\" content=\"La ce\u0301re\u0301monie de clo\u0302ture de la formation de la 24e promotion de la police somalienne, baptise\u0301e \u00ab MIADIT 24 Somalia \u00bb, ...\" \/>\n<meta name=\"robots\" content=\"index, follow, max-snippet:-1, max-image-preview:large, max-video-preview:-1\" \/>\n<link rel=\"canonical\" href=\"https:\/\/www.africa-press.net\/djibouti\/photo\/cloture-de-la-24eme-promotion-de-la-police-somalienne\" \/>\n<meta property=\"og:locale\" content=\"fr_FR\" \/>\n<meta property=\"og:type\" content=\"article\" \/>\n<meta property=\"og:title\" content=\"Cl\u00f4ture de la 24\u00e8me Promotion de la Police Somalienne\" \/>\n<meta property=\"og:description\" content=\"La ce\u0301re\u0301monie de clo\u0302ture de la formation de la 24e promotion de la police somalienne, baptise\u0301e \u00ab MIADIT 24 Somalia \u00bb, ...\" \/>\n<meta property=\"og:url\" content=\"https:\/\/www.africa-press.net\/djibouti\/photo\/cloture-de-la-24eme-promotion-de-la-police-somalienne\" \/>\n<meta property=\"og:site_name\" content=\"Djibouti\" \/>\n<meta property=\"article:published_time\" content=\"2026-04-27T07:04:12+00:00\" \/>\n<meta property=\"article:modified_time\" content=\"2026-04-27T07:13:20+00:00\" \/>\n<meta property=\"og:image\" content=\"https:\/\/static.africa-press.net\/djibouti\/sites\/52\/2026\/04\/sm_1777261382.903545.jpg\" \/>\n\t<meta property=\"og:image:width\" content=\"720\" \/>\n\t<meta property=\"og:image:height\" content=\"403\" \/>\n\t<meta property=\"og:image:type\" content=\"image\/jpeg\" \/>\n<meta name=\"author\" content=\"cfeditorfr\" \/>\n<meta name=\"twitter:card\" content=\"summary_large_image\" \/>\n<meta name=\"twitter:label1\" content=\"\u00c9crit par\" \/>\n\t<meta name=\"twitter:data1\" content=\"cfeditorfr\" \/>\n\t<meta name=\"twitter:label2\" content=\"Dur\u00e9e de lecture estim\u00e9e\" \/>\n\t<meta name=\"twitter:data2\" content=\"3 minutes\" \/>\n<script type=\"application\/ld+json\" class=\"yoast-schema-graph\">{\"@context\":\"https:\/\/schema.org\",\"@graph\":[{\"@type\":\"Article\",\"@id\":\"https:\/\/www.africa-press.net\/djibouti\/photo\/cloture-de-la-24eme-promotion-de-la-police-somalienne#article\",\"isPartOf\":{\"@id\":\"https:\/\/www.africa-press.net\/djibouti\/photo\/cloture-de-la-24eme-promotion-de-la-police-somalienne\"},\"author\":{\"name\":\"cfeditorfr\",\"@id\":\"https:\/\/www.africa-press.net\/djibouti\/#\/schema\/person\/2b1cf3cd81a31e3cd26889ca66d677f1\"},\"headline\":\"Cl\u00f4ture de la 24\u00e8me Promotion de la Police Somalienne\",\"datePublished\":\"2026-04-27T07:04:12+00:00\",\"dateModified\":\"2026-04-27T07:13:20+00:00\",\"mainEntityOfPage\":{\"@id\":\"https:\/\/www.africa-press.net\/djibouti\/photo\/cloture-de-la-24eme-promotion-de-la-police-somalienne\"},\"wordCount\":533,\"commentCount\":0,\"image\":{\"@id\":\"https:\/\/www.africa-press.net\/djibouti\/photo\/cloture-de-la-24eme-promotion-de-la-police-somalienne#primaryimage\"},\"thumbnailUrl\":\"https:\/\/static.africa-press.net\/djibouti\/sites\/52\/2026\/04\/sm_1777261382.903545.jpg\",\"keywords\":[\"Djibouti\"],\"articleSection\":[\"Communaut\u00e9\",\"Photo\",\"Toutes les actualit\u00e9s\"],\"inLanguage\":\"fr-FR\",\"potentialAction\":[{\"@type\":\"CommentAction\",\"name\":\"Comment\",\"target\":[\"https:\/\/www.africa-press.net\/djibouti\/photo\/cloture-de-la-24eme-promotion-de-la-police-somalienne#respond\"]}]},{\"@type\":\"WebPage\",\"@id\":\"https:\/\/www.africa-press.net\/djibouti\/photo\/cloture-de-la-24eme-promotion-de-la-police-somalienne\",\"url\":\"https:\/\/www.africa-press.net\/djibouti\/photo\/cloture-de-la-24eme-promotion-de-la-police-somalienne\",\"name\":\"Cl\u00f4ture de la 24\u00e8me Promotion de la Police Somalienne - Djibouti\",\"isPartOf\":{\"@id\":\"https:\/\/www.africa-press.net\/djibouti\/#website\"},\"primaryImageOfPage\":{\"@id\":\"https:\/\/www.africa-press.net\/djibouti\/photo\/cloture-de-la-24eme-promotion-de-la-police-somalienne#primaryimage\"},\"image\":{\"@id\":\"https:\/\/www.africa-press.net\/djibouti\/photo\/cloture-de-la-24eme-promotion-de-la-police-somalienne#primaryimage\"},\"thumbnailUrl\":\"https:\/\/static.africa-press.net\/djibouti\/sites\/52\/2026\/04\/sm_1777261382.903545.jpg\",\"datePublished\":\"2026-04-27T07:04:12+00:00\",\"dateModified\":\"2026-04-27T07:13:20+00:00\",\"author\":{\"@id\":\"https:\/\/www.africa-press.net\/djibouti\/#\/schema\/person\/2b1cf3cd81a31e3cd26889ca66d677f1\"},\"description\":\"La ce\u0301re\u0301monie de clo\u0302ture de la formation de la 24e promotion de la police somalienne, baptise\u0301e \u00ab MIADIT 24 Somalia \u00bb, ...\",\"breadcrumb\":{\"@id\":\"https:\/\/www.africa-press.net\/djibouti\/photo\/cloture-de-la-24eme-promotion-de-la-police-somalienne#breadcrumb\"},\"inLanguage\":\"fr-FR\",\"potentialAction\":[{\"@type\":\"ReadAction\",\"target\":[\"https:\/\/www.africa-press.net\/djibouti\/photo\/cloture-de-la-24eme-promotion-de-la-police-somalienne\"]}]},{\"@type\":\"ImageObject\",\"inLanguage\":\"fr-FR\",\"@id\":\"https:\/\/www.africa-press.net\/djibouti\/photo\/cloture-de-la-24eme-promotion-de-la-police-somalienne#primaryimage\",\"url\":\"https:\/\/static.africa-press.net\/djibouti\/sites\/52\/2026\/04\/sm_1777261382.903545.jpg\",\"contentUrl\":\"https:\/\/static.africa-press.net\/djibouti\/sites\/52\/2026\/04\/sm_1777261382.903545.jpg\",\"width\":720,\"height\":403,\"caption\":\"Cl\u00f4ture de la 24\u00e8me Promotion de la Police Somalienne\"},{\"@type\":\"BreadcrumbList\",\"@id\":\"https:\/\/www.africa-press.net\/djibouti\/photo\/cloture-de-la-24eme-promotion-de-la-police-somalienne#breadcrumb\",\"itemListElement\":[{\"@type\":\"ListItem\",\"position\":1,\"name\":\"Accueil\",\"item\":\"https:\/\/www.africa-press.net\/djibouti\/\"},{\"@type\":\"ListItem\",\"position\":2,\"name\":\"Cl\u00f4ture de la 24\u00e8me Promotion de la Police Somalienne\"}]},{\"@type\":\"WebSite\",\"@id\":\"https:\/\/www.africa-press.net\/djibouti\/#website\",\"url\":\"https:\/\/www.africa-press.net\/djibouti\/\",\"name\":\"Djibouti\",\"description\":\"Just another Africa News Agency Sites site\",\"potentialAction\":[{\"@type\":\"SearchAction\",\"target\":{\"@type\":\"EntryPoint\",\"urlTemplate\":\"https:\/\/www.africa-press.net\/djibouti\/?s={search_term_string}\"},\"query-input\":{\"@type\":\"PropertyValueSpecification\",\"valueRequired\":true,\"valueName\":\"search_term_string\"}}],\"inLanguage\":\"fr-FR\"},{\"@type\":\"Person\",\"@id\":\"https:\/\/www.africa-press.net\/djibouti\/#\/schema\/person\/2b1cf3cd81a31e3cd26889ca66d677f1\",\"name\":\"cfeditorfr\"}]}<\/script>\n<!-- \/ Yoast SEO Premium plugin. -->","yoast_head_json":{"title":"Cl\u00f4ture de la 24\u00e8me Promotion de la Police Somalienne - Djibouti","description":"La ce\u0301re\u0301monie de clo\u0302ture de la formation de la 24e promotion de la police somalienne, baptise\u0301e \u00ab MIADIT 24 Somalia \u00bb, ...","robots":{"index":"index","follow":"follow","max-snippet":"max-snippet:-1","max-image-preview":"max-image-preview:large","max-video-preview":"max-video-preview:-1"},"canonical":"https:\/\/www.africa-press.net\/djibouti\/photo\/cloture-de-la-24eme-promotion-de-la-police-somalienne","og_locale":"fr_FR","og_type":"article","og_title":"Cl\u00f4ture de la 24\u00e8me Promotion de la Police Somalienne","og_description":"La ce\u0301re\u0301monie de clo\u0302ture de la formation de la 24e promotion de la police somalienne, baptise\u0301e \u00ab MIADIT 24 Somalia \u00bb, ...","og_url":"https:\/\/www.africa-press.net\/djibouti\/photo\/cloture-de-la-24eme-promotion-de-la-police-somalienne","og_site_name":"Djibouti","article_published_time":"2026-04-27T07:04:12+00:00","article_modified_time":"2026-04-27T07:13:20+00:00","og_image":[{"width":720,"height":403,"url":"https:\/\/static.africa-press.net\/djibouti\/sites\/52\/2026\/04\/sm_1777261382.903545.jpg","type":"image\/jpeg"}],"author":"cfeditorfr","twitter_card":"summary_large_image","twitter_misc":{"\u00c9crit par":"cfeditorfr","Dur\u00e9e de lecture estim\u00e9e":"3 minutes"},"schema":{"@context":"https:\/\/schema.org","@graph":[{"@type":"Article","@id":"https:\/\/www.africa-press.net\/djibouti\/photo\/cloture-de-la-24eme-promotion-de-la-police-somalienne#article","isPartOf":{"@id":"https:\/\/www.africa-press.net\/djibouti\/photo\/cloture-de-la-24eme-promotion-de-la-police-somalienne"},"author":{"name":"cfeditorfr","@id":"https:\/\/www.africa-press.net\/djibouti\/#\/schema\/person\/2b1cf3cd81a31e3cd26889ca66d677f1"},"headline":"Cl\u00f4ture de la 24\u00e8me Promotion de la Police Somalienne","datePublished":"2026-04-27T07:04:12+00:00","dateModified":"2026-04-27T07:13:20+00:00","mainEntityOfPage":{"@id":"https:\/\/www.africa-press.net\/djibouti\/photo\/cloture-de-la-24eme-promotion-de-la-police-somalienne"},"wordCount":533,"commentCount":0,"image":{"@id":"https:\/\/www.africa-press.net\/djibouti\/photo\/cloture-de-la-24eme-promotion-de-la-police-somalienne#primaryimage"},"thumbnailUrl":"https:\/\/static.africa-press.net\/djibouti\/sites\/52\/2026\/04\/sm_1777261382.903545.jpg","keywords":["Djibouti"],"articleSection":["Communaut\u00e9","Photo","Toutes les actualit\u00e9s"],"inLanguage":"fr-FR","potentialAction":[{"@type":"CommentAction","name":"Comment","target":["https:\/\/www.africa-press.net\/djibouti\/photo\/cloture-de-la-24eme-promotion-de-la-police-somalienne#respond"]}]},{"@type":"WebPage","@id":"https:\/\/www.africa-press.net\/djibouti\/photo\/cloture-de-la-24eme-promotion-de-la-police-somalienne","url":"https:\/\/www.africa-press.net\/djibouti\/photo\/cloture-de-la-24eme-promotion-de-la-police-somalienne","name":"Cl\u00f4ture de la 24\u00e8me Promotion de la Police Somalienne - Djibouti","isPartOf":{"@id":"https:\/\/www.africa-press.net\/djibouti\/#website"},"primaryImageOfPage":{"@id":"https:\/\/www.africa-press.net\/djibouti\/photo\/cloture-de-la-24eme-promotion-de-la-police-somalienne#primaryimage"},"image":{"@id":"https:\/\/www.africa-press.net\/djibouti\/photo\/cloture-de-la-24eme-promotion-de-la-police-somalienne#primaryimage"},"thumbnailUrl":"https:\/\/static.africa-press.net\/djibouti\/sites\/52\/2026\/04\/sm_1777261382.903545.jpg","datePublished":"2026-04-27T07:04:12+00:00","dateModified":"2026-04-27T07:13:20+00:00","author":{"@id":"https:\/\/www.africa-press.net\/djibouti\/#\/schema\/person\/2b1cf3cd81a31e3cd26889ca66d677f1"},"description":"La ce\u0301re\u0301monie de clo\u0302ture de la formation de la 24e promotion de la police somalienne, baptise\u0301e \u00ab MIADIT 24 Somalia \u00bb, ...","breadcrumb":{"@id":"https:\/\/www.africa-press.net\/djibouti\/photo\/cloture-de-la-24eme-promotion-de-la-police-somalienne#breadcrumb"},"inLanguage":"fr-FR","potentialAction":[{"@type":"ReadAction","target":["https:\/\/www.africa-press.net\/djibouti\/photo\/cloture-de-la-24eme-promotion-de-la-police-somalienne"]}]},{"@type":"ImageObject","inLanguage":"fr-FR","@id":"https:\/\/www.africa-press.net\/djibouti\/photo\/cloture-de-la-24eme-promotion-de-la-police-somalienne#primaryimage","url":"https:\/\/static.africa-press.net\/djibouti\/sites\/52\/2026\/04\/sm_1777261382.903545.jpg","contentUrl":"https:\/\/static.africa-press.net\/djibouti\/sites\/52\/2026\/04\/sm_1777261382.903545.jpg","width":720,"height":403,"caption":"Cl\u00f4ture de la 24\u00e8me Promotion de la Police Somalienne"},{"@type":"BreadcrumbList","@id":"https:\/\/www.africa-press.net\/djibouti\/photo\/cloture-de-la-24eme-promotion-de-la-police-somalienne#breadcrumb","itemListElement":[{"@type":"ListItem","position":1,"name":"Accueil","item":"https:\/\/www.africa-press.net\/djibouti\/"},{"@type":"ListItem","position":2,"name":"Cl\u00f4ture de la 24\u00e8me Promotion de la Police Somalienne"}]},{"@type":"WebSite","@id":"https:\/\/www.africa-press.net\/djibouti\/#website","url":"https:\/\/www.africa-press.net\/djibouti\/","name":"Djibouti","description":"Just another Africa News Agency Sites site","potentialAction":[{"@type":"SearchAction","target":{"@type":"EntryPoint","urlTemplate":"https:\/\/www.africa-press.net\/djibouti\/?s={search_term_string}"},"query-input":{"@type":"PropertyValueSpecification","valueRequired":true,"valueName":"search_term_string"}}],"inLanguage":"fr-FR"},{"@type":"Person","@id":"https:\/\/www.africa-press.net\/djibouti\/#\/schema\/person\/2b1cf3cd81a31e3cd26889ca66d677f1","name":"cfeditorfr"}]}},"_links":{"self":[{"href":"https:\/\/www.africa-press.net\/djibouti\/wp-json\/wp\/v2\/posts\/56968","targetHints":{"allow":["GET"]}}],"collection":[{"href":"https:\/\/www.africa-press.net\/djibouti\/wp-json\/wp\/v2\/posts"}],"about":[{"href":"https:\/\/www.africa-press.net\/djibouti\/wp-json\/wp\/v2\/types\/post"}],"author":[{"embeddable":true,"href":"https:\/\/www.africa-press.net\/djibouti\/wp-json\/wp\/v2\/users\/82"}],"replies":[{"embeddable":true,"href":"https:\/\/www.africa-press.net\/djibouti\/wp-json\/wp\/v2\/comments?post=56968"}],"version-history":[{"count":1,"href":"https:\/\/www.africa-press.net\/djibouti\/wp-json\/wp\/v2\/posts\/56968\/revisions"}],"predecessor-version":[{"id":56971,"href":"https:\/\/www.africa-press.net\/djibouti\/wp-json\/wp\/v2\/posts\/56968\/revisions\/56971"}],"wp:featuredmedia":[{"embeddable":true,"href":"https:\/\/www.africa-press.net\/djibouti\/wp-json\/wp\/v2\/media\/56967"}],"wp:attachment":[{"href":"https:\/\/www.africa-press.net\/djibouti\/wp-json\/wp\/v2\/media?parent=56968"}],"wp:term":[{"taxonomy":"category","embeddable":true,"href":"https:\/\/www.africa-press.net\/djibouti\/wp-json\/wp\/v2\/categories?post=56968"},{"taxonomy":"post_tag","embeddable":true,"href":"https:\/\/www.africa-press.net\/djibouti\/wp-json\/wp\/v2\/tags?post=56968"}],"curies":[{"name":"wp","href":"https:\/\/api.w.org\/{rel}","templated":true}]}}