{"id":56978,"date":"2026-04-27T07:06:12","date_gmt":"2026-04-27T07:06:12","guid":{"rendered":"https:\/\/www.africa-press.net\/djibouti\/politique\/kwibuka32-memoire-et-engagement-contre-le-genocide"},"modified":"2026-04-27T07:14:06","modified_gmt":"2026-04-27T07:14:06","slug":"kwibuka32-memoire-et-engagement-contre-le-genocide","status":"publish","type":"post","link":"https:\/\/www.africa-press.net\/djibouti\/politique\/kwibuka32-memoire-et-engagement-contre-le-genocide","title":{"rendered":"Kwibuka32: Me\u0301moire et Engagement Contre le Ge\u0301nocide"},"content":{"rendered":"<p><span style=\"color: #ff6600\"><strong>Africa-Press &#8211; Djibouti. <\/strong><\/span><b>L\u2019Ambassade de la Re\u0301publique du Rwanda avec re\u0301sidence a\u0300 Addis-Abeba, accre\u0301dite\u0301 aupre\u0300s de la Re\u0301publique de Djibouti, en collaboration avec le Gouvernement de la Re\u0301publique de Djibouti, a organise\u0301 jeudi dernier au palais du peuple, la 32e comme\u0301moration du Ge\u0301nocide perpe\u0301tre\u0301 contre les Tutsi au Rwanda en 1994<\/b>.<\/p>\n<p>L\u2019e\u0301ve\u0300nement a e\u0301te\u0301 place\u0301e sous le the\u0300me \u00ab se souvenir, ba\u0302tir ensemble, se renouveler \u00bb, elle a rassemble\u0301 entre autresles membres du gouvernement, les corps diplomatique et consulaires,les repre\u0301sentants des organisations du syste\u0300me des Nations-Unies, des acteurs du secteur prive\u0301, ainsi que des membres de la communaute\u0301 rwandaise re\u0301sidente a\u0300 Djibouti et des amis du Rwanda, afin de rendre hommage a\u0300 plus d\u2019un million de Tutsi innocents brutalement tue\u0301s en 1994.<\/p>\n<p>Dans son allocution, S.E. Maj. Gen. (Rtd) Charles Karamba, Ambassadeur de la Re\u0301publique du Rwanda aupre\u0300s de Djibouti et de l\u2019E\u0301thiopie et Repre\u0301sentant permanent aupre\u0300s de l\u2019Union africaine et de la CEA, a re\u0301affirme\u0301 l\u2019engagement inde\u0301fectible du Rwanda en matie\u0300re de me\u0301moire et de pre\u0301vention. Il a de\u0301clare\u0301: \u00ab Le Rwanda demeure fermement engage\u0301 dans son devoir solennel de prote\u0301ger sa population contre le fle\u0301au du ge\u0301nocide. A\u0300 l\u2019occasion de la 32e comme\u0301moration du Ge\u0301nocide perpe\u0301tre\u0301 contre les Tutsi en 1994, Son Excellence Paul Kagame, Pre\u0301sident de la Re\u0301publique du Rwanda, nous rappelle que \u201cnous ne pouvons pas nous permettre de re\u0301pe\u0301ter les erreurs du passe\u0301, et que l\u2019ide\u0301ologie du ge\u0301nocide continue de se propager dans notre re\u0301gion. Si elle n\u2019est pas contenue, elle a le pouvoir de nous faire tous reculer.\u201d \u00bb<\/p>\n<p>Il a e\u0301galement souligne\u0301 que le Rwanda a fait le choix de\u0301libe\u0301re\u0301 et courageux de placer l\u2019unite\u0301 au c\u0153ur de la reconstruction nationale, en privile\u0301giant la re\u0301conciliation a\u0300 la revanche, la solidarite\u0301 a\u0300 la division et le progre\u0300s au de\u0301sespoir des choix qui ont fac\u0327onne\u0301 le remarquable parcours de re\u0301silience et de transformation du pays.<\/p>\n<p>L\u2019Ambassadeur a par ailleurs mis en garde contre la persistance des discours de haine et de l\u2019ide\u0301ologie du ge\u0301nocide dans la re\u0301gion, souvent propage\u0301s par des groupes re\u0301siduels des forces ge\u0301nocidaires, notamment les Forces de\u0301mocratiques de libe\u0301ration du Rwanda (FDLR), qui continuent de menacer la stabilite\u0301 re\u0301gionale et la se\u0301curite\u0301 du Rwanda.<\/p>\n<p>Il a souligne\u0301 que cette menace persistante renforce la responsabilite\u0301 du Rwanda de prote\u0301ger sa population et de pre\u0301server sa souverainete\u0301, avec une de\u0301termination sans faille a\u0300 pre\u0301venir toute re\u0301pe\u0301tition du Ge\u0301nocide contre les Tutsi.<\/p>\n<p>Prenant la parole a\u0300 son tour, la Ministre de la femme et de la famille, MmeMouna Osman Aden, a exprime\u0301 sa solidarite\u0301 avec le peuple rwandais et re\u0301affirmant l\u2019engagement de Djibouti dans la lutte mondiale contre l\u2019ide\u0301ologie du ge\u0301nocide et les crimes contre l\u2019humanite\u0301. \u00ab En me\u0301moire des victimes, en hommage a\u0300 votre peuple, et en signe de notre engagement partage\u0301 pour un monde plus juste, Djibouti est et demeurera a\u0300 vos co\u0302te\u0301s \u00bb. Elle a insiste\u0301 e\u0301galement sur l\u2019importance de la me\u0301moire, de l\u2019e\u0301ducation et de l\u2019action collective.<\/p>\n<p>La ce\u0301re\u0301monie a e\u0301te\u0301 marque\u0301e e\u0301galement par de se\u0301rie d\u2019activite\u0301s empreintes de solennite\u0301 et des moments de recueillement, des te\u0301moignages ainsi qu\u2019un allumage de bougies en me\u0301moire des victimes, re\u0301affirmant l\u2019engagement commun en faveur du \u00abPlus jamais c\u0327a \u00bb.<\/p>\n<p>Alors que le Rwanda et la communaute\u0301 internationale comme\u0301morent Kwibuka32, les participants ont renouvele\u0301 leur engagement a\u0300 promouvoir les valeurs d\u2019unite\u0301, de dignite\u0301 et d\u2019humanite\u0301.<\/p>\n\r\n                <style type=\"text\/css\">\r\n                    \r\n                    #td_uid_1_69ef3ab4106fb  .td-doubleSlider-2 .td-item1 {\r\n                        background: url(https:\/\/static.africa-press.net\/djibouti\/sites\/52\/2026\/04\/sm_1777261417.818357-80x60.jpg) 0 0 no-repeat;\r\n                    }\r\n                    #td_uid_1_69ef3ab4106fb  .td-doubleSlider-2 .td-item2 {\r\n                        background: url(https:\/\/static.africa-press.net\/djibouti\/sites\/52\/2026\/04\/sm_1777261424.328653-80x60.jpg) 0 0 no-repeat;\r\n                    }\r\n                <\/style>\r\n\r\n                <div id=\"td_uid_1_69ef3ab4106fb\" class=\"td-gallery td-slide-on-2-columns\">\r\n                    <div class=\"post_td_gallery\">\r\n                        <div class=\"td-gallery-slide-top\">\r\n                           <div class=\"td-gallery-title\"><\/div>\r\n\r\n                            <div class=\"td-gallery-controls-wrapper\">\r\n                                <div class=\"td-gallery-slide-count\"><span class=\"td-gallery-slide-item-focus\">1<\/span> de 2<\/div>\r\n                                <div class=\"td-gallery-slide-prev-next-but\">\r\n                                    <i class = \"td-icon-left doubleSliderPrevButton\"><\/i>\r\n                                    <i class = \"td-icon-right doubleSliderNextButton\"><\/i>\r\n                                <\/div>\r\n                            <\/div>\r\n                        <\/div>\r\n\r\n                        <div class = \"td-doubleSlider-1 \">\r\n                            <div class = \"td-slider\">\r\n                                \r\n                    <div class = \"td-slide-item td-item1\">\r\n                        <figure class=\"td-slide-galery-figure td-slide-popup-gallery\">\r\n                            <a class=\"slide-gallery-image-link\" href=\"https:\/\/static.africa-press.net\/djibouti\/sites\/52\/2026\/04\/sm_1777261417.818357.jpg\" title=\"sm_1777261417.818357\"  data-caption=\"\"  data-description=\"\">\r\n                                <img decoding=\"async\" src=\"https:\/\/static.africa-press.net\/djibouti\/sites\/52\/2026\/04\/sm_1777261417.818357.jpg\" srcset=\"https:\/\/static.africa-press.net\/djibouti\/sites\/52\/2026\/04\/sm_1777261417.818357.jpg 1024w, https:\/\/static.africa-press.net\/djibouti\/sites\/52\/2026\/04\/sm_1777261417.818357-300x200.jpg 300w, https:\/\/static.africa-press.net\/djibouti\/sites\/52\/2026\/04\/sm_1777261417.818357-768x512.jpg 768w\" sizes=\"(max-width: 1024px) 100vw, 1024px\" alt=\"\">\r\n                            <\/a>\r\n                            \r\n                        <\/figure>\r\n                    <\/div>\r\n                    <div class = \"td-slide-item td-item2\">\r\n                        <figure class=\"td-slide-galery-figure td-slide-popup-gallery\">\r\n                            <a class=\"slide-gallery-image-link\" href=\"https:\/\/static.africa-press.net\/djibouti\/sites\/52\/2026\/04\/sm_1777261424.328653.jpg\" title=\"sm_1777261424.328653\"  data-caption=\"\"  data-description=\"\">\r\n                                <img decoding=\"async\" src=\"https:\/\/static.africa-press.net\/djibouti\/sites\/52\/2026\/04\/sm_1777261424.328653.jpg\" srcset=\"https:\/\/static.africa-press.net\/djibouti\/sites\/52\/2026\/04\/sm_1777261424.328653.jpg 1024w, https:\/\/static.africa-press.net\/djibouti\/sites\/52\/2026\/04\/sm_1777261424.328653-300x200.jpg 300w, https:\/\/static.africa-press.net\/djibouti\/sites\/52\/2026\/04\/sm_1777261424.328653-768x512.jpg 768w\" sizes=\"(max-width: 1024px) 100vw, 1024px\" alt=\"\">\r\n                            <\/a>\r\n                            \r\n                        <\/figure>\r\n                    <\/div>\r\n                            <\/div>\r\n                        <\/div>\r\n\r\n                        <div class = \"td-doubleSlider-2\">\r\n                            <div class = \"td-slider\">\r\n                                \r\n                    <div class = \"td-button td-item1\">\r\n                        <div class = \"td-border\"><\/div>\r\n                    <\/div>\r\n                    <div class = \"td-button td-item2\">\r\n                        <div class = \"td-border\"><\/div>\r\n                    <\/div>\r\n                            <\/div>\r\n                        <\/div>\r\n\r\n                    <\/div>\r\n\r\n                <\/div>\r\n                \n<p><strong>Pour plus d&rsquo;informations et d&rsquo;analyses sur la <span style=\"color: #ff6600\">Djibouti<\/span>, suivez <span style=\"color: #ff6600\">Africa-Press<\/span><\/strong><\/p>\n","protected":false},"excerpt":{"rendered":"<p>Africa-Press &#8211; Djibouti. L\u2019Ambassade de la Re\u0301publique du Rwanda avec re\u0301sidence a\u0300 Addis-Abeba, accre\u0301dite\u0301 aupre\u0300s de la Re\u0301publique de Djibouti, en collaboration avec le Gouvernement de la Re\u0301publique de Djibouti, a organise\u0301 jeudi dernier au palais du peuple, la 32e comme\u0301moration du Ge\u0301nocide perpe\u0301tre\u0301 contre les Tutsi au Rwanda en 1994. L\u2019e\u0301ve\u0300nement a e\u0301te\u0301 place\u0301e [&hellip;]<\/p>\n","protected":false},"author":82,"featured_media":56977,"comment_status":"open","ping_status":"closed","sticky":false,"template":"","format":"standard","meta":{"footnotes":""},"categories":[8,2,10],"tags":[50],"class_list":["post-56978","post","type-post","status-publish","format-standard","has-post-thumbnail","hentry","category-photo","category-politique","category-toutes-les-actualites","tag-djibouti"],"yoast_head":"<!-- This site is optimized with the Yoast SEO Premium plugin v26.1 (Yoast SEO v27.0) - https:\/\/yoast.com\/product\/yoast-seo-premium-wordpress\/ -->\n<title>Kwibuka32: Me\u0301moire et Engagement Contre le Ge\u0301nocide - Djibouti<\/title>\n<meta name=\"description\" content=\"L\u2019Ambassade de la Re\u0301publique du Rwanda avec re\u0301sidence a\u0300 Addis-Abeba, accre\u0301dite\u0301 aupre\u0300s de la Re\u0301publique de Djib ...\" \/>\n<meta name=\"robots\" content=\"index, follow, max-snippet:-1, max-image-preview:large, max-video-preview:-1\" \/>\n<link rel=\"canonical\" href=\"https:\/\/www.africa-press.net\/djibouti\/politique\/kwibuka32-memoire-et-engagement-contre-le-genocide\" \/>\n<meta property=\"og:locale\" content=\"fr_FR\" \/>\n<meta property=\"og:type\" content=\"article\" \/>\n<meta property=\"og:title\" content=\"Kwibuka32: Me\u0301moire et Engagement Contre le Ge\u0301nocide\" \/>\n<meta property=\"og:description\" content=\"L\u2019Ambassade de la Re\u0301publique du Rwanda avec re\u0301sidence a\u0300 Addis-Abeba, accre\u0301dite\u0301 aupre\u0300s de la Re\u0301publique de Djib ...\" \/>\n<meta property=\"og:url\" content=\"https:\/\/www.africa-press.net\/djibouti\/politique\/kwibuka32-memoire-et-engagement-contre-le-genocide\" \/>\n<meta property=\"og:site_name\" content=\"Djibouti\" \/>\n<meta property=\"article:published_time\" content=\"2026-04-27T07:06:12+00:00\" \/>\n<meta property=\"article:modified_time\" content=\"2026-04-27T07:14:06+00:00\" \/>\n<meta property=\"og:image\" content=\"https:\/\/static.africa-press.net\/djibouti\/sites\/52\/2026\/04\/sm_1777261429.625898.jpg\" \/>\n\t<meta property=\"og:image:width\" content=\"720\" \/>\n\t<meta property=\"og:image:height\" content=\"480\" \/>\n\t<meta property=\"og:image:type\" content=\"image\/jpeg\" \/>\n<meta name=\"author\" content=\"cfeditorfr\" \/>\n<meta name=\"twitter:card\" content=\"summary_large_image\" \/>\n<meta name=\"twitter:label1\" content=\"\u00c9crit par\" \/>\n\t<meta name=\"twitter:data1\" content=\"cfeditorfr\" \/>\n\t<meta name=\"twitter:label2\" content=\"Dur\u00e9e de lecture estim\u00e9e\" \/>\n\t<meta name=\"twitter:data2\" content=\"3 minutes\" \/>\n<script type=\"application\/ld+json\" class=\"yoast-schema-graph\">{\"@context\":\"https:\/\/schema.org\",\"@graph\":[{\"@type\":\"Article\",\"@id\":\"https:\/\/www.africa-press.net\/djibouti\/politique\/kwibuka32-memoire-et-engagement-contre-le-genocide#article\",\"isPartOf\":{\"@id\":\"https:\/\/www.africa-press.net\/djibouti\/politique\/kwibuka32-memoire-et-engagement-contre-le-genocide\"},\"author\":{\"name\":\"cfeditorfr\",\"@id\":\"https:\/\/www.africa-press.net\/djibouti\/#\/schema\/person\/2b1cf3cd81a31e3cd26889ca66d677f1\"},\"headline\":\"Kwibuka32: Me\u0301moire et Engagement Contre le Ge\u0301nocide\",\"datePublished\":\"2026-04-27T07:06:12+00:00\",\"dateModified\":\"2026-04-27T07:14:06+00:00\",\"mainEntityOfPage\":{\"@id\":\"https:\/\/www.africa-press.net\/djibouti\/politique\/kwibuka32-memoire-et-engagement-contre-le-genocide\"},\"wordCount\":687,\"commentCount\":0,\"image\":{\"@id\":\"https:\/\/www.africa-press.net\/djibouti\/politique\/kwibuka32-memoire-et-engagement-contre-le-genocide#primaryimage\"},\"thumbnailUrl\":\"https:\/\/static.africa-press.net\/djibouti\/sites\/52\/2026\/04\/sm_1777261429.625898.jpg\",\"keywords\":[\"Djibouti\"],\"articleSection\":[\"Photo\",\"Politique\",\"Toutes les actualit\u00e9s\"],\"inLanguage\":\"fr-FR\",\"potentialAction\":[{\"@type\":\"CommentAction\",\"name\":\"Comment\",\"target\":[\"https:\/\/www.africa-press.net\/djibouti\/politique\/kwibuka32-memoire-et-engagement-contre-le-genocide#respond\"]}]},{\"@type\":\"WebPage\",\"@id\":\"https:\/\/www.africa-press.net\/djibouti\/politique\/kwibuka32-memoire-et-engagement-contre-le-genocide\",\"url\":\"https:\/\/www.africa-press.net\/djibouti\/politique\/kwibuka32-memoire-et-engagement-contre-le-genocide\",\"name\":\"Kwibuka32: Me\u0301moire et Engagement Contre le Ge\u0301nocide - Djibouti\",\"isPartOf\":{\"@id\":\"https:\/\/www.africa-press.net\/djibouti\/#website\"},\"primaryImageOfPage\":{\"@id\":\"https:\/\/www.africa-press.net\/djibouti\/politique\/kwibuka32-memoire-et-engagement-contre-le-genocide#primaryimage\"},\"image\":{\"@id\":\"https:\/\/www.africa-press.net\/djibouti\/politique\/kwibuka32-memoire-et-engagement-contre-le-genocide#primaryimage\"},\"thumbnailUrl\":\"https:\/\/static.africa-press.net\/djibouti\/sites\/52\/2026\/04\/sm_1777261429.625898.jpg\",\"datePublished\":\"2026-04-27T07:06:12+00:00\",\"dateModified\":\"2026-04-27T07:14:06+00:00\",\"author\":{\"@id\":\"https:\/\/www.africa-press.net\/djibouti\/#\/schema\/person\/2b1cf3cd81a31e3cd26889ca66d677f1\"},\"description\":\"L\u2019Ambassade de la Re\u0301publique du Rwanda avec re\u0301sidence a\u0300 Addis-Abeba, accre\u0301dite\u0301 aupre\u0300s de la Re\u0301publique de Djib ...\",\"breadcrumb\":{\"@id\":\"https:\/\/www.africa-press.net\/djibouti\/politique\/kwibuka32-memoire-et-engagement-contre-le-genocide#breadcrumb\"},\"inLanguage\":\"fr-FR\",\"potentialAction\":[{\"@type\":\"ReadAction\",\"target\":[\"https:\/\/www.africa-press.net\/djibouti\/politique\/kwibuka32-memoire-et-engagement-contre-le-genocide\"]}]},{\"@type\":\"ImageObject\",\"inLanguage\":\"fr-FR\",\"@id\":\"https:\/\/www.africa-press.net\/djibouti\/politique\/kwibuka32-memoire-et-engagement-contre-le-genocide#primaryimage\",\"url\":\"https:\/\/static.africa-press.net\/djibouti\/sites\/52\/2026\/04\/sm_1777261429.625898.jpg\",\"contentUrl\":\"https:\/\/static.africa-press.net\/djibouti\/sites\/52\/2026\/04\/sm_1777261429.625898.jpg\",\"width\":720,\"height\":480,\"caption\":\"Kwibuka32: Me\u0301moire et Engagement Contre le Ge\u0301nocide\"},{\"@type\":\"BreadcrumbList\",\"@id\":\"https:\/\/www.africa-press.net\/djibouti\/politique\/kwibuka32-memoire-et-engagement-contre-le-genocide#breadcrumb\",\"itemListElement\":[{\"@type\":\"ListItem\",\"position\":1,\"name\":\"Accueil\",\"item\":\"https:\/\/www.africa-press.net\/djibouti\/\"},{\"@type\":\"ListItem\",\"position\":2,\"name\":\"Kwibuka32: Me\u0301moire et Engagement Contre le Ge\u0301nocide\"}]},{\"@type\":\"WebSite\",\"@id\":\"https:\/\/www.africa-press.net\/djibouti\/#website\",\"url\":\"https:\/\/www.africa-press.net\/djibouti\/\",\"name\":\"Djibouti\",\"description\":\"Just another Africa News Agency Sites site\",\"potentialAction\":[{\"@type\":\"SearchAction\",\"target\":{\"@type\":\"EntryPoint\",\"urlTemplate\":\"https:\/\/www.africa-press.net\/djibouti\/?s={search_term_string}\"},\"query-input\":{\"@type\":\"PropertyValueSpecification\",\"valueRequired\":true,\"valueName\":\"search_term_string\"}}],\"inLanguage\":\"fr-FR\"},{\"@type\":\"Person\",\"@id\":\"https:\/\/www.africa-press.net\/djibouti\/#\/schema\/person\/2b1cf3cd81a31e3cd26889ca66d677f1\",\"name\":\"cfeditorfr\"}]}<\/script>\n<!-- \/ Yoast SEO Premium plugin. -->","yoast_head_json":{"title":"Kwibuka32: Me\u0301moire et Engagement Contre le Ge\u0301nocide - Djibouti","description":"L\u2019Ambassade de la Re\u0301publique du Rwanda avec re\u0301sidence a\u0300 Addis-Abeba, accre\u0301dite\u0301 aupre\u0300s de la Re\u0301publique de Djib ...","robots":{"index":"index","follow":"follow","max-snippet":"max-snippet:-1","max-image-preview":"max-image-preview:large","max-video-preview":"max-video-preview:-1"},"canonical":"https:\/\/www.africa-press.net\/djibouti\/politique\/kwibuka32-memoire-et-engagement-contre-le-genocide","og_locale":"fr_FR","og_type":"article","og_title":"Kwibuka32: Me\u0301moire et Engagement Contre le Ge\u0301nocide","og_description":"L\u2019Ambassade de la Re\u0301publique du Rwanda avec re\u0301sidence a\u0300 Addis-Abeba, accre\u0301dite\u0301 aupre\u0300s de la Re\u0301publique de Djib ...","og_url":"https:\/\/www.africa-press.net\/djibouti\/politique\/kwibuka32-memoire-et-engagement-contre-le-genocide","og_site_name":"Djibouti","article_published_time":"2026-04-27T07:06:12+00:00","article_modified_time":"2026-04-27T07:14:06+00:00","og_image":[{"width":720,"height":480,"url":"https:\/\/static.africa-press.net\/djibouti\/sites\/52\/2026\/04\/sm_1777261429.625898.jpg","type":"image\/jpeg"}],"author":"cfeditorfr","twitter_card":"summary_large_image","twitter_misc":{"\u00c9crit par":"cfeditorfr","Dur\u00e9e de lecture estim\u00e9e":"3 minutes"},"schema":{"@context":"https:\/\/schema.org","@graph":[{"@type":"Article","@id":"https:\/\/www.africa-press.net\/djibouti\/politique\/kwibuka32-memoire-et-engagement-contre-le-genocide#article","isPartOf":{"@id":"https:\/\/www.africa-press.net\/djibouti\/politique\/kwibuka32-memoire-et-engagement-contre-le-genocide"},"author":{"name":"cfeditorfr","@id":"https:\/\/www.africa-press.net\/djibouti\/#\/schema\/person\/2b1cf3cd81a31e3cd26889ca66d677f1"},"headline":"Kwibuka32: Me\u0301moire et Engagement Contre le Ge\u0301nocide","datePublished":"2026-04-27T07:06:12+00:00","dateModified":"2026-04-27T07:14:06+00:00","mainEntityOfPage":{"@id":"https:\/\/www.africa-press.net\/djibouti\/politique\/kwibuka32-memoire-et-engagement-contre-le-genocide"},"wordCount":687,"commentCount":0,"image":{"@id":"https:\/\/www.africa-press.net\/djibouti\/politique\/kwibuka32-memoire-et-engagement-contre-le-genocide#primaryimage"},"thumbnailUrl":"https:\/\/static.africa-press.net\/djibouti\/sites\/52\/2026\/04\/sm_1777261429.625898.jpg","keywords":["Djibouti"],"articleSection":["Photo","Politique","Toutes les actualit\u00e9s"],"inLanguage":"fr-FR","potentialAction":[{"@type":"CommentAction","name":"Comment","target":["https:\/\/www.africa-press.net\/djibouti\/politique\/kwibuka32-memoire-et-engagement-contre-le-genocide#respond"]}]},{"@type":"WebPage","@id":"https:\/\/www.africa-press.net\/djibouti\/politique\/kwibuka32-memoire-et-engagement-contre-le-genocide","url":"https:\/\/www.africa-press.net\/djibouti\/politique\/kwibuka32-memoire-et-engagement-contre-le-genocide","name":"Kwibuka32: Me\u0301moire et Engagement Contre le Ge\u0301nocide - Djibouti","isPartOf":{"@id":"https:\/\/www.africa-press.net\/djibouti\/#website"},"primaryImageOfPage":{"@id":"https:\/\/www.africa-press.net\/djibouti\/politique\/kwibuka32-memoire-et-engagement-contre-le-genocide#primaryimage"},"image":{"@id":"https:\/\/www.africa-press.net\/djibouti\/politique\/kwibuka32-memoire-et-engagement-contre-le-genocide#primaryimage"},"thumbnailUrl":"https:\/\/static.africa-press.net\/djibouti\/sites\/52\/2026\/04\/sm_1777261429.625898.jpg","datePublished":"2026-04-27T07:06:12+00:00","dateModified":"2026-04-27T07:14:06+00:00","author":{"@id":"https:\/\/www.africa-press.net\/djibouti\/#\/schema\/person\/2b1cf3cd81a31e3cd26889ca66d677f1"},"description":"L\u2019Ambassade de la Re\u0301publique du Rwanda avec re\u0301sidence a\u0300 Addis-Abeba, accre\u0301dite\u0301 aupre\u0300s de la Re\u0301publique de Djib ...","breadcrumb":{"@id":"https:\/\/www.africa-press.net\/djibouti\/politique\/kwibuka32-memoire-et-engagement-contre-le-genocide#breadcrumb"},"inLanguage":"fr-FR","potentialAction":[{"@type":"ReadAction","target":["https:\/\/www.africa-press.net\/djibouti\/politique\/kwibuka32-memoire-et-engagement-contre-le-genocide"]}]},{"@type":"ImageObject","inLanguage":"fr-FR","@id":"https:\/\/www.africa-press.net\/djibouti\/politique\/kwibuka32-memoire-et-engagement-contre-le-genocide#primaryimage","url":"https:\/\/static.africa-press.net\/djibouti\/sites\/52\/2026\/04\/sm_1777261429.625898.jpg","contentUrl":"https:\/\/static.africa-press.net\/djibouti\/sites\/52\/2026\/04\/sm_1777261429.625898.jpg","width":720,"height":480,"caption":"Kwibuka32: Me\u0301moire et Engagement Contre le Ge\u0301nocide"},{"@type":"BreadcrumbList","@id":"https:\/\/www.africa-press.net\/djibouti\/politique\/kwibuka32-memoire-et-engagement-contre-le-genocide#breadcrumb","itemListElement":[{"@type":"ListItem","position":1,"name":"Accueil","item":"https:\/\/www.africa-press.net\/djibouti\/"},{"@type":"ListItem","position":2,"name":"Kwibuka32: Me\u0301moire et Engagement Contre le Ge\u0301nocide"}]},{"@type":"WebSite","@id":"https:\/\/www.africa-press.net\/djibouti\/#website","url":"https:\/\/www.africa-press.net\/djibouti\/","name":"Djibouti","description":"Just another Africa News Agency Sites site","potentialAction":[{"@type":"SearchAction","target":{"@type":"EntryPoint","urlTemplate":"https:\/\/www.africa-press.net\/djibouti\/?s={search_term_string}"},"query-input":{"@type":"PropertyValueSpecification","valueRequired":true,"valueName":"search_term_string"}}],"inLanguage":"fr-FR"},{"@type":"Person","@id":"https:\/\/www.africa-press.net\/djibouti\/#\/schema\/person\/2b1cf3cd81a31e3cd26889ca66d677f1","name":"cfeditorfr"}]}},"_links":{"self":[{"href":"https:\/\/www.africa-press.net\/djibouti\/wp-json\/wp\/v2\/posts\/56978","targetHints":{"allow":["GET"]}}],"collection":[{"href":"https:\/\/www.africa-press.net\/djibouti\/wp-json\/wp\/v2\/posts"}],"about":[{"href":"https:\/\/www.africa-press.net\/djibouti\/wp-json\/wp\/v2\/types\/post"}],"author":[{"embeddable":true,"href":"https:\/\/www.africa-press.net\/djibouti\/wp-json\/wp\/v2\/users\/82"}],"replies":[{"embeddable":true,"href":"https:\/\/www.africa-press.net\/djibouti\/wp-json\/wp\/v2\/comments?post=56978"}],"version-history":[{"count":1,"href":"https:\/\/www.africa-press.net\/djibouti\/wp-json\/wp\/v2\/posts\/56978\/revisions"}],"predecessor-version":[{"id":56981,"href":"https:\/\/www.africa-press.net\/djibouti\/wp-json\/wp\/v2\/posts\/56978\/revisions\/56981"}],"wp:featuredmedia":[{"embeddable":true,"href":"https:\/\/www.africa-press.net\/djibouti\/wp-json\/wp\/v2\/media\/56977"}],"wp:attachment":[{"href":"https:\/\/www.africa-press.net\/djibouti\/wp-json\/wp\/v2\/media?parent=56978"}],"wp:term":[{"taxonomy":"category","embeddable":true,"href":"https:\/\/www.africa-press.net\/djibouti\/wp-json\/wp\/v2\/categories?post=56978"},{"taxonomy":"post_tag","embeddable":true,"href":"https:\/\/www.africa-press.net\/djibouti\/wp-json\/wp\/v2\/tags?post=56978"}],"curies":[{"name":"wp","href":"https:\/\/api.w.org\/{rel}","templated":true}]}}