{"id":56986,"date":"2026-04-27T12:05:36","date_gmt":"2026-04-27T12:05:36","guid":{"rendered":"https:\/\/www.africa-press.net\/djibouti\/politique\/paludisme-a-djibouti-baisse-des-cas-et-elimination"},"modified":"2026-04-27T13:13:02","modified_gmt":"2026-04-27T13:13:02","slug":"paludisme-a-djibouti-baisse-des-cas-et-elimination","status":"publish","type":"post","link":"https:\/\/www.africa-press.net\/djibouti\/toutes-les-actualites\/paludisme-a-djibouti-baisse-des-cas-et-elimination","title":{"rendered":"Paludisme A\u0300 Djibouti: Baisse Des Cas Et E\u0301limination"},"content":{"rendered":"<p><span style=\"color: #ff6600\"><strong>Africa-Press &#8211; Djibouti. <\/strong><\/span>Djibouti a re\u0301affirme\u0301 son ambition d\u2019e\u0301liminer le paludisme, a\u0300 l\u2019occasion de la Journe\u0301e mondiale de\u0301die\u0301e a\u0300 la maladie. Une ce\u0301re\u0301monie officielle s\u2019est tenue a\u0300 la polyclinique IFTIN, a\u0300 l\u2019initiative du ministe\u0300re de la Sante\u0301.<\/p>\n<p>Place\u0301e sous le the\u0300me \u00ab De\u0301termine\u0301s a\u0300 mettre fin au paludisme: maintenant nous le pouvons. Maintenant nous le devons ! \u00bb, la rencontre a re\u0301uni plusieurs responsables sanitaires et partenaires internationaux. Parmi eux, le secre\u0301taire ge\u0301ne\u0301ral du ministe\u0300re, Mohamed Ali Mohamed, et la repre\u0301sentante de l\u2019Organisation mondiale de la sante\u0301 (OMS), Dr Joumana.<\/p>\n<p>Les intervenants ont insiste\u0301 sur l\u2019urgence d\u2019acce\u0301le\u0301rer les efforts. Tous ont appele\u0301 a\u0300 une mobilisation renforce\u0301e, face a\u0300 une maladie de\u0301sormais \u00ab a\u0300 porte\u0301e d\u2019e\u0301limination \u00bb.<\/p>\n<p>Les autorite\u0301s ont souligne\u0301 des re\u0301sultats significatifs. Le nombre de cas est passe\u0301 de 73.535 en 2020 a\u0300 16.250 en 2025. Soit une baisse d\u2019environ 80 %. \u00ab Ces progre\u0300s sont le fruit d\u2019un engagement collectif et soutenu \u00bb, a de\u0301clare\u0301 le secre\u0301taire ge\u0301ne\u0301ral. Il a rappele\u0301 l\u2019efficacite\u0301 des strate\u0301gies de\u0301ploye\u0301es et la coordination entre acteurs.<\/p>\n<p>Mais le message reste prudent. \u00ab Ces acquis sont fragiles \u00bb, a-t-il averti. Il a appele\u0301 a\u0300 maintenir la vigilance, a\u0300 renforcer la mobilisation communautaire et a\u0300 consolider les interventions sur le terrain. L\u2019objectif, a-t-il dit, reste \u00ab l\u2019e\u0301limination totale du paludisme dans notre pays \u00bb.<\/p>\n<p>La repre\u0301sentante de l\u2019OMS a salue\u0301 \u00ab des avance\u0301es remarquables \u00bb. Selon elle, l\u2019expe\u0301rience djiboutienne montre que \u00ab l\u2019e\u0301limination est possible avec une volonte\u0301 politique forte et des interventions adapte\u0301es \u00bb. Elle a assure\u0301 du soutien continu de l\u2019organisation pour renforcer le syste\u0300me de sante\u0301 et acce\u0301le\u0301rer les progre\u0300s.<\/p>\n<p>Le ministe\u0300re a enfin rendu hommage aux partenaires techniques et financiers, dont l\u2019OMS et le Fonds mondial. Il a salue\u0301 le ro\u0302le cle\u0301 des professionnels de sante\u0301 et des relais communautaires.<\/p>\n<p><strong>Pour plus d&rsquo;informations et d&rsquo;analyses sur la <span style=\"color: #ff6600\">Djibouti<\/span>, suivez <span style=\"color: #ff6600\">Africa-Press<\/span><\/strong><\/p>\n","protected":false},"excerpt":{"rendered":"<p>Africa-Press &#8211; Djibouti. Djibouti a re\u0301affirme\u0301 son ambition d\u2019e\u0301liminer le paludisme, a\u0300 l\u2019occasion de la Journe\u0301e mondiale de\u0301die\u0301e a\u0300 la maladie. Une ce\u0301re\u0301monie officielle s\u2019est tenue a\u0300 la polyclinique IFTIN, a\u0300 l\u2019initiative du ministe\u0300re de la Sante\u0301. Place\u0301e sous le the\u0300me \u00ab De\u0301termine\u0301s a\u0300 mettre fin au paludisme: maintenant nous le pouvons. Maintenant nous le [&hellip;]<\/p>\n","protected":false},"author":82,"featured_media":56985,"comment_status":"open","ping_status":"closed","sticky":false,"template":"","format":"standard","meta":{"footnotes":""},"categories":[21,10],"tags":[50],"class_list":["post-56986","post","type-post","status-publish","format-standard","has-post-thumbnail","hentry","category-communaute","category-toutes-les-actualites","tag-djibouti"],"yoast_head":"<!-- This site is optimized with the Yoast SEO Premium plugin v26.1 (Yoast SEO v27.0) - https:\/\/yoast.com\/product\/yoast-seo-premium-wordpress\/ -->\n<title>Paludisme A\u0300 Djibouti: Baisse Des Cas Et E\u0301limination - Djibouti<\/title>\n<meta name=\"description\" content=\"Djibouti a re\u0301affirme\u0301 son ambition d\u2019e\u0301liminer le paludisme, a\u0300 l\u2019occasion de la Journe\u0301e mondiale de\u0301die\u0301e a\u0300 la malad ...\" \/>\n<meta name=\"robots\" content=\"index, follow, max-snippet:-1, max-image-preview:large, max-video-preview:-1\" \/>\n<link rel=\"canonical\" href=\"https:\/\/www.africa-press.net\/djibouti\/toutes-les-actualites\/paludisme-a-djibouti-baisse-des-cas-et-elimination\" \/>\n<meta property=\"og:locale\" content=\"fr_FR\" \/>\n<meta property=\"og:type\" content=\"article\" \/>\n<meta property=\"og:title\" content=\"Paludisme A\u0300 Djibouti: Baisse Des Cas Et E\u0301limination\" \/>\n<meta property=\"og:description\" content=\"Djibouti a re\u0301affirme\u0301 son ambition d\u2019e\u0301liminer le paludisme, a\u0300 l\u2019occasion de la Journe\u0301e mondiale de\u0301die\u0301e a\u0300 la malad ...\" \/>\n<meta property=\"og:url\" content=\"https:\/\/www.africa-press.net\/djibouti\/toutes-les-actualites\/paludisme-a-djibouti-baisse-des-cas-et-elimination\" \/>\n<meta property=\"og:site_name\" content=\"Djibouti\" \/>\n<meta property=\"article:published_time\" content=\"2026-04-27T12:05:36+00:00\" \/>\n<meta property=\"article:modified_time\" content=\"2026-04-27T13:13:02+00:00\" \/>\n<meta property=\"og:image\" content=\"https:\/\/static.africa-press.net\/djibouti\/sites\/52\/2026\/04\/sm_1777282782.68088.jpg\" \/>\n\t<meta property=\"og:image:width\" content=\"1080\" \/>\n\t<meta property=\"og:image:height\" content=\"605\" \/>\n\t<meta property=\"og:image:type\" content=\"image\/jpeg\" \/>\n<meta name=\"author\" content=\"cfeditorfr\" \/>\n<meta name=\"twitter:card\" content=\"summary_large_image\" \/>\n<meta name=\"twitter:label1\" content=\"\u00c9crit par\" \/>\n\t<meta name=\"twitter:data1\" content=\"cfeditorfr\" \/>\n\t<meta name=\"twitter:label2\" content=\"Dur\u00e9e de lecture estim\u00e9e\" \/>\n\t<meta name=\"twitter:data2\" content=\"2 minutes\" \/>\n<script type=\"application\/ld+json\" class=\"yoast-schema-graph\">{\"@context\":\"https:\/\/schema.org\",\"@graph\":[{\"@type\":\"Article\",\"@id\":\"https:\/\/www.africa-press.net\/djibouti\/toutes-les-actualites\/paludisme-a-djibouti-baisse-des-cas-et-elimination#article\",\"isPartOf\":{\"@id\":\"https:\/\/www.africa-press.net\/djibouti\/toutes-les-actualites\/paludisme-a-djibouti-baisse-des-cas-et-elimination\"},\"author\":{\"name\":\"cfeditorfr\",\"@id\":\"https:\/\/www.africa-press.net\/djibouti\/#\/schema\/person\/2b1cf3cd81a31e3cd26889ca66d677f1\"},\"headline\":\"Paludisme A\u0300 Djibouti: Baisse Des Cas Et E\u0301limination\",\"datePublished\":\"2026-04-27T12:05:36+00:00\",\"dateModified\":\"2026-04-27T13:13:02+00:00\",\"mainEntityOfPage\":{\"@id\":\"https:\/\/www.africa-press.net\/djibouti\/toutes-les-actualites\/paludisme-a-djibouti-baisse-des-cas-et-elimination\"},\"wordCount\":362,\"commentCount\":0,\"image\":{\"@id\":\"https:\/\/www.africa-press.net\/djibouti\/toutes-les-actualites\/paludisme-a-djibouti-baisse-des-cas-et-elimination#primaryimage\"},\"thumbnailUrl\":\"https:\/\/static.africa-press.net\/djibouti\/sites\/52\/2026\/04\/sm_1777282782.68088.jpg\",\"keywords\":[\"Djibouti\"],\"articleSection\":[\"Communaut\u00e9\",\"Toutes les actualit\u00e9s\"],\"inLanguage\":\"fr-FR\",\"potentialAction\":[{\"@type\":\"CommentAction\",\"name\":\"Comment\",\"target\":[\"https:\/\/www.africa-press.net\/djibouti\/toutes-les-actualites\/paludisme-a-djibouti-baisse-des-cas-et-elimination#respond\"]}]},{\"@type\":\"WebPage\",\"@id\":\"https:\/\/www.africa-press.net\/djibouti\/toutes-les-actualites\/paludisme-a-djibouti-baisse-des-cas-et-elimination\",\"url\":\"https:\/\/www.africa-press.net\/djibouti\/toutes-les-actualites\/paludisme-a-djibouti-baisse-des-cas-et-elimination\",\"name\":\"Paludisme A\u0300 Djibouti: Baisse Des Cas Et E\u0301limination - Djibouti\",\"isPartOf\":{\"@id\":\"https:\/\/www.africa-press.net\/djibouti\/#website\"},\"primaryImageOfPage\":{\"@id\":\"https:\/\/www.africa-press.net\/djibouti\/toutes-les-actualites\/paludisme-a-djibouti-baisse-des-cas-et-elimination#primaryimage\"},\"image\":{\"@id\":\"https:\/\/www.africa-press.net\/djibouti\/toutes-les-actualites\/paludisme-a-djibouti-baisse-des-cas-et-elimination#primaryimage\"},\"thumbnailUrl\":\"https:\/\/static.africa-press.net\/djibouti\/sites\/52\/2026\/04\/sm_1777282782.68088.jpg\",\"datePublished\":\"2026-04-27T12:05:36+00:00\",\"dateModified\":\"2026-04-27T13:13:02+00:00\",\"author\":{\"@id\":\"https:\/\/www.africa-press.net\/djibouti\/#\/schema\/person\/2b1cf3cd81a31e3cd26889ca66d677f1\"},\"description\":\"Djibouti a re\u0301affirme\u0301 son ambition d\u2019e\u0301liminer le paludisme, a\u0300 l\u2019occasion de la Journe\u0301e mondiale de\u0301die\u0301e a\u0300 la malad ...\",\"breadcrumb\":{\"@id\":\"https:\/\/www.africa-press.net\/djibouti\/toutes-les-actualites\/paludisme-a-djibouti-baisse-des-cas-et-elimination#breadcrumb\"},\"inLanguage\":\"fr-FR\",\"potentialAction\":[{\"@type\":\"ReadAction\",\"target\":[\"https:\/\/www.africa-press.net\/djibouti\/toutes-les-actualites\/paludisme-a-djibouti-baisse-des-cas-et-elimination\"]}]},{\"@type\":\"ImageObject\",\"inLanguage\":\"fr-FR\",\"@id\":\"https:\/\/www.africa-press.net\/djibouti\/toutes-les-actualites\/paludisme-a-djibouti-baisse-des-cas-et-elimination#primaryimage\",\"url\":\"https:\/\/static.africa-press.net\/djibouti\/sites\/52\/2026\/04\/sm_1777282782.68088.jpg\",\"contentUrl\":\"https:\/\/static.africa-press.net\/djibouti\/sites\/52\/2026\/04\/sm_1777282782.68088.jpg\",\"width\":1080,\"height\":605,\"caption\":\"Paludisme A\u0300 Djibouti: Baisse Des Cas Et E\u0301limination\"},{\"@type\":\"BreadcrumbList\",\"@id\":\"https:\/\/www.africa-press.net\/djibouti\/toutes-les-actualites\/paludisme-a-djibouti-baisse-des-cas-et-elimination#breadcrumb\",\"itemListElement\":[{\"@type\":\"ListItem\",\"position\":1,\"name\":\"Accueil\",\"item\":\"https:\/\/www.africa-press.net\/djibouti\/\"},{\"@type\":\"ListItem\",\"position\":2,\"name\":\"Paludisme A\u0300 Djibouti: Baisse Des Cas Et E\u0301limination\"}]},{\"@type\":\"WebSite\",\"@id\":\"https:\/\/www.africa-press.net\/djibouti\/#website\",\"url\":\"https:\/\/www.africa-press.net\/djibouti\/\",\"name\":\"Djibouti\",\"description\":\"Just another Africa News Agency Sites site\",\"potentialAction\":[{\"@type\":\"SearchAction\",\"target\":{\"@type\":\"EntryPoint\",\"urlTemplate\":\"https:\/\/www.africa-press.net\/djibouti\/?s={search_term_string}\"},\"query-input\":{\"@type\":\"PropertyValueSpecification\",\"valueRequired\":true,\"valueName\":\"search_term_string\"}}],\"inLanguage\":\"fr-FR\"},{\"@type\":\"Person\",\"@id\":\"https:\/\/www.africa-press.net\/djibouti\/#\/schema\/person\/2b1cf3cd81a31e3cd26889ca66d677f1\",\"name\":\"cfeditorfr\"}]}<\/script>\n<!-- \/ Yoast SEO Premium plugin. -->","yoast_head_json":{"title":"Paludisme A\u0300 Djibouti: Baisse Des Cas Et E\u0301limination - Djibouti","description":"Djibouti a re\u0301affirme\u0301 son ambition d\u2019e\u0301liminer le paludisme, a\u0300 l\u2019occasion de la Journe\u0301e mondiale de\u0301die\u0301e a\u0300 la malad ...","robots":{"index":"index","follow":"follow","max-snippet":"max-snippet:-1","max-image-preview":"max-image-preview:large","max-video-preview":"max-video-preview:-1"},"canonical":"https:\/\/www.africa-press.net\/djibouti\/toutes-les-actualites\/paludisme-a-djibouti-baisse-des-cas-et-elimination","og_locale":"fr_FR","og_type":"article","og_title":"Paludisme A\u0300 Djibouti: Baisse Des Cas Et E\u0301limination","og_description":"Djibouti a re\u0301affirme\u0301 son ambition d\u2019e\u0301liminer le paludisme, a\u0300 l\u2019occasion de la Journe\u0301e mondiale de\u0301die\u0301e a\u0300 la malad ...","og_url":"https:\/\/www.africa-press.net\/djibouti\/toutes-les-actualites\/paludisme-a-djibouti-baisse-des-cas-et-elimination","og_site_name":"Djibouti","article_published_time":"2026-04-27T12:05:36+00:00","article_modified_time":"2026-04-27T13:13:02+00:00","og_image":[{"width":1080,"height":605,"url":"https:\/\/static.africa-press.net\/djibouti\/sites\/52\/2026\/04\/sm_1777282782.68088.jpg","type":"image\/jpeg"}],"author":"cfeditorfr","twitter_card":"summary_large_image","twitter_misc":{"\u00c9crit par":"cfeditorfr","Dur\u00e9e de lecture estim\u00e9e":"2 minutes"},"schema":{"@context":"https:\/\/schema.org","@graph":[{"@type":"Article","@id":"https:\/\/www.africa-press.net\/djibouti\/toutes-les-actualites\/paludisme-a-djibouti-baisse-des-cas-et-elimination#article","isPartOf":{"@id":"https:\/\/www.africa-press.net\/djibouti\/toutes-les-actualites\/paludisme-a-djibouti-baisse-des-cas-et-elimination"},"author":{"name":"cfeditorfr","@id":"https:\/\/www.africa-press.net\/djibouti\/#\/schema\/person\/2b1cf3cd81a31e3cd26889ca66d677f1"},"headline":"Paludisme A\u0300 Djibouti: Baisse Des Cas Et E\u0301limination","datePublished":"2026-04-27T12:05:36+00:00","dateModified":"2026-04-27T13:13:02+00:00","mainEntityOfPage":{"@id":"https:\/\/www.africa-press.net\/djibouti\/toutes-les-actualites\/paludisme-a-djibouti-baisse-des-cas-et-elimination"},"wordCount":362,"commentCount":0,"image":{"@id":"https:\/\/www.africa-press.net\/djibouti\/toutes-les-actualites\/paludisme-a-djibouti-baisse-des-cas-et-elimination#primaryimage"},"thumbnailUrl":"https:\/\/static.africa-press.net\/djibouti\/sites\/52\/2026\/04\/sm_1777282782.68088.jpg","keywords":["Djibouti"],"articleSection":["Communaut\u00e9","Toutes les actualit\u00e9s"],"inLanguage":"fr-FR","potentialAction":[{"@type":"CommentAction","name":"Comment","target":["https:\/\/www.africa-press.net\/djibouti\/toutes-les-actualites\/paludisme-a-djibouti-baisse-des-cas-et-elimination#respond"]}]},{"@type":"WebPage","@id":"https:\/\/www.africa-press.net\/djibouti\/toutes-les-actualites\/paludisme-a-djibouti-baisse-des-cas-et-elimination","url":"https:\/\/www.africa-press.net\/djibouti\/toutes-les-actualites\/paludisme-a-djibouti-baisse-des-cas-et-elimination","name":"Paludisme A\u0300 Djibouti: Baisse Des Cas Et E\u0301limination - Djibouti","isPartOf":{"@id":"https:\/\/www.africa-press.net\/djibouti\/#website"},"primaryImageOfPage":{"@id":"https:\/\/www.africa-press.net\/djibouti\/toutes-les-actualites\/paludisme-a-djibouti-baisse-des-cas-et-elimination#primaryimage"},"image":{"@id":"https:\/\/www.africa-press.net\/djibouti\/toutes-les-actualites\/paludisme-a-djibouti-baisse-des-cas-et-elimination#primaryimage"},"thumbnailUrl":"https:\/\/static.africa-press.net\/djibouti\/sites\/52\/2026\/04\/sm_1777282782.68088.jpg","datePublished":"2026-04-27T12:05:36+00:00","dateModified":"2026-04-27T13:13:02+00:00","author":{"@id":"https:\/\/www.africa-press.net\/djibouti\/#\/schema\/person\/2b1cf3cd81a31e3cd26889ca66d677f1"},"description":"Djibouti a re\u0301affirme\u0301 son ambition d\u2019e\u0301liminer le paludisme, a\u0300 l\u2019occasion de la Journe\u0301e mondiale de\u0301die\u0301e a\u0300 la malad ...","breadcrumb":{"@id":"https:\/\/www.africa-press.net\/djibouti\/toutes-les-actualites\/paludisme-a-djibouti-baisse-des-cas-et-elimination#breadcrumb"},"inLanguage":"fr-FR","potentialAction":[{"@type":"ReadAction","target":["https:\/\/www.africa-press.net\/djibouti\/toutes-les-actualites\/paludisme-a-djibouti-baisse-des-cas-et-elimination"]}]},{"@type":"ImageObject","inLanguage":"fr-FR","@id":"https:\/\/www.africa-press.net\/djibouti\/toutes-les-actualites\/paludisme-a-djibouti-baisse-des-cas-et-elimination#primaryimage","url":"https:\/\/static.africa-press.net\/djibouti\/sites\/52\/2026\/04\/sm_1777282782.68088.jpg","contentUrl":"https:\/\/static.africa-press.net\/djibouti\/sites\/52\/2026\/04\/sm_1777282782.68088.jpg","width":1080,"height":605,"caption":"Paludisme A\u0300 Djibouti: Baisse Des Cas Et E\u0301limination"},{"@type":"BreadcrumbList","@id":"https:\/\/www.africa-press.net\/djibouti\/toutes-les-actualites\/paludisme-a-djibouti-baisse-des-cas-et-elimination#breadcrumb","itemListElement":[{"@type":"ListItem","position":1,"name":"Accueil","item":"https:\/\/www.africa-press.net\/djibouti\/"},{"@type":"ListItem","position":2,"name":"Paludisme A\u0300 Djibouti: Baisse Des Cas Et E\u0301limination"}]},{"@type":"WebSite","@id":"https:\/\/www.africa-press.net\/djibouti\/#website","url":"https:\/\/www.africa-press.net\/djibouti\/","name":"Djibouti","description":"Just another Africa News Agency Sites site","potentialAction":[{"@type":"SearchAction","target":{"@type":"EntryPoint","urlTemplate":"https:\/\/www.africa-press.net\/djibouti\/?s={search_term_string}"},"query-input":{"@type":"PropertyValueSpecification","valueRequired":true,"valueName":"search_term_string"}}],"inLanguage":"fr-FR"},{"@type":"Person","@id":"https:\/\/www.africa-press.net\/djibouti\/#\/schema\/person\/2b1cf3cd81a31e3cd26889ca66d677f1","name":"cfeditorfr"}]}},"_links":{"self":[{"href":"https:\/\/www.africa-press.net\/djibouti\/wp-json\/wp\/v2\/posts\/56986","targetHints":{"allow":["GET"]}}],"collection":[{"href":"https:\/\/www.africa-press.net\/djibouti\/wp-json\/wp\/v2\/posts"}],"about":[{"href":"https:\/\/www.africa-press.net\/djibouti\/wp-json\/wp\/v2\/types\/post"}],"author":[{"embeddable":true,"href":"https:\/\/www.africa-press.net\/djibouti\/wp-json\/wp\/v2\/users\/82"}],"replies":[{"embeddable":true,"href":"https:\/\/www.africa-press.net\/djibouti\/wp-json\/wp\/v2\/comments?post=56986"}],"version-history":[{"count":1,"href":"https:\/\/www.africa-press.net\/djibouti\/wp-json\/wp\/v2\/posts\/56986\/revisions"}],"predecessor-version":[{"id":56987,"href":"https:\/\/www.africa-press.net\/djibouti\/wp-json\/wp\/v2\/posts\/56986\/revisions\/56987"}],"wp:featuredmedia":[{"embeddable":true,"href":"https:\/\/www.africa-press.net\/djibouti\/wp-json\/wp\/v2\/media\/56985"}],"wp:attachment":[{"href":"https:\/\/www.africa-press.net\/djibouti\/wp-json\/wp\/v2\/media?parent=56986"}],"wp:term":[{"taxonomy":"category","embeddable":true,"href":"https:\/\/www.africa-press.net\/djibouti\/wp-json\/wp\/v2\/categories?post=56986"},{"taxonomy":"post_tag","embeddable":true,"href":"https:\/\/www.africa-press.net\/djibouti\/wp-json\/wp\/v2\/tags?post=56986"}],"curies":[{"name":"wp","href":"https:\/\/api.w.org\/{rel}","templated":true}]}}