{"id":56989,"date":"2026-04-27T12:51:58","date_gmt":"2026-04-27T12:51:58","guid":{"rendered":"https:\/\/www.africa-press.net\/djibouti\/politique\/lunion-africaine-condamne-les-attaques-au-mali"},"modified":"2026-04-27T13:24:40","modified_gmt":"2026-04-27T13:24:40","slug":"lunion-africaine-condamne-les-attaques-au-mali","status":"publish","type":"post","link":"https:\/\/www.africa-press.net\/djibouti\/politique\/lunion-africaine-condamne-les-attaques-au-mali","title":{"rendered":"L&rsquo;Union africaine condamne les attaques au Mali"},"content":{"rendered":"<p><span style=\"color: #ff6600\"><strong>Africa-Press &#8211; Djibouti. <\/strong><\/span>L&rsquo;Union africaine (UA) a condamne\u0301 les attaques signale\u0301es a\u0300 travers le pays, en particulier dans la capitale malienne, Bamako.<\/p>\n<p>Dans un communique\u0301, l&rsquo;UA a indique\u0301 suivre les attaques survenues au Mali avec une profonde inquie\u0301tude, condamnant fermement ces actes.<\/p>\n<p>Soulignant que ces attaques font peser un risque grave sur les civils, le communique\u0301 a re\u0301affirme\u0301 la de\u0301termination de l&rsquo;UA a\u0300 promouvoir la paix, la se\u0301curite\u0301 et la stabilite\u0301.<\/p>\n<p>Le pre\u0301sident de la Commission de l&rsquo;UA, Mahmoud Ali Youssouf, a adresse\u0301 un message de solidarite\u0301 totale au peuple malien, ainsi qu&rsquo;aux forces de se\u0301curite\u0301 et aux autorite\u0301s du pays.<\/p>\n<p>L&rsquo;arme\u0301e malienne avait annonce\u0301 que des groupes terroristes non identifie\u0301s avaient mene\u0301 des attaques contre diffe\u0301rentes positions militaires a\u0300 travers le pays, a\u0300 commencer par la capitale, Bamako.<\/p>\n<p>Selon la presse nationale, des attaques coordonne\u0301es perpe\u0301tre\u0301es par des groupes arme\u0301s ont de\u0301bute\u0301 to\u0302t dans la matine\u0301e.<\/p>\n<p>Des tirs nourris, des explosions et des affrontements ont e\u0301te\u0301 signale\u0301s dans plusieurs villes, principalement a\u0300 Kidal, Gao et Se\u0301vare\u0301, ainsi qu&rsquo;a\u0300 la base militaire de Kati et au camp militaire situe\u0301 aux abords de l&rsquo;ae\u0301roport Modibo Keita a\u0300 Bamako.<\/p>\n<p><strong>Pour plus d&rsquo;informations et d&rsquo;analyses sur la <span style=\"color: #ff6600\">Djibouti<\/span>, suivez <span style=\"color: #ff6600\">Africa-Press<\/span><\/strong><\/p>\n","protected":false},"excerpt":{"rendered":"<p>Africa-Press &#8211; Djibouti. L&rsquo;Union africaine (UA) a condamne\u0301 les attaques signale\u0301es a\u0300 travers le pays, en particulier dans la capitale malienne, Bamako. Dans un communique\u0301, l&rsquo;UA a indique\u0301 suivre les attaques survenues au Mali avec une profonde inquie\u0301tude, condamnant fermement ces actes. Soulignant que ces attaques font peser un risque grave sur les civils, le [&hellip;]<\/p>\n","protected":false},"author":82,"featured_media":56988,"comment_status":"open","ping_status":"closed","sticky":false,"template":"","format":"standard","meta":{"footnotes":""},"categories":[2,10],"tags":[50],"class_list":["post-56989","post","type-post","status-publish","format-standard","has-post-thumbnail","hentry","category-politique","category-toutes-les-actualites","tag-djibouti"],"yoast_head":"<!-- This site is optimized with the Yoast SEO Premium plugin v26.1 (Yoast SEO v27.0) - https:\/\/yoast.com\/product\/yoast-seo-premium-wordpress\/ -->\n<title>L&#039;Union africaine condamne les attaques au Mali - Djibouti<\/title>\n<meta name=\"description\" content=\"L&#039;Union africaine (UA) a condamne\u0301 les attaques signale\u0301es a\u0300 travers le pays, en particulier dans la capitale malienne, ...\" \/>\n<meta name=\"robots\" content=\"index, follow, max-snippet:-1, max-image-preview:large, max-video-preview:-1\" \/>\n<link rel=\"canonical\" href=\"https:\/\/www.africa-press.net\/djibouti\/politique\/lunion-africaine-condamne-les-attaques-au-mali\" \/>\n<meta property=\"og:locale\" content=\"fr_FR\" \/>\n<meta property=\"og:type\" content=\"article\" \/>\n<meta property=\"og:title\" content=\"L&#039;Union africaine condamne les attaques au Mali\" \/>\n<meta property=\"og:description\" content=\"L&#039;Union africaine (UA) a condamne\u0301 les attaques signale\u0301es a\u0300 travers le pays, en particulier dans la capitale malienne, ...\" \/>\n<meta property=\"og:url\" content=\"https:\/\/www.africa-press.net\/djibouti\/politique\/lunion-africaine-condamne-les-attaques-au-mali\" \/>\n<meta property=\"og:site_name\" content=\"Djibouti\" \/>\n<meta property=\"article:published_time\" content=\"2026-04-27T12:51:58+00:00\" \/>\n<meta property=\"article:modified_time\" content=\"2026-04-27T13:24:40+00:00\" \/>\n<meta property=\"og:image\" content=\"https:\/\/static.africa-press.net\/djibouti\/sites\/52\/2026\/04\/sm_1777283467.820949.jpg\" \/>\n\t<meta property=\"og:image:width\" content=\"720\" \/>\n\t<meta property=\"og:image:height\" content=\"486\" \/>\n\t<meta property=\"og:image:type\" content=\"image\/jpeg\" \/>\n<meta name=\"author\" content=\"cfeditorfr\" \/>\n<meta name=\"twitter:card\" content=\"summary_large_image\" \/>\n<meta name=\"twitter:label1\" content=\"\u00c9crit par\" \/>\n\t<meta name=\"twitter:data1\" content=\"cfeditorfr\" \/>\n\t<meta name=\"twitter:label2\" content=\"Dur\u00e9e de lecture estim\u00e9e\" \/>\n\t<meta name=\"twitter:data2\" content=\"2 minutes\" \/>\n<script type=\"application\/ld+json\" class=\"yoast-schema-graph\">{\"@context\":\"https:\/\/schema.org\",\"@graph\":[{\"@type\":\"Article\",\"@id\":\"https:\/\/www.africa-press.net\/djibouti\/politique\/lunion-africaine-condamne-les-attaques-au-mali#article\",\"isPartOf\":{\"@id\":\"https:\/\/www.africa-press.net\/djibouti\/politique\/lunion-africaine-condamne-les-attaques-au-mali\"},\"author\":{\"name\":\"cfeditorfr\",\"@id\":\"https:\/\/www.africa-press.net\/djibouti\/#\/schema\/person\/2b1cf3cd81a31e3cd26889ca66d677f1\"},\"headline\":\"L&rsquo;Union africaine condamne les attaques au Mali\",\"datePublished\":\"2026-04-27T12:51:58+00:00\",\"dateModified\":\"2026-04-27T13:24:40+00:00\",\"mainEntityOfPage\":{\"@id\":\"https:\/\/www.africa-press.net\/djibouti\/politique\/lunion-africaine-condamne-les-attaques-au-mali\"},\"wordCount\":237,\"commentCount\":0,\"image\":{\"@id\":\"https:\/\/www.africa-press.net\/djibouti\/politique\/lunion-africaine-condamne-les-attaques-au-mali#primaryimage\"},\"thumbnailUrl\":\"https:\/\/static.africa-press.net\/djibouti\/sites\/52\/2026\/04\/sm_1777283467.820949.jpg\",\"keywords\":[\"Djibouti\"],\"articleSection\":[\"Politique\",\"Toutes les actualit\u00e9s\"],\"inLanguage\":\"fr-FR\",\"potentialAction\":[{\"@type\":\"CommentAction\",\"name\":\"Comment\",\"target\":[\"https:\/\/www.africa-press.net\/djibouti\/politique\/lunion-africaine-condamne-les-attaques-au-mali#respond\"]}]},{\"@type\":\"WebPage\",\"@id\":\"https:\/\/www.africa-press.net\/djibouti\/politique\/lunion-africaine-condamne-les-attaques-au-mali\",\"url\":\"https:\/\/www.africa-press.net\/djibouti\/politique\/lunion-africaine-condamne-les-attaques-au-mali\",\"name\":\"L'Union africaine condamne les attaques au Mali - Djibouti\",\"isPartOf\":{\"@id\":\"https:\/\/www.africa-press.net\/djibouti\/#website\"},\"primaryImageOfPage\":{\"@id\":\"https:\/\/www.africa-press.net\/djibouti\/politique\/lunion-africaine-condamne-les-attaques-au-mali#primaryimage\"},\"image\":{\"@id\":\"https:\/\/www.africa-press.net\/djibouti\/politique\/lunion-africaine-condamne-les-attaques-au-mali#primaryimage\"},\"thumbnailUrl\":\"https:\/\/static.africa-press.net\/djibouti\/sites\/52\/2026\/04\/sm_1777283467.820949.jpg\",\"datePublished\":\"2026-04-27T12:51:58+00:00\",\"dateModified\":\"2026-04-27T13:24:40+00:00\",\"author\":{\"@id\":\"https:\/\/www.africa-press.net\/djibouti\/#\/schema\/person\/2b1cf3cd81a31e3cd26889ca66d677f1\"},\"description\":\"L'Union africaine (UA) a condamne\u0301 les attaques signale\u0301es a\u0300 travers le pays, en particulier dans la capitale malienne, ...\",\"breadcrumb\":{\"@id\":\"https:\/\/www.africa-press.net\/djibouti\/politique\/lunion-africaine-condamne-les-attaques-au-mali#breadcrumb\"},\"inLanguage\":\"fr-FR\",\"potentialAction\":[{\"@type\":\"ReadAction\",\"target\":[\"https:\/\/www.africa-press.net\/djibouti\/politique\/lunion-africaine-condamne-les-attaques-au-mali\"]}]},{\"@type\":\"ImageObject\",\"inLanguage\":\"fr-FR\",\"@id\":\"https:\/\/www.africa-press.net\/djibouti\/politique\/lunion-africaine-condamne-les-attaques-au-mali#primaryimage\",\"url\":\"https:\/\/static.africa-press.net\/djibouti\/sites\/52\/2026\/04\/sm_1777283467.820949.jpg\",\"contentUrl\":\"https:\/\/static.africa-press.net\/djibouti\/sites\/52\/2026\/04\/sm_1777283467.820949.jpg\",\"width\":720,\"height\":486,\"caption\":\"L'Union africaine condamne les attaques au Mali\"},{\"@type\":\"BreadcrumbList\",\"@id\":\"https:\/\/www.africa-press.net\/djibouti\/politique\/lunion-africaine-condamne-les-attaques-au-mali#breadcrumb\",\"itemListElement\":[{\"@type\":\"ListItem\",\"position\":1,\"name\":\"Accueil\",\"item\":\"https:\/\/www.africa-press.net\/djibouti\/\"},{\"@type\":\"ListItem\",\"position\":2,\"name\":\"L&#8217;Union africaine condamne les attaques au Mali\"}]},{\"@type\":\"WebSite\",\"@id\":\"https:\/\/www.africa-press.net\/djibouti\/#website\",\"url\":\"https:\/\/www.africa-press.net\/djibouti\/\",\"name\":\"Djibouti\",\"description\":\"Just another Africa News Agency Sites site\",\"potentialAction\":[{\"@type\":\"SearchAction\",\"target\":{\"@type\":\"EntryPoint\",\"urlTemplate\":\"https:\/\/www.africa-press.net\/djibouti\/?s={search_term_string}\"},\"query-input\":{\"@type\":\"PropertyValueSpecification\",\"valueRequired\":true,\"valueName\":\"search_term_string\"}}],\"inLanguage\":\"fr-FR\"},{\"@type\":\"Person\",\"@id\":\"https:\/\/www.africa-press.net\/djibouti\/#\/schema\/person\/2b1cf3cd81a31e3cd26889ca66d677f1\",\"name\":\"cfeditorfr\"}]}<\/script>\n<!-- \/ Yoast SEO Premium plugin. -->","yoast_head_json":{"title":"L'Union africaine condamne les attaques au Mali - Djibouti","description":"L'Union africaine (UA) a condamne\u0301 les attaques signale\u0301es a\u0300 travers le pays, en particulier dans la capitale malienne, ...","robots":{"index":"index","follow":"follow","max-snippet":"max-snippet:-1","max-image-preview":"max-image-preview:large","max-video-preview":"max-video-preview:-1"},"canonical":"https:\/\/www.africa-press.net\/djibouti\/politique\/lunion-africaine-condamne-les-attaques-au-mali","og_locale":"fr_FR","og_type":"article","og_title":"L'Union africaine condamne les attaques au Mali","og_description":"L'Union africaine (UA) a condamne\u0301 les attaques signale\u0301es a\u0300 travers le pays, en particulier dans la capitale malienne, ...","og_url":"https:\/\/www.africa-press.net\/djibouti\/politique\/lunion-africaine-condamne-les-attaques-au-mali","og_site_name":"Djibouti","article_published_time":"2026-04-27T12:51:58+00:00","article_modified_time":"2026-04-27T13:24:40+00:00","og_image":[{"width":720,"height":486,"url":"https:\/\/static.africa-press.net\/djibouti\/sites\/52\/2026\/04\/sm_1777283467.820949.jpg","type":"image\/jpeg"}],"author":"cfeditorfr","twitter_card":"summary_large_image","twitter_misc":{"\u00c9crit par":"cfeditorfr","Dur\u00e9e de lecture estim\u00e9e":"2 minutes"},"schema":{"@context":"https:\/\/schema.org","@graph":[{"@type":"Article","@id":"https:\/\/www.africa-press.net\/djibouti\/politique\/lunion-africaine-condamne-les-attaques-au-mali#article","isPartOf":{"@id":"https:\/\/www.africa-press.net\/djibouti\/politique\/lunion-africaine-condamne-les-attaques-au-mali"},"author":{"name":"cfeditorfr","@id":"https:\/\/www.africa-press.net\/djibouti\/#\/schema\/person\/2b1cf3cd81a31e3cd26889ca66d677f1"},"headline":"L&rsquo;Union africaine condamne les attaques au Mali","datePublished":"2026-04-27T12:51:58+00:00","dateModified":"2026-04-27T13:24:40+00:00","mainEntityOfPage":{"@id":"https:\/\/www.africa-press.net\/djibouti\/politique\/lunion-africaine-condamne-les-attaques-au-mali"},"wordCount":237,"commentCount":0,"image":{"@id":"https:\/\/www.africa-press.net\/djibouti\/politique\/lunion-africaine-condamne-les-attaques-au-mali#primaryimage"},"thumbnailUrl":"https:\/\/static.africa-press.net\/djibouti\/sites\/52\/2026\/04\/sm_1777283467.820949.jpg","keywords":["Djibouti"],"articleSection":["Politique","Toutes les actualit\u00e9s"],"inLanguage":"fr-FR","potentialAction":[{"@type":"CommentAction","name":"Comment","target":["https:\/\/www.africa-press.net\/djibouti\/politique\/lunion-africaine-condamne-les-attaques-au-mali#respond"]}]},{"@type":"WebPage","@id":"https:\/\/www.africa-press.net\/djibouti\/politique\/lunion-africaine-condamne-les-attaques-au-mali","url":"https:\/\/www.africa-press.net\/djibouti\/politique\/lunion-africaine-condamne-les-attaques-au-mali","name":"L'Union africaine condamne les attaques au Mali - Djibouti","isPartOf":{"@id":"https:\/\/www.africa-press.net\/djibouti\/#website"},"primaryImageOfPage":{"@id":"https:\/\/www.africa-press.net\/djibouti\/politique\/lunion-africaine-condamne-les-attaques-au-mali#primaryimage"},"image":{"@id":"https:\/\/www.africa-press.net\/djibouti\/politique\/lunion-africaine-condamne-les-attaques-au-mali#primaryimage"},"thumbnailUrl":"https:\/\/static.africa-press.net\/djibouti\/sites\/52\/2026\/04\/sm_1777283467.820949.jpg","datePublished":"2026-04-27T12:51:58+00:00","dateModified":"2026-04-27T13:24:40+00:00","author":{"@id":"https:\/\/www.africa-press.net\/djibouti\/#\/schema\/person\/2b1cf3cd81a31e3cd26889ca66d677f1"},"description":"L'Union africaine (UA) a condamne\u0301 les attaques signale\u0301es a\u0300 travers le pays, en particulier dans la capitale malienne, ...","breadcrumb":{"@id":"https:\/\/www.africa-press.net\/djibouti\/politique\/lunion-africaine-condamne-les-attaques-au-mali#breadcrumb"},"inLanguage":"fr-FR","potentialAction":[{"@type":"ReadAction","target":["https:\/\/www.africa-press.net\/djibouti\/politique\/lunion-africaine-condamne-les-attaques-au-mali"]}]},{"@type":"ImageObject","inLanguage":"fr-FR","@id":"https:\/\/www.africa-press.net\/djibouti\/politique\/lunion-africaine-condamne-les-attaques-au-mali#primaryimage","url":"https:\/\/static.africa-press.net\/djibouti\/sites\/52\/2026\/04\/sm_1777283467.820949.jpg","contentUrl":"https:\/\/static.africa-press.net\/djibouti\/sites\/52\/2026\/04\/sm_1777283467.820949.jpg","width":720,"height":486,"caption":"L'Union africaine condamne les attaques au Mali"},{"@type":"BreadcrumbList","@id":"https:\/\/www.africa-press.net\/djibouti\/politique\/lunion-africaine-condamne-les-attaques-au-mali#breadcrumb","itemListElement":[{"@type":"ListItem","position":1,"name":"Accueil","item":"https:\/\/www.africa-press.net\/djibouti\/"},{"@type":"ListItem","position":2,"name":"L&#8217;Union africaine condamne les attaques au Mali"}]},{"@type":"WebSite","@id":"https:\/\/www.africa-press.net\/djibouti\/#website","url":"https:\/\/www.africa-press.net\/djibouti\/","name":"Djibouti","description":"Just another Africa News Agency Sites site","potentialAction":[{"@type":"SearchAction","target":{"@type":"EntryPoint","urlTemplate":"https:\/\/www.africa-press.net\/djibouti\/?s={search_term_string}"},"query-input":{"@type":"PropertyValueSpecification","valueRequired":true,"valueName":"search_term_string"}}],"inLanguage":"fr-FR"},{"@type":"Person","@id":"https:\/\/www.africa-press.net\/djibouti\/#\/schema\/person\/2b1cf3cd81a31e3cd26889ca66d677f1","name":"cfeditorfr"}]}},"_links":{"self":[{"href":"https:\/\/www.africa-press.net\/djibouti\/wp-json\/wp\/v2\/posts\/56989","targetHints":{"allow":["GET"]}}],"collection":[{"href":"https:\/\/www.africa-press.net\/djibouti\/wp-json\/wp\/v2\/posts"}],"about":[{"href":"https:\/\/www.africa-press.net\/djibouti\/wp-json\/wp\/v2\/types\/post"}],"author":[{"embeddable":true,"href":"https:\/\/www.africa-press.net\/djibouti\/wp-json\/wp\/v2\/users\/82"}],"replies":[{"embeddable":true,"href":"https:\/\/www.africa-press.net\/djibouti\/wp-json\/wp\/v2\/comments?post=56989"}],"version-history":[{"count":1,"href":"https:\/\/www.africa-press.net\/djibouti\/wp-json\/wp\/v2\/posts\/56989\/revisions"}],"predecessor-version":[{"id":56991,"href":"https:\/\/www.africa-press.net\/djibouti\/wp-json\/wp\/v2\/posts\/56989\/revisions\/56991"}],"wp:featuredmedia":[{"embeddable":true,"href":"https:\/\/www.africa-press.net\/djibouti\/wp-json\/wp\/v2\/media\/56988"}],"wp:attachment":[{"href":"https:\/\/www.africa-press.net\/djibouti\/wp-json\/wp\/v2\/media?parent=56989"}],"wp:term":[{"taxonomy":"category","embeddable":true,"href":"https:\/\/www.africa-press.net\/djibouti\/wp-json\/wp\/v2\/categories?post=56989"},{"taxonomy":"post_tag","embeddable":true,"href":"https:\/\/www.africa-press.net\/djibouti\/wp-json\/wp\/v2\/tags?post=56989"}],"curies":[{"name":"wp","href":"https:\/\/api.w.org\/{rel}","templated":true}]}}