{"id":57000,"date":"2026-04-27T13:07:28","date_gmt":"2026-04-27T13:07:28","guid":{"rendered":"https:\/\/www.africa-press.net\/djibouti\/politique\/changement-climatique-et-trajectoires-migratoires"},"modified":"2026-04-27T13:07:28","modified_gmt":"2026-04-27T13:07:28","slug":"changement-climatique-et-trajectoires-migratoires","status":"publish","type":"post","link":"https:\/\/www.africa-press.net\/djibouti\/economie\/changement-climatique-et-trajectoires-migratoires","title":{"rendered":"Changement Climatique Et Trajectoires Migratoires"},"content":{"rendered":"<p><span style=\"color: #ff6600\"><strong>Africa-Press &#8211; Djibouti. <\/strong><\/span>A\u0300 Djibouti, les effets du changement climatique ne cessent de redessiner les re\u0301alite\u0301s sociales et e\u0301conomiques, au point d\u2019influencer de manie\u0300re significative les dynamiques migratoires. C\u2019est le constat dresse\u0301 par l\u2019Organisation internationale pour les migrations (OIM) a\u0300 l\u2019occasion de la Journe\u0301e de la Terre, ce\u0301le\u0301bre\u0301e le 22 avril dernier, une date symbolique qui met en lumie\u0300re les de\u0301fis environnementaux auxquels le monde est confronte\u0301.<\/p>\n<p>Dans notre pays particulie\u0300rement expose\u0301 aux ale\u0301as climatiques, la de\u0301gradation progressive des conditions environnementales agit comme un facteur de\u0301terminant dans les mouvements de population. Se\u0301cheresses prolonge\u0301es, rare\u0301faction des ressources en eau et pression accrue sur les moyens de subsistance poussent de plus en plus de me\u0301nages a\u0300 envisager la mobilite\u0301 comme une strate\u0301gie d\u2019adaptation.<\/p>\n<p>\u00ab Le lien entre changement climatique et migration est aujourd\u2019hui une re\u0301alite\u0301 tangible a\u0300 Djibouti \u00bb, explique Hassan Guelleh, cadre de l\u2019OIM. \u00ab Les populations ne migrent pas uniquement par contrainte imme\u0301diate, mais souvent pour anticiper des conditions de vie devenues incertaines \u00bb, pre\u0301cise-t-il.<\/p>\n<p>Lors de cette journe\u0301e de\u0301die\u0301e a\u0300 la plane\u0300te, l\u2019OIM a tenu a\u0300 saluer la re\u0301silience des communaute\u0301s locales, qui, malgre\u0301 les difficulte\u0301s croissantes, font preuve d\u2019une remarquable capacite\u0301 d\u2019adaptation. Dans plusieurs re\u0301gions du pays, les populations de\u0301veloppent des strate\u0301gies pour faire face aux bouleversements climatiques, qu\u2019il s\u2019agisse de diversifier leurs activite\u0301s ou d\u2019adopter de nouvelles pratiques pour pre\u0301server leurs ressources.<\/p>\n<p>A\u0300 travers ces initiatives, les communaute\u0301s de\u0301montrent qu\u2019elles ne sont pas seulement vulne\u0301rables face au changement climatique, mais e\u0301galement actrices de leur propre adaptation.<\/p>\n<p>Une re\u0301alite\u0301 que souligne Ai\u0308cha Mohamed, engage\u0301e dans des projets communautaires: \u00ab Les habitants s\u2019organisent, s\u2019entraident et innovent. Mais ils ne peuvent pas faire face seuls a\u0300 l\u2019ampleur des de\u0301fis. \u00bb<\/p>\n<p>En paralle\u0300le, ces mutations environnementales ont des re\u0301percussions visibles sur les flux migratoires internes. Les zones rurales, particulie\u0300rement touche\u0301es, voient une partie de leur population se diriger vers les centres urbains, notamment Djibouti-ville, a\u0300 la recherche de meilleures conditions de vie. Une tendance qui, si elle constitue une re\u0301ponse a\u0300 court terme, soule\u0300ve e\u0301galement des enjeux importants en matie\u0300re d\u2019urbanisation, d\u2019acce\u0300s aux services de base et d\u2019emploi.<\/p>\n<p>Consciente de ces de\u0301fis, l\u2019OIM a re\u0301ite\u0301re\u0301 son engagement a\u0300 accompagner Djibouti dans la mise en \u0153uvre de solutions durables. L\u2019organisation plaide pour des approches inte\u0301gre\u0301es, combinant adaptation climatique, de\u0301veloppement local et gestion des migrations. \u00ab Il est essentiel de renforcer la re\u0301silience tout en offrant des alternatives viables aux populations \u00bb, souligne Jean-Pierre Laurent.<\/p>\n<p>Au-dela\u0300 des discours, l\u2019enjeu est de\u0301sormais d\u2019agir concre\u0300tement pour atte\u0301nuer les effets du changement climatique et en limiter les conse\u0301quences humaines. Cela passe notamment par des investissements dans les infrastructures, la gestion de l\u2019eau et le soutien aux activite\u0301s e\u0301conomiques locales.<\/p>\n<p>Alors que Djibouti fait face a\u0300 des de\u0301fis environnementaux croissants, la question des migrations climatiques s\u2019impose comme un enjeu majeur pour les anne\u0301es a\u0300 venir. Entre adaptation et ne\u0301cessite\u0301, les de\u0301placements de population refle\u0300tent une re\u0301alite\u0301 en mutation, ou\u0300 la re\u0301silience des communaute\u0301s reste un atout essentiel, mais insuffisant sans un accompagnement durable.<\/p>\n<p>En saluant cette re\u0301silience lors de la Journe\u0301e de la Terre, l\u2019OIM envoie un message clair: face au changement climatique, la solidarite\u0301 et l\u2019action collective sont plus que jamais ne\u0301cessaires pour construire un avenir viable.<\/p>\n<p><strong>Pour plus d&rsquo;informations et d&rsquo;analyses sur la <span style=\"color: #ff6600\">Djibouti<\/span>, suivez <span style=\"color: #ff6600\">Africa-Press<span style=\"color: #ff6600\"><\/span><\/strong><\/p>\n","protected":false},"excerpt":{"rendered":"<p>Africa-Press &#8211; Djibouti. A\u0300 Djibouti, les effets du changement climatique ne cessent de redessiner les re\u0301alite\u0301s sociales et e\u0301conomiques, au point d\u2019influencer de manie\u0300re significative les dynamiques migratoires. C\u2019est le constat dresse\u0301 par l\u2019Organisation internationale pour les migrations (OIM) a\u0300 l\u2019occasion de la Journe\u0301e de la Terre, ce\u0301le\u0301bre\u0301e le 22 avril dernier, une date symbolique [&hellip;]<\/p>\n","protected":false},"author":82,"featured_media":56999,"comment_status":"open","ping_status":"closed","sticky":false,"template":"","format":"standard","meta":{"footnotes":""},"categories":[3,10],"tags":[50],"class_list":["post-57000","post","type-post","status-publish","format-standard","has-post-thumbnail","hentry","category-economie","category-toutes-les-actualites","tag-djibouti"],"yoast_head":"<!-- This site is optimized with the Yoast SEO Premium plugin v26.1 (Yoast SEO v27.0) - https:\/\/yoast.com\/product\/yoast-seo-premium-wordpress\/ -->\n<title>Changement Climatique Et Trajectoires Migratoires - Djibouti<\/title>\n<meta name=\"robots\" content=\"index, follow, max-snippet:-1, max-image-preview:large, max-video-preview:-1\" \/>\n<link rel=\"canonical\" href=\"https:\/\/www.africa-press.net\/djibouti\/politique\/changement-climatique-et-trajectoires-migratoires\" \/>\n<meta property=\"og:locale\" content=\"fr_FR\" \/>\n<meta property=\"og:type\" content=\"article\" \/>\n<meta property=\"og:title\" content=\"Changement Climatique Et Trajectoires Migratoires\" \/>\n<meta property=\"og:description\" content=\"Africa-Press &#8211; Djibouti. A\u0300 Djibouti, les effets du changement climatique ne cessent de redessiner les re\u0301alite\u0301s sociales et e\u0301conomiques, au point d\u2019influencer de manie\u0300re significative les dynamiques migratoires. C\u2019est le constat dresse\u0301 par l\u2019Organisation internationale pour les migrations (OIM) a\u0300 l\u2019occasion de la Journe\u0301e de la Terre, ce\u0301le\u0301bre\u0301e le 22 avril dernier, une date symbolique [&hellip;]\" \/>\n<meta property=\"og:url\" content=\"https:\/\/www.africa-press.net\/djibouti\/politique\/changement-climatique-et-trajectoires-migratoires\" \/>\n<meta property=\"og:site_name\" content=\"Djibouti\" \/>\n<meta property=\"article:published_time\" content=\"2026-04-27T13:07:28+00:00\" \/>\n<meta name=\"author\" content=\"cfeditorfr\" \/>\n<meta name=\"twitter:card\" content=\"summary_large_image\" \/>\n<meta name=\"twitter:label1\" content=\"\u00c9crit par\" \/>\n\t<meta name=\"twitter:data1\" content=\"cfeditorfr\" \/>\n\t<meta name=\"twitter:label2\" content=\"Dur\u00e9e de lecture estim\u00e9e\" \/>\n\t<meta name=\"twitter:data2\" content=\"3 minutes\" \/>\n<script type=\"application\/ld+json\" class=\"yoast-schema-graph\">{\"@context\":\"https:\/\/schema.org\",\"@graph\":[{\"@type\":\"Article\",\"@id\":\"https:\/\/www.africa-press.net\/djibouti\/politique\/changement-climatique-et-trajectoires-migratoires#article\",\"isPartOf\":{\"@id\":\"https:\/\/www.africa-press.net\/djibouti\/politique\/changement-climatique-et-trajectoires-migratoires\"},\"author\":{\"name\":\"cfeditorfr\",\"@id\":\"https:\/\/www.africa-press.net\/djibouti\/#\/schema\/person\/2b1cf3cd81a31e3cd26889ca66d677f1\"},\"headline\":\"Changement Climatique Et Trajectoires Migratoires\",\"datePublished\":\"2026-04-27T13:07:28+00:00\",\"mainEntityOfPage\":{\"@id\":\"https:\/\/www.africa-press.net\/djibouti\/politique\/changement-climatique-et-trajectoires-migratoires\"},\"wordCount\":642,\"commentCount\":0,\"image\":{\"@id\":\"https:\/\/www.africa-press.net\/djibouti\/politique\/changement-climatique-et-trajectoires-migratoires#primaryimage\"},\"thumbnailUrl\":\"https:\/\/static.africa-press.net\/djibouti\/sites\/52\/2026\/04\/sm_1777283807.997719.jpg\",\"keywords\":[\"Djibouti\"],\"articleSection\":[\"\u00c9conomie\",\"Toutes les actualit\u00e9s\"],\"inLanguage\":\"fr-FR\",\"potentialAction\":[{\"@type\":\"CommentAction\",\"name\":\"Comment\",\"target\":[\"https:\/\/www.africa-press.net\/djibouti\/politique\/changement-climatique-et-trajectoires-migratoires#respond\"]}]},{\"@type\":\"WebPage\",\"@id\":\"https:\/\/www.africa-press.net\/djibouti\/politique\/changement-climatique-et-trajectoires-migratoires\",\"url\":\"https:\/\/www.africa-press.net\/djibouti\/politique\/changement-climatique-et-trajectoires-migratoires\",\"name\":\"Changement Climatique Et Trajectoires Migratoires - Djibouti\",\"isPartOf\":{\"@id\":\"https:\/\/www.africa-press.net\/djibouti\/#website\"},\"primaryImageOfPage\":{\"@id\":\"https:\/\/www.africa-press.net\/djibouti\/politique\/changement-climatique-et-trajectoires-migratoires#primaryimage\"},\"image\":{\"@id\":\"https:\/\/www.africa-press.net\/djibouti\/politique\/changement-climatique-et-trajectoires-migratoires#primaryimage\"},\"thumbnailUrl\":\"https:\/\/static.africa-press.net\/djibouti\/sites\/52\/2026\/04\/sm_1777283807.997719.jpg\",\"datePublished\":\"2026-04-27T13:07:28+00:00\",\"author\":{\"@id\":\"https:\/\/www.africa-press.net\/djibouti\/#\/schema\/person\/2b1cf3cd81a31e3cd26889ca66d677f1\"},\"breadcrumb\":{\"@id\":\"https:\/\/www.africa-press.net\/djibouti\/politique\/changement-climatique-et-trajectoires-migratoires#breadcrumb\"},\"inLanguage\":\"fr-FR\",\"potentialAction\":[{\"@type\":\"ReadAction\",\"target\":[\"https:\/\/www.africa-press.net\/djibouti\/politique\/changement-climatique-et-trajectoires-migratoires\"]}]},{\"@type\":\"ImageObject\",\"inLanguage\":\"fr-FR\",\"@id\":\"https:\/\/www.africa-press.net\/djibouti\/politique\/changement-climatique-et-trajectoires-migratoires#primaryimage\",\"url\":\"https:\/\/static.africa-press.net\/djibouti\/sites\/52\/2026\/04\/sm_1777283807.997719.jpg\",\"contentUrl\":\"https:\/\/static.africa-press.net\/djibouti\/sites\/52\/2026\/04\/sm_1777283807.997719.jpg\",\"width\":720,\"height\":480,\"caption\":\"Changement Climatique Et Trajectoires Migratoires\"},{\"@type\":\"BreadcrumbList\",\"@id\":\"https:\/\/www.africa-press.net\/djibouti\/politique\/changement-climatique-et-trajectoires-migratoires#breadcrumb\",\"itemListElement\":[{\"@type\":\"ListItem\",\"position\":1,\"name\":\"Accueil\",\"item\":\"https:\/\/www.africa-press.net\/djibouti\/\"},{\"@type\":\"ListItem\",\"position\":2,\"name\":\"Changement Climatique Et Trajectoires Migratoires\"}]},{\"@type\":\"WebSite\",\"@id\":\"https:\/\/www.africa-press.net\/djibouti\/#website\",\"url\":\"https:\/\/www.africa-press.net\/djibouti\/\",\"name\":\"Djibouti\",\"description\":\"Just another Africa News Agency Sites site\",\"potentialAction\":[{\"@type\":\"SearchAction\",\"target\":{\"@type\":\"EntryPoint\",\"urlTemplate\":\"https:\/\/www.africa-press.net\/djibouti\/?s={search_term_string}\"},\"query-input\":{\"@type\":\"PropertyValueSpecification\",\"valueRequired\":true,\"valueName\":\"search_term_string\"}}],\"inLanguage\":\"fr-FR\"},{\"@type\":\"Person\",\"@id\":\"https:\/\/www.africa-press.net\/djibouti\/#\/schema\/person\/2b1cf3cd81a31e3cd26889ca66d677f1\",\"name\":\"cfeditorfr\"}]}<\/script>\n<!-- \/ Yoast SEO Premium plugin. -->","yoast_head_json":{"title":"Changement Climatique Et Trajectoires Migratoires - Djibouti","robots":{"index":"index","follow":"follow","max-snippet":"max-snippet:-1","max-image-preview":"max-image-preview:large","max-video-preview":"max-video-preview:-1"},"canonical":"https:\/\/www.africa-press.net\/djibouti\/politique\/changement-climatique-et-trajectoires-migratoires","og_locale":"fr_FR","og_type":"article","og_title":"Changement Climatique Et Trajectoires Migratoires","og_description":"Africa-Press &#8211; Djibouti. A\u0300 Djibouti, les effets du changement climatique ne cessent de redessiner les re\u0301alite\u0301s sociales et e\u0301conomiques, au point d\u2019influencer de manie\u0300re significative les dynamiques migratoires. C\u2019est le constat dresse\u0301 par l\u2019Organisation internationale pour les migrations (OIM) a\u0300 l\u2019occasion de la Journe\u0301e de la Terre, ce\u0301le\u0301bre\u0301e le 22 avril dernier, une date symbolique [&hellip;]","og_url":"https:\/\/www.africa-press.net\/djibouti\/politique\/changement-climatique-et-trajectoires-migratoires","og_site_name":"Djibouti","article_published_time":"2026-04-27T13:07:28+00:00","author":"cfeditorfr","twitter_card":"summary_large_image","twitter_misc":{"\u00c9crit par":"cfeditorfr","Dur\u00e9e de lecture estim\u00e9e":"3 minutes"},"schema":{"@context":"https:\/\/schema.org","@graph":[{"@type":"Article","@id":"https:\/\/www.africa-press.net\/djibouti\/politique\/changement-climatique-et-trajectoires-migratoires#article","isPartOf":{"@id":"https:\/\/www.africa-press.net\/djibouti\/politique\/changement-climatique-et-trajectoires-migratoires"},"author":{"name":"cfeditorfr","@id":"https:\/\/www.africa-press.net\/djibouti\/#\/schema\/person\/2b1cf3cd81a31e3cd26889ca66d677f1"},"headline":"Changement Climatique Et Trajectoires Migratoires","datePublished":"2026-04-27T13:07:28+00:00","mainEntityOfPage":{"@id":"https:\/\/www.africa-press.net\/djibouti\/politique\/changement-climatique-et-trajectoires-migratoires"},"wordCount":642,"commentCount":0,"image":{"@id":"https:\/\/www.africa-press.net\/djibouti\/politique\/changement-climatique-et-trajectoires-migratoires#primaryimage"},"thumbnailUrl":"https:\/\/static.africa-press.net\/djibouti\/sites\/52\/2026\/04\/sm_1777283807.997719.jpg","keywords":["Djibouti"],"articleSection":["\u00c9conomie","Toutes les actualit\u00e9s"],"inLanguage":"fr-FR","potentialAction":[{"@type":"CommentAction","name":"Comment","target":["https:\/\/www.africa-press.net\/djibouti\/politique\/changement-climatique-et-trajectoires-migratoires#respond"]}]},{"@type":"WebPage","@id":"https:\/\/www.africa-press.net\/djibouti\/politique\/changement-climatique-et-trajectoires-migratoires","url":"https:\/\/www.africa-press.net\/djibouti\/politique\/changement-climatique-et-trajectoires-migratoires","name":"Changement Climatique Et Trajectoires Migratoires - Djibouti","isPartOf":{"@id":"https:\/\/www.africa-press.net\/djibouti\/#website"},"primaryImageOfPage":{"@id":"https:\/\/www.africa-press.net\/djibouti\/politique\/changement-climatique-et-trajectoires-migratoires#primaryimage"},"image":{"@id":"https:\/\/www.africa-press.net\/djibouti\/politique\/changement-climatique-et-trajectoires-migratoires#primaryimage"},"thumbnailUrl":"https:\/\/static.africa-press.net\/djibouti\/sites\/52\/2026\/04\/sm_1777283807.997719.jpg","datePublished":"2026-04-27T13:07:28+00:00","author":{"@id":"https:\/\/www.africa-press.net\/djibouti\/#\/schema\/person\/2b1cf3cd81a31e3cd26889ca66d677f1"},"breadcrumb":{"@id":"https:\/\/www.africa-press.net\/djibouti\/politique\/changement-climatique-et-trajectoires-migratoires#breadcrumb"},"inLanguage":"fr-FR","potentialAction":[{"@type":"ReadAction","target":["https:\/\/www.africa-press.net\/djibouti\/politique\/changement-climatique-et-trajectoires-migratoires"]}]},{"@type":"ImageObject","inLanguage":"fr-FR","@id":"https:\/\/www.africa-press.net\/djibouti\/politique\/changement-climatique-et-trajectoires-migratoires#primaryimage","url":"https:\/\/static.africa-press.net\/djibouti\/sites\/52\/2026\/04\/sm_1777283807.997719.jpg","contentUrl":"https:\/\/static.africa-press.net\/djibouti\/sites\/52\/2026\/04\/sm_1777283807.997719.jpg","width":720,"height":480,"caption":"Changement Climatique Et Trajectoires Migratoires"},{"@type":"BreadcrumbList","@id":"https:\/\/www.africa-press.net\/djibouti\/politique\/changement-climatique-et-trajectoires-migratoires#breadcrumb","itemListElement":[{"@type":"ListItem","position":1,"name":"Accueil","item":"https:\/\/www.africa-press.net\/djibouti\/"},{"@type":"ListItem","position":2,"name":"Changement Climatique Et Trajectoires Migratoires"}]},{"@type":"WebSite","@id":"https:\/\/www.africa-press.net\/djibouti\/#website","url":"https:\/\/www.africa-press.net\/djibouti\/","name":"Djibouti","description":"Just another Africa News Agency Sites site","potentialAction":[{"@type":"SearchAction","target":{"@type":"EntryPoint","urlTemplate":"https:\/\/www.africa-press.net\/djibouti\/?s={search_term_string}"},"query-input":{"@type":"PropertyValueSpecification","valueRequired":true,"valueName":"search_term_string"}}],"inLanguage":"fr-FR"},{"@type":"Person","@id":"https:\/\/www.africa-press.net\/djibouti\/#\/schema\/person\/2b1cf3cd81a31e3cd26889ca66d677f1","name":"cfeditorfr"}]}},"_links":{"self":[{"href":"https:\/\/www.africa-press.net\/djibouti\/wp-json\/wp\/v2\/posts\/57000","targetHints":{"allow":["GET"]}}],"collection":[{"href":"https:\/\/www.africa-press.net\/djibouti\/wp-json\/wp\/v2\/posts"}],"about":[{"href":"https:\/\/www.africa-press.net\/djibouti\/wp-json\/wp\/v2\/types\/post"}],"author":[{"embeddable":true,"href":"https:\/\/www.africa-press.net\/djibouti\/wp-json\/wp\/v2\/users\/82"}],"replies":[{"embeddable":true,"href":"https:\/\/www.africa-press.net\/djibouti\/wp-json\/wp\/v2\/comments?post=57000"}],"version-history":[{"count":0,"href":"https:\/\/www.africa-press.net\/djibouti\/wp-json\/wp\/v2\/posts\/57000\/revisions"}],"wp:featuredmedia":[{"embeddable":true,"href":"https:\/\/www.africa-press.net\/djibouti\/wp-json\/wp\/v2\/media\/56999"}],"wp:attachment":[{"href":"https:\/\/www.africa-press.net\/djibouti\/wp-json\/wp\/v2\/media?parent=57000"}],"wp:term":[{"taxonomy":"category","embeddable":true,"href":"https:\/\/www.africa-press.net\/djibouti\/wp-json\/wp\/v2\/categories?post=57000"},{"taxonomy":"post_tag","embeddable":true,"href":"https:\/\/www.africa-press.net\/djibouti\/wp-json\/wp\/v2\/tags?post=57000"}],"curies":[{"name":"wp","href":"https:\/\/api.w.org\/{rel}","templated":true}]}}