{"id":57010,"date":"2026-04-28T12:51:00","date_gmt":"2026-04-28T12:51:00","guid":{"rendered":"https:\/\/www.africa-press.net\/djibouti\/politique\/laisccuf-a-paris-pour-les-journees-des-reseaux-francophones"},"modified":"2026-04-28T13:05:50","modified_gmt":"2026-04-28T13:05:50","slug":"laisccuf-a-paris-pour-les-journees-des-reseaux-francophones","status":"publish","type":"post","link":"https:\/\/www.africa-press.net\/djibouti\/politique\/laisccuf-a-paris-pour-les-journees-des-reseaux-francophones","title":{"rendered":"L&rsquo;AISCCUF \u00c0 Paris Pour Les Journ\u00e9es Des R\u00e9seaux Francophones"},"content":{"rendered":"<p><span style=\"color: #ff6600\"><strong>Africa-Press &#8211; Djibouti. <\/strong><\/span>L&rsquo;Association des institutions supe\u0301rieures de contro\u0302le des finances publiques de la Francophonie (AISCCUF) a pris part aux Journe\u0301es des Re\u0301seaux institutionnels de la Francophonie, organise\u0301es la semaine dernie\u0300re par l\u2019Organisation internationale de la Francophonie (OIF) a\u0300 Paris. Ces Journe\u0301es ont mis l\u2019accent sur l\u2019inde\u0301pendance de la justice dans l\u2019espace francophone, un principe cle\u0301 de la Charte de la Francophonie.<\/p>\n<p>L\u2019AISCCUF e\u0301tait repre\u0301sente\u0301e par sa pre\u0301sidente, Ismahan Mahamoud Ibrahim, Premie\u0300re pre\u0301sidente de la Cour des comptes de Djibouti, accompagne\u0301e de Yassin Said Elmi, magistrat et conseiller senior a\u0300 la Cour des comptes de Djibouti. Guillaume Brule\u0301, directeur adjoint des relations internationales a\u0300 la Cour des comptes de France, a e\u0301galement pris part aux discussions.<\/p>\n<p>La rencontre a permis de revenir sur les engagements des Etats francophones en matie\u0300re de justice, qui trouvent leur fondement dans la De\u0301claration de Bamako (2000) sur les pratiques de\u0301mocratiques et les droits humains. Cette de\u0301claration a ouvert la voie a\u0300 la cre\u0301ation des Re\u0301seaux institutionnels de la Francophonie (RIF), visant a\u0300 traduire concre\u0300tement ces engagements en actions ope\u0301rationnelles.<\/p>\n<p>Au cours des de\u0301bats, l\u2019accent a e\u0301te\u0301 mis sur la ne\u0301cessite\u0301 de garantir l\u2019inde\u0301pendance de la magistrature et d\u2019assurer une justice accessible et efficace. Dans ce contexte, la pre\u0301sidente de l\u2019AISCCUF a rappele\u0301 le ro\u0302le crucial des juridictions financie\u0300res dans la consolidation de l\u2019Etat de droit, en veillant a\u0300 la bonne gestion des fonds publics.<\/p>\n<p>Elle a e\u0301galement souligne\u0301 que l&rsquo;inde\u0301pendance des institutions supe\u0301rieures de contro\u0302le (ISC) repose sur des principes essentiels de\u0301finis par l\u2019INTOSAI, notamment l\u2019inamovibilite\u0301 des dirigeants et membres des ISC, l\u2019acce\u0300s libre a\u0300 l\u2019information et la liberte\u0301 d\u2019expression des rapports de contro\u0302le.<\/p>\n<p>Ismahan Mahamoud Ibrahim a e\u0301voque\u0301 les de\u0301fis auxquels ces institutions sont confronte\u0301es, tels que les pressions financie\u0300res ou les obstacles le\u0301gislatifs limitant leur autonomie. Selon elle, ces de\u0301fis entravent l\u2019efficacite\u0301 des ISC et leur capacite\u0301 a\u0300 remplir leur ro\u0302le de garant de la transparence publique.<\/p>\n<p>Dans la dernie\u0300re partie de son intervention, la pre\u0301sidente a affirme\u0301 que l\u2019inde\u0301pendance des ISC est un combat continu, qui ne\u0301cessite une action constante de plaidoyer et de sensibilisation aupre\u0300s des pouvoirs publics pour maintenir la se\u0301paration des pouvoirs et garantir une justice impartiale et fiable<\/p>\n<p><strong>Pour plus d&rsquo;informations et d&rsquo;analyses sur la <span style=\"color: #ff6600\">Djibouti<\/span>, suivez <span style=\"color: #ff6600\">Africa-Press<\/span><\/strong><\/p>\n","protected":false},"excerpt":{"rendered":"<p>Africa-Press &#8211; Djibouti. L&rsquo;Association des institutions supe\u0301rieures de contro\u0302le des finances publiques de la Francophonie (AISCCUF) a pris part aux Journe\u0301es des Re\u0301seaux institutionnels de la Francophonie, organise\u0301es la semaine dernie\u0300re par l\u2019Organisation internationale de la Francophonie (OIF) a\u0300 Paris. Ces Journe\u0301es ont mis l\u2019accent sur l\u2019inde\u0301pendance de la justice dans l\u2019espace francophone, un principe [&hellip;]<\/p>\n","protected":false},"author":82,"featured_media":57008,"comment_status":"open","ping_status":"closed","sticky":false,"template":"","format":"standard","meta":{"footnotes":""},"categories":[2,10],"tags":[50],"class_list":["post-57010","post","type-post","status-publish","format-standard","has-post-thumbnail","hentry","category-politique","category-toutes-les-actualites","tag-djibouti"],"yoast_head":"<!-- This site is optimized with the Yoast SEO Premium plugin v26.1 (Yoast SEO v27.0) - https:\/\/yoast.com\/product\/yoast-seo-premium-wordpress\/ -->\n<title>L&#039;AISCCUF \u00c0 Paris Pour Les Journ\u00e9es Des R\u00e9seaux Francophones - Djibouti<\/title>\n<meta name=\"description\" content=\"L&#039;Association des institutions supe\u0301rieures de contro\u0302le des finances publiques de la Francophonie (AISCCUF) a pris part ...\" \/>\n<meta name=\"robots\" content=\"index, follow, max-snippet:-1, max-image-preview:large, max-video-preview:-1\" \/>\n<link rel=\"canonical\" href=\"https:\/\/www.africa-press.net\/djibouti\/politique\/laisccuf-a-paris-pour-les-journees-des-reseaux-francophones\" \/>\n<meta property=\"og:locale\" content=\"fr_FR\" \/>\n<meta property=\"og:type\" content=\"article\" \/>\n<meta property=\"og:title\" content=\"L&#039;AISCCUF \u00c0 Paris Pour Les Journ\u00e9es Des R\u00e9seaux Francophones\" \/>\n<meta property=\"og:description\" content=\"L&#039;Association des institutions supe\u0301rieures de contro\u0302le des finances publiques de la Francophonie (AISCCUF) a pris part ...\" \/>\n<meta property=\"og:url\" content=\"https:\/\/www.africa-press.net\/djibouti\/politique\/laisccuf-a-paris-pour-les-journees-des-reseaux-francophones\" \/>\n<meta property=\"og:site_name\" content=\"Djibouti\" \/>\n<meta property=\"article:published_time\" content=\"2026-04-28T12:51:00+00:00\" \/>\n<meta property=\"article:modified_time\" content=\"2026-04-28T13:05:50+00:00\" \/>\n<meta property=\"og:image\" content=\"https:\/\/static.africa-press.net\/djibouti\/sites\/52\/2026\/04\/sm_1777368897.380391.jpg\" \/>\n\t<meta property=\"og:image:width\" content=\"960\" \/>\n\t<meta property=\"og:image:height\" content=\"523\" \/>\n\t<meta property=\"og:image:type\" content=\"image\/jpeg\" \/>\n<meta name=\"author\" content=\"cfeditorfr\" \/>\n<meta name=\"twitter:card\" content=\"summary_large_image\" \/>\n<meta name=\"twitter:label1\" content=\"\u00c9crit par\" \/>\n\t<meta name=\"twitter:data1\" content=\"cfeditorfr\" \/>\n\t<meta name=\"twitter:label2\" content=\"Dur\u00e9e de lecture estim\u00e9e\" \/>\n\t<meta name=\"twitter:data2\" content=\"3 minutes\" \/>\n<script type=\"application\/ld+json\" class=\"yoast-schema-graph\">{\"@context\":\"https:\/\/schema.org\",\"@graph\":[{\"@type\":\"Article\",\"@id\":\"https:\/\/www.africa-press.net\/djibouti\/politique\/laisccuf-a-paris-pour-les-journees-des-reseaux-francophones#article\",\"isPartOf\":{\"@id\":\"https:\/\/www.africa-press.net\/djibouti\/politique\/laisccuf-a-paris-pour-les-journees-des-reseaux-francophones\"},\"author\":{\"name\":\"cfeditorfr\",\"@id\":\"https:\/\/www.africa-press.net\/djibouti\/#\/schema\/person\/2b1cf3cd81a31e3cd26889ca66d677f1\"},\"headline\":\"L&rsquo;AISCCUF \u00c0 Paris Pour Les Journ\u00e9es Des R\u00e9seaux Francophones\",\"datePublished\":\"2026-04-28T12:51:00+00:00\",\"dateModified\":\"2026-04-28T13:05:50+00:00\",\"mainEntityOfPage\":{\"@id\":\"https:\/\/www.africa-press.net\/djibouti\/politique\/laisccuf-a-paris-pour-les-journees-des-reseaux-francophones\"},\"wordCount\":453,\"commentCount\":0,\"image\":{\"@id\":\"https:\/\/www.africa-press.net\/djibouti\/politique\/laisccuf-a-paris-pour-les-journees-des-reseaux-francophones#primaryimage\"},\"thumbnailUrl\":\"https:\/\/static.africa-press.net\/djibouti\/sites\/52\/2026\/04\/sm_1777368897.380391.jpg\",\"keywords\":[\"Djibouti\"],\"articleSection\":[\"Politique\",\"Toutes les actualit\u00e9s\"],\"inLanguage\":\"fr-FR\",\"potentialAction\":[{\"@type\":\"CommentAction\",\"name\":\"Comment\",\"target\":[\"https:\/\/www.africa-press.net\/djibouti\/politique\/laisccuf-a-paris-pour-les-journees-des-reseaux-francophones#respond\"]}]},{\"@type\":\"WebPage\",\"@id\":\"https:\/\/www.africa-press.net\/djibouti\/politique\/laisccuf-a-paris-pour-les-journees-des-reseaux-francophones\",\"url\":\"https:\/\/www.africa-press.net\/djibouti\/politique\/laisccuf-a-paris-pour-les-journees-des-reseaux-francophones\",\"name\":\"L'AISCCUF \u00c0 Paris Pour Les Journ\u00e9es Des R\u00e9seaux Francophones - Djibouti\",\"isPartOf\":{\"@id\":\"https:\/\/www.africa-press.net\/djibouti\/#website\"},\"primaryImageOfPage\":{\"@id\":\"https:\/\/www.africa-press.net\/djibouti\/politique\/laisccuf-a-paris-pour-les-journees-des-reseaux-francophones#primaryimage\"},\"image\":{\"@id\":\"https:\/\/www.africa-press.net\/djibouti\/politique\/laisccuf-a-paris-pour-les-journees-des-reseaux-francophones#primaryimage\"},\"thumbnailUrl\":\"https:\/\/static.africa-press.net\/djibouti\/sites\/52\/2026\/04\/sm_1777368897.380391.jpg\",\"datePublished\":\"2026-04-28T12:51:00+00:00\",\"dateModified\":\"2026-04-28T13:05:50+00:00\",\"author\":{\"@id\":\"https:\/\/www.africa-press.net\/djibouti\/#\/schema\/person\/2b1cf3cd81a31e3cd26889ca66d677f1\"},\"description\":\"L'Association des institutions supe\u0301rieures de contro\u0302le des finances publiques de la Francophonie (AISCCUF) a pris part ...\",\"breadcrumb\":{\"@id\":\"https:\/\/www.africa-press.net\/djibouti\/politique\/laisccuf-a-paris-pour-les-journees-des-reseaux-francophones#breadcrumb\"},\"inLanguage\":\"fr-FR\",\"potentialAction\":[{\"@type\":\"ReadAction\",\"target\":[\"https:\/\/www.africa-press.net\/djibouti\/politique\/laisccuf-a-paris-pour-les-journees-des-reseaux-francophones\"]}]},{\"@type\":\"ImageObject\",\"inLanguage\":\"fr-FR\",\"@id\":\"https:\/\/www.africa-press.net\/djibouti\/politique\/laisccuf-a-paris-pour-les-journees-des-reseaux-francophones#primaryimage\",\"url\":\"https:\/\/static.africa-press.net\/djibouti\/sites\/52\/2026\/04\/sm_1777368897.380391.jpg\",\"contentUrl\":\"https:\/\/static.africa-press.net\/djibouti\/sites\/52\/2026\/04\/sm_1777368897.380391.jpg\",\"width\":960,\"height\":523,\"caption\":\"L'AISCCUF \u00c0 Paris Pour Les Journ\u00e9es Des R\u00e9seaux Francophones\"},{\"@type\":\"BreadcrumbList\",\"@id\":\"https:\/\/www.africa-press.net\/djibouti\/politique\/laisccuf-a-paris-pour-les-journees-des-reseaux-francophones#breadcrumb\",\"itemListElement\":[{\"@type\":\"ListItem\",\"position\":1,\"name\":\"Accueil\",\"item\":\"https:\/\/www.africa-press.net\/djibouti\/\"},{\"@type\":\"ListItem\",\"position\":2,\"name\":\"L&#8217;AISCCUF \u00c0 Paris Pour Les Journ\u00e9es Des R\u00e9seaux Francophones\"}]},{\"@type\":\"WebSite\",\"@id\":\"https:\/\/www.africa-press.net\/djibouti\/#website\",\"url\":\"https:\/\/www.africa-press.net\/djibouti\/\",\"name\":\"Djibouti\",\"description\":\"Just another Africa News Agency Sites site\",\"potentialAction\":[{\"@type\":\"SearchAction\",\"target\":{\"@type\":\"EntryPoint\",\"urlTemplate\":\"https:\/\/www.africa-press.net\/djibouti\/?s={search_term_string}\"},\"query-input\":{\"@type\":\"PropertyValueSpecification\",\"valueRequired\":true,\"valueName\":\"search_term_string\"}}],\"inLanguage\":\"fr-FR\"},{\"@type\":\"Person\",\"@id\":\"https:\/\/www.africa-press.net\/djibouti\/#\/schema\/person\/2b1cf3cd81a31e3cd26889ca66d677f1\",\"name\":\"cfeditorfr\"}]}<\/script>\n<!-- \/ Yoast SEO Premium plugin. -->","yoast_head_json":{"title":"L'AISCCUF \u00c0 Paris Pour Les Journ\u00e9es Des R\u00e9seaux Francophones - Djibouti","description":"L'Association des institutions supe\u0301rieures de contro\u0302le des finances publiques de la Francophonie (AISCCUF) a pris part ...","robots":{"index":"index","follow":"follow","max-snippet":"max-snippet:-1","max-image-preview":"max-image-preview:large","max-video-preview":"max-video-preview:-1"},"canonical":"https:\/\/www.africa-press.net\/djibouti\/politique\/laisccuf-a-paris-pour-les-journees-des-reseaux-francophones","og_locale":"fr_FR","og_type":"article","og_title":"L'AISCCUF \u00c0 Paris Pour Les Journ\u00e9es Des R\u00e9seaux Francophones","og_description":"L'Association des institutions supe\u0301rieures de contro\u0302le des finances publiques de la Francophonie (AISCCUF) a pris part ...","og_url":"https:\/\/www.africa-press.net\/djibouti\/politique\/laisccuf-a-paris-pour-les-journees-des-reseaux-francophones","og_site_name":"Djibouti","article_published_time":"2026-04-28T12:51:00+00:00","article_modified_time":"2026-04-28T13:05:50+00:00","og_image":[{"width":960,"height":523,"url":"https:\/\/static.africa-press.net\/djibouti\/sites\/52\/2026\/04\/sm_1777368897.380391.jpg","type":"image\/jpeg"}],"author":"cfeditorfr","twitter_card":"summary_large_image","twitter_misc":{"\u00c9crit par":"cfeditorfr","Dur\u00e9e de lecture estim\u00e9e":"3 minutes"},"schema":{"@context":"https:\/\/schema.org","@graph":[{"@type":"Article","@id":"https:\/\/www.africa-press.net\/djibouti\/politique\/laisccuf-a-paris-pour-les-journees-des-reseaux-francophones#article","isPartOf":{"@id":"https:\/\/www.africa-press.net\/djibouti\/politique\/laisccuf-a-paris-pour-les-journees-des-reseaux-francophones"},"author":{"name":"cfeditorfr","@id":"https:\/\/www.africa-press.net\/djibouti\/#\/schema\/person\/2b1cf3cd81a31e3cd26889ca66d677f1"},"headline":"L&rsquo;AISCCUF \u00c0 Paris Pour Les Journ\u00e9es Des R\u00e9seaux Francophones","datePublished":"2026-04-28T12:51:00+00:00","dateModified":"2026-04-28T13:05:50+00:00","mainEntityOfPage":{"@id":"https:\/\/www.africa-press.net\/djibouti\/politique\/laisccuf-a-paris-pour-les-journees-des-reseaux-francophones"},"wordCount":453,"commentCount":0,"image":{"@id":"https:\/\/www.africa-press.net\/djibouti\/politique\/laisccuf-a-paris-pour-les-journees-des-reseaux-francophones#primaryimage"},"thumbnailUrl":"https:\/\/static.africa-press.net\/djibouti\/sites\/52\/2026\/04\/sm_1777368897.380391.jpg","keywords":["Djibouti"],"articleSection":["Politique","Toutes les actualit\u00e9s"],"inLanguage":"fr-FR","potentialAction":[{"@type":"CommentAction","name":"Comment","target":["https:\/\/www.africa-press.net\/djibouti\/politique\/laisccuf-a-paris-pour-les-journees-des-reseaux-francophones#respond"]}]},{"@type":"WebPage","@id":"https:\/\/www.africa-press.net\/djibouti\/politique\/laisccuf-a-paris-pour-les-journees-des-reseaux-francophones","url":"https:\/\/www.africa-press.net\/djibouti\/politique\/laisccuf-a-paris-pour-les-journees-des-reseaux-francophones","name":"L'AISCCUF \u00c0 Paris Pour Les Journ\u00e9es Des R\u00e9seaux Francophones - Djibouti","isPartOf":{"@id":"https:\/\/www.africa-press.net\/djibouti\/#website"},"primaryImageOfPage":{"@id":"https:\/\/www.africa-press.net\/djibouti\/politique\/laisccuf-a-paris-pour-les-journees-des-reseaux-francophones#primaryimage"},"image":{"@id":"https:\/\/www.africa-press.net\/djibouti\/politique\/laisccuf-a-paris-pour-les-journees-des-reseaux-francophones#primaryimage"},"thumbnailUrl":"https:\/\/static.africa-press.net\/djibouti\/sites\/52\/2026\/04\/sm_1777368897.380391.jpg","datePublished":"2026-04-28T12:51:00+00:00","dateModified":"2026-04-28T13:05:50+00:00","author":{"@id":"https:\/\/www.africa-press.net\/djibouti\/#\/schema\/person\/2b1cf3cd81a31e3cd26889ca66d677f1"},"description":"L'Association des institutions supe\u0301rieures de contro\u0302le des finances publiques de la Francophonie (AISCCUF) a pris part ...","breadcrumb":{"@id":"https:\/\/www.africa-press.net\/djibouti\/politique\/laisccuf-a-paris-pour-les-journees-des-reseaux-francophones#breadcrumb"},"inLanguage":"fr-FR","potentialAction":[{"@type":"ReadAction","target":["https:\/\/www.africa-press.net\/djibouti\/politique\/laisccuf-a-paris-pour-les-journees-des-reseaux-francophones"]}]},{"@type":"ImageObject","inLanguage":"fr-FR","@id":"https:\/\/www.africa-press.net\/djibouti\/politique\/laisccuf-a-paris-pour-les-journees-des-reseaux-francophones#primaryimage","url":"https:\/\/static.africa-press.net\/djibouti\/sites\/52\/2026\/04\/sm_1777368897.380391.jpg","contentUrl":"https:\/\/static.africa-press.net\/djibouti\/sites\/52\/2026\/04\/sm_1777368897.380391.jpg","width":960,"height":523,"caption":"L'AISCCUF \u00c0 Paris Pour Les Journ\u00e9es Des R\u00e9seaux Francophones"},{"@type":"BreadcrumbList","@id":"https:\/\/www.africa-press.net\/djibouti\/politique\/laisccuf-a-paris-pour-les-journees-des-reseaux-francophones#breadcrumb","itemListElement":[{"@type":"ListItem","position":1,"name":"Accueil","item":"https:\/\/www.africa-press.net\/djibouti\/"},{"@type":"ListItem","position":2,"name":"L&#8217;AISCCUF \u00c0 Paris Pour Les Journ\u00e9es Des R\u00e9seaux Francophones"}]},{"@type":"WebSite","@id":"https:\/\/www.africa-press.net\/djibouti\/#website","url":"https:\/\/www.africa-press.net\/djibouti\/","name":"Djibouti","description":"Just another Africa News Agency Sites site","potentialAction":[{"@type":"SearchAction","target":{"@type":"EntryPoint","urlTemplate":"https:\/\/www.africa-press.net\/djibouti\/?s={search_term_string}"},"query-input":{"@type":"PropertyValueSpecification","valueRequired":true,"valueName":"search_term_string"}}],"inLanguage":"fr-FR"},{"@type":"Person","@id":"https:\/\/www.africa-press.net\/djibouti\/#\/schema\/person\/2b1cf3cd81a31e3cd26889ca66d677f1","name":"cfeditorfr"}]}},"_links":{"self":[{"href":"https:\/\/www.africa-press.net\/djibouti\/wp-json\/wp\/v2\/posts\/57010","targetHints":{"allow":["GET"]}}],"collection":[{"href":"https:\/\/www.africa-press.net\/djibouti\/wp-json\/wp\/v2\/posts"}],"about":[{"href":"https:\/\/www.africa-press.net\/djibouti\/wp-json\/wp\/v2\/types\/post"}],"author":[{"embeddable":true,"href":"https:\/\/www.africa-press.net\/djibouti\/wp-json\/wp\/v2\/users\/82"}],"replies":[{"embeddable":true,"href":"https:\/\/www.africa-press.net\/djibouti\/wp-json\/wp\/v2\/comments?post=57010"}],"version-history":[{"count":1,"href":"https:\/\/www.africa-press.net\/djibouti\/wp-json\/wp\/v2\/posts\/57010\/revisions"}],"predecessor-version":[{"id":57012,"href":"https:\/\/www.africa-press.net\/djibouti\/wp-json\/wp\/v2\/posts\/57010\/revisions\/57012"}],"wp:featuredmedia":[{"embeddable":true,"href":"https:\/\/www.africa-press.net\/djibouti\/wp-json\/wp\/v2\/media\/57008"}],"wp:attachment":[{"href":"https:\/\/www.africa-press.net\/djibouti\/wp-json\/wp\/v2\/media?parent=57010"}],"wp:term":[{"taxonomy":"category","embeddable":true,"href":"https:\/\/www.africa-press.net\/djibouti\/wp-json\/wp\/v2\/categories?post=57010"},{"taxonomy":"post_tag","embeddable":true,"href":"https:\/\/www.africa-press.net\/djibouti\/wp-json\/wp\/v2\/tags?post=57010"}],"curies":[{"name":"wp","href":"https:\/\/api.w.org\/{rel}","templated":true}]}}