{"id":8882,"date":"2022-12-24T18:15:00","date_gmt":"2022-12-24T18:15:00","guid":{"rendered":"https:\/\/www.africa-press.net\/djibouti\/politique\/la-dependance-a-la-chine-au-coeur-de-la-penurie-mondiale-damoxicilline-et-de-paracetamol"},"modified":"2022-12-24T18:15:00","modified_gmt":"2022-12-24T18:15:00","slug":"la-dependance-a-la-chine-au-coeur-de-la-penurie-mondiale-damoxicilline-et-de-paracetamol","status":"publish","type":"post","link":"https:\/\/www.africa-press.net\/djibouti\/toutes-les-actualites\/la-dependance-a-la-chine-au-coeur-de-la-penurie-mondiale-damoxicilline-et-de-paracetamol","title":{"rendered":"La d\u00e9pendance \u00e0 la Chine au c\u0153ur de la p\u00e9nurie mondiale d&rsquo;amoxicilline et de parac\u00e9tamol"},"content":{"rendered":"<p><span style=\"color: #ff6600\"><strong>Africa-Press &#8211; Djibouti. <\/strong><\/span><b>Une pe\u0301nurie d\u2019amoxicilline et de parace\u0301tamol, deux me\u0301dicaments tre\u0300s courants, affecte actuellement un grand nombre de pays dans le monde. En cause, des facteurs structurels, aggrave\u0301s par une baisse de la production he\u0301rite\u0301e de la pande\u0301mie de Covid-19 et la re\u0301surgence de l\u2019e\u0301pide\u0301mie en Chine.<\/b><\/p>\n<p>En ce mois de de\u0301cembre, pourvoyeur d\u2019e\u0301pide\u0301mies comme la grippe et le Covid-19, il est \u00ab\u00a0difficile\u00a0\u00bb de se procurer certains des me\u0301dicaments les plus prescrits en France.<\/p>\n<p>\u00ab\u00a0La situation est tre\u0300s tendue depuis le de\u0301but de l\u2019anne\u0301e 2022\u00a0\u00bb, explique Pierre-Olivier Variot, pre\u0301sident de l\u2019Union des syndicats des pharmaciens d\u2019officine (USPO). \u00ab\u00a0Les ruptures de me\u0301dicaments ont augmente\u0301 de 15 % par rapport a\u0300 l\u2019an dernier, et 3 000 mole\u0301cules sont en tension d\u2019approvisionnement. En ce moment, on manque particulie\u0300rement de parace\u0301tamol et d\u2019amoxicilline.\u00a0\u00bb<\/p>\n<p>Ces deux me\u0301dicaments font de\u0301faut en France sous leur forme pe\u0301diatrique, alors qu\u2019une e\u0301pide\u0301mie de bronchiolite fait rage et que l\u2019amoxicilline repre\u0301sente 90 % des prescriptions d\u2019antibiotiques chez l\u2019enfant. L\u2019agence publique du me\u0301dicament (ANSM) a ainsi alerte\u0301 sur la situation de\u0300s novembre, e\u0301voquant une pe\u0301nurie qui pourrait durer jusqu\u2019en mars, tandis qu\u2019une de\u0301le\u0301gation de professionnels de la pe\u0301diatrie a e\u0301te\u0301 rec\u0327ue vendredi a\u0300 l\u2019E\u0301lyse\u0301e.<\/p>\n<p><b>Une proble\u0301matique mondiale<\/b><\/p>\n<p>Pour le moment, rapporte Andre\u0301as Werner, pre\u0301sident de l\u2019Association franc\u0327aise de pe\u0301diatrie ambulatoire (AFPA), les me\u0301decins parviennent a\u0300 \u00ab\u00a0se de\u0301brouiller\u00a0\u00bb, en prescrivant les formes adultes des antibiotiques aux enfants. Charge ensuite aux parents d\u2019adapter le dosage au poids et a\u0300 l\u2019a\u0302ge de leur proge\u0301niture, en suivant les recommandations du pe\u0301diatre. Mais la solution n\u2019est pas pe\u0301renne, selon Andre\u0301as Werner : les reports de traitement risquent d\u2019avoir un effet domino et de provoquer de nouvelles pe\u0301nuries et le de\u0301veloppement de re\u0301sistances.<\/p>\n<p>La situation est d\u2019ailleurs loin de se limiter a\u0300 la France : selon le Groupement pharmaceutique de l\u2019Union europe\u0301enne (PGEU), 25 des 27 E\u0301tats membres manquent en ce moment d\u2019amoxicilline. L\u2019Italie, la France, le Royaume-Uni, l\u2019Espagne et le Portugal sont particulie\u0300rement touche\u0301s. De l\u2019autre co\u0302te\u0301 de l\u2019Atlantique, les E\u0301tats-Unis, tout comme le Canada et l&rsquo;Australie, peinent eux aussi a\u0300 trouver cet antibiotique, inscrit depuis octobre sur la liste des me\u0301dicaments en pe\u0301nurie. De fait, 80 % des 35 pays suivis par l\u2019OMS font e\u0301tat d&rsquo;une situation de manque. Des pe\u0301nuries de me\u0301dicaments courants, dont le parace\u0301tamol, ont e\u0301galement e\u0301te\u0301 signale\u0301es.<\/p>\n<p><b>Exportations mises en pause<\/b><\/p>\n<p>En cause, une multitude de facteurs, dont la reprise e\u0301pide\u0301mique en Chine. Face a\u0300 l\u2019explosion des contaminations a\u0300 la suite de l\u2019arre\u0302t de la politique \u00ab\u00a0ze\u0301ro Covid\u00a0\u00bb, Pe\u0301kin a re\u0301quisitionne\u0301 ses usines pour alimenter son marche\u0301 national. Dans la province du Shandong, au sud de Pe\u0301kin, un fabricant d&rsquo;ibuprofe\u0300ne a me\u0302me vu ses exportations \u00ab\u00a0mises en pause\u00a0\u00bb, rapporte France Info.<\/p>\n<p>Or, explique Hubert Testard, spe\u0301cialiste de l\u2019Asie et des enjeux e\u0301conomiques internationaux a\u0300 Sciences Po, auteur de \u00ab\u00a0Pande\u0301mie, le basculement du monde\u00a0\u00bb (e\u0301d. de l&rsquo;Aube, 2021), la Chine est responsable de la production de la majorite\u0301 des matie\u0300res premie\u0300res ne\u0301cessaires a\u0300 la confection de l\u2019amoxicilline et du parace\u0301tamol.<\/p>\n<p>\u00ab\u00a0Les me\u0301dicaments &lsquo;basiques&rsquo; comme le parace\u0301tamol et l\u2019amoxicilline sont sous-traite\u0301s par les Occidentaux a\u0300 l\u2019Inde et a\u0300 la Chine depuis trente ans\u00a0\u00bb, re\u0301sume l\u2019expert. \u00ab\u00a0Ces me\u0301dicaments ne sont pas tre\u0300s rentables et leur production re\u0301clame de gros investissements, ce qui a abouti a\u0300 leur de\u0301localisation en Chine, provoquant une de\u0301pendance assez forte. En revanche, la Chine de\u0301pend de l&rsquo;Occident pour les me\u0301dicaments traitant des maladies chroniques complexes.\u00a0\u00bb<\/p>\n<p>Extre\u0302mement concentre\u0301e, la production de ces me\u0301dicaments \u00ab\u00a0de base\u00a0\u00bb est ainsi particulie\u0300rement sensible aux crises sanitaires et ge\u0301opolitiques. Le proble\u0300me date de bien avant la crise du Covid-19 et va en s\u2019aggravant : depuis 2000, le nombre de pe\u0301nuries de me\u0301dicaments signale\u0301es en France a e\u0301te\u0301 multiplie\u0301 par vingt.<\/p>\n<p>\u00ab\u00a0L\u2019indisponibilite\u0301 des me\u0301dicaments est en augmentation en Europe (et) les pe\u0301nuries sont une pre\u0301occupation mondiale\u00a0\u00bb, s\u2019alarme ainsi Ilaria Passarani, secre\u0301taire ge\u0301ne\u0301rale du PGEU, dans son rapport annuel. \u00ab\u00a0Les pe\u0301nuries de me\u0301dicaments sont un proble\u0300me structurel et concernent aussi bien des me\u0301dicaments essentiels que des me\u0301dicaments d\u2019usage tre\u0300s courant.\u00a0\u00bb<\/p>\n<p><b>Une production plus faible depuis 2020<\/b><\/p>\n<p>Une situation proble\u0301matique, aggrave\u0301e par l&rsquo;explosion des maladies hivernales, la de\u0301fense immunitaire des populations e\u0301tant au plus bas apre\u0300s deux ans de distanciation sociale, et ceci alors que les industriels ont baisse\u0301 leur production durant la pande\u0301mie.<\/p>\n<p>\u00ab\u00a0On est bien plus souvent malades en 2022 qu\u2019en 2020, le taux moyen d\u2019anticorps a chute\u0301 car les gens n&rsquo;ont pas eu de maladies infectieuses ces dernie\u0300res anne\u0301es\u00a0\u00bb, remarque ainsi Andre\u0301as Werner. \u00ab\u00a0Cela a fait baisser la demande d&rsquo;antibiotiques, et les industriels ont donc re\u0301duit leur offre.\u00a0\u00bb<\/p>\n<p>Les fabricants de me\u0301dicaments peinent ainsi a\u0300 retrouver le niveau de production d\u2019antibiotiques d\u2019avant-crise. Si Sandoz, l\u2019un des plus grands fabricants d\u2019antibiotiques ge\u0301ne\u0301riques, a affirme\u0301 avoir re\u0301augmente\u0301 sa production, il lui faudra entre quatre et six mois pour commencer a\u0300 distribuer effectivement les me\u0301dicaments. La pe\u0301nurie ne sera donc pas re\u0301solue tout de suite, me\u0302me si elle devrait, espe\u0300re Hubert Testard, s\u2019alle\u0301ger dans quelques semaines, lorsque la Chine aura passe\u0301 son pic e\u0301pide\u0301mique.<\/p>\n<p>En attendant, les professionnels de sante\u0301 pre\u0301conisent de ge\u0301ne\u0301raliser les tests de de\u0301pistage, pour ne pas prescrire des antibiotiques inutiles et e\u0301pargner les stocks, tout en remplac\u0327ant les mole\u0301cules manquantes par d&rsquo;autres lorsque c\u2019est possible. Et pour e\u0301viter que cette situation ne se reproduise, le PGEU pre\u0301conise d\u2019obliger les fabricants de me\u0301dicaments a\u0300 commercialiser leurs produits dans tous les E\u0301tats membres et a\u0300 cre\u0301er un me\u0301canisme de redistribution en cas de crise. Une usine de parace\u0301tamol devrait en outre rouvrir dans l&rsquo;Ise\u0300re, en France, mais ses premiers me\u0301dicaments ne sont pas attendus avant 2025.<\/p>\n<p><strong>Pour plus d&rsquo;informations et d&rsquo;analyses sur la <a href=\"https:\/\/www.africa-press.net\/djibouti\">Djibouti<\/a>, suivez <a href=\"https:\/\/www.africa-press.net\/\">Africa-Press<\/a><\/strong><\/p>\n","protected":false},"excerpt":{"rendered":"<p>Africa-Press &#8211; Djibouti. Une pe\u0301nurie d\u2019amoxicilline et de parace\u0301tamol, deux me\u0301dicaments tre\u0300s courants, affecte actuellement un grand nombre de pays dans le monde. En cause, des facteurs structurels, aggrave\u0301s par une baisse de la production he\u0301rite\u0301e de la pande\u0301mie de Covid-19 et la re\u0301surgence de l\u2019e\u0301pide\u0301mie en Chine. En ce mois de de\u0301cembre, pourvoyeur d\u2019e\u0301pide\u0301mies [&hellip;]<\/p>\n","protected":false},"author":82,"featured_media":8881,"comment_status":"open","ping_status":"closed","sticky":false,"template":"","format":"standard","meta":{"footnotes":""},"categories":[22,11,10],"tags":[36,49,50],"class_list":["post-8882","post","type-post","status-publish","format-standard","has-post-thumbnail","hentry","category-divers","category-homepage-french","category-toutes-les-actualites","tag-africa-press","tag-africa-press-djibouti","tag-djibouti"],"yoast_head":"<!-- This site is optimized with the Yoast SEO Premium plugin v26.1 (Yoast SEO v27.0) - https:\/\/yoast.com\/product\/yoast-seo-premium-wordpress\/ -->\n<title>La d\u00e9pendance \u00e0 la Chine au c\u0153ur de la p\u00e9nurie mondiale d&#039;amoxicilline et de parac\u00e9tamol - Djibouti<\/title>\n<meta name=\"robots\" content=\"index, follow, max-snippet:-1, max-image-preview:large, max-video-preview:-1\" \/>\n<link rel=\"canonical\" href=\"https:\/\/www.africa-press.net\/djibouti\/politique\/la-dependance-a-la-chine-au-coeur-de-la-penurie-mondiale-damoxicilline-et-de-paracetamol\" \/>\n<meta property=\"og:locale\" content=\"fr_FR\" \/>\n<meta property=\"og:type\" content=\"article\" \/>\n<meta property=\"og:title\" content=\"La d\u00e9pendance \u00e0 la Chine au c\u0153ur de la p\u00e9nurie mondiale d&#039;amoxicilline et de parac\u00e9tamol\" \/>\n<meta property=\"og:description\" content=\"Africa-Press &#8211; Djibouti. Une pe\u0301nurie d\u2019amoxicilline et de parace\u0301tamol, deux me\u0301dicaments tre\u0300s courants, affecte actuellement un grand nombre de pays dans le monde. En cause, des facteurs structurels, aggrave\u0301s par une baisse de la production he\u0301rite\u0301e de la pande\u0301mie de Covid-19 et la re\u0301surgence de l\u2019e\u0301pide\u0301mie en Chine. En ce mois de de\u0301cembre, pourvoyeur d\u2019e\u0301pide\u0301mies [&hellip;]\" \/>\n<meta property=\"og:url\" content=\"https:\/\/www.africa-press.net\/djibouti\/politique\/la-dependance-a-la-chine-au-coeur-de-la-penurie-mondiale-damoxicilline-et-de-paracetamol\" \/>\n<meta property=\"og:site_name\" content=\"Djibouti\" \/>\n<meta property=\"article:published_time\" content=\"2022-12-24T18:15:00+00:00\" \/>\n<meta name=\"author\" content=\"cfeditorfr\" \/>\n<meta name=\"twitter:card\" content=\"summary_large_image\" \/>\n<meta name=\"twitter:label1\" content=\"\u00c9crit par\" \/>\n\t<meta name=\"twitter:data1\" content=\"cfeditorfr\" \/>\n\t<meta name=\"twitter:label2\" content=\"Dur\u00e9e de lecture estim\u00e9e\" \/>\n\t<meta name=\"twitter:data2\" content=\"6 minutes\" \/>\n<script type=\"application\/ld+json\" class=\"yoast-schema-graph\">{\"@context\":\"https:\/\/schema.org\",\"@graph\":[{\"@type\":\"Article\",\"@id\":\"https:\/\/www.africa-press.net\/djibouti\/politique\/la-dependance-a-la-chine-au-coeur-de-la-penurie-mondiale-damoxicilline-et-de-paracetamol#article\",\"isPartOf\":{\"@id\":\"https:\/\/www.africa-press.net\/djibouti\/politique\/la-dependance-a-la-chine-au-coeur-de-la-penurie-mondiale-damoxicilline-et-de-paracetamol\"},\"author\":{\"name\":\"cfeditorfr\",\"@id\":\"https:\/\/www.africa-press.net\/djibouti\/#\/schema\/person\/2b1cf3cd81a31e3cd26889ca66d677f1\"},\"headline\":\"La d\u00e9pendance \u00e0 la Chine au c\u0153ur de la p\u00e9nurie mondiale d&rsquo;amoxicilline et de parac\u00e9tamol\",\"datePublished\":\"2022-12-24T18:15:00+00:00\",\"mainEntityOfPage\":{\"@id\":\"https:\/\/www.africa-press.net\/djibouti\/politique\/la-dependance-a-la-chine-au-coeur-de-la-penurie-mondiale-damoxicilline-et-de-paracetamol\"},\"wordCount\":1138,\"commentCount\":0,\"image\":{\"@id\":\"https:\/\/www.africa-press.net\/djibouti\/politique\/la-dependance-a-la-chine-au-coeur-de-la-penurie-mondiale-damoxicilline-et-de-paracetamol#primaryimage\"},\"thumbnailUrl\":\"https:\/\/static.africa-press.net\/djibouti\/sites\/52\/2022\/12\/Jokar1671893141.91233.jpg\",\"keywords\":[\"Africa Press\",\"Africa Press-Djibouti\",\"Djibouti\"],\"articleSection\":[\"Divers\",\"homepage-french\",\"Toutes les actualit\u00e9s\"],\"inLanguage\":\"fr-FR\",\"potentialAction\":[{\"@type\":\"CommentAction\",\"name\":\"Comment\",\"target\":[\"https:\/\/www.africa-press.net\/djibouti\/politique\/la-dependance-a-la-chine-au-coeur-de-la-penurie-mondiale-damoxicilline-et-de-paracetamol#respond\"]}]},{\"@type\":\"WebPage\",\"@id\":\"https:\/\/www.africa-press.net\/djibouti\/politique\/la-dependance-a-la-chine-au-coeur-de-la-penurie-mondiale-damoxicilline-et-de-paracetamol\",\"url\":\"https:\/\/www.africa-press.net\/djibouti\/politique\/la-dependance-a-la-chine-au-coeur-de-la-penurie-mondiale-damoxicilline-et-de-paracetamol\",\"name\":\"La d\u00e9pendance \u00e0 la Chine au c\u0153ur de la p\u00e9nurie mondiale d'amoxicilline et de parac\u00e9tamol - Djibouti\",\"isPartOf\":{\"@id\":\"https:\/\/www.africa-press.net\/djibouti\/#website\"},\"primaryImageOfPage\":{\"@id\":\"https:\/\/www.africa-press.net\/djibouti\/politique\/la-dependance-a-la-chine-au-coeur-de-la-penurie-mondiale-damoxicilline-et-de-paracetamol#primaryimage\"},\"image\":{\"@id\":\"https:\/\/www.africa-press.net\/djibouti\/politique\/la-dependance-a-la-chine-au-coeur-de-la-penurie-mondiale-damoxicilline-et-de-paracetamol#primaryimage\"},\"thumbnailUrl\":\"https:\/\/static.africa-press.net\/djibouti\/sites\/52\/2022\/12\/Jokar1671893141.91233.jpg\",\"datePublished\":\"2022-12-24T18:15:00+00:00\",\"author\":{\"@id\":\"https:\/\/www.africa-press.net\/djibouti\/#\/schema\/person\/2b1cf3cd81a31e3cd26889ca66d677f1\"},\"breadcrumb\":{\"@id\":\"https:\/\/www.africa-press.net\/djibouti\/politique\/la-dependance-a-la-chine-au-coeur-de-la-penurie-mondiale-damoxicilline-et-de-paracetamol#breadcrumb\"},\"inLanguage\":\"fr-FR\",\"potentialAction\":[{\"@type\":\"ReadAction\",\"target\":[\"https:\/\/www.africa-press.net\/djibouti\/politique\/la-dependance-a-la-chine-au-coeur-de-la-penurie-mondiale-damoxicilline-et-de-paracetamol\"]}]},{\"@type\":\"ImageObject\",\"inLanguage\":\"fr-FR\",\"@id\":\"https:\/\/www.africa-press.net\/djibouti\/politique\/la-dependance-a-la-chine-au-coeur-de-la-penurie-mondiale-damoxicilline-et-de-paracetamol#primaryimage\",\"url\":\"https:\/\/static.africa-press.net\/djibouti\/sites\/52\/2022\/12\/Jokar1671893141.91233.jpg\",\"contentUrl\":\"https:\/\/static.africa-press.net\/djibouti\/sites\/52\/2022\/12\/Jokar1671893141.91233.jpg\",\"width\":1280,\"height\":720,\"caption\":\"La d\u00e9pendance \u00e0 la Chine au c\u0153ur de la p\u00e9nurie mondiale d'amoxicilline et de parac\u00e9tamol\"},{\"@type\":\"BreadcrumbList\",\"@id\":\"https:\/\/www.africa-press.net\/djibouti\/politique\/la-dependance-a-la-chine-au-coeur-de-la-penurie-mondiale-damoxicilline-et-de-paracetamol#breadcrumb\",\"itemListElement\":[{\"@type\":\"ListItem\",\"position\":1,\"name\":\"Accueil\",\"item\":\"https:\/\/www.africa-press.net\/djibouti\/\"},{\"@type\":\"ListItem\",\"position\":2,\"name\":\"La d\u00e9pendance \u00e0 la Chine au c\u0153ur de la p\u00e9nurie mondiale d&rsquo;amoxicilline et de parac\u00e9tamol\"}]},{\"@type\":\"WebSite\",\"@id\":\"https:\/\/www.africa-press.net\/djibouti\/#website\",\"url\":\"https:\/\/www.africa-press.net\/djibouti\/\",\"name\":\"Djibouti\",\"description\":\"Just another Africa News Agency Sites site\",\"potentialAction\":[{\"@type\":\"SearchAction\",\"target\":{\"@type\":\"EntryPoint\",\"urlTemplate\":\"https:\/\/www.africa-press.net\/djibouti\/?s={search_term_string}\"},\"query-input\":{\"@type\":\"PropertyValueSpecification\",\"valueRequired\":true,\"valueName\":\"search_term_string\"}}],\"inLanguage\":\"fr-FR\"},{\"@type\":\"Person\",\"@id\":\"https:\/\/www.africa-press.net\/djibouti\/#\/schema\/person\/2b1cf3cd81a31e3cd26889ca66d677f1\",\"name\":\"cfeditorfr\"}]}<\/script>\n<!-- \/ Yoast SEO Premium plugin. -->","yoast_head_json":{"title":"La d\u00e9pendance \u00e0 la Chine au c\u0153ur de la p\u00e9nurie mondiale d'amoxicilline et de parac\u00e9tamol - Djibouti","robots":{"index":"index","follow":"follow","max-snippet":"max-snippet:-1","max-image-preview":"max-image-preview:large","max-video-preview":"max-video-preview:-1"},"canonical":"https:\/\/www.africa-press.net\/djibouti\/politique\/la-dependance-a-la-chine-au-coeur-de-la-penurie-mondiale-damoxicilline-et-de-paracetamol","og_locale":"fr_FR","og_type":"article","og_title":"La d\u00e9pendance \u00e0 la Chine au c\u0153ur de la p\u00e9nurie mondiale d'amoxicilline et de parac\u00e9tamol","og_description":"Africa-Press &#8211; Djibouti. Une pe\u0301nurie d\u2019amoxicilline et de parace\u0301tamol, deux me\u0301dicaments tre\u0300s courants, affecte actuellement un grand nombre de pays dans le monde. En cause, des facteurs structurels, aggrave\u0301s par une baisse de la production he\u0301rite\u0301e de la pande\u0301mie de Covid-19 et la re\u0301surgence de l\u2019e\u0301pide\u0301mie en Chine. En ce mois de de\u0301cembre, pourvoyeur d\u2019e\u0301pide\u0301mies [&hellip;]","og_url":"https:\/\/www.africa-press.net\/djibouti\/politique\/la-dependance-a-la-chine-au-coeur-de-la-penurie-mondiale-damoxicilline-et-de-paracetamol","og_site_name":"Djibouti","article_published_time":"2022-12-24T18:15:00+00:00","author":"cfeditorfr","twitter_card":"summary_large_image","twitter_misc":{"\u00c9crit par":"cfeditorfr","Dur\u00e9e de lecture estim\u00e9e":"6 minutes"},"schema":{"@context":"https:\/\/schema.org","@graph":[{"@type":"Article","@id":"https:\/\/www.africa-press.net\/djibouti\/politique\/la-dependance-a-la-chine-au-coeur-de-la-penurie-mondiale-damoxicilline-et-de-paracetamol#article","isPartOf":{"@id":"https:\/\/www.africa-press.net\/djibouti\/politique\/la-dependance-a-la-chine-au-coeur-de-la-penurie-mondiale-damoxicilline-et-de-paracetamol"},"author":{"name":"cfeditorfr","@id":"https:\/\/www.africa-press.net\/djibouti\/#\/schema\/person\/2b1cf3cd81a31e3cd26889ca66d677f1"},"headline":"La d\u00e9pendance \u00e0 la Chine au c\u0153ur de la p\u00e9nurie mondiale d&rsquo;amoxicilline et de parac\u00e9tamol","datePublished":"2022-12-24T18:15:00+00:00","mainEntityOfPage":{"@id":"https:\/\/www.africa-press.net\/djibouti\/politique\/la-dependance-a-la-chine-au-coeur-de-la-penurie-mondiale-damoxicilline-et-de-paracetamol"},"wordCount":1138,"commentCount":0,"image":{"@id":"https:\/\/www.africa-press.net\/djibouti\/politique\/la-dependance-a-la-chine-au-coeur-de-la-penurie-mondiale-damoxicilline-et-de-paracetamol#primaryimage"},"thumbnailUrl":"https:\/\/static.africa-press.net\/djibouti\/sites\/52\/2022\/12\/Jokar1671893141.91233.jpg","keywords":["Africa Press","Africa Press-Djibouti","Djibouti"],"articleSection":["Divers","homepage-french","Toutes les actualit\u00e9s"],"inLanguage":"fr-FR","potentialAction":[{"@type":"CommentAction","name":"Comment","target":["https:\/\/www.africa-press.net\/djibouti\/politique\/la-dependance-a-la-chine-au-coeur-de-la-penurie-mondiale-damoxicilline-et-de-paracetamol#respond"]}]},{"@type":"WebPage","@id":"https:\/\/www.africa-press.net\/djibouti\/politique\/la-dependance-a-la-chine-au-coeur-de-la-penurie-mondiale-damoxicilline-et-de-paracetamol","url":"https:\/\/www.africa-press.net\/djibouti\/politique\/la-dependance-a-la-chine-au-coeur-de-la-penurie-mondiale-damoxicilline-et-de-paracetamol","name":"La d\u00e9pendance \u00e0 la Chine au c\u0153ur de la p\u00e9nurie mondiale d'amoxicilline et de parac\u00e9tamol - Djibouti","isPartOf":{"@id":"https:\/\/www.africa-press.net\/djibouti\/#website"},"primaryImageOfPage":{"@id":"https:\/\/www.africa-press.net\/djibouti\/politique\/la-dependance-a-la-chine-au-coeur-de-la-penurie-mondiale-damoxicilline-et-de-paracetamol#primaryimage"},"image":{"@id":"https:\/\/www.africa-press.net\/djibouti\/politique\/la-dependance-a-la-chine-au-coeur-de-la-penurie-mondiale-damoxicilline-et-de-paracetamol#primaryimage"},"thumbnailUrl":"https:\/\/static.africa-press.net\/djibouti\/sites\/52\/2022\/12\/Jokar1671893141.91233.jpg","datePublished":"2022-12-24T18:15:00+00:00","author":{"@id":"https:\/\/www.africa-press.net\/djibouti\/#\/schema\/person\/2b1cf3cd81a31e3cd26889ca66d677f1"},"breadcrumb":{"@id":"https:\/\/www.africa-press.net\/djibouti\/politique\/la-dependance-a-la-chine-au-coeur-de-la-penurie-mondiale-damoxicilline-et-de-paracetamol#breadcrumb"},"inLanguage":"fr-FR","potentialAction":[{"@type":"ReadAction","target":["https:\/\/www.africa-press.net\/djibouti\/politique\/la-dependance-a-la-chine-au-coeur-de-la-penurie-mondiale-damoxicilline-et-de-paracetamol"]}]},{"@type":"ImageObject","inLanguage":"fr-FR","@id":"https:\/\/www.africa-press.net\/djibouti\/politique\/la-dependance-a-la-chine-au-coeur-de-la-penurie-mondiale-damoxicilline-et-de-paracetamol#primaryimage","url":"https:\/\/static.africa-press.net\/djibouti\/sites\/52\/2022\/12\/Jokar1671893141.91233.jpg","contentUrl":"https:\/\/static.africa-press.net\/djibouti\/sites\/52\/2022\/12\/Jokar1671893141.91233.jpg","width":1280,"height":720,"caption":"La d\u00e9pendance \u00e0 la Chine au c\u0153ur de la p\u00e9nurie mondiale d'amoxicilline et de parac\u00e9tamol"},{"@type":"BreadcrumbList","@id":"https:\/\/www.africa-press.net\/djibouti\/politique\/la-dependance-a-la-chine-au-coeur-de-la-penurie-mondiale-damoxicilline-et-de-paracetamol#breadcrumb","itemListElement":[{"@type":"ListItem","position":1,"name":"Accueil","item":"https:\/\/www.africa-press.net\/djibouti\/"},{"@type":"ListItem","position":2,"name":"La d\u00e9pendance \u00e0 la Chine au c\u0153ur de la p\u00e9nurie mondiale d&rsquo;amoxicilline et de parac\u00e9tamol"}]},{"@type":"WebSite","@id":"https:\/\/www.africa-press.net\/djibouti\/#website","url":"https:\/\/www.africa-press.net\/djibouti\/","name":"Djibouti","description":"Just another Africa News Agency Sites site","potentialAction":[{"@type":"SearchAction","target":{"@type":"EntryPoint","urlTemplate":"https:\/\/www.africa-press.net\/djibouti\/?s={search_term_string}"},"query-input":{"@type":"PropertyValueSpecification","valueRequired":true,"valueName":"search_term_string"}}],"inLanguage":"fr-FR"},{"@type":"Person","@id":"https:\/\/www.africa-press.net\/djibouti\/#\/schema\/person\/2b1cf3cd81a31e3cd26889ca66d677f1","name":"cfeditorfr"}]}},"_links":{"self":[{"href":"https:\/\/www.africa-press.net\/djibouti\/wp-json\/wp\/v2\/posts\/8882","targetHints":{"allow":["GET"]}}],"collection":[{"href":"https:\/\/www.africa-press.net\/djibouti\/wp-json\/wp\/v2\/posts"}],"about":[{"href":"https:\/\/www.africa-press.net\/djibouti\/wp-json\/wp\/v2\/types\/post"}],"author":[{"embeddable":true,"href":"https:\/\/www.africa-press.net\/djibouti\/wp-json\/wp\/v2\/users\/82"}],"replies":[{"embeddable":true,"href":"https:\/\/www.africa-press.net\/djibouti\/wp-json\/wp\/v2\/comments?post=8882"}],"version-history":[{"count":0,"href":"https:\/\/www.africa-press.net\/djibouti\/wp-json\/wp\/v2\/posts\/8882\/revisions"}],"wp:featuredmedia":[{"embeddable":true,"href":"https:\/\/www.africa-press.net\/djibouti\/wp-json\/wp\/v2\/media\/8881"}],"wp:attachment":[{"href":"https:\/\/www.africa-press.net\/djibouti\/wp-json\/wp\/v2\/media?parent=8882"}],"wp:term":[{"taxonomy":"category","embeddable":true,"href":"https:\/\/www.africa-press.net\/djibouti\/wp-json\/wp\/v2\/categories?post=8882"},{"taxonomy":"post_tag","embeddable":true,"href":"https:\/\/www.africa-press.net\/djibouti\/wp-json\/wp\/v2\/tags?post=8882"}],"curies":[{"name":"wp","href":"https:\/\/api.w.org\/{rel}","templated":true}]}}