{"id":3542,"date":"2026-01-07T03:43:03","date_gmt":"2026-01-07T03:43:03","guid":{"rendered":"https:\/\/www.africa-press.net\/fr\/home\/greve-totale-des-professeurs-duniversite-au-cameroun-pour-10-jours"},"modified":"2026-01-08T02:39:26","modified_gmt":"2026-01-08T02:39:26","slug":"greve-totale-des-professeurs-duniversite-au-cameroun-pour-10-jours","status":"publish","type":"post","link":"https:\/\/www.africa-press.net\/fr\/politique\/greve-totale-des-professeurs-duniversite-au-cameroun-pour-10-jours","title":{"rendered":"Gr\u00e8ve Totale des Professeurs D\u2019universit\u00e9 au Cameroun pour 10 Jours"},"content":{"rendered":"<div class=\"ap-summary\" dir=\"ltr\" lang=\"fr\">\n<h4>CE Qu\u2019Il Faut Savoir<\/h4>\n<p>Le syndicat national des enseignants du sup\u00e9rieur au Cameroun a lanc\u00e9 une gr\u00e8ve de dix jours dans toutes les universit\u00e9s publiques du pays, du 5 au 14 janvier. Les enseignants r\u00e9clament le paiement de salaires et de primes en retard, affectant environ 8200 membres du personnel acad\u00e9mique.<\/p>\n<\/div>\n<p><span class=\"ap-article-header-tag\"> <strong>Africa. <\/strong> <\/span>Le syndicat national des enseignants du supe\u0301rieur au Cameroun (SYNES) a annonce\u0301 une gre\u0300ve ge\u0301ne\u0301rale dans toutes les universite\u0301s publiques du pays, du 5 au 14 janvier.<\/p>\n<p>Durant cette pe\u0301riode, les enseignants pre\u0301voient de cesser toutes les activite\u0301s dans les universite\u0301s. La raison: diverses revendications concernant leurs salaires et primes en retard, qui n&#8217;ont pas e\u0301te\u0301 verse\u0301es dans certains cas depuis des anne\u0301es.<\/p>\n<p>Les enseignants en gre\u0300ve se trouvent dans les onze universite\u0301s publiques du Cameroun, repre\u0301sentant environ 8200 membres du personnel acade\u0301mique. Selon l&#8217;enseignante Janette Woujaing Fotsou, secre\u0301taire ge\u0301ne\u0301rale du syndicat national des enseignants du supe\u0301rieur (SYNES), le c\u0153ur de leurs revendications re\u0301side dans le non-paiement des dettes acade\u0301miques accumule\u0301es durant l&#8217;anne\u0301e universitaire 2021-2022.<\/p>\n<p>Ces dettes couvrent les heures supple\u0301mentaires effectue\u0301es par les membres des jurys d&#8217;examen de master et de doctorat, ainsi que les frais d&#8217;enseignement et les services de conseil.<\/p>\n<p>Parmi les autres revendications figure le non-versement des troisie\u0300me et quatrie\u0300me tranches des primes des enseignants-chercheurs, affectant 80 % des enseignants, selon le syndicat SYNES.<\/p>\n<p>Le syndicat exprime une vive inquie\u0301tude quant a\u0300 la de\u0301te\u0301rioration des conditions de vie et de travail de ses membres, notamment en ce qui concerne le syste\u0300me de retraite et l&#8217;assurance sante\u0301, entre autres. Ces revendications ne sont pas nouvelles, et le syndicat affirme avoir rec\u0327u des promesses du gouvernement a\u0300 plusieurs reprises, en 2024 et 2025, mais ces promesses n&#8217;ont pas e\u0301te\u0301 mises en \u0153uvre jusqu&#8217;a\u0300 pre\u0301sent.<\/p>\n<p>SYNES pre\u0301cise que la gre\u0300ve, qui a de\u0301bute\u0301 lundi et se poursuit jusqu&#8217;au 14 janvier, n&#8217;affecte pas la participation de ses membres aux jurys de the\u0300se.<\/p>\n<p>Le syste\u0300me e\u0301ducatif camerounais a longtemps e\u0301te\u0301 confronte\u0301 a\u0300 des de\u0301fis, notamment en ce qui concerne le financement et les conditions de travail des enseignants. Les gre\u0300ves dans le secteur de l&#8217;e\u0301ducation ne sont pas nouvelles, car les enseignants ont souvent exprime\u0301 leurs pre\u0301occupations concernant les salaires et les conditions de vie. Les promesses gouvernementales de re\u0301formes et d&#8217;ame\u0301liorations ont souvent e\u0301te\u0301 perc\u0327ues comme insuffisantes, entrai\u0302nant des mouvements de gre\u0300ve re\u0301currents.<\/p>\n<p class=\"ap-article-footer-note\">Retrouvez plus d\u2019actualit\u00e9s et d\u2019analyses sur <span class=\"ap-highlight-country\">l\u2019Afrique<\/span> sur le site <span class=\"ap-highlight-brand\">Africa Press<\/span><\/p>\n","protected":false},"excerpt":{"rendered":"<p>CE Qu\u2019Il Faut Savoir Le syndicat national des enseignants du sup\u00e9rieur au Cameroun a lanc\u00e9 une gr\u00e8ve de dix jours dans toutes les universit\u00e9s publiques du pays, du 5 au 14 janvier. Les enseignants r\u00e9clament le paiement de salaires et de primes en retard, affectant environ 8200 membres du personnel acad\u00e9mique. Africa. Le syndicat national [&hellip;]<\/p>\n","protected":false},"author":82,"featured_media":3541,"comment_status":"open","ping_status":"closed","sticky":false,"template":"","format":"standard","meta":{"footnotes":""},"categories":[73],"tags":[165,934,935,240,936,933],"class_list":["post-3542","post","type-post","status-publish","format-standard","has-post-thumbnail","hentry","category-politique","tag-cameroun","tag-enseignants","tag-greve","tag-lafrique","tag-synes","tag-universites"],"yoast_head":"<!-- This site is optimized with the Yoast SEO Premium plugin v26.1 (Yoast SEO v27.0) - https:\/\/yoast.com\/product\/yoast-seo-premium-wordpress\/ -->\n<title>Gr\u00e8ve Totale des Professeurs D\u2019universit\u00e9 au Cameroun pour 10 Jours - Africa Press France<\/title>\n<meta name=\"description\" content=\"Les enseignants universitaires au Cameroun entament une gr\u00e8ve de 10 jours pour revendiquer des salaires impay\u00e9s et des primes\" \/>\n<meta name=\"robots\" content=\"index, follow, max-snippet:-1, max-image-preview:large, max-video-preview:-1\" \/>\n<link rel=\"canonical\" href=\"https:\/\/www.africa-press.net\/fr\/politique\/greve-totale-des-professeurs-duniversite-au-cameroun-pour-10-jours\" \/>\n<meta property=\"og:locale\" content=\"en_US\" \/>\n<meta property=\"og:type\" content=\"article\" \/>\n<meta property=\"og:title\" content=\"Gr\u00e8ve Totale des Professeurs D\u2019universit\u00e9 au Cameroun pour 10 Jours\" \/>\n<meta property=\"og:description\" content=\"Les enseignants universitaires au Cameroun entament une gr\u00e8ve de 10 jours pour revendiquer des salaires impay\u00e9s et des primes\" \/>\n<meta property=\"og:url\" content=\"https:\/\/www.africa-press.net\/fr\/politique\/greve-totale-des-professeurs-duniversite-au-cameroun-pour-10-jours\" \/>\n<meta property=\"og:site_name\" content=\"Africa Press France\" \/>\n<meta property=\"article:published_time\" content=\"2026-01-07T03:43:03+00:00\" \/>\n<meta property=\"article:modified_time\" content=\"2026-01-08T02:39:26+00:00\" \/>\n<meta property=\"og:image\" content=\"https:\/\/static.africa-press.net\/africa-home\/sites\/67\/2026\/01\/sm_1767839646.018127.jpg\" \/>\n\t<meta property=\"og:image:width\" content=\"720\" \/>\n\t<meta property=\"og:image:height\" content=\"445\" \/>\n\t<meta property=\"og:image:type\" content=\"image\/jpeg\" \/>\n<meta name=\"author\" content=\"cfeditorfr\" \/>\n<meta name=\"twitter:card\" content=\"summary_large_image\" \/>\n<meta name=\"twitter:label1\" content=\"Written by\" \/>\n\t<meta name=\"twitter:data1\" content=\"cfeditorfr\" \/>\n\t<meta name=\"twitter:label2\" content=\"Est. reading time\" \/>\n\t<meta name=\"twitter:data2\" content=\"2 minutes\" \/>\n<script type=\"application\/ld+json\" class=\"yoast-schema-graph\">{\"@context\":\"https:\/\/schema.org\",\"@graph\":[{\"@type\":\"Article\",\"@id\":\"https:\/\/www.africa-press.net\/fr\/politique\/greve-totale-des-professeurs-duniversite-au-cameroun-pour-10-jours#article\",\"isPartOf\":{\"@id\":\"https:\/\/www.africa-press.net\/fr\/politique\/greve-totale-des-professeurs-duniversite-au-cameroun-pour-10-jours\"},\"author\":{\"name\":\"cfeditorfr\",\"@id\":\"https:\/\/www.africa-press.net\/fr\/#\/schema\/person\/2b1cf3cd81a31e3cd26889ca66d677f1\"},\"headline\":\"Gr\u00e8ve Totale des Professeurs D\u2019universit\u00e9 au Cameroun pour 10 Jours\",\"datePublished\":\"2026-01-07T03:43:03+00:00\",\"dateModified\":\"2026-01-08T02:39:26+00:00\",\"mainEntityOfPage\":{\"@id\":\"https:\/\/www.africa-press.net\/fr\/politique\/greve-totale-des-professeurs-duniversite-au-cameroun-pour-10-jours\"},\"wordCount\":473,\"commentCount\":0,\"image\":{\"@id\":\"https:\/\/www.africa-press.net\/fr\/politique\/greve-totale-des-professeurs-duniversite-au-cameroun-pour-10-jours#primaryimage\"},\"thumbnailUrl\":\"https:\/\/static.africa-press.net\/africa-home\/sites\/67\/2026\/01\/sm_1767839646.018127.jpg\",\"keywords\":[\"Cameroun\",\"enseignants\",\"gr\u00e8ve\",\"l\u2019Afrique\",\"SYNES\",\"universit\u00e9s\"],\"articleSection\":[\"Politique\"],\"inLanguage\":\"en-US\",\"potentialAction\":[{\"@type\":\"CommentAction\",\"name\":\"Comment\",\"target\":[\"https:\/\/www.africa-press.net\/fr\/politique\/greve-totale-des-professeurs-duniversite-au-cameroun-pour-10-jours#respond\"]}]},{\"@type\":\"WebPage\",\"@id\":\"https:\/\/www.africa-press.net\/fr\/politique\/greve-totale-des-professeurs-duniversite-au-cameroun-pour-10-jours\",\"url\":\"https:\/\/www.africa-press.net\/fr\/politique\/greve-totale-des-professeurs-duniversite-au-cameroun-pour-10-jours\",\"name\":\"Gr\u00e8ve Totale des Professeurs D\u2019universit\u00e9 au Cameroun pour 10 Jours - Africa Press France\",\"isPartOf\":{\"@id\":\"https:\/\/www.africa-press.net\/fr\/#website\"},\"primaryImageOfPage\":{\"@id\":\"https:\/\/www.africa-press.net\/fr\/politique\/greve-totale-des-professeurs-duniversite-au-cameroun-pour-10-jours#primaryimage\"},\"image\":{\"@id\":\"https:\/\/www.africa-press.net\/fr\/politique\/greve-totale-des-professeurs-duniversite-au-cameroun-pour-10-jours#primaryimage\"},\"thumbnailUrl\":\"https:\/\/static.africa-press.net\/africa-home\/sites\/67\/2026\/01\/sm_1767839646.018127.jpg\",\"datePublished\":\"2026-01-07T03:43:03+00:00\",\"dateModified\":\"2026-01-08T02:39:26+00:00\",\"author\":{\"@id\":\"https:\/\/www.africa-press.net\/fr\/#\/schema\/person\/2b1cf3cd81a31e3cd26889ca66d677f1\"},\"description\":\"Les enseignants universitaires au Cameroun entament une gr\u00e8ve de 10 jours pour revendiquer des salaires impay\u00e9s et des primes\",\"breadcrumb\":{\"@id\":\"https:\/\/www.africa-press.net\/fr\/politique\/greve-totale-des-professeurs-duniversite-au-cameroun-pour-10-jours#breadcrumb\"},\"inLanguage\":\"en-US\",\"potentialAction\":[{\"@type\":\"ReadAction\",\"target\":[\"https:\/\/www.africa-press.net\/fr\/politique\/greve-totale-des-professeurs-duniversite-au-cameroun-pour-10-jours\"]}]},{\"@type\":\"ImageObject\",\"inLanguage\":\"en-US\",\"@id\":\"https:\/\/www.africa-press.net\/fr\/politique\/greve-totale-des-professeurs-duniversite-au-cameroun-pour-10-jours#primaryimage\",\"url\":\"https:\/\/static.africa-press.net\/africa-home\/sites\/67\/2026\/01\/sm_1767839646.018127.jpg\",\"contentUrl\":\"https:\/\/static.africa-press.net\/africa-home\/sites\/67\/2026\/01\/sm_1767839646.018127.jpg\",\"width\":720,\"height\":445,\"caption\":\"Gr\u00e8ve Totale des Professeurs D\u2019universit\u00e9 au Cameroun pour 10 Jours\"},{\"@type\":\"BreadcrumbList\",\"@id\":\"https:\/\/www.africa-press.net\/fr\/politique\/greve-totale-des-professeurs-duniversite-au-cameroun-pour-10-jours#breadcrumb\",\"itemListElement\":[{\"@type\":\"ListItem\",\"position\":1,\"name\":\"Home\",\"item\":\"https:\/\/www.africa-press.net\/fr\/\"},{\"@type\":\"ListItem\",\"position\":2,\"name\":\"Gr\u00e8ve Totale des Professeurs D\u2019universit\u00e9 au Cameroun pour 10 Jours\"}]},{\"@type\":\"WebSite\",\"@id\":\"https:\/\/www.africa-press.net\/fr\/#website\",\"url\":\"https:\/\/www.africa-press.net\/fr\/\",\"name\":\"Africa Press France\",\"description\":\"\u0623\u0648\u0644 \u0645\u0648\u0642\u0639 \u0625\u0641\u0631\u064a\u0642\u064a \u064a\u0643\u062a\u0628 \u0628\u0644\u063a\u0629 \u0628\u0644\u062f\u0627\u0646\u0647\",\"potentialAction\":[{\"@type\":\"SearchAction\",\"target\":{\"@type\":\"EntryPoint\",\"urlTemplate\":\"https:\/\/www.africa-press.net\/fr\/?s={search_term_string}\"},\"query-input\":{\"@type\":\"PropertyValueSpecification\",\"valueRequired\":true,\"valueName\":\"search_term_string\"}}],\"inLanguage\":\"en-US\"},{\"@type\":\"Person\",\"@id\":\"https:\/\/www.africa-press.net\/fr\/#\/schema\/person\/2b1cf3cd81a31e3cd26889ca66d677f1\",\"name\":\"cfeditorfr\"}]}<\/script>\n<!-- \/ Yoast SEO Premium plugin. -->","yoast_head_json":{"title":"Gr\u00e8ve Totale des Professeurs D\u2019universit\u00e9 au Cameroun pour 10 Jours - Africa Press France","description":"Les enseignants universitaires au Cameroun entament une gr\u00e8ve de 10 jours pour revendiquer des salaires impay\u00e9s et des primes","robots":{"index":"index","follow":"follow","max-snippet":"max-snippet:-1","max-image-preview":"max-image-preview:large","max-video-preview":"max-video-preview:-1"},"canonical":"https:\/\/www.africa-press.net\/fr\/politique\/greve-totale-des-professeurs-duniversite-au-cameroun-pour-10-jours","og_locale":"en_US","og_type":"article","og_title":"Gr\u00e8ve Totale des Professeurs D\u2019universit\u00e9 au Cameroun pour 10 Jours","og_description":"Les enseignants universitaires au Cameroun entament une gr\u00e8ve de 10 jours pour revendiquer des salaires impay\u00e9s et des primes","og_url":"https:\/\/www.africa-press.net\/fr\/politique\/greve-totale-des-professeurs-duniversite-au-cameroun-pour-10-jours","og_site_name":"Africa Press France","article_published_time":"2026-01-07T03:43:03+00:00","article_modified_time":"2026-01-08T02:39:26+00:00","og_image":[{"width":720,"height":445,"url":"https:\/\/static.africa-press.net\/africa-home\/sites\/67\/2026\/01\/sm_1767839646.018127.jpg","type":"image\/jpeg"}],"author":"cfeditorfr","twitter_card":"summary_large_image","twitter_misc":{"Written by":"cfeditorfr","Est. reading time":"2 minutes"},"schema":{"@context":"https:\/\/schema.org","@graph":[{"@type":"Article","@id":"https:\/\/www.africa-press.net\/fr\/politique\/greve-totale-des-professeurs-duniversite-au-cameroun-pour-10-jours#article","isPartOf":{"@id":"https:\/\/www.africa-press.net\/fr\/politique\/greve-totale-des-professeurs-duniversite-au-cameroun-pour-10-jours"},"author":{"name":"cfeditorfr","@id":"https:\/\/www.africa-press.net\/fr\/#\/schema\/person\/2b1cf3cd81a31e3cd26889ca66d677f1"},"headline":"Gr\u00e8ve Totale des Professeurs D\u2019universit\u00e9 au Cameroun pour 10 Jours","datePublished":"2026-01-07T03:43:03+00:00","dateModified":"2026-01-08T02:39:26+00:00","mainEntityOfPage":{"@id":"https:\/\/www.africa-press.net\/fr\/politique\/greve-totale-des-professeurs-duniversite-au-cameroun-pour-10-jours"},"wordCount":473,"commentCount":0,"image":{"@id":"https:\/\/www.africa-press.net\/fr\/politique\/greve-totale-des-professeurs-duniversite-au-cameroun-pour-10-jours#primaryimage"},"thumbnailUrl":"https:\/\/static.africa-press.net\/africa-home\/sites\/67\/2026\/01\/sm_1767839646.018127.jpg","keywords":["Cameroun","enseignants","gr\u00e8ve","l\u2019Afrique","SYNES","universit\u00e9s"],"articleSection":["Politique"],"inLanguage":"en-US","potentialAction":[{"@type":"CommentAction","name":"Comment","target":["https:\/\/www.africa-press.net\/fr\/politique\/greve-totale-des-professeurs-duniversite-au-cameroun-pour-10-jours#respond"]}]},{"@type":"WebPage","@id":"https:\/\/www.africa-press.net\/fr\/politique\/greve-totale-des-professeurs-duniversite-au-cameroun-pour-10-jours","url":"https:\/\/www.africa-press.net\/fr\/politique\/greve-totale-des-professeurs-duniversite-au-cameroun-pour-10-jours","name":"Gr\u00e8ve Totale des Professeurs D\u2019universit\u00e9 au Cameroun pour 10 Jours - Africa Press France","isPartOf":{"@id":"https:\/\/www.africa-press.net\/fr\/#website"},"primaryImageOfPage":{"@id":"https:\/\/www.africa-press.net\/fr\/politique\/greve-totale-des-professeurs-duniversite-au-cameroun-pour-10-jours#primaryimage"},"image":{"@id":"https:\/\/www.africa-press.net\/fr\/politique\/greve-totale-des-professeurs-duniversite-au-cameroun-pour-10-jours#primaryimage"},"thumbnailUrl":"https:\/\/static.africa-press.net\/africa-home\/sites\/67\/2026\/01\/sm_1767839646.018127.jpg","datePublished":"2026-01-07T03:43:03+00:00","dateModified":"2026-01-08T02:39:26+00:00","author":{"@id":"https:\/\/www.africa-press.net\/fr\/#\/schema\/person\/2b1cf3cd81a31e3cd26889ca66d677f1"},"description":"Les enseignants universitaires au Cameroun entament une gr\u00e8ve de 10 jours pour revendiquer des salaires impay\u00e9s et des primes","breadcrumb":{"@id":"https:\/\/www.africa-press.net\/fr\/politique\/greve-totale-des-professeurs-duniversite-au-cameroun-pour-10-jours#breadcrumb"},"inLanguage":"en-US","potentialAction":[{"@type":"ReadAction","target":["https:\/\/www.africa-press.net\/fr\/politique\/greve-totale-des-professeurs-duniversite-au-cameroun-pour-10-jours"]}]},{"@type":"ImageObject","inLanguage":"en-US","@id":"https:\/\/www.africa-press.net\/fr\/politique\/greve-totale-des-professeurs-duniversite-au-cameroun-pour-10-jours#primaryimage","url":"https:\/\/static.africa-press.net\/africa-home\/sites\/67\/2026\/01\/sm_1767839646.018127.jpg","contentUrl":"https:\/\/static.africa-press.net\/africa-home\/sites\/67\/2026\/01\/sm_1767839646.018127.jpg","width":720,"height":445,"caption":"Gr\u00e8ve Totale des Professeurs D\u2019universit\u00e9 au Cameroun pour 10 Jours"},{"@type":"BreadcrumbList","@id":"https:\/\/www.africa-press.net\/fr\/politique\/greve-totale-des-professeurs-duniversite-au-cameroun-pour-10-jours#breadcrumb","itemListElement":[{"@type":"ListItem","position":1,"name":"Home","item":"https:\/\/www.africa-press.net\/fr\/"},{"@type":"ListItem","position":2,"name":"Gr\u00e8ve Totale des Professeurs D\u2019universit\u00e9 au Cameroun pour 10 Jours"}]},{"@type":"WebSite","@id":"https:\/\/www.africa-press.net\/fr\/#website","url":"https:\/\/www.africa-press.net\/fr\/","name":"Africa Press France","description":"\u0623\u0648\u0644 \u0645\u0648\u0642\u0639 \u0625\u0641\u0631\u064a\u0642\u064a \u064a\u0643\u062a\u0628 \u0628\u0644\u063a\u0629 \u0628\u0644\u062f\u0627\u0646\u0647","potentialAction":[{"@type":"SearchAction","target":{"@type":"EntryPoint","urlTemplate":"https:\/\/www.africa-press.net\/fr\/?s={search_term_string}"},"query-input":{"@type":"PropertyValueSpecification","valueRequired":true,"valueName":"search_term_string"}}],"inLanguage":"en-US"},{"@type":"Person","@id":"https:\/\/www.africa-press.net\/fr\/#\/schema\/person\/2b1cf3cd81a31e3cd26889ca66d677f1","name":"cfeditorfr"}]}},"_links":{"self":[{"href":"https:\/\/www.africa-press.net\/fr\/wp-json\/wp\/v2\/posts\/3542","targetHints":{"allow":["GET"]}}],"collection":[{"href":"https:\/\/www.africa-press.net\/fr\/wp-json\/wp\/v2\/posts"}],"about":[{"href":"https:\/\/www.africa-press.net\/fr\/wp-json\/wp\/v2\/types\/post"}],"author":[{"embeddable":true,"href":"https:\/\/www.africa-press.net\/fr\/wp-json\/wp\/v2\/users\/82"}],"replies":[{"embeddable":true,"href":"https:\/\/www.africa-press.net\/fr\/wp-json\/wp\/v2\/comments?post=3542"}],"version-history":[{"count":0,"href":"https:\/\/www.africa-press.net\/fr\/wp-json\/wp\/v2\/posts\/3542\/revisions"}],"wp:featuredmedia":[{"embeddable":true,"href":"https:\/\/www.africa-press.net\/fr\/wp-json\/wp\/v2\/media\/3541"}],"wp:attachment":[{"href":"https:\/\/www.africa-press.net\/fr\/wp-json\/wp\/v2\/media?parent=3542"}],"wp:term":[{"taxonomy":"category","embeddable":true,"href":"https:\/\/www.africa-press.net\/fr\/wp-json\/wp\/v2\/categories?post=3542"},{"taxonomy":"post_tag","embeddable":true,"href":"https:\/\/www.africa-press.net\/fr\/wp-json\/wp\/v2\/tags?post=3542"}],"curies":[{"name":"wp","href":"https:\/\/api.w.org\/{rel}","templated":true}]}}