{"id":3605,"date":"2026-01-08T12:47:33","date_gmt":"2026-01-08T12:47:33","guid":{"rendered":"https:\/\/www.africa-press.net\/fr\/home\/le-malawi-supprime-les-frais-dans-les-lycees-publics"},"modified":"2026-01-08T13:55:19","modified_gmt":"2026-01-08T13:55:19","slug":"le-malawi-supprime-les-frais-dans-les-lycees-publics","status":"publish","type":"post","link":"https:\/\/www.africa-press.net\/fr\/politique\/le-malawi-supprime-les-frais-dans-les-lycees-publics","title":{"rendered":"Le Malawi Supprime les Frais dans les Lyc\u00e9es Publics"},"content":{"rendered":"<div class=\"ap-summary\" dir=\"ltr\" lang=\"fr\">\n<h4>CE Qu\u2019Il Faut Savoir<\/h4>\n<p>Le gouvernement du Malawi a d\u00e9cid\u00e9 d&#8217;annuler les frais scolaires dans les lyc\u00e9es publics \u00e0 partir du 1er janvier 2026. Cette mesure vise \u00e0 am\u00e9liorer l&#8217;acc\u00e8s \u00e0 l&#8217;\u00e9ducation pour tous les \u00e9l\u00e8ves. Cependant, les \u00e9coles priv\u00e9es et les internats continueront \u00e0 imposer des frais, soulevant des questions sur l&#8217;impact de cette r\u00e9forme sur la qualit\u00e9 de l&#8217;\u00e9ducation.<\/p>\n<\/div>\n<p><span class=\"ap-article-header-tag\"> <strong>Africa. <\/strong> <\/span>Le gouvernement du Malawi a annonce\u0301 l&#8217;annulation des frais scolaires dans les lyce\u0301es publics a\u0300 partir du 1er janvier 2026, dans une de\u0301marche visant a\u0300 ame\u0301liorer l&#8217;acce\u0300s a\u0300 l&#8217;e\u0301ducation. La ministre de l&#8217;E\u0301ducation a confirme\u0301 que cette de\u0301cision inclut les frais d&#8217;examen et les cartes d&#8217;identite\u0301 impose\u0301s par le Conseil national des examens, ainsi que le fonds de de\u0301veloppement des e\u0301coles et d&#8217;autres frais dans les lyce\u0301es publics de jour.<\/p>\n<p>Selon cette de\u0301cision, les e\u0301le\u0300ves ne seront pas tenus de payer des frais dans ces e\u0301tablissements, ce que le secre\u0301taire du ministe\u0300re de l&#8217;E\u0301ducation, Ken Ndala, a qualifie\u0301 de &#8220;moment important dans le de\u0301veloppement du capital humain selon la vision du Malawi 2063&#8221;.<\/p>\n<p>Cependant, cette de\u0301cision ne s&#8217;applique pas aux internats, qui continueront a\u0300 facturer des frais de logement, et les e\u0301coles prive\u0301es resteront soumises a\u0300 leurs frais habituels. Les e\u0301coles ge\u0301re\u0301es par l&#8217;Association des e\u0301ducateurs chre\u0301tiens limiteront leurs frais a\u0300 ceux lie\u0301s au logement, tandis que les subventions gouvernementales couvriront les autres cou\u0302ts.<\/p>\n<p>Le ministe\u0300re a pre\u0301cise\u0301 que le financement ne\u0301cessaire a de\u0301ja\u0300 e\u0301te\u0301 de\u0301bloque\u0301 avant le de\u0301but du deuxie\u0300me trimestre le 5 janvier, avec des paiements supple\u0301mentaires attendus plus tard dans le mois. Il a e\u0301galement annonce\u0301 des plans pour recruter davantage d&#8217;enseignants pour l&#8217;anne\u0301e fiscale 2026\/2027 afin de soutenir le syste\u0300me e\u0301largi.<\/p>\n<p>Le Malawi a longtemps lutte\u0301 contre des taux d&#8217;inscription scolaire faibles et un taux d&#8217;abandon e\u0301leve\u0301, exacerbe\u0301s par des ressources limite\u0301es. Bien que l&#8217;e\u0301ducation primaire soit gratuite depuis 1994, l&#8217;e\u0301ducation secondaire reste inaccessible pour de nombreuses familles en raison des cou\u0302ts associe\u0301s. Les experts estiment que cette nouvelle politique pourrait favoriser l&#8217;e\u0301quite\u0301 e\u0301ducative, mais soule\u0300vent des inquie\u0301tudes quant a\u0300 la capacite\u0301 du gouvernement a\u0300 maintenir la qualite\u0301 de l&#8217;enseignement face a\u0300 une augmentation attendue des inscriptions.<\/p>\n<p class=\"ap-article-footer-note\">Retrouvez plus d\u2019actualit\u00e9s et d\u2019analyses sur <span class=\"ap-highlight-country\">l\u2019Afrique<\/span> sur le site <span class=\"ap-highlight-brand\">Africa Press<\/span><\/p>\n","protected":false},"excerpt":{"rendered":"<p>CE Qu\u2019Il Faut Savoir Le gouvernement du Malawi a d\u00e9cid\u00e9 d&#8217;annuler les frais scolaires dans les lyc\u00e9es publics \u00e0 partir du 1er janvier 2026. Cette mesure vise \u00e0 am\u00e9liorer l&#8217;acc\u00e8s \u00e0 l&#8217;\u00e9ducation pour tous les \u00e9l\u00e8ves. Cependant, les \u00e9coles priv\u00e9es et les internats continueront \u00e0 imposer des frais, soulevant des questions sur l&#8217;impact de cette [&hellip;]<\/p>\n","protected":false},"author":82,"featured_media":3604,"comment_status":"open","ping_status":"closed","sticky":false,"template":"","format":"standard","meta":{"footnotes":""},"categories":[73],"tags":[349,968,94,240,970,969],"class_list":["post-3605","post","type-post","status-publish","format-standard","has-post-thumbnail","hentry","category-politique","tag-education","tag-frais-scolaires","tag-gouvernement","tag-lafrique","tag-malawi","tag-reforme"],"yoast_head":"<!-- This site is optimized with the Yoast SEO Premium plugin v26.1 (Yoast SEO v27.0) - https:\/\/yoast.com\/product\/yoast-seo-premium-wordpress\/ -->\n<title>Le Malawi Supprime les Frais dans les Lyc\u00e9es Publics - Africa Press France<\/title>\n<meta name=\"description\" content=\"La Malawi annonce la suppression des frais scolaires dans les lyc\u00e9es publics \u00e0 partir de janvier 2026 pour am\u00e9liorer l&#039;acc\u00e8s.\" \/>\n<meta name=\"robots\" content=\"index, follow, max-snippet:-1, max-image-preview:large, max-video-preview:-1\" \/>\n<link rel=\"canonical\" href=\"https:\/\/www.africa-press.net\/fr\/politique\/le-malawi-supprime-les-frais-dans-les-lycees-publics\" \/>\n<meta property=\"og:locale\" content=\"en_US\" \/>\n<meta property=\"og:type\" content=\"article\" \/>\n<meta property=\"og:title\" content=\"Le Malawi Supprime les Frais dans les Lyc\u00e9es Publics\" \/>\n<meta property=\"og:description\" content=\"La Malawi annonce la suppression des frais scolaires dans les lyc\u00e9es publics \u00e0 partir de janvier 2026 pour am\u00e9liorer l&#039;acc\u00e8s.\" \/>\n<meta property=\"og:url\" content=\"https:\/\/www.africa-press.net\/fr\/politique\/le-malawi-supprime-les-frais-dans-les-lycees-publics\" \/>\n<meta property=\"og:site_name\" content=\"Africa Press France\" \/>\n<meta property=\"article:published_time\" content=\"2026-01-08T12:47:33+00:00\" \/>\n<meta property=\"article:modified_time\" content=\"2026-01-08T13:55:19+00:00\" \/>\n<meta property=\"og:image\" content=\"https:\/\/static.africa-press.net\/africa-home\/sites\/67\/2026\/01\/sm_1767879181.780162.jpg\" \/>\n\t<meta property=\"og:image:width\" content=\"1556\" \/>\n\t<meta property=\"og:image:height\" content=\"1167\" \/>\n\t<meta property=\"og:image:type\" content=\"image\/jpeg\" \/>\n<meta name=\"author\" content=\"cfeditorfr\" \/>\n<meta name=\"twitter:card\" content=\"summary_large_image\" \/>\n<meta name=\"twitter:label1\" content=\"Written by\" \/>\n\t<meta name=\"twitter:data1\" content=\"cfeditorfr\" \/>\n\t<meta name=\"twitter:label2\" content=\"Est. reading time\" \/>\n\t<meta name=\"twitter:data2\" content=\"2 minutes\" \/>\n<script type=\"application\/ld+json\" class=\"yoast-schema-graph\">{\"@context\":\"https:\/\/schema.org\",\"@graph\":[{\"@type\":\"Article\",\"@id\":\"https:\/\/www.africa-press.net\/fr\/politique\/le-malawi-supprime-les-frais-dans-les-lycees-publics#article\",\"isPartOf\":{\"@id\":\"https:\/\/www.africa-press.net\/fr\/politique\/le-malawi-supprime-les-frais-dans-les-lycees-publics\"},\"author\":{\"name\":\"cfeditorfr\",\"@id\":\"https:\/\/www.africa-press.net\/fr\/#\/schema\/person\/2b1cf3cd81a31e3cd26889ca66d677f1\"},\"headline\":\"Le Malawi Supprime les Frais dans les Lyc\u00e9es Publics\",\"datePublished\":\"2026-01-08T12:47:33+00:00\",\"dateModified\":\"2026-01-08T13:55:19+00:00\",\"mainEntityOfPage\":{\"@id\":\"https:\/\/www.africa-press.net\/fr\/politique\/le-malawi-supprime-les-frais-dans-les-lycees-publics\"},\"wordCount\":453,\"commentCount\":0,\"image\":{\"@id\":\"https:\/\/www.africa-press.net\/fr\/politique\/le-malawi-supprime-les-frais-dans-les-lycees-publics#primaryimage\"},\"thumbnailUrl\":\"https:\/\/static.africa-press.net\/africa-home\/sites\/67\/2026\/01\/sm_1767879181.780162.jpg\",\"keywords\":[\"\u00e9ducation\",\"frais scolaires\",\"gouvernement\",\"l\u2019Afrique\",\"Malawi\",\"r\u00e9forme\"],\"articleSection\":[\"Politique\"],\"inLanguage\":\"en-US\",\"potentialAction\":[{\"@type\":\"CommentAction\",\"name\":\"Comment\",\"target\":[\"https:\/\/www.africa-press.net\/fr\/politique\/le-malawi-supprime-les-frais-dans-les-lycees-publics#respond\"]}]},{\"@type\":\"WebPage\",\"@id\":\"https:\/\/www.africa-press.net\/fr\/politique\/le-malawi-supprime-les-frais-dans-les-lycees-publics\",\"url\":\"https:\/\/www.africa-press.net\/fr\/politique\/le-malawi-supprime-les-frais-dans-les-lycees-publics\",\"name\":\"Le Malawi Supprime les Frais dans les Lyc\u00e9es Publics - Africa Press France\",\"isPartOf\":{\"@id\":\"https:\/\/www.africa-press.net\/fr\/#website\"},\"primaryImageOfPage\":{\"@id\":\"https:\/\/www.africa-press.net\/fr\/politique\/le-malawi-supprime-les-frais-dans-les-lycees-publics#primaryimage\"},\"image\":{\"@id\":\"https:\/\/www.africa-press.net\/fr\/politique\/le-malawi-supprime-les-frais-dans-les-lycees-publics#primaryimage\"},\"thumbnailUrl\":\"https:\/\/static.africa-press.net\/africa-home\/sites\/67\/2026\/01\/sm_1767879181.780162.jpg\",\"datePublished\":\"2026-01-08T12:47:33+00:00\",\"dateModified\":\"2026-01-08T13:55:19+00:00\",\"author\":{\"@id\":\"https:\/\/www.africa-press.net\/fr\/#\/schema\/person\/2b1cf3cd81a31e3cd26889ca66d677f1\"},\"description\":\"La Malawi annonce la suppression des frais scolaires dans les lyc\u00e9es publics \u00e0 partir de janvier 2026 pour am\u00e9liorer l'acc\u00e8s.\",\"breadcrumb\":{\"@id\":\"https:\/\/www.africa-press.net\/fr\/politique\/le-malawi-supprime-les-frais-dans-les-lycees-publics#breadcrumb\"},\"inLanguage\":\"en-US\",\"potentialAction\":[{\"@type\":\"ReadAction\",\"target\":[\"https:\/\/www.africa-press.net\/fr\/politique\/le-malawi-supprime-les-frais-dans-les-lycees-publics\"]}]},{\"@type\":\"ImageObject\",\"inLanguage\":\"en-US\",\"@id\":\"https:\/\/www.africa-press.net\/fr\/politique\/le-malawi-supprime-les-frais-dans-les-lycees-publics#primaryimage\",\"url\":\"https:\/\/static.africa-press.net\/africa-home\/sites\/67\/2026\/01\/sm_1767879181.780162.jpg\",\"contentUrl\":\"https:\/\/static.africa-press.net\/africa-home\/sites\/67\/2026\/01\/sm_1767879181.780162.jpg\",\"width\":1556,\"height\":1167,\"caption\":\"Le Malawi Supprime les Frais dans les Lyc\u00e9es Publics\"},{\"@type\":\"BreadcrumbList\",\"@id\":\"https:\/\/www.africa-press.net\/fr\/politique\/le-malawi-supprime-les-frais-dans-les-lycees-publics#breadcrumb\",\"itemListElement\":[{\"@type\":\"ListItem\",\"position\":1,\"name\":\"Home\",\"item\":\"https:\/\/www.africa-press.net\/fr\/\"},{\"@type\":\"ListItem\",\"position\":2,\"name\":\"Le Malawi Supprime les Frais dans les Lyc\u00e9es Publics\"}]},{\"@type\":\"WebSite\",\"@id\":\"https:\/\/www.africa-press.net\/fr\/#website\",\"url\":\"https:\/\/www.africa-press.net\/fr\/\",\"name\":\"Africa Press France\",\"description\":\"\u0623\u0648\u0644 \u0645\u0648\u0642\u0639 \u0625\u0641\u0631\u064a\u0642\u064a \u064a\u0643\u062a\u0628 \u0628\u0644\u063a\u0629 \u0628\u0644\u062f\u0627\u0646\u0647\",\"potentialAction\":[{\"@type\":\"SearchAction\",\"target\":{\"@type\":\"EntryPoint\",\"urlTemplate\":\"https:\/\/www.africa-press.net\/fr\/?s={search_term_string}\"},\"query-input\":{\"@type\":\"PropertyValueSpecification\",\"valueRequired\":true,\"valueName\":\"search_term_string\"}}],\"inLanguage\":\"en-US\"},{\"@type\":\"Person\",\"@id\":\"https:\/\/www.africa-press.net\/fr\/#\/schema\/person\/2b1cf3cd81a31e3cd26889ca66d677f1\",\"name\":\"cfeditorfr\"}]}<\/script>\n<!-- \/ Yoast SEO Premium plugin. -->","yoast_head_json":{"title":"Le Malawi Supprime les Frais dans les Lyc\u00e9es Publics - Africa Press France","description":"La Malawi annonce la suppression des frais scolaires dans les lyc\u00e9es publics \u00e0 partir de janvier 2026 pour am\u00e9liorer l'acc\u00e8s.","robots":{"index":"index","follow":"follow","max-snippet":"max-snippet:-1","max-image-preview":"max-image-preview:large","max-video-preview":"max-video-preview:-1"},"canonical":"https:\/\/www.africa-press.net\/fr\/politique\/le-malawi-supprime-les-frais-dans-les-lycees-publics","og_locale":"en_US","og_type":"article","og_title":"Le Malawi Supprime les Frais dans les Lyc\u00e9es Publics","og_description":"La Malawi annonce la suppression des frais scolaires dans les lyc\u00e9es publics \u00e0 partir de janvier 2026 pour am\u00e9liorer l'acc\u00e8s.","og_url":"https:\/\/www.africa-press.net\/fr\/politique\/le-malawi-supprime-les-frais-dans-les-lycees-publics","og_site_name":"Africa Press France","article_published_time":"2026-01-08T12:47:33+00:00","article_modified_time":"2026-01-08T13:55:19+00:00","og_image":[{"width":1556,"height":1167,"url":"https:\/\/static.africa-press.net\/africa-home\/sites\/67\/2026\/01\/sm_1767879181.780162.jpg","type":"image\/jpeg"}],"author":"cfeditorfr","twitter_card":"summary_large_image","twitter_misc":{"Written by":"cfeditorfr","Est. reading time":"2 minutes"},"schema":{"@context":"https:\/\/schema.org","@graph":[{"@type":"Article","@id":"https:\/\/www.africa-press.net\/fr\/politique\/le-malawi-supprime-les-frais-dans-les-lycees-publics#article","isPartOf":{"@id":"https:\/\/www.africa-press.net\/fr\/politique\/le-malawi-supprime-les-frais-dans-les-lycees-publics"},"author":{"name":"cfeditorfr","@id":"https:\/\/www.africa-press.net\/fr\/#\/schema\/person\/2b1cf3cd81a31e3cd26889ca66d677f1"},"headline":"Le Malawi Supprime les Frais dans les Lyc\u00e9es Publics","datePublished":"2026-01-08T12:47:33+00:00","dateModified":"2026-01-08T13:55:19+00:00","mainEntityOfPage":{"@id":"https:\/\/www.africa-press.net\/fr\/politique\/le-malawi-supprime-les-frais-dans-les-lycees-publics"},"wordCount":453,"commentCount":0,"image":{"@id":"https:\/\/www.africa-press.net\/fr\/politique\/le-malawi-supprime-les-frais-dans-les-lycees-publics#primaryimage"},"thumbnailUrl":"https:\/\/static.africa-press.net\/africa-home\/sites\/67\/2026\/01\/sm_1767879181.780162.jpg","keywords":["\u00e9ducation","frais scolaires","gouvernement","l\u2019Afrique","Malawi","r\u00e9forme"],"articleSection":["Politique"],"inLanguage":"en-US","potentialAction":[{"@type":"CommentAction","name":"Comment","target":["https:\/\/www.africa-press.net\/fr\/politique\/le-malawi-supprime-les-frais-dans-les-lycees-publics#respond"]}]},{"@type":"WebPage","@id":"https:\/\/www.africa-press.net\/fr\/politique\/le-malawi-supprime-les-frais-dans-les-lycees-publics","url":"https:\/\/www.africa-press.net\/fr\/politique\/le-malawi-supprime-les-frais-dans-les-lycees-publics","name":"Le Malawi Supprime les Frais dans les Lyc\u00e9es Publics - Africa Press France","isPartOf":{"@id":"https:\/\/www.africa-press.net\/fr\/#website"},"primaryImageOfPage":{"@id":"https:\/\/www.africa-press.net\/fr\/politique\/le-malawi-supprime-les-frais-dans-les-lycees-publics#primaryimage"},"image":{"@id":"https:\/\/www.africa-press.net\/fr\/politique\/le-malawi-supprime-les-frais-dans-les-lycees-publics#primaryimage"},"thumbnailUrl":"https:\/\/static.africa-press.net\/africa-home\/sites\/67\/2026\/01\/sm_1767879181.780162.jpg","datePublished":"2026-01-08T12:47:33+00:00","dateModified":"2026-01-08T13:55:19+00:00","author":{"@id":"https:\/\/www.africa-press.net\/fr\/#\/schema\/person\/2b1cf3cd81a31e3cd26889ca66d677f1"},"description":"La Malawi annonce la suppression des frais scolaires dans les lyc\u00e9es publics \u00e0 partir de janvier 2026 pour am\u00e9liorer l'acc\u00e8s.","breadcrumb":{"@id":"https:\/\/www.africa-press.net\/fr\/politique\/le-malawi-supprime-les-frais-dans-les-lycees-publics#breadcrumb"},"inLanguage":"en-US","potentialAction":[{"@type":"ReadAction","target":["https:\/\/www.africa-press.net\/fr\/politique\/le-malawi-supprime-les-frais-dans-les-lycees-publics"]}]},{"@type":"ImageObject","inLanguage":"en-US","@id":"https:\/\/www.africa-press.net\/fr\/politique\/le-malawi-supprime-les-frais-dans-les-lycees-publics#primaryimage","url":"https:\/\/static.africa-press.net\/africa-home\/sites\/67\/2026\/01\/sm_1767879181.780162.jpg","contentUrl":"https:\/\/static.africa-press.net\/africa-home\/sites\/67\/2026\/01\/sm_1767879181.780162.jpg","width":1556,"height":1167,"caption":"Le Malawi Supprime les Frais dans les Lyc\u00e9es Publics"},{"@type":"BreadcrumbList","@id":"https:\/\/www.africa-press.net\/fr\/politique\/le-malawi-supprime-les-frais-dans-les-lycees-publics#breadcrumb","itemListElement":[{"@type":"ListItem","position":1,"name":"Home","item":"https:\/\/www.africa-press.net\/fr\/"},{"@type":"ListItem","position":2,"name":"Le Malawi Supprime les Frais dans les Lyc\u00e9es Publics"}]},{"@type":"WebSite","@id":"https:\/\/www.africa-press.net\/fr\/#website","url":"https:\/\/www.africa-press.net\/fr\/","name":"Africa Press France","description":"\u0623\u0648\u0644 \u0645\u0648\u0642\u0639 \u0625\u0641\u0631\u064a\u0642\u064a \u064a\u0643\u062a\u0628 \u0628\u0644\u063a\u0629 \u0628\u0644\u062f\u0627\u0646\u0647","potentialAction":[{"@type":"SearchAction","target":{"@type":"EntryPoint","urlTemplate":"https:\/\/www.africa-press.net\/fr\/?s={search_term_string}"},"query-input":{"@type":"PropertyValueSpecification","valueRequired":true,"valueName":"search_term_string"}}],"inLanguage":"en-US"},{"@type":"Person","@id":"https:\/\/www.africa-press.net\/fr\/#\/schema\/person\/2b1cf3cd81a31e3cd26889ca66d677f1","name":"cfeditorfr"}]}},"_links":{"self":[{"href":"https:\/\/www.africa-press.net\/fr\/wp-json\/wp\/v2\/posts\/3605","targetHints":{"allow":["GET"]}}],"collection":[{"href":"https:\/\/www.africa-press.net\/fr\/wp-json\/wp\/v2\/posts"}],"about":[{"href":"https:\/\/www.africa-press.net\/fr\/wp-json\/wp\/v2\/types\/post"}],"author":[{"embeddable":true,"href":"https:\/\/www.africa-press.net\/fr\/wp-json\/wp\/v2\/users\/82"}],"replies":[{"embeddable":true,"href":"https:\/\/www.africa-press.net\/fr\/wp-json\/wp\/v2\/comments?post=3605"}],"version-history":[{"count":0,"href":"https:\/\/www.africa-press.net\/fr\/wp-json\/wp\/v2\/posts\/3605\/revisions"}],"wp:featuredmedia":[{"embeddable":true,"href":"https:\/\/www.africa-press.net\/fr\/wp-json\/wp\/v2\/media\/3604"}],"wp:attachment":[{"href":"https:\/\/www.africa-press.net\/fr\/wp-json\/wp\/v2\/media?parent=3605"}],"wp:term":[{"taxonomy":"category","embeddable":true,"href":"https:\/\/www.africa-press.net\/fr\/wp-json\/wp\/v2\/categories?post=3605"},{"taxonomy":"post_tag","embeddable":true,"href":"https:\/\/www.africa-press.net\/fr\/wp-json\/wp\/v2\/tags?post=3605"}],"curies":[{"name":"wp","href":"https:\/\/api.w.org\/{rel}","templated":true}]}}