{"id":4670,"date":"2026-02-17T20:50:19","date_gmt":"2026-02-17T20:50:19","guid":{"rendered":"https:\/\/www.africa-press.net\/fr\/home\/greve-a-nairobi-retarde-les-vols-a-laeroport-international"},"modified":"2026-02-18T03:25:41","modified_gmt":"2026-02-18T03:25:41","slug":"greve-a-nairobi-retarde-les-vols-a-laeroport-international","status":"publish","type":"post","link":"https:\/\/www.africa-press.net\/fr\/politique\/greve-a-nairobi-retarde-les-vols-a-laeroport-international","title":{"rendered":"Gr\u00e8ve \u00e0 Nairobi Retarde les Vols \u00e0 L\u2019a\u00e9roport International"},"content":{"rendered":"<div class=\"ap-summary\" dir=\"ltr\" lang=\"fr\">\n<h4>CE Qu\u2019Il Faut Savoir<\/h4>\n<p>L&#8217;a\u00e9roport Jomo Kenyatta de Nairobi a connu des retards de vols lundi \u00e0 cause d&#8217;une gr\u00e8ve des membres du syndicat des travailleurs de l&#8217;aviation. Le conflit porte sur des revendications li\u00e9es \u00e0 un accord de n\u00e9gociation collective. La situation a conduit \u00e0 l&#8217;activation des plans d&#8217;urgence par l&#8217;autorit\u00e9 a\u00e9roportuaire.<\/p>\n<\/div>\n<p><span class=\"ap-article-header-tag\"> <strong>Africa-Press. <\/strong> <\/span>L&#8217;autorite\u0301 des ae\u0301roports du Kenya a annonce\u0301 que l&#8217;ae\u0301roport Jomo Kenyatta international de Nairobi a connu des retards de vols lundi en raison d&#8217;une gre\u0300ve des membres du syndicat des travailleurs de l&#8217;aviation.<\/p>\n<p>L&#8217;ae\u0301roport Jomo Kenyatta international de Nairobi est l&#8217;un des principaux centres de transport ae\u0301rien sur le continent. Le conflit du travail entre le syndicat des travailleurs de l&#8217;aviation et l&#8217;autorite\u0301 de l&#8217;aviation civile concerne des plaintes, notamment l&#8217;absence d&#8217;accord sur une convention de ne\u0301gociation collective.<\/p>\n<p>La semaine dernie\u0300re, le syndicat des travailleurs de l&#8217;aviation a e\u0301mis un pre\u0301avis de gre\u0300ve de sept jours, apre\u0300s quoi l&#8217;autorite\u0301 de l&#8217;aviation civile du Kenya a saisi les tribunaux pour tenter d&#8217;empe\u0302cher la gre\u0300ve.<\/p>\n<p>L&#8217;autorite\u0301 des ae\u0301roports du Kenya a de\u0301clare\u0301 qu&#8217;elle avait active\u0301 des plans d&#8217;urgence a\u0300 l&#8217;ae\u0301roport et a exhorte\u0301 les passagers a\u0300 contacter leurs compagnies ae\u0301riennes pour obtenir les dernie\u0300res informations.<\/p>\n<p>Mous Ndima, le secre\u0301taire ge\u0301ne\u0301ral du syndicat, a de\u0301clare\u0301: &#8220;C&#8217;est une gre\u0300ve ge\u0301ne\u0301rale. Je n&#8217;ai rec\u0327u aucun ordre judiciaire pour arre\u0302ter la gre\u0300ve.&#8221; Kenya Airways (KQNA.NR) et Precision Air de Tanzanie (PAL.TZ) ont annonce\u0301 que les retards de contro\u0302le du trafic ae\u0301rien affectent les ope\u0301rations de de\u0301part et d&#8217;arrive\u0301e a\u0300 l&#8217;ae\u0301roport Jomo Kenyatta international.<\/p>\n<p>L&#8217;ae\u0301roport principal de Nairobi est l&#8217;un des ae\u0301roports les plus fre\u0301quente\u0301s de la re\u0301gion, repre\u0301sentant une porte d&#8217;entre\u0301e majeure entre le continent africain et le reste du monde. Selon les autorite\u0301s ke\u0301nyanes, l&#8217;ae\u0301roport a accueilli pre\u0300s de neuf millions de passagers l&#8217;anne\u0301e dernie\u0300re.<\/p>\n<p>L&#8217;ae\u0301roport Jomo Kenyatta, situe\u0301 a\u0300 Nairobi, est un des principaux hubs ae\u0301riens d&#8217;Afrique, reliant le continent a\u0300 d&#8217;autres re\u0301gions du monde. Le syndicat des travailleurs de l&#8217;aviation a re\u0301cemment intensifie\u0301 ses revendications, ce qui a conduit a\u0300 des tensions avec l&#8217;autorite\u0301 de l&#8217;aviation civile. Les gre\u0300ves dans le secteur ae\u0301rien ne sont pas rares, souvent motive\u0301es par des de\u0301saccords sur les conditions de travail et les salaires.<\/p>\n<p class=\"ap-article-footer-note\">Retrouvez plus d\u2019actualit\u00e9s et d\u2019analyses sur <span class=\"ap-highlight-country\">l\u2019Afrique<\/span> sur le site <span class=\"ap-highlight-brand\">Africa Press<\/span><\/p>\n","protected":false},"excerpt":{"rendered":"<p>CE Qu\u2019Il Faut Savoir L&#8217;a\u00e9roport Jomo Kenyatta de Nairobi a connu des retards de vols lundi \u00e0 cause d&#8217;une gr\u00e8ve des membres du syndicat des travailleurs de l&#8217;aviation. Le conflit porte sur des revendications li\u00e9es \u00e0 un accord de n\u00e9gociation collective. La situation a conduit \u00e0 l&#8217;activation des plans d&#8217;urgence par l&#8217;autorit\u00e9 a\u00e9roportuaire. Africa-Press. L&#8217;autorite\u0301 [&hellip;]<\/p>\n","protected":false},"author":82,"featured_media":4669,"comment_status":"open","ping_status":"closed","sticky":false,"template":"","format":"standard","meta":{"footnotes":""},"categories":[73],"tags":[1032,935,405,240,1033,639],"class_list":["post-4670","post","type-post","status-publish","format-standard","has-post-thumbnail","hentry","category-politique","tag-aeroport","tag-greve","tag-kenya-2","tag-lafrique","tag-nairobi","tag-transport-aerien"],"yoast_head":"<!-- This site is optimized with the Yoast SEO Premium plugin v26.1 (Yoast SEO v27.0) - https:\/\/yoast.com\/product\/yoast-seo-premium-wordpress\/ -->\n<title>Gr\u00e8ve \u00e0 Nairobi Retarde les Vols \u00e0 L\u2019a\u00e9roport International - Africa Press France<\/title>\n<meta name=\"description\" content=\"Des retards de vols \u00e0 l&#039;a\u00e9roport Jomo Kenyatta \u00e0 Nairobi en raison d&#039;une gr\u00e8ve des travailleurs de l&#039;aviation.\" \/>\n<meta name=\"robots\" content=\"index, follow, max-snippet:-1, max-image-preview:large, max-video-preview:-1\" \/>\n<link rel=\"canonical\" href=\"https:\/\/www.africa-press.net\/fr\/politique\/greve-a-nairobi-retarde-les-vols-a-laeroport-international\" \/>\n<meta property=\"og:locale\" content=\"en_US\" \/>\n<meta property=\"og:type\" content=\"article\" \/>\n<meta property=\"og:title\" content=\"Gr\u00e8ve \u00e0 Nairobi Retarde les Vols \u00e0 L\u2019a\u00e9roport International\" \/>\n<meta property=\"og:description\" content=\"Des retards de vols \u00e0 l&#039;a\u00e9roport Jomo Kenyatta \u00e0 Nairobi en raison d&#039;une gr\u00e8ve des travailleurs de l&#039;aviation.\" \/>\n<meta property=\"og:url\" content=\"https:\/\/www.africa-press.net\/fr\/politique\/greve-a-nairobi-retarde-les-vols-a-laeroport-international\" \/>\n<meta property=\"og:site_name\" content=\"Africa Press France\" \/>\n<meta property=\"article:published_time\" content=\"2026-02-17T20:50:19+00:00\" \/>\n<meta property=\"article:modified_time\" content=\"2026-02-18T03:25:41+00:00\" \/>\n<meta property=\"og:image\" content=\"https:\/\/static.africa-press.net\/africa-home\/sites\/67\/2026\/02\/sm_1771385072.803481.jpg\" \/>\n\t<meta property=\"og:image:width\" content=\"720\" \/>\n\t<meta property=\"og:image:height\" content=\"405\" \/>\n\t<meta property=\"og:image:type\" content=\"image\/jpeg\" \/>\n<meta name=\"author\" content=\"cfeditorfr\" \/>\n<meta name=\"twitter:card\" content=\"summary_large_image\" \/>\n<meta name=\"twitter:label1\" content=\"Written by\" \/>\n\t<meta name=\"twitter:data1\" content=\"cfeditorfr\" \/>\n\t<meta name=\"twitter:label2\" content=\"Est. reading time\" \/>\n\t<meta name=\"twitter:data2\" content=\"2 minutes\" \/>\n<script type=\"application\/ld+json\" class=\"yoast-schema-graph\">{\"@context\":\"https:\/\/schema.org\",\"@graph\":[{\"@type\":\"Article\",\"@id\":\"https:\/\/www.africa-press.net\/fr\/politique\/greve-a-nairobi-retarde-les-vols-a-laeroport-international#article\",\"isPartOf\":{\"@id\":\"https:\/\/www.africa-press.net\/fr\/politique\/greve-a-nairobi-retarde-les-vols-a-laeroport-international\"},\"author\":{\"name\":\"cfeditorfr\",\"@id\":\"https:\/\/www.africa-press.net\/fr\/#\/schema\/person\/2b1cf3cd81a31e3cd26889ca66d677f1\"},\"headline\":\"Gr\u00e8ve \u00e0 Nairobi Retarde les Vols \u00e0 L\u2019a\u00e9roport International\",\"datePublished\":\"2026-02-17T20:50:19+00:00\",\"dateModified\":\"2026-02-18T03:25:41+00:00\",\"mainEntityOfPage\":{\"@id\":\"https:\/\/www.africa-press.net\/fr\/politique\/greve-a-nairobi-retarde-les-vols-a-laeroport-international\"},\"wordCount\":487,\"commentCount\":0,\"image\":{\"@id\":\"https:\/\/www.africa-press.net\/fr\/politique\/greve-a-nairobi-retarde-les-vols-a-laeroport-international#primaryimage\"},\"thumbnailUrl\":\"https:\/\/static.africa-press.net\/africa-home\/sites\/67\/2026\/02\/sm_1771385072.803481.jpg\",\"keywords\":[\"a\u00e9roport\",\"gr\u00e8ve\",\"K\u00e9nya\",\"l\u2019Afrique\",\"Nairobi\",\"Transport a\u00e9rien\"],\"articleSection\":[\"Politique\"],\"inLanguage\":\"en-US\",\"potentialAction\":[{\"@type\":\"CommentAction\",\"name\":\"Comment\",\"target\":[\"https:\/\/www.africa-press.net\/fr\/politique\/greve-a-nairobi-retarde-les-vols-a-laeroport-international#respond\"]}]},{\"@type\":\"WebPage\",\"@id\":\"https:\/\/www.africa-press.net\/fr\/politique\/greve-a-nairobi-retarde-les-vols-a-laeroport-international\",\"url\":\"https:\/\/www.africa-press.net\/fr\/politique\/greve-a-nairobi-retarde-les-vols-a-laeroport-international\",\"name\":\"Gr\u00e8ve \u00e0 Nairobi Retarde les Vols \u00e0 L\u2019a\u00e9roport International - Africa Press France\",\"isPartOf\":{\"@id\":\"https:\/\/www.africa-press.net\/fr\/#website\"},\"primaryImageOfPage\":{\"@id\":\"https:\/\/www.africa-press.net\/fr\/politique\/greve-a-nairobi-retarde-les-vols-a-laeroport-international#primaryimage\"},\"image\":{\"@id\":\"https:\/\/www.africa-press.net\/fr\/politique\/greve-a-nairobi-retarde-les-vols-a-laeroport-international#primaryimage\"},\"thumbnailUrl\":\"https:\/\/static.africa-press.net\/africa-home\/sites\/67\/2026\/02\/sm_1771385072.803481.jpg\",\"datePublished\":\"2026-02-17T20:50:19+00:00\",\"dateModified\":\"2026-02-18T03:25:41+00:00\",\"author\":{\"@id\":\"https:\/\/www.africa-press.net\/fr\/#\/schema\/person\/2b1cf3cd81a31e3cd26889ca66d677f1\"},\"description\":\"Des retards de vols \u00e0 l'a\u00e9roport Jomo Kenyatta \u00e0 Nairobi en raison d'une gr\u00e8ve des travailleurs de l'aviation.\",\"breadcrumb\":{\"@id\":\"https:\/\/www.africa-press.net\/fr\/politique\/greve-a-nairobi-retarde-les-vols-a-laeroport-international#breadcrumb\"},\"inLanguage\":\"en-US\",\"potentialAction\":[{\"@type\":\"ReadAction\",\"target\":[\"https:\/\/www.africa-press.net\/fr\/politique\/greve-a-nairobi-retarde-les-vols-a-laeroport-international\"]}]},{\"@type\":\"ImageObject\",\"inLanguage\":\"en-US\",\"@id\":\"https:\/\/www.africa-press.net\/fr\/politique\/greve-a-nairobi-retarde-les-vols-a-laeroport-international#primaryimage\",\"url\":\"https:\/\/static.africa-press.net\/africa-home\/sites\/67\/2026\/02\/sm_1771385072.803481.jpg\",\"contentUrl\":\"https:\/\/static.africa-press.net\/africa-home\/sites\/67\/2026\/02\/sm_1771385072.803481.jpg\",\"width\":720,\"height\":405,\"caption\":\"Gr\u00e8ve \u00e0 Nairobi Retarde les Vols \u00e0 L\u2019a\u00e9roport International\"},{\"@type\":\"BreadcrumbList\",\"@id\":\"https:\/\/www.africa-press.net\/fr\/politique\/greve-a-nairobi-retarde-les-vols-a-laeroport-international#breadcrumb\",\"itemListElement\":[{\"@type\":\"ListItem\",\"position\":1,\"name\":\"Home\",\"item\":\"https:\/\/www.africa-press.net\/fr\/\"},{\"@type\":\"ListItem\",\"position\":2,\"name\":\"Gr\u00e8ve \u00e0 Nairobi Retarde les Vols \u00e0 L\u2019a\u00e9roport International\"}]},{\"@type\":\"WebSite\",\"@id\":\"https:\/\/www.africa-press.net\/fr\/#website\",\"url\":\"https:\/\/www.africa-press.net\/fr\/\",\"name\":\"Africa Press France\",\"description\":\"\u0623\u0648\u0644 \u0645\u0648\u0642\u0639 \u0625\u0641\u0631\u064a\u0642\u064a \u064a\u0643\u062a\u0628 \u0628\u0644\u063a\u0629 \u0628\u0644\u062f\u0627\u0646\u0647\",\"potentialAction\":[{\"@type\":\"SearchAction\",\"target\":{\"@type\":\"EntryPoint\",\"urlTemplate\":\"https:\/\/www.africa-press.net\/fr\/?s={search_term_string}\"},\"query-input\":{\"@type\":\"PropertyValueSpecification\",\"valueRequired\":true,\"valueName\":\"search_term_string\"}}],\"inLanguage\":\"en-US\"},{\"@type\":\"Person\",\"@id\":\"https:\/\/www.africa-press.net\/fr\/#\/schema\/person\/2b1cf3cd81a31e3cd26889ca66d677f1\",\"name\":\"cfeditorfr\"}]}<\/script>\n<!-- \/ Yoast SEO Premium plugin. -->","yoast_head_json":{"title":"Gr\u00e8ve \u00e0 Nairobi Retarde les Vols \u00e0 L\u2019a\u00e9roport International - Africa Press France","description":"Des retards de vols \u00e0 l'a\u00e9roport Jomo Kenyatta \u00e0 Nairobi en raison d'une gr\u00e8ve des travailleurs de l'aviation.","robots":{"index":"index","follow":"follow","max-snippet":"max-snippet:-1","max-image-preview":"max-image-preview:large","max-video-preview":"max-video-preview:-1"},"canonical":"https:\/\/www.africa-press.net\/fr\/politique\/greve-a-nairobi-retarde-les-vols-a-laeroport-international","og_locale":"en_US","og_type":"article","og_title":"Gr\u00e8ve \u00e0 Nairobi Retarde les Vols \u00e0 L\u2019a\u00e9roport International","og_description":"Des retards de vols \u00e0 l'a\u00e9roport Jomo Kenyatta \u00e0 Nairobi en raison d'une gr\u00e8ve des travailleurs de l'aviation.","og_url":"https:\/\/www.africa-press.net\/fr\/politique\/greve-a-nairobi-retarde-les-vols-a-laeroport-international","og_site_name":"Africa Press France","article_published_time":"2026-02-17T20:50:19+00:00","article_modified_time":"2026-02-18T03:25:41+00:00","og_image":[{"width":720,"height":405,"url":"https:\/\/static.africa-press.net\/africa-home\/sites\/67\/2026\/02\/sm_1771385072.803481.jpg","type":"image\/jpeg"}],"author":"cfeditorfr","twitter_card":"summary_large_image","twitter_misc":{"Written by":"cfeditorfr","Est. reading time":"2 minutes"},"schema":{"@context":"https:\/\/schema.org","@graph":[{"@type":"Article","@id":"https:\/\/www.africa-press.net\/fr\/politique\/greve-a-nairobi-retarde-les-vols-a-laeroport-international#article","isPartOf":{"@id":"https:\/\/www.africa-press.net\/fr\/politique\/greve-a-nairobi-retarde-les-vols-a-laeroport-international"},"author":{"name":"cfeditorfr","@id":"https:\/\/www.africa-press.net\/fr\/#\/schema\/person\/2b1cf3cd81a31e3cd26889ca66d677f1"},"headline":"Gr\u00e8ve \u00e0 Nairobi Retarde les Vols \u00e0 L\u2019a\u00e9roport International","datePublished":"2026-02-17T20:50:19+00:00","dateModified":"2026-02-18T03:25:41+00:00","mainEntityOfPage":{"@id":"https:\/\/www.africa-press.net\/fr\/politique\/greve-a-nairobi-retarde-les-vols-a-laeroport-international"},"wordCount":487,"commentCount":0,"image":{"@id":"https:\/\/www.africa-press.net\/fr\/politique\/greve-a-nairobi-retarde-les-vols-a-laeroport-international#primaryimage"},"thumbnailUrl":"https:\/\/static.africa-press.net\/africa-home\/sites\/67\/2026\/02\/sm_1771385072.803481.jpg","keywords":["a\u00e9roport","gr\u00e8ve","K\u00e9nya","l\u2019Afrique","Nairobi","Transport a\u00e9rien"],"articleSection":["Politique"],"inLanguage":"en-US","potentialAction":[{"@type":"CommentAction","name":"Comment","target":["https:\/\/www.africa-press.net\/fr\/politique\/greve-a-nairobi-retarde-les-vols-a-laeroport-international#respond"]}]},{"@type":"WebPage","@id":"https:\/\/www.africa-press.net\/fr\/politique\/greve-a-nairobi-retarde-les-vols-a-laeroport-international","url":"https:\/\/www.africa-press.net\/fr\/politique\/greve-a-nairobi-retarde-les-vols-a-laeroport-international","name":"Gr\u00e8ve \u00e0 Nairobi Retarde les Vols \u00e0 L\u2019a\u00e9roport International - Africa Press France","isPartOf":{"@id":"https:\/\/www.africa-press.net\/fr\/#website"},"primaryImageOfPage":{"@id":"https:\/\/www.africa-press.net\/fr\/politique\/greve-a-nairobi-retarde-les-vols-a-laeroport-international#primaryimage"},"image":{"@id":"https:\/\/www.africa-press.net\/fr\/politique\/greve-a-nairobi-retarde-les-vols-a-laeroport-international#primaryimage"},"thumbnailUrl":"https:\/\/static.africa-press.net\/africa-home\/sites\/67\/2026\/02\/sm_1771385072.803481.jpg","datePublished":"2026-02-17T20:50:19+00:00","dateModified":"2026-02-18T03:25:41+00:00","author":{"@id":"https:\/\/www.africa-press.net\/fr\/#\/schema\/person\/2b1cf3cd81a31e3cd26889ca66d677f1"},"description":"Des retards de vols \u00e0 l'a\u00e9roport Jomo Kenyatta \u00e0 Nairobi en raison d'une gr\u00e8ve des travailleurs de l'aviation.","breadcrumb":{"@id":"https:\/\/www.africa-press.net\/fr\/politique\/greve-a-nairobi-retarde-les-vols-a-laeroport-international#breadcrumb"},"inLanguage":"en-US","potentialAction":[{"@type":"ReadAction","target":["https:\/\/www.africa-press.net\/fr\/politique\/greve-a-nairobi-retarde-les-vols-a-laeroport-international"]}]},{"@type":"ImageObject","inLanguage":"en-US","@id":"https:\/\/www.africa-press.net\/fr\/politique\/greve-a-nairobi-retarde-les-vols-a-laeroport-international#primaryimage","url":"https:\/\/static.africa-press.net\/africa-home\/sites\/67\/2026\/02\/sm_1771385072.803481.jpg","contentUrl":"https:\/\/static.africa-press.net\/africa-home\/sites\/67\/2026\/02\/sm_1771385072.803481.jpg","width":720,"height":405,"caption":"Gr\u00e8ve \u00e0 Nairobi Retarde les Vols \u00e0 L\u2019a\u00e9roport International"},{"@type":"BreadcrumbList","@id":"https:\/\/www.africa-press.net\/fr\/politique\/greve-a-nairobi-retarde-les-vols-a-laeroport-international#breadcrumb","itemListElement":[{"@type":"ListItem","position":1,"name":"Home","item":"https:\/\/www.africa-press.net\/fr\/"},{"@type":"ListItem","position":2,"name":"Gr\u00e8ve \u00e0 Nairobi Retarde les Vols \u00e0 L\u2019a\u00e9roport International"}]},{"@type":"WebSite","@id":"https:\/\/www.africa-press.net\/fr\/#website","url":"https:\/\/www.africa-press.net\/fr\/","name":"Africa Press France","description":"\u0623\u0648\u0644 \u0645\u0648\u0642\u0639 \u0625\u0641\u0631\u064a\u0642\u064a \u064a\u0643\u062a\u0628 \u0628\u0644\u063a\u0629 \u0628\u0644\u062f\u0627\u0646\u0647","potentialAction":[{"@type":"SearchAction","target":{"@type":"EntryPoint","urlTemplate":"https:\/\/www.africa-press.net\/fr\/?s={search_term_string}"},"query-input":{"@type":"PropertyValueSpecification","valueRequired":true,"valueName":"search_term_string"}}],"inLanguage":"en-US"},{"@type":"Person","@id":"https:\/\/www.africa-press.net\/fr\/#\/schema\/person\/2b1cf3cd81a31e3cd26889ca66d677f1","name":"cfeditorfr"}]}},"_links":{"self":[{"href":"https:\/\/www.africa-press.net\/fr\/wp-json\/wp\/v2\/posts\/4670","targetHints":{"allow":["GET"]}}],"collection":[{"href":"https:\/\/www.africa-press.net\/fr\/wp-json\/wp\/v2\/posts"}],"about":[{"href":"https:\/\/www.africa-press.net\/fr\/wp-json\/wp\/v2\/types\/post"}],"author":[{"embeddable":true,"href":"https:\/\/www.africa-press.net\/fr\/wp-json\/wp\/v2\/users\/82"}],"replies":[{"embeddable":true,"href":"https:\/\/www.africa-press.net\/fr\/wp-json\/wp\/v2\/comments?post=4670"}],"version-history":[{"count":0,"href":"https:\/\/www.africa-press.net\/fr\/wp-json\/wp\/v2\/posts\/4670\/revisions"}],"wp:featuredmedia":[{"embeddable":true,"href":"https:\/\/www.africa-press.net\/fr\/wp-json\/wp\/v2\/media\/4669"}],"wp:attachment":[{"href":"https:\/\/www.africa-press.net\/fr\/wp-json\/wp\/v2\/media?parent=4670"}],"wp:term":[{"taxonomy":"category","embeddable":true,"href":"https:\/\/www.africa-press.net\/fr\/wp-json\/wp\/v2\/categories?post=4670"},{"taxonomy":"post_tag","embeddable":true,"href":"https:\/\/www.africa-press.net\/fr\/wp-json\/wp\/v2\/tags?post=4670"}],"curies":[{"name":"wp","href":"https:\/\/api.w.org\/{rel}","templated":true}]}}