{"id":4746,"date":"2026-02-19T03:31:23","date_gmt":"2026-02-19T03:31:23","guid":{"rendered":"https:\/\/www.africa-press.net\/fr\/home\/maroc-18-supporters-senegalais-emprisonnes-apres-des-violences"},"modified":"2026-02-20T05:08:40","modified_gmt":"2026-02-20T05:08:40","slug":"maroc-18-supporters-senegalais-emprisonnes-apres-des-violences","status":"publish","type":"post","link":"https:\/\/www.africa-press.net\/fr\/sports\/maroc-18-supporters-senegalais-emprisonnes-apres-des-violences","title":{"rendered":"Maroc\u202f: 18 Supporters S\u00e9n\u00e9galais Emprisonn\u00e9s Apr\u00e8s des Violences"},"content":{"rendered":"<div class=\"ap-summary\" dir=\"ltr\" lang=\"fr\">\n<h4>CE Qu\u2019Il Faut Savoir<\/h4>\n<p>Le tribunal marocain a condamn\u00e9 18 supporters s\u00e9n\u00e9galais \u00e0 des peines de prison allant de trois mois \u00e0 un an pour des actes de violence survenus lors de la finale de la Coupe d&#8217;Afrique des Nations en janvier. Les supporters ont \u00e9t\u00e9 accus\u00e9s de troubles \u00e0 l&#8217;ordre public, y compris des attaques contre les forces de s\u00e9curit\u00e9 et des dommages mat\u00e9riels.<\/p>\n<\/div>\n<p><span class=\"ap-article-header-tag\"> <strong>Africa-Press. <\/strong> <\/span>Le tribunal marocain a prononce\u0301 des peines de prison allant de trois mois a\u0300 un an contre 18 supporters se\u0301ne\u0301galais arre\u0302te\u0301s dans le royaume en raison d&#8217;actes de violence survenus lors de la finale de la Coupe d&#8217;Afrique des Nations de football en janvier, selon un correspondant d&#8217;une agence de presse locale jeudi.<\/p>\n<p>Les accuse\u0301s ont e\u0301te\u0301 juge\u0301s pour &#8220;troubles a\u0300 l&#8217;ordre public&#8221;, ce qui inclut des actes de violence, notamment contre les forces de se\u0301curite\u0301, la destruction de mate\u0301riel sportif, l&#8217;intrusion sur le terrain et le lancement de projectiles.<\/p>\n<p>Ces derniers avaient pre\u0301ce\u0301demment nie\u0301 avoir commis des infractions lors d&#8217;un match qui a e\u0301te\u0301 marque\u0301 par le chaos, se soldant par la victoire de leur e\u0301quipe nationale 1-0 apre\u0300s prolongation.<\/p>\n<p>Les procureurs marocains ont demande\u0301 jeudi des peines de prison pouvant aller jusqu&#8217;a\u0300 deux ans pour les 18 supporters se\u0301ne\u0301galais accuse\u0301s d&#8217;avoir provoque\u0301 des e\u0301meutes et de\u0301tenus au Maroc depuis la finale controverse\u0301e de la CAN en janvier dernier.<\/p>\n<p>Le procureur a de\u0301clare\u0301, lors d&#8217;une nouvelle audience au tribunal de premie\u0300re instance de Rabat, que &#8220;les accuse\u0301s ont de\u0301libe\u0301re\u0301ment perturbe\u0301 le match&#8221; et &#8220;ont commis des actes de violence diffuse\u0301s en direct a\u0300 la te\u0301le\u0301vision&#8221;.<\/p>\n<p>La peine maximale pour ces crimes est de deux ans de prison.<\/p>\n<p>Le 18 janvier, lors de la finale de la CAN a\u0300 Rabat, l&#8217;e\u0301quipe se\u0301ne\u0301galaise a remporte\u0301 le match 1-0 apre\u0300s prolongation dans une rencontre chaotique.<\/p>\n<p>Apre\u0300s qu&#8217;un penalty a e\u0301te\u0301 accorde\u0301 au Maroc dans le temps additionnel de la seconde mi-temps, suite a\u0300 l&#8217;annulation d&#8217;un but se\u0301ne\u0301galais, des supporters des &#8220;Lions de la Te\u0301ranga&#8221; ont tente\u0301 d&#8217;envahir le terrain pendant pre\u0300s de 15 minutes, me\u0302me lorsque Ibrahim Diaz se pre\u0301parait a\u0300 tirer le penalty qu&#8217;il a finalement rate\u0301. En temps additionnel, Bap Gaye a marque\u0301 le but de la victoire pour le Se\u0301ne\u0301gal d&#8217;une frappe puissante.<\/p>\n<p>De plus, plusieurs supporters se\u0301ne\u0301galais ont lance\u0301 des projectiles sur le terrain, dont au moins une chaise.<\/p>\n<p>Le repre\u0301sentant du parquet a de\u0301clare\u0301 que l&#8217;accusation s&#8217;appuie principalement sur les images des came\u0301ras de surveillance du stade Prince Moulay Abdellah a\u0300 Rabat, ainsi que sur des rapports me\u0301dicaux documentant des blessures parmi les membres des forces de se\u0301curite\u0301 et du personnel du stade.<\/p>\n<p>Le parquet estime que les dommages mate\u0301riels cause\u0301s au stade, entie\u0300rement re\u0301nove\u0301 avant la CAN, s&#8217;e\u0301le\u0300vent a\u0300 plus de 370 000 euros.<\/p>\n<p>Le Maroc a accueilli la 35e e\u0301dition de la compe\u0301tition continentale du 21 de\u0301cembre au 18 janvier et coorganisera la Coupe du Monde 2030 avec l&#8217;Espagne et le Portugal.<\/p>\n<p>La Coupe d&#8217;Afrique des Nations (CAN) est un tournoi de football majeur en Afrique, organise\u0301 tous les deux ans par la Confe\u0301de\u0301ration africaine de football. La finale de la CAN 2023, qui s&#8217;est tenue au Maroc, a e\u0301te\u0301 marque\u0301e par des incidents de violence, mettant en lumie\u0300re les tensions qui peuvent survenir lors d&#8217;e\u0301ve\u0301nements sportifs de grande envergure. Le Maroc, qui a accueilli la compe\u0301tition, a e\u0301galement e\u0301te\u0301 choisi pour co-organiser la Coupe du Monde 2030 avec l&#8217;Espagne et le Portugal, renforc\u0327ant son statut sur la sce\u0300ne sportive internationale.<\/p>\n<p class=\"ap-article-footer-note\">Retrouvez plus d\u2019actualit\u00e9s et d\u2019analyses sur <span class=\"ap-highlight-country\">l\u2019Afrique<\/span> sur le site <span class=\"ap-highlight-brand\">Africa Press<\/span><\/p>\n","protected":false},"excerpt":{"rendered":"<p>CE Qu\u2019Il Faut Savoir Le tribunal marocain a condamn\u00e9 18 supporters s\u00e9n\u00e9galais \u00e0 des peines de prison allant de trois mois \u00e0 un an pour des actes de violence survenus lors de la finale de la Coupe d&#8217;Afrique des Nations en janvier. Les supporters ont \u00e9t\u00e9 accus\u00e9s de troubles \u00e0 l&#8217;ordre public, y compris des [&hellip;]<\/p>\n","protected":false},"author":82,"featured_media":4744,"comment_status":"open","ping_status":"closed","sticky":false,"template":"","format":"standard","meta":{"footnotes":""},"categories":[77],"tags":[696,123,240,603,559,87],"class_list":["post-4746","post","type-post","status-publish","format-standard","has-post-thumbnail","hentry","category-sports","tag-african-cup","tag-football","tag-lafrique","tag-morocco","tag-senegal-2","tag-violence"],"yoast_head":"<!-- This site is optimized with the Yoast SEO Premium plugin v26.1 (Yoast SEO v27.0) - https:\/\/yoast.com\/product\/yoast-seo-premium-wordpress\/ -->\n<title>Maroc\u202f: 18 Supporters S\u00e9n\u00e9galais Emprisonn\u00e9s Apr\u00e8s des Violences - Africa Press France<\/title>\n<meta name=\"description\" content=\"Le tribunal marocain a condamn\u00e9 18 supporters s\u00e9n\u00e9galais \u00e0 des peines de prison pour des violences lors de la finale de laCAN\" \/>\n<meta name=\"robots\" content=\"index, follow, max-snippet:-1, max-image-preview:large, max-video-preview:-1\" \/>\n<link rel=\"canonical\" href=\"https:\/\/www.africa-press.net\/fr\/sports\/maroc-18-supporters-senegalais-emprisonnes-apres-des-violences\" \/>\n<meta property=\"og:locale\" content=\"en_US\" \/>\n<meta property=\"og:type\" content=\"article\" \/>\n<meta property=\"og:title\" content=\"Maroc\u202f: 18 Supporters S\u00e9n\u00e9galais Emprisonn\u00e9s Apr\u00e8s des Violences\" \/>\n<meta property=\"og:description\" content=\"Le tribunal marocain a condamn\u00e9 18 supporters s\u00e9n\u00e9galais \u00e0 des peines de prison pour des violences lors de la finale de laCAN\" \/>\n<meta property=\"og:url\" content=\"https:\/\/www.africa-press.net\/fr\/sports\/maroc-18-supporters-senegalais-emprisonnes-apres-des-violences\" \/>\n<meta property=\"og:site_name\" content=\"Africa Press France\" \/>\n<meta property=\"article:published_time\" content=\"2026-02-19T03:31:23+00:00\" \/>\n<meta property=\"article:modified_time\" content=\"2026-02-20T05:08:40+00:00\" \/>\n<meta property=\"og:image\" content=\"https:\/\/static.africa-press.net\/africa-home\/sites\/67\/2026\/02\/sm_1771564019.235667.jpg\" \/>\n\t<meta property=\"og:image:width\" content=\"1401\" \/>\n\t<meta property=\"og:image:height\" content=\"1050\" \/>\n\t<meta property=\"og:image:type\" content=\"image\/jpeg\" \/>\n<meta name=\"author\" content=\"cfeditorfr\" \/>\n<meta name=\"twitter:card\" content=\"summary_large_image\" \/>\n<meta name=\"twitter:label1\" content=\"Written by\" \/>\n\t<meta name=\"twitter:data1\" content=\"cfeditorfr\" \/>\n\t<meta name=\"twitter:label2\" content=\"Est. reading time\" \/>\n\t<meta name=\"twitter:data2\" content=\"3 minutes\" \/>\n<script type=\"application\/ld+json\" class=\"yoast-schema-graph\">{\"@context\":\"https:\/\/schema.org\",\"@graph\":[{\"@type\":\"Article\",\"@id\":\"https:\/\/www.africa-press.net\/fr\/sports\/maroc-18-supporters-senegalais-emprisonnes-apres-des-violences#article\",\"isPartOf\":{\"@id\":\"https:\/\/www.africa-press.net\/fr\/sports\/maroc-18-supporters-senegalais-emprisonnes-apres-des-violences\"},\"author\":{\"name\":\"cfeditorfr\",\"@id\":\"https:\/\/www.africa-press.net\/fr\/#\/schema\/person\/2b1cf3cd81a31e3cd26889ca66d677f1\"},\"headline\":\"Maroc\u202f: 18 Supporters S\u00e9n\u00e9galais Emprisonn\u00e9s Apr\u00e8s des Violences\",\"datePublished\":\"2026-02-19T03:31:23+00:00\",\"dateModified\":\"2026-02-20T05:08:40+00:00\",\"mainEntityOfPage\":{\"@id\":\"https:\/\/www.africa-press.net\/fr\/sports\/maroc-18-supporters-senegalais-emprisonnes-apres-des-violences\"},\"wordCount\":687,\"commentCount\":0,\"image\":{\"@id\":\"https:\/\/www.africa-press.net\/fr\/sports\/maroc-18-supporters-senegalais-emprisonnes-apres-des-violences#primaryimage\"},\"thumbnailUrl\":\"https:\/\/static.africa-press.net\/africa-home\/sites\/67\/2026\/02\/sm_1771564019.235667.jpg\",\"keywords\":[\"African Cup\",\"football\",\"l\u2019Afrique\",\"Morocco\",\"Senegal\",\"violence\"],\"articleSection\":[\"Sports\"],\"inLanguage\":\"en-US\",\"potentialAction\":[{\"@type\":\"CommentAction\",\"name\":\"Comment\",\"target\":[\"https:\/\/www.africa-press.net\/fr\/sports\/maroc-18-supporters-senegalais-emprisonnes-apres-des-violences#respond\"]}]},{\"@type\":\"WebPage\",\"@id\":\"https:\/\/www.africa-press.net\/fr\/sports\/maroc-18-supporters-senegalais-emprisonnes-apres-des-violences\",\"url\":\"https:\/\/www.africa-press.net\/fr\/sports\/maroc-18-supporters-senegalais-emprisonnes-apres-des-violences\",\"name\":\"Maroc\u202f: 18 Supporters S\u00e9n\u00e9galais Emprisonn\u00e9s Apr\u00e8s des Violences - Africa Press France\",\"isPartOf\":{\"@id\":\"https:\/\/www.africa-press.net\/fr\/#website\"},\"primaryImageOfPage\":{\"@id\":\"https:\/\/www.africa-press.net\/fr\/sports\/maroc-18-supporters-senegalais-emprisonnes-apres-des-violences#primaryimage\"},\"image\":{\"@id\":\"https:\/\/www.africa-press.net\/fr\/sports\/maroc-18-supporters-senegalais-emprisonnes-apres-des-violences#primaryimage\"},\"thumbnailUrl\":\"https:\/\/static.africa-press.net\/africa-home\/sites\/67\/2026\/02\/sm_1771564019.235667.jpg\",\"datePublished\":\"2026-02-19T03:31:23+00:00\",\"dateModified\":\"2026-02-20T05:08:40+00:00\",\"author\":{\"@id\":\"https:\/\/www.africa-press.net\/fr\/#\/schema\/person\/2b1cf3cd81a31e3cd26889ca66d677f1\"},\"description\":\"Le tribunal marocain a condamn\u00e9 18 supporters s\u00e9n\u00e9galais \u00e0 des peines de prison pour des violences lors de la finale de laCAN\",\"breadcrumb\":{\"@id\":\"https:\/\/www.africa-press.net\/fr\/sports\/maroc-18-supporters-senegalais-emprisonnes-apres-des-violences#breadcrumb\"},\"inLanguage\":\"en-US\",\"potentialAction\":[{\"@type\":\"ReadAction\",\"target\":[\"https:\/\/www.africa-press.net\/fr\/sports\/maroc-18-supporters-senegalais-emprisonnes-apres-des-violences\"]}]},{\"@type\":\"ImageObject\",\"inLanguage\":\"en-US\",\"@id\":\"https:\/\/www.africa-press.net\/fr\/sports\/maroc-18-supporters-senegalais-emprisonnes-apres-des-violences#primaryimage\",\"url\":\"https:\/\/static.africa-press.net\/africa-home\/sites\/67\/2026\/02\/sm_1771564019.235667.jpg\",\"contentUrl\":\"https:\/\/static.africa-press.net\/africa-home\/sites\/67\/2026\/02\/sm_1771564019.235667.jpg\",\"width\":1401,\"height\":1050,\"caption\":\"Maroc\u202f: 18 Supporters S\u00e9n\u00e9galais Emprisonn\u00e9s Apr\u00e8s des Violences\"},{\"@type\":\"BreadcrumbList\",\"@id\":\"https:\/\/www.africa-press.net\/fr\/sports\/maroc-18-supporters-senegalais-emprisonnes-apres-des-violences#breadcrumb\",\"itemListElement\":[{\"@type\":\"ListItem\",\"position\":1,\"name\":\"Home\",\"item\":\"https:\/\/www.africa-press.net\/fr\/\"},{\"@type\":\"ListItem\",\"position\":2,\"name\":\"Maroc\u202f: 18 Supporters S\u00e9n\u00e9galais Emprisonn\u00e9s Apr\u00e8s des Violences\"}]},{\"@type\":\"WebSite\",\"@id\":\"https:\/\/www.africa-press.net\/fr\/#website\",\"url\":\"https:\/\/www.africa-press.net\/fr\/\",\"name\":\"Africa Press France\",\"description\":\"\u0623\u0648\u0644 \u0645\u0648\u0642\u0639 \u0625\u0641\u0631\u064a\u0642\u064a \u064a\u0643\u062a\u0628 \u0628\u0644\u063a\u0629 \u0628\u0644\u062f\u0627\u0646\u0647\",\"potentialAction\":[{\"@type\":\"SearchAction\",\"target\":{\"@type\":\"EntryPoint\",\"urlTemplate\":\"https:\/\/www.africa-press.net\/fr\/?s={search_term_string}\"},\"query-input\":{\"@type\":\"PropertyValueSpecification\",\"valueRequired\":true,\"valueName\":\"search_term_string\"}}],\"inLanguage\":\"en-US\"},{\"@type\":\"Person\",\"@id\":\"https:\/\/www.africa-press.net\/fr\/#\/schema\/person\/2b1cf3cd81a31e3cd26889ca66d677f1\",\"name\":\"cfeditorfr\"}]}<\/script>\n<!-- \/ Yoast SEO Premium plugin. -->","yoast_head_json":{"title":"Maroc\u202f: 18 Supporters S\u00e9n\u00e9galais Emprisonn\u00e9s Apr\u00e8s des Violences - Africa Press France","description":"Le tribunal marocain a condamn\u00e9 18 supporters s\u00e9n\u00e9galais \u00e0 des peines de prison pour des violences lors de la finale de laCAN","robots":{"index":"index","follow":"follow","max-snippet":"max-snippet:-1","max-image-preview":"max-image-preview:large","max-video-preview":"max-video-preview:-1"},"canonical":"https:\/\/www.africa-press.net\/fr\/sports\/maroc-18-supporters-senegalais-emprisonnes-apres-des-violences","og_locale":"en_US","og_type":"article","og_title":"Maroc\u202f: 18 Supporters S\u00e9n\u00e9galais Emprisonn\u00e9s Apr\u00e8s des Violences","og_description":"Le tribunal marocain a condamn\u00e9 18 supporters s\u00e9n\u00e9galais \u00e0 des peines de prison pour des violences lors de la finale de laCAN","og_url":"https:\/\/www.africa-press.net\/fr\/sports\/maroc-18-supporters-senegalais-emprisonnes-apres-des-violences","og_site_name":"Africa Press France","article_published_time":"2026-02-19T03:31:23+00:00","article_modified_time":"2026-02-20T05:08:40+00:00","og_image":[{"width":1401,"height":1050,"url":"https:\/\/static.africa-press.net\/africa-home\/sites\/67\/2026\/02\/sm_1771564019.235667.jpg","type":"image\/jpeg"}],"author":"cfeditorfr","twitter_card":"summary_large_image","twitter_misc":{"Written by":"cfeditorfr","Est. reading time":"3 minutes"},"schema":{"@context":"https:\/\/schema.org","@graph":[{"@type":"Article","@id":"https:\/\/www.africa-press.net\/fr\/sports\/maroc-18-supporters-senegalais-emprisonnes-apres-des-violences#article","isPartOf":{"@id":"https:\/\/www.africa-press.net\/fr\/sports\/maroc-18-supporters-senegalais-emprisonnes-apres-des-violences"},"author":{"name":"cfeditorfr","@id":"https:\/\/www.africa-press.net\/fr\/#\/schema\/person\/2b1cf3cd81a31e3cd26889ca66d677f1"},"headline":"Maroc\u202f: 18 Supporters S\u00e9n\u00e9galais Emprisonn\u00e9s Apr\u00e8s des Violences","datePublished":"2026-02-19T03:31:23+00:00","dateModified":"2026-02-20T05:08:40+00:00","mainEntityOfPage":{"@id":"https:\/\/www.africa-press.net\/fr\/sports\/maroc-18-supporters-senegalais-emprisonnes-apres-des-violences"},"wordCount":687,"commentCount":0,"image":{"@id":"https:\/\/www.africa-press.net\/fr\/sports\/maroc-18-supporters-senegalais-emprisonnes-apres-des-violences#primaryimage"},"thumbnailUrl":"https:\/\/static.africa-press.net\/africa-home\/sites\/67\/2026\/02\/sm_1771564019.235667.jpg","keywords":["African Cup","football","l\u2019Afrique","Morocco","Senegal","violence"],"articleSection":["Sports"],"inLanguage":"en-US","potentialAction":[{"@type":"CommentAction","name":"Comment","target":["https:\/\/www.africa-press.net\/fr\/sports\/maroc-18-supporters-senegalais-emprisonnes-apres-des-violences#respond"]}]},{"@type":"WebPage","@id":"https:\/\/www.africa-press.net\/fr\/sports\/maroc-18-supporters-senegalais-emprisonnes-apres-des-violences","url":"https:\/\/www.africa-press.net\/fr\/sports\/maroc-18-supporters-senegalais-emprisonnes-apres-des-violences","name":"Maroc\u202f: 18 Supporters S\u00e9n\u00e9galais Emprisonn\u00e9s Apr\u00e8s des Violences - Africa Press France","isPartOf":{"@id":"https:\/\/www.africa-press.net\/fr\/#website"},"primaryImageOfPage":{"@id":"https:\/\/www.africa-press.net\/fr\/sports\/maroc-18-supporters-senegalais-emprisonnes-apres-des-violences#primaryimage"},"image":{"@id":"https:\/\/www.africa-press.net\/fr\/sports\/maroc-18-supporters-senegalais-emprisonnes-apres-des-violences#primaryimage"},"thumbnailUrl":"https:\/\/static.africa-press.net\/africa-home\/sites\/67\/2026\/02\/sm_1771564019.235667.jpg","datePublished":"2026-02-19T03:31:23+00:00","dateModified":"2026-02-20T05:08:40+00:00","author":{"@id":"https:\/\/www.africa-press.net\/fr\/#\/schema\/person\/2b1cf3cd81a31e3cd26889ca66d677f1"},"description":"Le tribunal marocain a condamn\u00e9 18 supporters s\u00e9n\u00e9galais \u00e0 des peines de prison pour des violences lors de la finale de laCAN","breadcrumb":{"@id":"https:\/\/www.africa-press.net\/fr\/sports\/maroc-18-supporters-senegalais-emprisonnes-apres-des-violences#breadcrumb"},"inLanguage":"en-US","potentialAction":[{"@type":"ReadAction","target":["https:\/\/www.africa-press.net\/fr\/sports\/maroc-18-supporters-senegalais-emprisonnes-apres-des-violences"]}]},{"@type":"ImageObject","inLanguage":"en-US","@id":"https:\/\/www.africa-press.net\/fr\/sports\/maroc-18-supporters-senegalais-emprisonnes-apres-des-violences#primaryimage","url":"https:\/\/static.africa-press.net\/africa-home\/sites\/67\/2026\/02\/sm_1771564019.235667.jpg","contentUrl":"https:\/\/static.africa-press.net\/africa-home\/sites\/67\/2026\/02\/sm_1771564019.235667.jpg","width":1401,"height":1050,"caption":"Maroc\u202f: 18 Supporters S\u00e9n\u00e9galais Emprisonn\u00e9s Apr\u00e8s des Violences"},{"@type":"BreadcrumbList","@id":"https:\/\/www.africa-press.net\/fr\/sports\/maroc-18-supporters-senegalais-emprisonnes-apres-des-violences#breadcrumb","itemListElement":[{"@type":"ListItem","position":1,"name":"Home","item":"https:\/\/www.africa-press.net\/fr\/"},{"@type":"ListItem","position":2,"name":"Maroc\u202f: 18 Supporters S\u00e9n\u00e9galais Emprisonn\u00e9s Apr\u00e8s des Violences"}]},{"@type":"WebSite","@id":"https:\/\/www.africa-press.net\/fr\/#website","url":"https:\/\/www.africa-press.net\/fr\/","name":"Africa Press France","description":"\u0623\u0648\u0644 \u0645\u0648\u0642\u0639 \u0625\u0641\u0631\u064a\u0642\u064a \u064a\u0643\u062a\u0628 \u0628\u0644\u063a\u0629 \u0628\u0644\u062f\u0627\u0646\u0647","potentialAction":[{"@type":"SearchAction","target":{"@type":"EntryPoint","urlTemplate":"https:\/\/www.africa-press.net\/fr\/?s={search_term_string}"},"query-input":{"@type":"PropertyValueSpecification","valueRequired":true,"valueName":"search_term_string"}}],"inLanguage":"en-US"},{"@type":"Person","@id":"https:\/\/www.africa-press.net\/fr\/#\/schema\/person\/2b1cf3cd81a31e3cd26889ca66d677f1","name":"cfeditorfr"}]}},"_links":{"self":[{"href":"https:\/\/www.africa-press.net\/fr\/wp-json\/wp\/v2\/posts\/4746","targetHints":{"allow":["GET"]}}],"collection":[{"href":"https:\/\/www.africa-press.net\/fr\/wp-json\/wp\/v2\/posts"}],"about":[{"href":"https:\/\/www.africa-press.net\/fr\/wp-json\/wp\/v2\/types\/post"}],"author":[{"embeddable":true,"href":"https:\/\/www.africa-press.net\/fr\/wp-json\/wp\/v2\/users\/82"}],"replies":[{"embeddable":true,"href":"https:\/\/www.africa-press.net\/fr\/wp-json\/wp\/v2\/comments?post=4746"}],"version-history":[{"count":0,"href":"https:\/\/www.africa-press.net\/fr\/wp-json\/wp\/v2\/posts\/4746\/revisions"}],"wp:featuredmedia":[{"embeddable":true,"href":"https:\/\/www.africa-press.net\/fr\/wp-json\/wp\/v2\/media\/4744"}],"wp:attachment":[{"href":"https:\/\/www.africa-press.net\/fr\/wp-json\/wp\/v2\/media?parent=4746"}],"wp:term":[{"taxonomy":"category","embeddable":true,"href":"https:\/\/www.africa-press.net\/fr\/wp-json\/wp\/v2\/categories?post=4746"},{"taxonomy":"post_tag","embeddable":true,"href":"https:\/\/www.africa-press.net\/fr\/wp-json\/wp\/v2\/tags?post=4746"}],"curies":[{"name":"wp","href":"https:\/\/api.w.org\/{rel}","templated":true}]}}