{"id":4784,"date":"2026-02-20T13:51:22","date_gmt":"2026-02-20T13:51:22","guid":{"rendered":"https:\/\/www.africa-press.net\/fr\/home\/kaouther-ben-hania-refuse-le-prix-de-berlin"},"modified":"2026-02-20T14:20:20","modified_gmt":"2026-02-20T14:20:20","slug":"kaouther-ben-hania-refuse-le-prix-de-berlin","status":"publish","type":"post","link":"https:\/\/www.africa-press.net\/fr\/culture-et-art\/kaouther-ben-hania-refuse-le-prix-de-berlin","title":{"rendered":"Kaouther Ben Hania Refuse le Prix de Berlin"},"content":{"rendered":"<div class=\"ap-summary\" dir=\"ltr\" lang=\"fr\">\n<h4>CE Qu\u2019Il Faut Savoir<\/h4>\n<p>La r\u00e9alisatrice tunisienne Koothar Ben Hania a refus\u00e9 le prix &#8220;Film le plus pr\u00e9cieux&#8221; au Festival de Berlin, d\u00e9non\u00e7ant l&#8217;absence de justice pour les victimes de la violence. Son discours a mis en lumi\u00e8re les enjeux moraux et politiques li\u00e9s \u00e0 la repr\u00e9sentation du conflit isra\u00e9lo-palestinien dans le cin\u00e9ma.<\/p>\n<\/div>\n<p><span class=\"ap-article-header-tag\"> <strong>Africa-Press. <\/strong> <\/span>La paix n&#8217;est pas un parfum que l&#8217;on vaporise sur la violence pour que le pouvoir semble poli et confortable&#8221;. Avec cette phrase, qui s&#8217;est ancre\u0301e dans les esprits comme un tir moral, la re\u0301alisatrice tunisienne Koothar Ben Hania a de\u0301clenche\u0301 l&#8217;une des moments les plus tendus du Festival de Berlin cette anne\u0301e.<\/p>\n<p>Lors de la soire\u0301e des prix &#8220;Cine\u0301ma pour la paix&#8221;, Ben Hania a refuse\u0301 de recevoir le prix du &#8220;film le plus pre\u0301cieux&#8221; de\u0301cerne\u0301 a\u0300 son \u0153uvre &#8220;La Voix de Hind Rajab&#8221;, laissant la statuette dans la salle comme un &#8220;rappel&#8221; du sang, et non comme une ce\u0301le\u0301bration de l&#8217;art.<\/p>\n<p>En montant sur sce\u0300ne, Ben Hania a explique\u0301 qu&#8217;elle voyait ce prix comme &#8220;un fardeau plus qu&#8217;une ce\u0301le\u0301bration&#8221;.<\/p>\n<p>Elle a de\u0301clare\u0301 a\u0300 propos de la reconnaissance que son film &#8220;La Voix de Hind Rajab&#8221;, qui documente les efforts du Croissant-Rouge pour sauver Hind Rajab, une fillette palestinienne tue\u0301e par les forces israe\u0301liennes lors de l&#8217;invasion de Gaza en 2024: &#8220;Je ressens plus de responsabilite\u0301 que de gratitude&#8221;.<\/p>\n<p>Elle a ajoute\u0301: &#8220;Ce qui est arrive\u0301 a\u0300 Hind n&#8217;est pas une exception, mais fait partie d&#8217;un ge\u0301nocide. Et a\u0300 Berlin ce soir, il y a des gens qui ont fourni un couvert politique pour ce ge\u0301nocide en rede\u0301finissant le meurtre de civils comme une le\u0301gitime de\u0301fense ou des circonstances complexes, et en discre\u0301ditant ceux qui protestent&#8221;. Elle a poursuivi: &#8220;Comme vous le savez, la paix n&#8217;est pas un parfum que l&#8217;on vaporise sur la violence pour que ceux au pouvoir semblent raffine\u0301s et a\u0300 l&#8217;aise. Le cine\u0301ma n&#8217;est pas un moyen de blanchir l&#8217;image&#8221;.<\/p>\n<p>La re\u0301alisatrice a affirme\u0301 que &#8220;la paix sans responsabilite\u0301 n&#8217;a pas de sens&#8221; et a annonce\u0301 qu&#8217;elle ne rame\u0300nerait pas le prix chez elle. Elle a de\u0301clare\u0301: &#8220;La justice signifie responsabilite\u0301. Sans responsabilite\u0301, il n&#8217;y a pas de paix. L&#8217;arme\u0301e israe\u0301lienne a tue\u0301 Hind Rajab, a tue\u0301 sa famille, et a tue\u0301 les deux secouristes qui sont venus pour la sauver, avec la complicite\u0301 des gouvernements et institutions les plus puissants du monde&#8221;.<\/p>\n<p>Elle a ajoute\u0301: &#8220;Je refuse que leur meurtre devienne un arrie\u0300re-plan pour un discours poli sur la paix, tant que les structures qui ont permis cela demeurent en place. Par conse\u0301quent, je ne prendrai pas ce prix avec moi ce soir. Je vais le laisser ici comme un rappel. Et quand la paix sera recherche\u0301e comme un engagement le\u0301gal et moral base\u0301 sur la responsabilite\u0301 pour le ge\u0301nocide, alors je reviendrai et je l&#8217;accepterai avec joie&#8221;.<\/p>\n<p>Koothar Ben Hania a sorti le Festival de Berlin de son rituel habituel en tant que saison de ce\u0301le\u0301bration des esthe\u0301tiques, le transformant en un champ de confrontation ouverte sur l&#8217;essence de la paix, qui est devenue un simple slogan brandi dans des salles climatise\u0301es, et non un engagement moral et le\u0301gal base\u0301 sur la justice et la responsabilite\u0301.<\/p>\n<p><b>La Tunisie salue la position de la re\u0301alisatrice Koothar Ben Hania<\/b><\/p>\n<p>Apre\u0300s le refus de Ben Hania de recevoir le prix du festival, le ministe\u0300re des Affaires culturelles tunisien a salue\u0301 dans un communique\u0301 la position principielle de Koothar Ben Hania et de toute son e\u0301quipe, conside\u0301rant que sa de\u0301cision refle\u0300te un engagement moral clair envers la cause palestinienne et un rejet de la normalisation avec l&#8217;ennemi sioniste.<\/p>\n<p>Le ministe\u0300re des Affaires culturelles a loue\u0301 le refus de Ben Hania de recevoir le prix en raison de la pre\u0301sence de laure\u0301ats de l&#8217;ennemi sioniste lors de cet e\u0301ve\u0301nement, conside\u0301rant que cette position est en accord avec les principes de la Tunisie, tant au niveau de sa direction que de son peuple, en faveur de la juste cause palestinienne.<\/p>\n<p><b>Un se\u0301isme de la lettre ouverte<\/b><\/p>\n<p>Le cri de Koothar Ben Hania dans les dernie\u0300res heures n&#8217;e\u0301tait que le sommet d&#8217;une tension qui a e\u0301clate\u0301 le matin d&#8217;hier, lorsque le milieu cine\u0301matographique mondial a diffuse\u0301 le texte de la lettre ouverte signe\u0301e par plus de 80 participants actuels et anciens du festival.<\/p>\n<p>En te\u0302te de liste des signataires figurent Javier Bardem et Tilda Swinton, ainsi que des re\u0301alisateurs de renom tels que Mike Leigh et Adam McKay. La lettre, coordonne\u0301e par le groupe &#8220;Cine\u0301ma pour la Palestine&#8221;, a accuse\u0301 le festival de &#8220;silence institutionnel&#8221; concernant Gaza, qualifiant sa position de se\u0301lective et manquant de la clarte\u0301 morale que le festival avait pre\u0301ce\u0301demment affiche\u0301e sur des dossiers comme l&#8217;Ukraine.<\/p>\n<p>La lettre a re\u0301ve\u0301le\u0301 une &#8220;crise de le\u0301gitimite\u0301&#8221; re\u0301elle ; les signataires se sont interroge\u0301s sur le sens pour le Festival de Berlin de se pre\u0301senter comme une plateforme politique historique, tout en pratiquant ce qu&#8217;ils ont qualifie\u0301 de &#8220;re\u0301glementation&#8221; de l&#8217;espace d&#8217;expression et de musellement des voix pro-palestiniennes.<\/p>\n<p>La tension s&#8217;est imme\u0301diatement de\u0301place\u0301e vers les confe\u0301rences de presse, ou\u0300 la direction du festival, dirige\u0301e par Tricia Tuttle, a e\u0301te\u0301 confronte\u0301e a\u0300 des questions sur les diffe\u0301rences entre &#8220;liberte\u0301 d&#8217;expression&#8221; en tant que droit humain et &#8220;neutralite\u0301&#8221; qui pourrait se transformer en complicite\u0301.<\/p>\n<p>Les couvertures des agences internationales ont enregistre\u0301 que l&#8217;e\u0301tat de prudence qui pre\u0301vaut dans la presse allemande, comme le journal &#8220;Tagesspiegel&#8221;, refle\u0300te une tension institutionnelle qui de\u0301passe les murs des salles de projection pour toucher la politique de l&#8217;E\u0301tat allemand et ses positions officielles sur la guerre, faisant du festival un champ de bataille entre la politique de l&#8217;art et la politique du pouvoir.<\/p>\n<p><img loading=\"lazy\" decoding=\"async\" width=\"770\" height=\"513\" class=\"alignnone wp-image-4782 size-full\" src=\"https:\/\/static.africa-press.net\/africa-home\/sites\/67\/2026\/02\/sm_1771597143.978118.jpg\" srcset=\"https:\/\/static.africa-press.net\/africa-home\/sites\/67\/2026\/02\/sm_1771597143.978118.jpg 770w, https:\/\/static.africa-press.net\/africa-home\/sites\/67\/2026\/02\/sm_1771597143.978118-300x200.jpg 300w, https:\/\/static.africa-press.net\/africa-home\/sites\/67\/2026\/02\/sm_1771597143.978118-768x512.jpg 768w\" sizes=\"auto, (max-width: 770px) 100vw, 770px\" \/><br \/>\n<b>Le de\u0301calage entre l&#8217;e\u0301cran et la re\u0301alite\u0301<\/b><\/p>\n<p>Les projections des 17 et 18 fe\u0301vrier ont re\u0301ve\u0301le\u0301 le contraste saisissant entre ce qui se passe a\u0300 l&#8217;inte\u0301rieur des salles de projection et les manifestations qui s&#8217;y de\u0301roulent. Sur l&#8217;e\u0301cran principal, le public a longuement applaudi le film d&#8217;ouverture &#8220;No Good Men&#8221; de la re\u0301alisatrice afghane Shahrbanoo Sadat, que la direction a conside\u0301re\u0301 comme &#8220;une de\u0301claration politique contre le syste\u0300me social en Afghanistan&#8221;.<\/p>\n<p>Cependant, cette ce\u0301le\u0301bration a e\u0301te\u0301 accueillie par des questions embarrassantes, telles que: comment peut-on ce\u0301le\u0301brer un cine\u0301ma qui condamne la re\u0301pression en Afghanistan, tout en pratiquant &#8220;la neutralite\u0301&#8221; envers Gaza?<\/p>\n<p>Dans la section Panorama, le film &#8220;Static Clouds&#8221;, qui de\u0301peint la vie des re\u0301fugie\u0301s, a vu les ge\u0301missements de ses he\u0301ros a\u0300 l&#8217;e\u0301cran se me\u0302ler aux cris des cine\u0301astes a\u0300 l&#8217;exte\u0301rieur, transformant le festival d&#8217;un espace artistique en un &#8220;champ de mines&#8221; e\u0301thique.<\/p>\n<p>Le de\u0301calage s&#8217;est manifeste\u0301 dans toute sa laideur lorsque le pre\u0301sident du jury, le re\u0301alisateur allemand Wim Wenders, a fait des de\u0301clarations appelant a\u0300 &#8220;e\u0301loigner le cine\u0301ma de la politique&#8221;, conside\u0301rant que l&#8217;art change le monde d&#8217;une manie\u0300re humaine, pas politique.<\/p>\n<p>Cette phrase, que l&#8217;e\u0301crivaine indienne Arundhati Roy a qualifie\u0301e de &#8220;de\u0301connecte\u0301e de la re\u0301alite\u0301&#8221; avant d&#8217;annoncer son retrait du festival, a alimente\u0301 des accusations de censure, surtout apre\u0300s l&#8217;interruption de la diffusion en direct de la confe\u0301rence de presse au moment ou\u0300 des questions politiques e\u0301taient pose\u0301es.<\/p>\n<p>En revanche, les projections de la section &#8220;Forum&#8221; ont vu un retour aux \u0153uvres qui explorent le sens des &#8220;murs et des frontie\u0300res&#8221;, ou\u0300 la discussion autour du film &#8220;The Architecture of Walls&#8221; s&#8217;est transforme\u0301e en un questionnement public sur les murs du silence que construisent les grandes institutions culturelles pour prote\u0301ger leurs inte\u0301re\u0302ts politiques, rendant chaque image a\u0300 l&#8217;e\u0301cran lisible aujourd&#8217;hui dans le contexte de la confrontation avec la re\u0301alite\u0301 palestinienne.<\/p>\n<p><b>Le &#8220;Ours d&#8217;or&#8221; peut-il sauver la conscience artistique?<\/b><\/p>\n<p>Face a\u0300 cette pression sans pre\u0301ce\u0301dent, Tricia Tuttle a publie\u0301 un communique\u0301 de de\u0301fense tentant d&#8217;affirmer le principe selon lequel &#8220;l&#8217;artiste a le droit de parler et le droit de se taire&#8221;, refusant de demander aux invite\u0301s des re\u0301ponses succinctes sur des questions complexes. Cependant, cette de\u0301fense s&#8217;est heurte\u0301e a\u0300 la re\u0301alite\u0301 selon laquelle le festival s&#8217;est lui-me\u0302me pre\u0301ce\u0301demment positionne\u0301 comme une &#8220;plateforme pour des positions&#8221;, rendant son discours actuel sur &#8220;l&#8217;abstention&#8221; interpre\u0301te\u0301 comme une fuite de responsabilite\u0301.<\/p>\n<p>Les milieux journalistiques a\u0300 Berlin s&#8217;attendent a\u0300 ce que la pression augmente dans les heures a\u0300 venir a\u0300 l&#8217;approche de la remise des prix, ou\u0300 tout discours de victoire anticipe\u0301 pourrait devenir une de\u0301claration politique susceptible de ge\u0302ner la direction ou de de\u0301fier &#8220;le tir moral de Ben Hania&#8221;.<\/p>\n<p>Le &#8220;Berlinale 2026&#8221; est devenu un e\u0301ve\u0301nement cine\u0301matographique transforme\u0301 en un test public du sens de &#8220;la liberte\u0301 d&#8217;expression&#8221; en Occident. Entre la logique de &#8220;l&#8217;\u0153uvre artistique&#8221; que la direction tente d&#8217;e\u0301tablir comme un espace neutre, et &#8220;la demande e\u0301thique&#8221; souleve\u0301e par Bardem, Swinton et Ben Hania, la question demeure en suspens: le cine\u0301ma peut-il continuer a\u0300 repre\u0301senter la condition des femmes dans le monde, tout en e\u0301tant incapable de faire face a\u0300 la re\u0301alite\u0301 des sables teinte\u0301s de sang a\u0300 Gaza?<\/p>\n<p>Et lorsque les lumie\u0300res des salles s&#8217;e\u0301teignent et que le tapis rouge est replie\u0301, la question reste en suspens dans l&#8217;air froid de Berlin: les grands festivals peuvent-ils retrouver leur le\u0301gitimite\u0301 en tant que plateformes de liberte\u0301, ou les &#8220;masques de neutralite\u0301&#8221; qui sont tombe\u0301s cette anne\u0301e ont-ils re\u0301ve\u0301le\u0301 des fissures dans la conscience de l&#8217;institution culturelle occidentale qui ne peuvent e\u0302tre re\u0301pare\u0301es par de simples discours diplomatiques?<\/p>\n<p>&#8220;La Voix de Hind&#8221; a prouve\u0301 que la ve\u0301rite\u0301 n&#8217;a pas besoin de budgets e\u0301normes ou d&#8217;effets visuels pour se faire entendre, mais seulement de cine\u0301astes qui refusent d&#8217;e\u0302tre &#8220;un parfum&#8221; vaporise\u0301 sur le visage de la violence.<\/p>\n<p>A\u0300 Berlin 2026, la victoire n&#8217;est pas alle\u0301e aux films les plus brillants, mais a\u0300 ces voix qui ont refuse\u0301 de se compromettre par le silence, laissant derrie\u0300re elles un e\u0301cho qui hantera les consciences longtemps apre\u0300s que les applaudissements se soient tus et que les salles se soient vide\u0301es.<\/p>\n<p>Le Festival de Berlin, l&#8217;un des plus prestigieux au monde, a souvent e\u0301te\u0301 un lieu de de\u0301bat sur des questions sociales et politiques. En 2024, le festival a e\u0301te\u0301 marque\u0301 par des tensions autour de la repre\u0301sentation des conflits, notamment en Palestine. La de\u0301cision de Ben Hania de refuser un prix a suscite\u0301 des re\u0301actions et a mis en avant les dilemmes e\u0301thiques auxquels sont confronte\u0301s les artistes dans un contexte de violence et d&#8217;injustice.<\/p>\n<p>La question de la responsabilite\u0301 des artistes face aux e\u0301ve\u0301nements mondiaux est devenue de plus en plus pressante. Les festivals de cine\u0301ma, en tant que plateformes influentes, sont souvent scrute\u0301s pour leur position sur des sujets controverse\u0301s.<\/p>\n<p class=\"ap-article-footer-note\">Retrouvez plus d\u2019actualit\u00e9s et d\u2019analyses sur <span class=\"ap-highlight-country\">l\u2019Afrique<\/span> sur le site <span class=\"ap-highlight-brand\">Africa Press<\/span><\/p>\n","protected":false},"excerpt":{"rendered":"<p>CE Qu\u2019Il Faut Savoir La r\u00e9alisatrice tunisienne Koothar Ben Hania a refus\u00e9 le prix &#8220;Film le plus pr\u00e9cieux&#8221; au Festival de Berlin, d\u00e9non\u00e7ant l&#8217;absence de justice pour les victimes de la violence. Son discours a mis en lumi\u00e8re les enjeux moraux et politiques li\u00e9s \u00e0 la repr\u00e9sentation du conflit isra\u00e9lo-palestinien dans le cin\u00e9ma. Africa-Press. La [&hellip;]<\/p>\n","protected":false},"author":82,"featured_media":4783,"comment_status":"open","ping_status":"closed","sticky":false,"template":"","format":"standard","meta":{"footnotes":""},"categories":[78],"tags":[1082,1080,1083,240,771,1062,1081],"class_list":["post-4784","post","type-post","status-publish","format-standard","has-post-thumbnail","hentry","category-culture-et-art","tag-berlin","tag-cinema","tag-koothar-ben-hania","tag-lafrique","tag-palestine","tag-prix","tag-1081"],"yoast_head":"<!-- This site is optimized with the Yoast SEO Premium plugin v26.1 (Yoast SEO v27.0) - https:\/\/yoast.com\/product\/yoast-seo-premium-wordpress\/ -->\n<title>Kaouther Ben Hania Refuse le Prix de Berlin - Africa Press France<\/title>\n<meta name=\"description\" content=\"Koothar Ben Hania refuse le prix de Berlin, d\u00e9non\u00e7ant l&#039;absence de justice pour les victimes de la violence.\" \/>\n<meta name=\"robots\" content=\"index, follow, max-snippet:-1, max-image-preview:large, max-video-preview:-1\" \/>\n<link rel=\"canonical\" href=\"https:\/\/www.africa-press.net\/fr\/culture-et-art\/kaouther-ben-hania-refuse-le-prix-de-berlin\" \/>\n<meta property=\"og:locale\" content=\"en_US\" \/>\n<meta property=\"og:type\" content=\"article\" \/>\n<meta property=\"og:title\" content=\"Kaouther Ben Hania Refuse le Prix de Berlin\" \/>\n<meta property=\"og:description\" content=\"Koothar Ben Hania refuse le prix de Berlin, d\u00e9non\u00e7ant l&#039;absence de justice pour les victimes de la violence.\" \/>\n<meta property=\"og:url\" content=\"https:\/\/www.africa-press.net\/fr\/culture-et-art\/kaouther-ben-hania-refuse-le-prix-de-berlin\" \/>\n<meta property=\"og:site_name\" content=\"Africa Press France\" \/>\n<meta property=\"article:published_time\" content=\"2026-02-20T13:51:22+00:00\" \/>\n<meta property=\"article:modified_time\" content=\"2026-02-20T14:20:20+00:00\" \/>\n<meta property=\"og:image\" content=\"https:\/\/static.africa-press.net\/africa-home\/sites\/67\/2026\/02\/sm_1771597148.61388.jpg\" \/>\n\t<meta property=\"og:image:width\" content=\"966\" \/>\n\t<meta property=\"og:image:height\" content=\"543\" \/>\n\t<meta property=\"og:image:type\" content=\"image\/jpeg\" \/>\n<meta name=\"author\" content=\"cfeditorfr\" \/>\n<meta name=\"twitter:card\" content=\"summary_large_image\" \/>\n<meta name=\"twitter:label1\" content=\"Written by\" \/>\n\t<meta name=\"twitter:data1\" content=\"cfeditorfr\" \/>\n\t<meta name=\"twitter:label2\" content=\"Est. reading time\" \/>\n\t<meta name=\"twitter:data2\" content=\"8 minutes\" \/>\n<script type=\"application\/ld+json\" class=\"yoast-schema-graph\">{\"@context\":\"https:\/\/schema.org\",\"@graph\":[{\"@type\":\"Article\",\"@id\":\"https:\/\/www.africa-press.net\/fr\/culture-et-art\/kaouther-ben-hania-refuse-le-prix-de-berlin#article\",\"isPartOf\":{\"@id\":\"https:\/\/www.africa-press.net\/fr\/culture-et-art\/kaouther-ben-hania-refuse-le-prix-de-berlin\"},\"author\":{\"name\":\"cfeditorfr\",\"@id\":\"https:\/\/www.africa-press.net\/fr\/#\/schema\/person\/2b1cf3cd81a31e3cd26889ca66d677f1\"},\"headline\":\"Kaouther Ben Hania Refuse le Prix de Berlin\",\"datePublished\":\"2026-02-20T13:51:22+00:00\",\"dateModified\":\"2026-02-20T14:20:20+00:00\",\"mainEntityOfPage\":{\"@id\":\"https:\/\/www.africa-press.net\/fr\/culture-et-art\/kaouther-ben-hania-refuse-le-prix-de-berlin\"},\"wordCount\":2015,\"commentCount\":0,\"image\":{\"@id\":\"https:\/\/www.africa-press.net\/fr\/culture-et-art\/kaouther-ben-hania-refuse-le-prix-de-berlin#primaryimage\"},\"thumbnailUrl\":\"https:\/\/static.africa-press.net\/africa-home\/sites\/67\/2026\/02\/sm_1771597148.61388.jpg\",\"keywords\":[\"Berlin\",\"Cin\u00e9ma\",\"Koothar Ben Hania\",\"l\u2019Afrique\",\"Palestine\",\"prix\",\"\u062a\u0648\u0646\u0633\"],\"articleSection\":[\"Culture et Art\"],\"inLanguage\":\"en-US\",\"potentialAction\":[{\"@type\":\"CommentAction\",\"name\":\"Comment\",\"target\":[\"https:\/\/www.africa-press.net\/fr\/culture-et-art\/kaouther-ben-hania-refuse-le-prix-de-berlin#respond\"]}]},{\"@type\":\"WebPage\",\"@id\":\"https:\/\/www.africa-press.net\/fr\/culture-et-art\/kaouther-ben-hania-refuse-le-prix-de-berlin\",\"url\":\"https:\/\/www.africa-press.net\/fr\/culture-et-art\/kaouther-ben-hania-refuse-le-prix-de-berlin\",\"name\":\"Kaouther Ben Hania Refuse le Prix de Berlin - Africa Press France\",\"isPartOf\":{\"@id\":\"https:\/\/www.africa-press.net\/fr\/#website\"},\"primaryImageOfPage\":{\"@id\":\"https:\/\/www.africa-press.net\/fr\/culture-et-art\/kaouther-ben-hania-refuse-le-prix-de-berlin#primaryimage\"},\"image\":{\"@id\":\"https:\/\/www.africa-press.net\/fr\/culture-et-art\/kaouther-ben-hania-refuse-le-prix-de-berlin#primaryimage\"},\"thumbnailUrl\":\"https:\/\/static.africa-press.net\/africa-home\/sites\/67\/2026\/02\/sm_1771597148.61388.jpg\",\"datePublished\":\"2026-02-20T13:51:22+00:00\",\"dateModified\":\"2026-02-20T14:20:20+00:00\",\"author\":{\"@id\":\"https:\/\/www.africa-press.net\/fr\/#\/schema\/person\/2b1cf3cd81a31e3cd26889ca66d677f1\"},\"description\":\"Koothar Ben Hania refuse le prix de Berlin, d\u00e9non\u00e7ant l'absence de justice pour les victimes de la violence.\",\"breadcrumb\":{\"@id\":\"https:\/\/www.africa-press.net\/fr\/culture-et-art\/kaouther-ben-hania-refuse-le-prix-de-berlin#breadcrumb\"},\"inLanguage\":\"en-US\",\"potentialAction\":[{\"@type\":\"ReadAction\",\"target\":[\"https:\/\/www.africa-press.net\/fr\/culture-et-art\/kaouther-ben-hania-refuse-le-prix-de-berlin\"]}]},{\"@type\":\"ImageObject\",\"inLanguage\":\"en-US\",\"@id\":\"https:\/\/www.africa-press.net\/fr\/culture-et-art\/kaouther-ben-hania-refuse-le-prix-de-berlin#primaryimage\",\"url\":\"https:\/\/static.africa-press.net\/africa-home\/sites\/67\/2026\/02\/sm_1771597148.61388.jpg\",\"contentUrl\":\"https:\/\/static.africa-press.net\/africa-home\/sites\/67\/2026\/02\/sm_1771597148.61388.jpg\",\"width\":966,\"height\":543,\"caption\":\"Kaouther Ben Hania Refuse le Prix de Berlin\"},{\"@type\":\"BreadcrumbList\",\"@id\":\"https:\/\/www.africa-press.net\/fr\/culture-et-art\/kaouther-ben-hania-refuse-le-prix-de-berlin#breadcrumb\",\"itemListElement\":[{\"@type\":\"ListItem\",\"position\":1,\"name\":\"Home\",\"item\":\"https:\/\/www.africa-press.net\/fr\/\"},{\"@type\":\"ListItem\",\"position\":2,\"name\":\"Kaouther Ben Hania Refuse le Prix de Berlin\"}]},{\"@type\":\"WebSite\",\"@id\":\"https:\/\/www.africa-press.net\/fr\/#website\",\"url\":\"https:\/\/www.africa-press.net\/fr\/\",\"name\":\"Africa Press France\",\"description\":\"\u0623\u0648\u0644 \u0645\u0648\u0642\u0639 \u0625\u0641\u0631\u064a\u0642\u064a \u064a\u0643\u062a\u0628 \u0628\u0644\u063a\u0629 \u0628\u0644\u062f\u0627\u0646\u0647\",\"potentialAction\":[{\"@type\":\"SearchAction\",\"target\":{\"@type\":\"EntryPoint\",\"urlTemplate\":\"https:\/\/www.africa-press.net\/fr\/?s={search_term_string}\"},\"query-input\":{\"@type\":\"PropertyValueSpecification\",\"valueRequired\":true,\"valueName\":\"search_term_string\"}}],\"inLanguage\":\"en-US\"},{\"@type\":\"Person\",\"@id\":\"https:\/\/www.africa-press.net\/fr\/#\/schema\/person\/2b1cf3cd81a31e3cd26889ca66d677f1\",\"name\":\"cfeditorfr\"}]}<\/script>\n<!-- \/ Yoast SEO Premium plugin. -->","yoast_head_json":{"title":"Kaouther Ben Hania Refuse le Prix de Berlin - Africa Press France","description":"Koothar Ben Hania refuse le prix de Berlin, d\u00e9non\u00e7ant l'absence de justice pour les victimes de la violence.","robots":{"index":"index","follow":"follow","max-snippet":"max-snippet:-1","max-image-preview":"max-image-preview:large","max-video-preview":"max-video-preview:-1"},"canonical":"https:\/\/www.africa-press.net\/fr\/culture-et-art\/kaouther-ben-hania-refuse-le-prix-de-berlin","og_locale":"en_US","og_type":"article","og_title":"Kaouther Ben Hania Refuse le Prix de Berlin","og_description":"Koothar Ben Hania refuse le prix de Berlin, d\u00e9non\u00e7ant l'absence de justice pour les victimes de la violence.","og_url":"https:\/\/www.africa-press.net\/fr\/culture-et-art\/kaouther-ben-hania-refuse-le-prix-de-berlin","og_site_name":"Africa Press France","article_published_time":"2026-02-20T13:51:22+00:00","article_modified_time":"2026-02-20T14:20:20+00:00","og_image":[{"width":966,"height":543,"url":"https:\/\/static.africa-press.net\/africa-home\/sites\/67\/2026\/02\/sm_1771597148.61388.jpg","type":"image\/jpeg"}],"author":"cfeditorfr","twitter_card":"summary_large_image","twitter_misc":{"Written by":"cfeditorfr","Est. reading time":"8 minutes"},"schema":{"@context":"https:\/\/schema.org","@graph":[{"@type":"Article","@id":"https:\/\/www.africa-press.net\/fr\/culture-et-art\/kaouther-ben-hania-refuse-le-prix-de-berlin#article","isPartOf":{"@id":"https:\/\/www.africa-press.net\/fr\/culture-et-art\/kaouther-ben-hania-refuse-le-prix-de-berlin"},"author":{"name":"cfeditorfr","@id":"https:\/\/www.africa-press.net\/fr\/#\/schema\/person\/2b1cf3cd81a31e3cd26889ca66d677f1"},"headline":"Kaouther Ben Hania Refuse le Prix de Berlin","datePublished":"2026-02-20T13:51:22+00:00","dateModified":"2026-02-20T14:20:20+00:00","mainEntityOfPage":{"@id":"https:\/\/www.africa-press.net\/fr\/culture-et-art\/kaouther-ben-hania-refuse-le-prix-de-berlin"},"wordCount":2015,"commentCount":0,"image":{"@id":"https:\/\/www.africa-press.net\/fr\/culture-et-art\/kaouther-ben-hania-refuse-le-prix-de-berlin#primaryimage"},"thumbnailUrl":"https:\/\/static.africa-press.net\/africa-home\/sites\/67\/2026\/02\/sm_1771597148.61388.jpg","keywords":["Berlin","Cin\u00e9ma","Koothar Ben Hania","l\u2019Afrique","Palestine","prix","\u062a\u0648\u0646\u0633"],"articleSection":["Culture et Art"],"inLanguage":"en-US","potentialAction":[{"@type":"CommentAction","name":"Comment","target":["https:\/\/www.africa-press.net\/fr\/culture-et-art\/kaouther-ben-hania-refuse-le-prix-de-berlin#respond"]}]},{"@type":"WebPage","@id":"https:\/\/www.africa-press.net\/fr\/culture-et-art\/kaouther-ben-hania-refuse-le-prix-de-berlin","url":"https:\/\/www.africa-press.net\/fr\/culture-et-art\/kaouther-ben-hania-refuse-le-prix-de-berlin","name":"Kaouther Ben Hania Refuse le Prix de Berlin - Africa Press France","isPartOf":{"@id":"https:\/\/www.africa-press.net\/fr\/#website"},"primaryImageOfPage":{"@id":"https:\/\/www.africa-press.net\/fr\/culture-et-art\/kaouther-ben-hania-refuse-le-prix-de-berlin#primaryimage"},"image":{"@id":"https:\/\/www.africa-press.net\/fr\/culture-et-art\/kaouther-ben-hania-refuse-le-prix-de-berlin#primaryimage"},"thumbnailUrl":"https:\/\/static.africa-press.net\/africa-home\/sites\/67\/2026\/02\/sm_1771597148.61388.jpg","datePublished":"2026-02-20T13:51:22+00:00","dateModified":"2026-02-20T14:20:20+00:00","author":{"@id":"https:\/\/www.africa-press.net\/fr\/#\/schema\/person\/2b1cf3cd81a31e3cd26889ca66d677f1"},"description":"Koothar Ben Hania refuse le prix de Berlin, d\u00e9non\u00e7ant l'absence de justice pour les victimes de la violence.","breadcrumb":{"@id":"https:\/\/www.africa-press.net\/fr\/culture-et-art\/kaouther-ben-hania-refuse-le-prix-de-berlin#breadcrumb"},"inLanguage":"en-US","potentialAction":[{"@type":"ReadAction","target":["https:\/\/www.africa-press.net\/fr\/culture-et-art\/kaouther-ben-hania-refuse-le-prix-de-berlin"]}]},{"@type":"ImageObject","inLanguage":"en-US","@id":"https:\/\/www.africa-press.net\/fr\/culture-et-art\/kaouther-ben-hania-refuse-le-prix-de-berlin#primaryimage","url":"https:\/\/static.africa-press.net\/africa-home\/sites\/67\/2026\/02\/sm_1771597148.61388.jpg","contentUrl":"https:\/\/static.africa-press.net\/africa-home\/sites\/67\/2026\/02\/sm_1771597148.61388.jpg","width":966,"height":543,"caption":"Kaouther Ben Hania Refuse le Prix de Berlin"},{"@type":"BreadcrumbList","@id":"https:\/\/www.africa-press.net\/fr\/culture-et-art\/kaouther-ben-hania-refuse-le-prix-de-berlin#breadcrumb","itemListElement":[{"@type":"ListItem","position":1,"name":"Home","item":"https:\/\/www.africa-press.net\/fr\/"},{"@type":"ListItem","position":2,"name":"Kaouther Ben Hania Refuse le Prix de Berlin"}]},{"@type":"WebSite","@id":"https:\/\/www.africa-press.net\/fr\/#website","url":"https:\/\/www.africa-press.net\/fr\/","name":"Africa Press France","description":"\u0623\u0648\u0644 \u0645\u0648\u0642\u0639 \u0625\u0641\u0631\u064a\u0642\u064a \u064a\u0643\u062a\u0628 \u0628\u0644\u063a\u0629 \u0628\u0644\u062f\u0627\u0646\u0647","potentialAction":[{"@type":"SearchAction","target":{"@type":"EntryPoint","urlTemplate":"https:\/\/www.africa-press.net\/fr\/?s={search_term_string}"},"query-input":{"@type":"PropertyValueSpecification","valueRequired":true,"valueName":"search_term_string"}}],"inLanguage":"en-US"},{"@type":"Person","@id":"https:\/\/www.africa-press.net\/fr\/#\/schema\/person\/2b1cf3cd81a31e3cd26889ca66d677f1","name":"cfeditorfr"}]}},"_links":{"self":[{"href":"https:\/\/www.africa-press.net\/fr\/wp-json\/wp\/v2\/posts\/4784","targetHints":{"allow":["GET"]}}],"collection":[{"href":"https:\/\/www.africa-press.net\/fr\/wp-json\/wp\/v2\/posts"}],"about":[{"href":"https:\/\/www.africa-press.net\/fr\/wp-json\/wp\/v2\/types\/post"}],"author":[{"embeddable":true,"href":"https:\/\/www.africa-press.net\/fr\/wp-json\/wp\/v2\/users\/82"}],"replies":[{"embeddable":true,"href":"https:\/\/www.africa-press.net\/fr\/wp-json\/wp\/v2\/comments?post=4784"}],"version-history":[{"count":0,"href":"https:\/\/www.africa-press.net\/fr\/wp-json\/wp\/v2\/posts\/4784\/revisions"}],"wp:featuredmedia":[{"embeddable":true,"href":"https:\/\/www.africa-press.net\/fr\/wp-json\/wp\/v2\/media\/4783"}],"wp:attachment":[{"href":"https:\/\/www.africa-press.net\/fr\/wp-json\/wp\/v2\/media?parent=4784"}],"wp:term":[{"taxonomy":"category","embeddable":true,"href":"https:\/\/www.africa-press.net\/fr\/wp-json\/wp\/v2\/categories?post=4784"},{"taxonomy":"post_tag","embeddable":true,"href":"https:\/\/www.africa-press.net\/fr\/wp-json\/wp\/v2\/tags?post=4784"}],"curies":[{"name":"wp","href":"https:\/\/api.w.org\/{rel}","templated":true}]}}