{"id":4894,"date":"2026-02-24T22:05:23","date_gmt":"2026-02-24T22:05:23","guid":{"rendered":"https:\/\/www.africa-press.net\/fr\/home\/reprise-des-vols-apres-la-maitrise-de-lincendie-a-laeroport-de-lagos"},"modified":"2026-02-24T23:13:08","modified_gmt":"2026-02-24T23:13:08","slug":"reprise-des-vols-apres-la-maitrise-de-lincendie-a-laeroport-de-lagos","status":"publish","type":"post","link":"https:\/\/www.africa-press.net\/fr\/politique\/reprise-des-vols-apres-la-maitrise-de-lincendie-a-laeroport-de-lagos","title":{"rendered":"Reprise des Vols Apr\u00e8s la Ma\u00eetrise de L&#8217;Incendie \u00e0 L&#8217;a\u00e9roport de Lagos"},"content":{"rendered":"<div class=\"ap-summary\" dir=\"ltr\" lang=\"fr\">\n<h4>CE Qu\u2019Il Faut Savoir<\/h4>\n<p>La police de l&#8217;a\u00e9roport de Lagos a annonc\u00e9 la ma\u00eetrise d&#8217;un incendie survenu au terminal ancien de l&#8217;a\u00e9roport Murtala Muhammed. Les op\u00e9rations a\u00e9riennes ont repris apr\u00e8s une interruption temporaire. Les \u00e9quipes de secours ont sauv\u00e9 12 travailleurs sans blessures graves. Le terminal touch\u00e9 restera ferm\u00e9 jusqu&#8217;\u00e0 nouvel ordre.<\/p>\n<\/div>\n<p><span class=\"ap-article-header-tag\"> <strong>Africa-Press. <\/strong> <\/span>La police de l&#8217;ae\u0301roport a\u0300 Lagos, la capitale commerciale du Nigeria, a confirme\u0301 la mai\u0302trise comple\u0300te de l&#8217;incendie qui s&#8217;est de\u0301clare\u0301 dans l&#8217;ancien ba\u0302timent de l&#8217;ae\u0301roport Murtala Muhammed, indiquant que les ope\u0301rations ae\u0301riennes avaient repris normalement apre\u0300s une interruption temporaire.<\/p>\n<p>L&#8217;incendie s&#8217;est produit lundi, entrai\u0302nant des perturbations des vols et un de\u0301sordre pour les passagers, ainsi que le de\u0301tournement de certains vols internationaux apre\u0300s que les activite\u0301s de la tour de contro\u0302le ont e\u0301te\u0301 affecte\u0301es. D&#8217;e\u0301paisses colonnes de fume\u0301e ont e\u0301te\u0301 observe\u0301es s&#8217;e\u0301levant de certaines parties du ba\u0302timent, tandis que les e\u0301quipes de pompiers ont travaille\u0301 pendant des heures pour contenir les flammes.<\/p>\n<p>Dans un communique\u0301 du porte-parole de la police de l&#8217;ae\u0301roport, l&#8217;agent Mohammed Adiola, il a e\u0301te\u0301 pre\u0301cise\u0301 que l&#8217;incendie avait commence\u0301 dans une partie de l&#8217;ancien ba\u0302timent, avant d&#8217;e\u0302tre mai\u0302trise\u0301 gra\u0302ce a\u0300 &#8220;des efforts coordonne\u0301s entre toutes les parties intervenantes&#8221;. Il a ajoute\u0301 que 12 travailleurs, coince\u0301s dans des zones proches de la tour de contro\u0302le, avaient e\u0301te\u0301 secourus et avaient rec\u0327u des soins me\u0301dicaux d&#8217;urgence, sans qu&#8217;aucune blessure grave ou de\u0301ce\u0300s ne soit signale\u0301.<\/p>\n<p><b>Reprise des ope\u0301rations<\/b><\/p>\n<p>Adiola a confirme\u0301 que les vols qui avaient e\u0301te\u0301 temporairement suspendus avaient repris comple\u0300tement, pre\u0301cisant que toutes les activite\u0301s avaient e\u0301te\u0301 transfe\u0301re\u0301es vers le nouveau ba\u0302timent, tandis que le ba\u0302timent touche\u0301 par l&#8217;incendie resterait ferme\u0301 aux ope\u0301rations et a\u0300 l&#8217;acce\u0300s jusqu&#8217;a\u0300 ce que l&#8217;e\u0301valuation technique soit termine\u0301e.<\/p>\n<p>La direction de la se\u0301curite\u0301 a salue\u0301 &#8220;le professionnalisme, le courage et la rapidite\u0301 de coope\u0301ration&#8221; entre les e\u0301quipes de secours et de lutte contre l&#8217;incendie de l&#8217;Autorite\u0301 des ae\u0301roports fe\u0301de\u0301raux, les services d&#8217;incendie et de secours de l&#8217;E\u0301tat de Lagos, et les e\u0301quipes me\u0301dicales, affirmant que la coordination rapide avait contribue\u0301 a\u0300 prote\u0301ger des vies et a\u0300 contenir l&#8217;incident sans pertes humaines.<\/p>\n<p>L&#8217;ae\u0301roport Murtala Muhammed, inaugure\u0301 en 1979, est le principal ae\u0301roport international du Nigeria, situe\u0301 a\u0300 Lagos. Il a subi plusieurs re\u0301novations au fil des ans pour s&#8217;adapter a\u0300 l&#8217;augmentation du trafic ae\u0301rien. Les incidents d&#8217;incendie, bien que rares, soulignent l&#8217;importance de la se\u0301curite\u0301 dans les infrastructures ae\u0301roportuaires, surtout dans un pays en de\u0301veloppement comme le Nigeria.<\/p>\n<p class=\"ap-article-footer-note\">Retrouvez plus d\u2019actualit\u00e9s et d\u2019analyses sur <span class=\"ap-highlight-country\">l\u2019Afrique<\/span> sur le site <span class=\"ap-highlight-brand\">Africa Press<\/span><\/p>\n","protected":false},"excerpt":{"rendered":"<p>CE Qu\u2019Il Faut Savoir La police de l&#8217;a\u00e9roport de Lagos a annonc\u00e9 la ma\u00eetrise d&#8217;un incendie survenu au terminal ancien de l&#8217;a\u00e9roport Murtala Muhammed. Les op\u00e9rations a\u00e9riennes ont repris apr\u00e8s une interruption temporaire. Les \u00e9quipes de secours ont sauv\u00e9 12 travailleurs sans blessures graves. Le terminal touch\u00e9 restera ferm\u00e9 jusqu&#8217;\u00e0 nouvel ordre. Africa-Press. La police [&hellip;]<\/p>\n","protected":false},"author":82,"featured_media":4893,"comment_status":"open","ping_status":"closed","sticky":false,"template":"","format":"standard","meta":{"footnotes":""},"categories":[73],"tags":[1032,1127,240,1125,1126,269],"class_list":["post-4894","post","type-post","status-publish","format-standard","has-post-thumbnail","hentry","category-politique","tag-aeroport","tag-incendie","tag-lafrique","tag-lagos","tag-murtala-muhammed","tag-nigeria-2"],"yoast_head":"<!-- This site is optimized with the Yoast SEO Premium plugin v26.1 (Yoast SEO v27.0) - https:\/\/yoast.com\/product\/yoast-seo-premium-wordpress\/ -->\n<title>Reprise des Vols Apr\u00e8s la Ma\u00eetrise de L&#039;Incendie \u00e0 L&#039;a\u00e9roport de Lagos - Africa Press France<\/title>\n<meta name=\"description\" content=\"L&#039;a\u00e9roport de Lagos reprend ses op\u00e9rations apr\u00e8s un incendie ma\u00eetris\u00e9. Aucun bless\u00e9 grave signal\u00e9, les secours ont agi vite.\" \/>\n<meta name=\"robots\" content=\"index, follow, max-snippet:-1, max-image-preview:large, max-video-preview:-1\" \/>\n<link rel=\"canonical\" href=\"https:\/\/www.africa-press.net\/fr\/politique\/reprise-des-vols-apres-la-maitrise-de-lincendie-a-laeroport-de-lagos\" \/>\n<meta property=\"og:locale\" content=\"en_US\" \/>\n<meta property=\"og:type\" content=\"article\" \/>\n<meta property=\"og:title\" content=\"Reprise des Vols Apr\u00e8s la Ma\u00eetrise de L&#039;Incendie \u00e0 L&#039;a\u00e9roport de Lagos\" \/>\n<meta property=\"og:description\" content=\"L&#039;a\u00e9roport de Lagos reprend ses op\u00e9rations apr\u00e8s un incendie ma\u00eetris\u00e9. Aucun bless\u00e9 grave signal\u00e9, les secours ont agi vite.\" \/>\n<meta property=\"og:url\" content=\"https:\/\/www.africa-press.net\/fr\/politique\/reprise-des-vols-apres-la-maitrise-de-lincendie-a-laeroport-de-lagos\" \/>\n<meta property=\"og:site_name\" content=\"Africa Press France\" \/>\n<meta property=\"article:published_time\" content=\"2026-02-24T22:05:23+00:00\" \/>\n<meta property=\"article:modified_time\" content=\"2026-02-24T23:13:08+00:00\" \/>\n<meta property=\"og:image\" content=\"https:\/\/static.africa-press.net\/africa-home\/sites\/67\/2026\/02\/sm_1771974706.359705.jpg\" \/>\n\t<meta property=\"og:image:width\" content=\"1200\" \/>\n\t<meta property=\"og:image:height\" content=\"675\" \/>\n\t<meta property=\"og:image:type\" content=\"image\/jpeg\" \/>\n<meta name=\"author\" content=\"cfeditorfr\" \/>\n<meta name=\"twitter:card\" content=\"summary_large_image\" \/>\n<meta name=\"twitter:label1\" content=\"Written by\" \/>\n\t<meta name=\"twitter:data1\" content=\"cfeditorfr\" \/>\n\t<meta name=\"twitter:label2\" content=\"Est. reading time\" \/>\n\t<meta name=\"twitter:data2\" content=\"2 minutes\" \/>\n<script type=\"application\/ld+json\" class=\"yoast-schema-graph\">{\"@context\":\"https:\/\/schema.org\",\"@graph\":[{\"@type\":\"Article\",\"@id\":\"https:\/\/www.africa-press.net\/fr\/politique\/reprise-des-vols-apres-la-maitrise-de-lincendie-a-laeroport-de-lagos#article\",\"isPartOf\":{\"@id\":\"https:\/\/www.africa-press.net\/fr\/politique\/reprise-des-vols-apres-la-maitrise-de-lincendie-a-laeroport-de-lagos\"},\"author\":{\"name\":\"cfeditorfr\",\"@id\":\"https:\/\/www.africa-press.net\/fr\/#\/schema\/person\/2b1cf3cd81a31e3cd26889ca66d677f1\"},\"headline\":\"Reprise des Vols Apr\u00e8s la Ma\u00eetrise de L&#8217;Incendie \u00e0 L&#8217;a\u00e9roport de Lagos\",\"datePublished\":\"2026-02-24T22:05:23+00:00\",\"dateModified\":\"2026-02-24T23:13:08+00:00\",\"mainEntityOfPage\":{\"@id\":\"https:\/\/www.africa-press.net\/fr\/politique\/reprise-des-vols-apres-la-maitrise-de-lincendie-a-laeroport-de-lagos\"},\"wordCount\":539,\"commentCount\":0,\"image\":{\"@id\":\"https:\/\/www.africa-press.net\/fr\/politique\/reprise-des-vols-apres-la-maitrise-de-lincendie-a-laeroport-de-lagos#primaryimage\"},\"thumbnailUrl\":\"https:\/\/static.africa-press.net\/africa-home\/sites\/67\/2026\/02\/sm_1771974706.359705.jpg\",\"keywords\":[\"a\u00e9roport\",\"incendie\",\"l\u2019Afrique\",\"Lagos\",\"Murtala Muhammed\",\"Nigeria\"],\"articleSection\":[\"Politique\"],\"inLanguage\":\"en-US\",\"potentialAction\":[{\"@type\":\"CommentAction\",\"name\":\"Comment\",\"target\":[\"https:\/\/www.africa-press.net\/fr\/politique\/reprise-des-vols-apres-la-maitrise-de-lincendie-a-laeroport-de-lagos#respond\"]}]},{\"@type\":\"WebPage\",\"@id\":\"https:\/\/www.africa-press.net\/fr\/politique\/reprise-des-vols-apres-la-maitrise-de-lincendie-a-laeroport-de-lagos\",\"url\":\"https:\/\/www.africa-press.net\/fr\/politique\/reprise-des-vols-apres-la-maitrise-de-lincendie-a-laeroport-de-lagos\",\"name\":\"Reprise des Vols Apr\u00e8s la Ma\u00eetrise de L'Incendie \u00e0 L'a\u00e9roport de Lagos - Africa Press France\",\"isPartOf\":{\"@id\":\"https:\/\/www.africa-press.net\/fr\/#website\"},\"primaryImageOfPage\":{\"@id\":\"https:\/\/www.africa-press.net\/fr\/politique\/reprise-des-vols-apres-la-maitrise-de-lincendie-a-laeroport-de-lagos#primaryimage\"},\"image\":{\"@id\":\"https:\/\/www.africa-press.net\/fr\/politique\/reprise-des-vols-apres-la-maitrise-de-lincendie-a-laeroport-de-lagos#primaryimage\"},\"thumbnailUrl\":\"https:\/\/static.africa-press.net\/africa-home\/sites\/67\/2026\/02\/sm_1771974706.359705.jpg\",\"datePublished\":\"2026-02-24T22:05:23+00:00\",\"dateModified\":\"2026-02-24T23:13:08+00:00\",\"author\":{\"@id\":\"https:\/\/www.africa-press.net\/fr\/#\/schema\/person\/2b1cf3cd81a31e3cd26889ca66d677f1\"},\"description\":\"L'a\u00e9roport de Lagos reprend ses op\u00e9rations apr\u00e8s un incendie ma\u00eetris\u00e9. Aucun bless\u00e9 grave signal\u00e9, les secours ont agi vite.\",\"breadcrumb\":{\"@id\":\"https:\/\/www.africa-press.net\/fr\/politique\/reprise-des-vols-apres-la-maitrise-de-lincendie-a-laeroport-de-lagos#breadcrumb\"},\"inLanguage\":\"en-US\",\"potentialAction\":[{\"@type\":\"ReadAction\",\"target\":[\"https:\/\/www.africa-press.net\/fr\/politique\/reprise-des-vols-apres-la-maitrise-de-lincendie-a-laeroport-de-lagos\"]}]},{\"@type\":\"ImageObject\",\"inLanguage\":\"en-US\",\"@id\":\"https:\/\/www.africa-press.net\/fr\/politique\/reprise-des-vols-apres-la-maitrise-de-lincendie-a-laeroport-de-lagos#primaryimage\",\"url\":\"https:\/\/static.africa-press.net\/africa-home\/sites\/67\/2026\/02\/sm_1771974706.359705.jpg\",\"contentUrl\":\"https:\/\/static.africa-press.net\/africa-home\/sites\/67\/2026\/02\/sm_1771974706.359705.jpg\",\"width\":1200,\"height\":675,\"caption\":\"Reprise des Vols Apr\u00e8s la Ma\u00eetrise de L'Incendie \u00e0 L'a\u00e9roport de Lagos\"},{\"@type\":\"BreadcrumbList\",\"@id\":\"https:\/\/www.africa-press.net\/fr\/politique\/reprise-des-vols-apres-la-maitrise-de-lincendie-a-laeroport-de-lagos#breadcrumb\",\"itemListElement\":[{\"@type\":\"ListItem\",\"position\":1,\"name\":\"Home\",\"item\":\"https:\/\/www.africa-press.net\/fr\/\"},{\"@type\":\"ListItem\",\"position\":2,\"name\":\"Reprise des Vols Apr\u00e8s la Ma\u00eetrise de L&#8217;Incendie \u00e0 L&#8217;a\u00e9roport de Lagos\"}]},{\"@type\":\"WebSite\",\"@id\":\"https:\/\/www.africa-press.net\/fr\/#website\",\"url\":\"https:\/\/www.africa-press.net\/fr\/\",\"name\":\"Africa Press France\",\"description\":\"\u0623\u0648\u0644 \u0645\u0648\u0642\u0639 \u0625\u0641\u0631\u064a\u0642\u064a \u064a\u0643\u062a\u0628 \u0628\u0644\u063a\u0629 \u0628\u0644\u062f\u0627\u0646\u0647\",\"potentialAction\":[{\"@type\":\"SearchAction\",\"target\":{\"@type\":\"EntryPoint\",\"urlTemplate\":\"https:\/\/www.africa-press.net\/fr\/?s={search_term_string}\"},\"query-input\":{\"@type\":\"PropertyValueSpecification\",\"valueRequired\":true,\"valueName\":\"search_term_string\"}}],\"inLanguage\":\"en-US\"},{\"@type\":\"Person\",\"@id\":\"https:\/\/www.africa-press.net\/fr\/#\/schema\/person\/2b1cf3cd81a31e3cd26889ca66d677f1\",\"name\":\"cfeditorfr\"}]}<\/script>\n<!-- \/ Yoast SEO Premium plugin. -->","yoast_head_json":{"title":"Reprise des Vols Apr\u00e8s la Ma\u00eetrise de L'Incendie \u00e0 L'a\u00e9roport de Lagos - Africa Press France","description":"L'a\u00e9roport de Lagos reprend ses op\u00e9rations apr\u00e8s un incendie ma\u00eetris\u00e9. Aucun bless\u00e9 grave signal\u00e9, les secours ont agi vite.","robots":{"index":"index","follow":"follow","max-snippet":"max-snippet:-1","max-image-preview":"max-image-preview:large","max-video-preview":"max-video-preview:-1"},"canonical":"https:\/\/www.africa-press.net\/fr\/politique\/reprise-des-vols-apres-la-maitrise-de-lincendie-a-laeroport-de-lagos","og_locale":"en_US","og_type":"article","og_title":"Reprise des Vols Apr\u00e8s la Ma\u00eetrise de L'Incendie \u00e0 L'a\u00e9roport de Lagos","og_description":"L'a\u00e9roport de Lagos reprend ses op\u00e9rations apr\u00e8s un incendie ma\u00eetris\u00e9. Aucun bless\u00e9 grave signal\u00e9, les secours ont agi vite.","og_url":"https:\/\/www.africa-press.net\/fr\/politique\/reprise-des-vols-apres-la-maitrise-de-lincendie-a-laeroport-de-lagos","og_site_name":"Africa Press France","article_published_time":"2026-02-24T22:05:23+00:00","article_modified_time":"2026-02-24T23:13:08+00:00","og_image":[{"width":1200,"height":675,"url":"https:\/\/static.africa-press.net\/africa-home\/sites\/67\/2026\/02\/sm_1771974706.359705.jpg","type":"image\/jpeg"}],"author":"cfeditorfr","twitter_card":"summary_large_image","twitter_misc":{"Written by":"cfeditorfr","Est. reading time":"2 minutes"},"schema":{"@context":"https:\/\/schema.org","@graph":[{"@type":"Article","@id":"https:\/\/www.africa-press.net\/fr\/politique\/reprise-des-vols-apres-la-maitrise-de-lincendie-a-laeroport-de-lagos#article","isPartOf":{"@id":"https:\/\/www.africa-press.net\/fr\/politique\/reprise-des-vols-apres-la-maitrise-de-lincendie-a-laeroport-de-lagos"},"author":{"name":"cfeditorfr","@id":"https:\/\/www.africa-press.net\/fr\/#\/schema\/person\/2b1cf3cd81a31e3cd26889ca66d677f1"},"headline":"Reprise des Vols Apr\u00e8s la Ma\u00eetrise de L&#8217;Incendie \u00e0 L&#8217;a\u00e9roport de Lagos","datePublished":"2026-02-24T22:05:23+00:00","dateModified":"2026-02-24T23:13:08+00:00","mainEntityOfPage":{"@id":"https:\/\/www.africa-press.net\/fr\/politique\/reprise-des-vols-apres-la-maitrise-de-lincendie-a-laeroport-de-lagos"},"wordCount":539,"commentCount":0,"image":{"@id":"https:\/\/www.africa-press.net\/fr\/politique\/reprise-des-vols-apres-la-maitrise-de-lincendie-a-laeroport-de-lagos#primaryimage"},"thumbnailUrl":"https:\/\/static.africa-press.net\/africa-home\/sites\/67\/2026\/02\/sm_1771974706.359705.jpg","keywords":["a\u00e9roport","incendie","l\u2019Afrique","Lagos","Murtala Muhammed","Nigeria"],"articleSection":["Politique"],"inLanguage":"en-US","potentialAction":[{"@type":"CommentAction","name":"Comment","target":["https:\/\/www.africa-press.net\/fr\/politique\/reprise-des-vols-apres-la-maitrise-de-lincendie-a-laeroport-de-lagos#respond"]}]},{"@type":"WebPage","@id":"https:\/\/www.africa-press.net\/fr\/politique\/reprise-des-vols-apres-la-maitrise-de-lincendie-a-laeroport-de-lagos","url":"https:\/\/www.africa-press.net\/fr\/politique\/reprise-des-vols-apres-la-maitrise-de-lincendie-a-laeroport-de-lagos","name":"Reprise des Vols Apr\u00e8s la Ma\u00eetrise de L'Incendie \u00e0 L'a\u00e9roport de Lagos - Africa Press France","isPartOf":{"@id":"https:\/\/www.africa-press.net\/fr\/#website"},"primaryImageOfPage":{"@id":"https:\/\/www.africa-press.net\/fr\/politique\/reprise-des-vols-apres-la-maitrise-de-lincendie-a-laeroport-de-lagos#primaryimage"},"image":{"@id":"https:\/\/www.africa-press.net\/fr\/politique\/reprise-des-vols-apres-la-maitrise-de-lincendie-a-laeroport-de-lagos#primaryimage"},"thumbnailUrl":"https:\/\/static.africa-press.net\/africa-home\/sites\/67\/2026\/02\/sm_1771974706.359705.jpg","datePublished":"2026-02-24T22:05:23+00:00","dateModified":"2026-02-24T23:13:08+00:00","author":{"@id":"https:\/\/www.africa-press.net\/fr\/#\/schema\/person\/2b1cf3cd81a31e3cd26889ca66d677f1"},"description":"L'a\u00e9roport de Lagos reprend ses op\u00e9rations apr\u00e8s un incendie ma\u00eetris\u00e9. Aucun bless\u00e9 grave signal\u00e9, les secours ont agi vite.","breadcrumb":{"@id":"https:\/\/www.africa-press.net\/fr\/politique\/reprise-des-vols-apres-la-maitrise-de-lincendie-a-laeroport-de-lagos#breadcrumb"},"inLanguage":"en-US","potentialAction":[{"@type":"ReadAction","target":["https:\/\/www.africa-press.net\/fr\/politique\/reprise-des-vols-apres-la-maitrise-de-lincendie-a-laeroport-de-lagos"]}]},{"@type":"ImageObject","inLanguage":"en-US","@id":"https:\/\/www.africa-press.net\/fr\/politique\/reprise-des-vols-apres-la-maitrise-de-lincendie-a-laeroport-de-lagos#primaryimage","url":"https:\/\/static.africa-press.net\/africa-home\/sites\/67\/2026\/02\/sm_1771974706.359705.jpg","contentUrl":"https:\/\/static.africa-press.net\/africa-home\/sites\/67\/2026\/02\/sm_1771974706.359705.jpg","width":1200,"height":675,"caption":"Reprise des Vols Apr\u00e8s la Ma\u00eetrise de L'Incendie \u00e0 L'a\u00e9roport de Lagos"},{"@type":"BreadcrumbList","@id":"https:\/\/www.africa-press.net\/fr\/politique\/reprise-des-vols-apres-la-maitrise-de-lincendie-a-laeroport-de-lagos#breadcrumb","itemListElement":[{"@type":"ListItem","position":1,"name":"Home","item":"https:\/\/www.africa-press.net\/fr\/"},{"@type":"ListItem","position":2,"name":"Reprise des Vols Apr\u00e8s la Ma\u00eetrise de L&#8217;Incendie \u00e0 L&#8217;a\u00e9roport de Lagos"}]},{"@type":"WebSite","@id":"https:\/\/www.africa-press.net\/fr\/#website","url":"https:\/\/www.africa-press.net\/fr\/","name":"Africa Press France","description":"\u0623\u0648\u0644 \u0645\u0648\u0642\u0639 \u0625\u0641\u0631\u064a\u0642\u064a \u064a\u0643\u062a\u0628 \u0628\u0644\u063a\u0629 \u0628\u0644\u062f\u0627\u0646\u0647","potentialAction":[{"@type":"SearchAction","target":{"@type":"EntryPoint","urlTemplate":"https:\/\/www.africa-press.net\/fr\/?s={search_term_string}"},"query-input":{"@type":"PropertyValueSpecification","valueRequired":true,"valueName":"search_term_string"}}],"inLanguage":"en-US"},{"@type":"Person","@id":"https:\/\/www.africa-press.net\/fr\/#\/schema\/person\/2b1cf3cd81a31e3cd26889ca66d677f1","name":"cfeditorfr"}]}},"_links":{"self":[{"href":"https:\/\/www.africa-press.net\/fr\/wp-json\/wp\/v2\/posts\/4894","targetHints":{"allow":["GET"]}}],"collection":[{"href":"https:\/\/www.africa-press.net\/fr\/wp-json\/wp\/v2\/posts"}],"about":[{"href":"https:\/\/www.africa-press.net\/fr\/wp-json\/wp\/v2\/types\/post"}],"author":[{"embeddable":true,"href":"https:\/\/www.africa-press.net\/fr\/wp-json\/wp\/v2\/users\/82"}],"replies":[{"embeddable":true,"href":"https:\/\/www.africa-press.net\/fr\/wp-json\/wp\/v2\/comments?post=4894"}],"version-history":[{"count":0,"href":"https:\/\/www.africa-press.net\/fr\/wp-json\/wp\/v2\/posts\/4894\/revisions"}],"wp:featuredmedia":[{"embeddable":true,"href":"https:\/\/www.africa-press.net\/fr\/wp-json\/wp\/v2\/media\/4893"}],"wp:attachment":[{"href":"https:\/\/www.africa-press.net\/fr\/wp-json\/wp\/v2\/media?parent=4894"}],"wp:term":[{"taxonomy":"category","embeddable":true,"href":"https:\/\/www.africa-press.net\/fr\/wp-json\/wp\/v2\/categories?post=4894"},{"taxonomy":"post_tag","embeddable":true,"href":"https:\/\/www.africa-press.net\/fr\/wp-json\/wp\/v2\/tags?post=4894"}],"curies":[{"name":"wp","href":"https:\/\/api.w.org\/{rel}","templated":true}]}}