{"id":4914,"date":"2026-02-25T03:07:10","date_gmt":"2026-02-25T03:07:10","guid":{"rendered":"https:\/\/www.africa-press.net\/fr\/home\/incendie-perturbe-les-operations-a-laeroport-international-du-cap"},"modified":"2026-02-26T04:11:14","modified_gmt":"2026-02-26T04:11:14","slug":"incendie-perturbe-les-operations-a-laeroport-international-du-cap","status":"publish","type":"post","link":"https:\/\/www.africa-press.net\/fr\/politique\/incendie-perturbe-les-operations-a-laeroport-international-du-cap","title":{"rendered":"Incendie Perturbe les Op\u00e9rations \u00e0 L&#8217;a\u00e9roport International du Cap"},"content":{"rendered":"<div class=\"ap-summary\" dir=\"ltr\" lang=\"fr\">\n<h4>CE Qu\u2019Il Faut Savoir<\/h4>\n<p>Un incendie survenu au A\u00e9roport de Cape Town a caus\u00e9 des perturbations temporaires dans les op\u00e9rations a\u00e9roportuaires. Bien que tous les passagers et le personnel soient sains et saufs, les vols internationaux ont \u00e9t\u00e9 suspendus par mesure de pr\u00e9caution. Les autorit\u00e9s enqu\u00eatent sur les causes de l&#8217;incendie.<\/p>\n<\/div>\n<p><span class=\"ap-article-header-tag\"> <strong>Africa-Press. <\/strong> <\/span>Un incendie a cause\u0301 des perturbations aux ope\u0301rations de l&#8217;Ae\u0301roport de Cape Town, en Afrique du Sud, qui est l&#8217;un des ae\u0301roports les plus fre\u0301quente\u0301s du pays et une porte d&#8217;entre\u0301e majeure pour le tourisme mondial.<\/p>\n<p>La socie\u0301te\u0301 des Ae\u0301roports d&#8217;Afrique du Sud a annonce\u0301 dans un communique\u0301 que l&#8217;incendie s&#8217;est de\u0301clare\u0301 hier apre\u0300s-midi a\u0300 l&#8217;exte\u0301rieur de l&#8217;ae\u0301roport, confirmant que tous les passagers, employe\u0301s et visiteurs sont sains et saufs. L&#8217;entreprise a ajoute\u0301 que les vols internationaux ont e\u0301te\u0301 temporairement suspendus par mesure de pre\u0301caution, tandis que certains vols entrants ont e\u0301te\u0301 redirige\u0301s vers d&#8217;autres destinations.<\/p>\n<p>Le communique\u0301 a pre\u0301cise\u0301 que l&#8217;incendie a affecte\u0301 les re\u0301seaux et les services informatiques a\u0300 l&#8217;inte\u0301rieur de l&#8217;ae\u0301roport, y compris le service Internet sans fil (Wi-Fi) et d&#8217;autres syste\u0300mes essentiels, entrai\u0302nant des perturbations dans certaines ope\u0301rations vitales.<\/p>\n<p>Des rapports me\u0301diatiques locaux ont indique\u0301 que l&#8217;incendie avait commence\u0301 dans un ba\u0302timent administratif et une salle de VIP, ce qui a ne\u0301cessite\u0301 l&#8217;e\u0301vacuation de plusieurs passagers par mesure pre\u0301ventive. La socie\u0301te\u0301 n&#8217;a pas re\u0301ve\u0301le\u0301 les causes de l&#8217;incendie, indiquant qu&#8217;elle annoncera des de\u0301tails supple\u0301mentaires de\u0300s qu&#8217;ils seront disponibles.<\/p>\n<p>L&#8217;Ae\u0301roport de Cape Town est l&#8217;un des principaux centres ae\u0301riens d&#8217;Afrique du Sud, accueillant quotidiennement des milliers de visiteurs du monde entier, en raison de la re\u0301putation de la ville en tant que destination touristique majeure.<\/p>\n<p>Le Ae\u0301roport de Cape Town est l&#8217;un des ae\u0301roports les plus fre\u0301quente\u0301s d&#8217;Afrique du Sud, servant de point d&#8217;entre\u0301e majeur pour les touristes. La ville est re\u0301pute\u0301e pour ses attractions touristiques, ce qui en fait une destination prise\u0301e. Les incidents comme les incendies peuvent avoir un impact significatif sur le tourisme et l&#8217;e\u0301conomie locale, soulignant l&#8217;importance de la se\u0301curite\u0301 dans les infrastructures ae\u0301roportuaires.<\/p>\n<p class=\"ap-article-footer-note\">Retrouvez plus d\u2019actualit\u00e9s et d\u2019analyses sur <span class=\"ap-highlight-country\">l\u2019Afrique<\/span> sur le site <span class=\"ap-highlight-brand\">Africa Press<\/span><\/p>\n","protected":false},"excerpt":{"rendered":"<p>CE Qu\u2019Il Faut Savoir Un incendie survenu au A\u00e9roport de Cape Town a caus\u00e9 des perturbations temporaires dans les op\u00e9rations a\u00e9roportuaires. Bien que tous les passagers et le personnel soient sains et saufs, les vols internationaux ont \u00e9t\u00e9 suspendus par mesure de pr\u00e9caution. Les autorit\u00e9s enqu\u00eatent sur les causes de l&#8217;incendie. Africa-Press. Un incendie a [&hellip;]<\/p>\n","protected":false},"author":82,"featured_media":4913,"comment_status":"open","ping_status":"closed","sticky":false,"template":"","format":"standard","meta":{"footnotes":""},"categories":[73],"tags":[1032,1139,1127,240,92,1138],"class_list":["post-4914","post","type-post","status-publish","format-standard","has-post-thumbnail","hentry","category-politique","tag-aeroport","tag-cape-town","tag-incendie","tag-lafrique","tag-securite","tag-voyages"],"yoast_head":"<!-- This site is optimized with the Yoast SEO Premium plugin v26.1 (Yoast SEO v27.0) - https:\/\/yoast.com\/product\/yoast-seo-premium-wordpress\/ -->\n<title>Incendie Perturbe les Op\u00e9rations \u00e0 L&#039;a\u00e9roport International du Cap - Africa Press France<\/title>\n<meta name=\"description\" content=\"Un incendie au A\u00e9roport de Cape Town a temporairement perturb\u00e9 les op\u00e9rations. Tous les passagers sont sains et saufs.\" \/>\n<meta name=\"robots\" content=\"index, follow, max-snippet:-1, max-image-preview:large, max-video-preview:-1\" \/>\n<link rel=\"canonical\" href=\"https:\/\/www.africa-press.net\/fr\/politique\/incendie-perturbe-les-operations-a-laeroport-international-du-cap\" \/>\n<meta property=\"og:locale\" content=\"en_US\" \/>\n<meta property=\"og:type\" content=\"article\" \/>\n<meta property=\"og:title\" content=\"Incendie Perturbe les Op\u00e9rations \u00e0 L&#039;a\u00e9roport International du Cap\" \/>\n<meta property=\"og:description\" content=\"Un incendie au A\u00e9roport de Cape Town a temporairement perturb\u00e9 les op\u00e9rations. Tous les passagers sont sains et saufs.\" \/>\n<meta property=\"og:url\" content=\"https:\/\/www.africa-press.net\/fr\/politique\/incendie-perturbe-les-operations-a-laeroport-international-du-cap\" \/>\n<meta property=\"og:site_name\" content=\"Africa Press France\" \/>\n<meta property=\"article:published_time\" content=\"2026-02-25T03:07:10+00:00\" \/>\n<meta property=\"article:modified_time\" content=\"2026-02-26T04:11:14+00:00\" \/>\n<meta property=\"og:image\" content=\"https:\/\/static.africa-press.net\/africa-home\/sites\/67\/2026\/02\/sm_1772078986.089451.jpg\" \/>\n\t<meta property=\"og:image:width\" content=\"1556\" \/>\n\t<meta property=\"og:image:height\" content=\"1167\" \/>\n\t<meta property=\"og:image:type\" content=\"image\/jpeg\" \/>\n<meta name=\"author\" content=\"cfeditorfr\" \/>\n<meta name=\"twitter:card\" content=\"summary_large_image\" \/>\n<meta name=\"twitter:label1\" content=\"Written by\" \/>\n\t<meta name=\"twitter:data1\" content=\"cfeditorfr\" \/>\n\t<meta name=\"twitter:label2\" content=\"Est. reading time\" \/>\n\t<meta name=\"twitter:data2\" content=\"2 minutes\" \/>\n<script type=\"application\/ld+json\" class=\"yoast-schema-graph\">{\"@context\":\"https:\/\/schema.org\",\"@graph\":[{\"@type\":\"Article\",\"@id\":\"https:\/\/www.africa-press.net\/fr\/politique\/incendie-perturbe-les-operations-a-laeroport-international-du-cap#article\",\"isPartOf\":{\"@id\":\"https:\/\/www.africa-press.net\/fr\/politique\/incendie-perturbe-les-operations-a-laeroport-international-du-cap\"},\"author\":{\"name\":\"cfeditorfr\",\"@id\":\"https:\/\/www.africa-press.net\/fr\/#\/schema\/person\/2b1cf3cd81a31e3cd26889ca66d677f1\"},\"headline\":\"Incendie Perturbe les Op\u00e9rations \u00e0 L&#8217;a\u00e9roport International du Cap\",\"datePublished\":\"2026-02-25T03:07:10+00:00\",\"dateModified\":\"2026-02-26T04:11:14+00:00\",\"mainEntityOfPage\":{\"@id\":\"https:\/\/www.africa-press.net\/fr\/politique\/incendie-perturbe-les-operations-a-laeroport-international-du-cap\"},\"wordCount\":445,\"commentCount\":0,\"image\":{\"@id\":\"https:\/\/www.africa-press.net\/fr\/politique\/incendie-perturbe-les-operations-a-laeroport-international-du-cap#primaryimage\"},\"thumbnailUrl\":\"https:\/\/static.africa-press.net\/africa-home\/sites\/67\/2026\/02\/sm_1772078986.089451.jpg\",\"keywords\":[\"a\u00e9roport\",\"Cape Town\",\"incendie\",\"l\u2019Afrique\",\"s\u00e9curit\u00e9\",\"voyages\"],\"articleSection\":[\"Politique\"],\"inLanguage\":\"en-US\",\"potentialAction\":[{\"@type\":\"CommentAction\",\"name\":\"Comment\",\"target\":[\"https:\/\/www.africa-press.net\/fr\/politique\/incendie-perturbe-les-operations-a-laeroport-international-du-cap#respond\"]}]},{\"@type\":\"WebPage\",\"@id\":\"https:\/\/www.africa-press.net\/fr\/politique\/incendie-perturbe-les-operations-a-laeroport-international-du-cap\",\"url\":\"https:\/\/www.africa-press.net\/fr\/politique\/incendie-perturbe-les-operations-a-laeroport-international-du-cap\",\"name\":\"Incendie Perturbe les Op\u00e9rations \u00e0 L'a\u00e9roport International du Cap - Africa Press France\",\"isPartOf\":{\"@id\":\"https:\/\/www.africa-press.net\/fr\/#website\"},\"primaryImageOfPage\":{\"@id\":\"https:\/\/www.africa-press.net\/fr\/politique\/incendie-perturbe-les-operations-a-laeroport-international-du-cap#primaryimage\"},\"image\":{\"@id\":\"https:\/\/www.africa-press.net\/fr\/politique\/incendie-perturbe-les-operations-a-laeroport-international-du-cap#primaryimage\"},\"thumbnailUrl\":\"https:\/\/static.africa-press.net\/africa-home\/sites\/67\/2026\/02\/sm_1772078986.089451.jpg\",\"datePublished\":\"2026-02-25T03:07:10+00:00\",\"dateModified\":\"2026-02-26T04:11:14+00:00\",\"author\":{\"@id\":\"https:\/\/www.africa-press.net\/fr\/#\/schema\/person\/2b1cf3cd81a31e3cd26889ca66d677f1\"},\"description\":\"Un incendie au A\u00e9roport de Cape Town a temporairement perturb\u00e9 les op\u00e9rations. Tous les passagers sont sains et saufs.\",\"breadcrumb\":{\"@id\":\"https:\/\/www.africa-press.net\/fr\/politique\/incendie-perturbe-les-operations-a-laeroport-international-du-cap#breadcrumb\"},\"inLanguage\":\"en-US\",\"potentialAction\":[{\"@type\":\"ReadAction\",\"target\":[\"https:\/\/www.africa-press.net\/fr\/politique\/incendie-perturbe-les-operations-a-laeroport-international-du-cap\"]}]},{\"@type\":\"ImageObject\",\"inLanguage\":\"en-US\",\"@id\":\"https:\/\/www.africa-press.net\/fr\/politique\/incendie-perturbe-les-operations-a-laeroport-international-du-cap#primaryimage\",\"url\":\"https:\/\/static.africa-press.net\/africa-home\/sites\/67\/2026\/02\/sm_1772078986.089451.jpg\",\"contentUrl\":\"https:\/\/static.africa-press.net\/africa-home\/sites\/67\/2026\/02\/sm_1772078986.089451.jpg\",\"width\":1556,\"height\":1167,\"caption\":\"Incendie Perturbe les Op\u00e9rations \u00e0 L'a\u00e9roport International du Cap\"},{\"@type\":\"BreadcrumbList\",\"@id\":\"https:\/\/www.africa-press.net\/fr\/politique\/incendie-perturbe-les-operations-a-laeroport-international-du-cap#breadcrumb\",\"itemListElement\":[{\"@type\":\"ListItem\",\"position\":1,\"name\":\"Home\",\"item\":\"https:\/\/www.africa-press.net\/fr\/\"},{\"@type\":\"ListItem\",\"position\":2,\"name\":\"Incendie Perturbe les Op\u00e9rations \u00e0 L&#8217;a\u00e9roport International du Cap\"}]},{\"@type\":\"WebSite\",\"@id\":\"https:\/\/www.africa-press.net\/fr\/#website\",\"url\":\"https:\/\/www.africa-press.net\/fr\/\",\"name\":\"Africa Press France\",\"description\":\"\u0623\u0648\u0644 \u0645\u0648\u0642\u0639 \u0625\u0641\u0631\u064a\u0642\u064a \u064a\u0643\u062a\u0628 \u0628\u0644\u063a\u0629 \u0628\u0644\u062f\u0627\u0646\u0647\",\"potentialAction\":[{\"@type\":\"SearchAction\",\"target\":{\"@type\":\"EntryPoint\",\"urlTemplate\":\"https:\/\/www.africa-press.net\/fr\/?s={search_term_string}\"},\"query-input\":{\"@type\":\"PropertyValueSpecification\",\"valueRequired\":true,\"valueName\":\"search_term_string\"}}],\"inLanguage\":\"en-US\"},{\"@type\":\"Person\",\"@id\":\"https:\/\/www.africa-press.net\/fr\/#\/schema\/person\/2b1cf3cd81a31e3cd26889ca66d677f1\",\"name\":\"cfeditorfr\"}]}<\/script>\n<!-- \/ Yoast SEO Premium plugin. -->","yoast_head_json":{"title":"Incendie Perturbe les Op\u00e9rations \u00e0 L'a\u00e9roport International du Cap - Africa Press France","description":"Un incendie au A\u00e9roport de Cape Town a temporairement perturb\u00e9 les op\u00e9rations. Tous les passagers sont sains et saufs.","robots":{"index":"index","follow":"follow","max-snippet":"max-snippet:-1","max-image-preview":"max-image-preview:large","max-video-preview":"max-video-preview:-1"},"canonical":"https:\/\/www.africa-press.net\/fr\/politique\/incendie-perturbe-les-operations-a-laeroport-international-du-cap","og_locale":"en_US","og_type":"article","og_title":"Incendie Perturbe les Op\u00e9rations \u00e0 L'a\u00e9roport International du Cap","og_description":"Un incendie au A\u00e9roport de Cape Town a temporairement perturb\u00e9 les op\u00e9rations. Tous les passagers sont sains et saufs.","og_url":"https:\/\/www.africa-press.net\/fr\/politique\/incendie-perturbe-les-operations-a-laeroport-international-du-cap","og_site_name":"Africa Press France","article_published_time":"2026-02-25T03:07:10+00:00","article_modified_time":"2026-02-26T04:11:14+00:00","og_image":[{"width":1556,"height":1167,"url":"https:\/\/static.africa-press.net\/africa-home\/sites\/67\/2026\/02\/sm_1772078986.089451.jpg","type":"image\/jpeg"}],"author":"cfeditorfr","twitter_card":"summary_large_image","twitter_misc":{"Written by":"cfeditorfr","Est. reading time":"2 minutes"},"schema":{"@context":"https:\/\/schema.org","@graph":[{"@type":"Article","@id":"https:\/\/www.africa-press.net\/fr\/politique\/incendie-perturbe-les-operations-a-laeroport-international-du-cap#article","isPartOf":{"@id":"https:\/\/www.africa-press.net\/fr\/politique\/incendie-perturbe-les-operations-a-laeroport-international-du-cap"},"author":{"name":"cfeditorfr","@id":"https:\/\/www.africa-press.net\/fr\/#\/schema\/person\/2b1cf3cd81a31e3cd26889ca66d677f1"},"headline":"Incendie Perturbe les Op\u00e9rations \u00e0 L&#8217;a\u00e9roport International du Cap","datePublished":"2026-02-25T03:07:10+00:00","dateModified":"2026-02-26T04:11:14+00:00","mainEntityOfPage":{"@id":"https:\/\/www.africa-press.net\/fr\/politique\/incendie-perturbe-les-operations-a-laeroport-international-du-cap"},"wordCount":445,"commentCount":0,"image":{"@id":"https:\/\/www.africa-press.net\/fr\/politique\/incendie-perturbe-les-operations-a-laeroport-international-du-cap#primaryimage"},"thumbnailUrl":"https:\/\/static.africa-press.net\/africa-home\/sites\/67\/2026\/02\/sm_1772078986.089451.jpg","keywords":["a\u00e9roport","Cape Town","incendie","l\u2019Afrique","s\u00e9curit\u00e9","voyages"],"articleSection":["Politique"],"inLanguage":"en-US","potentialAction":[{"@type":"CommentAction","name":"Comment","target":["https:\/\/www.africa-press.net\/fr\/politique\/incendie-perturbe-les-operations-a-laeroport-international-du-cap#respond"]}]},{"@type":"WebPage","@id":"https:\/\/www.africa-press.net\/fr\/politique\/incendie-perturbe-les-operations-a-laeroport-international-du-cap","url":"https:\/\/www.africa-press.net\/fr\/politique\/incendie-perturbe-les-operations-a-laeroport-international-du-cap","name":"Incendie Perturbe les Op\u00e9rations \u00e0 L'a\u00e9roport International du Cap - Africa Press France","isPartOf":{"@id":"https:\/\/www.africa-press.net\/fr\/#website"},"primaryImageOfPage":{"@id":"https:\/\/www.africa-press.net\/fr\/politique\/incendie-perturbe-les-operations-a-laeroport-international-du-cap#primaryimage"},"image":{"@id":"https:\/\/www.africa-press.net\/fr\/politique\/incendie-perturbe-les-operations-a-laeroport-international-du-cap#primaryimage"},"thumbnailUrl":"https:\/\/static.africa-press.net\/africa-home\/sites\/67\/2026\/02\/sm_1772078986.089451.jpg","datePublished":"2026-02-25T03:07:10+00:00","dateModified":"2026-02-26T04:11:14+00:00","author":{"@id":"https:\/\/www.africa-press.net\/fr\/#\/schema\/person\/2b1cf3cd81a31e3cd26889ca66d677f1"},"description":"Un incendie au A\u00e9roport de Cape Town a temporairement perturb\u00e9 les op\u00e9rations. Tous les passagers sont sains et saufs.","breadcrumb":{"@id":"https:\/\/www.africa-press.net\/fr\/politique\/incendie-perturbe-les-operations-a-laeroport-international-du-cap#breadcrumb"},"inLanguage":"en-US","potentialAction":[{"@type":"ReadAction","target":["https:\/\/www.africa-press.net\/fr\/politique\/incendie-perturbe-les-operations-a-laeroport-international-du-cap"]}]},{"@type":"ImageObject","inLanguage":"en-US","@id":"https:\/\/www.africa-press.net\/fr\/politique\/incendie-perturbe-les-operations-a-laeroport-international-du-cap#primaryimage","url":"https:\/\/static.africa-press.net\/africa-home\/sites\/67\/2026\/02\/sm_1772078986.089451.jpg","contentUrl":"https:\/\/static.africa-press.net\/africa-home\/sites\/67\/2026\/02\/sm_1772078986.089451.jpg","width":1556,"height":1167,"caption":"Incendie Perturbe les Op\u00e9rations \u00e0 L'a\u00e9roport International du Cap"},{"@type":"BreadcrumbList","@id":"https:\/\/www.africa-press.net\/fr\/politique\/incendie-perturbe-les-operations-a-laeroport-international-du-cap#breadcrumb","itemListElement":[{"@type":"ListItem","position":1,"name":"Home","item":"https:\/\/www.africa-press.net\/fr\/"},{"@type":"ListItem","position":2,"name":"Incendie Perturbe les Op\u00e9rations \u00e0 L&#8217;a\u00e9roport International du Cap"}]},{"@type":"WebSite","@id":"https:\/\/www.africa-press.net\/fr\/#website","url":"https:\/\/www.africa-press.net\/fr\/","name":"Africa Press France","description":"\u0623\u0648\u0644 \u0645\u0648\u0642\u0639 \u0625\u0641\u0631\u064a\u0642\u064a \u064a\u0643\u062a\u0628 \u0628\u0644\u063a\u0629 \u0628\u0644\u062f\u0627\u0646\u0647","potentialAction":[{"@type":"SearchAction","target":{"@type":"EntryPoint","urlTemplate":"https:\/\/www.africa-press.net\/fr\/?s={search_term_string}"},"query-input":{"@type":"PropertyValueSpecification","valueRequired":true,"valueName":"search_term_string"}}],"inLanguage":"en-US"},{"@type":"Person","@id":"https:\/\/www.africa-press.net\/fr\/#\/schema\/person\/2b1cf3cd81a31e3cd26889ca66d677f1","name":"cfeditorfr"}]}},"_links":{"self":[{"href":"https:\/\/www.africa-press.net\/fr\/wp-json\/wp\/v2\/posts\/4914","targetHints":{"allow":["GET"]}}],"collection":[{"href":"https:\/\/www.africa-press.net\/fr\/wp-json\/wp\/v2\/posts"}],"about":[{"href":"https:\/\/www.africa-press.net\/fr\/wp-json\/wp\/v2\/types\/post"}],"author":[{"embeddable":true,"href":"https:\/\/www.africa-press.net\/fr\/wp-json\/wp\/v2\/users\/82"}],"replies":[{"embeddable":true,"href":"https:\/\/www.africa-press.net\/fr\/wp-json\/wp\/v2\/comments?post=4914"}],"version-history":[{"count":0,"href":"https:\/\/www.africa-press.net\/fr\/wp-json\/wp\/v2\/posts\/4914\/revisions"}],"wp:featuredmedia":[{"embeddable":true,"href":"https:\/\/www.africa-press.net\/fr\/wp-json\/wp\/v2\/media\/4913"}],"wp:attachment":[{"href":"https:\/\/www.africa-press.net\/fr\/wp-json\/wp\/v2\/media?parent=4914"}],"wp:term":[{"taxonomy":"category","embeddable":true,"href":"https:\/\/www.africa-press.net\/fr\/wp-json\/wp\/v2\/categories?post=4914"},{"taxonomy":"post_tag","embeddable":true,"href":"https:\/\/www.africa-press.net\/fr\/wp-json\/wp\/v2\/tags?post=4914"}],"curies":[{"name":"wp","href":"https:\/\/api.w.org\/{rel}","templated":true}]}}