{"id":4917,"date":"2026-02-25T03:07:54","date_gmt":"2026-02-25T03:07:54","guid":{"rendered":"https:\/\/www.africa-press.net\/fr\/home\/reprise-des-achats-de-cacao-en-cote-divoire"},"modified":"2026-02-26T04:11:39","modified_gmt":"2026-02-26T04:11:39","slug":"reprise-des-achats-de-cacao-en-cote-divoire","status":"publish","type":"post","link":"https:\/\/www.africa-press.net\/fr\/economie\/reprise-des-achats-de-cacao-en-cote-divoire","title":{"rendered":"Reprise des Achats de Cacao en C\u00f4te D&#8217;Ivoire"},"content":{"rendered":"<div class=\"ap-summary\" dir=\"ltr\" lang=\"fr\">\n<h4>CE Qu\u2019Il Faut Savoir<\/h4>\n<p>Les commer\u00e7ants ont repris l&#8217;achat de cacao en C\u00f4te d&#8217;Ivoire, le premier producteur mondial, apr\u00e8s l&#8217;annulation d&#8217;une prime de prix. Cette d\u00e9cision vise \u00e0 relancer les ventes, qui avaient stagn\u00e9 en raison de prix \u00e9lev\u00e9s. Le Conseil du caf\u00e9 et du cacao a permis des contrats sans primes, affectant ainsi le march\u00e9 mondial du cacao.<\/p>\n<\/div>\n<p><span class=\"ap-article-header-tag\"> <strong>Africa-Press. <\/strong> <\/span>Les commerc\u0327ants ont repris l&#8217;achat de cacao en Co\u0302te d&#8217;Ivoire, le plus grand producteur mondial, apre\u0300s avoir accepte\u0301 de vendre a\u0300 des prix mondiaux, abandonnant une politique de prime qui avait conduit a\u0300 des tensions avec les acheteurs et a\u0300 un stock de centaines de milliers de tonnes non vendu, selon une source locale.<\/p>\n<p>Le Conseil du cafe\u0301 et du cacao en Co\u0302te d&#8217;Ivoire a autorise\u0301 la conclusion de contrats d&#8217;achat anticipe\u0301s pour la re\u0301colte secondaire, qui commence en avril, sans appliquer les primes destine\u0301es a\u0300 soutenir les revenus des agriculteurs et a\u0300 tenir compte de la qualite\u0301, selon des sources anonymes.<\/p>\n<p>Certaines entreprises avaient cesse\u0301 d&#8217;acheter en raison de ces primes, qui augmentaient les prix de 250 a\u0300 470 dollars la tonne au-dessus des contrats a\u0300 terme mondiaux.<\/p>\n<p>Ce changement repre\u0301sente un ajustement important dans la politique de la Co\u0302te d&#8217;Ivoire, qui, avec le Ghana, a lance\u0301 en 2020 une prime de &#8220;revenu de subsistance&#8221; de 400 dollars la tonne pour ame\u0301liorer les revenus des agriculteurs, en plus d&#8217;une prime distincte lie\u0301e a\u0300 la qualite\u0301.<\/p>\n<p>Ce changement refle\u0300te les pressions auxquelles sont confronte\u0301s les grands pays producteurs, en raison de la baisse de la demande suite a\u0300 la forte augmentation des prix, apre\u0300s que les contrats a\u0300 terme de New York ont fro\u0302le\u0301 les 13 000 dollars la tonne a\u0300 la fin de 2024, avant de connai\u0302tre une forte baisse.<\/p>\n<p>La re\u0301colte secondaire repre\u0301sente environ un quart de la production annuelle, estime\u0301e cette anne\u0301e entre 400 000 et 450 000 tonnes, selon la source locale.<\/p>\n<p>Les contrats a\u0300 terme de cacao a\u0300 New York ont e\u0301te\u0301 e\u0301change\u0301s mercredi pre\u0300s de 3100 dollars la tonne, apre\u0300s avoir chute\u0301 lors de la session pre\u0301ce\u0301dente a\u0300 des niveaux de 2023.<\/p>\n<p><b>Quand la baisse des prix du cacao se re\u0301percutera-t-elle sur le chocolat?<\/b><\/p>\n<p>Les producteurs et les analystes s&#8217;attendent a\u0300 ce que le cacao moins cher commence a\u0300 arriver sur les e\u0301tage\u0300res des grandes surfaces au second semestre de cette anne\u0301e, mais me\u0302me cela reste incertain, ce qui signifie que les familles de\u0301ja\u0300 confronte\u0301es a\u0300 la hausse des prix des denre\u0301es alimentaires, de la viande au cafe\u0301, devront re\u0301fle\u0301chir se\u0301rieusement a\u0300 la question de savoir si le chocolat reste abordable, selon un rapport publie\u0301 par une source locale en de\u0301cembre dernier.<\/p>\n<p>La hausse des prix en 2024 a eu un impact majeur sur l&#8217;industrie du cacao, et tous, des entreprises alimentaires aux petits chocolatiers en Europe et aux E\u0301tats-Unis, se sont alors pre\u0301cipite\u0301s pour se\u0301curiser des quantite\u0301s suffisantes de cacao et e\u0301quilibrer les cou\u0302ts avec les be\u0301ne\u0301fices, certains se retrouvant en difficulte\u0301 pour survivre.<\/p>\n<p>Co\u0302te d&#8217;Ivoire, avec le Ghana, a introduit en 2020 une prime de &#8220;revenu de subsistance&#8221; pour soutenir les agriculteurs. Cette prime, de 400 dollars par tonne, visait a\u0300 ame\u0301liorer les revenus des producteurs face a\u0300 la volatilite\u0301 des prix. Cependant, la hausse des cou\u0302ts a conduit a\u0300 une baisse de la demande, forc\u0327ant le pays a\u0300 revoir sa politique de prix pour stimuler les ventes et re\u0301pondre aux besoins du marche\u0301 mondial<\/p>\n<p class=\"ap-article-footer-note\">Retrouvez plus d\u2019actualit\u00e9s et d\u2019analyses sur <span class=\"ap-highlight-country\">l\u2019Afrique<\/span> sur le site <span class=\"ap-highlight-brand\">Africa Press<\/span><\/p>\n","protected":false},"excerpt":{"rendered":"<p>CE Qu\u2019Il Faut Savoir Les commer\u00e7ants ont repris l&#8217;achat de cacao en C\u00f4te d&#8217;Ivoire, le premier producteur mondial, apr\u00e8s l&#8217;annulation d&#8217;une prime de prix. Cette d\u00e9cision vise \u00e0 relancer les ventes, qui avaient stagn\u00e9 en raison de prix \u00e9lev\u00e9s. Le Conseil du caf\u00e9 et du cacao a permis des contrats sans primes, affectant ainsi le [&hellip;]<\/p>\n","protected":false},"author":82,"featured_media":4916,"comment_status":"open","ping_status":"closed","sticky":false,"template":"","format":"standard","meta":{"footnotes":""},"categories":[74],"tags":[396,572,243,240,573,1062],"class_list":["post-4917","post","type-post","status-publish","format-standard","has-post-thumbnail","hentry","category-economie","tag-agriculture","tag-cacao","tag-cote-divoire","tag-lafrique","tag-marche","tag-prix"],"yoast_head":"<!-- This site is optimized with the Yoast SEO Premium plugin v26.1 (Yoast SEO v27.0) - https:\/\/yoast.com\/product\/yoast-seo-premium-wordpress\/ -->\n<title>Reprise des Achats de Cacao en C\u00f4te D&#039;Ivoire - Africa Press France<\/title>\n<meta name=\"description\" content=\"Les commer\u00e7ants reprennent les achats de cacao en C\u00f4te d&#039;Ivoire apr\u00e8s l&#039;annulation de la prime de prix, impactant le march\u00e9.\" \/>\n<meta name=\"robots\" content=\"index, follow, max-snippet:-1, max-image-preview:large, max-video-preview:-1\" \/>\n<link rel=\"canonical\" href=\"https:\/\/www.africa-press.net\/fr\/economie\/reprise-des-achats-de-cacao-en-cote-divoire\" \/>\n<meta property=\"og:locale\" content=\"en_US\" \/>\n<meta property=\"og:type\" content=\"article\" \/>\n<meta property=\"og:title\" content=\"Reprise des Achats de Cacao en C\u00f4te D&#039;Ivoire\" \/>\n<meta property=\"og:description\" content=\"Les commer\u00e7ants reprennent les achats de cacao en C\u00f4te d&#039;Ivoire apr\u00e8s l&#039;annulation de la prime de prix, impactant le march\u00e9.\" \/>\n<meta property=\"og:url\" content=\"https:\/\/www.africa-press.net\/fr\/economie\/reprise-des-achats-de-cacao-en-cote-divoire\" \/>\n<meta property=\"og:site_name\" content=\"Africa Press France\" \/>\n<meta property=\"article:published_time\" content=\"2026-02-25T03:07:54+00:00\" \/>\n<meta property=\"article:modified_time\" content=\"2026-02-26T04:11:39+00:00\" \/>\n<meta property=\"og:image\" content=\"https:\/\/static.africa-press.net\/africa-home\/sites\/67\/2026\/02\/sm_1772079017.824906.jpg\" \/>\n\t<meta property=\"og:image:width\" content=\"1556\" \/>\n\t<meta property=\"og:image:height\" content=\"1167\" \/>\n\t<meta property=\"og:image:type\" content=\"image\/jpeg\" \/>\n<meta name=\"author\" content=\"cfeditorfr\" \/>\n<meta name=\"twitter:card\" content=\"summary_large_image\" \/>\n<meta name=\"twitter:label1\" content=\"Written by\" \/>\n\t<meta name=\"twitter:data1\" content=\"cfeditorfr\" \/>\n\t<meta name=\"twitter:label2\" content=\"Est. reading time\" \/>\n\t<meta name=\"twitter:data2\" content=\"3 minutes\" \/>\n<script type=\"application\/ld+json\" class=\"yoast-schema-graph\">{\"@context\":\"https:\/\/schema.org\",\"@graph\":[{\"@type\":\"Article\",\"@id\":\"https:\/\/www.africa-press.net\/fr\/economie\/reprise-des-achats-de-cacao-en-cote-divoire#article\",\"isPartOf\":{\"@id\":\"https:\/\/www.africa-press.net\/fr\/economie\/reprise-des-achats-de-cacao-en-cote-divoire\"},\"author\":{\"name\":\"cfeditorfr\",\"@id\":\"https:\/\/www.africa-press.net\/fr\/#\/schema\/person\/2b1cf3cd81a31e3cd26889ca66d677f1\"},\"headline\":\"Reprise des Achats de Cacao en C\u00f4te D&#8217;Ivoire\",\"datePublished\":\"2026-02-25T03:07:54+00:00\",\"dateModified\":\"2026-02-26T04:11:39+00:00\",\"mainEntityOfPage\":{\"@id\":\"https:\/\/www.africa-press.net\/fr\/economie\/reprise-des-achats-de-cacao-en-cote-divoire\"},\"wordCount\":645,\"commentCount\":0,\"image\":{\"@id\":\"https:\/\/www.africa-press.net\/fr\/economie\/reprise-des-achats-de-cacao-en-cote-divoire#primaryimage\"},\"thumbnailUrl\":\"https:\/\/static.africa-press.net\/africa-home\/sites\/67\/2026\/02\/sm_1772079017.824906.jpg\",\"keywords\":[\"agriculture\",\"Cacao\",\"C\u00f4te d'Ivoire\",\"l\u2019Afrique\",\"March\u00e9\",\"prix\"],\"articleSection\":[\"\u00c9conomie\"],\"inLanguage\":\"en-US\",\"potentialAction\":[{\"@type\":\"CommentAction\",\"name\":\"Comment\",\"target\":[\"https:\/\/www.africa-press.net\/fr\/economie\/reprise-des-achats-de-cacao-en-cote-divoire#respond\"]}]},{\"@type\":\"WebPage\",\"@id\":\"https:\/\/www.africa-press.net\/fr\/economie\/reprise-des-achats-de-cacao-en-cote-divoire\",\"url\":\"https:\/\/www.africa-press.net\/fr\/economie\/reprise-des-achats-de-cacao-en-cote-divoire\",\"name\":\"Reprise des Achats de Cacao en C\u00f4te D'Ivoire - Africa Press France\",\"isPartOf\":{\"@id\":\"https:\/\/www.africa-press.net\/fr\/#website\"},\"primaryImageOfPage\":{\"@id\":\"https:\/\/www.africa-press.net\/fr\/economie\/reprise-des-achats-de-cacao-en-cote-divoire#primaryimage\"},\"image\":{\"@id\":\"https:\/\/www.africa-press.net\/fr\/economie\/reprise-des-achats-de-cacao-en-cote-divoire#primaryimage\"},\"thumbnailUrl\":\"https:\/\/static.africa-press.net\/africa-home\/sites\/67\/2026\/02\/sm_1772079017.824906.jpg\",\"datePublished\":\"2026-02-25T03:07:54+00:00\",\"dateModified\":\"2026-02-26T04:11:39+00:00\",\"author\":{\"@id\":\"https:\/\/www.africa-press.net\/fr\/#\/schema\/person\/2b1cf3cd81a31e3cd26889ca66d677f1\"},\"description\":\"Les commer\u00e7ants reprennent les achats de cacao en C\u00f4te d'Ivoire apr\u00e8s l'annulation de la prime de prix, impactant le march\u00e9.\",\"breadcrumb\":{\"@id\":\"https:\/\/www.africa-press.net\/fr\/economie\/reprise-des-achats-de-cacao-en-cote-divoire#breadcrumb\"},\"inLanguage\":\"en-US\",\"potentialAction\":[{\"@type\":\"ReadAction\",\"target\":[\"https:\/\/www.africa-press.net\/fr\/economie\/reprise-des-achats-de-cacao-en-cote-divoire\"]}]},{\"@type\":\"ImageObject\",\"inLanguage\":\"en-US\",\"@id\":\"https:\/\/www.africa-press.net\/fr\/economie\/reprise-des-achats-de-cacao-en-cote-divoire#primaryimage\",\"url\":\"https:\/\/static.africa-press.net\/africa-home\/sites\/67\/2026\/02\/sm_1772079017.824906.jpg\",\"contentUrl\":\"https:\/\/static.africa-press.net\/africa-home\/sites\/67\/2026\/02\/sm_1772079017.824906.jpg\",\"width\":1556,\"height\":1167,\"caption\":\"Reprise des Achats de Cacao en C\u00f4te D'Ivoire\"},{\"@type\":\"BreadcrumbList\",\"@id\":\"https:\/\/www.africa-press.net\/fr\/economie\/reprise-des-achats-de-cacao-en-cote-divoire#breadcrumb\",\"itemListElement\":[{\"@type\":\"ListItem\",\"position\":1,\"name\":\"Home\",\"item\":\"https:\/\/www.africa-press.net\/fr\/\"},{\"@type\":\"ListItem\",\"position\":2,\"name\":\"Reprise des Achats de Cacao en C\u00f4te D&#8217;Ivoire\"}]},{\"@type\":\"WebSite\",\"@id\":\"https:\/\/www.africa-press.net\/fr\/#website\",\"url\":\"https:\/\/www.africa-press.net\/fr\/\",\"name\":\"Africa Press France\",\"description\":\"\u0623\u0648\u0644 \u0645\u0648\u0642\u0639 \u0625\u0641\u0631\u064a\u0642\u064a \u064a\u0643\u062a\u0628 \u0628\u0644\u063a\u0629 \u0628\u0644\u062f\u0627\u0646\u0647\",\"potentialAction\":[{\"@type\":\"SearchAction\",\"target\":{\"@type\":\"EntryPoint\",\"urlTemplate\":\"https:\/\/www.africa-press.net\/fr\/?s={search_term_string}\"},\"query-input\":{\"@type\":\"PropertyValueSpecification\",\"valueRequired\":true,\"valueName\":\"search_term_string\"}}],\"inLanguage\":\"en-US\"},{\"@type\":\"Person\",\"@id\":\"https:\/\/www.africa-press.net\/fr\/#\/schema\/person\/2b1cf3cd81a31e3cd26889ca66d677f1\",\"name\":\"cfeditorfr\"}]}<\/script>\n<!-- \/ Yoast SEO Premium plugin. -->","yoast_head_json":{"title":"Reprise des Achats de Cacao en C\u00f4te D'Ivoire - Africa Press France","description":"Les commer\u00e7ants reprennent les achats de cacao en C\u00f4te d'Ivoire apr\u00e8s l'annulation de la prime de prix, impactant le march\u00e9.","robots":{"index":"index","follow":"follow","max-snippet":"max-snippet:-1","max-image-preview":"max-image-preview:large","max-video-preview":"max-video-preview:-1"},"canonical":"https:\/\/www.africa-press.net\/fr\/economie\/reprise-des-achats-de-cacao-en-cote-divoire","og_locale":"en_US","og_type":"article","og_title":"Reprise des Achats de Cacao en C\u00f4te D'Ivoire","og_description":"Les commer\u00e7ants reprennent les achats de cacao en C\u00f4te d'Ivoire apr\u00e8s l'annulation de la prime de prix, impactant le march\u00e9.","og_url":"https:\/\/www.africa-press.net\/fr\/economie\/reprise-des-achats-de-cacao-en-cote-divoire","og_site_name":"Africa Press France","article_published_time":"2026-02-25T03:07:54+00:00","article_modified_time":"2026-02-26T04:11:39+00:00","og_image":[{"width":1556,"height":1167,"url":"https:\/\/static.africa-press.net\/africa-home\/sites\/67\/2026\/02\/sm_1772079017.824906.jpg","type":"image\/jpeg"}],"author":"cfeditorfr","twitter_card":"summary_large_image","twitter_misc":{"Written by":"cfeditorfr","Est. reading time":"3 minutes"},"schema":{"@context":"https:\/\/schema.org","@graph":[{"@type":"Article","@id":"https:\/\/www.africa-press.net\/fr\/economie\/reprise-des-achats-de-cacao-en-cote-divoire#article","isPartOf":{"@id":"https:\/\/www.africa-press.net\/fr\/economie\/reprise-des-achats-de-cacao-en-cote-divoire"},"author":{"name":"cfeditorfr","@id":"https:\/\/www.africa-press.net\/fr\/#\/schema\/person\/2b1cf3cd81a31e3cd26889ca66d677f1"},"headline":"Reprise des Achats de Cacao en C\u00f4te D&#8217;Ivoire","datePublished":"2026-02-25T03:07:54+00:00","dateModified":"2026-02-26T04:11:39+00:00","mainEntityOfPage":{"@id":"https:\/\/www.africa-press.net\/fr\/economie\/reprise-des-achats-de-cacao-en-cote-divoire"},"wordCount":645,"commentCount":0,"image":{"@id":"https:\/\/www.africa-press.net\/fr\/economie\/reprise-des-achats-de-cacao-en-cote-divoire#primaryimage"},"thumbnailUrl":"https:\/\/static.africa-press.net\/africa-home\/sites\/67\/2026\/02\/sm_1772079017.824906.jpg","keywords":["agriculture","Cacao","C\u00f4te d'Ivoire","l\u2019Afrique","March\u00e9","prix"],"articleSection":["\u00c9conomie"],"inLanguage":"en-US","potentialAction":[{"@type":"CommentAction","name":"Comment","target":["https:\/\/www.africa-press.net\/fr\/economie\/reprise-des-achats-de-cacao-en-cote-divoire#respond"]}]},{"@type":"WebPage","@id":"https:\/\/www.africa-press.net\/fr\/economie\/reprise-des-achats-de-cacao-en-cote-divoire","url":"https:\/\/www.africa-press.net\/fr\/economie\/reprise-des-achats-de-cacao-en-cote-divoire","name":"Reprise des Achats de Cacao en C\u00f4te D'Ivoire - Africa Press France","isPartOf":{"@id":"https:\/\/www.africa-press.net\/fr\/#website"},"primaryImageOfPage":{"@id":"https:\/\/www.africa-press.net\/fr\/economie\/reprise-des-achats-de-cacao-en-cote-divoire#primaryimage"},"image":{"@id":"https:\/\/www.africa-press.net\/fr\/economie\/reprise-des-achats-de-cacao-en-cote-divoire#primaryimage"},"thumbnailUrl":"https:\/\/static.africa-press.net\/africa-home\/sites\/67\/2026\/02\/sm_1772079017.824906.jpg","datePublished":"2026-02-25T03:07:54+00:00","dateModified":"2026-02-26T04:11:39+00:00","author":{"@id":"https:\/\/www.africa-press.net\/fr\/#\/schema\/person\/2b1cf3cd81a31e3cd26889ca66d677f1"},"description":"Les commer\u00e7ants reprennent les achats de cacao en C\u00f4te d'Ivoire apr\u00e8s l'annulation de la prime de prix, impactant le march\u00e9.","breadcrumb":{"@id":"https:\/\/www.africa-press.net\/fr\/economie\/reprise-des-achats-de-cacao-en-cote-divoire#breadcrumb"},"inLanguage":"en-US","potentialAction":[{"@type":"ReadAction","target":["https:\/\/www.africa-press.net\/fr\/economie\/reprise-des-achats-de-cacao-en-cote-divoire"]}]},{"@type":"ImageObject","inLanguage":"en-US","@id":"https:\/\/www.africa-press.net\/fr\/economie\/reprise-des-achats-de-cacao-en-cote-divoire#primaryimage","url":"https:\/\/static.africa-press.net\/africa-home\/sites\/67\/2026\/02\/sm_1772079017.824906.jpg","contentUrl":"https:\/\/static.africa-press.net\/africa-home\/sites\/67\/2026\/02\/sm_1772079017.824906.jpg","width":1556,"height":1167,"caption":"Reprise des Achats de Cacao en C\u00f4te D'Ivoire"},{"@type":"BreadcrumbList","@id":"https:\/\/www.africa-press.net\/fr\/economie\/reprise-des-achats-de-cacao-en-cote-divoire#breadcrumb","itemListElement":[{"@type":"ListItem","position":1,"name":"Home","item":"https:\/\/www.africa-press.net\/fr\/"},{"@type":"ListItem","position":2,"name":"Reprise des Achats de Cacao en C\u00f4te D&#8217;Ivoire"}]},{"@type":"WebSite","@id":"https:\/\/www.africa-press.net\/fr\/#website","url":"https:\/\/www.africa-press.net\/fr\/","name":"Africa Press France","description":"\u0623\u0648\u0644 \u0645\u0648\u0642\u0639 \u0625\u0641\u0631\u064a\u0642\u064a \u064a\u0643\u062a\u0628 \u0628\u0644\u063a\u0629 \u0628\u0644\u062f\u0627\u0646\u0647","potentialAction":[{"@type":"SearchAction","target":{"@type":"EntryPoint","urlTemplate":"https:\/\/www.africa-press.net\/fr\/?s={search_term_string}"},"query-input":{"@type":"PropertyValueSpecification","valueRequired":true,"valueName":"search_term_string"}}],"inLanguage":"en-US"},{"@type":"Person","@id":"https:\/\/www.africa-press.net\/fr\/#\/schema\/person\/2b1cf3cd81a31e3cd26889ca66d677f1","name":"cfeditorfr"}]}},"_links":{"self":[{"href":"https:\/\/www.africa-press.net\/fr\/wp-json\/wp\/v2\/posts\/4917","targetHints":{"allow":["GET"]}}],"collection":[{"href":"https:\/\/www.africa-press.net\/fr\/wp-json\/wp\/v2\/posts"}],"about":[{"href":"https:\/\/www.africa-press.net\/fr\/wp-json\/wp\/v2\/types\/post"}],"author":[{"embeddable":true,"href":"https:\/\/www.africa-press.net\/fr\/wp-json\/wp\/v2\/users\/82"}],"replies":[{"embeddable":true,"href":"https:\/\/www.africa-press.net\/fr\/wp-json\/wp\/v2\/comments?post=4917"}],"version-history":[{"count":0,"href":"https:\/\/www.africa-press.net\/fr\/wp-json\/wp\/v2\/posts\/4917\/revisions"}],"wp:featuredmedia":[{"embeddable":true,"href":"https:\/\/www.africa-press.net\/fr\/wp-json\/wp\/v2\/media\/4916"}],"wp:attachment":[{"href":"https:\/\/www.africa-press.net\/fr\/wp-json\/wp\/v2\/media?parent=4917"}],"wp:term":[{"taxonomy":"category","embeddable":true,"href":"https:\/\/www.africa-press.net\/fr\/wp-json\/wp\/v2\/categories?post=4917"},{"taxonomy":"post_tag","embeddable":true,"href":"https:\/\/www.africa-press.net\/fr\/wp-json\/wp\/v2\/tags?post=4917"}],"curies":[{"name":"wp","href":"https:\/\/api.w.org\/{rel}","templated":true}]}}