{"id":4975,"date":"2026-02-25T11:30:19","date_gmt":"2026-02-25T11:30:19","guid":{"rendered":"https:\/\/www.africa-press.net\/fr\/home\/que-revelent-ces-limogeages-sur-le-pouvoir-au-soudan-du-sud"},"modified":"2026-02-27T12:18:32","modified_gmt":"2026-02-27T12:18:32","slug":"que-revelent-ces-limogeages-sur-le-pouvoir-au-soudan-du-sud","status":"publish","type":"post","link":"https:\/\/www.africa-press.net\/fr\/articles\/que-revelent-ces-limogeages-sur-le-pouvoir-au-soudan-du-sud","title":{"rendered":"Que Re\u0301ve\u0300lent ces Limogeages sur le Pouvoir au Soudan du Sud?"},"content":{"rendered":"<div class=\"ap-summary\" dir=\"ltr\" lang=\"fr\">\n<h4>CE Qu\u2019Il Faut Savoir<\/h4>\n<p>Le pr\u00e9sident du Soudan du Sud, Salva Kiir, a r\u00e9cemment r\u00e9voqu\u00e9 le ministre des Finances, Bak Barnaba Chol, apr\u00e8s moins de quatre mois en poste. Ce changement, le neuvi\u00e8me depuis 2020, souligne une instabilit\u00e9 administrative au sein du gouvernement, exacerb\u00e9e par des pr\u00e9occupations \u00e9conomiques et politiques croissantes.<\/p>\n<\/div>\n<p><span class=\"ap-article-header-tag\"> <strong>Africa-Press. <\/strong> <\/span>Le pre\u0301sident du Soudan du Sud, Salva Kiir Mayardit, a re\u0301voque\u0301 le ministre des Finances, Bak Barnaba Chol, apre\u0300s moins de quatre mois a\u0300 son poste, dans un remaniement ministe\u0301riel qui a e\u0301galement touche\u0301 d&#8217;autres hauts responsables, y compris le commissaire ge\u0301ne\u0301ral de l&#8217;Autorite\u0301 des recettes nationales.<\/p>\n<p>La te\u0301le\u0301vision d&#8217;E\u0301tat a annonce\u0301 que le pre\u0301sident a nomme\u0301 l&#8217;e\u0301conomiste Salvatore Kuol en tant que nouveau ministre des Finances. Kuol avait de\u0301ja\u0300 occupe\u0301 ce poste entre 2018 et 2020, pe\u0301riode marque\u0301e par des re\u0301formes e\u0301conomiques et des pressions financie\u0300res, mais e\u0301galement par des accusations de corruption auxquelles il n&#8217;avait pas re\u0301pondu a\u0300 l&#8217;e\u0301poque.<\/p>\n<p>C&#8217;est la neuvie\u0300me fois que le ministre des Finances est re\u0301voque\u0301 depuis 2020, ce qui refle\u0300te une instabilite\u0301 administrative au sein d&#8217;un des ministe\u0300res les plus importants pour la gestion des ressources pe\u0301trolie\u0300res et financie\u0300res du pays. Ces re\u0301vocations font partie d&#8217;une se\u0301rie de changements re\u0301cents effectue\u0301s par le pre\u0301sident Kiir, qui ont inclus la re\u0301affectation de chefs militaires et d&#8217;anciens de\u0301pute\u0301s, ainsi que l&#8217;introduction de nouvelles personnalite\u0301s dans des institutions sensibles comme la commission e\u0301lectorale.<\/p>\n<p>Les changements fre\u0301quents ope\u0301re\u0301s par le pre\u0301sident Kiir au sein de son gouvernement et des institutions de l&#8217;E\u0301tat suscitent un large de\u0301bat tant a\u0300 l&#8217;inte\u0301rieur qu&#8217;a\u0300 l&#8217;exte\u0301rieur du Soudan du Sud. Les observateurs estiment qu&#8217;ils refle\u0300tent une situation d&#8217;instabilite\u0301 politique et administrative.<\/p>\n<p>En octobre 2025, Kiir a re\u0301tabli un ancien chef militaire dans son poste apre\u0300s trois ans de re\u0301vocation, puis en novembre de la me\u0302me anne\u0301e, il a re\u0301inte\u0301gre\u0301 un ancien vice-pre\u0301sident dans le gouvernement lors d&#8217;un large remaniement. Plus re\u0301cemment, en fe\u0301vrier, il a nomme\u0301 une personne a\u0300 la commission e\u0301lectorale, qui s&#8217;est re\u0301ve\u0301le\u0301e e\u0302tre de\u0301ce\u0301de\u0301e depuis cinq ans, ce qui a accru les interrogations sur les motivations et la pertinence de ces de\u0301cisions successives.<\/p>\n<p><b>Re\u0301percussions Politiques<\/b><\/p>\n<p>Le journal &#8220;Sudan Post&#8221; conside\u0300re que ces changements ne sont pas de simples de\u0301cisions administratives, mais qu&#8217;ils refle\u0300tent la strate\u0301gie du pre\u0301sident pour maintenir le contro\u0302le face a\u0300 un conflit arme\u0301 persistant et des spe\u0301culations concernant sa succession. Le journal ke\u0301nyan &#8220;The East African&#8221; a note\u0301 que la fre\u0301quence des changements dans les postes supe\u0301rieurs affaiblit les institutions et accroi\u0302t la confusion, tout en permettant au pre\u0301sident de re\u0301organiser les centres de pouvoir pour garantir la loyaute\u0301 des dirigeants.<\/p>\n<p><b>Conse\u0301quences E\u0301conomiques<\/b><\/p>\n<p>La re\u0301vocation du ministre des Finances a\u0300 ce moment soule\u0300ve des questions sur la capacite\u0301 du gouvernement a\u0300 ge\u0301rer la crise e\u0301conomique, surtout avec la forte de\u0301pendance du pays aux revenus pe\u0301troliers et la baisse de la confiance des investisseurs due a\u0300 l&#8217;instabilite\u0301 administrative. L&#8217;absence d&#8217;une vision e\u0301conomique a\u0300 long terme affaiblit e\u0301galement la confiance des institutions internationales dans la capacite\u0301 de Juba a\u0300 respecter les re\u0301formes.<\/p>\n<p><b>Impact Re\u0301gional et International<\/b><\/p>\n<p>Les changements fre\u0301quents dans l&#8217;arme\u0301e et le gouvernement illustrent la fragilite\u0301 de la structure politique et compliquent la pre\u0301paration d&#8217;e\u0301lections longtemps attendues, alors que les pressions internationales sur Juba augmentent pour de\u0301montrer un engagement envers la re\u0301forme et la stabilite\u0301. De plus, la persistance de l&#8217;instabilite\u0301 suscite des inquie\u0301tudes parmi les pays voisins qui de\u0301pendent du Soudan du Sud pour des questions commerciales et de se\u0301curite\u0301.<\/p>\n<p>Depuis son inde\u0301pendance en 2011, le Soudan du Sud a traverse\u0301 des pe\u0301riodes de conflits internes et d&#8217;instabilite\u0301 politique. Les changements fre\u0301quents au sein du gouvernement, notamment dans des postes cle\u0301s comme celui du ministre des Finances, refle\u0300tent une lutte pour le pouvoir et une incapacite\u0301 a\u0300 e\u0301tablir une gouvernance stable. Les re\u0301formes e\u0301conomiques et les efforts pour attirer les investisseurs ont souvent e\u0301te\u0301 entrave\u0301s par des alle\u0301gations de corruption et un manque de vision a\u0300 long terme.<\/p>\n<p class=\"ap-article-footer-note\">Retrouvez plus d\u2019actualit\u00e9s et d\u2019analyses sur <span class=\"ap-highlight-country\">l\u2019Afrique<\/span> sur le site <span class=\"ap-highlight-brand\">Africa Press<\/span><\/p>\n","protected":false},"excerpt":{"rendered":"<p>CE Qu\u2019Il Faut Savoir Le pr\u00e9sident du Soudan du Sud, Salva Kiir, a r\u00e9cemment r\u00e9voqu\u00e9 le ministre des Finances, Bak Barnaba Chol, apr\u00e8s moins de quatre mois en poste. Ce changement, le neuvi\u00e8me depuis 2020, souligne une instabilit\u00e9 administrative au sein du gouvernement, exacerb\u00e9e par des pr\u00e9occupations \u00e9conomiques et politiques croissantes. Africa-Press. Le pre\u0301sident du [&hellip;]<\/p>\n","protected":false},"author":82,"featured_media":4973,"comment_status":"open","ping_status":"closed","sticky":false,"template":"","format":"standard","meta":{"footnotes":""},"categories":[75],"tags":[1155,183,240,1157,1156,298],"class_list":["post-4975","post","type-post","status-publish","format-standard","has-post-thumbnail","hentry","category-articles","tag-economic-crisis","tag-government","tag-lafrique","tag-leadership-changes","tag-political-instability","tag-sudan"],"yoast_head":"<!-- This site is optimized with the Yoast SEO Premium plugin v26.1 (Yoast SEO v27.0) - https:\/\/yoast.com\/product\/yoast-seo-premium-wordpress\/ -->\n<title>Que Re\u0301ve\u0300lent ces Limogeages sur le Pouvoir au Soudan du Sud? - Africa Press France<\/title>\n<meta name=\"description\" content=\"Les r\u00e9centes r\u00e9vocations minist\u00e9rielles au Soudan du Sud soul\u00e8vent des questions sur la stabilit\u00e9 politique et \u00e9conomique du\" \/>\n<meta name=\"robots\" content=\"index, follow, max-snippet:-1, max-image-preview:large, max-video-preview:-1\" \/>\n<link rel=\"canonical\" href=\"https:\/\/www.africa-press.net\/fr\/articles\/que-revelent-ces-limogeages-sur-le-pouvoir-au-soudan-du-sud\" \/>\n<meta property=\"og:locale\" content=\"en_US\" \/>\n<meta property=\"og:type\" content=\"article\" \/>\n<meta property=\"og:title\" content=\"Que Re\u0301ve\u0300lent ces Limogeages sur le Pouvoir au Soudan du Sud?\" \/>\n<meta property=\"og:description\" content=\"Les r\u00e9centes r\u00e9vocations minist\u00e9rielles au Soudan du Sud soul\u00e8vent des questions sur la stabilit\u00e9 politique et \u00e9conomique du\" \/>\n<meta property=\"og:url\" content=\"https:\/\/www.africa-press.net\/fr\/articles\/que-revelent-ces-limogeages-sur-le-pouvoir-au-soudan-du-sud\" \/>\n<meta property=\"og:site_name\" content=\"Africa Press France\" \/>\n<meta property=\"article:published_time\" content=\"2026-02-25T11:30:19+00:00\" \/>\n<meta property=\"article:modified_time\" content=\"2026-02-27T12:18:32+00:00\" \/>\n<meta property=\"og:image\" content=\"https:\/\/static.africa-press.net\/africa-home\/sites\/67\/2026\/02\/sm_1772194613.414066.jpg\" \/>\n\t<meta property=\"og:image:width\" content=\"1556\" \/>\n\t<meta property=\"og:image:height\" content=\"1167\" \/>\n\t<meta property=\"og:image:type\" content=\"image\/jpeg\" \/>\n<meta name=\"author\" content=\"cfeditorfr\" \/>\n<meta name=\"twitter:card\" content=\"summary_large_image\" \/>\n<meta name=\"twitter:label1\" content=\"Written by\" \/>\n\t<meta name=\"twitter:data1\" content=\"cfeditorfr\" \/>\n\t<meta name=\"twitter:label2\" content=\"Est. reading time\" \/>\n\t<meta name=\"twitter:data2\" content=\"4 minutes\" \/>\n<script type=\"application\/ld+json\" class=\"yoast-schema-graph\">{\"@context\":\"https:\/\/schema.org\",\"@graph\":[{\"@type\":\"Article\",\"@id\":\"https:\/\/www.africa-press.net\/fr\/articles\/que-revelent-ces-limogeages-sur-le-pouvoir-au-soudan-du-sud#article\",\"isPartOf\":{\"@id\":\"https:\/\/www.africa-press.net\/fr\/articles\/que-revelent-ces-limogeages-sur-le-pouvoir-au-soudan-du-sud\"},\"author\":{\"name\":\"cfeditorfr\",\"@id\":\"https:\/\/www.africa-press.net\/fr\/#\/schema\/person\/2b1cf3cd81a31e3cd26889ca66d677f1\"},\"headline\":\"Que Re\u0301ve\u0300lent ces Limogeages sur le Pouvoir au Soudan du Sud?\",\"datePublished\":\"2026-02-25T11:30:19+00:00\",\"dateModified\":\"2026-02-27T12:18:32+00:00\",\"mainEntityOfPage\":{\"@id\":\"https:\/\/www.africa-press.net\/fr\/articles\/que-revelent-ces-limogeages-sur-le-pouvoir-au-soudan-du-sud\"},\"wordCount\":814,\"commentCount\":0,\"image\":{\"@id\":\"https:\/\/www.africa-press.net\/fr\/articles\/que-revelent-ces-limogeages-sur-le-pouvoir-au-soudan-du-sud#primaryimage\"},\"thumbnailUrl\":\"https:\/\/static.africa-press.net\/africa-home\/sites\/67\/2026\/02\/sm_1772194613.414066.jpg\",\"keywords\":[\"economic crisis\",\"government\",\"l\u2019Afrique\",\"leadership changes\",\"political instability\",\"Sudan\"],\"articleSection\":[\"Articles\"],\"inLanguage\":\"en-US\",\"potentialAction\":[{\"@type\":\"CommentAction\",\"name\":\"Comment\",\"target\":[\"https:\/\/www.africa-press.net\/fr\/articles\/que-revelent-ces-limogeages-sur-le-pouvoir-au-soudan-du-sud#respond\"]}]},{\"@type\":\"WebPage\",\"@id\":\"https:\/\/www.africa-press.net\/fr\/articles\/que-revelent-ces-limogeages-sur-le-pouvoir-au-soudan-du-sud\",\"url\":\"https:\/\/www.africa-press.net\/fr\/articles\/que-revelent-ces-limogeages-sur-le-pouvoir-au-soudan-du-sud\",\"name\":\"Que Re\u0301ve\u0300lent ces Limogeages sur le Pouvoir au Soudan du Sud? - Africa Press France\",\"isPartOf\":{\"@id\":\"https:\/\/www.africa-press.net\/fr\/#website\"},\"primaryImageOfPage\":{\"@id\":\"https:\/\/www.africa-press.net\/fr\/articles\/que-revelent-ces-limogeages-sur-le-pouvoir-au-soudan-du-sud#primaryimage\"},\"image\":{\"@id\":\"https:\/\/www.africa-press.net\/fr\/articles\/que-revelent-ces-limogeages-sur-le-pouvoir-au-soudan-du-sud#primaryimage\"},\"thumbnailUrl\":\"https:\/\/static.africa-press.net\/africa-home\/sites\/67\/2026\/02\/sm_1772194613.414066.jpg\",\"datePublished\":\"2026-02-25T11:30:19+00:00\",\"dateModified\":\"2026-02-27T12:18:32+00:00\",\"author\":{\"@id\":\"https:\/\/www.africa-press.net\/fr\/#\/schema\/person\/2b1cf3cd81a31e3cd26889ca66d677f1\"},\"description\":\"Les r\u00e9centes r\u00e9vocations minist\u00e9rielles au Soudan du Sud soul\u00e8vent des questions sur la stabilit\u00e9 politique et \u00e9conomique du\",\"breadcrumb\":{\"@id\":\"https:\/\/www.africa-press.net\/fr\/articles\/que-revelent-ces-limogeages-sur-le-pouvoir-au-soudan-du-sud#breadcrumb\"},\"inLanguage\":\"en-US\",\"potentialAction\":[{\"@type\":\"ReadAction\",\"target\":[\"https:\/\/www.africa-press.net\/fr\/articles\/que-revelent-ces-limogeages-sur-le-pouvoir-au-soudan-du-sud\"]}]},{\"@type\":\"ImageObject\",\"inLanguage\":\"en-US\",\"@id\":\"https:\/\/www.africa-press.net\/fr\/articles\/que-revelent-ces-limogeages-sur-le-pouvoir-au-soudan-du-sud#primaryimage\",\"url\":\"https:\/\/static.africa-press.net\/africa-home\/sites\/67\/2026\/02\/sm_1772194613.414066.jpg\",\"contentUrl\":\"https:\/\/static.africa-press.net\/africa-home\/sites\/67\/2026\/02\/sm_1772194613.414066.jpg\",\"width\":1556,\"height\":1167,\"caption\":\"Que Re\u0301ve\u0300lent ces Limogeages sur le Pouvoir au Soudan du Sud?\"},{\"@type\":\"BreadcrumbList\",\"@id\":\"https:\/\/www.africa-press.net\/fr\/articles\/que-revelent-ces-limogeages-sur-le-pouvoir-au-soudan-du-sud#breadcrumb\",\"itemListElement\":[{\"@type\":\"ListItem\",\"position\":1,\"name\":\"Home\",\"item\":\"https:\/\/www.africa-press.net\/fr\/\"},{\"@type\":\"ListItem\",\"position\":2,\"name\":\"Que Re\u0301ve\u0300lent ces Limogeages sur le Pouvoir au Soudan du Sud?\"}]},{\"@type\":\"WebSite\",\"@id\":\"https:\/\/www.africa-press.net\/fr\/#website\",\"url\":\"https:\/\/www.africa-press.net\/fr\/\",\"name\":\"Africa Press France\",\"description\":\"\u0623\u0648\u0644 \u0645\u0648\u0642\u0639 \u0625\u0641\u0631\u064a\u0642\u064a \u064a\u0643\u062a\u0628 \u0628\u0644\u063a\u0629 \u0628\u0644\u062f\u0627\u0646\u0647\",\"potentialAction\":[{\"@type\":\"SearchAction\",\"target\":{\"@type\":\"EntryPoint\",\"urlTemplate\":\"https:\/\/www.africa-press.net\/fr\/?s={search_term_string}\"},\"query-input\":{\"@type\":\"PropertyValueSpecification\",\"valueRequired\":true,\"valueName\":\"search_term_string\"}}],\"inLanguage\":\"en-US\"},{\"@type\":\"Person\",\"@id\":\"https:\/\/www.africa-press.net\/fr\/#\/schema\/person\/2b1cf3cd81a31e3cd26889ca66d677f1\",\"name\":\"cfeditorfr\"}]}<\/script>\n<!-- \/ Yoast SEO Premium plugin. -->","yoast_head_json":{"title":"Que Re\u0301ve\u0300lent ces Limogeages sur le Pouvoir au Soudan du Sud? - Africa Press France","description":"Les r\u00e9centes r\u00e9vocations minist\u00e9rielles au Soudan du Sud soul\u00e8vent des questions sur la stabilit\u00e9 politique et \u00e9conomique du","robots":{"index":"index","follow":"follow","max-snippet":"max-snippet:-1","max-image-preview":"max-image-preview:large","max-video-preview":"max-video-preview:-1"},"canonical":"https:\/\/www.africa-press.net\/fr\/articles\/que-revelent-ces-limogeages-sur-le-pouvoir-au-soudan-du-sud","og_locale":"en_US","og_type":"article","og_title":"Que Re\u0301ve\u0300lent ces Limogeages sur le Pouvoir au Soudan du Sud?","og_description":"Les r\u00e9centes r\u00e9vocations minist\u00e9rielles au Soudan du Sud soul\u00e8vent des questions sur la stabilit\u00e9 politique et \u00e9conomique du","og_url":"https:\/\/www.africa-press.net\/fr\/articles\/que-revelent-ces-limogeages-sur-le-pouvoir-au-soudan-du-sud","og_site_name":"Africa Press France","article_published_time":"2026-02-25T11:30:19+00:00","article_modified_time":"2026-02-27T12:18:32+00:00","og_image":[{"width":1556,"height":1167,"url":"https:\/\/static.africa-press.net\/africa-home\/sites\/67\/2026\/02\/sm_1772194613.414066.jpg","type":"image\/jpeg"}],"author":"cfeditorfr","twitter_card":"summary_large_image","twitter_misc":{"Written by":"cfeditorfr","Est. reading time":"4 minutes"},"schema":{"@context":"https:\/\/schema.org","@graph":[{"@type":"Article","@id":"https:\/\/www.africa-press.net\/fr\/articles\/que-revelent-ces-limogeages-sur-le-pouvoir-au-soudan-du-sud#article","isPartOf":{"@id":"https:\/\/www.africa-press.net\/fr\/articles\/que-revelent-ces-limogeages-sur-le-pouvoir-au-soudan-du-sud"},"author":{"name":"cfeditorfr","@id":"https:\/\/www.africa-press.net\/fr\/#\/schema\/person\/2b1cf3cd81a31e3cd26889ca66d677f1"},"headline":"Que Re\u0301ve\u0300lent ces Limogeages sur le Pouvoir au Soudan du Sud?","datePublished":"2026-02-25T11:30:19+00:00","dateModified":"2026-02-27T12:18:32+00:00","mainEntityOfPage":{"@id":"https:\/\/www.africa-press.net\/fr\/articles\/que-revelent-ces-limogeages-sur-le-pouvoir-au-soudan-du-sud"},"wordCount":814,"commentCount":0,"image":{"@id":"https:\/\/www.africa-press.net\/fr\/articles\/que-revelent-ces-limogeages-sur-le-pouvoir-au-soudan-du-sud#primaryimage"},"thumbnailUrl":"https:\/\/static.africa-press.net\/africa-home\/sites\/67\/2026\/02\/sm_1772194613.414066.jpg","keywords":["economic crisis","government","l\u2019Afrique","leadership changes","political instability","Sudan"],"articleSection":["Articles"],"inLanguage":"en-US","potentialAction":[{"@type":"CommentAction","name":"Comment","target":["https:\/\/www.africa-press.net\/fr\/articles\/que-revelent-ces-limogeages-sur-le-pouvoir-au-soudan-du-sud#respond"]}]},{"@type":"WebPage","@id":"https:\/\/www.africa-press.net\/fr\/articles\/que-revelent-ces-limogeages-sur-le-pouvoir-au-soudan-du-sud","url":"https:\/\/www.africa-press.net\/fr\/articles\/que-revelent-ces-limogeages-sur-le-pouvoir-au-soudan-du-sud","name":"Que Re\u0301ve\u0300lent ces Limogeages sur le Pouvoir au Soudan du Sud? - Africa Press France","isPartOf":{"@id":"https:\/\/www.africa-press.net\/fr\/#website"},"primaryImageOfPage":{"@id":"https:\/\/www.africa-press.net\/fr\/articles\/que-revelent-ces-limogeages-sur-le-pouvoir-au-soudan-du-sud#primaryimage"},"image":{"@id":"https:\/\/www.africa-press.net\/fr\/articles\/que-revelent-ces-limogeages-sur-le-pouvoir-au-soudan-du-sud#primaryimage"},"thumbnailUrl":"https:\/\/static.africa-press.net\/africa-home\/sites\/67\/2026\/02\/sm_1772194613.414066.jpg","datePublished":"2026-02-25T11:30:19+00:00","dateModified":"2026-02-27T12:18:32+00:00","author":{"@id":"https:\/\/www.africa-press.net\/fr\/#\/schema\/person\/2b1cf3cd81a31e3cd26889ca66d677f1"},"description":"Les r\u00e9centes r\u00e9vocations minist\u00e9rielles au Soudan du Sud soul\u00e8vent des questions sur la stabilit\u00e9 politique et \u00e9conomique du","breadcrumb":{"@id":"https:\/\/www.africa-press.net\/fr\/articles\/que-revelent-ces-limogeages-sur-le-pouvoir-au-soudan-du-sud#breadcrumb"},"inLanguage":"en-US","potentialAction":[{"@type":"ReadAction","target":["https:\/\/www.africa-press.net\/fr\/articles\/que-revelent-ces-limogeages-sur-le-pouvoir-au-soudan-du-sud"]}]},{"@type":"ImageObject","inLanguage":"en-US","@id":"https:\/\/www.africa-press.net\/fr\/articles\/que-revelent-ces-limogeages-sur-le-pouvoir-au-soudan-du-sud#primaryimage","url":"https:\/\/static.africa-press.net\/africa-home\/sites\/67\/2026\/02\/sm_1772194613.414066.jpg","contentUrl":"https:\/\/static.africa-press.net\/africa-home\/sites\/67\/2026\/02\/sm_1772194613.414066.jpg","width":1556,"height":1167,"caption":"Que Re\u0301ve\u0300lent ces Limogeages sur le Pouvoir au Soudan du Sud?"},{"@type":"BreadcrumbList","@id":"https:\/\/www.africa-press.net\/fr\/articles\/que-revelent-ces-limogeages-sur-le-pouvoir-au-soudan-du-sud#breadcrumb","itemListElement":[{"@type":"ListItem","position":1,"name":"Home","item":"https:\/\/www.africa-press.net\/fr\/"},{"@type":"ListItem","position":2,"name":"Que Re\u0301ve\u0300lent ces Limogeages sur le Pouvoir au Soudan du Sud?"}]},{"@type":"WebSite","@id":"https:\/\/www.africa-press.net\/fr\/#website","url":"https:\/\/www.africa-press.net\/fr\/","name":"Africa Press France","description":"\u0623\u0648\u0644 \u0645\u0648\u0642\u0639 \u0625\u0641\u0631\u064a\u0642\u064a \u064a\u0643\u062a\u0628 \u0628\u0644\u063a\u0629 \u0628\u0644\u062f\u0627\u0646\u0647","potentialAction":[{"@type":"SearchAction","target":{"@type":"EntryPoint","urlTemplate":"https:\/\/www.africa-press.net\/fr\/?s={search_term_string}"},"query-input":{"@type":"PropertyValueSpecification","valueRequired":true,"valueName":"search_term_string"}}],"inLanguage":"en-US"},{"@type":"Person","@id":"https:\/\/www.africa-press.net\/fr\/#\/schema\/person\/2b1cf3cd81a31e3cd26889ca66d677f1","name":"cfeditorfr"}]}},"_links":{"self":[{"href":"https:\/\/www.africa-press.net\/fr\/wp-json\/wp\/v2\/posts\/4975","targetHints":{"allow":["GET"]}}],"collection":[{"href":"https:\/\/www.africa-press.net\/fr\/wp-json\/wp\/v2\/posts"}],"about":[{"href":"https:\/\/www.africa-press.net\/fr\/wp-json\/wp\/v2\/types\/post"}],"author":[{"embeddable":true,"href":"https:\/\/www.africa-press.net\/fr\/wp-json\/wp\/v2\/users\/82"}],"replies":[{"embeddable":true,"href":"https:\/\/www.africa-press.net\/fr\/wp-json\/wp\/v2\/comments?post=4975"}],"version-history":[{"count":0,"href":"https:\/\/www.africa-press.net\/fr\/wp-json\/wp\/v2\/posts\/4975\/revisions"}],"wp:featuredmedia":[{"embeddable":true,"href":"https:\/\/www.africa-press.net\/fr\/wp-json\/wp\/v2\/media\/4973"}],"wp:attachment":[{"href":"https:\/\/www.africa-press.net\/fr\/wp-json\/wp\/v2\/media?parent=4975"}],"wp:term":[{"taxonomy":"category","embeddable":true,"href":"https:\/\/www.africa-press.net\/fr\/wp-json\/wp\/v2\/categories?post=4975"},{"taxonomy":"post_tag","embeddable":true,"href":"https:\/\/www.africa-press.net\/fr\/wp-json\/wp\/v2\/tags?post=4975"}],"curies":[{"name":"wp","href":"https:\/\/api.w.org\/{rel}","templated":true}]}}